{"id":105764,"date":"2022-12-02T18:52:50","date_gmt":"2022-12-02T21:52:50","guid":{"rendered":"https:\/\/noticiasmercedinas.com\/site\/?p=105764"},"modified":"2022-12-02T18:52:50","modified_gmt":"2022-12-02T21:52:50","slug":"rectorado-anuncio-actividades-centrales-por-el-50o-aniversario-de-la-unlu","status":"publish","type":"post","link":"https:\/\/noticiasmercedinas.com\/site\/2022\/12\/02\/rectorado-anuncio-actividades-centrales-por-el-50o-aniversario-de-la-unlu\/","title":{"rendered":"Rectorado anunci\u00f3 actividades centrales por el 50\u00ba Aniversario de la UNLu"},"content":{"rendered":"<p><img loading=\"lazy\" decoding=\"async\" class=\"alignnone size-full wp-image-105765\" src=\"https:\/\/noticiasmercedinas.com\/site\/wp-content\/uploads\/2022\/12\/unnamed-2.jpg\" alt=\"\" width=\"640\" height=\"480\" srcset=\"https:\/\/noticiasmercedinas.com\/site\/wp-content\/uploads\/2022\/12\/unnamed-2.jpg 640w, https:\/\/noticiasmercedinas.com\/site\/wp-content\/uploads\/2022\/12\/unnamed-2-300x225.jpg 300w, https:\/\/noticiasmercedinas.com\/site\/wp-content\/uploads\/2022\/12\/unnamed-2-80x60.jpg 80w, https:\/\/noticiasmercedinas.com\/site\/wp-content\/uploads\/2022\/12\/unnamed-2-160x120.jpg 160w, https:\/\/noticiasmercedinas.com\/site\/wp-content\/uploads\/2022\/12\/unnamed-2-100x75.jpg 100w, https:\/\/noticiasmercedinas.com\/site\/wp-content\/uploads\/2022\/12\/unnamed-2-200x150.jpg 200w, https:\/\/noticiasmercedinas.com\/site\/wp-content\/uploads\/2022\/12\/unnamed-2-180x135.jpg 180w, https:\/\/noticiasmercedinas.com\/site\/wp-content\/uploads\/2022\/12\/unnamed-2-360x270.jpg 360w, https:\/\/noticiasmercedinas.com\/site\/wp-content\/uploads\/2022\/12\/unnamed-2-238x178.jpg 238w, https:\/\/noticiasmercedinas.com\/site\/wp-content\/uploads\/2022\/12\/unnamed-2-476x356.jpg 476w\" sizes=\"auto, (max-width: 640px) 100vw, 640px\" \/><\/p>\n<p>El Rectorado de la Universidad Nacional de Luj\u00e1n inform\u00f3 las Actividades Centrales por el 50\u00ba Aniversario de la Creaci\u00f3n de la UNLu, que se realizar\u00e1n entre el viernes 12 y el martes 20 de diciembre.<\/p>\n<p>Las celebraciones se desarrollar\u00e1n de acuerdo al siguiente programa:<\/p>\n<p>&#8211; Viernes 16 de diciembre, 18.30 horas: 137\u00ba Colaci\u00f3n de Grados desde la Reapertura. \u201cColaci\u00f3n del Cincuentenario\u201d. Sede Central de la UNLu.<\/p>\n<p>&#8211; S\u00e1bado 17 de diciembre, 21 horas: \u201cConcierto de Campanas\u201d en la Plaza Belgrano de la ciudad de Luj\u00e1n, con la participaci\u00f3n de la Municipalidad de Luj\u00e1n, la Bas\u00edlica Nacional y el Complejo Museogr\u00e1fico Enrique Udaondo. A cargo de los artistas espa\u00f1oles Llorens Barber y Montserrat Palacios.<\/p>\n<p>&#8211; Martes 20 de diciembre:<\/p>\n<p>19 horas: Acto Central Cincuentenario. Reconocimiento 15 y 25 a\u00f1os de servicios y Reconocimiento al Compromiso Institucional. Primera Etapa \u201cMuestra Espacio Institucional de la Memoria\u201d . Proyecto \u201cHistoria y memoria. Organizaci\u00f3n y puesta en valor de una colecci\u00f3n de documentos de la Universidad Nacional de Luj\u00e1n\u201d.<\/p>\n<p>20 horas: C\u00f3ctel 50\u00ba Aniversario. Gimnasio de la Sede Central.<\/p>\n<p>Men\u00fa: Recepci\u00f3n &#8211; Servicio de C\u00f3ctel &#8211; Men\u00fa principal &#8211; Postre y Torta aleg\u00f3rica &#8211; Barras tem\u00e1ticas &#8211; Brindis de Fin de a\u00f1o con champagne y mesa dulce.<\/p>\n<p>Presentaci\u00f3n de Talleres Culturales &#8211; Show musical.<\/p>\n<p>Valor Simb\u00f3lico de las tarjetas: $1001 (a partir de 5 a\u00f1os de edad inclusive).<\/p>\n<p>Este valor simb\u00f3lico se establece s\u00f3lo a los fines de su reserva y se podr\u00e1 descontar de los haberes hasta en un m\u00e1ximo de 2 cuotas a partir de febrero de 2023.<\/p>\n<p>Reservas: Direcci\u00f3n de Gesti\u00f3n de Rectorado: sprivada@unlu.edu.ar<br \/>\n&#8211; Centros Regionales:, Delegaci\u00f3n y Sede CABA: Consultar en Direcci\u00f3n.<br \/>\n&#8211; Alumnos y personal sin relaci\u00f3n de dependencia: Secretar\u00eda de Bienestar Universitario y Asuntos Estudiantiles Sede Central \u2013 Interno 1357 \u2013 Lic. Luciano Quarenta. Se deber\u00e1 realizar transferencia al CBU de la UNLu (0110032720003227773735 \u2013 Alias FAUNA.PORTON.SABADO) y retirar las tarjetas contra entrega de comprobante.<\/p>\n<p>Se ruega reservar las tarjetas con anticipaci\u00f3n y solo hasta el 12 de diciembre.<\/p>\n","protected":false},"excerpt":{"rendered":"<p>El Rectorado de la Universidad Nacional de Luj\u00e1n inform\u00f3 las Actividades Centrales por el 50\u00ba Aniversario de la Creaci\u00f3n de la UNLu, que se realizar\u00e1n entre el viernes 12 y el martes 20 de diciembre. Las celebraciones se desarrollar\u00e1n de acuerdo al siguiente programa: &#8211; Viernes 16 de diciembre, 18.30 horas: 137\u00ba Colaci\u00f3n de Grados [&hellip;]<\/p>\n","protected":false},"author":16,"featured_media":105765,"comment_status":"open","ping_status":"open","sticky":false,"template":"","format":"standard","meta":{"footnotes":""},"categories":[139],"tags":[40,335,116],"class_list":["post-105764","post","type-post","status-publish","format-standard","has-post-thumbnail","hentry","category-regionales","tag-lujan","tag-universidad","tag-unlu"],"yoast_head":"<!-- This site is optimized with the Yoast SEO plugin v27.4 - https:\/\/yoast.com\/product\/yoast-seo-wordpress\/ -->\n<title>Rectorado anunci\u00f3 actividades centrales por el 50\u00ba Aniversario de la UNLu<\/title>\n<meta name=\"robots\" content=\"index, follow, max-snippet:-1, max-image-preview:large, max-video-preview:-1\" \/>\n<link rel=\"canonical\" href=\"https:\/\/noticiasmercedinas.com\/site\/2022\/12\/02\/rectorado-anuncio-actividades-centrales-por-el-50o-aniversario-de-la-unlu\/\" \/>\n<meta property=\"og:locale\" content=\"es_ES\" \/>\n<meta property=\"og:type\" content=\"article\" \/>\n<meta property=\"og:title\" content=\"Rectorado anunci\u00f3 actividades centrales por el 50\u00ba Aniversario de la UNLu\" \/>\n<meta property=\"og:description\" content=\"El Rectorado de la Universidad Nacional de Luj\u00e1n inform\u00f3 las Actividades Centrales por el 50\u00ba Aniversario de la Creaci\u00f3n de la UNLu, que se realizar\u00e1n entre el viernes 12 y el martes 20 de diciembre. Las celebraciones se desarrollar\u00e1n de acuerdo al siguiente programa: &#8211; Viernes 16 de diciembre, 18.30 horas: 137\u00ba Colaci\u00f3n de Grados [&hellip;]\" \/>\n<meta property=\"og:url\" content=\"https:\/\/noticiasmercedinas.com\/site\/2022\/12\/02\/rectorado-anuncio-actividades-centrales-por-el-50o-aniversario-de-la-unlu\/\" \/>\n<meta property=\"og:site_name\" content=\"NOTICIASMERCEDINAS.COM\" \/>\n<meta property=\"article:publisher\" content=\"https:\/\/www.facebook.com\/noticiasmercedinas\/\" \/>\n<meta property=\"article:published_time\" content=\"2022-12-02T21:52:50+00:00\" \/>\n<meta property=\"og:image\" content=\"https:\/\/noticiasmercedinas.com\/site\/wp-content\/uploads\/2022\/12\/unnamed-2.jpg\" \/>\n\t<meta property=\"og:image:width\" content=\"640\" \/>\n\t<meta property=\"og:image:height\" content=\"480\" \/>\n\t<meta property=\"og:image:type\" content=\"image\/jpeg\" \/>\n<meta name=\"author\" content=\"NOTICIASMERCEDINAS.COM\" \/>\n<meta name=\"twitter:card\" content=\"summary_large_image\" \/>\n<meta name=\"twitter:creator\" content=\"@notmercedinas\" \/>\n<meta name=\"twitter:site\" content=\"@notmercedinas\" \/>\n<meta name=\"twitter:label1\" content=\"Escrito por\" \/>\n\t<meta name=\"twitter:data1\" content=\"NOTICIASMERCEDINAS.COM\" \/>\n\t<meta name=\"twitter:label2\" content=\"Tiempo de lectura\" \/>\n\t<meta name=\"twitter:data2\" content=\"2 minutos\" \/>\n<script type=\"application\/ld+json\" class=\"yoast-schema-graph\">{\"@context\":\"https:\\\/\\\/schema.org\",\"@graph\":[{\"@type\":\"Article\",\"@id\":\"https:\\\/\\\/noticiasmercedinas.com\\\/site\\\/2022\\\/12\\\/02\\\/rectorado-anuncio-actividades-centrales-por-el-50o-aniversario-de-la-unlu\\\/#article\",\"isPartOf\":{\"@id\":\"https:\\\/\\\/noticiasmercedinas.com\\\/site\\\/2022\\\/12\\\/02\\\/rectorado-anuncio-actividades-centrales-por-el-50o-aniversario-de-la-unlu\\\/\"},\"author\":{\"name\":\"NOTICIASMERCEDINAS.COM\",\"@id\":\"https:\\\/\\\/noticiasmercedinas.com\\\/site\\\/#\\\/schema\\\/person\\\/84b59c099c28ff2e8b77d4ceec5d8063\"},\"headline\":\"Rectorado anunci\u00f3 actividades centrales por el 50\u00ba Aniversario de la UNLu\",\"datePublished\":\"2022-12-02T21:52:50+00:00\",\"mainEntityOfPage\":{\"@id\":\"https:\\\/\\\/noticiasmercedinas.com\\\/site\\\/2022\\\/12\\\/02\\\/rectorado-anuncio-actividades-centrales-por-el-50o-aniversario-de-la-unlu\\\/\"},\"wordCount\":357,\"commentCount\":0,\"publisher\":{\"@id\":\"https:\\\/\\\/noticiasmercedinas.com\\\/site\\\/#organization\"},\"image\":{\"@id\":\"https:\\\/\\\/noticiasmercedinas.com\\\/site\\\/2022\\\/12\\\/02\\\/rectorado-anuncio-actividades-centrales-por-el-50o-aniversario-de-la-unlu\\\/#primaryimage\"},\"thumbnailUrl\":\"https:\\\/\\\/noticiasmercedinas.com\\\/site\\\/wp-content\\\/uploads\\\/2022\\\/12\\\/unnamed-2.jpg\",\"keywords\":[\"lujan\",\"universidad\",\"unlu\"],\"articleSection\":[\"Regionales\"],\"inLanguage\":\"es\",\"potentialAction\":[{\"@type\":\"CommentAction\",\"name\":\"Comment\",\"target\":[\"https:\\\/\\\/noticiasmercedinas.com\\\/site\\\/2022\\\/12\\\/02\\\/rectorado-anuncio-actividades-centrales-por-el-50o-aniversario-de-la-unlu\\\/#respond\"]}]},{\"@type\":\"WebPage\",\"@id\":\"https:\\\/\\\/noticiasmercedinas.com\\\/site\\\/2022\\\/12\\\/02\\\/rectorado-anuncio-actividades-centrales-por-el-50o-aniversario-de-la-unlu\\\/\",\"url\":\"https:\\\/\\\/noticiasmercedinas.com\\\/site\\\/2022\\\/12\\\/02\\\/rectorado-anuncio-actividades-centrales-por-el-50o-aniversario-de-la-unlu\\\/\",\"name\":\"Rectorado anunci\u00f3 actividades centrales por el 50\u00ba Aniversario de la UNLu\",\"isPartOf\":{\"@id\":\"https:\\\/\\\/noticiasmercedinas.com\\\/site\\\/#website\"},\"primaryImageOfPage\":{\"@id\":\"https:\\\/\\\/noticiasmercedinas.com\\\/site\\\/2022\\\/12\\\/02\\\/rectorado-anuncio-actividades-centrales-por-el-50o-aniversario-de-la-unlu\\\/#primaryimage\"},\"image\":{\"@id\":\"https:\\\/\\\/noticiasmercedinas.com\\\/site\\\/2022\\\/12\\\/02\\\/rectorado-anuncio-actividades-centrales-por-el-50o-aniversario-de-la-unlu\\\/#primaryimage\"},\"thumbnailUrl\":\"https:\\\/\\\/noticiasmercedinas.com\\\/site\\\/wp-content\\\/uploads\\\/2022\\\/12\\\/unnamed-2.jpg\",\"datePublished\":\"2022-12-02T21:52:50+00:00\",\"breadcrumb\":{\"@id\":\"https:\\\/\\\/noticiasmercedinas.com\\\/site\\\/2022\\\/12\\\/02\\\/rectorado-anuncio-actividades-centrales-por-el-50o-aniversario-de-la-unlu\\\/#breadcrumb\"},\"inLanguage\":\"es\",\"potentialAction\":[{\"@type\":\"ReadAction\",\"target\":[\"https:\\\/\\\/noticiasmercedinas.com\\\/site\\\/2022\\\/12\\\/02\\\/rectorado-anuncio-actividades-centrales-por-el-50o-aniversario-de-la-unlu\\\/\"]}]},{\"@type\":\"ImageObject\",\"inLanguage\":\"es\",\"@id\":\"https:\\\/\\\/noticiasmercedinas.com\\\/site\\\/2022\\\/12\\\/02\\\/rectorado-anuncio-actividades-centrales-por-el-50o-aniversario-de-la-unlu\\\/#primaryimage\",\"url\":\"https:\\\/\\\/noticiasmercedinas.com\\\/site\\\/wp-content\\\/uploads\\\/2022\\\/12\\\/unnamed-2.jpg\",\"contentUrl\":\"https:\\\/\\\/noticiasmercedinas.com\\\/site\\\/wp-content\\\/uploads\\\/2022\\\/12\\\/unnamed-2.jpg\",\"width\":640,\"height\":480},{\"@type\":\"BreadcrumbList\",\"@id\":\"https:\\\/\\\/noticiasmercedinas.com\\\/site\\\/2022\\\/12\\\/02\\\/rectorado-anuncio-actividades-centrales-por-el-50o-aniversario-de-la-unlu\\\/#breadcrumb\",\"itemListElement\":[{\"@type\":\"ListItem\",\"position\":1,\"name\":\"Portada\",\"item\":\"https:\\\/\\\/noticiasmercedinas.com\\\/site\\\/\"},{\"@type\":\"ListItem\",\"position\":2,\"name\":\"Rectorado anunci\u00f3 actividades centrales por el 50\u00ba Aniversario de la UNLu\"}]},{\"@type\":\"WebSite\",\"@id\":\"https:\\\/\\\/noticiasmercedinas.com\\\/site\\\/#website\",\"url\":\"https:\\\/\\\/noticiasmercedinas.com\\\/site\\\/\",\"name\":\"NOTICIASMERCEDINAS.COM\",\"description\":\"Mercedes, Buenos Aires, Argentina\",\"publisher\":{\"@id\":\"https:\\\/\\\/noticiasmercedinas.com\\\/site\\\/#organization\"},\"potentialAction\":[{\"@type\":\"SearchAction\",\"target\":{\"@type\":\"EntryPoint\",\"urlTemplate\":\"https:\\\/\\\/noticiasmercedinas.com\\\/site\\\/?s={search_term_string}\"},\"query-input\":{\"@type\":\"PropertyValueSpecification\",\"valueRequired\":true,\"valueName\":\"search_term_string\"}}],\"inLanguage\":\"es\"},{\"@type\":\"Organization\",\"@id\":\"https:\\\/\\\/noticiasmercedinas.com\\\/site\\\/#organization\",\"name\":\"NOTICIASMERCEDINAS.COM\",\"url\":\"https:\\\/\\\/noticiasmercedinas.com\\\/site\\\/\",\"logo\":{\"@type\":\"ImageObject\",\"inLanguage\":\"es\",\"@id\":\"https:\\\/\\\/noticiasmercedinas.com\\\/site\\\/#\\\/schema\\\/logo\\\/image\\\/\",\"url\":\"https:\\\/\\\/noticiasmercedinas.com\\\/site\\\/wp-content\\\/uploads\\\/2020\\\/06\\\/LOGO-512.jpg\",\"contentUrl\":\"https:\\\/\\\/noticiasmercedinas.com\\\/site\\\/wp-content\\\/uploads\\\/2020\\\/06\\\/LOGO-512.jpg\",\"width\":512,\"height\":512,\"caption\":\"NOTICIASMERCEDINAS.COM\"},\"image\":{\"@id\":\"https:\\\/\\\/noticiasmercedinas.com\\\/site\\\/#\\\/schema\\\/logo\\\/image\\\/\"},\"sameAs\":[\"https:\\\/\\\/www.facebook.com\\\/noticiasmercedinas\\\/\",\"https:\\\/\\\/x.com\\\/notmercedinas\",\"https:\\\/\\\/www.instagram.com\\\/noticiasmercedinas\\\/\"]},{\"@type\":\"Person\",\"@id\":\"https:\\\/\\\/noticiasmercedinas.com\\\/site\\\/#\\\/schema\\\/person\\\/84b59c099c28ff2e8b77d4ceec5d8063\",\"name\":\"NOTICIASMERCEDINAS.COM\",\"image\":{\"@type\":\"ImageObject\",\"inLanguage\":\"es\",\"@id\":\"https:\\\/\\\/secure.gravatar.com\\\/avatar\\\/4dfbf16b4d17945bfb6341b2d19043457132fcf478a5ee04f42e959fd8f5df0a?s=96&d=mm&r=g\",\"url\":\"https:\\\/\\\/secure.gravatar.com\\\/avatar\\\/4dfbf16b4d17945bfb6341b2d19043457132fcf478a5ee04f42e959fd8f5df0a?s=96&d=mm&r=g\",\"contentUrl\":\"https:\\\/\\\/secure.gravatar.com\\\/avatar\\\/4dfbf16b4d17945bfb6341b2d19043457132fcf478a5ee04f42e959fd8f5df0a?s=96&d=mm&r=g\",\"caption\":\"NOTICIASMERCEDINAS.COM\"},\"url\":\"https:\\\/\\\/noticiasmercedinas.com\\\/site\\\/author\\\/anonimo\\\/\"}]}<\/script>\n<!-- \/ Yoast SEO plugin. -->","yoast_head_json":{"title":"Rectorado anunci\u00f3 actividades centrales por el 50\u00ba Aniversario de la UNLu","robots":{"index":"index","follow":"follow","max-snippet":"max-snippet:-1","max-image-preview":"max-image-preview:large","max-video-preview":"max-video-preview:-1"},"canonical":"https:\/\/noticiasmercedinas.com\/site\/2022\/12\/02\/rectorado-anuncio-actividades-centrales-por-el-50o-aniversario-de-la-unlu\/","og_locale":"es_ES","og_type":"article","og_title":"Rectorado anunci\u00f3 actividades centrales por el 50\u00ba Aniversario de la UNLu","og_description":"El Rectorado de la Universidad Nacional de Luj\u00e1n inform\u00f3 las Actividades Centrales por el 50\u00ba Aniversario de la Creaci\u00f3n de la UNLu, que se realizar\u00e1n entre el viernes 12 y el martes 20 de diciembre. Las celebraciones se desarrollar\u00e1n de acuerdo al siguiente programa: &#8211; Viernes 16 de diciembre, 18.30 horas: 137\u00ba Colaci\u00f3n de Grados [&hellip;]","og_url":"https:\/\/noticiasmercedinas.com\/site\/2022\/12\/02\/rectorado-anuncio-actividades-centrales-por-el-50o-aniversario-de-la-unlu\/","og_site_name":"NOTICIASMERCEDINAS.COM","article_publisher":"https:\/\/www.facebook.com\/noticiasmercedinas\/","article_published_time":"2022-12-02T21:52:50+00:00","og_image":[{"width":640,"height":480,"url":"https:\/\/noticiasmercedinas.com\/site\/wp-content\/uploads\/2022\/12\/unnamed-2.jpg","type":"image\/jpeg"}],"author":"NOTICIASMERCEDINAS.COM","twitter_card":"summary_large_image","twitter_creator":"@notmercedinas","twitter_site":"@notmercedinas","twitter_misc":{"Escrito por":"NOTICIASMERCEDINAS.COM","Tiempo de lectura":"2 minutos"},"schema":{"@context":"https:\/\/schema.org","@graph":[{"@type":"Article","@id":"https:\/\/noticiasmercedinas.com\/site\/2022\/12\/02\/rectorado-anuncio-actividades-centrales-por-el-50o-aniversario-de-la-unlu\/#article","isPartOf":{"@id":"https:\/\/noticiasmercedinas.com\/site\/2022\/12\/02\/rectorado-anuncio-actividades-centrales-por-el-50o-aniversario-de-la-unlu\/"},"author":{"name":"NOTICIASMERCEDINAS.COM","@id":"https:\/\/noticiasmercedinas.com\/site\/#\/schema\/person\/84b59c099c28ff2e8b77d4ceec5d8063"},"headline":"Rectorado anunci\u00f3 actividades centrales por el 50\u00ba Aniversario de la UNLu","datePublished":"2022-12-02T21:52:50+00:00","mainEntityOfPage":{"@id":"https:\/\/noticiasmercedinas.com\/site\/2022\/12\/02\/rectorado-anuncio-actividades-centrales-por-el-50o-aniversario-de-la-unlu\/"},"wordCount":357,"commentCount":0,"publisher":{"@id":"https:\/\/noticiasmercedinas.com\/site\/#organization"},"image":{"@id":"https:\/\/noticiasmercedinas.com\/site\/2022\/12\/02\/rectorado-anuncio-actividades-centrales-por-el-50o-aniversario-de-la-unlu\/#primaryimage"},"thumbnailUrl":"https:\/\/noticiasmercedinas.com\/site\/wp-content\/uploads\/2022\/12\/unnamed-2.jpg","keywords":["lujan","universidad","unlu"],"articleSection":["Regionales"],"inLanguage":"es","potentialAction":[{"@type":"CommentAction","name":"Comment","target":["https:\/\/noticiasmercedinas.com\/site\/2022\/12\/02\/rectorado-anuncio-actividades-centrales-por-el-50o-aniversario-de-la-unlu\/#respond"]}]},{"@type":"WebPage","@id":"https:\/\/noticiasmercedinas.com\/site\/2022\/12\/02\/rectorado-anuncio-actividades-centrales-por-el-50o-aniversario-de-la-unlu\/","url":"https:\/\/noticiasmercedinas.com\/site\/2022\/12\/02\/rectorado-anuncio-actividades-centrales-por-el-50o-aniversario-de-la-unlu\/","name":"Rectorado anunci\u00f3 actividades centrales por el 50\u00ba Aniversario de la UNLu","isPartOf":{"@id":"https:\/\/noticiasmercedinas.com\/site\/#website"},"primaryImageOfPage":{"@id":"https:\/\/noticiasmercedinas.com\/site\/2022\/12\/02\/rectorado-anuncio-actividades-centrales-por-el-50o-aniversario-de-la-unlu\/#primaryimage"},"image":{"@id":"https:\/\/noticiasmercedinas.com\/site\/2022\/12\/02\/rectorado-anuncio-actividades-centrales-por-el-50o-aniversario-de-la-unlu\/#primaryimage"},"thumbnailUrl":"https:\/\/noticiasmercedinas.com\/site\/wp-content\/uploads\/2022\/12\/unnamed-2.jpg","datePublished":"2022-12-02T21:52:50+00:00","breadcrumb":{"@id":"https:\/\/noticiasmercedinas.com\/site\/2022\/12\/02\/rectorado-anuncio-actividades-centrales-por-el-50o-aniversario-de-la-unlu\/#breadcrumb"},"inLanguage":"es","potentialAction":[{"@type":"ReadAction","target":["https:\/\/noticiasmercedinas.com\/site\/2022\/12\/02\/rectorado-anuncio-actividades-centrales-por-el-50o-aniversario-de-la-unlu\/"]}]},{"@type":"ImageObject","inLanguage":"es","@id":"https:\/\/noticiasmercedinas.com\/site\/2022\/12\/02\/rectorado-anuncio-actividades-centrales-por-el-50o-aniversario-de-la-unlu\/#primaryimage","url":"https:\/\/noticiasmercedinas.com\/site\/wp-content\/uploads\/2022\/12\/unnamed-2.jpg","contentUrl":"https:\/\/noticiasmercedinas.com\/site\/wp-content\/uploads\/2022\/12\/unnamed-2.jpg","width":640,"height":480},{"@type":"BreadcrumbList","@id":"https:\/\/noticiasmercedinas.com\/site\/2022\/12\/02\/rectorado-anuncio-actividades-centrales-por-el-50o-aniversario-de-la-unlu\/#breadcrumb","itemListElement":[{"@type":"ListItem","position":1,"name":"Portada","item":"https:\/\/noticiasmercedinas.com\/site\/"},{"@type":"ListItem","position":2,"name":"Rectorado anunci\u00f3 actividades centrales por el 50\u00ba Aniversario de la UNLu"}]},{"@type":"WebSite","@id":"https:\/\/noticiasmercedinas.com\/site\/#website","url":"https:\/\/noticiasmercedinas.com\/site\/","name":"NOTICIASMERCEDINAS.COM","description":"Mercedes, Buenos Aires, Argentina","publisher":{"@id":"https:\/\/noticiasmercedinas.com\/site\/#organization"},"potentialAction":[{"@type":"SearchAction","target":{"@type":"EntryPoint","urlTemplate":"https:\/\/noticiasmercedinas.com\/site\/?s={search_term_string}"},"query-input":{"@type":"PropertyValueSpecification","valueRequired":true,"valueName":"search_term_string"}}],"inLanguage":"es"},{"@type":"Organization","@id":"https:\/\/noticiasmercedinas.com\/site\/#organization","name":"NOTICIASMERCEDINAS.COM","url":"https:\/\/noticiasmercedinas.com\/site\/","logo":{"@type":"ImageObject","inLanguage":"es","@id":"https:\/\/noticiasmercedinas.com\/site\/#\/schema\/logo\/image\/","url":"https:\/\/noticiasmercedinas.com\/site\/wp-content\/uploads\/2020\/06\/LOGO-512.jpg","contentUrl":"https:\/\/noticiasmercedinas.com\/site\/wp-content\/uploads\/2020\/06\/LOGO-512.jpg","width":512,"height":512,"caption":"NOTICIASMERCEDINAS.COM"},"image":{"@id":"https:\/\/noticiasmercedinas.com\/site\/#\/schema\/logo\/image\/"},"sameAs":["https:\/\/www.facebook.com\/noticiasmercedinas\/","https:\/\/x.com\/notmercedinas","https:\/\/www.instagram.com\/noticiasmercedinas\/"]},{"@type":"Person","@id":"https:\/\/noticiasmercedinas.com\/site\/#\/schema\/person\/84b59c099c28ff2e8b77d4ceec5d8063","name":"NOTICIASMERCEDINAS.COM","image":{"@type":"ImageObject","inLanguage":"es","@id":"https:\/\/secure.gravatar.com\/avatar\/4dfbf16b4d17945bfb6341b2d19043457132fcf478a5ee04f42e959fd8f5df0a?s=96&d=mm&r=g","url":"https:\/\/secure.gravatar.com\/avatar\/4dfbf16b4d17945bfb6341b2d19043457132fcf478a5ee04f42e959fd8f5df0a?s=96&d=mm&r=g","contentUrl":"https:\/\/secure.gravatar.com\/avatar\/4dfbf16b4d17945bfb6341b2d19043457132fcf478a5ee04f42e959fd8f5df0a?s=96&d=mm&r=g","caption":"NOTICIASMERCEDINAS.COM"},"url":"https:\/\/noticiasmercedinas.com\/site\/author\/anonimo\/"}]}},"amp_enabled":true,"_links":{"self":[{"href":"https:\/\/noticiasmercedinas.com\/site\/wp-json\/wp\/v2\/posts\/105764","targetHints":{"allow":["GET"]}}],"collection":[{"href":"https:\/\/noticiasmercedinas.com\/site\/wp-json\/wp\/v2\/posts"}],"about":[{"href":"https:\/\/noticiasmercedinas.com\/site\/wp-json\/wp\/v2\/types\/post"}],"author":[{"embeddable":true,"href":"https:\/\/noticiasmercedinas.com\/site\/wp-json\/wp\/v2\/users\/16"}],"replies":[{"embeddable":true,"href":"https:\/\/noticiasmercedinas.com\/site\/wp-json\/wp\/v2\/comments?post=105764"}],"version-history":[{"count":1,"href":"https:\/\/noticiasmercedinas.com\/site\/wp-json\/wp\/v2\/posts\/105764\/revisions"}],"predecessor-version":[{"id":105766,"href":"https:\/\/noticiasmercedinas.com\/site\/wp-json\/wp\/v2\/posts\/105764\/revisions\/105766"}],"wp:featuredmedia":[{"embeddable":true,"href":"https:\/\/noticiasmercedinas.com\/site\/wp-json\/wp\/v2\/media\/105765"}],"wp:attachment":[{"href":"https:\/\/noticiasmercedinas.com\/site\/wp-json\/wp\/v2\/media?parent=105764"}],"wp:term":[{"taxonomy":"category","embeddable":true,"href":"https:\/\/noticiasmercedinas.com\/site\/wp-json\/wp\/v2\/categories?post=105764"},{"taxonomy":"post_tag","embeddable":true,"href":"https:\/\/noticiasmercedinas.com\/site\/wp-json\/wp\/v2\/tags?post=105764"}],"curies":[{"name":"wp","href":"https:\/\/api.w.org\/{rel}","templated":true}]}}