{"id":105813,"date":"2022-12-03T23:32:51","date_gmt":"2022-12-04T02:32:51","guid":{"rendered":"https:\/\/noticiasmercedinas.com\/site\/?p=105813"},"modified":"2022-12-03T23:34:15","modified_gmt":"2022-12-04T02:34:15","slug":"trabajadores-municipales-se-unen-y-piden-por-sus-derechos-laborales","status":"publish","type":"post","link":"https:\/\/noticiasmercedinas.com\/site\/2022\/12\/03\/trabajadores-municipales-se-unen-y-piden-por-sus-derechos-laborales\/","title":{"rendered":"Trabajadores municipales se unen y piden por sus derechos laborales"},"content":{"rendered":"<p><img loading=\"lazy\" decoding=\"async\" class=\"alignnone size-large wp-image-105814\" src=\"https:\/\/noticiasmercedinas.com\/site\/wp-content\/uploads\/2022\/12\/318102729_522049479968710_2334060202481152204_n-1024x461.jpg\" alt=\"\" width=\"640\" height=\"288\" srcset=\"https:\/\/noticiasmercedinas.com\/site\/wp-content\/uploads\/2022\/12\/318102729_522049479968710_2334060202481152204_n-1024x461.jpg 1024w, https:\/\/noticiasmercedinas.com\/site\/wp-content\/uploads\/2022\/12\/318102729_522049479968710_2334060202481152204_n-300x135.jpg 300w, https:\/\/noticiasmercedinas.com\/site\/wp-content\/uploads\/2022\/12\/318102729_522049479968710_2334060202481152204_n-768x346.jpg 768w, https:\/\/noticiasmercedinas.com\/site\/wp-content\/uploads\/2022\/12\/318102729_522049479968710_2334060202481152204_n-1536x691.jpg 1536w, https:\/\/noticiasmercedinas.com\/site\/wp-content\/uploads\/2022\/12\/318102729_522049479968710_2334060202481152204_n-640x288.jpg 640w, https:\/\/noticiasmercedinas.com\/site\/wp-content\/uploads\/2022\/12\/318102729_522049479968710_2334060202481152204_n-1280x576.jpg 1280w, https:\/\/noticiasmercedinas.com\/site\/wp-content\/uploads\/2022\/12\/318102729_522049479968710_2334060202481152204_n-681x306.jpg 681w, https:\/\/noticiasmercedinas.com\/site\/wp-content\/uploads\/2022\/12\/318102729_522049479968710_2334060202481152204_n-1362x613.jpg 1362w, https:\/\/noticiasmercedinas.com\/site\/wp-content\/uploads\/2022\/12\/318102729_522049479968710_2334060202481152204_n.jpg 1600w\" sizes=\"auto, (max-width: 640px) 100vw, 640px\" \/><\/p>\n<p>Los trabajadores municipales reclaman la creaci\u00f3n del Consejo Nacional del Empleo Municipal Decente, un Fondo de Reparaci\u00f3n Hist\u00f3rica del Empleo Municipal y el otorgamiento de una Compensaci\u00f3n Econ\u00f3mica Salarial, entre otras medidas, que fueron acordadas por parte de los secretarios generales, entre los que estuvo Evangelina Artaza, del Sindicato de Trabajadores Municipales de Mercedes.<\/p>\n<p>En este sentido, la mercedina dio a conocer el documento de la Confederaci\u00f3n de Trabajadores Municipales de la Rep\u00fablica Argentina aprobado en el plenario de Secretarios Generales de la FESIMUBO en Bol\u00edvar, en el d\u00eda de ayer. \u00abNing\u00fan municipal puede ganar menos de la canasta b\u00e1sica alimentaria total de 140000 pesos\u00bb, puntualiz\u00f3 Artaza.<\/p>\n<p>El texto completo es el siguiente:<\/p>\n<p><em>Desde la CTM, venimos reclamando medidas de fondo que pongan fin a las cr\u00edticas condiciones laborales y salariales que sufren los Trabajadores y las Trabajadoras Municipales, en actividad o pasividad, y sus familias en todo el pa\u00eds.<\/em><\/p>\n<p><em>Reclamamos estabilidad en el empleo, condiciones laborales dignas, discusi\u00f3n de Paritarias salariales d\u00f3nde se ubique al Trabajador y la Trabajadora como sujeto de Derechos y la concreci\u00f3n de Convenios Colectivos de Trabajo son las consignas b\u00e1sicas que venimos reclamando y que denominamos en su conjunto LA DIGNIDAD DEL EMPLEO MUNICIPAL.<\/em><\/p>\n<p><em>La Confederaci\u00f3n de Trabajadores Municipales de la Rep\u00fablica Argentina (CTM) representa a una enorme y basta mayor\u00eda de los m\u00e1s de novecientos mil (900.000) Trabajadores y Trabajadoras Municipales del pa\u00eds que, congregados a trav\u00e9s de sus Sindicatos de base y Federaciones en nuestra entidad, se encuentran diseminados en las m\u00e1s de dos mil trescientas (2.300) ciudades y comunas de todas las provincias con exclusi\u00f3n de la Ciudad Aut\u00f3noma de Buenos Aires.<\/em><\/p>\n<p><em>Sobre ese total de Trabajadores y Trabajadoras, m\u00e1s de setecientos mil (700.000) municipales perciben salarios por debajo de la Canasta B\u00e1sica Total que informa el INDEC. Estos n\u00fameros hablan por s\u00ed solos de la extrema fragilidad de los ingresos que perciben.<\/em><\/p>\n<blockquote><p>\u00abLos tiempos de la pol\u00edtica no son los tiempos de los trabajadores municipales que no llegan a fin de mes. Sino hay respuestas este 2023 nos encontrar\u00e1 en las calles a todos los trabajadores municipales de la Rep\u00fablica Argentina\u00bb<\/p><\/blockquote>\n<p><em>Para las trabajadoras y Trabajadores Municipales las consecuencias de las pol\u00edticas neoliberales de la d\u00e9cada de los noventa siguen vigentes.<\/em><\/p>\n<p><em>Los indigentes ingresos y las condiciones laborales paup\u00e9rrimas, entre otras, motiv\u00f3 la hist\u00f3rica marcha del 30 de Agosto de 2022, en la cual m\u00e1s de 20.000 compa\u00f1eros y compa\u00f1eras de los Sindicatos de base nucleados en la FEDERACI\u00d3N de SINDICATOS MUNICIPALES BONAERENSES (Fe.Si.Mu.Bo.) marcharon hasta la Casa de la Provincia de Buenos Aires reclamando por su DIGNIDAD como Trabajadores y Trabajadoras.<\/em><\/p>\n<p><em>Frente a la potencia de nuestros reclamos han surgido reacciones del poder pol\u00edtico a nivel nacional que tomaron nuestras demandas y se han expresado al respecto. Recordemos en primer lugar las palabras del Diputado Nacional M\u00e1ximo Kirchner en un encuentro de la militancia en Mor\u00f3n donde expres\u00f3: \u00ab&#8230; necesitamos encontrar la vuelta y mejorar el poder adquisitivo del empleado y la empleada municipal\u00bb. En consonancia, el Ministro de Econom\u00eda, Sergio Massa expres\u00f3 \u00abhay sectores de muy bajos ingresos, asalariados de muy bajos ingresos, por ejemplo los municipales. En la Argentina el 60% de los salarios menores a $ 120.000 son de empleados municipales. Cuando uno ve las cuentas de los municipios, observa que tienen miles de millones de pesos en plazo fijo y le pagan muy mal a sus empleados municipales.\u00bb. Y a su vez, el Presidente de la Naci\u00f3n, Alberto Fern\u00e1ndez, dijo: \u201c&#8230; cuando uno mira quienes ganan menos de $90.000 pesos el 60% son empleados municipales. Tenemos que abocarnos a distribuir de otro modo el ingreso\u00bb.<\/em><\/p>\n<p><em>Nosotros como Trabajadores y Trabajadoras Municipales vivimos a diario lo que describen los pol\u00edticos y desde la CTM hace a\u00f1os venimos denunciando esta situaci\u00f3n en donde existen Municipios ricos y Trabajadores y Trabajadoras con salarios de pobreza e indigencia. Compa\u00f1eros y compa\u00f1eras que est\u00e1n en la precariedad laboral y con ingresos de $ 16.000 al mes en algunos lugares, y a la vez municipales que tienen Estabilidad, ya <\/em><em>que pertenecen a Planta Permanente, pero sus ingresos no superan el umbral del \u00edndice de pobreza. Los y las Municipales exigimos respeto a su Dignidad como personas humanas y como Trabajadores y Trabajadoras sujetos de Derechos.<\/em><\/p>\n<p><em>Por este motivo, si bien celebramos que aquellos dirigentes hayan tomado conciencia de la grave situaci\u00f3n que atravesamos, consideramos que las palabras de diagn\u00f3stico de la situaci\u00f3n no alcanzan. Resulta imperioso que se tomen DECISIONES pol\u00edticas al m\u00e1s alto nivel para cortar de ra\u00edz esta INDIGNIDAD que vivimos.<\/em><\/p>\n<p><em>Los Trabajadores y las Trabajadoras Municipales deben ser reconocidos como la parte m\u00e1s importante que tiene un municipio para su funcionamiento y solicitamos una reparaci\u00f3n hist\u00f3rica por nuestras funciones y tareas que desarrollamos d\u00eda a d\u00eda a pesar del bajo reconocimiento que se nos tiene. Es por eso que consideramos menester crear \u00e1mbitos que garanticen la necesaria transparencia en la gesti\u00f3n de los recursos econ\u00f3micos municipales y garanticen el respeto a la relaci\u00f3n entre el Municipio empleador y sus Trabajadores y Trabajadoras.<\/em><\/p>\n<p><em>Por todo lo expuesto RECLAMAMOS el URGENTE OTORGAMIENTO DE UNA COMPENSACION ECONOMICA SALARIAL POR PARTE DEL ESTADO NACIONAL que tienda a recomponer el poder adquisitivo de los salarios de las Trabajadoras y Trabajadores Municipales de todo el Pa\u00eds.<\/em><\/p>\n<p><em>RECLAMAMOS la inmediata creaci\u00f3n del CONSEJO NACIONAL DEL EMPLEO MUNICIPAL DECENTE \u00e1mbito adecuado como espacio de di\u00e1logo, consensos y acciones que garanticen la DIGNIDAD a todos los Trabajadores y todas las Trabajadoras Municipales del Pa\u00eds.<\/em><\/p>\n<p><em>Solicitamos la creaci\u00f3n de un FONDO DE REPARACI\u00d3N HIST\u00d3RICA DEL EMPLEO MUNICIPAL que compense las desigualdades en el salario m\u00ednimo municipal que existen en determinadas jurisdicciones y posibilite poner en pie de igualdad a los y las municipales de todo el pa\u00eds.<\/em><\/p>\n<p><em>Bolivar (B.A.), 02 de Diciembre de 2022<\/em><\/p>\n<p><em>CONSEJO DIRECTIVO NACIONAL<\/em><\/p>\n<p>&nbsp;<\/p>\n","protected":false},"excerpt":{"rendered":"<p>\u25a0 Reclaman la creaci\u00f3n del Consejo Nacional del Empleo Municipal Decente, un Fondo de Reparaci\u00f3n Hist\u00f3rica del Empleo Municipal y el otorgamiento de una Compensaci\u00f3n Econ\u00f3mica Salarial,<\/p>\n","protected":false},"author":16,"featured_media":105814,"comment_status":"open","ping_status":"open","sticky":false,"template":"","format":"standard","meta":{"footnotes":""},"categories":[3],"tags":[10624,546],"class_list":["post-105813","post","type-post","status-publish","format-standard","has-post-thumbnail","hentry","category-sociedad","tag-ctm","tag-municipales"],"yoast_head":"<!-- This site is optimized with the Yoast SEO plugin v27.5 - https:\/\/yoast.com\/product\/yoast-seo-wordpress\/ -->\n<title>Trabajadores municipales se unen y piden por sus derechos laborales<\/title>\n<meta name=\"robots\" content=\"index, follow, max-snippet:-1, max-image-preview:large, max-video-preview:-1\" \/>\n<link rel=\"canonical\" href=\"https:\/\/noticiasmercedinas.com\/site\/2022\/12\/03\/trabajadores-municipales-se-unen-y-piden-por-sus-derechos-laborales\/\" \/>\n<meta property=\"og:locale\" content=\"es_ES\" \/>\n<meta property=\"og:type\" content=\"article\" \/>\n<meta property=\"og:title\" content=\"Trabajadores municipales se unen y piden por sus derechos laborales\" \/>\n<meta property=\"og:description\" content=\"\u25a0 Reclaman la creaci\u00f3n del Consejo Nacional del Empleo Municipal Decente, un Fondo de Reparaci\u00f3n Hist\u00f3rica del Empleo Municipal y el otorgamiento de una Compensaci\u00f3n Econ\u00f3mica Salarial,\" \/>\n<meta property=\"og:url\" content=\"https:\/\/noticiasmercedinas.com\/site\/2022\/12\/03\/trabajadores-municipales-se-unen-y-piden-por-sus-derechos-laborales\/\" \/>\n<meta property=\"og:site_name\" content=\"NOTICIASMERCEDINAS.COM\" \/>\n<meta property=\"article:publisher\" content=\"https:\/\/www.facebook.com\/noticiasmercedinas\/\" \/>\n<meta property=\"article:published_time\" content=\"2022-12-04T02:32:51+00:00\" \/>\n<meta property=\"article:modified_time\" content=\"2022-12-04T02:34:15+00:00\" \/>\n<meta property=\"og:image\" content=\"https:\/\/noticiasmercedinas.com\/site\/wp-content\/uploads\/2022\/12\/318102729_522049479968710_2334060202481152204_n.jpg\" \/>\n\t<meta property=\"og:image:width\" content=\"1600\" \/>\n\t<meta property=\"og:image:height\" content=\"720\" \/>\n\t<meta property=\"og:image:type\" content=\"image\/jpeg\" \/>\n<meta name=\"author\" content=\"NOTICIASMERCEDINAS.COM\" \/>\n<meta name=\"twitter:card\" content=\"summary_large_image\" \/>\n<meta name=\"twitter:creator\" content=\"@notmercedinas\" \/>\n<meta name=\"twitter:site\" content=\"@notmercedinas\" \/>\n<meta name=\"twitter:label1\" content=\"Escrito por\" \/>\n\t<meta name=\"twitter:data1\" content=\"NOTICIASMERCEDINAS.COM\" \/>\n\t<meta name=\"twitter:label2\" content=\"Tiempo de lectura\" \/>\n\t<meta name=\"twitter:data2\" content=\"5 minutos\" \/>\n<script type=\"application\/ld+json\" class=\"yoast-schema-graph\">{\"@context\":\"https:\\\/\\\/schema.org\",\"@graph\":[{\"@type\":\"Article\",\"@id\":\"https:\\\/\\\/noticiasmercedinas.com\\\/site\\\/2022\\\/12\\\/03\\\/trabajadores-municipales-se-unen-y-piden-por-sus-derechos-laborales\\\/#article\",\"isPartOf\":{\"@id\":\"https:\\\/\\\/noticiasmercedinas.com\\\/site\\\/2022\\\/12\\\/03\\\/trabajadores-municipales-se-unen-y-piden-por-sus-derechos-laborales\\\/\"},\"author\":{\"name\":\"NOTICIASMERCEDINAS.COM\",\"@id\":\"https:\\\/\\\/noticiasmercedinas.com\\\/site\\\/#\\\/schema\\\/person\\\/84b59c099c28ff2e8b77d4ceec5d8063\"},\"headline\":\"Trabajadores municipales se unen y piden por sus derechos laborales\",\"datePublished\":\"2022-12-04T02:32:51+00:00\",\"dateModified\":\"2022-12-04T02:34:15+00:00\",\"mainEntityOfPage\":{\"@id\":\"https:\\\/\\\/noticiasmercedinas.com\\\/site\\\/2022\\\/12\\\/03\\\/trabajadores-municipales-se-unen-y-piden-por-sus-derechos-laborales\\\/\"},\"wordCount\":1029,\"commentCount\":0,\"publisher\":{\"@id\":\"https:\\\/\\\/noticiasmercedinas.com\\\/site\\\/#organization\"},\"image\":{\"@id\":\"https:\\\/\\\/noticiasmercedinas.com\\\/site\\\/2022\\\/12\\\/03\\\/trabajadores-municipales-se-unen-y-piden-por-sus-derechos-laborales\\\/#primaryimage\"},\"thumbnailUrl\":\"https:\\\/\\\/noticiasmercedinas.com\\\/site\\\/wp-content\\\/uploads\\\/2022\\\/12\\\/318102729_522049479968710_2334060202481152204_n.jpg\",\"keywords\":[\"CTM\",\"municipales\"],\"articleSection\":[\"Sociedad\"],\"inLanguage\":\"es\",\"potentialAction\":[{\"@type\":\"CommentAction\",\"name\":\"Comment\",\"target\":[\"https:\\\/\\\/noticiasmercedinas.com\\\/site\\\/2022\\\/12\\\/03\\\/trabajadores-municipales-se-unen-y-piden-por-sus-derechos-laborales\\\/#respond\"]}]},{\"@type\":\"WebPage\",\"@id\":\"https:\\\/\\\/noticiasmercedinas.com\\\/site\\\/2022\\\/12\\\/03\\\/trabajadores-municipales-se-unen-y-piden-por-sus-derechos-laborales\\\/\",\"url\":\"https:\\\/\\\/noticiasmercedinas.com\\\/site\\\/2022\\\/12\\\/03\\\/trabajadores-municipales-se-unen-y-piden-por-sus-derechos-laborales\\\/\",\"name\":\"Trabajadores municipales se unen y piden por sus derechos laborales\",\"isPartOf\":{\"@id\":\"https:\\\/\\\/noticiasmercedinas.com\\\/site\\\/#website\"},\"primaryImageOfPage\":{\"@id\":\"https:\\\/\\\/noticiasmercedinas.com\\\/site\\\/2022\\\/12\\\/03\\\/trabajadores-municipales-se-unen-y-piden-por-sus-derechos-laborales\\\/#primaryimage\"},\"image\":{\"@id\":\"https:\\\/\\\/noticiasmercedinas.com\\\/site\\\/2022\\\/12\\\/03\\\/trabajadores-municipales-se-unen-y-piden-por-sus-derechos-laborales\\\/#primaryimage\"},\"thumbnailUrl\":\"https:\\\/\\\/noticiasmercedinas.com\\\/site\\\/wp-content\\\/uploads\\\/2022\\\/12\\\/318102729_522049479968710_2334060202481152204_n.jpg\",\"datePublished\":\"2022-12-04T02:32:51+00:00\",\"dateModified\":\"2022-12-04T02:34:15+00:00\",\"breadcrumb\":{\"@id\":\"https:\\\/\\\/noticiasmercedinas.com\\\/site\\\/2022\\\/12\\\/03\\\/trabajadores-municipales-se-unen-y-piden-por-sus-derechos-laborales\\\/#breadcrumb\"},\"inLanguage\":\"es\",\"potentialAction\":[{\"@type\":\"ReadAction\",\"target\":[\"https:\\\/\\\/noticiasmercedinas.com\\\/site\\\/2022\\\/12\\\/03\\\/trabajadores-municipales-se-unen-y-piden-por-sus-derechos-laborales\\\/\"]}]},{\"@type\":\"ImageObject\",\"inLanguage\":\"es\",\"@id\":\"https:\\\/\\\/noticiasmercedinas.com\\\/site\\\/2022\\\/12\\\/03\\\/trabajadores-municipales-se-unen-y-piden-por-sus-derechos-laborales\\\/#primaryimage\",\"url\":\"https:\\\/\\\/noticiasmercedinas.com\\\/site\\\/wp-content\\\/uploads\\\/2022\\\/12\\\/318102729_522049479968710_2334060202481152204_n.jpg\",\"contentUrl\":\"https:\\\/\\\/noticiasmercedinas.com\\\/site\\\/wp-content\\\/uploads\\\/2022\\\/12\\\/318102729_522049479968710_2334060202481152204_n.jpg\",\"width\":1600,\"height\":720},{\"@type\":\"BreadcrumbList\",\"@id\":\"https:\\\/\\\/noticiasmercedinas.com\\\/site\\\/2022\\\/12\\\/03\\\/trabajadores-municipales-se-unen-y-piden-por-sus-derechos-laborales\\\/#breadcrumb\",\"itemListElement\":[{\"@type\":\"ListItem\",\"position\":1,\"name\":\"Portada\",\"item\":\"https:\\\/\\\/noticiasmercedinas.com\\\/site\\\/\"},{\"@type\":\"ListItem\",\"position\":2,\"name\":\"Trabajadores municipales se unen y piden por sus derechos laborales\"}]},{\"@type\":\"WebSite\",\"@id\":\"https:\\\/\\\/noticiasmercedinas.com\\\/site\\\/#website\",\"url\":\"https:\\\/\\\/noticiasmercedinas.com\\\/site\\\/\",\"name\":\"NOTICIASMERCEDINAS.COM\",\"description\":\"Mercedes, Buenos Aires, Argentina\",\"publisher\":{\"@id\":\"https:\\\/\\\/noticiasmercedinas.com\\\/site\\\/#organization\"},\"potentialAction\":[{\"@type\":\"SearchAction\",\"target\":{\"@type\":\"EntryPoint\",\"urlTemplate\":\"https:\\\/\\\/noticiasmercedinas.com\\\/site\\\/?s={search_term_string}\"},\"query-input\":{\"@type\":\"PropertyValueSpecification\",\"valueRequired\":true,\"valueName\":\"search_term_string\"}}],\"inLanguage\":\"es\"},{\"@type\":\"Organization\",\"@id\":\"https:\\\/\\\/noticiasmercedinas.com\\\/site\\\/#organization\",\"name\":\"NOTICIASMERCEDINAS.COM\",\"url\":\"https:\\\/\\\/noticiasmercedinas.com\\\/site\\\/\",\"logo\":{\"@type\":\"ImageObject\",\"inLanguage\":\"es\",\"@id\":\"https:\\\/\\\/noticiasmercedinas.com\\\/site\\\/#\\\/schema\\\/logo\\\/image\\\/\",\"url\":\"https:\\\/\\\/noticiasmercedinas.com\\\/site\\\/wp-content\\\/uploads\\\/2020\\\/06\\\/LOGO-512.jpg\",\"contentUrl\":\"https:\\\/\\\/noticiasmercedinas.com\\\/site\\\/wp-content\\\/uploads\\\/2020\\\/06\\\/LOGO-512.jpg\",\"width\":512,\"height\":512,\"caption\":\"NOTICIASMERCEDINAS.COM\"},\"image\":{\"@id\":\"https:\\\/\\\/noticiasmercedinas.com\\\/site\\\/#\\\/schema\\\/logo\\\/image\\\/\"},\"sameAs\":[\"https:\\\/\\\/www.facebook.com\\\/noticiasmercedinas\\\/\",\"https:\\\/\\\/x.com\\\/notmercedinas\",\"https:\\\/\\\/www.instagram.com\\\/noticiasmercedinas\\\/\"]},{\"@type\":\"Person\",\"@id\":\"https:\\\/\\\/noticiasmercedinas.com\\\/site\\\/#\\\/schema\\\/person\\\/84b59c099c28ff2e8b77d4ceec5d8063\",\"name\":\"NOTICIASMERCEDINAS.COM\",\"image\":{\"@type\":\"ImageObject\",\"inLanguage\":\"es\",\"@id\":\"https:\\\/\\\/secure.gravatar.com\\\/avatar\\\/4dfbf16b4d17945bfb6341b2d19043457132fcf478a5ee04f42e959fd8f5df0a?s=96&d=mm&r=g\",\"url\":\"https:\\\/\\\/secure.gravatar.com\\\/avatar\\\/4dfbf16b4d17945bfb6341b2d19043457132fcf478a5ee04f42e959fd8f5df0a?s=96&d=mm&r=g\",\"contentUrl\":\"https:\\\/\\\/secure.gravatar.com\\\/avatar\\\/4dfbf16b4d17945bfb6341b2d19043457132fcf478a5ee04f42e959fd8f5df0a?s=96&d=mm&r=g\",\"caption\":\"NOTICIASMERCEDINAS.COM\"},\"url\":\"https:\\\/\\\/noticiasmercedinas.com\\\/site\\\/author\\\/anonimo\\\/\"}]}<\/script>\n<!-- \/ Yoast SEO plugin. -->","yoast_head_json":{"title":"Trabajadores municipales se unen y piden por sus derechos laborales","robots":{"index":"index","follow":"follow","max-snippet":"max-snippet:-1","max-image-preview":"max-image-preview:large","max-video-preview":"max-video-preview:-1"},"canonical":"https:\/\/noticiasmercedinas.com\/site\/2022\/12\/03\/trabajadores-municipales-se-unen-y-piden-por-sus-derechos-laborales\/","og_locale":"es_ES","og_type":"article","og_title":"Trabajadores municipales se unen y piden por sus derechos laborales","og_description":"\u25a0 Reclaman la creaci\u00f3n del Consejo Nacional del Empleo Municipal Decente, un Fondo de Reparaci\u00f3n Hist\u00f3rica del Empleo Municipal y el otorgamiento de una Compensaci\u00f3n Econ\u00f3mica Salarial,","og_url":"https:\/\/noticiasmercedinas.com\/site\/2022\/12\/03\/trabajadores-municipales-se-unen-y-piden-por-sus-derechos-laborales\/","og_site_name":"NOTICIASMERCEDINAS.COM","article_publisher":"https:\/\/www.facebook.com\/noticiasmercedinas\/","article_published_time":"2022-12-04T02:32:51+00:00","article_modified_time":"2022-12-04T02:34:15+00:00","og_image":[{"width":1600,"height":720,"url":"https:\/\/noticiasmercedinas.com\/site\/wp-content\/uploads\/2022\/12\/318102729_522049479968710_2334060202481152204_n.jpg","type":"image\/jpeg"}],"author":"NOTICIASMERCEDINAS.COM","twitter_card":"summary_large_image","twitter_creator":"@notmercedinas","twitter_site":"@notmercedinas","twitter_misc":{"Escrito por":"NOTICIASMERCEDINAS.COM","Tiempo de lectura":"5 minutos"},"schema":{"@context":"https:\/\/schema.org","@graph":[{"@type":"Article","@id":"https:\/\/noticiasmercedinas.com\/site\/2022\/12\/03\/trabajadores-municipales-se-unen-y-piden-por-sus-derechos-laborales\/#article","isPartOf":{"@id":"https:\/\/noticiasmercedinas.com\/site\/2022\/12\/03\/trabajadores-municipales-se-unen-y-piden-por-sus-derechos-laborales\/"},"author":{"name":"NOTICIASMERCEDINAS.COM","@id":"https:\/\/noticiasmercedinas.com\/site\/#\/schema\/person\/84b59c099c28ff2e8b77d4ceec5d8063"},"headline":"Trabajadores municipales se unen y piden por sus derechos laborales","datePublished":"2022-12-04T02:32:51+00:00","dateModified":"2022-12-04T02:34:15+00:00","mainEntityOfPage":{"@id":"https:\/\/noticiasmercedinas.com\/site\/2022\/12\/03\/trabajadores-municipales-se-unen-y-piden-por-sus-derechos-laborales\/"},"wordCount":1029,"commentCount":0,"publisher":{"@id":"https:\/\/noticiasmercedinas.com\/site\/#organization"},"image":{"@id":"https:\/\/noticiasmercedinas.com\/site\/2022\/12\/03\/trabajadores-municipales-se-unen-y-piden-por-sus-derechos-laborales\/#primaryimage"},"thumbnailUrl":"https:\/\/noticiasmercedinas.com\/site\/wp-content\/uploads\/2022\/12\/318102729_522049479968710_2334060202481152204_n.jpg","keywords":["CTM","municipales"],"articleSection":["Sociedad"],"inLanguage":"es","potentialAction":[{"@type":"CommentAction","name":"Comment","target":["https:\/\/noticiasmercedinas.com\/site\/2022\/12\/03\/trabajadores-municipales-se-unen-y-piden-por-sus-derechos-laborales\/#respond"]}]},{"@type":"WebPage","@id":"https:\/\/noticiasmercedinas.com\/site\/2022\/12\/03\/trabajadores-municipales-se-unen-y-piden-por-sus-derechos-laborales\/","url":"https:\/\/noticiasmercedinas.com\/site\/2022\/12\/03\/trabajadores-municipales-se-unen-y-piden-por-sus-derechos-laborales\/","name":"Trabajadores municipales se unen y piden por sus derechos laborales","isPartOf":{"@id":"https:\/\/noticiasmercedinas.com\/site\/#website"},"primaryImageOfPage":{"@id":"https:\/\/noticiasmercedinas.com\/site\/2022\/12\/03\/trabajadores-municipales-se-unen-y-piden-por-sus-derechos-laborales\/#primaryimage"},"image":{"@id":"https:\/\/noticiasmercedinas.com\/site\/2022\/12\/03\/trabajadores-municipales-se-unen-y-piden-por-sus-derechos-laborales\/#primaryimage"},"thumbnailUrl":"https:\/\/noticiasmercedinas.com\/site\/wp-content\/uploads\/2022\/12\/318102729_522049479968710_2334060202481152204_n.jpg","datePublished":"2022-12-04T02:32:51+00:00","dateModified":"2022-12-04T02:34:15+00:00","breadcrumb":{"@id":"https:\/\/noticiasmercedinas.com\/site\/2022\/12\/03\/trabajadores-municipales-se-unen-y-piden-por-sus-derechos-laborales\/#breadcrumb"},"inLanguage":"es","potentialAction":[{"@type":"ReadAction","target":["https:\/\/noticiasmercedinas.com\/site\/2022\/12\/03\/trabajadores-municipales-se-unen-y-piden-por-sus-derechos-laborales\/"]}]},{"@type":"ImageObject","inLanguage":"es","@id":"https:\/\/noticiasmercedinas.com\/site\/2022\/12\/03\/trabajadores-municipales-se-unen-y-piden-por-sus-derechos-laborales\/#primaryimage","url":"https:\/\/noticiasmercedinas.com\/site\/wp-content\/uploads\/2022\/12\/318102729_522049479968710_2334060202481152204_n.jpg","contentUrl":"https:\/\/noticiasmercedinas.com\/site\/wp-content\/uploads\/2022\/12\/318102729_522049479968710_2334060202481152204_n.jpg","width":1600,"height":720},{"@type":"BreadcrumbList","@id":"https:\/\/noticiasmercedinas.com\/site\/2022\/12\/03\/trabajadores-municipales-se-unen-y-piden-por-sus-derechos-laborales\/#breadcrumb","itemListElement":[{"@type":"ListItem","position":1,"name":"Portada","item":"https:\/\/noticiasmercedinas.com\/site\/"},{"@type":"ListItem","position":2,"name":"Trabajadores municipales se unen y piden por sus derechos laborales"}]},{"@type":"WebSite","@id":"https:\/\/noticiasmercedinas.com\/site\/#website","url":"https:\/\/noticiasmercedinas.com\/site\/","name":"NOTICIASMERCEDINAS.COM","description":"Mercedes, Buenos Aires, Argentina","publisher":{"@id":"https:\/\/noticiasmercedinas.com\/site\/#organization"},"potentialAction":[{"@type":"SearchAction","target":{"@type":"EntryPoint","urlTemplate":"https:\/\/noticiasmercedinas.com\/site\/?s={search_term_string}"},"query-input":{"@type":"PropertyValueSpecification","valueRequired":true,"valueName":"search_term_string"}}],"inLanguage":"es"},{"@type":"Organization","@id":"https:\/\/noticiasmercedinas.com\/site\/#organization","name":"NOTICIASMERCEDINAS.COM","url":"https:\/\/noticiasmercedinas.com\/site\/","logo":{"@type":"ImageObject","inLanguage":"es","@id":"https:\/\/noticiasmercedinas.com\/site\/#\/schema\/logo\/image\/","url":"https:\/\/noticiasmercedinas.com\/site\/wp-content\/uploads\/2020\/06\/LOGO-512.jpg","contentUrl":"https:\/\/noticiasmercedinas.com\/site\/wp-content\/uploads\/2020\/06\/LOGO-512.jpg","width":512,"height":512,"caption":"NOTICIASMERCEDINAS.COM"},"image":{"@id":"https:\/\/noticiasmercedinas.com\/site\/#\/schema\/logo\/image\/"},"sameAs":["https:\/\/www.facebook.com\/noticiasmercedinas\/","https:\/\/x.com\/notmercedinas","https:\/\/www.instagram.com\/noticiasmercedinas\/"]},{"@type":"Person","@id":"https:\/\/noticiasmercedinas.com\/site\/#\/schema\/person\/84b59c099c28ff2e8b77d4ceec5d8063","name":"NOTICIASMERCEDINAS.COM","image":{"@type":"ImageObject","inLanguage":"es","@id":"https:\/\/secure.gravatar.com\/avatar\/4dfbf16b4d17945bfb6341b2d19043457132fcf478a5ee04f42e959fd8f5df0a?s=96&d=mm&r=g","url":"https:\/\/secure.gravatar.com\/avatar\/4dfbf16b4d17945bfb6341b2d19043457132fcf478a5ee04f42e959fd8f5df0a?s=96&d=mm&r=g","contentUrl":"https:\/\/secure.gravatar.com\/avatar\/4dfbf16b4d17945bfb6341b2d19043457132fcf478a5ee04f42e959fd8f5df0a?s=96&d=mm&r=g","caption":"NOTICIASMERCEDINAS.COM"},"url":"https:\/\/noticiasmercedinas.com\/site\/author\/anonimo\/"}]}},"amp_enabled":true,"_links":{"self":[{"href":"https:\/\/noticiasmercedinas.com\/site\/wp-json\/wp\/v2\/posts\/105813","targetHints":{"allow":["GET"]}}],"collection":[{"href":"https:\/\/noticiasmercedinas.com\/site\/wp-json\/wp\/v2\/posts"}],"about":[{"href":"https:\/\/noticiasmercedinas.com\/site\/wp-json\/wp\/v2\/types\/post"}],"author":[{"embeddable":true,"href":"https:\/\/noticiasmercedinas.com\/site\/wp-json\/wp\/v2\/users\/16"}],"replies":[{"embeddable":true,"href":"https:\/\/noticiasmercedinas.com\/site\/wp-json\/wp\/v2\/comments?post=105813"}],"version-history":[{"count":2,"href":"https:\/\/noticiasmercedinas.com\/site\/wp-json\/wp\/v2\/posts\/105813\/revisions"}],"predecessor-version":[{"id":105816,"href":"https:\/\/noticiasmercedinas.com\/site\/wp-json\/wp\/v2\/posts\/105813\/revisions\/105816"}],"wp:featuredmedia":[{"embeddable":true,"href":"https:\/\/noticiasmercedinas.com\/site\/wp-json\/wp\/v2\/media\/105814"}],"wp:attachment":[{"href":"https:\/\/noticiasmercedinas.com\/site\/wp-json\/wp\/v2\/media?parent=105813"}],"wp:term":[{"taxonomy":"category","embeddable":true,"href":"https:\/\/noticiasmercedinas.com\/site\/wp-json\/wp\/v2\/categories?post=105813"},{"taxonomy":"post_tag","embeddable":true,"href":"https:\/\/noticiasmercedinas.com\/site\/wp-json\/wp\/v2\/tags?post=105813"}],"curies":[{"name":"wp","href":"https:\/\/api.w.org\/{rel}","templated":true}]}}