{"id":105828,"date":"2022-12-04T12:50:25","date_gmt":"2022-12-04T15:50:25","guid":{"rendered":"https:\/\/noticiasmercedinas.com\/site\/2022\/12\/04\/hubo-encuentro-de-iglesias-evangelicas-y-una-oracion-por-la-nacion\/"},"modified":"2022-12-04T15:08:31","modified_gmt":"2022-12-04T18:08:31","slug":"hubo-encuentro-de-iglesias-evangelicas-y-una-oracion-por-la-nacion","status":"publish","type":"post","link":"https:\/\/noticiasmercedinas.com\/site\/2022\/12\/04\/hubo-encuentro-de-iglesias-evangelicas-y-una-oracion-por-la-nacion\/","title":{"rendered":"Hubo encuentro de iglesias evang\u00e9licas y una oraci\u00f3n por la Naci\u00f3n"},"content":{"rendered":"<p><img loading=\"lazy\" decoding=\"async\" class=\"alignnone size-full wp-image-105827\" src=\"https:\/\/noticiasmercedinas.com\/site\/wp-content\/uploads\/2022\/12\/dsc_00107182322000948610381.jpg\" width=\"923\" height=\"615\" srcset=\"https:\/\/noticiasmercedinas.com\/site\/wp-content\/uploads\/2022\/12\/dsc_00107182322000948610381.jpg 923w, https:\/\/noticiasmercedinas.com\/site\/wp-content\/uploads\/2022\/12\/dsc_00107182322000948610381-300x200.jpg 300w, https:\/\/noticiasmercedinas.com\/site\/wp-content\/uploads\/2022\/12\/dsc_00107182322000948610381-768x512.jpg 768w, https:\/\/noticiasmercedinas.com\/site\/wp-content\/uploads\/2022\/12\/dsc_00107182322000948610381-640x426.jpg 640w, https:\/\/noticiasmercedinas.com\/site\/wp-content\/uploads\/2022\/12\/dsc_00107182322000948610381-681x454.jpg 681w\" sizes=\"auto, (max-width: 923px) 100vw, 923px\" \/><\/p>\n<p>Se realiz\u00f3 un Encuentro de Iglesias Evang\u00e9licas y estas ofrecieron una oraci\u00f3n por la Naci\u00f3n.<\/p>\n<p>Las iglesias evang\u00e9licas de Mercedes tuvieron un nutrido encuentro de celebraci\u00f3n y f\u00e9 en el Mart\u00edn Rodr\u00edguez. All\u00ed distintas representaciones se hicieron presentes para un encuentro religioso y de vinculaci\u00f3n social.<\/p>\n<p>Mariana San Mart\u00edn, directora de Participaci\u00f3n municipal, fue parte de la reuni\u00f3n y destac\u00f3 que \u201cfue una jornada realmente conmovedora. Queremos agradecerles por invitarnos y ser parte de este encuentro que sin duda muestra la unidad y la solidaridad que en las entidades evang\u00e9licas existe\u201d.<\/p>\n<p>Tambi\u00e9n hubo concejales acompa\u00f1ando a las y los vecinos que son parte de las expresiones evangelistas, que una vez m\u00e1s lograron un encuentro muy convocante que se denomin\u00f3 \u201cClamor por Argentina, toda la iglesia del se\u00f1or orando juntos por nuestra Naci\u00f3n\u201d.<\/p>\n","protected":false},"excerpt":{"rendered":"<p>\u25a0 Fue un encuentro muy convocante, que se denomin\u00f3 \u201cClamor por Argentina, toda la iglesia del se\u00f1or orando juntos por nuestra Naci\u00f3n\u201d.<\/p>\n","protected":false},"author":16,"featured_media":105827,"comment_status":"open","ping_status":"open","sticky":false,"template":"","format":"standard","meta":{"footnotes":""},"categories":[3],"tags":[2027,2028],"class_list":["post-105828","post","type-post","status-publish","format-standard","has-post-thumbnail","hentry","category-sociedad","tag-evangelicos","tag-iglesias-evangelicas"],"yoast_head":"<!-- This site is optimized with the Yoast SEO plugin v27.5 - https:\/\/yoast.com\/product\/yoast-seo-wordpress\/ -->\n<title>Hubo encuentro de iglesias evang\u00e9licas y una oraci\u00f3n por la Naci\u00f3n<\/title>\n<meta name=\"robots\" content=\"index, follow, max-snippet:-1, max-image-preview:large, max-video-preview:-1\" \/>\n<link rel=\"canonical\" href=\"https:\/\/noticiasmercedinas.com\/site\/2022\/12\/04\/hubo-encuentro-de-iglesias-evangelicas-y-una-oracion-por-la-nacion\/\" \/>\n<meta property=\"og:locale\" content=\"es_ES\" \/>\n<meta property=\"og:type\" content=\"article\" \/>\n<meta property=\"og:title\" content=\"Hubo encuentro de iglesias evang\u00e9licas y una oraci\u00f3n por la Naci\u00f3n\" \/>\n<meta property=\"og:description\" content=\"\u25a0 Fue un encuentro muy convocante, que se denomin\u00f3 \u201cClamor por Argentina, toda la iglesia del se\u00f1or orando juntos por nuestra Naci\u00f3n\u201d.\" \/>\n<meta property=\"og:url\" content=\"https:\/\/noticiasmercedinas.com\/site\/2022\/12\/04\/hubo-encuentro-de-iglesias-evangelicas-y-una-oracion-por-la-nacion\/\" \/>\n<meta property=\"og:site_name\" content=\"NOTICIASMERCEDINAS.COM\" \/>\n<meta property=\"article:publisher\" content=\"https:\/\/www.facebook.com\/noticiasmercedinas\/\" \/>\n<meta property=\"article:published_time\" content=\"2022-12-04T15:50:25+00:00\" \/>\n<meta property=\"article:modified_time\" content=\"2022-12-04T18:08:31+00:00\" \/>\n<meta property=\"og:image\" content=\"https:\/\/noticiasmercedinas.com\/site\/wp-content\/uploads\/2022\/12\/dsc_00107182322000948610381.jpg\" \/>\n\t<meta property=\"og:image:width\" content=\"923\" \/>\n\t<meta property=\"og:image:height\" content=\"615\" \/>\n\t<meta property=\"og:image:type\" content=\"image\/jpeg\" \/>\n<meta name=\"author\" content=\"NOTICIASMERCEDINAS.COM\" \/>\n<meta name=\"twitter:card\" content=\"summary_large_image\" \/>\n<meta name=\"twitter:creator\" content=\"@notmercedinas\" \/>\n<meta name=\"twitter:site\" content=\"@notmercedinas\" \/>\n<meta name=\"twitter:label1\" content=\"Escrito por\" \/>\n\t<meta name=\"twitter:data1\" content=\"NOTICIASMERCEDINAS.COM\" \/>\n\t<meta name=\"twitter:label2\" content=\"Tiempo de lectura\" \/>\n\t<meta name=\"twitter:data2\" content=\"1 minuto\" \/>\n<script type=\"application\/ld+json\" class=\"yoast-schema-graph\">{\"@context\":\"https:\\\/\\\/schema.org\",\"@graph\":[{\"@type\":\"Article\",\"@id\":\"https:\\\/\\\/noticiasmercedinas.com\\\/site\\\/2022\\\/12\\\/04\\\/hubo-encuentro-de-iglesias-evangelicas-y-una-oracion-por-la-nacion\\\/#article\",\"isPartOf\":{\"@id\":\"https:\\\/\\\/noticiasmercedinas.com\\\/site\\\/2022\\\/12\\\/04\\\/hubo-encuentro-de-iglesias-evangelicas-y-una-oracion-por-la-nacion\\\/\"},\"author\":{\"name\":\"NOTICIASMERCEDINAS.COM\",\"@id\":\"https:\\\/\\\/noticiasmercedinas.com\\\/site\\\/#\\\/schema\\\/person\\\/84b59c099c28ff2e8b77d4ceec5d8063\"},\"headline\":\"Hubo encuentro de iglesias evang\u00e9licas y una oraci\u00f3n por la Naci\u00f3n\",\"datePublished\":\"2022-12-04T15:50:25+00:00\",\"dateModified\":\"2022-12-04T18:08:31+00:00\",\"mainEntityOfPage\":{\"@id\":\"https:\\\/\\\/noticiasmercedinas.com\\\/site\\\/2022\\\/12\\\/04\\\/hubo-encuentro-de-iglesias-evangelicas-y-una-oracion-por-la-nacion\\\/\"},\"wordCount\":163,\"commentCount\":0,\"publisher\":{\"@id\":\"https:\\\/\\\/noticiasmercedinas.com\\\/site\\\/#organization\"},\"image\":{\"@id\":\"https:\\\/\\\/noticiasmercedinas.com\\\/site\\\/2022\\\/12\\\/04\\\/hubo-encuentro-de-iglesias-evangelicas-y-una-oracion-por-la-nacion\\\/#primaryimage\"},\"thumbnailUrl\":\"https:\\\/\\\/noticiasmercedinas.com\\\/site\\\/wp-content\\\/uploads\\\/2022\\\/12\\\/dsc_00107182322000948610381.jpg\",\"keywords\":[\"evang\u00e9licos\",\"iglesias evang\u00e9licas\"],\"articleSection\":[\"Sociedad\"],\"inLanguage\":\"es\",\"potentialAction\":[{\"@type\":\"CommentAction\",\"name\":\"Comment\",\"target\":[\"https:\\\/\\\/noticiasmercedinas.com\\\/site\\\/2022\\\/12\\\/04\\\/hubo-encuentro-de-iglesias-evangelicas-y-una-oracion-por-la-nacion\\\/#respond\"]}]},{\"@type\":\"WebPage\",\"@id\":\"https:\\\/\\\/noticiasmercedinas.com\\\/site\\\/2022\\\/12\\\/04\\\/hubo-encuentro-de-iglesias-evangelicas-y-una-oracion-por-la-nacion\\\/\",\"url\":\"https:\\\/\\\/noticiasmercedinas.com\\\/site\\\/2022\\\/12\\\/04\\\/hubo-encuentro-de-iglesias-evangelicas-y-una-oracion-por-la-nacion\\\/\",\"name\":\"Hubo encuentro de iglesias evang\u00e9licas y una oraci\u00f3n por la Naci\u00f3n\",\"isPartOf\":{\"@id\":\"https:\\\/\\\/noticiasmercedinas.com\\\/site\\\/#website\"},\"primaryImageOfPage\":{\"@id\":\"https:\\\/\\\/noticiasmercedinas.com\\\/site\\\/2022\\\/12\\\/04\\\/hubo-encuentro-de-iglesias-evangelicas-y-una-oracion-por-la-nacion\\\/#primaryimage\"},\"image\":{\"@id\":\"https:\\\/\\\/noticiasmercedinas.com\\\/site\\\/2022\\\/12\\\/04\\\/hubo-encuentro-de-iglesias-evangelicas-y-una-oracion-por-la-nacion\\\/#primaryimage\"},\"thumbnailUrl\":\"https:\\\/\\\/noticiasmercedinas.com\\\/site\\\/wp-content\\\/uploads\\\/2022\\\/12\\\/dsc_00107182322000948610381.jpg\",\"datePublished\":\"2022-12-04T15:50:25+00:00\",\"dateModified\":\"2022-12-04T18:08:31+00:00\",\"breadcrumb\":{\"@id\":\"https:\\\/\\\/noticiasmercedinas.com\\\/site\\\/2022\\\/12\\\/04\\\/hubo-encuentro-de-iglesias-evangelicas-y-una-oracion-por-la-nacion\\\/#breadcrumb\"},\"inLanguage\":\"es\",\"potentialAction\":[{\"@type\":\"ReadAction\",\"target\":[\"https:\\\/\\\/noticiasmercedinas.com\\\/site\\\/2022\\\/12\\\/04\\\/hubo-encuentro-de-iglesias-evangelicas-y-una-oracion-por-la-nacion\\\/\"]}]},{\"@type\":\"ImageObject\",\"inLanguage\":\"es\",\"@id\":\"https:\\\/\\\/noticiasmercedinas.com\\\/site\\\/2022\\\/12\\\/04\\\/hubo-encuentro-de-iglesias-evangelicas-y-una-oracion-por-la-nacion\\\/#primaryimage\",\"url\":\"https:\\\/\\\/noticiasmercedinas.com\\\/site\\\/wp-content\\\/uploads\\\/2022\\\/12\\\/dsc_00107182322000948610381.jpg\",\"contentUrl\":\"https:\\\/\\\/noticiasmercedinas.com\\\/site\\\/wp-content\\\/uploads\\\/2022\\\/12\\\/dsc_00107182322000948610381.jpg\",\"width\":923,\"height\":615},{\"@type\":\"BreadcrumbList\",\"@id\":\"https:\\\/\\\/noticiasmercedinas.com\\\/site\\\/2022\\\/12\\\/04\\\/hubo-encuentro-de-iglesias-evangelicas-y-una-oracion-por-la-nacion\\\/#breadcrumb\",\"itemListElement\":[{\"@type\":\"ListItem\",\"position\":1,\"name\":\"Portada\",\"item\":\"https:\\\/\\\/noticiasmercedinas.com\\\/site\\\/\"},{\"@type\":\"ListItem\",\"position\":2,\"name\":\"Hubo encuentro de iglesias evang\u00e9licas y una oraci\u00f3n por la Naci\u00f3n\"}]},{\"@type\":\"WebSite\",\"@id\":\"https:\\\/\\\/noticiasmercedinas.com\\\/site\\\/#website\",\"url\":\"https:\\\/\\\/noticiasmercedinas.com\\\/site\\\/\",\"name\":\"NOTICIASMERCEDINAS.COM\",\"description\":\"Mercedes, Buenos Aires, Argentina\",\"publisher\":{\"@id\":\"https:\\\/\\\/noticiasmercedinas.com\\\/site\\\/#organization\"},\"potentialAction\":[{\"@type\":\"SearchAction\",\"target\":{\"@type\":\"EntryPoint\",\"urlTemplate\":\"https:\\\/\\\/noticiasmercedinas.com\\\/site\\\/?s={search_term_string}\"},\"query-input\":{\"@type\":\"PropertyValueSpecification\",\"valueRequired\":true,\"valueName\":\"search_term_string\"}}],\"inLanguage\":\"es\"},{\"@type\":\"Organization\",\"@id\":\"https:\\\/\\\/noticiasmercedinas.com\\\/site\\\/#organization\",\"name\":\"NOTICIASMERCEDINAS.COM\",\"url\":\"https:\\\/\\\/noticiasmercedinas.com\\\/site\\\/\",\"logo\":{\"@type\":\"ImageObject\",\"inLanguage\":\"es\",\"@id\":\"https:\\\/\\\/noticiasmercedinas.com\\\/site\\\/#\\\/schema\\\/logo\\\/image\\\/\",\"url\":\"https:\\\/\\\/noticiasmercedinas.com\\\/site\\\/wp-content\\\/uploads\\\/2020\\\/06\\\/LOGO-512.jpg\",\"contentUrl\":\"https:\\\/\\\/noticiasmercedinas.com\\\/site\\\/wp-content\\\/uploads\\\/2020\\\/06\\\/LOGO-512.jpg\",\"width\":512,\"height\":512,\"caption\":\"NOTICIASMERCEDINAS.COM\"},\"image\":{\"@id\":\"https:\\\/\\\/noticiasmercedinas.com\\\/site\\\/#\\\/schema\\\/logo\\\/image\\\/\"},\"sameAs\":[\"https:\\\/\\\/www.facebook.com\\\/noticiasmercedinas\\\/\",\"https:\\\/\\\/x.com\\\/notmercedinas\",\"https:\\\/\\\/www.instagram.com\\\/noticiasmercedinas\\\/\"]},{\"@type\":\"Person\",\"@id\":\"https:\\\/\\\/noticiasmercedinas.com\\\/site\\\/#\\\/schema\\\/person\\\/84b59c099c28ff2e8b77d4ceec5d8063\",\"name\":\"NOTICIASMERCEDINAS.COM\",\"image\":{\"@type\":\"ImageObject\",\"inLanguage\":\"es\",\"@id\":\"https:\\\/\\\/secure.gravatar.com\\\/avatar\\\/4dfbf16b4d17945bfb6341b2d19043457132fcf478a5ee04f42e959fd8f5df0a?s=96&d=mm&r=g\",\"url\":\"https:\\\/\\\/secure.gravatar.com\\\/avatar\\\/4dfbf16b4d17945bfb6341b2d19043457132fcf478a5ee04f42e959fd8f5df0a?s=96&d=mm&r=g\",\"contentUrl\":\"https:\\\/\\\/secure.gravatar.com\\\/avatar\\\/4dfbf16b4d17945bfb6341b2d19043457132fcf478a5ee04f42e959fd8f5df0a?s=96&d=mm&r=g\",\"caption\":\"NOTICIASMERCEDINAS.COM\"},\"url\":\"https:\\\/\\\/noticiasmercedinas.com\\\/site\\\/author\\\/anonimo\\\/\"}]}<\/script>\n<!-- \/ Yoast SEO plugin. -->","yoast_head_json":{"title":"Hubo encuentro de iglesias evang\u00e9licas y una oraci\u00f3n por la Naci\u00f3n","robots":{"index":"index","follow":"follow","max-snippet":"max-snippet:-1","max-image-preview":"max-image-preview:large","max-video-preview":"max-video-preview:-1"},"canonical":"https:\/\/noticiasmercedinas.com\/site\/2022\/12\/04\/hubo-encuentro-de-iglesias-evangelicas-y-una-oracion-por-la-nacion\/","og_locale":"es_ES","og_type":"article","og_title":"Hubo encuentro de iglesias evang\u00e9licas y una oraci\u00f3n por la Naci\u00f3n","og_description":"\u25a0 Fue un encuentro muy convocante, que se denomin\u00f3 \u201cClamor por Argentina, toda la iglesia del se\u00f1or orando juntos por nuestra Naci\u00f3n\u201d.","og_url":"https:\/\/noticiasmercedinas.com\/site\/2022\/12\/04\/hubo-encuentro-de-iglesias-evangelicas-y-una-oracion-por-la-nacion\/","og_site_name":"NOTICIASMERCEDINAS.COM","article_publisher":"https:\/\/www.facebook.com\/noticiasmercedinas\/","article_published_time":"2022-12-04T15:50:25+00:00","article_modified_time":"2022-12-04T18:08:31+00:00","og_image":[{"width":923,"height":615,"url":"https:\/\/noticiasmercedinas.com\/site\/wp-content\/uploads\/2022\/12\/dsc_00107182322000948610381.jpg","type":"image\/jpeg"}],"author":"NOTICIASMERCEDINAS.COM","twitter_card":"summary_large_image","twitter_creator":"@notmercedinas","twitter_site":"@notmercedinas","twitter_misc":{"Escrito por":"NOTICIASMERCEDINAS.COM","Tiempo de lectura":"1 minuto"},"schema":{"@context":"https:\/\/schema.org","@graph":[{"@type":"Article","@id":"https:\/\/noticiasmercedinas.com\/site\/2022\/12\/04\/hubo-encuentro-de-iglesias-evangelicas-y-una-oracion-por-la-nacion\/#article","isPartOf":{"@id":"https:\/\/noticiasmercedinas.com\/site\/2022\/12\/04\/hubo-encuentro-de-iglesias-evangelicas-y-una-oracion-por-la-nacion\/"},"author":{"name":"NOTICIASMERCEDINAS.COM","@id":"https:\/\/noticiasmercedinas.com\/site\/#\/schema\/person\/84b59c099c28ff2e8b77d4ceec5d8063"},"headline":"Hubo encuentro de iglesias evang\u00e9licas y una oraci\u00f3n por la Naci\u00f3n","datePublished":"2022-12-04T15:50:25+00:00","dateModified":"2022-12-04T18:08:31+00:00","mainEntityOfPage":{"@id":"https:\/\/noticiasmercedinas.com\/site\/2022\/12\/04\/hubo-encuentro-de-iglesias-evangelicas-y-una-oracion-por-la-nacion\/"},"wordCount":163,"commentCount":0,"publisher":{"@id":"https:\/\/noticiasmercedinas.com\/site\/#organization"},"image":{"@id":"https:\/\/noticiasmercedinas.com\/site\/2022\/12\/04\/hubo-encuentro-de-iglesias-evangelicas-y-una-oracion-por-la-nacion\/#primaryimage"},"thumbnailUrl":"https:\/\/noticiasmercedinas.com\/site\/wp-content\/uploads\/2022\/12\/dsc_00107182322000948610381.jpg","keywords":["evang\u00e9licos","iglesias evang\u00e9licas"],"articleSection":["Sociedad"],"inLanguage":"es","potentialAction":[{"@type":"CommentAction","name":"Comment","target":["https:\/\/noticiasmercedinas.com\/site\/2022\/12\/04\/hubo-encuentro-de-iglesias-evangelicas-y-una-oracion-por-la-nacion\/#respond"]}]},{"@type":"WebPage","@id":"https:\/\/noticiasmercedinas.com\/site\/2022\/12\/04\/hubo-encuentro-de-iglesias-evangelicas-y-una-oracion-por-la-nacion\/","url":"https:\/\/noticiasmercedinas.com\/site\/2022\/12\/04\/hubo-encuentro-de-iglesias-evangelicas-y-una-oracion-por-la-nacion\/","name":"Hubo encuentro de iglesias evang\u00e9licas y una oraci\u00f3n por la Naci\u00f3n","isPartOf":{"@id":"https:\/\/noticiasmercedinas.com\/site\/#website"},"primaryImageOfPage":{"@id":"https:\/\/noticiasmercedinas.com\/site\/2022\/12\/04\/hubo-encuentro-de-iglesias-evangelicas-y-una-oracion-por-la-nacion\/#primaryimage"},"image":{"@id":"https:\/\/noticiasmercedinas.com\/site\/2022\/12\/04\/hubo-encuentro-de-iglesias-evangelicas-y-una-oracion-por-la-nacion\/#primaryimage"},"thumbnailUrl":"https:\/\/noticiasmercedinas.com\/site\/wp-content\/uploads\/2022\/12\/dsc_00107182322000948610381.jpg","datePublished":"2022-12-04T15:50:25+00:00","dateModified":"2022-12-04T18:08:31+00:00","breadcrumb":{"@id":"https:\/\/noticiasmercedinas.com\/site\/2022\/12\/04\/hubo-encuentro-de-iglesias-evangelicas-y-una-oracion-por-la-nacion\/#breadcrumb"},"inLanguage":"es","potentialAction":[{"@type":"ReadAction","target":["https:\/\/noticiasmercedinas.com\/site\/2022\/12\/04\/hubo-encuentro-de-iglesias-evangelicas-y-una-oracion-por-la-nacion\/"]}]},{"@type":"ImageObject","inLanguage":"es","@id":"https:\/\/noticiasmercedinas.com\/site\/2022\/12\/04\/hubo-encuentro-de-iglesias-evangelicas-y-una-oracion-por-la-nacion\/#primaryimage","url":"https:\/\/noticiasmercedinas.com\/site\/wp-content\/uploads\/2022\/12\/dsc_00107182322000948610381.jpg","contentUrl":"https:\/\/noticiasmercedinas.com\/site\/wp-content\/uploads\/2022\/12\/dsc_00107182322000948610381.jpg","width":923,"height":615},{"@type":"BreadcrumbList","@id":"https:\/\/noticiasmercedinas.com\/site\/2022\/12\/04\/hubo-encuentro-de-iglesias-evangelicas-y-una-oracion-por-la-nacion\/#breadcrumb","itemListElement":[{"@type":"ListItem","position":1,"name":"Portada","item":"https:\/\/noticiasmercedinas.com\/site\/"},{"@type":"ListItem","position":2,"name":"Hubo encuentro de iglesias evang\u00e9licas y una oraci\u00f3n por la Naci\u00f3n"}]},{"@type":"WebSite","@id":"https:\/\/noticiasmercedinas.com\/site\/#website","url":"https:\/\/noticiasmercedinas.com\/site\/","name":"NOTICIASMERCEDINAS.COM","description":"Mercedes, Buenos Aires, Argentina","publisher":{"@id":"https:\/\/noticiasmercedinas.com\/site\/#organization"},"potentialAction":[{"@type":"SearchAction","target":{"@type":"EntryPoint","urlTemplate":"https:\/\/noticiasmercedinas.com\/site\/?s={search_term_string}"},"query-input":{"@type":"PropertyValueSpecification","valueRequired":true,"valueName":"search_term_string"}}],"inLanguage":"es"},{"@type":"Organization","@id":"https:\/\/noticiasmercedinas.com\/site\/#organization","name":"NOTICIASMERCEDINAS.COM","url":"https:\/\/noticiasmercedinas.com\/site\/","logo":{"@type":"ImageObject","inLanguage":"es","@id":"https:\/\/noticiasmercedinas.com\/site\/#\/schema\/logo\/image\/","url":"https:\/\/noticiasmercedinas.com\/site\/wp-content\/uploads\/2020\/06\/LOGO-512.jpg","contentUrl":"https:\/\/noticiasmercedinas.com\/site\/wp-content\/uploads\/2020\/06\/LOGO-512.jpg","width":512,"height":512,"caption":"NOTICIASMERCEDINAS.COM"},"image":{"@id":"https:\/\/noticiasmercedinas.com\/site\/#\/schema\/logo\/image\/"},"sameAs":["https:\/\/www.facebook.com\/noticiasmercedinas\/","https:\/\/x.com\/notmercedinas","https:\/\/www.instagram.com\/noticiasmercedinas\/"]},{"@type":"Person","@id":"https:\/\/noticiasmercedinas.com\/site\/#\/schema\/person\/84b59c099c28ff2e8b77d4ceec5d8063","name":"NOTICIASMERCEDINAS.COM","image":{"@type":"ImageObject","inLanguage":"es","@id":"https:\/\/secure.gravatar.com\/avatar\/4dfbf16b4d17945bfb6341b2d19043457132fcf478a5ee04f42e959fd8f5df0a?s=96&d=mm&r=g","url":"https:\/\/secure.gravatar.com\/avatar\/4dfbf16b4d17945bfb6341b2d19043457132fcf478a5ee04f42e959fd8f5df0a?s=96&d=mm&r=g","contentUrl":"https:\/\/secure.gravatar.com\/avatar\/4dfbf16b4d17945bfb6341b2d19043457132fcf478a5ee04f42e959fd8f5df0a?s=96&d=mm&r=g","caption":"NOTICIASMERCEDINAS.COM"},"url":"https:\/\/noticiasmercedinas.com\/site\/author\/anonimo\/"}]}},"amp_enabled":true,"_links":{"self":[{"href":"https:\/\/noticiasmercedinas.com\/site\/wp-json\/wp\/v2\/posts\/105828","targetHints":{"allow":["GET"]}}],"collection":[{"href":"https:\/\/noticiasmercedinas.com\/site\/wp-json\/wp\/v2\/posts"}],"about":[{"href":"https:\/\/noticiasmercedinas.com\/site\/wp-json\/wp\/v2\/types\/post"}],"author":[{"embeddable":true,"href":"https:\/\/noticiasmercedinas.com\/site\/wp-json\/wp\/v2\/users\/16"}],"replies":[{"embeddable":true,"href":"https:\/\/noticiasmercedinas.com\/site\/wp-json\/wp\/v2\/comments?post=105828"}],"version-history":[{"count":2,"href":"https:\/\/noticiasmercedinas.com\/site\/wp-json\/wp\/v2\/posts\/105828\/revisions"}],"predecessor-version":[{"id":105834,"href":"https:\/\/noticiasmercedinas.com\/site\/wp-json\/wp\/v2\/posts\/105828\/revisions\/105834"}],"wp:featuredmedia":[{"embeddable":true,"href":"https:\/\/noticiasmercedinas.com\/site\/wp-json\/wp\/v2\/media\/105827"}],"wp:attachment":[{"href":"https:\/\/noticiasmercedinas.com\/site\/wp-json\/wp\/v2\/media?parent=105828"}],"wp:term":[{"taxonomy":"category","embeddable":true,"href":"https:\/\/noticiasmercedinas.com\/site\/wp-json\/wp\/v2\/categories?post=105828"},{"taxonomy":"post_tag","embeddable":true,"href":"https:\/\/noticiasmercedinas.com\/site\/wp-json\/wp\/v2\/tags?post=105828"}],"curies":[{"name":"wp","href":"https:\/\/api.w.org\/{rel}","templated":true}]}}