{"id":105974,"date":"2022-12-05T23:48:01","date_gmt":"2022-12-06T02:48:01","guid":{"rendered":"https:\/\/noticiasmercedinas.com\/site\/?p=105974"},"modified":"2022-12-05T23:48:01","modified_gmt":"2022-12-06T02:48:01","slug":"huracan-en-cuartos-y-colon-eliminado","status":"publish","type":"post","link":"https:\/\/noticiasmercedinas.com\/site\/2022\/12\/05\/huracan-en-cuartos-y-colon-eliminado\/","title":{"rendered":"Hurac\u00e1n en cuartos y Col\u00f3n eliminado"},"content":{"rendered":"<figure id=\"attachment_105975\" aria-describedby=\"caption-attachment-105975\" style=\"width: 640px\" class=\"wp-caption alignnone\"><img loading=\"lazy\" decoding=\"async\" class=\"wp-image-105975 size-full\" src=\"https:\/\/noticiasmercedinas.com\/site\/wp-content\/uploads\/2022\/12\/IMG_2019.jpg\" alt=\"\" width=\"640\" height=\"394\" srcset=\"https:\/\/noticiasmercedinas.com\/site\/wp-content\/uploads\/2022\/12\/IMG_2019.jpg 640w, https:\/\/noticiasmercedinas.com\/site\/wp-content\/uploads\/2022\/12\/IMG_2019-300x185.jpg 300w\" sizes=\"auto, (max-width: 640px) 100vw, 640px\" \/><figcaption id=\"caption-attachment-105975\" class=\"wp-caption-text\">Franco Gatti, autor del segundo gol de Hurac\u00e1n.<\/figcaption><\/figure>\n<p>El Torneo Regional Federal Amateur fue disputando entre el fin de semana y esta noche los partidos de la Regi\u00f3n Pampeana Norte, d\u00e1ndose la participaci\u00f3n de futbolistas mercedinos. Franco Gatti marc\u00f3 el segundo gol de Hurac\u00e1n en la victoria y clasificaci\u00f3n ante el SAT, en el \u201cGlobo\u201d fue titular el defensor Blas de Los Santos.<\/p>\n<p>Este lunes en Salto luego del 0 a 0 de ida jugaron Defensores y Col\u00f3n de Chivilcoy, d\u00e1ndose un gran partido con el resultado cambiante. En 5\u2019 ganaba el local 2-0, descont\u00f3 Col\u00f3n en 33\u2019 para cerrarse el primer tiempo 2 a 1. Lo dar\u00eda vuelta el \u201cLe\u00f3n\u201d 3 a 2 y sobre la hora lo igual\u00f3 3 a 3 Defensores.\u00a0 Fueron titulares en Col\u00f3n Mat\u00edas L\u00f3pez y Juan Pedro Gatti.<\/p>\n<p>En la serie de 5 penales fue 4 a 4, dos remates en el travesa\u00f1o negaron el gol para pasar a la serie de uno donde ambos convirtieron hasta que Peratta marc\u00f3 y Ullua le ataj\u00f3 el penal a P\u00e9rez. Clasificaci\u00f3n para Defensores de Salto, Col\u00f3n tras estar muy cerca de pasar qued\u00f3 sin continuidad en los penales.<\/p>\n<p><strong>Hurac\u00e1n 2:<\/strong> Cristian Cuenca y Franco Gatti.<br \/>\n<strong>SAT:<\/strong> 1 Juli\u00e1n Garc\u00eda.<\/p>\n<p><strong>Defensores de Salto 3 (6):<\/strong> Feliciano Testa 2 y Alan Gonz\u00e1lez.<br \/>\n<strong>Col\u00f3n 3 (5):<\/strong> Iago Arrevillaga, Luis Dezi y Emiliano Abalos.<\/p>\n<p><strong>M\u00e1s resultados<br \/>\n<\/strong>El s\u00e1bado en Jun\u00edn fue empate en el global para definirse en los penales y pasar Villa Belgrano. A Rivadavia de Lincoln con el triunfo de la ida le alcanz\u00f3 con el empate, por su parte Linque\u00f1o volvi\u00f3 a ganar y Unidos de Olmos tras la igualdad de la ida lleg\u00f3 a la victoria y clasificaci\u00f3n.<\/p>\n<p>La Emilia que hab\u00eda goleado en la ida cay\u00f3 en la revancha pasando por 4 a 1 en el global. Por \u00faltimo, Sportivo Baradero perdi\u00f3 en la vuelta y por un global de 3 a 2 est\u00e1 en la pr\u00f3xima instancia.<\/p>\n<p>Villa Belgrano (Jun\u00edn) 3 (6).<br \/>\nJuventud (Pergamino) 3 (5)<\/p>\n<p>Viamonte (Los Toldos) 1.<br \/>\nRivadavia (Lincoln) 1.<\/p>\n<p>Sportivo Barracas 0.<br \/>\nEl Linque\u00f1o 1.<\/p>\n<p>Unidos de Olmos 3.<br \/>\nLas Mandarinas (Brandsen) 2.<\/p>\n<p>Defensores de La Esperanza (Campana) 1.<br \/>\nLa Emilia 0.<\/p>\n<p>Regatas 2.<br \/>\nSportivo Baradero 1.<\/p>\n<p><strong>Lo que viene<\/strong><br \/>\nRivadavia (Lincoln) vs. Villa Belgrano (Jun\u00edn) (L).<br \/>\nDefensores de Salto vs. El Linque\u00f1o (Lincoln) (L).<br \/>\nHurac\u00e1n (Chivilcoy) vs. Unidos de Olmos (L).<br \/>\nSportivo Baradero vs. Deportivo La Emilia (San Nicol\u00e1s) (L).<\/p>\n","protected":false},"excerpt":{"rendered":"<p>\u25a0 En la vuelta volvi\u00f3 a imponerse el \u201cGlobo\u201d y en ese 2-1 hubo un gol de Franco Gatti. Esta noche en Salto fue 3 a 3 entre Defensores y Col\u00f3n quedando el global empatado y con ello penales, pas\u00f3 el \u201cLoro\u201d por 6 a 5.<\/p>\n","protected":false},"author":6,"featured_media":105975,"comment_status":"open","ping_status":"open","sticky":false,"template":"","format":"standard","meta":{"footnotes":""},"categories":[5],"tags":[11815,2780,3405],"class_list":["post-105974","post","type-post","status-publish","format-standard","has-post-thumbnail","hentry","category-deportes","tag-colon-de-chivilcoy","tag-huracan","tag-torneo-regional-federal-amateur"],"yoast_head":"<!-- This site is optimized with the Yoast SEO plugin v27.5 - https:\/\/yoast.com\/product\/yoast-seo-wordpress\/ -->\n<title>Hurac\u00e1n en cuartos y Col\u00f3n eliminado<\/title>\n<meta name=\"robots\" content=\"index, follow, max-snippet:-1, max-image-preview:large, max-video-preview:-1\" \/>\n<link rel=\"canonical\" href=\"https:\/\/noticiasmercedinas.com\/site\/2022\/12\/05\/huracan-en-cuartos-y-colon-eliminado\/\" \/>\n<meta property=\"og:locale\" content=\"es_ES\" \/>\n<meta property=\"og:type\" content=\"article\" \/>\n<meta property=\"og:title\" content=\"Hurac\u00e1n en cuartos y Col\u00f3n eliminado\" \/>\n<meta property=\"og:description\" content=\"\u25a0 En la vuelta volvi\u00f3 a imponerse el \u201cGlobo\u201d y en ese 2-1 hubo un gol de Franco Gatti. Esta noche en Salto fue 3 a 3 entre Defensores y Col\u00f3n quedando el global empatado y con ello penales, pas\u00f3 el \u201cLoro\u201d por 6 a 5.\" \/>\n<meta property=\"og:url\" content=\"https:\/\/noticiasmercedinas.com\/site\/2022\/12\/05\/huracan-en-cuartos-y-colon-eliminado\/\" \/>\n<meta property=\"og:site_name\" content=\"NOTICIASMERCEDINAS.COM\" \/>\n<meta property=\"article:publisher\" content=\"https:\/\/www.facebook.com\/noticiasmercedinas\/\" \/>\n<meta property=\"article:published_time\" content=\"2022-12-06T02:48:01+00:00\" \/>\n<meta property=\"og:image\" content=\"https:\/\/noticiasmercedinas.com\/site\/wp-content\/uploads\/2022\/12\/IMG_2019.jpg\" \/>\n\t<meta property=\"og:image:width\" content=\"640\" \/>\n\t<meta property=\"og:image:height\" content=\"394\" \/>\n\t<meta property=\"og:image:type\" content=\"image\/jpeg\" \/>\n<meta name=\"author\" content=\"Juan Dagnino NOTICIASMERCEDINAS.COM\" \/>\n<meta name=\"twitter:card\" content=\"summary_large_image\" \/>\n<meta name=\"twitter:creator\" content=\"@notmercedinas\" \/>\n<meta name=\"twitter:site\" content=\"@notmercedinas\" \/>\n<meta name=\"twitter:label1\" content=\"Escrito por\" \/>\n\t<meta name=\"twitter:data1\" content=\"Juan Dagnino NOTICIASMERCEDINAS.COM\" \/>\n\t<meta name=\"twitter:label2\" content=\"Tiempo de lectura\" \/>\n\t<meta name=\"twitter:data2\" content=\"3 minutos\" \/>\n<script type=\"application\/ld+json\" class=\"yoast-schema-graph\">{\"@context\":\"https:\\\/\\\/schema.org\",\"@graph\":[{\"@type\":\"Article\",\"@id\":\"https:\\\/\\\/noticiasmercedinas.com\\\/site\\\/2022\\\/12\\\/05\\\/huracan-en-cuartos-y-colon-eliminado\\\/#article\",\"isPartOf\":{\"@id\":\"https:\\\/\\\/noticiasmercedinas.com\\\/site\\\/2022\\\/12\\\/05\\\/huracan-en-cuartos-y-colon-eliminado\\\/\"},\"author\":{\"name\":\"Juan Dagnino NOTICIASMERCEDINAS.COM\",\"@id\":\"https:\\\/\\\/noticiasmercedinas.com\\\/site\\\/#\\\/schema\\\/person\\\/8f2f09d666ef40986eba4a5e6f2a06f9\"},\"headline\":\"Hurac\u00e1n en cuartos y Col\u00f3n eliminado\",\"datePublished\":\"2022-12-06T02:48:01+00:00\",\"mainEntityOfPage\":{\"@id\":\"https:\\\/\\\/noticiasmercedinas.com\\\/site\\\/2022\\\/12\\\/05\\\/huracan-en-cuartos-y-colon-eliminado\\\/\"},\"wordCount\":414,\"commentCount\":0,\"publisher\":{\"@id\":\"https:\\\/\\\/noticiasmercedinas.com\\\/site\\\/#organization\"},\"image\":{\"@id\":\"https:\\\/\\\/noticiasmercedinas.com\\\/site\\\/2022\\\/12\\\/05\\\/huracan-en-cuartos-y-colon-eliminado\\\/#primaryimage\"},\"thumbnailUrl\":\"https:\\\/\\\/noticiasmercedinas.com\\\/site\\\/wp-content\\\/uploads\\\/2022\\\/12\\\/IMG_2019.jpg\",\"keywords\":[\"colon de chivilcoy\",\"hurac\u00e1n\",\"Torneo Regional Federal Amateur\"],\"articleSection\":[\"Deportes\"],\"inLanguage\":\"es\",\"potentialAction\":[{\"@type\":\"CommentAction\",\"name\":\"Comment\",\"target\":[\"https:\\\/\\\/noticiasmercedinas.com\\\/site\\\/2022\\\/12\\\/05\\\/huracan-en-cuartos-y-colon-eliminado\\\/#respond\"]}]},{\"@type\":\"WebPage\",\"@id\":\"https:\\\/\\\/noticiasmercedinas.com\\\/site\\\/2022\\\/12\\\/05\\\/huracan-en-cuartos-y-colon-eliminado\\\/\",\"url\":\"https:\\\/\\\/noticiasmercedinas.com\\\/site\\\/2022\\\/12\\\/05\\\/huracan-en-cuartos-y-colon-eliminado\\\/\",\"name\":\"Hurac\u00e1n en cuartos y Col\u00f3n eliminado\",\"isPartOf\":{\"@id\":\"https:\\\/\\\/noticiasmercedinas.com\\\/site\\\/#website\"},\"primaryImageOfPage\":{\"@id\":\"https:\\\/\\\/noticiasmercedinas.com\\\/site\\\/2022\\\/12\\\/05\\\/huracan-en-cuartos-y-colon-eliminado\\\/#primaryimage\"},\"image\":{\"@id\":\"https:\\\/\\\/noticiasmercedinas.com\\\/site\\\/2022\\\/12\\\/05\\\/huracan-en-cuartos-y-colon-eliminado\\\/#primaryimage\"},\"thumbnailUrl\":\"https:\\\/\\\/noticiasmercedinas.com\\\/site\\\/wp-content\\\/uploads\\\/2022\\\/12\\\/IMG_2019.jpg\",\"datePublished\":\"2022-12-06T02:48:01+00:00\",\"breadcrumb\":{\"@id\":\"https:\\\/\\\/noticiasmercedinas.com\\\/site\\\/2022\\\/12\\\/05\\\/huracan-en-cuartos-y-colon-eliminado\\\/#breadcrumb\"},\"inLanguage\":\"es\",\"potentialAction\":[{\"@type\":\"ReadAction\",\"target\":[\"https:\\\/\\\/noticiasmercedinas.com\\\/site\\\/2022\\\/12\\\/05\\\/huracan-en-cuartos-y-colon-eliminado\\\/\"]}]},{\"@type\":\"ImageObject\",\"inLanguage\":\"es\",\"@id\":\"https:\\\/\\\/noticiasmercedinas.com\\\/site\\\/2022\\\/12\\\/05\\\/huracan-en-cuartos-y-colon-eliminado\\\/#primaryimage\",\"url\":\"https:\\\/\\\/noticiasmercedinas.com\\\/site\\\/wp-content\\\/uploads\\\/2022\\\/12\\\/IMG_2019.jpg\",\"contentUrl\":\"https:\\\/\\\/noticiasmercedinas.com\\\/site\\\/wp-content\\\/uploads\\\/2022\\\/12\\\/IMG_2019.jpg\",\"width\":640,\"height\":394},{\"@type\":\"BreadcrumbList\",\"@id\":\"https:\\\/\\\/noticiasmercedinas.com\\\/site\\\/2022\\\/12\\\/05\\\/huracan-en-cuartos-y-colon-eliminado\\\/#breadcrumb\",\"itemListElement\":[{\"@type\":\"ListItem\",\"position\":1,\"name\":\"Portada\",\"item\":\"https:\\\/\\\/noticiasmercedinas.com\\\/site\\\/\"},{\"@type\":\"ListItem\",\"position\":2,\"name\":\"Hurac\u00e1n en cuartos y Col\u00f3n eliminado\"}]},{\"@type\":\"WebSite\",\"@id\":\"https:\\\/\\\/noticiasmercedinas.com\\\/site\\\/#website\",\"url\":\"https:\\\/\\\/noticiasmercedinas.com\\\/site\\\/\",\"name\":\"NOTICIASMERCEDINAS.COM\",\"description\":\"Mercedes, Buenos Aires, Argentina\",\"publisher\":{\"@id\":\"https:\\\/\\\/noticiasmercedinas.com\\\/site\\\/#organization\"},\"potentialAction\":[{\"@type\":\"SearchAction\",\"target\":{\"@type\":\"EntryPoint\",\"urlTemplate\":\"https:\\\/\\\/noticiasmercedinas.com\\\/site\\\/?s={search_term_string}\"},\"query-input\":{\"@type\":\"PropertyValueSpecification\",\"valueRequired\":true,\"valueName\":\"search_term_string\"}}],\"inLanguage\":\"es\"},{\"@type\":\"Organization\",\"@id\":\"https:\\\/\\\/noticiasmercedinas.com\\\/site\\\/#organization\",\"name\":\"NOTICIASMERCEDINAS.COM\",\"url\":\"https:\\\/\\\/noticiasmercedinas.com\\\/site\\\/\",\"logo\":{\"@type\":\"ImageObject\",\"inLanguage\":\"es\",\"@id\":\"https:\\\/\\\/noticiasmercedinas.com\\\/site\\\/#\\\/schema\\\/logo\\\/image\\\/\",\"url\":\"https:\\\/\\\/noticiasmercedinas.com\\\/site\\\/wp-content\\\/uploads\\\/2020\\\/06\\\/LOGO-512.jpg\",\"contentUrl\":\"https:\\\/\\\/noticiasmercedinas.com\\\/site\\\/wp-content\\\/uploads\\\/2020\\\/06\\\/LOGO-512.jpg\",\"width\":512,\"height\":512,\"caption\":\"NOTICIASMERCEDINAS.COM\"},\"image\":{\"@id\":\"https:\\\/\\\/noticiasmercedinas.com\\\/site\\\/#\\\/schema\\\/logo\\\/image\\\/\"},\"sameAs\":[\"https:\\\/\\\/www.facebook.com\\\/noticiasmercedinas\\\/\",\"https:\\\/\\\/x.com\\\/notmercedinas\",\"https:\\\/\\\/www.instagram.com\\\/noticiasmercedinas\\\/\"]},{\"@type\":\"Person\",\"@id\":\"https:\\\/\\\/noticiasmercedinas.com\\\/site\\\/#\\\/schema\\\/person\\\/8f2f09d666ef40986eba4a5e6f2a06f9\",\"name\":\"Juan Dagnino NOTICIASMERCEDINAS.COM\",\"image\":{\"@type\":\"ImageObject\",\"inLanguage\":\"es\",\"@id\":\"https:\\\/\\\/secure.gravatar.com\\\/avatar\\\/fc7059a769f5a3cae65fadb228a3e4accf3a64b4b2305020d0a27e6d5333c91b?s=96&d=mm&r=g\",\"url\":\"https:\\\/\\\/secure.gravatar.com\\\/avatar\\\/fc7059a769f5a3cae65fadb228a3e4accf3a64b4b2305020d0a27e6d5333c91b?s=96&d=mm&r=g\",\"contentUrl\":\"https:\\\/\\\/secure.gravatar.com\\\/avatar\\\/fc7059a769f5a3cae65fadb228a3e4accf3a64b4b2305020d0a27e6d5333c91b?s=96&d=mm&r=g\",\"caption\":\"Juan Dagnino NOTICIASMERCEDINAS.COM\"},\"url\":\"https:\\\/\\\/noticiasmercedinas.com\\\/site\\\/author\\\/juandagnino\\\/\"}]}<\/script>\n<!-- \/ Yoast SEO plugin. -->","yoast_head_json":{"title":"Hurac\u00e1n en cuartos y Col\u00f3n eliminado","robots":{"index":"index","follow":"follow","max-snippet":"max-snippet:-1","max-image-preview":"max-image-preview:large","max-video-preview":"max-video-preview:-1"},"canonical":"https:\/\/noticiasmercedinas.com\/site\/2022\/12\/05\/huracan-en-cuartos-y-colon-eliminado\/","og_locale":"es_ES","og_type":"article","og_title":"Hurac\u00e1n en cuartos y Col\u00f3n eliminado","og_description":"\u25a0 En la vuelta volvi\u00f3 a imponerse el \u201cGlobo\u201d y en ese 2-1 hubo un gol de Franco Gatti. Esta noche en Salto fue 3 a 3 entre Defensores y Col\u00f3n quedando el global empatado y con ello penales, pas\u00f3 el \u201cLoro\u201d por 6 a 5.","og_url":"https:\/\/noticiasmercedinas.com\/site\/2022\/12\/05\/huracan-en-cuartos-y-colon-eliminado\/","og_site_name":"NOTICIASMERCEDINAS.COM","article_publisher":"https:\/\/www.facebook.com\/noticiasmercedinas\/","article_published_time":"2022-12-06T02:48:01+00:00","og_image":[{"width":640,"height":394,"url":"https:\/\/noticiasmercedinas.com\/site\/wp-content\/uploads\/2022\/12\/IMG_2019.jpg","type":"image\/jpeg"}],"author":"Juan Dagnino NOTICIASMERCEDINAS.COM","twitter_card":"summary_large_image","twitter_creator":"@notmercedinas","twitter_site":"@notmercedinas","twitter_misc":{"Escrito por":"Juan Dagnino NOTICIASMERCEDINAS.COM","Tiempo de lectura":"3 minutos"},"schema":{"@context":"https:\/\/schema.org","@graph":[{"@type":"Article","@id":"https:\/\/noticiasmercedinas.com\/site\/2022\/12\/05\/huracan-en-cuartos-y-colon-eliminado\/#article","isPartOf":{"@id":"https:\/\/noticiasmercedinas.com\/site\/2022\/12\/05\/huracan-en-cuartos-y-colon-eliminado\/"},"author":{"name":"Juan Dagnino NOTICIASMERCEDINAS.COM","@id":"https:\/\/noticiasmercedinas.com\/site\/#\/schema\/person\/8f2f09d666ef40986eba4a5e6f2a06f9"},"headline":"Hurac\u00e1n en cuartos y Col\u00f3n eliminado","datePublished":"2022-12-06T02:48:01+00:00","mainEntityOfPage":{"@id":"https:\/\/noticiasmercedinas.com\/site\/2022\/12\/05\/huracan-en-cuartos-y-colon-eliminado\/"},"wordCount":414,"commentCount":0,"publisher":{"@id":"https:\/\/noticiasmercedinas.com\/site\/#organization"},"image":{"@id":"https:\/\/noticiasmercedinas.com\/site\/2022\/12\/05\/huracan-en-cuartos-y-colon-eliminado\/#primaryimage"},"thumbnailUrl":"https:\/\/noticiasmercedinas.com\/site\/wp-content\/uploads\/2022\/12\/IMG_2019.jpg","keywords":["colon de chivilcoy","hurac\u00e1n","Torneo Regional Federal Amateur"],"articleSection":["Deportes"],"inLanguage":"es","potentialAction":[{"@type":"CommentAction","name":"Comment","target":["https:\/\/noticiasmercedinas.com\/site\/2022\/12\/05\/huracan-en-cuartos-y-colon-eliminado\/#respond"]}]},{"@type":"WebPage","@id":"https:\/\/noticiasmercedinas.com\/site\/2022\/12\/05\/huracan-en-cuartos-y-colon-eliminado\/","url":"https:\/\/noticiasmercedinas.com\/site\/2022\/12\/05\/huracan-en-cuartos-y-colon-eliminado\/","name":"Hurac\u00e1n en cuartos y Col\u00f3n eliminado","isPartOf":{"@id":"https:\/\/noticiasmercedinas.com\/site\/#website"},"primaryImageOfPage":{"@id":"https:\/\/noticiasmercedinas.com\/site\/2022\/12\/05\/huracan-en-cuartos-y-colon-eliminado\/#primaryimage"},"image":{"@id":"https:\/\/noticiasmercedinas.com\/site\/2022\/12\/05\/huracan-en-cuartos-y-colon-eliminado\/#primaryimage"},"thumbnailUrl":"https:\/\/noticiasmercedinas.com\/site\/wp-content\/uploads\/2022\/12\/IMG_2019.jpg","datePublished":"2022-12-06T02:48:01+00:00","breadcrumb":{"@id":"https:\/\/noticiasmercedinas.com\/site\/2022\/12\/05\/huracan-en-cuartos-y-colon-eliminado\/#breadcrumb"},"inLanguage":"es","potentialAction":[{"@type":"ReadAction","target":["https:\/\/noticiasmercedinas.com\/site\/2022\/12\/05\/huracan-en-cuartos-y-colon-eliminado\/"]}]},{"@type":"ImageObject","inLanguage":"es","@id":"https:\/\/noticiasmercedinas.com\/site\/2022\/12\/05\/huracan-en-cuartos-y-colon-eliminado\/#primaryimage","url":"https:\/\/noticiasmercedinas.com\/site\/wp-content\/uploads\/2022\/12\/IMG_2019.jpg","contentUrl":"https:\/\/noticiasmercedinas.com\/site\/wp-content\/uploads\/2022\/12\/IMG_2019.jpg","width":640,"height":394},{"@type":"BreadcrumbList","@id":"https:\/\/noticiasmercedinas.com\/site\/2022\/12\/05\/huracan-en-cuartos-y-colon-eliminado\/#breadcrumb","itemListElement":[{"@type":"ListItem","position":1,"name":"Portada","item":"https:\/\/noticiasmercedinas.com\/site\/"},{"@type":"ListItem","position":2,"name":"Hurac\u00e1n en cuartos y Col\u00f3n eliminado"}]},{"@type":"WebSite","@id":"https:\/\/noticiasmercedinas.com\/site\/#website","url":"https:\/\/noticiasmercedinas.com\/site\/","name":"NOTICIASMERCEDINAS.COM","description":"Mercedes, Buenos Aires, Argentina","publisher":{"@id":"https:\/\/noticiasmercedinas.com\/site\/#organization"},"potentialAction":[{"@type":"SearchAction","target":{"@type":"EntryPoint","urlTemplate":"https:\/\/noticiasmercedinas.com\/site\/?s={search_term_string}"},"query-input":{"@type":"PropertyValueSpecification","valueRequired":true,"valueName":"search_term_string"}}],"inLanguage":"es"},{"@type":"Organization","@id":"https:\/\/noticiasmercedinas.com\/site\/#organization","name":"NOTICIASMERCEDINAS.COM","url":"https:\/\/noticiasmercedinas.com\/site\/","logo":{"@type":"ImageObject","inLanguage":"es","@id":"https:\/\/noticiasmercedinas.com\/site\/#\/schema\/logo\/image\/","url":"https:\/\/noticiasmercedinas.com\/site\/wp-content\/uploads\/2020\/06\/LOGO-512.jpg","contentUrl":"https:\/\/noticiasmercedinas.com\/site\/wp-content\/uploads\/2020\/06\/LOGO-512.jpg","width":512,"height":512,"caption":"NOTICIASMERCEDINAS.COM"},"image":{"@id":"https:\/\/noticiasmercedinas.com\/site\/#\/schema\/logo\/image\/"},"sameAs":["https:\/\/www.facebook.com\/noticiasmercedinas\/","https:\/\/x.com\/notmercedinas","https:\/\/www.instagram.com\/noticiasmercedinas\/"]},{"@type":"Person","@id":"https:\/\/noticiasmercedinas.com\/site\/#\/schema\/person\/8f2f09d666ef40986eba4a5e6f2a06f9","name":"Juan Dagnino NOTICIASMERCEDINAS.COM","image":{"@type":"ImageObject","inLanguage":"es","@id":"https:\/\/secure.gravatar.com\/avatar\/fc7059a769f5a3cae65fadb228a3e4accf3a64b4b2305020d0a27e6d5333c91b?s=96&d=mm&r=g","url":"https:\/\/secure.gravatar.com\/avatar\/fc7059a769f5a3cae65fadb228a3e4accf3a64b4b2305020d0a27e6d5333c91b?s=96&d=mm&r=g","contentUrl":"https:\/\/secure.gravatar.com\/avatar\/fc7059a769f5a3cae65fadb228a3e4accf3a64b4b2305020d0a27e6d5333c91b?s=96&d=mm&r=g","caption":"Juan Dagnino NOTICIASMERCEDINAS.COM"},"url":"https:\/\/noticiasmercedinas.com\/site\/author\/juandagnino\/"}]}},"amp_enabled":true,"_links":{"self":[{"href":"https:\/\/noticiasmercedinas.com\/site\/wp-json\/wp\/v2\/posts\/105974","targetHints":{"allow":["GET"]}}],"collection":[{"href":"https:\/\/noticiasmercedinas.com\/site\/wp-json\/wp\/v2\/posts"}],"about":[{"href":"https:\/\/noticiasmercedinas.com\/site\/wp-json\/wp\/v2\/types\/post"}],"author":[{"embeddable":true,"href":"https:\/\/noticiasmercedinas.com\/site\/wp-json\/wp\/v2\/users\/6"}],"replies":[{"embeddable":true,"href":"https:\/\/noticiasmercedinas.com\/site\/wp-json\/wp\/v2\/comments?post=105974"}],"version-history":[{"count":1,"href":"https:\/\/noticiasmercedinas.com\/site\/wp-json\/wp\/v2\/posts\/105974\/revisions"}],"predecessor-version":[{"id":105976,"href":"https:\/\/noticiasmercedinas.com\/site\/wp-json\/wp\/v2\/posts\/105974\/revisions\/105976"}],"wp:featuredmedia":[{"embeddable":true,"href":"https:\/\/noticiasmercedinas.com\/site\/wp-json\/wp\/v2\/media\/105975"}],"wp:attachment":[{"href":"https:\/\/noticiasmercedinas.com\/site\/wp-json\/wp\/v2\/media?parent=105974"}],"wp:term":[{"taxonomy":"category","embeddable":true,"href":"https:\/\/noticiasmercedinas.com\/site\/wp-json\/wp\/v2\/categories?post=105974"},{"taxonomy":"post_tag","embeddable":true,"href":"https:\/\/noticiasmercedinas.com\/site\/wp-json\/wp\/v2\/tags?post=105974"}],"curies":[{"name":"wp","href":"https:\/\/api.w.org\/{rel}","templated":true}]}}