{"id":10598,"date":"2019-01-14T10:31:27","date_gmt":"2019-01-14T13:31:27","guid":{"rendered":"https:\/\/noticiasmercedinas.com\/site\/?p=10598"},"modified":"2019-01-14T10:31:27","modified_gmt":"2019-01-14T13:31:27","slug":"acercarte-unas-60-mil-personas-pasaron-por-la-trocha","status":"publish","type":"post","link":"https:\/\/noticiasmercedinas.com\/site\/2019\/01\/14\/acercarte-unas-60-mil-personas-pasaron-por-la-trocha\/","title":{"rendered":"\u00abAcercarte\u00bb: unas 60 mil personas pasaron por La Trocha"},"content":{"rendered":"\r\n                <style type=\"text\/css\">\r\n                    \r\n                    #td_uid_1_69f5d1ad56cac  .td-doubleSlider-2 .td-item1 {\r\n                        background: url(https:\/\/noticiasmercedinas.com\/site\/wp-content\/uploads\/2019\/01\/DSC06819-160x120.jpg) 0 0 no-repeat;\r\n                    }\r\n                    #td_uid_1_69f5d1ad56cac  .td-doubleSlider-2 .td-item2 {\r\n                        background: url(https:\/\/noticiasmercedinas.com\/site\/wp-content\/uploads\/2019\/01\/411_Acercarte-Verano_Mercedes_120119_7J9A1552-160x120.jpg) 0 0 no-repeat;\r\n                    }\r\n                    #td_uid_1_69f5d1ad56cac  .td-doubleSlider-2 .td-item3 {\r\n                        background: url(https:\/\/noticiasmercedinas.com\/site\/wp-content\/uploads\/2019\/01\/DSC06767-160x120.jpg) 0 0 no-repeat;\r\n                    }\r\n                    #td_uid_1_69f5d1ad56cac  .td-doubleSlider-2 .td-item4 {\r\n                        background: url(https:\/\/noticiasmercedinas.com\/site\/wp-content\/uploads\/2019\/01\/DSC06793-160x120.jpg) 0 0 no-repeat;\r\n                    }\r\n                    #td_uid_1_69f5d1ad56cac  .td-doubleSlider-2 .td-item5 {\r\n                        background: url(https:\/\/noticiasmercedinas.com\/site\/wp-content\/uploads\/2019\/01\/IMG-20190113-WA0039-160x120.jpg) 0 0 no-repeat;\r\n                    }\r\n                    #td_uid_1_69f5d1ad56cac  .td-doubleSlider-2 .td-item6 {\r\n                        background: url(https:\/\/noticiasmercedinas.com\/site\/wp-content\/uploads\/2019\/01\/IMG-20190113-WA0147-160x120.jpg) 0 0 no-repeat;\r\n                    }\r\n                <\/style>\r\n\r\n                <div id=\"td_uid_1_69f5d1ad56cac\" class=\"td-gallery td-slide-on-2-columns\">\r\n                    <div class=\"post_td_gallery\">\r\n                        <div class=\"td-gallery-slide-top\">\r\n                           <div class=\"td-gallery-title\"><\/div>\r\n\r\n                            <div class=\"td-gallery-controls-wrapper\">\r\n                                <div class=\"td-gallery-slide-count\"><span class=\"td-gallery-slide-item-focus\">1<\/span> de 6<\/div>\r\n                                <div class=\"td-gallery-slide-prev-next-but\">\r\n                                    <i class = \"td-icon-left doubleSliderPrevButton\"><\/i>\r\n                                    <i class = \"td-icon-right doubleSliderNextButton\"><\/i>\r\n                                <\/div>\r\n                            <\/div>\r\n                        <\/div>\r\n\r\n                        <div class = \"td-doubleSlider-1 \">\r\n                            <div class = \"td-slider\">\r\n                                \r\n                    <div class = \"td-slide-item td-item1\">\r\n                        <figure class=\"td-slide-galery-figure td-slide-popup-gallery\">\r\n                            <a class=\"slide-gallery-image-link\" href=\"https:\/\/noticiasmercedinas.com\/site\/wp-content\/uploads\/2019\/01\/DSC06819.jpg\" title=\"DSC06819\"  data-caption=\"\"  data-description=\"\">\r\n                                <img decoding=\"async\" src=\"https:\/\/noticiasmercedinas.com\/site\/wp-content\/uploads\/2019\/01\/DSC06819.jpg\" srcset=\"https:\/\/noticiasmercedinas.com\/site\/wp-content\/uploads\/2019\/01\/DSC06819.jpg 1026w, https:\/\/noticiasmercedinas.com\/site\/wp-content\/uploads\/2019\/01\/DSC06819-300x169.jpg 300w, https:\/\/noticiasmercedinas.com\/site\/wp-content\/uploads\/2019\/01\/DSC06819-768x432.jpg 768w, https:\/\/noticiasmercedinas.com\/site\/wp-content\/uploads\/2019\/01\/DSC06819-1024x576.jpg 1024w, https:\/\/noticiasmercedinas.com\/site\/wp-content\/uploads\/2019\/01\/DSC06819-640x360.jpg 640w, https:\/\/noticiasmercedinas.com\/site\/wp-content\/uploads\/2019\/01\/DSC06819-681x383.jpg 681w\" sizes=\"(max-width: 1026px) 100vw, 1026px\" alt=\"\">\r\n                            <\/a>\r\n                            \r\n                        <\/figure>\r\n                    <\/div>\r\n                    <div class = \"td-slide-item td-item2\">\r\n                        <figure class=\"td-slide-galery-figure td-slide-popup-gallery\">\r\n                            <a class=\"slide-gallery-image-link\" href=\"https:\/\/noticiasmercedinas.com\/site\/wp-content\/uploads\/2019\/01\/411_Acercarte-Verano_Mercedes_120119_7J9A1552.jpg\" title=\"411_Acercarte Verano_Mercedes_120119_7J9A1552\"  data-caption=\"\"  data-description=\"\">\r\n                                <img decoding=\"async\" src=\"https:\/\/noticiasmercedinas.com\/site\/wp-content\/uploads\/2019\/01\/411_Acercarte-Verano_Mercedes_120119_7J9A1552.jpg\" srcset=\"https:\/\/noticiasmercedinas.com\/site\/wp-content\/uploads\/2019\/01\/411_Acercarte-Verano_Mercedes_120119_7J9A1552.jpg 939w, https:\/\/noticiasmercedinas.com\/site\/wp-content\/uploads\/2019\/01\/411_Acercarte-Verano_Mercedes_120119_7J9A1552-300x200.jpg 300w, https:\/\/noticiasmercedinas.com\/site\/wp-content\/uploads\/2019\/01\/411_Acercarte-Verano_Mercedes_120119_7J9A1552-768x512.jpg 768w, https:\/\/noticiasmercedinas.com\/site\/wp-content\/uploads\/2019\/01\/411_Acercarte-Verano_Mercedes_120119_7J9A1552-640x427.jpg 640w, https:\/\/noticiasmercedinas.com\/site\/wp-content\/uploads\/2019\/01\/411_Acercarte-Verano_Mercedes_120119_7J9A1552-681x454.jpg 681w\" sizes=\"(max-width: 939px) 100vw, 939px\" alt=\"\">\r\n                            <\/a>\r\n                            \r\n                        <\/figure>\r\n                    <\/div>\r\n                    <div class = \"td-slide-item td-item3\">\r\n                        <figure class=\"td-slide-galery-figure td-slide-popup-gallery\">\r\n                            <a class=\"slide-gallery-image-link\" href=\"https:\/\/noticiasmercedinas.com\/site\/wp-content\/uploads\/2019\/01\/DSC06767.jpg\" title=\"DSC06767\"  data-caption=\"\"  data-description=\"\">\r\n                                <img decoding=\"async\" src=\"https:\/\/noticiasmercedinas.com\/site\/wp-content\/uploads\/2019\/01\/DSC06767.jpg\" srcset=\"https:\/\/noticiasmercedinas.com\/site\/wp-content\/uploads\/2019\/01\/DSC06767.jpg 857w, https:\/\/noticiasmercedinas.com\/site\/wp-content\/uploads\/2019\/01\/DSC06767-300x202.jpg 300w, https:\/\/noticiasmercedinas.com\/site\/wp-content\/uploads\/2019\/01\/DSC06767-768x517.jpg 768w, https:\/\/noticiasmercedinas.com\/site\/wp-content\/uploads\/2019\/01\/DSC06767-640x431.jpg 640w, https:\/\/noticiasmercedinas.com\/site\/wp-content\/uploads\/2019\/01\/DSC06767-681x459.jpg 681w\" sizes=\"(max-width: 857px) 100vw, 857px\" alt=\"\">\r\n                            <\/a>\r\n                            \r\n                        <\/figure>\r\n                    <\/div>\r\n                    <div class = \"td-slide-item td-item4\">\r\n                        <figure class=\"td-slide-galery-figure td-slide-popup-gallery\">\r\n                            <a class=\"slide-gallery-image-link\" href=\"https:\/\/noticiasmercedinas.com\/site\/wp-content\/uploads\/2019\/01\/DSC06793.jpg\" title=\"DSC06793\"  data-caption=\"\"  data-description=\"\">\r\n                                <img decoding=\"async\" src=\"https:\/\/noticiasmercedinas.com\/site\/wp-content\/uploads\/2019\/01\/DSC06793.jpg\" srcset=\"https:\/\/noticiasmercedinas.com\/site\/wp-content\/uploads\/2019\/01\/DSC06793.jpg 1113w, https:\/\/noticiasmercedinas.com\/site\/wp-content\/uploads\/2019\/01\/DSC06793-300x169.jpg 300w, https:\/\/noticiasmercedinas.com\/site\/wp-content\/uploads\/2019\/01\/DSC06793-768x432.jpg 768w, https:\/\/noticiasmercedinas.com\/site\/wp-content\/uploads\/2019\/01\/DSC06793-1024x576.jpg 1024w, https:\/\/noticiasmercedinas.com\/site\/wp-content\/uploads\/2019\/01\/DSC06793-640x360.jpg 640w, https:\/\/noticiasmercedinas.com\/site\/wp-content\/uploads\/2019\/01\/DSC06793-681x383.jpg 681w\" sizes=\"(max-width: 1113px) 100vw, 1113px\" alt=\"\">\r\n                            <\/a>\r\n                            \r\n                        <\/figure>\r\n                    <\/div>\r\n                    <div class = \"td-slide-item td-item5\">\r\n                        <figure class=\"td-slide-galery-figure td-slide-popup-gallery\">\r\n                            <a class=\"slide-gallery-image-link\" href=\"https:\/\/noticiasmercedinas.com\/site\/wp-content\/uploads\/2019\/01\/IMG-20190113-WA0039.jpg\" title=\"IMG-20190113-WA0039\"  data-caption=\"\"  data-description=\"\">\r\n                                <img decoding=\"async\" src=\"https:\/\/noticiasmercedinas.com\/site\/wp-content\/uploads\/2019\/01\/IMG-20190113-WA0039.jpg\" srcset=\"https:\/\/noticiasmercedinas.com\/site\/wp-content\/uploads\/2019\/01\/IMG-20190113-WA0039.jpg 1280w, https:\/\/noticiasmercedinas.com\/site\/wp-content\/uploads\/2019\/01\/IMG-20190113-WA0039-300x169.jpg 300w, https:\/\/noticiasmercedinas.com\/site\/wp-content\/uploads\/2019\/01\/IMG-20190113-WA0039-768x432.jpg 768w, https:\/\/noticiasmercedinas.com\/site\/wp-content\/uploads\/2019\/01\/IMG-20190113-WA0039-1024x576.jpg 1024w, https:\/\/noticiasmercedinas.com\/site\/wp-content\/uploads\/2019\/01\/IMG-20190113-WA0039-640x360.jpg 640w, https:\/\/noticiasmercedinas.com\/site\/wp-content\/uploads\/2019\/01\/IMG-20190113-WA0039-681x383.jpg 681w\" sizes=\"(max-width: 1280px) 100vw, 1280px\" alt=\"\">\r\n                            <\/a>\r\n                            \r\n                        <\/figure>\r\n                    <\/div>\r\n                    <div class = \"td-slide-item td-item6\">\r\n                        <figure class=\"td-slide-galery-figure td-slide-popup-gallery\">\r\n                            <a class=\"slide-gallery-image-link\" href=\"https:\/\/noticiasmercedinas.com\/site\/wp-content\/uploads\/2019\/01\/IMG-20190113-WA0147.jpg\" title=\"IMG-20190113-WA0147\"  data-caption=\"\"  data-description=\"\">\r\n                                <img decoding=\"async\" src=\"https:\/\/noticiasmercedinas.com\/site\/wp-content\/uploads\/2019\/01\/IMG-20190113-WA0147.jpg\" srcset=\"https:\/\/noticiasmercedinas.com\/site\/wp-content\/uploads\/2019\/01\/IMG-20190113-WA0147.jpg 1280w, https:\/\/noticiasmercedinas.com\/site\/wp-content\/uploads\/2019\/01\/IMG-20190113-WA0147-300x168.jpg 300w, https:\/\/noticiasmercedinas.com\/site\/wp-content\/uploads\/2019\/01\/IMG-20190113-WA0147-768x431.jpg 768w, https:\/\/noticiasmercedinas.com\/site\/wp-content\/uploads\/2019\/01\/IMG-20190113-WA0147-1024x574.jpg 1024w, https:\/\/noticiasmercedinas.com\/site\/wp-content\/uploads\/2019\/01\/IMG-20190113-WA0147-640x359.jpg 640w, https:\/\/noticiasmercedinas.com\/site\/wp-content\/uploads\/2019\/01\/IMG-20190113-WA0147-681x382.jpg 681w\" sizes=\"(max-width: 1280px) 100vw, 1280px\" alt=\"\">\r\n                            <\/a>\r\n                            \r\n                        <\/figure>\r\n                    <\/div>\r\n                            <\/div>\r\n                        <\/div>\r\n\r\n                        <div class = \"td-doubleSlider-2\">\r\n                            <div class = \"td-slider\">\r\n                                \r\n                    <div class = \"td-button td-item1\">\r\n                        <div class = \"td-border\"><\/div>\r\n                    <\/div>\r\n                    <div class = \"td-button td-item2\">\r\n                        <div class = \"td-border\"><\/div>\r\n                    <\/div>\r\n                    <div class = \"td-button td-item3\">\r\n                        <div class = \"td-border\"><\/div>\r\n                    <\/div>\r\n                    <div class = \"td-button td-item4\">\r\n                        <div class = \"td-border\"><\/div>\r\n                    <\/div>\r\n                    <div class = \"td-button td-item5\">\r\n                        <div class = \"td-border\"><\/div>\r\n                    <\/div>\r\n                    <div class = \"td-button td-item6\">\r\n                        <div class = \"td-border\"><\/div>\r\n                    <\/div>\r\n                            <\/div>\r\n                        <\/div>\r\n\r\n                    <\/div>\r\n\r\n                <\/div>\r\n                \n<p style=\"font-weight: 400;\">Una multitud disfrut\u00f3 en La Trocha del programa AcercArte este fin de semana. Las actividades\u00a0convocaron a una multitud en dos jornadas de m\u00fasica, teatro, lecturas, talleres creativos, stand up y fiesta familiar. El s\u00e1bado con Axel, Arana y Silvestre como n\u00fameros principales y el domingo con Coti y Graciela Borges. \u201cFue una gran fiesta familiar. Para los vecinos\u201d, destac\u00f3 Ustarroz. Estuvo presente en ambas jornadas el ministro el ministro de Cultura bonaerense, Alejando G\u00f3mez.<\/p>\n<p>Desde las 16 horas ambos d\u00edas hubo actividades. Lectura y entrevistas literarias en la biblioteca, talleres creativos y l\u00fadicos para los m\u00e1s peque\u00f1os. Danza y coreograf\u00edas para los j\u00f3venes como as\u00ed tambi\u00e9n arte en vivo, todo surgido de la gesti\u00f3n de la Municipalidad para que a Mercedes arribe el programa AcercArte de la Provincia de Buenos Aires y que fuera anunciado tiempo atr\u00e1s entre el intendente Ustarroz y el ministro G\u00f3mez.<\/p>\n<p>El s\u00e1bado con la presentaci\u00f3n de Axel en La Trocha, pero en una jornada que durante todo el d\u00eda hubo p\u00fablico, se pudo observar una gran asistencia, calculada en 25 mil personas o m\u00e1s, con im\u00e1genes a\u00e9reas de drone que expon\u00edan la marea de mercedinos disfrutando del espect\u00e1culo. El cierre de Axel fue con 17 canciones a pleno y j\u00f3venes acampando desde el mediod\u00eda para poder verlo en primera fila. En cuanto al teatro, otro plato fuerte, Facundo Arana y Soledad Silveyra colmaron las instalaciones del Teatro Argentino.<\/p>\n<p>El domingo arranc\u00f3 con danza y rap a las 16 horas donde el clima que parec\u00eda amenazar no perjudic\u00f3 en nada. Sigui\u00f3 con cine m\u00f3vil, lecturas, stand up, lecturas, infantiles y en el teatro con la reconocida Graciela Borges y Adriana Barc\u00eda, para tener en La Trocha un escenario a pleno con Coti, el afamado autor de grandes canciones que no s\u00f3lo canta \u00e9l sino otras grandes figuras.<\/p>\n<p>Tras las presentaciones, en el and\u00e9n se sigui\u00f3 con la fiesta. Juan Ustarroz present\u00f3 a Ballestos, un artista del barrio La Trocha que cant\u00f3 unos temas para los cientos de vecinos que se quedaron a disfrutar de los puestos de artesanos, gastronom\u00eda y el patio cervecero.<\/p>\n<p>El jefe comunal remarc\u00f3 que \u201chubo un trabajo muy minucioso de ambos equipos, tanto de provincia y Municipio, se trabaj\u00f3 c\u00f3modamente, pensando en sacar el mayor beneficio para toda la ciudadan\u00eda con esta importante propuesta cultural\u201d. Y destac\u00f3 que \u201ceste tipo de fiestas, que tanto efectuamos en la ciudad, fomentan el turismo, la cultura, el trabajo y en Mercedes no dejaremos de realizarlas, sabiendo lo imporante que son para todos y por eso pronto viviremos otros carnavales espl\u00e9ndidos\u00bb.<\/p>\n<p>Se cont\u00f3 con la presencia de Alejandro G\u00f3mez, Ministro de Gesti\u00f3n Cultural de la Provincia, quien recorri\u00f3 el predio junto al intendente Juan Ignacio Ustarroz, la directora de Cultura Luc\u00eda Capaccio, y el secretario de Gobierno Juan Pablo L\u00f3pez Baggio.<\/p>\n<p>\u201cPara nosotros es un gran desaf\u00edo llevar a cabo un programa de esta magnitud, que acerca cultura de excelencia, en distintas disciplinas, a los bonaerenses. Trabajando en equipo con los municipios e incluyendo artistas provinciales. La propuesta es llegar a los 135 municipios, sin distinci\u00f3n de cantidad de habitantes o color pol\u00edtico. Creemos que el acceso a la cultura siempre posibilita el desarrollo de mejores personas y sociedades\u201d, sostuvo el ministro G\u00f3mez.<\/p>\n<p>En ambas jornadas, destacaron desde la organizaci\u00f3n entre la Comuna y la Provincia, hubo gran asistencia, que fue estimada en 60 mil personas. El predio de La Trocha, recuperado para toda la familia, nuevamente fue un gran espacio de encuentro, entretenimiento y goce.<\/p>\n","protected":false},"excerpt":{"rendered":"<p>Una multitud disfrut\u00f3 en La Trocha del programa AcercArte este fin de semana. Las actividades\u00a0convocaron a una multitud en dos jornadas de m\u00fasica, teatro, lecturas, talleres creativos, stand up y fiesta familiar. El s\u00e1bado con Axel, Arana y Silvestre como n\u00fameros principales y el domingo con Coti y Graciela Borges. \u201cFue una gran fiesta familiar. [&hellip;]<\/p>\n","protected":false},"author":2,"featured_media":10602,"comment_status":"open","ping_status":"open","sticky":false,"template":"","format":"standard","meta":{"footnotes":""},"categories":[4],"tags":[2256,2510,3174,88],"class_list":["post-10598","post","type-post","status-publish","format-standard","has-post-thumbnail","hentry","category-cultura","tag-acercarte","tag-centro-cultural-la-trocha","tag-coty","tag-musica"],"yoast_head":"<!-- This site is optimized with the Yoast SEO plugin v27.5 - https:\/\/yoast.com\/product\/yoast-seo-wordpress\/ -->\n<title>&quot;Acercarte&quot;: unas 60 mil personas pasaron por La Trocha<\/title>\n<meta name=\"robots\" content=\"index, follow, max-snippet:-1, max-image-preview:large, max-video-preview:-1\" \/>\n<link rel=\"canonical\" href=\"https:\/\/noticiasmercedinas.com\/site\/2019\/01\/14\/acercarte-unas-60-mil-personas-pasaron-por-la-trocha\/\" \/>\n<meta property=\"og:locale\" content=\"es_ES\" \/>\n<meta property=\"og:type\" content=\"article\" \/>\n<meta property=\"og:title\" content=\"&quot;Acercarte&quot;: unas 60 mil personas pasaron por La Trocha\" \/>\n<meta property=\"og:description\" content=\"Una multitud disfrut\u00f3 en La Trocha del programa AcercArte este fin de semana. Las actividades\u00a0convocaron a una multitud en dos jornadas de m\u00fasica, teatro, lecturas, talleres creativos, stand up y fiesta familiar. El s\u00e1bado con Axel, Arana y Silvestre como n\u00fameros principales y el domingo con Coti y Graciela Borges. \u201cFue una gran fiesta familiar. [&hellip;]\" \/>\n<meta property=\"og:url\" content=\"https:\/\/noticiasmercedinas.com\/site\/2019\/01\/14\/acercarte-unas-60-mil-personas-pasaron-por-la-trocha\/\" \/>\n<meta property=\"og:site_name\" content=\"NOTICIASMERCEDINAS.COM\" \/>\n<meta property=\"article:publisher\" content=\"https:\/\/www.facebook.com\/noticiasmercedinas\/\" \/>\n<meta property=\"article:author\" content=\"https:\/\/www.facebook.com\/cristian.falabella\" \/>\n<meta property=\"article:published_time\" content=\"2019-01-14T13:31:27+00:00\" \/>\n<meta property=\"og:image\" content=\"https:\/\/noticiasmercedinas.com\/site\/wp-content\/uploads\/2019\/01\/DSC06819.jpg\" \/>\n\t<meta property=\"og:image:width\" content=\"1026\" \/>\n\t<meta property=\"og:image:height\" content=\"577\" \/>\n\t<meta property=\"og:image:type\" content=\"image\/jpeg\" \/>\n<meta name=\"author\" content=\"Cristian Falabella NOTICIASMERCEDINAS.COM\" \/>\n<meta name=\"twitter:card\" content=\"summary_large_image\" \/>\n<meta name=\"twitter:creator\" content=\"@https:\/\/twitter.com\/NOTMERCEDINAS\" \/>\n<meta name=\"twitter:site\" content=\"@notmercedinas\" \/>\n<meta name=\"twitter:label1\" content=\"Escrito por\" \/>\n\t<meta name=\"twitter:data1\" content=\"Cristian Falabella NOTICIASMERCEDINAS.COM\" \/>\n\t<meta name=\"twitter:label2\" content=\"Tiempo de lectura\" \/>\n\t<meta name=\"twitter:data2\" content=\"3 minutos\" \/>\n<script type=\"application\/ld+json\" class=\"yoast-schema-graph\">{\"@context\":\"https:\\\/\\\/schema.org\",\"@graph\":[{\"@type\":\"Article\",\"@id\":\"https:\\\/\\\/noticiasmercedinas.com\\\/site\\\/2019\\\/01\\\/14\\\/acercarte-unas-60-mil-personas-pasaron-por-la-trocha\\\/#article\",\"isPartOf\":{\"@id\":\"https:\\\/\\\/noticiasmercedinas.com\\\/site\\\/2019\\\/01\\\/14\\\/acercarte-unas-60-mil-personas-pasaron-por-la-trocha\\\/\"},\"author\":{\"name\":\"Cristian Falabella NOTICIASMERCEDINAS.COM\",\"@id\":\"https:\\\/\\\/noticiasmercedinas.com\\\/site\\\/#\\\/schema\\\/person\\\/d481a9696a5feaec13a60e2bbd991a6a\"},\"headline\":\"\u00abAcercarte\u00bb: unas 60 mil personas pasaron por La Trocha\",\"datePublished\":\"2019-01-14T13:31:27+00:00\",\"mainEntityOfPage\":{\"@id\":\"https:\\\/\\\/noticiasmercedinas.com\\\/site\\\/2019\\\/01\\\/14\\\/acercarte-unas-60-mil-personas-pasaron-por-la-trocha\\\/\"},\"wordCount\":635,\"commentCount\":0,\"publisher\":{\"@id\":\"https:\\\/\\\/noticiasmercedinas.com\\\/site\\\/#organization\"},\"image\":{\"@id\":\"https:\\\/\\\/noticiasmercedinas.com\\\/site\\\/2019\\\/01\\\/14\\\/acercarte-unas-60-mil-personas-pasaron-por-la-trocha\\\/#primaryimage\"},\"thumbnailUrl\":\"https:\\\/\\\/noticiasmercedinas.com\\\/site\\\/wp-content\\\/uploads\\\/2019\\\/01\\\/DSC06819.jpg\",\"keywords\":[\"Acercarte\",\"centro cultural la trocha\",\"coty\",\"musica\"],\"articleSection\":[\"Cultura\"],\"inLanguage\":\"es\",\"potentialAction\":[{\"@type\":\"CommentAction\",\"name\":\"Comment\",\"target\":[\"https:\\\/\\\/noticiasmercedinas.com\\\/site\\\/2019\\\/01\\\/14\\\/acercarte-unas-60-mil-personas-pasaron-por-la-trocha\\\/#respond\"]}]},{\"@type\":\"WebPage\",\"@id\":\"https:\\\/\\\/noticiasmercedinas.com\\\/site\\\/2019\\\/01\\\/14\\\/acercarte-unas-60-mil-personas-pasaron-por-la-trocha\\\/\",\"url\":\"https:\\\/\\\/noticiasmercedinas.com\\\/site\\\/2019\\\/01\\\/14\\\/acercarte-unas-60-mil-personas-pasaron-por-la-trocha\\\/\",\"name\":\"\\\"Acercarte\\\": unas 60 mil personas pasaron por La Trocha\",\"isPartOf\":{\"@id\":\"https:\\\/\\\/noticiasmercedinas.com\\\/site\\\/#website\"},\"primaryImageOfPage\":{\"@id\":\"https:\\\/\\\/noticiasmercedinas.com\\\/site\\\/2019\\\/01\\\/14\\\/acercarte-unas-60-mil-personas-pasaron-por-la-trocha\\\/#primaryimage\"},\"image\":{\"@id\":\"https:\\\/\\\/noticiasmercedinas.com\\\/site\\\/2019\\\/01\\\/14\\\/acercarte-unas-60-mil-personas-pasaron-por-la-trocha\\\/#primaryimage\"},\"thumbnailUrl\":\"https:\\\/\\\/noticiasmercedinas.com\\\/site\\\/wp-content\\\/uploads\\\/2019\\\/01\\\/DSC06819.jpg\",\"datePublished\":\"2019-01-14T13:31:27+00:00\",\"breadcrumb\":{\"@id\":\"https:\\\/\\\/noticiasmercedinas.com\\\/site\\\/2019\\\/01\\\/14\\\/acercarte-unas-60-mil-personas-pasaron-por-la-trocha\\\/#breadcrumb\"},\"inLanguage\":\"es\",\"potentialAction\":[{\"@type\":\"ReadAction\",\"target\":[\"https:\\\/\\\/noticiasmercedinas.com\\\/site\\\/2019\\\/01\\\/14\\\/acercarte-unas-60-mil-personas-pasaron-por-la-trocha\\\/\"]}]},{\"@type\":\"ImageObject\",\"inLanguage\":\"es\",\"@id\":\"https:\\\/\\\/noticiasmercedinas.com\\\/site\\\/2019\\\/01\\\/14\\\/acercarte-unas-60-mil-personas-pasaron-por-la-trocha\\\/#primaryimage\",\"url\":\"https:\\\/\\\/noticiasmercedinas.com\\\/site\\\/wp-content\\\/uploads\\\/2019\\\/01\\\/DSC06819.jpg\",\"contentUrl\":\"https:\\\/\\\/noticiasmercedinas.com\\\/site\\\/wp-content\\\/uploads\\\/2019\\\/01\\\/DSC06819.jpg\",\"width\":1026,\"height\":577},{\"@type\":\"BreadcrumbList\",\"@id\":\"https:\\\/\\\/noticiasmercedinas.com\\\/site\\\/2019\\\/01\\\/14\\\/acercarte-unas-60-mil-personas-pasaron-por-la-trocha\\\/#breadcrumb\",\"itemListElement\":[{\"@type\":\"ListItem\",\"position\":1,\"name\":\"Portada\",\"item\":\"https:\\\/\\\/noticiasmercedinas.com\\\/site\\\/\"},{\"@type\":\"ListItem\",\"position\":2,\"name\":\"\u00abAcercarte\u00bb: unas 60 mil personas pasaron por La Trocha\"}]},{\"@type\":\"WebSite\",\"@id\":\"https:\\\/\\\/noticiasmercedinas.com\\\/site\\\/#website\",\"url\":\"https:\\\/\\\/noticiasmercedinas.com\\\/site\\\/\",\"name\":\"NOTICIASMERCEDINAS.COM\",\"description\":\"Mercedes, Buenos Aires, Argentina\",\"publisher\":{\"@id\":\"https:\\\/\\\/noticiasmercedinas.com\\\/site\\\/#organization\"},\"potentialAction\":[{\"@type\":\"SearchAction\",\"target\":{\"@type\":\"EntryPoint\",\"urlTemplate\":\"https:\\\/\\\/noticiasmercedinas.com\\\/site\\\/?s={search_term_string}\"},\"query-input\":{\"@type\":\"PropertyValueSpecification\",\"valueRequired\":true,\"valueName\":\"search_term_string\"}}],\"inLanguage\":\"es\"},{\"@type\":\"Organization\",\"@id\":\"https:\\\/\\\/noticiasmercedinas.com\\\/site\\\/#organization\",\"name\":\"NOTICIASMERCEDINAS.COM\",\"url\":\"https:\\\/\\\/noticiasmercedinas.com\\\/site\\\/\",\"logo\":{\"@type\":\"ImageObject\",\"inLanguage\":\"es\",\"@id\":\"https:\\\/\\\/noticiasmercedinas.com\\\/site\\\/#\\\/schema\\\/logo\\\/image\\\/\",\"url\":\"https:\\\/\\\/noticiasmercedinas.com\\\/site\\\/wp-content\\\/uploads\\\/2020\\\/06\\\/LOGO-512.jpg\",\"contentUrl\":\"https:\\\/\\\/noticiasmercedinas.com\\\/site\\\/wp-content\\\/uploads\\\/2020\\\/06\\\/LOGO-512.jpg\",\"width\":512,\"height\":512,\"caption\":\"NOTICIASMERCEDINAS.COM\"},\"image\":{\"@id\":\"https:\\\/\\\/noticiasmercedinas.com\\\/site\\\/#\\\/schema\\\/logo\\\/image\\\/\"},\"sameAs\":[\"https:\\\/\\\/www.facebook.com\\\/noticiasmercedinas\\\/\",\"https:\\\/\\\/x.com\\\/notmercedinas\",\"https:\\\/\\\/www.instagram.com\\\/noticiasmercedinas\\\/\"]},{\"@type\":\"Person\",\"@id\":\"https:\\\/\\\/noticiasmercedinas.com\\\/site\\\/#\\\/schema\\\/person\\\/d481a9696a5feaec13a60e2bbd991a6a\",\"name\":\"Cristian Falabella NOTICIASMERCEDINAS.COM\",\"image\":{\"@type\":\"ImageObject\",\"inLanguage\":\"es\",\"@id\":\"https:\\\/\\\/secure.gravatar.com\\\/avatar\\\/0dbbfc45970cc46bcd0e57766228574ff3511d6eed045b182f536f0f478c1f06?s=96&d=mm&r=g\",\"url\":\"https:\\\/\\\/secure.gravatar.com\\\/avatar\\\/0dbbfc45970cc46bcd0e57766228574ff3511d6eed045b182f536f0f478c1f06?s=96&d=mm&r=g\",\"contentUrl\":\"https:\\\/\\\/secure.gravatar.com\\\/avatar\\\/0dbbfc45970cc46bcd0e57766228574ff3511d6eed045b182f536f0f478c1f06?s=96&d=mm&r=g\",\"caption\":\"Cristian Falabella NOTICIASMERCEDINAS.COM\"},\"description\":\"Periodista, editor de Noticias Mercedinas. Pas\u00f3 por varias redacciones y emprendimientos de prensa, en distintos formatos y \u00e9pocas. Se especializ\u00f3 --y sigue haci\u00e9ndolo-- en comunicaci\u00f3n en la web y en junio de 2006 fund\u00f3 este diario digital.\",\"sameAs\":[\"https:\\\/\\\/noticiasmercedinas.com\",\"https:\\\/\\\/www.facebook.com\\\/cristian.falabella\",\"https:\\\/\\\/www.instagram.com\\\/noticiasmercedinas\\\/\",\"https:\\\/\\\/x.com\\\/https:\\\/\\\/twitter.com\\\/NOTMERCEDINAS\"],\"url\":\"https:\\\/\\\/noticiasmercedinas.com\\\/site\\\/author\\\/as000384\\\/\"}]}<\/script>\n<!-- \/ Yoast SEO plugin. -->","yoast_head_json":{"title":"\"Acercarte\": unas 60 mil personas pasaron por La Trocha","robots":{"index":"index","follow":"follow","max-snippet":"max-snippet:-1","max-image-preview":"max-image-preview:large","max-video-preview":"max-video-preview:-1"},"canonical":"https:\/\/noticiasmercedinas.com\/site\/2019\/01\/14\/acercarte-unas-60-mil-personas-pasaron-por-la-trocha\/","og_locale":"es_ES","og_type":"article","og_title":"\"Acercarte\": unas 60 mil personas pasaron por La Trocha","og_description":"Una multitud disfrut\u00f3 en La Trocha del programa AcercArte este fin de semana. Las actividades\u00a0convocaron a una multitud en dos jornadas de m\u00fasica, teatro, lecturas, talleres creativos, stand up y fiesta familiar. El s\u00e1bado con Axel, Arana y Silvestre como n\u00fameros principales y el domingo con Coti y Graciela Borges. \u201cFue una gran fiesta familiar. [&hellip;]","og_url":"https:\/\/noticiasmercedinas.com\/site\/2019\/01\/14\/acercarte-unas-60-mil-personas-pasaron-por-la-trocha\/","og_site_name":"NOTICIASMERCEDINAS.COM","article_publisher":"https:\/\/www.facebook.com\/noticiasmercedinas\/","article_author":"https:\/\/www.facebook.com\/cristian.falabella","article_published_time":"2019-01-14T13:31:27+00:00","og_image":[{"width":1026,"height":577,"url":"https:\/\/noticiasmercedinas.com\/site\/wp-content\/uploads\/2019\/01\/DSC06819.jpg","type":"image\/jpeg"}],"author":"Cristian Falabella NOTICIASMERCEDINAS.COM","twitter_card":"summary_large_image","twitter_creator":"@https:\/\/twitter.com\/NOTMERCEDINAS","twitter_site":"@notmercedinas","twitter_misc":{"Escrito por":"Cristian Falabella NOTICIASMERCEDINAS.COM","Tiempo de lectura":"3 minutos"},"schema":{"@context":"https:\/\/schema.org","@graph":[{"@type":"Article","@id":"https:\/\/noticiasmercedinas.com\/site\/2019\/01\/14\/acercarte-unas-60-mil-personas-pasaron-por-la-trocha\/#article","isPartOf":{"@id":"https:\/\/noticiasmercedinas.com\/site\/2019\/01\/14\/acercarte-unas-60-mil-personas-pasaron-por-la-trocha\/"},"author":{"name":"Cristian Falabella NOTICIASMERCEDINAS.COM","@id":"https:\/\/noticiasmercedinas.com\/site\/#\/schema\/person\/d481a9696a5feaec13a60e2bbd991a6a"},"headline":"\u00abAcercarte\u00bb: unas 60 mil personas pasaron por La Trocha","datePublished":"2019-01-14T13:31:27+00:00","mainEntityOfPage":{"@id":"https:\/\/noticiasmercedinas.com\/site\/2019\/01\/14\/acercarte-unas-60-mil-personas-pasaron-por-la-trocha\/"},"wordCount":635,"commentCount":0,"publisher":{"@id":"https:\/\/noticiasmercedinas.com\/site\/#organization"},"image":{"@id":"https:\/\/noticiasmercedinas.com\/site\/2019\/01\/14\/acercarte-unas-60-mil-personas-pasaron-por-la-trocha\/#primaryimage"},"thumbnailUrl":"https:\/\/noticiasmercedinas.com\/site\/wp-content\/uploads\/2019\/01\/DSC06819.jpg","keywords":["Acercarte","centro cultural la trocha","coty","musica"],"articleSection":["Cultura"],"inLanguage":"es","potentialAction":[{"@type":"CommentAction","name":"Comment","target":["https:\/\/noticiasmercedinas.com\/site\/2019\/01\/14\/acercarte-unas-60-mil-personas-pasaron-por-la-trocha\/#respond"]}]},{"@type":"WebPage","@id":"https:\/\/noticiasmercedinas.com\/site\/2019\/01\/14\/acercarte-unas-60-mil-personas-pasaron-por-la-trocha\/","url":"https:\/\/noticiasmercedinas.com\/site\/2019\/01\/14\/acercarte-unas-60-mil-personas-pasaron-por-la-trocha\/","name":"\"Acercarte\": unas 60 mil personas pasaron por La Trocha","isPartOf":{"@id":"https:\/\/noticiasmercedinas.com\/site\/#website"},"primaryImageOfPage":{"@id":"https:\/\/noticiasmercedinas.com\/site\/2019\/01\/14\/acercarte-unas-60-mil-personas-pasaron-por-la-trocha\/#primaryimage"},"image":{"@id":"https:\/\/noticiasmercedinas.com\/site\/2019\/01\/14\/acercarte-unas-60-mil-personas-pasaron-por-la-trocha\/#primaryimage"},"thumbnailUrl":"https:\/\/noticiasmercedinas.com\/site\/wp-content\/uploads\/2019\/01\/DSC06819.jpg","datePublished":"2019-01-14T13:31:27+00:00","breadcrumb":{"@id":"https:\/\/noticiasmercedinas.com\/site\/2019\/01\/14\/acercarte-unas-60-mil-personas-pasaron-por-la-trocha\/#breadcrumb"},"inLanguage":"es","potentialAction":[{"@type":"ReadAction","target":["https:\/\/noticiasmercedinas.com\/site\/2019\/01\/14\/acercarte-unas-60-mil-personas-pasaron-por-la-trocha\/"]}]},{"@type":"ImageObject","inLanguage":"es","@id":"https:\/\/noticiasmercedinas.com\/site\/2019\/01\/14\/acercarte-unas-60-mil-personas-pasaron-por-la-trocha\/#primaryimage","url":"https:\/\/noticiasmercedinas.com\/site\/wp-content\/uploads\/2019\/01\/DSC06819.jpg","contentUrl":"https:\/\/noticiasmercedinas.com\/site\/wp-content\/uploads\/2019\/01\/DSC06819.jpg","width":1026,"height":577},{"@type":"BreadcrumbList","@id":"https:\/\/noticiasmercedinas.com\/site\/2019\/01\/14\/acercarte-unas-60-mil-personas-pasaron-por-la-trocha\/#breadcrumb","itemListElement":[{"@type":"ListItem","position":1,"name":"Portada","item":"https:\/\/noticiasmercedinas.com\/site\/"},{"@type":"ListItem","position":2,"name":"\u00abAcercarte\u00bb: unas 60 mil personas pasaron por La Trocha"}]},{"@type":"WebSite","@id":"https:\/\/noticiasmercedinas.com\/site\/#website","url":"https:\/\/noticiasmercedinas.com\/site\/","name":"NOTICIASMERCEDINAS.COM","description":"Mercedes, Buenos Aires, Argentina","publisher":{"@id":"https:\/\/noticiasmercedinas.com\/site\/#organization"},"potentialAction":[{"@type":"SearchAction","target":{"@type":"EntryPoint","urlTemplate":"https:\/\/noticiasmercedinas.com\/site\/?s={search_term_string}"},"query-input":{"@type":"PropertyValueSpecification","valueRequired":true,"valueName":"search_term_string"}}],"inLanguage":"es"},{"@type":"Organization","@id":"https:\/\/noticiasmercedinas.com\/site\/#organization","name":"NOTICIASMERCEDINAS.COM","url":"https:\/\/noticiasmercedinas.com\/site\/","logo":{"@type":"ImageObject","inLanguage":"es","@id":"https:\/\/noticiasmercedinas.com\/site\/#\/schema\/logo\/image\/","url":"https:\/\/noticiasmercedinas.com\/site\/wp-content\/uploads\/2020\/06\/LOGO-512.jpg","contentUrl":"https:\/\/noticiasmercedinas.com\/site\/wp-content\/uploads\/2020\/06\/LOGO-512.jpg","width":512,"height":512,"caption":"NOTICIASMERCEDINAS.COM"},"image":{"@id":"https:\/\/noticiasmercedinas.com\/site\/#\/schema\/logo\/image\/"},"sameAs":["https:\/\/www.facebook.com\/noticiasmercedinas\/","https:\/\/x.com\/notmercedinas","https:\/\/www.instagram.com\/noticiasmercedinas\/"]},{"@type":"Person","@id":"https:\/\/noticiasmercedinas.com\/site\/#\/schema\/person\/d481a9696a5feaec13a60e2bbd991a6a","name":"Cristian Falabella NOTICIASMERCEDINAS.COM","image":{"@type":"ImageObject","inLanguage":"es","@id":"https:\/\/secure.gravatar.com\/avatar\/0dbbfc45970cc46bcd0e57766228574ff3511d6eed045b182f536f0f478c1f06?s=96&d=mm&r=g","url":"https:\/\/secure.gravatar.com\/avatar\/0dbbfc45970cc46bcd0e57766228574ff3511d6eed045b182f536f0f478c1f06?s=96&d=mm&r=g","contentUrl":"https:\/\/secure.gravatar.com\/avatar\/0dbbfc45970cc46bcd0e57766228574ff3511d6eed045b182f536f0f478c1f06?s=96&d=mm&r=g","caption":"Cristian Falabella NOTICIASMERCEDINAS.COM"},"description":"Periodista, editor de Noticias Mercedinas. Pas\u00f3 por varias redacciones y emprendimientos de prensa, en distintos formatos y \u00e9pocas. Se especializ\u00f3 --y sigue haci\u00e9ndolo-- en comunicaci\u00f3n en la web y en junio de 2006 fund\u00f3 este diario digital.","sameAs":["https:\/\/noticiasmercedinas.com","https:\/\/www.facebook.com\/cristian.falabella","https:\/\/www.instagram.com\/noticiasmercedinas\/","https:\/\/x.com\/https:\/\/twitter.com\/NOTMERCEDINAS"],"url":"https:\/\/noticiasmercedinas.com\/site\/author\/as000384\/"}]}},"amp_enabled":true,"_links":{"self":[{"href":"https:\/\/noticiasmercedinas.com\/site\/wp-json\/wp\/v2\/posts\/10598","targetHints":{"allow":["GET"]}}],"collection":[{"href":"https:\/\/noticiasmercedinas.com\/site\/wp-json\/wp\/v2\/posts"}],"about":[{"href":"https:\/\/noticiasmercedinas.com\/site\/wp-json\/wp\/v2\/types\/post"}],"author":[{"embeddable":true,"href":"https:\/\/noticiasmercedinas.com\/site\/wp-json\/wp\/v2\/users\/2"}],"replies":[{"embeddable":true,"href":"https:\/\/noticiasmercedinas.com\/site\/wp-json\/wp\/v2\/comments?post=10598"}],"version-history":[{"count":1,"href":"https:\/\/noticiasmercedinas.com\/site\/wp-json\/wp\/v2\/posts\/10598\/revisions"}],"predecessor-version":[{"id":10605,"href":"https:\/\/noticiasmercedinas.com\/site\/wp-json\/wp\/v2\/posts\/10598\/revisions\/10605"}],"wp:featuredmedia":[{"embeddable":true,"href":"https:\/\/noticiasmercedinas.com\/site\/wp-json\/wp\/v2\/media\/10602"}],"wp:attachment":[{"href":"https:\/\/noticiasmercedinas.com\/site\/wp-json\/wp\/v2\/media?parent=10598"}],"wp:term":[{"taxonomy":"category","embeddable":true,"href":"https:\/\/noticiasmercedinas.com\/site\/wp-json\/wp\/v2\/categories?post=10598"},{"taxonomy":"post_tag","embeddable":true,"href":"https:\/\/noticiasmercedinas.com\/site\/wp-json\/wp\/v2\/tags?post=10598"}],"curies":[{"name":"wp","href":"https:\/\/api.w.org\/{rel}","templated":true}]}}