{"id":105982,"date":"2022-12-06T07:39:00","date_gmt":"2022-12-06T10:39:00","guid":{"rendered":"https:\/\/noticiasmercedinas.com\/site\/2022\/12\/06\/la-casa-de-la-mujer-ya-cuenta-con-un-espacio-de-lactancia-amigable\/"},"modified":"2022-12-06T07:52:31","modified_gmt":"2022-12-06T10:52:31","slug":"la-casa-de-la-mujer-ya-cuenta-con-un-espacio-de-lactancia-amigable","status":"publish","type":"post","link":"https:\/\/noticiasmercedinas.com\/site\/2022\/12\/06\/la-casa-de-la-mujer-ya-cuenta-con-un-espacio-de-lactancia-amigable\/","title":{"rendered":"La Casa de la Mujer ya cuenta con un espacio de lactancia amigable"},"content":{"rendered":"<p><img loading=\"lazy\" decoding=\"async\" class=\"wp-image-105981 alignnone size-full\" src=\"https:\/\/noticiasmercedinas.com\/site\/wp-content\/uploads\/2022\/12\/dsc057196451138733064013555.jpg\" width=\"922\" height=\"615\" srcset=\"https:\/\/noticiasmercedinas.com\/site\/wp-content\/uploads\/2022\/12\/dsc057196451138733064013555.jpg 922w, https:\/\/noticiasmercedinas.com\/site\/wp-content\/uploads\/2022\/12\/dsc057196451138733064013555-300x200.jpg 300w, https:\/\/noticiasmercedinas.com\/site\/wp-content\/uploads\/2022\/12\/dsc057196451138733064013555-768x512.jpg 768w, https:\/\/noticiasmercedinas.com\/site\/wp-content\/uploads\/2022\/12\/dsc057196451138733064013555-640x427.jpg 640w, https:\/\/noticiasmercedinas.com\/site\/wp-content\/uploads\/2022\/12\/dsc057196451138733064013555-681x454.jpg 681w\" sizes=\"auto, (max-width: 922px) 100vw, 922px\" \/><\/p>\n<p>En el marco del programa Primeros Mil D\u00edas, en la Casa de la Mujer el Municipio de Mercedes implement\u00f3 un nuevo Espacio de Lactancia Amigable, para que las mam\u00e1s y familias que transitan por all\u00ed tengan un lugar donde amamantar o cambiar a sus beb\u00e9s.<\/p>\n<p>All\u00ed se hizo presente el intendente Juan Ignacio Ustarroz quien manifest\u00f3 que \u201cuna de las claves del programa Primeros Mil D\u00edas tiene que ver con la articulaci\u00f3n con todas las \u00e1reas del Municipio de Mercedes y la articulaci\u00f3n entre el programa y la comunidad y el deseo permanente de crecer, desarrollar y abrirse a nuevos espacios\u201d.<\/p>\n<p>Ustarroz remarc\u00f3 que \u201ces muy importante para nosotros que el programa siga creciendo porque es identificar en la primera infancia uno de los objetivos centrales para el desarrollo de nuestra comunidad y la articulaci\u00f3n entre las distintas \u00e1reas del Estado y la comunidad, se logran avances concretos y reales\u201d.<\/p>\n<p>\u201cQuiero felicitar a cada uno de los part\u00edcipes de este programa por esta nueva acci\u00f3n, y a seguir trabajando por la primera infancia, el futuro de nuestra ciudad\u201d destac\u00f3 el intendente Ustarroz.  <\/p>\n<p>El secretario de Salud, N\u00e9stor Pisapia expres\u00f3 por su parte que \u201ces muy importante porque seguimos acercando derechos, en este caso con estos espacios, donde las familias puedan acercarse y estar c\u00f3modas, para poder atender a sus beb\u00e9s\u201d y agreg\u00f3 que \u201cdesde el programa Primeros Mil D\u00edas estamos con esta pol\u00edtica p\u00fablica, gracias todos ellos, que trabajan permanentemente, a la Casa de la Mujer porque nos brind\u00f3 el lugar para poder establecer este espacio y a todo el Municipio de Mercedes que trabaja mancomunadamente para que esto llegue y sea posible\u201d.<\/p>\n<p>Por su parte, Guadalupe Gonz\u00e1lez, directora de Pol\u00edticas de G\u00e9nero y Diversidades de la Municipalidad, dijo que esta concreci\u00f3n \u201ces parte de la articulaci\u00f3n entre las distintas pol\u00edticas p\u00fablicas que hoy se llevan adelante desde la gesti\u00f3n municipal y para nosotros es un gran avance, porque en este espacio transitan much\u00edsimas mujeres y propiciar espacios amigables para la lactancia nos parece important\u00edsimo\u201d. <\/p>\n<p>La integrante del programa municipal Primeros Mil D\u00edas, Magdalena Levermann, se\u00f1al\u00f3: \u201cDesde hace un tiempo venimos proponiendo desde el programa, ir acondicionando los espacios p\u00fablicos de la ciudad, especialmente donde transitan familias, con beb\u00e9s, ni\u00f1os y ni\u00f1as peque\u00f1as, para que puedan estar de manera c\u00f3moda, sobre todo con lo que tiene que ver con el momento de amamantar -alimentar al bebe- y lo que es el cambiado\u201d.<\/p>\n<p>Adem\u00e1s, Levermann indic\u00f3 que \u201cde a poquito vamos llevando estos espacios a distintos lugares de nuestra ciudad para brindar comodidad a las familias\u201d y agradeci\u00f3 \u201cestas interacciones desde el Mil D\u00edas que tienen que ver con el trabajo de muchos sectores y \u00e1reas de la Municipalidad de Mercedes\u201d.<\/p>\n","protected":false},"excerpt":{"rendered":"<p>En el marco del programa Primeros Mil D\u00edas, en la Casa de la Mujer el Municipio de Mercedes implement\u00f3 un nuevo Espacio de Lactancia Amigable, para que las mam\u00e1s y familias que transitan por all\u00ed tengan un lugar donde amamantar o cambiar a sus beb\u00e9s. All\u00ed se hizo presente el intendente Juan Ignacio Ustarroz quien [&hellip;]<\/p>\n","protected":false},"author":16,"featured_media":105981,"comment_status":"open","ping_status":"open","sticky":false,"template":"","format":"standard","meta":{"footnotes":""},"categories":[8992],"tags":[7841,3139,266,1539,10302,573,71],"class_list":["post-105982","post","type-post","status-publish","format-standard","has-post-thumbnail","hentry","category-bienestar","tag-bebe","tag-crianza","tag-juan-ignacio-ustarroz","tag-magdalena-levermann","tag-nestor-pisapia","tag-primeros-mil-dias","tag-salud"],"yoast_head":"<!-- This site is optimized with the Yoast SEO plugin v27.5 - https:\/\/yoast.com\/product\/yoast-seo-wordpress\/ -->\n<title>La Casa de la Mujer ya cuenta con un espacio de lactancia amigable<\/title>\n<meta name=\"robots\" content=\"index, follow, max-snippet:-1, max-image-preview:large, max-video-preview:-1\" \/>\n<link rel=\"canonical\" href=\"https:\/\/noticiasmercedinas.com\/site\/2022\/12\/06\/la-casa-de-la-mujer-ya-cuenta-con-un-espacio-de-lactancia-amigable\/\" \/>\n<meta property=\"og:locale\" content=\"es_ES\" \/>\n<meta property=\"og:type\" content=\"article\" \/>\n<meta property=\"og:title\" content=\"La Casa de la Mujer ya cuenta con un espacio de lactancia amigable\" \/>\n<meta property=\"og:description\" content=\"En el marco del programa Primeros Mil D\u00edas, en la Casa de la Mujer el Municipio de Mercedes implement\u00f3 un nuevo Espacio de Lactancia Amigable, para que las mam\u00e1s y familias que transitan por all\u00ed tengan un lugar donde amamantar o cambiar a sus beb\u00e9s. All\u00ed se hizo presente el intendente Juan Ignacio Ustarroz quien [&hellip;]\" \/>\n<meta property=\"og:url\" content=\"https:\/\/noticiasmercedinas.com\/site\/2022\/12\/06\/la-casa-de-la-mujer-ya-cuenta-con-un-espacio-de-lactancia-amigable\/\" \/>\n<meta property=\"og:site_name\" content=\"NOTICIASMERCEDINAS.COM\" \/>\n<meta property=\"article:publisher\" content=\"https:\/\/www.facebook.com\/noticiasmercedinas\/\" \/>\n<meta property=\"article:published_time\" content=\"2022-12-06T10:39:00+00:00\" \/>\n<meta property=\"article:modified_time\" content=\"2022-12-06T10:52:31+00:00\" \/>\n<meta property=\"og:image\" content=\"https:\/\/noticiasmercedinas.com\/site\/wp-content\/uploads\/2022\/12\/dsc057196451138733064013555.jpg\" \/>\n\t<meta property=\"og:image:width\" content=\"922\" \/>\n\t<meta property=\"og:image:height\" content=\"615\" \/>\n\t<meta property=\"og:image:type\" content=\"image\/jpeg\" \/>\n<meta name=\"author\" content=\"NOTICIASMERCEDINAS.COM\" \/>\n<meta name=\"twitter:card\" content=\"summary_large_image\" \/>\n<meta name=\"twitter:creator\" content=\"@notmercedinas\" \/>\n<meta name=\"twitter:site\" content=\"@notmercedinas\" \/>\n<meta name=\"twitter:label1\" content=\"Escrito por\" \/>\n\t<meta name=\"twitter:data1\" content=\"NOTICIASMERCEDINAS.COM\" \/>\n\t<meta name=\"twitter:label2\" content=\"Tiempo de lectura\" \/>\n\t<meta name=\"twitter:data2\" content=\"2 minutos\" \/>\n<script type=\"application\/ld+json\" class=\"yoast-schema-graph\">{\"@context\":\"https:\\\/\\\/schema.org\",\"@graph\":[{\"@type\":\"Article\",\"@id\":\"https:\\\/\\\/noticiasmercedinas.com\\\/site\\\/2022\\\/12\\\/06\\\/la-casa-de-la-mujer-ya-cuenta-con-un-espacio-de-lactancia-amigable\\\/#article\",\"isPartOf\":{\"@id\":\"https:\\\/\\\/noticiasmercedinas.com\\\/site\\\/2022\\\/12\\\/06\\\/la-casa-de-la-mujer-ya-cuenta-con-un-espacio-de-lactancia-amigable\\\/\"},\"author\":{\"name\":\"NOTICIASMERCEDINAS.COM\",\"@id\":\"https:\\\/\\\/noticiasmercedinas.com\\\/site\\\/#\\\/schema\\\/person\\\/84b59c099c28ff2e8b77d4ceec5d8063\"},\"headline\":\"La Casa de la Mujer ya cuenta con un espacio de lactancia amigable\",\"datePublished\":\"2022-12-06T10:39:00+00:00\",\"dateModified\":\"2022-12-06T10:52:31+00:00\",\"mainEntityOfPage\":{\"@id\":\"https:\\\/\\\/noticiasmercedinas.com\\\/site\\\/2022\\\/12\\\/06\\\/la-casa-de-la-mujer-ya-cuenta-con-un-espacio-de-lactancia-amigable\\\/\"},\"wordCount\":498,\"commentCount\":0,\"publisher\":{\"@id\":\"https:\\\/\\\/noticiasmercedinas.com\\\/site\\\/#organization\"},\"image\":{\"@id\":\"https:\\\/\\\/noticiasmercedinas.com\\\/site\\\/2022\\\/12\\\/06\\\/la-casa-de-la-mujer-ya-cuenta-con-un-espacio-de-lactancia-amigable\\\/#primaryimage\"},\"thumbnailUrl\":\"https:\\\/\\\/noticiasmercedinas.com\\\/site\\\/wp-content\\\/uploads\\\/2022\\\/12\\\/dsc057196451138733064013555.jpg\",\"keywords\":[\"beb\u00e9\",\"crianza\",\"juan ignacio ustarroz\",\"magdalena levermann\",\"nestor pisapia\",\"primeros mil dias\",\"salud\"],\"articleSection\":[\"Bienestar\"],\"inLanguage\":\"es\",\"potentialAction\":[{\"@type\":\"CommentAction\",\"name\":\"Comment\",\"target\":[\"https:\\\/\\\/noticiasmercedinas.com\\\/site\\\/2022\\\/12\\\/06\\\/la-casa-de-la-mujer-ya-cuenta-con-un-espacio-de-lactancia-amigable\\\/#respond\"]}]},{\"@type\":\"WebPage\",\"@id\":\"https:\\\/\\\/noticiasmercedinas.com\\\/site\\\/2022\\\/12\\\/06\\\/la-casa-de-la-mujer-ya-cuenta-con-un-espacio-de-lactancia-amigable\\\/\",\"url\":\"https:\\\/\\\/noticiasmercedinas.com\\\/site\\\/2022\\\/12\\\/06\\\/la-casa-de-la-mujer-ya-cuenta-con-un-espacio-de-lactancia-amigable\\\/\",\"name\":\"La Casa de la Mujer ya cuenta con un espacio de lactancia amigable\",\"isPartOf\":{\"@id\":\"https:\\\/\\\/noticiasmercedinas.com\\\/site\\\/#website\"},\"primaryImageOfPage\":{\"@id\":\"https:\\\/\\\/noticiasmercedinas.com\\\/site\\\/2022\\\/12\\\/06\\\/la-casa-de-la-mujer-ya-cuenta-con-un-espacio-de-lactancia-amigable\\\/#primaryimage\"},\"image\":{\"@id\":\"https:\\\/\\\/noticiasmercedinas.com\\\/site\\\/2022\\\/12\\\/06\\\/la-casa-de-la-mujer-ya-cuenta-con-un-espacio-de-lactancia-amigable\\\/#primaryimage\"},\"thumbnailUrl\":\"https:\\\/\\\/noticiasmercedinas.com\\\/site\\\/wp-content\\\/uploads\\\/2022\\\/12\\\/dsc057196451138733064013555.jpg\",\"datePublished\":\"2022-12-06T10:39:00+00:00\",\"dateModified\":\"2022-12-06T10:52:31+00:00\",\"breadcrumb\":{\"@id\":\"https:\\\/\\\/noticiasmercedinas.com\\\/site\\\/2022\\\/12\\\/06\\\/la-casa-de-la-mujer-ya-cuenta-con-un-espacio-de-lactancia-amigable\\\/#breadcrumb\"},\"inLanguage\":\"es\",\"potentialAction\":[{\"@type\":\"ReadAction\",\"target\":[\"https:\\\/\\\/noticiasmercedinas.com\\\/site\\\/2022\\\/12\\\/06\\\/la-casa-de-la-mujer-ya-cuenta-con-un-espacio-de-lactancia-amigable\\\/\"]}]},{\"@type\":\"ImageObject\",\"inLanguage\":\"es\",\"@id\":\"https:\\\/\\\/noticiasmercedinas.com\\\/site\\\/2022\\\/12\\\/06\\\/la-casa-de-la-mujer-ya-cuenta-con-un-espacio-de-lactancia-amigable\\\/#primaryimage\",\"url\":\"https:\\\/\\\/noticiasmercedinas.com\\\/site\\\/wp-content\\\/uploads\\\/2022\\\/12\\\/dsc057196451138733064013555.jpg\",\"contentUrl\":\"https:\\\/\\\/noticiasmercedinas.com\\\/site\\\/wp-content\\\/uploads\\\/2022\\\/12\\\/dsc057196451138733064013555.jpg\",\"width\":922,\"height\":615},{\"@type\":\"BreadcrumbList\",\"@id\":\"https:\\\/\\\/noticiasmercedinas.com\\\/site\\\/2022\\\/12\\\/06\\\/la-casa-de-la-mujer-ya-cuenta-con-un-espacio-de-lactancia-amigable\\\/#breadcrumb\",\"itemListElement\":[{\"@type\":\"ListItem\",\"position\":1,\"name\":\"Portada\",\"item\":\"https:\\\/\\\/noticiasmercedinas.com\\\/site\\\/\"},{\"@type\":\"ListItem\",\"position\":2,\"name\":\"La Casa de la Mujer ya cuenta con un espacio de lactancia amigable\"}]},{\"@type\":\"WebSite\",\"@id\":\"https:\\\/\\\/noticiasmercedinas.com\\\/site\\\/#website\",\"url\":\"https:\\\/\\\/noticiasmercedinas.com\\\/site\\\/\",\"name\":\"NOTICIASMERCEDINAS.COM\",\"description\":\"Mercedes, Buenos Aires, Argentina\",\"publisher\":{\"@id\":\"https:\\\/\\\/noticiasmercedinas.com\\\/site\\\/#organization\"},\"potentialAction\":[{\"@type\":\"SearchAction\",\"target\":{\"@type\":\"EntryPoint\",\"urlTemplate\":\"https:\\\/\\\/noticiasmercedinas.com\\\/site\\\/?s={search_term_string}\"},\"query-input\":{\"@type\":\"PropertyValueSpecification\",\"valueRequired\":true,\"valueName\":\"search_term_string\"}}],\"inLanguage\":\"es\"},{\"@type\":\"Organization\",\"@id\":\"https:\\\/\\\/noticiasmercedinas.com\\\/site\\\/#organization\",\"name\":\"NOTICIASMERCEDINAS.COM\",\"url\":\"https:\\\/\\\/noticiasmercedinas.com\\\/site\\\/\",\"logo\":{\"@type\":\"ImageObject\",\"inLanguage\":\"es\",\"@id\":\"https:\\\/\\\/noticiasmercedinas.com\\\/site\\\/#\\\/schema\\\/logo\\\/image\\\/\",\"url\":\"https:\\\/\\\/noticiasmercedinas.com\\\/site\\\/wp-content\\\/uploads\\\/2020\\\/06\\\/LOGO-512.jpg\",\"contentUrl\":\"https:\\\/\\\/noticiasmercedinas.com\\\/site\\\/wp-content\\\/uploads\\\/2020\\\/06\\\/LOGO-512.jpg\",\"width\":512,\"height\":512,\"caption\":\"NOTICIASMERCEDINAS.COM\"},\"image\":{\"@id\":\"https:\\\/\\\/noticiasmercedinas.com\\\/site\\\/#\\\/schema\\\/logo\\\/image\\\/\"},\"sameAs\":[\"https:\\\/\\\/www.facebook.com\\\/noticiasmercedinas\\\/\",\"https:\\\/\\\/x.com\\\/notmercedinas\",\"https:\\\/\\\/www.instagram.com\\\/noticiasmercedinas\\\/\"]},{\"@type\":\"Person\",\"@id\":\"https:\\\/\\\/noticiasmercedinas.com\\\/site\\\/#\\\/schema\\\/person\\\/84b59c099c28ff2e8b77d4ceec5d8063\",\"name\":\"NOTICIASMERCEDINAS.COM\",\"image\":{\"@type\":\"ImageObject\",\"inLanguage\":\"es\",\"@id\":\"https:\\\/\\\/secure.gravatar.com\\\/avatar\\\/4dfbf16b4d17945bfb6341b2d19043457132fcf478a5ee04f42e959fd8f5df0a?s=96&d=mm&r=g\",\"url\":\"https:\\\/\\\/secure.gravatar.com\\\/avatar\\\/4dfbf16b4d17945bfb6341b2d19043457132fcf478a5ee04f42e959fd8f5df0a?s=96&d=mm&r=g\",\"contentUrl\":\"https:\\\/\\\/secure.gravatar.com\\\/avatar\\\/4dfbf16b4d17945bfb6341b2d19043457132fcf478a5ee04f42e959fd8f5df0a?s=96&d=mm&r=g\",\"caption\":\"NOTICIASMERCEDINAS.COM\"},\"url\":\"https:\\\/\\\/noticiasmercedinas.com\\\/site\\\/author\\\/anonimo\\\/\"}]}<\/script>\n<!-- \/ Yoast SEO plugin. -->","yoast_head_json":{"title":"La Casa de la Mujer ya cuenta con un espacio de lactancia amigable","robots":{"index":"index","follow":"follow","max-snippet":"max-snippet:-1","max-image-preview":"max-image-preview:large","max-video-preview":"max-video-preview:-1"},"canonical":"https:\/\/noticiasmercedinas.com\/site\/2022\/12\/06\/la-casa-de-la-mujer-ya-cuenta-con-un-espacio-de-lactancia-amigable\/","og_locale":"es_ES","og_type":"article","og_title":"La Casa de la Mujer ya cuenta con un espacio de lactancia amigable","og_description":"En el marco del programa Primeros Mil D\u00edas, en la Casa de la Mujer el Municipio de Mercedes implement\u00f3 un nuevo Espacio de Lactancia Amigable, para que las mam\u00e1s y familias que transitan por all\u00ed tengan un lugar donde amamantar o cambiar a sus beb\u00e9s. All\u00ed se hizo presente el intendente Juan Ignacio Ustarroz quien [&hellip;]","og_url":"https:\/\/noticiasmercedinas.com\/site\/2022\/12\/06\/la-casa-de-la-mujer-ya-cuenta-con-un-espacio-de-lactancia-amigable\/","og_site_name":"NOTICIASMERCEDINAS.COM","article_publisher":"https:\/\/www.facebook.com\/noticiasmercedinas\/","article_published_time":"2022-12-06T10:39:00+00:00","article_modified_time":"2022-12-06T10:52:31+00:00","og_image":[{"width":922,"height":615,"url":"https:\/\/noticiasmercedinas.com\/site\/wp-content\/uploads\/2022\/12\/dsc057196451138733064013555.jpg","type":"image\/jpeg"}],"author":"NOTICIASMERCEDINAS.COM","twitter_card":"summary_large_image","twitter_creator":"@notmercedinas","twitter_site":"@notmercedinas","twitter_misc":{"Escrito por":"NOTICIASMERCEDINAS.COM","Tiempo de lectura":"2 minutos"},"schema":{"@context":"https:\/\/schema.org","@graph":[{"@type":"Article","@id":"https:\/\/noticiasmercedinas.com\/site\/2022\/12\/06\/la-casa-de-la-mujer-ya-cuenta-con-un-espacio-de-lactancia-amigable\/#article","isPartOf":{"@id":"https:\/\/noticiasmercedinas.com\/site\/2022\/12\/06\/la-casa-de-la-mujer-ya-cuenta-con-un-espacio-de-lactancia-amigable\/"},"author":{"name":"NOTICIASMERCEDINAS.COM","@id":"https:\/\/noticiasmercedinas.com\/site\/#\/schema\/person\/84b59c099c28ff2e8b77d4ceec5d8063"},"headline":"La Casa de la Mujer ya cuenta con un espacio de lactancia amigable","datePublished":"2022-12-06T10:39:00+00:00","dateModified":"2022-12-06T10:52:31+00:00","mainEntityOfPage":{"@id":"https:\/\/noticiasmercedinas.com\/site\/2022\/12\/06\/la-casa-de-la-mujer-ya-cuenta-con-un-espacio-de-lactancia-amigable\/"},"wordCount":498,"commentCount":0,"publisher":{"@id":"https:\/\/noticiasmercedinas.com\/site\/#organization"},"image":{"@id":"https:\/\/noticiasmercedinas.com\/site\/2022\/12\/06\/la-casa-de-la-mujer-ya-cuenta-con-un-espacio-de-lactancia-amigable\/#primaryimage"},"thumbnailUrl":"https:\/\/noticiasmercedinas.com\/site\/wp-content\/uploads\/2022\/12\/dsc057196451138733064013555.jpg","keywords":["beb\u00e9","crianza","juan ignacio ustarroz","magdalena levermann","nestor pisapia","primeros mil dias","salud"],"articleSection":["Bienestar"],"inLanguage":"es","potentialAction":[{"@type":"CommentAction","name":"Comment","target":["https:\/\/noticiasmercedinas.com\/site\/2022\/12\/06\/la-casa-de-la-mujer-ya-cuenta-con-un-espacio-de-lactancia-amigable\/#respond"]}]},{"@type":"WebPage","@id":"https:\/\/noticiasmercedinas.com\/site\/2022\/12\/06\/la-casa-de-la-mujer-ya-cuenta-con-un-espacio-de-lactancia-amigable\/","url":"https:\/\/noticiasmercedinas.com\/site\/2022\/12\/06\/la-casa-de-la-mujer-ya-cuenta-con-un-espacio-de-lactancia-amigable\/","name":"La Casa de la Mujer ya cuenta con un espacio de lactancia amigable","isPartOf":{"@id":"https:\/\/noticiasmercedinas.com\/site\/#website"},"primaryImageOfPage":{"@id":"https:\/\/noticiasmercedinas.com\/site\/2022\/12\/06\/la-casa-de-la-mujer-ya-cuenta-con-un-espacio-de-lactancia-amigable\/#primaryimage"},"image":{"@id":"https:\/\/noticiasmercedinas.com\/site\/2022\/12\/06\/la-casa-de-la-mujer-ya-cuenta-con-un-espacio-de-lactancia-amigable\/#primaryimage"},"thumbnailUrl":"https:\/\/noticiasmercedinas.com\/site\/wp-content\/uploads\/2022\/12\/dsc057196451138733064013555.jpg","datePublished":"2022-12-06T10:39:00+00:00","dateModified":"2022-12-06T10:52:31+00:00","breadcrumb":{"@id":"https:\/\/noticiasmercedinas.com\/site\/2022\/12\/06\/la-casa-de-la-mujer-ya-cuenta-con-un-espacio-de-lactancia-amigable\/#breadcrumb"},"inLanguage":"es","potentialAction":[{"@type":"ReadAction","target":["https:\/\/noticiasmercedinas.com\/site\/2022\/12\/06\/la-casa-de-la-mujer-ya-cuenta-con-un-espacio-de-lactancia-amigable\/"]}]},{"@type":"ImageObject","inLanguage":"es","@id":"https:\/\/noticiasmercedinas.com\/site\/2022\/12\/06\/la-casa-de-la-mujer-ya-cuenta-con-un-espacio-de-lactancia-amigable\/#primaryimage","url":"https:\/\/noticiasmercedinas.com\/site\/wp-content\/uploads\/2022\/12\/dsc057196451138733064013555.jpg","contentUrl":"https:\/\/noticiasmercedinas.com\/site\/wp-content\/uploads\/2022\/12\/dsc057196451138733064013555.jpg","width":922,"height":615},{"@type":"BreadcrumbList","@id":"https:\/\/noticiasmercedinas.com\/site\/2022\/12\/06\/la-casa-de-la-mujer-ya-cuenta-con-un-espacio-de-lactancia-amigable\/#breadcrumb","itemListElement":[{"@type":"ListItem","position":1,"name":"Portada","item":"https:\/\/noticiasmercedinas.com\/site\/"},{"@type":"ListItem","position":2,"name":"La Casa de la Mujer ya cuenta con un espacio de lactancia amigable"}]},{"@type":"WebSite","@id":"https:\/\/noticiasmercedinas.com\/site\/#website","url":"https:\/\/noticiasmercedinas.com\/site\/","name":"NOTICIASMERCEDINAS.COM","description":"Mercedes, Buenos Aires, Argentina","publisher":{"@id":"https:\/\/noticiasmercedinas.com\/site\/#organization"},"potentialAction":[{"@type":"SearchAction","target":{"@type":"EntryPoint","urlTemplate":"https:\/\/noticiasmercedinas.com\/site\/?s={search_term_string}"},"query-input":{"@type":"PropertyValueSpecification","valueRequired":true,"valueName":"search_term_string"}}],"inLanguage":"es"},{"@type":"Organization","@id":"https:\/\/noticiasmercedinas.com\/site\/#organization","name":"NOTICIASMERCEDINAS.COM","url":"https:\/\/noticiasmercedinas.com\/site\/","logo":{"@type":"ImageObject","inLanguage":"es","@id":"https:\/\/noticiasmercedinas.com\/site\/#\/schema\/logo\/image\/","url":"https:\/\/noticiasmercedinas.com\/site\/wp-content\/uploads\/2020\/06\/LOGO-512.jpg","contentUrl":"https:\/\/noticiasmercedinas.com\/site\/wp-content\/uploads\/2020\/06\/LOGO-512.jpg","width":512,"height":512,"caption":"NOTICIASMERCEDINAS.COM"},"image":{"@id":"https:\/\/noticiasmercedinas.com\/site\/#\/schema\/logo\/image\/"},"sameAs":["https:\/\/www.facebook.com\/noticiasmercedinas\/","https:\/\/x.com\/notmercedinas","https:\/\/www.instagram.com\/noticiasmercedinas\/"]},{"@type":"Person","@id":"https:\/\/noticiasmercedinas.com\/site\/#\/schema\/person\/84b59c099c28ff2e8b77d4ceec5d8063","name":"NOTICIASMERCEDINAS.COM","image":{"@type":"ImageObject","inLanguage":"es","@id":"https:\/\/secure.gravatar.com\/avatar\/4dfbf16b4d17945bfb6341b2d19043457132fcf478a5ee04f42e959fd8f5df0a?s=96&d=mm&r=g","url":"https:\/\/secure.gravatar.com\/avatar\/4dfbf16b4d17945bfb6341b2d19043457132fcf478a5ee04f42e959fd8f5df0a?s=96&d=mm&r=g","contentUrl":"https:\/\/secure.gravatar.com\/avatar\/4dfbf16b4d17945bfb6341b2d19043457132fcf478a5ee04f42e959fd8f5df0a?s=96&d=mm&r=g","caption":"NOTICIASMERCEDINAS.COM"},"url":"https:\/\/noticiasmercedinas.com\/site\/author\/anonimo\/"}]}},"amp_enabled":true,"_links":{"self":[{"href":"https:\/\/noticiasmercedinas.com\/site\/wp-json\/wp\/v2\/posts\/105982","targetHints":{"allow":["GET"]}}],"collection":[{"href":"https:\/\/noticiasmercedinas.com\/site\/wp-json\/wp\/v2\/posts"}],"about":[{"href":"https:\/\/noticiasmercedinas.com\/site\/wp-json\/wp\/v2\/types\/post"}],"author":[{"embeddable":true,"href":"https:\/\/noticiasmercedinas.com\/site\/wp-json\/wp\/v2\/users\/16"}],"replies":[{"embeddable":true,"href":"https:\/\/noticiasmercedinas.com\/site\/wp-json\/wp\/v2\/comments?post=105982"}],"version-history":[{"count":1,"href":"https:\/\/noticiasmercedinas.com\/site\/wp-json\/wp\/v2\/posts\/105982\/revisions"}],"predecessor-version":[{"id":105987,"href":"https:\/\/noticiasmercedinas.com\/site\/wp-json\/wp\/v2\/posts\/105982\/revisions\/105987"}],"wp:featuredmedia":[{"embeddable":true,"href":"https:\/\/noticiasmercedinas.com\/site\/wp-json\/wp\/v2\/media\/105981"}],"wp:attachment":[{"href":"https:\/\/noticiasmercedinas.com\/site\/wp-json\/wp\/v2\/media?parent=105982"}],"wp:term":[{"taxonomy":"category","embeddable":true,"href":"https:\/\/noticiasmercedinas.com\/site\/wp-json\/wp\/v2\/categories?post=105982"},{"taxonomy":"post_tag","embeddable":true,"href":"https:\/\/noticiasmercedinas.com\/site\/wp-json\/wp\/v2\/tags?post=105982"}],"curies":[{"name":"wp","href":"https:\/\/api.w.org\/{rel}","templated":true}]}}