{"id":106110,"date":"2022-12-08T09:38:11","date_gmt":"2022-12-08T12:38:11","guid":{"rendered":"https:\/\/noticiasmercedinas.com\/site\/?p=106110"},"modified":"2022-12-08T09:39:29","modified_gmt":"2022-12-08T12:39:29","slug":"anunciaron-que-habra-un-homenaje-a-santiago-suarez-el-proximo-viernes-16","status":"publish","type":"post","link":"https:\/\/noticiasmercedinas.com\/site\/2022\/12\/08\/anunciaron-que-habra-un-homenaje-a-santiago-suarez-el-proximo-viernes-16\/","title":{"rendered":"Anunciaron que habr\u00e1 un homenaje a Santiago Su\u00e1rez el pr\u00f3ximo viernes 16"},"content":{"rendered":"<p><img loading=\"lazy\" decoding=\"async\" class=\"alignnone size-full wp-image-58443\" src=\"https:\/\/noticiasmercedinas.com\/site\/wp-content\/uploads\/2020\/12\/santiago___suarez.jpg\" alt=\"\" width=\"637\" height=\"444\" srcset=\"https:\/\/noticiasmercedinas.com\/site\/wp-content\/uploads\/2020\/12\/santiago___suarez.jpg 637w, https:\/\/noticiasmercedinas.com\/site\/wp-content\/uploads\/2020\/12\/santiago___suarez-300x209.jpg 300w\" sizes=\"auto, (max-width: 637px) 100vw, 637px\" \/><\/p>\n<p>El pr\u00f3ximo viernes 16 de diciembre a las 21:00 horas en el Teatro Argentino \u201cJulio C\u00e9sar Gioscio\u201d se llevar\u00e1 adelante un homenaje al reconocido artista, <a href=\"https:\/\/noticiasmercedinas.com\/site\/2020\/12\/16\/mercedes-llora-la-muerte-de-un-grande-santiago-suarez\/\">recientemente fallecido<\/a>, <strong>Santiago Su\u00e1rez<\/strong>, que se denomina \u201cCosechando Amigos\u201d.<\/p>\n<p>A la hora del anuncio de la actividad, <strong>Francisco Dinova<\/strong>, quien es responsable de la coordinaci\u00f3n del Teatro municipal cont\u00f3 al respecto que \u201cen este merecido homenaje vamos a transitar un lindo camino, que ir\u00e1 pasando por los diferentes tiempos de Santiago, su trayectoria art\u00edstica a trav\u00e9s de la m\u00fasica de grandes artistas que lo acompa\u00f1aron y lo conocieron\u201d.<\/p>\n<p>\u201cEst\u00e1n todos m\u00e1s que invitados, en una linda \u00e9poca para disfrutar de espect\u00e1culos en el teatro de la ciudad, as\u00ed que, desde la Municipalidad, con la anuencia absoluta del intendente <strong>Juan Ustarroz<\/strong> y la directora de Cultura <strong>Luc\u00eda Capaccio<\/strong> apoyamos y colaboramos desde el Teatro Argentino en la realizaci\u00f3n de este homenaje\u201d, dijo.<\/p>\n<blockquote><p>\u201cVamos a estar celebrando la vida, la carrera, la voz, la amistad y hombr\u00eda de bien de Santiago Su\u00e1rez\u201d<\/p><\/blockquote>\n<p>Por su parte, la cantante <strong>Cecilia Capaccio<\/strong> manifest\u00f3 que \u201cse cumplen dos a\u00f1os, este 16 de diciembre, de la partida de Santiago, y desde que se fue entend\u00edamos que Mercedes le deb\u00eda un homenaje importante, porque fue el artista mercedino que m\u00e1s llev\u00f3 nuestra m\u00fasica a todos los rincones del mundo\u201d.<\/p>\n<p>\u201cVamos a estar celebrando la vida, la carrera, la voz, la amistad y hombr\u00eda de bien de Santiago Su\u00e1rez\u201d, destac\u00f3.<\/p>\n<p><strong>Stella Dicatarina<\/strong>, quien fuera la compa\u00f1era de vida del reconocido artista, expres\u00f3: \u201cPienso que la manera m\u00e1s linda de recordar a Santiago es a trav\u00e9s de sus amigos y en un escenario\u201d.<\/p>\n<p>Por \u00faltimo, <strong>Alejandro Villalba<\/strong>, quien es parte de la producci\u00f3n, indic\u00f3 desde el \u00e1rea de Cultura que \u201ceste homenaje est\u00e1 hecho por amigos, y es impresionante la cantidad de saludos y mensajes de diferentes lugares del mundo que nos han llegado. Estamos viendo la posibilidad de transmitirlo por streaming para que lo puedan ver todos. Va a ser una merecida fiesta que espero la disfruten\u201d.<\/p>\n<p><img loading=\"lazy\" decoding=\"async\" class=\"alignnone size-full wp-image-106111\" src=\"https:\/\/noticiasmercedinas.com\/site\/wp-content\/uploads\/2022\/12\/DSC06501.jpg\" alt=\"\" width=\"922\" height=\"615\" srcset=\"https:\/\/noticiasmercedinas.com\/site\/wp-content\/uploads\/2022\/12\/DSC06501.jpg 922w, https:\/\/noticiasmercedinas.com\/site\/wp-content\/uploads\/2022\/12\/DSC06501-300x200.jpg 300w, https:\/\/noticiasmercedinas.com\/site\/wp-content\/uploads\/2022\/12\/DSC06501-768x512.jpg 768w, https:\/\/noticiasmercedinas.com\/site\/wp-content\/uploads\/2022\/12\/DSC06501-640x427.jpg 640w, https:\/\/noticiasmercedinas.com\/site\/wp-content\/uploads\/2022\/12\/DSC06501-681x454.jpg 681w\" sizes=\"auto, (max-width: 922px) 100vw, 922px\" \/><\/p>\n","protected":false},"excerpt":{"rendered":"<p>\u25a0 \u00abLa manera m\u00e1s linda de recordar a Santiago es a trav\u00e9s de sus amigos y en un escenario\u00bb, destac\u00f3 quien fuera su esposa. Se organiza un festival desde el \u00e1rea de Cultura<\/p>\n","protected":false},"author":16,"featured_media":58443,"comment_status":"open","ping_status":"open","sticky":false,"template":"","format":"standard","meta":{"footnotes":""},"categories":[4],"tags":[8202,3907,584,11814,1077,2192,4529,15917,163],"class_list":["post-106110","post","type-post","status-publish","format-standard","has-post-thumbnail","hentry","category-cultura","tag-alejandro-villalba","tag-cecilia-capaccio","tag-folclore","tag-francisco-dinova","tag-juan-ustarroz","tag-lucia-capaccio","tag-santiago-suarez","tag-stella-dicatarina","tag-teatro-argentino"],"yoast_head":"<!-- This site is optimized with the Yoast SEO plugin v27.5 - https:\/\/yoast.com\/product\/yoast-seo-wordpress\/ -->\n<title>Anunciaron que habr\u00e1 un homenaje a Santiago Su\u00e1rez el pr\u00f3ximo viernes 16<\/title>\n<meta name=\"robots\" content=\"index, follow, max-snippet:-1, max-image-preview:large, max-video-preview:-1\" \/>\n<link rel=\"canonical\" href=\"https:\/\/noticiasmercedinas.com\/site\/2022\/12\/08\/anunciaron-que-habra-un-homenaje-a-santiago-suarez-el-proximo-viernes-16\/\" \/>\n<meta property=\"og:locale\" content=\"es_ES\" \/>\n<meta property=\"og:type\" content=\"article\" \/>\n<meta property=\"og:title\" content=\"Anunciaron que habr\u00e1 un homenaje a Santiago Su\u00e1rez el pr\u00f3ximo viernes 16\" \/>\n<meta property=\"og:description\" content=\"\u25a0 &quot;La manera m\u00e1s linda de recordar a Santiago es a trav\u00e9s de sus amigos y en un escenario&quot;, destac\u00f3 quien fuera su esposa. Se organiza un festival desde el \u00e1rea de Cultura\" \/>\n<meta property=\"og:url\" content=\"https:\/\/noticiasmercedinas.com\/site\/2022\/12\/08\/anunciaron-que-habra-un-homenaje-a-santiago-suarez-el-proximo-viernes-16\/\" \/>\n<meta property=\"og:site_name\" content=\"NOTICIASMERCEDINAS.COM\" \/>\n<meta property=\"article:publisher\" content=\"https:\/\/www.facebook.com\/noticiasmercedinas\/\" \/>\n<meta property=\"article:published_time\" content=\"2022-12-08T12:38:11+00:00\" \/>\n<meta property=\"article:modified_time\" content=\"2022-12-08T12:39:29+00:00\" \/>\n<meta property=\"og:image\" content=\"https:\/\/noticiasmercedinas.com\/site\/wp-content\/uploads\/2020\/12\/santiago___suarez.jpg\" \/>\n\t<meta property=\"og:image:width\" content=\"637\" \/>\n\t<meta property=\"og:image:height\" content=\"444\" \/>\n\t<meta property=\"og:image:type\" content=\"image\/jpeg\" \/>\n<meta name=\"author\" content=\"NOTICIASMERCEDINAS.COM\" \/>\n<meta name=\"twitter:card\" content=\"summary_large_image\" \/>\n<meta name=\"twitter:creator\" content=\"@notmercedinas\" \/>\n<meta name=\"twitter:site\" content=\"@notmercedinas\" \/>\n<meta name=\"twitter:label1\" content=\"Escrito por\" \/>\n\t<meta name=\"twitter:data1\" content=\"NOTICIASMERCEDINAS.COM\" \/>\n\t<meta name=\"twitter:label2\" content=\"Tiempo de lectura\" \/>\n\t<meta name=\"twitter:data2\" content=\"2 minutos\" \/>\n<script type=\"application\/ld+json\" class=\"yoast-schema-graph\">{\"@context\":\"https:\\\/\\\/schema.org\",\"@graph\":[{\"@type\":\"Article\",\"@id\":\"https:\\\/\\\/noticiasmercedinas.com\\\/site\\\/2022\\\/12\\\/08\\\/anunciaron-que-habra-un-homenaje-a-santiago-suarez-el-proximo-viernes-16\\\/#article\",\"isPartOf\":{\"@id\":\"https:\\\/\\\/noticiasmercedinas.com\\\/site\\\/2022\\\/12\\\/08\\\/anunciaron-que-habra-un-homenaje-a-santiago-suarez-el-proximo-viernes-16\\\/\"},\"author\":{\"name\":\"NOTICIASMERCEDINAS.COM\",\"@id\":\"https:\\\/\\\/noticiasmercedinas.com\\\/site\\\/#\\\/schema\\\/person\\\/84b59c099c28ff2e8b77d4ceec5d8063\"},\"headline\":\"Anunciaron que habr\u00e1 un homenaje a Santiago Su\u00e1rez el pr\u00f3ximo viernes 16\",\"datePublished\":\"2022-12-08T12:38:11+00:00\",\"dateModified\":\"2022-12-08T12:39:29+00:00\",\"mainEntityOfPage\":{\"@id\":\"https:\\\/\\\/noticiasmercedinas.com\\\/site\\\/2022\\\/12\\\/08\\\/anunciaron-que-habra-un-homenaje-a-santiago-suarez-el-proximo-viernes-16\\\/\"},\"wordCount\":369,\"commentCount\":0,\"publisher\":{\"@id\":\"https:\\\/\\\/noticiasmercedinas.com\\\/site\\\/#organization\"},\"image\":{\"@id\":\"https:\\\/\\\/noticiasmercedinas.com\\\/site\\\/2022\\\/12\\\/08\\\/anunciaron-que-habra-un-homenaje-a-santiago-suarez-el-proximo-viernes-16\\\/#primaryimage\"},\"thumbnailUrl\":\"https:\\\/\\\/noticiasmercedinas.com\\\/site\\\/wp-content\\\/uploads\\\/2020\\\/12\\\/santiago___suarez.jpg\",\"keywords\":[\"Alejandro Villalba\",\"cecilia capaccio\",\"folclore\",\"francisco dinova\",\"Juan Ustarroz\",\"Luc\u00eda Capaccio\",\"Santiago Suarez\",\"Stella Dicatarina\",\"teatro argentino\"],\"articleSection\":[\"Cultura\"],\"inLanguage\":\"es\",\"potentialAction\":[{\"@type\":\"CommentAction\",\"name\":\"Comment\",\"target\":[\"https:\\\/\\\/noticiasmercedinas.com\\\/site\\\/2022\\\/12\\\/08\\\/anunciaron-que-habra-un-homenaje-a-santiago-suarez-el-proximo-viernes-16\\\/#respond\"]}]},{\"@type\":\"WebPage\",\"@id\":\"https:\\\/\\\/noticiasmercedinas.com\\\/site\\\/2022\\\/12\\\/08\\\/anunciaron-que-habra-un-homenaje-a-santiago-suarez-el-proximo-viernes-16\\\/\",\"url\":\"https:\\\/\\\/noticiasmercedinas.com\\\/site\\\/2022\\\/12\\\/08\\\/anunciaron-que-habra-un-homenaje-a-santiago-suarez-el-proximo-viernes-16\\\/\",\"name\":\"Anunciaron que habr\u00e1 un homenaje a Santiago Su\u00e1rez el pr\u00f3ximo viernes 16\",\"isPartOf\":{\"@id\":\"https:\\\/\\\/noticiasmercedinas.com\\\/site\\\/#website\"},\"primaryImageOfPage\":{\"@id\":\"https:\\\/\\\/noticiasmercedinas.com\\\/site\\\/2022\\\/12\\\/08\\\/anunciaron-que-habra-un-homenaje-a-santiago-suarez-el-proximo-viernes-16\\\/#primaryimage\"},\"image\":{\"@id\":\"https:\\\/\\\/noticiasmercedinas.com\\\/site\\\/2022\\\/12\\\/08\\\/anunciaron-que-habra-un-homenaje-a-santiago-suarez-el-proximo-viernes-16\\\/#primaryimage\"},\"thumbnailUrl\":\"https:\\\/\\\/noticiasmercedinas.com\\\/site\\\/wp-content\\\/uploads\\\/2020\\\/12\\\/santiago___suarez.jpg\",\"datePublished\":\"2022-12-08T12:38:11+00:00\",\"dateModified\":\"2022-12-08T12:39:29+00:00\",\"breadcrumb\":{\"@id\":\"https:\\\/\\\/noticiasmercedinas.com\\\/site\\\/2022\\\/12\\\/08\\\/anunciaron-que-habra-un-homenaje-a-santiago-suarez-el-proximo-viernes-16\\\/#breadcrumb\"},\"inLanguage\":\"es\",\"potentialAction\":[{\"@type\":\"ReadAction\",\"target\":[\"https:\\\/\\\/noticiasmercedinas.com\\\/site\\\/2022\\\/12\\\/08\\\/anunciaron-que-habra-un-homenaje-a-santiago-suarez-el-proximo-viernes-16\\\/\"]}]},{\"@type\":\"ImageObject\",\"inLanguage\":\"es\",\"@id\":\"https:\\\/\\\/noticiasmercedinas.com\\\/site\\\/2022\\\/12\\\/08\\\/anunciaron-que-habra-un-homenaje-a-santiago-suarez-el-proximo-viernes-16\\\/#primaryimage\",\"url\":\"https:\\\/\\\/noticiasmercedinas.com\\\/site\\\/wp-content\\\/uploads\\\/2020\\\/12\\\/santiago___suarez.jpg\",\"contentUrl\":\"https:\\\/\\\/noticiasmercedinas.com\\\/site\\\/wp-content\\\/uploads\\\/2020\\\/12\\\/santiago___suarez.jpg\",\"width\":637,\"height\":444},{\"@type\":\"BreadcrumbList\",\"@id\":\"https:\\\/\\\/noticiasmercedinas.com\\\/site\\\/2022\\\/12\\\/08\\\/anunciaron-que-habra-un-homenaje-a-santiago-suarez-el-proximo-viernes-16\\\/#breadcrumb\",\"itemListElement\":[{\"@type\":\"ListItem\",\"position\":1,\"name\":\"Portada\",\"item\":\"https:\\\/\\\/noticiasmercedinas.com\\\/site\\\/\"},{\"@type\":\"ListItem\",\"position\":2,\"name\":\"Anunciaron que habr\u00e1 un homenaje a Santiago Su\u00e1rez el pr\u00f3ximo viernes 16\"}]},{\"@type\":\"WebSite\",\"@id\":\"https:\\\/\\\/noticiasmercedinas.com\\\/site\\\/#website\",\"url\":\"https:\\\/\\\/noticiasmercedinas.com\\\/site\\\/\",\"name\":\"NOTICIASMERCEDINAS.COM\",\"description\":\"Mercedes, Buenos Aires, Argentina\",\"publisher\":{\"@id\":\"https:\\\/\\\/noticiasmercedinas.com\\\/site\\\/#organization\"},\"potentialAction\":[{\"@type\":\"SearchAction\",\"target\":{\"@type\":\"EntryPoint\",\"urlTemplate\":\"https:\\\/\\\/noticiasmercedinas.com\\\/site\\\/?s={search_term_string}\"},\"query-input\":{\"@type\":\"PropertyValueSpecification\",\"valueRequired\":true,\"valueName\":\"search_term_string\"}}],\"inLanguage\":\"es\"},{\"@type\":\"Organization\",\"@id\":\"https:\\\/\\\/noticiasmercedinas.com\\\/site\\\/#organization\",\"name\":\"NOTICIASMERCEDINAS.COM\",\"url\":\"https:\\\/\\\/noticiasmercedinas.com\\\/site\\\/\",\"logo\":{\"@type\":\"ImageObject\",\"inLanguage\":\"es\",\"@id\":\"https:\\\/\\\/noticiasmercedinas.com\\\/site\\\/#\\\/schema\\\/logo\\\/image\\\/\",\"url\":\"https:\\\/\\\/noticiasmercedinas.com\\\/site\\\/wp-content\\\/uploads\\\/2020\\\/06\\\/LOGO-512.jpg\",\"contentUrl\":\"https:\\\/\\\/noticiasmercedinas.com\\\/site\\\/wp-content\\\/uploads\\\/2020\\\/06\\\/LOGO-512.jpg\",\"width\":512,\"height\":512,\"caption\":\"NOTICIASMERCEDINAS.COM\"},\"image\":{\"@id\":\"https:\\\/\\\/noticiasmercedinas.com\\\/site\\\/#\\\/schema\\\/logo\\\/image\\\/\"},\"sameAs\":[\"https:\\\/\\\/www.facebook.com\\\/noticiasmercedinas\\\/\",\"https:\\\/\\\/x.com\\\/notmercedinas\",\"https:\\\/\\\/www.instagram.com\\\/noticiasmercedinas\\\/\"]},{\"@type\":\"Person\",\"@id\":\"https:\\\/\\\/noticiasmercedinas.com\\\/site\\\/#\\\/schema\\\/person\\\/84b59c099c28ff2e8b77d4ceec5d8063\",\"name\":\"NOTICIASMERCEDINAS.COM\",\"image\":{\"@type\":\"ImageObject\",\"inLanguage\":\"es\",\"@id\":\"https:\\\/\\\/secure.gravatar.com\\\/avatar\\\/4dfbf16b4d17945bfb6341b2d19043457132fcf478a5ee04f42e959fd8f5df0a?s=96&d=mm&r=g\",\"url\":\"https:\\\/\\\/secure.gravatar.com\\\/avatar\\\/4dfbf16b4d17945bfb6341b2d19043457132fcf478a5ee04f42e959fd8f5df0a?s=96&d=mm&r=g\",\"contentUrl\":\"https:\\\/\\\/secure.gravatar.com\\\/avatar\\\/4dfbf16b4d17945bfb6341b2d19043457132fcf478a5ee04f42e959fd8f5df0a?s=96&d=mm&r=g\",\"caption\":\"NOTICIASMERCEDINAS.COM\"},\"url\":\"https:\\\/\\\/noticiasmercedinas.com\\\/site\\\/author\\\/anonimo\\\/\"}]}<\/script>\n<!-- \/ Yoast SEO plugin. -->","yoast_head_json":{"title":"Anunciaron que habr\u00e1 un homenaje a Santiago Su\u00e1rez el pr\u00f3ximo viernes 16","robots":{"index":"index","follow":"follow","max-snippet":"max-snippet:-1","max-image-preview":"max-image-preview:large","max-video-preview":"max-video-preview:-1"},"canonical":"https:\/\/noticiasmercedinas.com\/site\/2022\/12\/08\/anunciaron-que-habra-un-homenaje-a-santiago-suarez-el-proximo-viernes-16\/","og_locale":"es_ES","og_type":"article","og_title":"Anunciaron que habr\u00e1 un homenaje a Santiago Su\u00e1rez el pr\u00f3ximo viernes 16","og_description":"\u25a0 \"La manera m\u00e1s linda de recordar a Santiago es a trav\u00e9s de sus amigos y en un escenario\", destac\u00f3 quien fuera su esposa. Se organiza un festival desde el \u00e1rea de Cultura","og_url":"https:\/\/noticiasmercedinas.com\/site\/2022\/12\/08\/anunciaron-que-habra-un-homenaje-a-santiago-suarez-el-proximo-viernes-16\/","og_site_name":"NOTICIASMERCEDINAS.COM","article_publisher":"https:\/\/www.facebook.com\/noticiasmercedinas\/","article_published_time":"2022-12-08T12:38:11+00:00","article_modified_time":"2022-12-08T12:39:29+00:00","og_image":[{"width":637,"height":444,"url":"https:\/\/noticiasmercedinas.com\/site\/wp-content\/uploads\/2020\/12\/santiago___suarez.jpg","type":"image\/jpeg"}],"author":"NOTICIASMERCEDINAS.COM","twitter_card":"summary_large_image","twitter_creator":"@notmercedinas","twitter_site":"@notmercedinas","twitter_misc":{"Escrito por":"NOTICIASMERCEDINAS.COM","Tiempo de lectura":"2 minutos"},"schema":{"@context":"https:\/\/schema.org","@graph":[{"@type":"Article","@id":"https:\/\/noticiasmercedinas.com\/site\/2022\/12\/08\/anunciaron-que-habra-un-homenaje-a-santiago-suarez-el-proximo-viernes-16\/#article","isPartOf":{"@id":"https:\/\/noticiasmercedinas.com\/site\/2022\/12\/08\/anunciaron-que-habra-un-homenaje-a-santiago-suarez-el-proximo-viernes-16\/"},"author":{"name":"NOTICIASMERCEDINAS.COM","@id":"https:\/\/noticiasmercedinas.com\/site\/#\/schema\/person\/84b59c099c28ff2e8b77d4ceec5d8063"},"headline":"Anunciaron que habr\u00e1 un homenaje a Santiago Su\u00e1rez el pr\u00f3ximo viernes 16","datePublished":"2022-12-08T12:38:11+00:00","dateModified":"2022-12-08T12:39:29+00:00","mainEntityOfPage":{"@id":"https:\/\/noticiasmercedinas.com\/site\/2022\/12\/08\/anunciaron-que-habra-un-homenaje-a-santiago-suarez-el-proximo-viernes-16\/"},"wordCount":369,"commentCount":0,"publisher":{"@id":"https:\/\/noticiasmercedinas.com\/site\/#organization"},"image":{"@id":"https:\/\/noticiasmercedinas.com\/site\/2022\/12\/08\/anunciaron-que-habra-un-homenaje-a-santiago-suarez-el-proximo-viernes-16\/#primaryimage"},"thumbnailUrl":"https:\/\/noticiasmercedinas.com\/site\/wp-content\/uploads\/2020\/12\/santiago___suarez.jpg","keywords":["Alejandro Villalba","cecilia capaccio","folclore","francisco dinova","Juan Ustarroz","Luc\u00eda Capaccio","Santiago Suarez","Stella Dicatarina","teatro argentino"],"articleSection":["Cultura"],"inLanguage":"es","potentialAction":[{"@type":"CommentAction","name":"Comment","target":["https:\/\/noticiasmercedinas.com\/site\/2022\/12\/08\/anunciaron-que-habra-un-homenaje-a-santiago-suarez-el-proximo-viernes-16\/#respond"]}]},{"@type":"WebPage","@id":"https:\/\/noticiasmercedinas.com\/site\/2022\/12\/08\/anunciaron-que-habra-un-homenaje-a-santiago-suarez-el-proximo-viernes-16\/","url":"https:\/\/noticiasmercedinas.com\/site\/2022\/12\/08\/anunciaron-que-habra-un-homenaje-a-santiago-suarez-el-proximo-viernes-16\/","name":"Anunciaron que habr\u00e1 un homenaje a Santiago Su\u00e1rez el pr\u00f3ximo viernes 16","isPartOf":{"@id":"https:\/\/noticiasmercedinas.com\/site\/#website"},"primaryImageOfPage":{"@id":"https:\/\/noticiasmercedinas.com\/site\/2022\/12\/08\/anunciaron-que-habra-un-homenaje-a-santiago-suarez-el-proximo-viernes-16\/#primaryimage"},"image":{"@id":"https:\/\/noticiasmercedinas.com\/site\/2022\/12\/08\/anunciaron-que-habra-un-homenaje-a-santiago-suarez-el-proximo-viernes-16\/#primaryimage"},"thumbnailUrl":"https:\/\/noticiasmercedinas.com\/site\/wp-content\/uploads\/2020\/12\/santiago___suarez.jpg","datePublished":"2022-12-08T12:38:11+00:00","dateModified":"2022-12-08T12:39:29+00:00","breadcrumb":{"@id":"https:\/\/noticiasmercedinas.com\/site\/2022\/12\/08\/anunciaron-que-habra-un-homenaje-a-santiago-suarez-el-proximo-viernes-16\/#breadcrumb"},"inLanguage":"es","potentialAction":[{"@type":"ReadAction","target":["https:\/\/noticiasmercedinas.com\/site\/2022\/12\/08\/anunciaron-que-habra-un-homenaje-a-santiago-suarez-el-proximo-viernes-16\/"]}]},{"@type":"ImageObject","inLanguage":"es","@id":"https:\/\/noticiasmercedinas.com\/site\/2022\/12\/08\/anunciaron-que-habra-un-homenaje-a-santiago-suarez-el-proximo-viernes-16\/#primaryimage","url":"https:\/\/noticiasmercedinas.com\/site\/wp-content\/uploads\/2020\/12\/santiago___suarez.jpg","contentUrl":"https:\/\/noticiasmercedinas.com\/site\/wp-content\/uploads\/2020\/12\/santiago___suarez.jpg","width":637,"height":444},{"@type":"BreadcrumbList","@id":"https:\/\/noticiasmercedinas.com\/site\/2022\/12\/08\/anunciaron-que-habra-un-homenaje-a-santiago-suarez-el-proximo-viernes-16\/#breadcrumb","itemListElement":[{"@type":"ListItem","position":1,"name":"Portada","item":"https:\/\/noticiasmercedinas.com\/site\/"},{"@type":"ListItem","position":2,"name":"Anunciaron que habr\u00e1 un homenaje a Santiago Su\u00e1rez el pr\u00f3ximo viernes 16"}]},{"@type":"WebSite","@id":"https:\/\/noticiasmercedinas.com\/site\/#website","url":"https:\/\/noticiasmercedinas.com\/site\/","name":"NOTICIASMERCEDINAS.COM","description":"Mercedes, Buenos Aires, Argentina","publisher":{"@id":"https:\/\/noticiasmercedinas.com\/site\/#organization"},"potentialAction":[{"@type":"SearchAction","target":{"@type":"EntryPoint","urlTemplate":"https:\/\/noticiasmercedinas.com\/site\/?s={search_term_string}"},"query-input":{"@type":"PropertyValueSpecification","valueRequired":true,"valueName":"search_term_string"}}],"inLanguage":"es"},{"@type":"Organization","@id":"https:\/\/noticiasmercedinas.com\/site\/#organization","name":"NOTICIASMERCEDINAS.COM","url":"https:\/\/noticiasmercedinas.com\/site\/","logo":{"@type":"ImageObject","inLanguage":"es","@id":"https:\/\/noticiasmercedinas.com\/site\/#\/schema\/logo\/image\/","url":"https:\/\/noticiasmercedinas.com\/site\/wp-content\/uploads\/2020\/06\/LOGO-512.jpg","contentUrl":"https:\/\/noticiasmercedinas.com\/site\/wp-content\/uploads\/2020\/06\/LOGO-512.jpg","width":512,"height":512,"caption":"NOTICIASMERCEDINAS.COM"},"image":{"@id":"https:\/\/noticiasmercedinas.com\/site\/#\/schema\/logo\/image\/"},"sameAs":["https:\/\/www.facebook.com\/noticiasmercedinas\/","https:\/\/x.com\/notmercedinas","https:\/\/www.instagram.com\/noticiasmercedinas\/"]},{"@type":"Person","@id":"https:\/\/noticiasmercedinas.com\/site\/#\/schema\/person\/84b59c099c28ff2e8b77d4ceec5d8063","name":"NOTICIASMERCEDINAS.COM","image":{"@type":"ImageObject","inLanguage":"es","@id":"https:\/\/secure.gravatar.com\/avatar\/4dfbf16b4d17945bfb6341b2d19043457132fcf478a5ee04f42e959fd8f5df0a?s=96&d=mm&r=g","url":"https:\/\/secure.gravatar.com\/avatar\/4dfbf16b4d17945bfb6341b2d19043457132fcf478a5ee04f42e959fd8f5df0a?s=96&d=mm&r=g","contentUrl":"https:\/\/secure.gravatar.com\/avatar\/4dfbf16b4d17945bfb6341b2d19043457132fcf478a5ee04f42e959fd8f5df0a?s=96&d=mm&r=g","caption":"NOTICIASMERCEDINAS.COM"},"url":"https:\/\/noticiasmercedinas.com\/site\/author\/anonimo\/"}]}},"amp_enabled":true,"_links":{"self":[{"href":"https:\/\/noticiasmercedinas.com\/site\/wp-json\/wp\/v2\/posts\/106110","targetHints":{"allow":["GET"]}}],"collection":[{"href":"https:\/\/noticiasmercedinas.com\/site\/wp-json\/wp\/v2\/posts"}],"about":[{"href":"https:\/\/noticiasmercedinas.com\/site\/wp-json\/wp\/v2\/types\/post"}],"author":[{"embeddable":true,"href":"https:\/\/noticiasmercedinas.com\/site\/wp-json\/wp\/v2\/users\/16"}],"replies":[{"embeddable":true,"href":"https:\/\/noticiasmercedinas.com\/site\/wp-json\/wp\/v2\/comments?post=106110"}],"version-history":[{"count":2,"href":"https:\/\/noticiasmercedinas.com\/site\/wp-json\/wp\/v2\/posts\/106110\/revisions"}],"predecessor-version":[{"id":106113,"href":"https:\/\/noticiasmercedinas.com\/site\/wp-json\/wp\/v2\/posts\/106110\/revisions\/106113"}],"wp:featuredmedia":[{"embeddable":true,"href":"https:\/\/noticiasmercedinas.com\/site\/wp-json\/wp\/v2\/media\/58443"}],"wp:attachment":[{"href":"https:\/\/noticiasmercedinas.com\/site\/wp-json\/wp\/v2\/media?parent=106110"}],"wp:term":[{"taxonomy":"category","embeddable":true,"href":"https:\/\/noticiasmercedinas.com\/site\/wp-json\/wp\/v2\/categories?post=106110"},{"taxonomy":"post_tag","embeddable":true,"href":"https:\/\/noticiasmercedinas.com\/site\/wp-json\/wp\/v2\/tags?post=106110"}],"curies":[{"name":"wp","href":"https:\/\/api.w.org\/{rel}","templated":true}]}}