{"id":106277,"date":"2022-12-11T18:00:44","date_gmt":"2022-12-11T21:00:44","guid":{"rendered":"https:\/\/noticiasmercedinas.com\/site\/?p=106277"},"modified":"2022-12-11T18:00:44","modified_gmt":"2022-12-11T21:00:44","slug":"llovio-pero-hoy-hubo-incendio-de-pastos","status":"publish","type":"post","link":"https:\/\/noticiasmercedinas.com\/site\/2022\/12\/11\/llovio-pero-hoy-hubo-incendio-de-pastos\/","title":{"rendered":"Llovi\u00f3 pero hoy hubo incendio de pastos"},"content":{"rendered":"<p><a href=\"https:\/\/noticiasmercedinas.com\/site\/wp-content\/uploads\/2022\/12\/incendio_forestal_bomberos.jpg\"><img loading=\"lazy\" decoding=\"async\" class=\"alignnone size-full wp-image-106279\" src=\"https:\/\/noticiasmercedinas.com\/site\/wp-content\/uploads\/2022\/12\/incendio_forestal_bomberos.jpg\" alt=\"\" width=\"703\" height=\"466\" srcset=\"https:\/\/noticiasmercedinas.com\/site\/wp-content\/uploads\/2022\/12\/incendio_forestal_bomberos.jpg 703w, https:\/\/noticiasmercedinas.com\/site\/wp-content\/uploads\/2022\/12\/incendio_forestal_bomberos-300x199.jpg 300w, https:\/\/noticiasmercedinas.com\/site\/wp-content\/uploads\/2022\/12\/incendio_forestal_bomberos-640x424.jpg 640w, https:\/\/noticiasmercedinas.com\/site\/wp-content\/uploads\/2022\/12\/incendio_forestal_bomberos-681x451.jpg 681w\" sizes=\"auto, (max-width: 703px) 100vw, 703px\" \/><\/a><\/p>\n<p>El incendio en dos lotes del barrio \u201cLos \u00c1lamos\u201d fue hasta el momento el \u00fanico incendio en el que debieron intervenir hoy los Bomberos Voluntarios de Mercedes, despu\u00e9s de la lluvia que alivi\u00f3 una situaci\u00f3n cr\u00edtica de persistente sequ\u00eda y fuego permanente en pastizales.<\/p>\n<p>El siniestro se registr\u00f3 minutos antes de las 17 horas en calle 30 y 141 y fue enfrentado por los servidores p\u00fablicos con la colaboraci\u00f3n de vecinos que tambi\u00e9n echaron agua para impedir que, en una tarde ventosa, las llamas se propagasen a\u00fan m\u00e1s.<\/p>\n<div style=\"width: 640px;\" class=\"wp-video\"><video class=\"wp-video-shortcode\" id=\"video-106277-1\" width=\"640\" height=\"352\" preload=\"metadata\" controls=\"controls\"><source type=\"video\/mp4\" src=\"https:\/\/noticiasmercedinas.com\/site\/wp-content\/uploads\/2022\/12\/221211_incendio_alamos.mp4?_=1\" \/><a href=\"https:\/\/noticiasmercedinas.com\/site\/wp-content\/uploads\/2022\/12\/221211_incendio_alamos.mp4\">https:\/\/noticiasmercedinas.com\/site\/wp-content\/uploads\/2022\/12\/221211_incendio_alamos.mp4<\/a><\/video><\/div>\n<blockquote><p>El siniestro fue enfrentado por los servidores p\u00fablicos con la colaboraci\u00f3n de vecinos.<\/p><\/blockquote>\n<p>La tormenta del viernes caus\u00f3 <a href=\"https:\/\/noticiasmercedinas.com\/site\/2022\/12\/10\/tras-el-temporal-continuaron-las-tareas-desde-espacios-verdes\/\">da\u00f1os<\/a>, <a href=\"https:\/\/noticiasmercedinas.com\/site\/2022\/12\/09\/sin-agua-sin-luz-una-definicion-infartante-que-muchos-no-pudieron-ver-pero-salieron-a-festejar\/\">cortes de luz<\/a>, y el luctuoso siniestro en el que <a href=\"https:\/\/noticiasmercedinas.com\/site\/2022\/12\/10\/nino-muere-electrocutado-con-cable-caido\/\">perdi\u00f3 la vida por electrocuci\u00f3n un ni\u00f1o de nueve a\u00f1os<\/a>. A la vez, las recientes precipitaciones brindan un respiro a los Bomberos, cuya labor se ve muy recargada.<\/p>\n<p>De acuerdo al pron\u00f3stico oficial del Servicio Meteorol\u00f3gico Nacional, para la noche de este domingo en la zona se esperan nuevas tormentas fuertes con vientos intensos del sector Sur y r\u00e1fagas de hasta 59 kil\u00f3metros por hora.<\/p>\n","protected":false},"excerpt":{"rendered":"<p>\u25a0 Aunque las llamas este domingo tomaron dos lotes en \u201cLos \u00c1lamos\u201d, las precipitaciones aliviaron el trabajo recargado de los Bomberos. Anuncian tormentas fuertes para esta noche.<\/p>\n","protected":false},"author":16,"featured_media":106279,"comment_status":"open","ping_status":"open","sticky":false,"template":"","format":"standard","meta":{"footnotes":""},"categories":[7],"tags":[4238,15927,1075],"class_list":["post-106277","post","type-post","status-publish","format-standard","has-post-thumbnail","hentry","category-policiales","tag-bomberos-voluntarios-de-mercedes","tag-incendio-de-pastos","tag-tormenta"],"yoast_head":"<!-- This site is optimized with the Yoast SEO plugin v27.4 - https:\/\/yoast.com\/product\/yoast-seo-wordpress\/ -->\n<title>Llovi\u00f3 pero hoy hubo incendio de pastos<\/title>\n<meta name=\"robots\" content=\"index, follow, max-snippet:-1, max-image-preview:large, max-video-preview:-1\" \/>\n<link rel=\"canonical\" href=\"https:\/\/noticiasmercedinas.com\/site\/2022\/12\/11\/llovio-pero-hoy-hubo-incendio-de-pastos\/\" \/>\n<meta property=\"og:locale\" content=\"es_ES\" \/>\n<meta property=\"og:type\" content=\"article\" \/>\n<meta property=\"og:title\" content=\"Llovi\u00f3 pero hoy hubo incendio de pastos\" \/>\n<meta property=\"og:description\" content=\"\u25a0 Aunque las llamas este domingo tomaron dos lotes en \u201cLos \u00c1lamos\u201d, las precipitaciones aliviaron el trabajo recargado de los Bomberos. Anuncian tormentas fuertes para esta noche.\" \/>\n<meta property=\"og:url\" content=\"https:\/\/noticiasmercedinas.com\/site\/2022\/12\/11\/llovio-pero-hoy-hubo-incendio-de-pastos\/\" \/>\n<meta property=\"og:site_name\" content=\"NOTICIASMERCEDINAS.COM\" \/>\n<meta property=\"article:publisher\" content=\"https:\/\/www.facebook.com\/noticiasmercedinas\/\" \/>\n<meta property=\"article:published_time\" content=\"2022-12-11T21:00:44+00:00\" \/>\n<meta property=\"og:image\" content=\"https:\/\/noticiasmercedinas.com\/site\/wp-content\/uploads\/2022\/12\/incendio_forestal_bomberos.jpg\" \/>\n\t<meta property=\"og:image:width\" content=\"703\" \/>\n\t<meta property=\"og:image:height\" content=\"466\" \/>\n\t<meta property=\"og:image:type\" content=\"image\/jpeg\" \/>\n<meta name=\"author\" content=\"NOTICIASMERCEDINAS.COM\" \/>\n<meta name=\"twitter:card\" content=\"summary_large_image\" \/>\n<meta name=\"twitter:creator\" content=\"@notmercedinas\" \/>\n<meta name=\"twitter:site\" content=\"@notmercedinas\" \/>\n<meta name=\"twitter:label1\" content=\"Escrito por\" \/>\n\t<meta name=\"twitter:data1\" content=\"NOTICIASMERCEDINAS.COM\" \/>\n\t<meta name=\"twitter:label2\" content=\"Tiempo de lectura\" \/>\n\t<meta name=\"twitter:data2\" content=\"2 minutos\" \/>\n<script type=\"application\/ld+json\" class=\"yoast-schema-graph\">{\"@context\":\"https:\\\/\\\/schema.org\",\"@graph\":[{\"@type\":\"Article\",\"@id\":\"https:\\\/\\\/noticiasmercedinas.com\\\/site\\\/2022\\\/12\\\/11\\\/llovio-pero-hoy-hubo-incendio-de-pastos\\\/#article\",\"isPartOf\":{\"@id\":\"https:\\\/\\\/noticiasmercedinas.com\\\/site\\\/2022\\\/12\\\/11\\\/llovio-pero-hoy-hubo-incendio-de-pastos\\\/\"},\"author\":{\"name\":\"NOTICIASMERCEDINAS.COM\",\"@id\":\"https:\\\/\\\/noticiasmercedinas.com\\\/site\\\/#\\\/schema\\\/person\\\/84b59c099c28ff2e8b77d4ceec5d8063\"},\"headline\":\"Llovi\u00f3 pero hoy hubo incendio de pastos\",\"datePublished\":\"2022-12-11T21:00:44+00:00\",\"mainEntityOfPage\":{\"@id\":\"https:\\\/\\\/noticiasmercedinas.com\\\/site\\\/2022\\\/12\\\/11\\\/llovio-pero-hoy-hubo-incendio-de-pastos\\\/\"},\"wordCount\":218,\"commentCount\":0,\"publisher\":{\"@id\":\"https:\\\/\\\/noticiasmercedinas.com\\\/site\\\/#organization\"},\"image\":{\"@id\":\"https:\\\/\\\/noticiasmercedinas.com\\\/site\\\/2022\\\/12\\\/11\\\/llovio-pero-hoy-hubo-incendio-de-pastos\\\/#primaryimage\"},\"thumbnailUrl\":\"https:\\\/\\\/noticiasmercedinas.com\\\/site\\\/wp-content\\\/uploads\\\/2022\\\/12\\\/incendio_forestal_bomberos.jpg\",\"keywords\":[\"Bomberos Voluntarios de Mercedes\",\"Incendio de pastos\",\"tormenta\"],\"articleSection\":[\"Seguridad\"],\"inLanguage\":\"es\",\"potentialAction\":[{\"@type\":\"CommentAction\",\"name\":\"Comment\",\"target\":[\"https:\\\/\\\/noticiasmercedinas.com\\\/site\\\/2022\\\/12\\\/11\\\/llovio-pero-hoy-hubo-incendio-de-pastos\\\/#respond\"]}]},{\"@type\":\"WebPage\",\"@id\":\"https:\\\/\\\/noticiasmercedinas.com\\\/site\\\/2022\\\/12\\\/11\\\/llovio-pero-hoy-hubo-incendio-de-pastos\\\/\",\"url\":\"https:\\\/\\\/noticiasmercedinas.com\\\/site\\\/2022\\\/12\\\/11\\\/llovio-pero-hoy-hubo-incendio-de-pastos\\\/\",\"name\":\"Llovi\u00f3 pero hoy hubo incendio de pastos\",\"isPartOf\":{\"@id\":\"https:\\\/\\\/noticiasmercedinas.com\\\/site\\\/#website\"},\"primaryImageOfPage\":{\"@id\":\"https:\\\/\\\/noticiasmercedinas.com\\\/site\\\/2022\\\/12\\\/11\\\/llovio-pero-hoy-hubo-incendio-de-pastos\\\/#primaryimage\"},\"image\":{\"@id\":\"https:\\\/\\\/noticiasmercedinas.com\\\/site\\\/2022\\\/12\\\/11\\\/llovio-pero-hoy-hubo-incendio-de-pastos\\\/#primaryimage\"},\"thumbnailUrl\":\"https:\\\/\\\/noticiasmercedinas.com\\\/site\\\/wp-content\\\/uploads\\\/2022\\\/12\\\/incendio_forestal_bomberos.jpg\",\"datePublished\":\"2022-12-11T21:00:44+00:00\",\"breadcrumb\":{\"@id\":\"https:\\\/\\\/noticiasmercedinas.com\\\/site\\\/2022\\\/12\\\/11\\\/llovio-pero-hoy-hubo-incendio-de-pastos\\\/#breadcrumb\"},\"inLanguage\":\"es\",\"potentialAction\":[{\"@type\":\"ReadAction\",\"target\":[\"https:\\\/\\\/noticiasmercedinas.com\\\/site\\\/2022\\\/12\\\/11\\\/llovio-pero-hoy-hubo-incendio-de-pastos\\\/\"]}]},{\"@type\":\"ImageObject\",\"inLanguage\":\"es\",\"@id\":\"https:\\\/\\\/noticiasmercedinas.com\\\/site\\\/2022\\\/12\\\/11\\\/llovio-pero-hoy-hubo-incendio-de-pastos\\\/#primaryimage\",\"url\":\"https:\\\/\\\/noticiasmercedinas.com\\\/site\\\/wp-content\\\/uploads\\\/2022\\\/12\\\/incendio_forestal_bomberos.jpg\",\"contentUrl\":\"https:\\\/\\\/noticiasmercedinas.com\\\/site\\\/wp-content\\\/uploads\\\/2022\\\/12\\\/incendio_forestal_bomberos.jpg\",\"width\":703,\"height\":466},{\"@type\":\"BreadcrumbList\",\"@id\":\"https:\\\/\\\/noticiasmercedinas.com\\\/site\\\/2022\\\/12\\\/11\\\/llovio-pero-hoy-hubo-incendio-de-pastos\\\/#breadcrumb\",\"itemListElement\":[{\"@type\":\"ListItem\",\"position\":1,\"name\":\"Portada\",\"item\":\"https:\\\/\\\/noticiasmercedinas.com\\\/site\\\/\"},{\"@type\":\"ListItem\",\"position\":2,\"name\":\"Llovi\u00f3 pero hoy hubo incendio de pastos\"}]},{\"@type\":\"WebSite\",\"@id\":\"https:\\\/\\\/noticiasmercedinas.com\\\/site\\\/#website\",\"url\":\"https:\\\/\\\/noticiasmercedinas.com\\\/site\\\/\",\"name\":\"NOTICIASMERCEDINAS.COM\",\"description\":\"Mercedes, Buenos Aires, Argentina\",\"publisher\":{\"@id\":\"https:\\\/\\\/noticiasmercedinas.com\\\/site\\\/#organization\"},\"potentialAction\":[{\"@type\":\"SearchAction\",\"target\":{\"@type\":\"EntryPoint\",\"urlTemplate\":\"https:\\\/\\\/noticiasmercedinas.com\\\/site\\\/?s={search_term_string}\"},\"query-input\":{\"@type\":\"PropertyValueSpecification\",\"valueRequired\":true,\"valueName\":\"search_term_string\"}}],\"inLanguage\":\"es\"},{\"@type\":\"Organization\",\"@id\":\"https:\\\/\\\/noticiasmercedinas.com\\\/site\\\/#organization\",\"name\":\"NOTICIASMERCEDINAS.COM\",\"url\":\"https:\\\/\\\/noticiasmercedinas.com\\\/site\\\/\",\"logo\":{\"@type\":\"ImageObject\",\"inLanguage\":\"es\",\"@id\":\"https:\\\/\\\/noticiasmercedinas.com\\\/site\\\/#\\\/schema\\\/logo\\\/image\\\/\",\"url\":\"https:\\\/\\\/noticiasmercedinas.com\\\/site\\\/wp-content\\\/uploads\\\/2020\\\/06\\\/LOGO-512.jpg\",\"contentUrl\":\"https:\\\/\\\/noticiasmercedinas.com\\\/site\\\/wp-content\\\/uploads\\\/2020\\\/06\\\/LOGO-512.jpg\",\"width\":512,\"height\":512,\"caption\":\"NOTICIASMERCEDINAS.COM\"},\"image\":{\"@id\":\"https:\\\/\\\/noticiasmercedinas.com\\\/site\\\/#\\\/schema\\\/logo\\\/image\\\/\"},\"sameAs\":[\"https:\\\/\\\/www.facebook.com\\\/noticiasmercedinas\\\/\",\"https:\\\/\\\/x.com\\\/notmercedinas\",\"https:\\\/\\\/www.instagram.com\\\/noticiasmercedinas\\\/\"]},{\"@type\":\"Person\",\"@id\":\"https:\\\/\\\/noticiasmercedinas.com\\\/site\\\/#\\\/schema\\\/person\\\/84b59c099c28ff2e8b77d4ceec5d8063\",\"name\":\"NOTICIASMERCEDINAS.COM\",\"image\":{\"@type\":\"ImageObject\",\"inLanguage\":\"es\",\"@id\":\"https:\\\/\\\/secure.gravatar.com\\\/avatar\\\/4dfbf16b4d17945bfb6341b2d19043457132fcf478a5ee04f42e959fd8f5df0a?s=96&d=mm&r=g\",\"url\":\"https:\\\/\\\/secure.gravatar.com\\\/avatar\\\/4dfbf16b4d17945bfb6341b2d19043457132fcf478a5ee04f42e959fd8f5df0a?s=96&d=mm&r=g\",\"contentUrl\":\"https:\\\/\\\/secure.gravatar.com\\\/avatar\\\/4dfbf16b4d17945bfb6341b2d19043457132fcf478a5ee04f42e959fd8f5df0a?s=96&d=mm&r=g\",\"caption\":\"NOTICIASMERCEDINAS.COM\"},\"url\":\"https:\\\/\\\/noticiasmercedinas.com\\\/site\\\/author\\\/anonimo\\\/\"}]}<\/script>\n<!-- \/ Yoast SEO plugin. -->","yoast_head_json":{"title":"Llovi\u00f3 pero hoy hubo incendio de pastos","robots":{"index":"index","follow":"follow","max-snippet":"max-snippet:-1","max-image-preview":"max-image-preview:large","max-video-preview":"max-video-preview:-1"},"canonical":"https:\/\/noticiasmercedinas.com\/site\/2022\/12\/11\/llovio-pero-hoy-hubo-incendio-de-pastos\/","og_locale":"es_ES","og_type":"article","og_title":"Llovi\u00f3 pero hoy hubo incendio de pastos","og_description":"\u25a0 Aunque las llamas este domingo tomaron dos lotes en \u201cLos \u00c1lamos\u201d, las precipitaciones aliviaron el trabajo recargado de los Bomberos. Anuncian tormentas fuertes para esta noche.","og_url":"https:\/\/noticiasmercedinas.com\/site\/2022\/12\/11\/llovio-pero-hoy-hubo-incendio-de-pastos\/","og_site_name":"NOTICIASMERCEDINAS.COM","article_publisher":"https:\/\/www.facebook.com\/noticiasmercedinas\/","article_published_time":"2022-12-11T21:00:44+00:00","og_image":[{"width":703,"height":466,"url":"https:\/\/noticiasmercedinas.com\/site\/wp-content\/uploads\/2022\/12\/incendio_forestal_bomberos.jpg","type":"image\/jpeg"}],"author":"NOTICIASMERCEDINAS.COM","twitter_card":"summary_large_image","twitter_creator":"@notmercedinas","twitter_site":"@notmercedinas","twitter_misc":{"Escrito por":"NOTICIASMERCEDINAS.COM","Tiempo de lectura":"2 minutos"},"schema":{"@context":"https:\/\/schema.org","@graph":[{"@type":"Article","@id":"https:\/\/noticiasmercedinas.com\/site\/2022\/12\/11\/llovio-pero-hoy-hubo-incendio-de-pastos\/#article","isPartOf":{"@id":"https:\/\/noticiasmercedinas.com\/site\/2022\/12\/11\/llovio-pero-hoy-hubo-incendio-de-pastos\/"},"author":{"name":"NOTICIASMERCEDINAS.COM","@id":"https:\/\/noticiasmercedinas.com\/site\/#\/schema\/person\/84b59c099c28ff2e8b77d4ceec5d8063"},"headline":"Llovi\u00f3 pero hoy hubo incendio de pastos","datePublished":"2022-12-11T21:00:44+00:00","mainEntityOfPage":{"@id":"https:\/\/noticiasmercedinas.com\/site\/2022\/12\/11\/llovio-pero-hoy-hubo-incendio-de-pastos\/"},"wordCount":218,"commentCount":0,"publisher":{"@id":"https:\/\/noticiasmercedinas.com\/site\/#organization"},"image":{"@id":"https:\/\/noticiasmercedinas.com\/site\/2022\/12\/11\/llovio-pero-hoy-hubo-incendio-de-pastos\/#primaryimage"},"thumbnailUrl":"https:\/\/noticiasmercedinas.com\/site\/wp-content\/uploads\/2022\/12\/incendio_forestal_bomberos.jpg","keywords":["Bomberos Voluntarios de Mercedes","Incendio de pastos","tormenta"],"articleSection":["Seguridad"],"inLanguage":"es","potentialAction":[{"@type":"CommentAction","name":"Comment","target":["https:\/\/noticiasmercedinas.com\/site\/2022\/12\/11\/llovio-pero-hoy-hubo-incendio-de-pastos\/#respond"]}]},{"@type":"WebPage","@id":"https:\/\/noticiasmercedinas.com\/site\/2022\/12\/11\/llovio-pero-hoy-hubo-incendio-de-pastos\/","url":"https:\/\/noticiasmercedinas.com\/site\/2022\/12\/11\/llovio-pero-hoy-hubo-incendio-de-pastos\/","name":"Llovi\u00f3 pero hoy hubo incendio de pastos","isPartOf":{"@id":"https:\/\/noticiasmercedinas.com\/site\/#website"},"primaryImageOfPage":{"@id":"https:\/\/noticiasmercedinas.com\/site\/2022\/12\/11\/llovio-pero-hoy-hubo-incendio-de-pastos\/#primaryimage"},"image":{"@id":"https:\/\/noticiasmercedinas.com\/site\/2022\/12\/11\/llovio-pero-hoy-hubo-incendio-de-pastos\/#primaryimage"},"thumbnailUrl":"https:\/\/noticiasmercedinas.com\/site\/wp-content\/uploads\/2022\/12\/incendio_forestal_bomberos.jpg","datePublished":"2022-12-11T21:00:44+00:00","breadcrumb":{"@id":"https:\/\/noticiasmercedinas.com\/site\/2022\/12\/11\/llovio-pero-hoy-hubo-incendio-de-pastos\/#breadcrumb"},"inLanguage":"es","potentialAction":[{"@type":"ReadAction","target":["https:\/\/noticiasmercedinas.com\/site\/2022\/12\/11\/llovio-pero-hoy-hubo-incendio-de-pastos\/"]}]},{"@type":"ImageObject","inLanguage":"es","@id":"https:\/\/noticiasmercedinas.com\/site\/2022\/12\/11\/llovio-pero-hoy-hubo-incendio-de-pastos\/#primaryimage","url":"https:\/\/noticiasmercedinas.com\/site\/wp-content\/uploads\/2022\/12\/incendio_forestal_bomberos.jpg","contentUrl":"https:\/\/noticiasmercedinas.com\/site\/wp-content\/uploads\/2022\/12\/incendio_forestal_bomberos.jpg","width":703,"height":466},{"@type":"BreadcrumbList","@id":"https:\/\/noticiasmercedinas.com\/site\/2022\/12\/11\/llovio-pero-hoy-hubo-incendio-de-pastos\/#breadcrumb","itemListElement":[{"@type":"ListItem","position":1,"name":"Portada","item":"https:\/\/noticiasmercedinas.com\/site\/"},{"@type":"ListItem","position":2,"name":"Llovi\u00f3 pero hoy hubo incendio de pastos"}]},{"@type":"WebSite","@id":"https:\/\/noticiasmercedinas.com\/site\/#website","url":"https:\/\/noticiasmercedinas.com\/site\/","name":"NOTICIASMERCEDINAS.COM","description":"Mercedes, Buenos Aires, Argentina","publisher":{"@id":"https:\/\/noticiasmercedinas.com\/site\/#organization"},"potentialAction":[{"@type":"SearchAction","target":{"@type":"EntryPoint","urlTemplate":"https:\/\/noticiasmercedinas.com\/site\/?s={search_term_string}"},"query-input":{"@type":"PropertyValueSpecification","valueRequired":true,"valueName":"search_term_string"}}],"inLanguage":"es"},{"@type":"Organization","@id":"https:\/\/noticiasmercedinas.com\/site\/#organization","name":"NOTICIASMERCEDINAS.COM","url":"https:\/\/noticiasmercedinas.com\/site\/","logo":{"@type":"ImageObject","inLanguage":"es","@id":"https:\/\/noticiasmercedinas.com\/site\/#\/schema\/logo\/image\/","url":"https:\/\/noticiasmercedinas.com\/site\/wp-content\/uploads\/2020\/06\/LOGO-512.jpg","contentUrl":"https:\/\/noticiasmercedinas.com\/site\/wp-content\/uploads\/2020\/06\/LOGO-512.jpg","width":512,"height":512,"caption":"NOTICIASMERCEDINAS.COM"},"image":{"@id":"https:\/\/noticiasmercedinas.com\/site\/#\/schema\/logo\/image\/"},"sameAs":["https:\/\/www.facebook.com\/noticiasmercedinas\/","https:\/\/x.com\/notmercedinas","https:\/\/www.instagram.com\/noticiasmercedinas\/"]},{"@type":"Person","@id":"https:\/\/noticiasmercedinas.com\/site\/#\/schema\/person\/84b59c099c28ff2e8b77d4ceec5d8063","name":"NOTICIASMERCEDINAS.COM","image":{"@type":"ImageObject","inLanguage":"es","@id":"https:\/\/secure.gravatar.com\/avatar\/4dfbf16b4d17945bfb6341b2d19043457132fcf478a5ee04f42e959fd8f5df0a?s=96&d=mm&r=g","url":"https:\/\/secure.gravatar.com\/avatar\/4dfbf16b4d17945bfb6341b2d19043457132fcf478a5ee04f42e959fd8f5df0a?s=96&d=mm&r=g","contentUrl":"https:\/\/secure.gravatar.com\/avatar\/4dfbf16b4d17945bfb6341b2d19043457132fcf478a5ee04f42e959fd8f5df0a?s=96&d=mm&r=g","caption":"NOTICIASMERCEDINAS.COM"},"url":"https:\/\/noticiasmercedinas.com\/site\/author\/anonimo\/"}]}},"amp_enabled":true,"_links":{"self":[{"href":"https:\/\/noticiasmercedinas.com\/site\/wp-json\/wp\/v2\/posts\/106277","targetHints":{"allow":["GET"]}}],"collection":[{"href":"https:\/\/noticiasmercedinas.com\/site\/wp-json\/wp\/v2\/posts"}],"about":[{"href":"https:\/\/noticiasmercedinas.com\/site\/wp-json\/wp\/v2\/types\/post"}],"author":[{"embeddable":true,"href":"https:\/\/noticiasmercedinas.com\/site\/wp-json\/wp\/v2\/users\/16"}],"replies":[{"embeddable":true,"href":"https:\/\/noticiasmercedinas.com\/site\/wp-json\/wp\/v2\/comments?post=106277"}],"version-history":[{"count":1,"href":"https:\/\/noticiasmercedinas.com\/site\/wp-json\/wp\/v2\/posts\/106277\/revisions"}],"predecessor-version":[{"id":106280,"href":"https:\/\/noticiasmercedinas.com\/site\/wp-json\/wp\/v2\/posts\/106277\/revisions\/106280"}],"wp:featuredmedia":[{"embeddable":true,"href":"https:\/\/noticiasmercedinas.com\/site\/wp-json\/wp\/v2\/media\/106279"}],"wp:attachment":[{"href":"https:\/\/noticiasmercedinas.com\/site\/wp-json\/wp\/v2\/media?parent=106277"}],"wp:term":[{"taxonomy":"category","embeddable":true,"href":"https:\/\/noticiasmercedinas.com\/site\/wp-json\/wp\/v2\/categories?post=106277"},{"taxonomy":"post_tag","embeddable":true,"href":"https:\/\/noticiasmercedinas.com\/site\/wp-json\/wp\/v2\/tags?post=106277"}],"curies":[{"name":"wp","href":"https:\/\/api.w.org\/{rel}","templated":true}]}}