{"id":10642,"date":"2019-01-14T16:04:02","date_gmt":"2019-01-14T19:04:02","guid":{"rendered":"https:\/\/noticiasmercedinas.com\/site\/?p=10642"},"modified":"2019-01-14T17:36:54","modified_gmt":"2019-01-14T20:36:54","slug":"impulsan-estrategia-para-favorecer-la-economia-local","status":"publish","type":"post","link":"https:\/\/noticiasmercedinas.com\/site\/2019\/01\/14\/impulsan-estrategia-para-favorecer-la-economia-local\/","title":{"rendered":"Impulsan estrategia para favorecer la econom\u00eda local"},"content":{"rendered":"<p><img loading=\"lazy\" decoding=\"async\" class=\"alignnone size-large wp-image-10643\" src=\"https:\/\/noticiasmercedinas.com\/site\/wp-content\/uploads\/2019\/01\/26ff762f-5bbf-48de-aef5-14d6363be967-682x1024.jpg\" alt=\"\" width=\"640\" height=\"961\" srcset=\"https:\/\/noticiasmercedinas.com\/site\/wp-content\/uploads\/2019\/01\/26ff762f-5bbf-48de-aef5-14d6363be967-682x1024.jpg 682w, https:\/\/noticiasmercedinas.com\/site\/wp-content\/uploads\/2019\/01\/26ff762f-5bbf-48de-aef5-14d6363be967-200x300.jpg 200w, https:\/\/noticiasmercedinas.com\/site\/wp-content\/uploads\/2019\/01\/26ff762f-5bbf-48de-aef5-14d6363be967-768x1152.jpg 768w, https:\/\/noticiasmercedinas.com\/site\/wp-content\/uploads\/2019\/01\/26ff762f-5bbf-48de-aef5-14d6363be967-640x960.jpg 640w, https:\/\/noticiasmercedinas.com\/site\/wp-content\/uploads\/2019\/01\/26ff762f-5bbf-48de-aef5-14d6363be967-681x1022.jpg 681w, https:\/\/noticiasmercedinas.com\/site\/wp-content\/uploads\/2019\/01\/26ff762f-5bbf-48de-aef5-14d6363be967.jpg 853w\" sizes=\"auto, (max-width: 640px) 100vw, 640px\" \/><\/p>\n<p>El programa \u00abBares &amp; Pizzer\u00edas\u00bb toma impulso, y tras ser presentado hace unos d\u00edas en sociedad se supo cu\u00e1l es el cronograma de actividades, que este fin de semana pr\u00f3ximo se llevar\u00e1n adelante.<\/p>\n<p>Entre el viernes 18 y el domingo 20 de enero, en tres locaciones habr\u00e1 shows especiales para quienes se acerquen. El viernes en Pizzeria Salomona de calle 27 y 32 habr\u00e1 un show de Lim\u00f3n y Sal desde las 21 horas. El s\u00e1bado en Casa Balero y Rojo Tomate, en la esquina de 26 y 23, se presentar\u00e1n Interk\u00f3smicos, Cumbar\u00e1 y Rev\u00f3lver, y adem\u00e1s expondr\u00e1 sus trabajos Juan Santana. El domingo, siempre desde las 21, en la cervecer\u00eda Scheitler, de Gowland, habr\u00e1 un show de la Orquesta Org\u00e1nica.<\/p>\n<p>De esta manera a trav\u00e9s de un nuevo programa de impulso a la econom\u00eda local, en este caso con bares y pizzer\u00edas de la ciudad, se pone en marcha una nueva actividad que tiene eje en lo comercial con atractivo cultural y gastron\u00f3mico.<\/p>\n<p>\u201cQueremos darle impuso al sector comercial, en esta primera etapa de enero y febrero, que va a seguir por gran parte del a\u00f1o\u201d, dijo a este medio <strong>Mart\u00edn Boragno<\/strong>, el responsable del \u00e1rea de Turismo y Comercio de la comuna. \u201cEsto se publicita a nivel regional pero es pensado para favorecer a la econom\u00eda local\u201d, agreg\u00f3 el funcionario.<\/p>\n<p>Este tipo de actividades son algo que vienen trabajando fuerte desde la y tienen sus antecedentes con otras movidas similares como la Fiesta de la Galleta, la de la Cerveza Artesanal o el Camino de los Bodegones. Y consultado sobre cu\u00e1l es la respuesta de gente y los emprendedores, Boragno precis\u00f3: \u201cEs una propuesta muy similar a Bodegones. Tiene una respuesta muy positiva para el comercio en la ayuda econ\u00f3mica en esta coyuntura, y tambi\u00e9n para los artistas con espacios para mostrar lo que hacen. Se entiende que este calendario de eventos est\u00e1 destinado a distintos sectores\u201d.<\/p>\n","protected":false},"excerpt":{"rendered":"<p>El programa \u00abBares &amp; Pizzer\u00edas\u00bb toma impulso, y tras ser presentado hace unos d\u00edas en sociedad se supo cu\u00e1l es el cronograma de actividades, que este fin de semana pr\u00f3ximo se llevar\u00e1n adelante. Entre el viernes 18 y el domingo 20 de enero, en tres locaciones habr\u00e1 shows especiales para quienes se acerquen. El viernes [&hellip;]<\/p>\n","protected":false},"author":2,"featured_media":10644,"comment_status":"open","ping_status":"open","sticky":false,"template":"","format":"standard","meta":{"footnotes":""},"categories":[3],"tags":[3229,1318,601,3256,3254,3260,327,88,3255,3228,3259,3257,3258,33],"class_list":["post-10642","post","type-post","status-publish","format-standard","has-post-thumbnail","hentry","category-sociedad","tag-bares","tag-casa-balero","tag-comercio","tag-cumbara","tag-economia-local","tag-limon-y-sal","tag-martin-boragno","tag-musica","tag-orquesta-organika","tag-pizzerias","tag-revolver","tag-rojo-tomate","tag-salomona","tag-turismo"],"yoast_head":"<!-- This site is optimized with the Yoast SEO plugin v27.4 - https:\/\/yoast.com\/product\/yoast-seo-wordpress\/ -->\n<title>Impulsan estrategia para favorecer la econom\u00eda local<\/title>\n<meta name=\"robots\" content=\"index, follow, max-snippet:-1, max-image-preview:large, max-video-preview:-1\" \/>\n<link rel=\"canonical\" href=\"https:\/\/noticiasmercedinas.com\/site\/2019\/01\/14\/impulsan-estrategia-para-favorecer-la-economia-local\/\" \/>\n<meta property=\"og:locale\" content=\"es_ES\" \/>\n<meta property=\"og:type\" content=\"article\" \/>\n<meta property=\"og:title\" content=\"Impulsan estrategia para favorecer la econom\u00eda local\" \/>\n<meta property=\"og:description\" content=\"El programa \u00abBares &amp; Pizzer\u00edas\u00bb toma impulso, y tras ser presentado hace unos d\u00edas en sociedad se supo cu\u00e1l es el cronograma de actividades, que este fin de semana pr\u00f3ximo se llevar\u00e1n adelante. Entre el viernes 18 y el domingo 20 de enero, en tres locaciones habr\u00e1 shows especiales para quienes se acerquen. El viernes [&hellip;]\" \/>\n<meta property=\"og:url\" content=\"https:\/\/noticiasmercedinas.com\/site\/2019\/01\/14\/impulsan-estrategia-para-favorecer-la-economia-local\/\" \/>\n<meta property=\"og:site_name\" content=\"NOTICIASMERCEDINAS.COM\" \/>\n<meta property=\"article:publisher\" content=\"https:\/\/www.facebook.com\/noticiasmercedinas\/\" \/>\n<meta property=\"article:author\" content=\"https:\/\/www.facebook.com\/cristian.falabella\" \/>\n<meta property=\"article:published_time\" content=\"2019-01-14T19:04:02+00:00\" \/>\n<meta property=\"article:modified_time\" content=\"2019-01-14T20:36:54+00:00\" \/>\n<meta property=\"og:image\" content=\"https:\/\/noticiasmercedinas.com\/site\/wp-content\/uploads\/2019\/01\/23.jpg\" \/>\n\t<meta property=\"og:image:width\" content=\"853\" \/>\n\t<meta property=\"og:image:height\" content=\"673\" \/>\n\t<meta property=\"og:image:type\" content=\"image\/jpeg\" \/>\n<meta name=\"author\" content=\"Cristian Falabella NOTICIASMERCEDINAS.COM\" \/>\n<meta name=\"twitter:card\" content=\"summary_large_image\" \/>\n<meta name=\"twitter:creator\" content=\"@https:\/\/twitter.com\/NOTMERCEDINAS\" \/>\n<meta name=\"twitter:site\" content=\"@notmercedinas\" \/>\n<meta name=\"twitter:label1\" content=\"Escrito por\" \/>\n\t<meta name=\"twitter:data1\" content=\"Cristian Falabella NOTICIASMERCEDINAS.COM\" \/>\n\t<meta name=\"twitter:label2\" content=\"Tiempo de lectura\" \/>\n\t<meta name=\"twitter:data2\" content=\"2 minutos\" \/>\n<script type=\"application\/ld+json\" class=\"yoast-schema-graph\">{\"@context\":\"https:\\\/\\\/schema.org\",\"@graph\":[{\"@type\":\"Article\",\"@id\":\"https:\\\/\\\/noticiasmercedinas.com\\\/site\\\/2019\\\/01\\\/14\\\/impulsan-estrategia-para-favorecer-la-economia-local\\\/#article\",\"isPartOf\":{\"@id\":\"https:\\\/\\\/noticiasmercedinas.com\\\/site\\\/2019\\\/01\\\/14\\\/impulsan-estrategia-para-favorecer-la-economia-local\\\/\"},\"author\":{\"name\":\"Cristian Falabella NOTICIASMERCEDINAS.COM\",\"@id\":\"https:\\\/\\\/noticiasmercedinas.com\\\/site\\\/#\\\/schema\\\/person\\\/d481a9696a5feaec13a60e2bbd991a6a\"},\"headline\":\"Impulsan estrategia para favorecer la econom\u00eda local\",\"datePublished\":\"2019-01-14T19:04:02+00:00\",\"dateModified\":\"2019-01-14T20:36:54+00:00\",\"mainEntityOfPage\":{\"@id\":\"https:\\\/\\\/noticiasmercedinas.com\\\/site\\\/2019\\\/01\\\/14\\\/impulsan-estrategia-para-favorecer-la-economia-local\\\/\"},\"wordCount\":342,\"commentCount\":0,\"publisher\":{\"@id\":\"https:\\\/\\\/noticiasmercedinas.com\\\/site\\\/#organization\"},\"image\":{\"@id\":\"https:\\\/\\\/noticiasmercedinas.com\\\/site\\\/2019\\\/01\\\/14\\\/impulsan-estrategia-para-favorecer-la-economia-local\\\/#primaryimage\"},\"thumbnailUrl\":\"https:\\\/\\\/noticiasmercedinas.com\\\/site\\\/wp-content\\\/uploads\\\/2019\\\/01\\\/23.jpg\",\"keywords\":[\"bares\",\"casa balero\",\"comercio\",\"cumbara\",\"economia local\",\"limon y sal\",\"martin boragno\",\"musica\",\"orquesta organika\",\"pizzerias\",\"revolver\",\"rojo tomate\",\"salomona\",\"turismo\"],\"articleSection\":[\"Sociedad\"],\"inLanguage\":\"es\",\"potentialAction\":[{\"@type\":\"CommentAction\",\"name\":\"Comment\",\"target\":[\"https:\\\/\\\/noticiasmercedinas.com\\\/site\\\/2019\\\/01\\\/14\\\/impulsan-estrategia-para-favorecer-la-economia-local\\\/#respond\"]}]},{\"@type\":\"WebPage\",\"@id\":\"https:\\\/\\\/noticiasmercedinas.com\\\/site\\\/2019\\\/01\\\/14\\\/impulsan-estrategia-para-favorecer-la-economia-local\\\/\",\"url\":\"https:\\\/\\\/noticiasmercedinas.com\\\/site\\\/2019\\\/01\\\/14\\\/impulsan-estrategia-para-favorecer-la-economia-local\\\/\",\"name\":\"Impulsan estrategia para favorecer la econom\u00eda local\",\"isPartOf\":{\"@id\":\"https:\\\/\\\/noticiasmercedinas.com\\\/site\\\/#website\"},\"primaryImageOfPage\":{\"@id\":\"https:\\\/\\\/noticiasmercedinas.com\\\/site\\\/2019\\\/01\\\/14\\\/impulsan-estrategia-para-favorecer-la-economia-local\\\/#primaryimage\"},\"image\":{\"@id\":\"https:\\\/\\\/noticiasmercedinas.com\\\/site\\\/2019\\\/01\\\/14\\\/impulsan-estrategia-para-favorecer-la-economia-local\\\/#primaryimage\"},\"thumbnailUrl\":\"https:\\\/\\\/noticiasmercedinas.com\\\/site\\\/wp-content\\\/uploads\\\/2019\\\/01\\\/23.jpg\",\"datePublished\":\"2019-01-14T19:04:02+00:00\",\"dateModified\":\"2019-01-14T20:36:54+00:00\",\"breadcrumb\":{\"@id\":\"https:\\\/\\\/noticiasmercedinas.com\\\/site\\\/2019\\\/01\\\/14\\\/impulsan-estrategia-para-favorecer-la-economia-local\\\/#breadcrumb\"},\"inLanguage\":\"es\",\"potentialAction\":[{\"@type\":\"ReadAction\",\"target\":[\"https:\\\/\\\/noticiasmercedinas.com\\\/site\\\/2019\\\/01\\\/14\\\/impulsan-estrategia-para-favorecer-la-economia-local\\\/\"]}]},{\"@type\":\"ImageObject\",\"inLanguage\":\"es\",\"@id\":\"https:\\\/\\\/noticiasmercedinas.com\\\/site\\\/2019\\\/01\\\/14\\\/impulsan-estrategia-para-favorecer-la-economia-local\\\/#primaryimage\",\"url\":\"https:\\\/\\\/noticiasmercedinas.com\\\/site\\\/wp-content\\\/uploads\\\/2019\\\/01\\\/23.jpg\",\"contentUrl\":\"https:\\\/\\\/noticiasmercedinas.com\\\/site\\\/wp-content\\\/uploads\\\/2019\\\/01\\\/23.jpg\",\"width\":853,\"height\":673},{\"@type\":\"BreadcrumbList\",\"@id\":\"https:\\\/\\\/noticiasmercedinas.com\\\/site\\\/2019\\\/01\\\/14\\\/impulsan-estrategia-para-favorecer-la-economia-local\\\/#breadcrumb\",\"itemListElement\":[{\"@type\":\"ListItem\",\"position\":1,\"name\":\"Portada\",\"item\":\"https:\\\/\\\/noticiasmercedinas.com\\\/site\\\/\"},{\"@type\":\"ListItem\",\"position\":2,\"name\":\"Impulsan estrategia para favorecer la econom\u00eda local\"}]},{\"@type\":\"WebSite\",\"@id\":\"https:\\\/\\\/noticiasmercedinas.com\\\/site\\\/#website\",\"url\":\"https:\\\/\\\/noticiasmercedinas.com\\\/site\\\/\",\"name\":\"NOTICIASMERCEDINAS.COM\",\"description\":\"Mercedes, Buenos Aires, Argentina\",\"publisher\":{\"@id\":\"https:\\\/\\\/noticiasmercedinas.com\\\/site\\\/#organization\"},\"potentialAction\":[{\"@type\":\"SearchAction\",\"target\":{\"@type\":\"EntryPoint\",\"urlTemplate\":\"https:\\\/\\\/noticiasmercedinas.com\\\/site\\\/?s={search_term_string}\"},\"query-input\":{\"@type\":\"PropertyValueSpecification\",\"valueRequired\":true,\"valueName\":\"search_term_string\"}}],\"inLanguage\":\"es\"},{\"@type\":\"Organization\",\"@id\":\"https:\\\/\\\/noticiasmercedinas.com\\\/site\\\/#organization\",\"name\":\"NOTICIASMERCEDINAS.COM\",\"url\":\"https:\\\/\\\/noticiasmercedinas.com\\\/site\\\/\",\"logo\":{\"@type\":\"ImageObject\",\"inLanguage\":\"es\",\"@id\":\"https:\\\/\\\/noticiasmercedinas.com\\\/site\\\/#\\\/schema\\\/logo\\\/image\\\/\",\"url\":\"https:\\\/\\\/noticiasmercedinas.com\\\/site\\\/wp-content\\\/uploads\\\/2020\\\/06\\\/LOGO-512.jpg\",\"contentUrl\":\"https:\\\/\\\/noticiasmercedinas.com\\\/site\\\/wp-content\\\/uploads\\\/2020\\\/06\\\/LOGO-512.jpg\",\"width\":512,\"height\":512,\"caption\":\"NOTICIASMERCEDINAS.COM\"},\"image\":{\"@id\":\"https:\\\/\\\/noticiasmercedinas.com\\\/site\\\/#\\\/schema\\\/logo\\\/image\\\/\"},\"sameAs\":[\"https:\\\/\\\/www.facebook.com\\\/noticiasmercedinas\\\/\",\"https:\\\/\\\/x.com\\\/notmercedinas\",\"https:\\\/\\\/www.instagram.com\\\/noticiasmercedinas\\\/\"]},{\"@type\":\"Person\",\"@id\":\"https:\\\/\\\/noticiasmercedinas.com\\\/site\\\/#\\\/schema\\\/person\\\/d481a9696a5feaec13a60e2bbd991a6a\",\"name\":\"Cristian Falabella NOTICIASMERCEDINAS.COM\",\"image\":{\"@type\":\"ImageObject\",\"inLanguage\":\"es\",\"@id\":\"https:\\\/\\\/secure.gravatar.com\\\/avatar\\\/0dbbfc45970cc46bcd0e57766228574ff3511d6eed045b182f536f0f478c1f06?s=96&d=mm&r=g\",\"url\":\"https:\\\/\\\/secure.gravatar.com\\\/avatar\\\/0dbbfc45970cc46bcd0e57766228574ff3511d6eed045b182f536f0f478c1f06?s=96&d=mm&r=g\",\"contentUrl\":\"https:\\\/\\\/secure.gravatar.com\\\/avatar\\\/0dbbfc45970cc46bcd0e57766228574ff3511d6eed045b182f536f0f478c1f06?s=96&d=mm&r=g\",\"caption\":\"Cristian Falabella NOTICIASMERCEDINAS.COM\"},\"description\":\"Periodista, editor de Noticias Mercedinas. Pas\u00f3 por varias redacciones y emprendimientos de prensa, en distintos formatos y \u00e9pocas. Se especializ\u00f3 --y sigue haci\u00e9ndolo-- en comunicaci\u00f3n en la web y en junio de 2006 fund\u00f3 este diario digital.\",\"sameAs\":[\"https:\\\/\\\/noticiasmercedinas.com\",\"https:\\\/\\\/www.facebook.com\\\/cristian.falabella\",\"https:\\\/\\\/www.instagram.com\\\/noticiasmercedinas\\\/\",\"https:\\\/\\\/x.com\\\/https:\\\/\\\/twitter.com\\\/NOTMERCEDINAS\"],\"url\":\"https:\\\/\\\/noticiasmercedinas.com\\\/site\\\/author\\\/as000384\\\/\"}]}<\/script>\n<!-- \/ Yoast SEO plugin. -->","yoast_head_json":{"title":"Impulsan estrategia para favorecer la econom\u00eda local","robots":{"index":"index","follow":"follow","max-snippet":"max-snippet:-1","max-image-preview":"max-image-preview:large","max-video-preview":"max-video-preview:-1"},"canonical":"https:\/\/noticiasmercedinas.com\/site\/2019\/01\/14\/impulsan-estrategia-para-favorecer-la-economia-local\/","og_locale":"es_ES","og_type":"article","og_title":"Impulsan estrategia para favorecer la econom\u00eda local","og_description":"El programa \u00abBares &amp; Pizzer\u00edas\u00bb toma impulso, y tras ser presentado hace unos d\u00edas en sociedad se supo cu\u00e1l es el cronograma de actividades, que este fin de semana pr\u00f3ximo se llevar\u00e1n adelante. Entre el viernes 18 y el domingo 20 de enero, en tres locaciones habr\u00e1 shows especiales para quienes se acerquen. El viernes [&hellip;]","og_url":"https:\/\/noticiasmercedinas.com\/site\/2019\/01\/14\/impulsan-estrategia-para-favorecer-la-economia-local\/","og_site_name":"NOTICIASMERCEDINAS.COM","article_publisher":"https:\/\/www.facebook.com\/noticiasmercedinas\/","article_author":"https:\/\/www.facebook.com\/cristian.falabella","article_published_time":"2019-01-14T19:04:02+00:00","article_modified_time":"2019-01-14T20:36:54+00:00","og_image":[{"width":853,"height":673,"url":"https:\/\/noticiasmercedinas.com\/site\/wp-content\/uploads\/2019\/01\/23.jpg","type":"image\/jpeg"}],"author":"Cristian Falabella NOTICIASMERCEDINAS.COM","twitter_card":"summary_large_image","twitter_creator":"@https:\/\/twitter.com\/NOTMERCEDINAS","twitter_site":"@notmercedinas","twitter_misc":{"Escrito por":"Cristian Falabella NOTICIASMERCEDINAS.COM","Tiempo de lectura":"2 minutos"},"schema":{"@context":"https:\/\/schema.org","@graph":[{"@type":"Article","@id":"https:\/\/noticiasmercedinas.com\/site\/2019\/01\/14\/impulsan-estrategia-para-favorecer-la-economia-local\/#article","isPartOf":{"@id":"https:\/\/noticiasmercedinas.com\/site\/2019\/01\/14\/impulsan-estrategia-para-favorecer-la-economia-local\/"},"author":{"name":"Cristian Falabella NOTICIASMERCEDINAS.COM","@id":"https:\/\/noticiasmercedinas.com\/site\/#\/schema\/person\/d481a9696a5feaec13a60e2bbd991a6a"},"headline":"Impulsan estrategia para favorecer la econom\u00eda local","datePublished":"2019-01-14T19:04:02+00:00","dateModified":"2019-01-14T20:36:54+00:00","mainEntityOfPage":{"@id":"https:\/\/noticiasmercedinas.com\/site\/2019\/01\/14\/impulsan-estrategia-para-favorecer-la-economia-local\/"},"wordCount":342,"commentCount":0,"publisher":{"@id":"https:\/\/noticiasmercedinas.com\/site\/#organization"},"image":{"@id":"https:\/\/noticiasmercedinas.com\/site\/2019\/01\/14\/impulsan-estrategia-para-favorecer-la-economia-local\/#primaryimage"},"thumbnailUrl":"https:\/\/noticiasmercedinas.com\/site\/wp-content\/uploads\/2019\/01\/23.jpg","keywords":["bares","casa balero","comercio","cumbara","economia local","limon y sal","martin boragno","musica","orquesta organika","pizzerias","revolver","rojo tomate","salomona","turismo"],"articleSection":["Sociedad"],"inLanguage":"es","potentialAction":[{"@type":"CommentAction","name":"Comment","target":["https:\/\/noticiasmercedinas.com\/site\/2019\/01\/14\/impulsan-estrategia-para-favorecer-la-economia-local\/#respond"]}]},{"@type":"WebPage","@id":"https:\/\/noticiasmercedinas.com\/site\/2019\/01\/14\/impulsan-estrategia-para-favorecer-la-economia-local\/","url":"https:\/\/noticiasmercedinas.com\/site\/2019\/01\/14\/impulsan-estrategia-para-favorecer-la-economia-local\/","name":"Impulsan estrategia para favorecer la econom\u00eda local","isPartOf":{"@id":"https:\/\/noticiasmercedinas.com\/site\/#website"},"primaryImageOfPage":{"@id":"https:\/\/noticiasmercedinas.com\/site\/2019\/01\/14\/impulsan-estrategia-para-favorecer-la-economia-local\/#primaryimage"},"image":{"@id":"https:\/\/noticiasmercedinas.com\/site\/2019\/01\/14\/impulsan-estrategia-para-favorecer-la-economia-local\/#primaryimage"},"thumbnailUrl":"https:\/\/noticiasmercedinas.com\/site\/wp-content\/uploads\/2019\/01\/23.jpg","datePublished":"2019-01-14T19:04:02+00:00","dateModified":"2019-01-14T20:36:54+00:00","breadcrumb":{"@id":"https:\/\/noticiasmercedinas.com\/site\/2019\/01\/14\/impulsan-estrategia-para-favorecer-la-economia-local\/#breadcrumb"},"inLanguage":"es","potentialAction":[{"@type":"ReadAction","target":["https:\/\/noticiasmercedinas.com\/site\/2019\/01\/14\/impulsan-estrategia-para-favorecer-la-economia-local\/"]}]},{"@type":"ImageObject","inLanguage":"es","@id":"https:\/\/noticiasmercedinas.com\/site\/2019\/01\/14\/impulsan-estrategia-para-favorecer-la-economia-local\/#primaryimage","url":"https:\/\/noticiasmercedinas.com\/site\/wp-content\/uploads\/2019\/01\/23.jpg","contentUrl":"https:\/\/noticiasmercedinas.com\/site\/wp-content\/uploads\/2019\/01\/23.jpg","width":853,"height":673},{"@type":"BreadcrumbList","@id":"https:\/\/noticiasmercedinas.com\/site\/2019\/01\/14\/impulsan-estrategia-para-favorecer-la-economia-local\/#breadcrumb","itemListElement":[{"@type":"ListItem","position":1,"name":"Portada","item":"https:\/\/noticiasmercedinas.com\/site\/"},{"@type":"ListItem","position":2,"name":"Impulsan estrategia para favorecer la econom\u00eda local"}]},{"@type":"WebSite","@id":"https:\/\/noticiasmercedinas.com\/site\/#website","url":"https:\/\/noticiasmercedinas.com\/site\/","name":"NOTICIASMERCEDINAS.COM","description":"Mercedes, Buenos Aires, Argentina","publisher":{"@id":"https:\/\/noticiasmercedinas.com\/site\/#organization"},"potentialAction":[{"@type":"SearchAction","target":{"@type":"EntryPoint","urlTemplate":"https:\/\/noticiasmercedinas.com\/site\/?s={search_term_string}"},"query-input":{"@type":"PropertyValueSpecification","valueRequired":true,"valueName":"search_term_string"}}],"inLanguage":"es"},{"@type":"Organization","@id":"https:\/\/noticiasmercedinas.com\/site\/#organization","name":"NOTICIASMERCEDINAS.COM","url":"https:\/\/noticiasmercedinas.com\/site\/","logo":{"@type":"ImageObject","inLanguage":"es","@id":"https:\/\/noticiasmercedinas.com\/site\/#\/schema\/logo\/image\/","url":"https:\/\/noticiasmercedinas.com\/site\/wp-content\/uploads\/2020\/06\/LOGO-512.jpg","contentUrl":"https:\/\/noticiasmercedinas.com\/site\/wp-content\/uploads\/2020\/06\/LOGO-512.jpg","width":512,"height":512,"caption":"NOTICIASMERCEDINAS.COM"},"image":{"@id":"https:\/\/noticiasmercedinas.com\/site\/#\/schema\/logo\/image\/"},"sameAs":["https:\/\/www.facebook.com\/noticiasmercedinas\/","https:\/\/x.com\/notmercedinas","https:\/\/www.instagram.com\/noticiasmercedinas\/"]},{"@type":"Person","@id":"https:\/\/noticiasmercedinas.com\/site\/#\/schema\/person\/d481a9696a5feaec13a60e2bbd991a6a","name":"Cristian Falabella NOTICIASMERCEDINAS.COM","image":{"@type":"ImageObject","inLanguage":"es","@id":"https:\/\/secure.gravatar.com\/avatar\/0dbbfc45970cc46bcd0e57766228574ff3511d6eed045b182f536f0f478c1f06?s=96&d=mm&r=g","url":"https:\/\/secure.gravatar.com\/avatar\/0dbbfc45970cc46bcd0e57766228574ff3511d6eed045b182f536f0f478c1f06?s=96&d=mm&r=g","contentUrl":"https:\/\/secure.gravatar.com\/avatar\/0dbbfc45970cc46bcd0e57766228574ff3511d6eed045b182f536f0f478c1f06?s=96&d=mm&r=g","caption":"Cristian Falabella NOTICIASMERCEDINAS.COM"},"description":"Periodista, editor de Noticias Mercedinas. Pas\u00f3 por varias redacciones y emprendimientos de prensa, en distintos formatos y \u00e9pocas. Se especializ\u00f3 --y sigue haci\u00e9ndolo-- en comunicaci\u00f3n en la web y en junio de 2006 fund\u00f3 este diario digital.","sameAs":["https:\/\/noticiasmercedinas.com","https:\/\/www.facebook.com\/cristian.falabella","https:\/\/www.instagram.com\/noticiasmercedinas\/","https:\/\/x.com\/https:\/\/twitter.com\/NOTMERCEDINAS"],"url":"https:\/\/noticiasmercedinas.com\/site\/author\/as000384\/"}]}},"amp_enabled":true,"_links":{"self":[{"href":"https:\/\/noticiasmercedinas.com\/site\/wp-json\/wp\/v2\/posts\/10642","targetHints":{"allow":["GET"]}}],"collection":[{"href":"https:\/\/noticiasmercedinas.com\/site\/wp-json\/wp\/v2\/posts"}],"about":[{"href":"https:\/\/noticiasmercedinas.com\/site\/wp-json\/wp\/v2\/types\/post"}],"author":[{"embeddable":true,"href":"https:\/\/noticiasmercedinas.com\/site\/wp-json\/wp\/v2\/users\/2"}],"replies":[{"embeddable":true,"href":"https:\/\/noticiasmercedinas.com\/site\/wp-json\/wp\/v2\/comments?post=10642"}],"version-history":[{"count":3,"href":"https:\/\/noticiasmercedinas.com\/site\/wp-json\/wp\/v2\/posts\/10642\/revisions"}],"predecessor-version":[{"id":10647,"href":"https:\/\/noticiasmercedinas.com\/site\/wp-json\/wp\/v2\/posts\/10642\/revisions\/10647"}],"wp:featuredmedia":[{"embeddable":true,"href":"https:\/\/noticiasmercedinas.com\/site\/wp-json\/wp\/v2\/media\/10644"}],"wp:attachment":[{"href":"https:\/\/noticiasmercedinas.com\/site\/wp-json\/wp\/v2\/media?parent=10642"}],"wp:term":[{"taxonomy":"category","embeddable":true,"href":"https:\/\/noticiasmercedinas.com\/site\/wp-json\/wp\/v2\/categories?post=10642"},{"taxonomy":"post_tag","embeddable":true,"href":"https:\/\/noticiasmercedinas.com\/site\/wp-json\/wp\/v2\/tags?post=10642"}],"curies":[{"name":"wp","href":"https:\/\/api.w.org\/{rel}","templated":true}]}}