{"id":106441,"date":"2022-12-14T16:02:20","date_gmt":"2022-12-14T19:02:20","guid":{"rendered":"https:\/\/noticiasmercedinas.com\/site\/?p=106441"},"modified":"2022-12-14T16:02:20","modified_gmt":"2022-12-14T19:02:20","slug":"se-viene-un-desfile-inclusivo-y-solidario-organizado-por-beto-bondanza","status":"publish","type":"post","link":"https:\/\/noticiasmercedinas.com\/site\/2022\/12\/14\/se-viene-un-desfile-inclusivo-y-solidario-organizado-por-beto-bondanza\/","title":{"rendered":"Se viene un desfile inclusivo y solidario organizado por Beto Bondanza"},"content":{"rendered":"<p><img loading=\"lazy\" decoding=\"async\" class=\"alignnone size-full wp-image-106443\" src=\"https:\/\/noticiasmercedinas.com\/site\/wp-content\/uploads\/2022\/12\/bondanza.jpg\" alt=\"\" width=\"640\" height=\"435\" srcset=\"https:\/\/noticiasmercedinas.com\/site\/wp-content\/uploads\/2022\/12\/bondanza.jpg 640w, https:\/\/noticiasmercedinas.com\/site\/wp-content\/uploads\/2022\/12\/bondanza-300x204.jpg 300w\" sizes=\"auto, (max-width: 640px) 100vw, 640px\" \/><\/p>\n<p>El pr\u00f3ximo s\u00e1bado 17 en 30 y 23, a partir de las 21:00,<strong> Beto<\/strong> <strong>Bondanza<\/strong> presenta su <strong>Desfile \u201cVerano Inclusivo\u201d <\/strong>con el auspicio de la<strong> Municipalidad de Mercedes.<\/strong><\/p>\n<p>En la pasarela se presentar\u00e1n <strong>Mario Guerci, Biancu Rinaldi, Delfina Yamamoto, Mariano Pedeuboy y Micaela Riccomini, entre otros.<\/strong><\/p>\n<p>Como todos los a\u00f1os, habr\u00e1 dispuesto un sector de sillas, para quienes deseen ver el desfile m\u00e1s c\u00f3modos, que tendr\u00e1 un valor de 1000$. La recaudaci\u00f3n total ser\u00e1 destinada al <strong>Instituto Lowe.<\/strong><\/p>\n<p><img loading=\"lazy\" decoding=\"async\" class=\"alignnone wp-image-106442\" src=\"https:\/\/noticiasmercedinas.com\/site\/wp-content\/uploads\/2022\/12\/661b3e99-7a51-4067-b228-cd1c541133a2.jpg\" alt=\"\" width=\"640\" height=\"1102\" srcset=\"https:\/\/noticiasmercedinas.com\/site\/wp-content\/uploads\/2022\/12\/661b3e99-7a51-4067-b228-cd1c541133a2.jpg 526w, https:\/\/noticiasmercedinas.com\/site\/wp-content\/uploads\/2022\/12\/661b3e99-7a51-4067-b228-cd1c541133a2-174x300.jpg 174w\" sizes=\"auto, (max-width: 640px) 100vw, 640px\" \/><\/p>\n<p>Las entradas estar\u00e1n a la venta desde hoy hasta el s\u00e1bado, en el Instituto, ubicado en la calle H\u00e9roes de Malvinas (Ex Rep\u00fablica de Chile) N\u00b0 260, entre 50 y 52 desde las 10:00 hasta las 20:00 o el s\u00e1bado, antes del desfile.<\/p>\n<p>La conducci\u00f3n del evento estar\u00e1 a cargo de <strong>Beto Bondanza,<\/strong> acompa\u00f1ado por <strong>Carolina Galeano<\/strong>.<\/p>\n<p>En una nota exclusiva concedida a <strong>Radio F\u00e9nix,<\/strong> el prestigioso coiffeur mercedino dio detalles de este importante\u00a0 acontecimiento:<\/p>\n<p><iframe loading=\"lazy\" title=\"Entrevista exclusiva de Radio F\u00e9nix a Beto Bondanza\" width=\"640\" height=\"480\" src=\"https:\/\/www.youtube.com\/embed\/Ub7m0F5yWQg?feature=oembed\" frameborder=\"0\" allow=\"accelerometer; autoplay; clipboard-write; encrypted-media; gyroscope; picture-in-picture; web-share\" referrerpolicy=\"strict-origin-when-cross-origin\" allowfullscreen><\/iframe><\/p>\n<p>&nbsp;<\/p>\n","protected":false},"excerpt":{"rendered":"<p>\u25a0\u00a0Este s\u00e1bado habr\u00e1 dispuesto un sector de sillas, para quienes deseen ver el desfile m\u00e1s c\u00f3modos, que tendr\u00e1 un valor de 1000 pesos. La recaudaci\u00f3n total ser\u00e1 destinada al Instituto Lowe.<\/p>\n","protected":false},"author":16,"featured_media":106443,"comment_status":"open","ping_status":"open","sticky":false,"template":"","format":"standard","meta":{"footnotes":""},"categories":[3],"tags":[2240,2017,3057],"class_list":["post-106441","post","type-post","status-publish","format-standard","has-post-thumbnail","hentry","category-sociedad","tag-beto-bondanza","tag-desfile","tag-instituto-lowe"],"yoast_head":"<!-- This site is optimized with the Yoast SEO plugin v27.5 - https:\/\/yoast.com\/product\/yoast-seo-wordpress\/ -->\n<title>Se viene un desfile inclusivo y solidario organizado por Beto Bondanza<\/title>\n<meta name=\"robots\" content=\"index, follow, max-snippet:-1, max-image-preview:large, max-video-preview:-1\" \/>\n<link rel=\"canonical\" href=\"https:\/\/noticiasmercedinas.com\/site\/2022\/12\/14\/se-viene-un-desfile-inclusivo-y-solidario-organizado-por-beto-bondanza\/\" \/>\n<meta property=\"og:locale\" content=\"es_ES\" \/>\n<meta property=\"og:type\" content=\"article\" \/>\n<meta property=\"og:title\" content=\"Se viene un desfile inclusivo y solidario organizado por Beto Bondanza\" \/>\n<meta property=\"og:description\" content=\"\u25a0\u00a0Este s\u00e1bado habr\u00e1 dispuesto un sector de sillas, para quienes deseen ver el desfile m\u00e1s c\u00f3modos, que tendr\u00e1 un valor de 1000 pesos. La recaudaci\u00f3n total ser\u00e1 destinada al Instituto Lowe.\" \/>\n<meta property=\"og:url\" content=\"https:\/\/noticiasmercedinas.com\/site\/2022\/12\/14\/se-viene-un-desfile-inclusivo-y-solidario-organizado-por-beto-bondanza\/\" \/>\n<meta property=\"og:site_name\" content=\"NOTICIASMERCEDINAS.COM\" \/>\n<meta property=\"article:publisher\" content=\"https:\/\/www.facebook.com\/noticiasmercedinas\/\" \/>\n<meta property=\"article:published_time\" content=\"2022-12-14T19:02:20+00:00\" \/>\n<meta property=\"og:image\" content=\"https:\/\/noticiasmercedinas.com\/site\/wp-content\/uploads\/2022\/12\/bondanza.jpg\" \/>\n\t<meta property=\"og:image:width\" content=\"640\" \/>\n\t<meta property=\"og:image:height\" content=\"435\" \/>\n\t<meta property=\"og:image:type\" content=\"image\/jpeg\" \/>\n<meta name=\"author\" content=\"NOTICIASMERCEDINAS.COM\" \/>\n<meta name=\"twitter:card\" content=\"summary_large_image\" \/>\n<meta name=\"twitter:creator\" content=\"@notmercedinas\" \/>\n<meta name=\"twitter:site\" content=\"@notmercedinas\" \/>\n<meta name=\"twitter:label1\" content=\"Escrito por\" \/>\n\t<meta name=\"twitter:data1\" content=\"NOTICIASMERCEDINAS.COM\" \/>\n\t<meta name=\"twitter:label2\" content=\"Tiempo de lectura\" \/>\n\t<meta name=\"twitter:data2\" content=\"2 minutos\" \/>\n<script type=\"application\/ld+json\" class=\"yoast-schema-graph\">{\"@context\":\"https:\\\/\\\/schema.org\",\"@graph\":[{\"@type\":\"Article\",\"@id\":\"https:\\\/\\\/noticiasmercedinas.com\\\/site\\\/2022\\\/12\\\/14\\\/se-viene-un-desfile-inclusivo-y-solidario-organizado-por-beto-bondanza\\\/#article\",\"isPartOf\":{\"@id\":\"https:\\\/\\\/noticiasmercedinas.com\\\/site\\\/2022\\\/12\\\/14\\\/se-viene-un-desfile-inclusivo-y-solidario-organizado-por-beto-bondanza\\\/\"},\"author\":{\"name\":\"NOTICIASMERCEDINAS.COM\",\"@id\":\"https:\\\/\\\/noticiasmercedinas.com\\\/site\\\/#\\\/schema\\\/person\\\/84b59c099c28ff2e8b77d4ceec5d8063\"},\"headline\":\"Se viene un desfile inclusivo y solidario organizado por Beto Bondanza\",\"datePublished\":\"2022-12-14T19:02:20+00:00\",\"mainEntityOfPage\":{\"@id\":\"https:\\\/\\\/noticiasmercedinas.com\\\/site\\\/2022\\\/12\\\/14\\\/se-viene-un-desfile-inclusivo-y-solidario-organizado-por-beto-bondanza\\\/\"},\"wordCount\":177,\"commentCount\":0,\"publisher\":{\"@id\":\"https:\\\/\\\/noticiasmercedinas.com\\\/site\\\/#organization\"},\"image\":{\"@id\":\"https:\\\/\\\/noticiasmercedinas.com\\\/site\\\/2022\\\/12\\\/14\\\/se-viene-un-desfile-inclusivo-y-solidario-organizado-por-beto-bondanza\\\/#primaryimage\"},\"thumbnailUrl\":\"https:\\\/\\\/noticiasmercedinas.com\\\/site\\\/wp-content\\\/uploads\\\/2022\\\/12\\\/bondanza.jpg\",\"keywords\":[\"beto bondanza\",\"desfile\",\"instituto lowe\"],\"articleSection\":[\"Sociedad\"],\"inLanguage\":\"es\",\"potentialAction\":[{\"@type\":\"CommentAction\",\"name\":\"Comment\",\"target\":[\"https:\\\/\\\/noticiasmercedinas.com\\\/site\\\/2022\\\/12\\\/14\\\/se-viene-un-desfile-inclusivo-y-solidario-organizado-por-beto-bondanza\\\/#respond\"]}]},{\"@type\":\"WebPage\",\"@id\":\"https:\\\/\\\/noticiasmercedinas.com\\\/site\\\/2022\\\/12\\\/14\\\/se-viene-un-desfile-inclusivo-y-solidario-organizado-por-beto-bondanza\\\/\",\"url\":\"https:\\\/\\\/noticiasmercedinas.com\\\/site\\\/2022\\\/12\\\/14\\\/se-viene-un-desfile-inclusivo-y-solidario-organizado-por-beto-bondanza\\\/\",\"name\":\"Se viene un desfile inclusivo y solidario organizado por Beto Bondanza\",\"isPartOf\":{\"@id\":\"https:\\\/\\\/noticiasmercedinas.com\\\/site\\\/#website\"},\"primaryImageOfPage\":{\"@id\":\"https:\\\/\\\/noticiasmercedinas.com\\\/site\\\/2022\\\/12\\\/14\\\/se-viene-un-desfile-inclusivo-y-solidario-organizado-por-beto-bondanza\\\/#primaryimage\"},\"image\":{\"@id\":\"https:\\\/\\\/noticiasmercedinas.com\\\/site\\\/2022\\\/12\\\/14\\\/se-viene-un-desfile-inclusivo-y-solidario-organizado-por-beto-bondanza\\\/#primaryimage\"},\"thumbnailUrl\":\"https:\\\/\\\/noticiasmercedinas.com\\\/site\\\/wp-content\\\/uploads\\\/2022\\\/12\\\/bondanza.jpg\",\"datePublished\":\"2022-12-14T19:02:20+00:00\",\"breadcrumb\":{\"@id\":\"https:\\\/\\\/noticiasmercedinas.com\\\/site\\\/2022\\\/12\\\/14\\\/se-viene-un-desfile-inclusivo-y-solidario-organizado-por-beto-bondanza\\\/#breadcrumb\"},\"inLanguage\":\"es\",\"potentialAction\":[{\"@type\":\"ReadAction\",\"target\":[\"https:\\\/\\\/noticiasmercedinas.com\\\/site\\\/2022\\\/12\\\/14\\\/se-viene-un-desfile-inclusivo-y-solidario-organizado-por-beto-bondanza\\\/\"]}]},{\"@type\":\"ImageObject\",\"inLanguage\":\"es\",\"@id\":\"https:\\\/\\\/noticiasmercedinas.com\\\/site\\\/2022\\\/12\\\/14\\\/se-viene-un-desfile-inclusivo-y-solidario-organizado-por-beto-bondanza\\\/#primaryimage\",\"url\":\"https:\\\/\\\/noticiasmercedinas.com\\\/site\\\/wp-content\\\/uploads\\\/2022\\\/12\\\/bondanza.jpg\",\"contentUrl\":\"https:\\\/\\\/noticiasmercedinas.com\\\/site\\\/wp-content\\\/uploads\\\/2022\\\/12\\\/bondanza.jpg\",\"width\":640,\"height\":435},{\"@type\":\"BreadcrumbList\",\"@id\":\"https:\\\/\\\/noticiasmercedinas.com\\\/site\\\/2022\\\/12\\\/14\\\/se-viene-un-desfile-inclusivo-y-solidario-organizado-por-beto-bondanza\\\/#breadcrumb\",\"itemListElement\":[{\"@type\":\"ListItem\",\"position\":1,\"name\":\"Portada\",\"item\":\"https:\\\/\\\/noticiasmercedinas.com\\\/site\\\/\"},{\"@type\":\"ListItem\",\"position\":2,\"name\":\"Se viene un desfile inclusivo y solidario organizado por Beto Bondanza\"}]},{\"@type\":\"WebSite\",\"@id\":\"https:\\\/\\\/noticiasmercedinas.com\\\/site\\\/#website\",\"url\":\"https:\\\/\\\/noticiasmercedinas.com\\\/site\\\/\",\"name\":\"NOTICIASMERCEDINAS.COM\",\"description\":\"Mercedes, Buenos Aires, Argentina\",\"publisher\":{\"@id\":\"https:\\\/\\\/noticiasmercedinas.com\\\/site\\\/#organization\"},\"potentialAction\":[{\"@type\":\"SearchAction\",\"target\":{\"@type\":\"EntryPoint\",\"urlTemplate\":\"https:\\\/\\\/noticiasmercedinas.com\\\/site\\\/?s={search_term_string}\"},\"query-input\":{\"@type\":\"PropertyValueSpecification\",\"valueRequired\":true,\"valueName\":\"search_term_string\"}}],\"inLanguage\":\"es\"},{\"@type\":\"Organization\",\"@id\":\"https:\\\/\\\/noticiasmercedinas.com\\\/site\\\/#organization\",\"name\":\"NOTICIASMERCEDINAS.COM\",\"url\":\"https:\\\/\\\/noticiasmercedinas.com\\\/site\\\/\",\"logo\":{\"@type\":\"ImageObject\",\"inLanguage\":\"es\",\"@id\":\"https:\\\/\\\/noticiasmercedinas.com\\\/site\\\/#\\\/schema\\\/logo\\\/image\\\/\",\"url\":\"https:\\\/\\\/noticiasmercedinas.com\\\/site\\\/wp-content\\\/uploads\\\/2020\\\/06\\\/LOGO-512.jpg\",\"contentUrl\":\"https:\\\/\\\/noticiasmercedinas.com\\\/site\\\/wp-content\\\/uploads\\\/2020\\\/06\\\/LOGO-512.jpg\",\"width\":512,\"height\":512,\"caption\":\"NOTICIASMERCEDINAS.COM\"},\"image\":{\"@id\":\"https:\\\/\\\/noticiasmercedinas.com\\\/site\\\/#\\\/schema\\\/logo\\\/image\\\/\"},\"sameAs\":[\"https:\\\/\\\/www.facebook.com\\\/noticiasmercedinas\\\/\",\"https:\\\/\\\/x.com\\\/notmercedinas\",\"https:\\\/\\\/www.instagram.com\\\/noticiasmercedinas\\\/\"]},{\"@type\":\"Person\",\"@id\":\"https:\\\/\\\/noticiasmercedinas.com\\\/site\\\/#\\\/schema\\\/person\\\/84b59c099c28ff2e8b77d4ceec5d8063\",\"name\":\"NOTICIASMERCEDINAS.COM\",\"image\":{\"@type\":\"ImageObject\",\"inLanguage\":\"es\",\"@id\":\"https:\\\/\\\/secure.gravatar.com\\\/avatar\\\/4dfbf16b4d17945bfb6341b2d19043457132fcf478a5ee04f42e959fd8f5df0a?s=96&d=mm&r=g\",\"url\":\"https:\\\/\\\/secure.gravatar.com\\\/avatar\\\/4dfbf16b4d17945bfb6341b2d19043457132fcf478a5ee04f42e959fd8f5df0a?s=96&d=mm&r=g\",\"contentUrl\":\"https:\\\/\\\/secure.gravatar.com\\\/avatar\\\/4dfbf16b4d17945bfb6341b2d19043457132fcf478a5ee04f42e959fd8f5df0a?s=96&d=mm&r=g\",\"caption\":\"NOTICIASMERCEDINAS.COM\"},\"url\":\"https:\\\/\\\/noticiasmercedinas.com\\\/site\\\/author\\\/anonimo\\\/\"}]}<\/script>\n<!-- \/ Yoast SEO plugin. -->","yoast_head_json":{"title":"Se viene un desfile inclusivo y solidario organizado por Beto Bondanza","robots":{"index":"index","follow":"follow","max-snippet":"max-snippet:-1","max-image-preview":"max-image-preview:large","max-video-preview":"max-video-preview:-1"},"canonical":"https:\/\/noticiasmercedinas.com\/site\/2022\/12\/14\/se-viene-un-desfile-inclusivo-y-solidario-organizado-por-beto-bondanza\/","og_locale":"es_ES","og_type":"article","og_title":"Se viene un desfile inclusivo y solidario organizado por Beto Bondanza","og_description":"\u25a0\u00a0Este s\u00e1bado habr\u00e1 dispuesto un sector de sillas, para quienes deseen ver el desfile m\u00e1s c\u00f3modos, que tendr\u00e1 un valor de 1000 pesos. La recaudaci\u00f3n total ser\u00e1 destinada al Instituto Lowe.","og_url":"https:\/\/noticiasmercedinas.com\/site\/2022\/12\/14\/se-viene-un-desfile-inclusivo-y-solidario-organizado-por-beto-bondanza\/","og_site_name":"NOTICIASMERCEDINAS.COM","article_publisher":"https:\/\/www.facebook.com\/noticiasmercedinas\/","article_published_time":"2022-12-14T19:02:20+00:00","og_image":[{"width":640,"height":435,"url":"https:\/\/noticiasmercedinas.com\/site\/wp-content\/uploads\/2022\/12\/bondanza.jpg","type":"image\/jpeg"}],"author":"NOTICIASMERCEDINAS.COM","twitter_card":"summary_large_image","twitter_creator":"@notmercedinas","twitter_site":"@notmercedinas","twitter_misc":{"Escrito por":"NOTICIASMERCEDINAS.COM","Tiempo de lectura":"2 minutos"},"schema":{"@context":"https:\/\/schema.org","@graph":[{"@type":"Article","@id":"https:\/\/noticiasmercedinas.com\/site\/2022\/12\/14\/se-viene-un-desfile-inclusivo-y-solidario-organizado-por-beto-bondanza\/#article","isPartOf":{"@id":"https:\/\/noticiasmercedinas.com\/site\/2022\/12\/14\/se-viene-un-desfile-inclusivo-y-solidario-organizado-por-beto-bondanza\/"},"author":{"name":"NOTICIASMERCEDINAS.COM","@id":"https:\/\/noticiasmercedinas.com\/site\/#\/schema\/person\/84b59c099c28ff2e8b77d4ceec5d8063"},"headline":"Se viene un desfile inclusivo y solidario organizado por Beto Bondanza","datePublished":"2022-12-14T19:02:20+00:00","mainEntityOfPage":{"@id":"https:\/\/noticiasmercedinas.com\/site\/2022\/12\/14\/se-viene-un-desfile-inclusivo-y-solidario-organizado-por-beto-bondanza\/"},"wordCount":177,"commentCount":0,"publisher":{"@id":"https:\/\/noticiasmercedinas.com\/site\/#organization"},"image":{"@id":"https:\/\/noticiasmercedinas.com\/site\/2022\/12\/14\/se-viene-un-desfile-inclusivo-y-solidario-organizado-por-beto-bondanza\/#primaryimage"},"thumbnailUrl":"https:\/\/noticiasmercedinas.com\/site\/wp-content\/uploads\/2022\/12\/bondanza.jpg","keywords":["beto bondanza","desfile","instituto lowe"],"articleSection":["Sociedad"],"inLanguage":"es","potentialAction":[{"@type":"CommentAction","name":"Comment","target":["https:\/\/noticiasmercedinas.com\/site\/2022\/12\/14\/se-viene-un-desfile-inclusivo-y-solidario-organizado-por-beto-bondanza\/#respond"]}]},{"@type":"WebPage","@id":"https:\/\/noticiasmercedinas.com\/site\/2022\/12\/14\/se-viene-un-desfile-inclusivo-y-solidario-organizado-por-beto-bondanza\/","url":"https:\/\/noticiasmercedinas.com\/site\/2022\/12\/14\/se-viene-un-desfile-inclusivo-y-solidario-organizado-por-beto-bondanza\/","name":"Se viene un desfile inclusivo y solidario organizado por Beto Bondanza","isPartOf":{"@id":"https:\/\/noticiasmercedinas.com\/site\/#website"},"primaryImageOfPage":{"@id":"https:\/\/noticiasmercedinas.com\/site\/2022\/12\/14\/se-viene-un-desfile-inclusivo-y-solidario-organizado-por-beto-bondanza\/#primaryimage"},"image":{"@id":"https:\/\/noticiasmercedinas.com\/site\/2022\/12\/14\/se-viene-un-desfile-inclusivo-y-solidario-organizado-por-beto-bondanza\/#primaryimage"},"thumbnailUrl":"https:\/\/noticiasmercedinas.com\/site\/wp-content\/uploads\/2022\/12\/bondanza.jpg","datePublished":"2022-12-14T19:02:20+00:00","breadcrumb":{"@id":"https:\/\/noticiasmercedinas.com\/site\/2022\/12\/14\/se-viene-un-desfile-inclusivo-y-solidario-organizado-por-beto-bondanza\/#breadcrumb"},"inLanguage":"es","potentialAction":[{"@type":"ReadAction","target":["https:\/\/noticiasmercedinas.com\/site\/2022\/12\/14\/se-viene-un-desfile-inclusivo-y-solidario-organizado-por-beto-bondanza\/"]}]},{"@type":"ImageObject","inLanguage":"es","@id":"https:\/\/noticiasmercedinas.com\/site\/2022\/12\/14\/se-viene-un-desfile-inclusivo-y-solidario-organizado-por-beto-bondanza\/#primaryimage","url":"https:\/\/noticiasmercedinas.com\/site\/wp-content\/uploads\/2022\/12\/bondanza.jpg","contentUrl":"https:\/\/noticiasmercedinas.com\/site\/wp-content\/uploads\/2022\/12\/bondanza.jpg","width":640,"height":435},{"@type":"BreadcrumbList","@id":"https:\/\/noticiasmercedinas.com\/site\/2022\/12\/14\/se-viene-un-desfile-inclusivo-y-solidario-organizado-por-beto-bondanza\/#breadcrumb","itemListElement":[{"@type":"ListItem","position":1,"name":"Portada","item":"https:\/\/noticiasmercedinas.com\/site\/"},{"@type":"ListItem","position":2,"name":"Se viene un desfile inclusivo y solidario organizado por Beto Bondanza"}]},{"@type":"WebSite","@id":"https:\/\/noticiasmercedinas.com\/site\/#website","url":"https:\/\/noticiasmercedinas.com\/site\/","name":"NOTICIASMERCEDINAS.COM","description":"Mercedes, Buenos Aires, Argentina","publisher":{"@id":"https:\/\/noticiasmercedinas.com\/site\/#organization"},"potentialAction":[{"@type":"SearchAction","target":{"@type":"EntryPoint","urlTemplate":"https:\/\/noticiasmercedinas.com\/site\/?s={search_term_string}"},"query-input":{"@type":"PropertyValueSpecification","valueRequired":true,"valueName":"search_term_string"}}],"inLanguage":"es"},{"@type":"Organization","@id":"https:\/\/noticiasmercedinas.com\/site\/#organization","name":"NOTICIASMERCEDINAS.COM","url":"https:\/\/noticiasmercedinas.com\/site\/","logo":{"@type":"ImageObject","inLanguage":"es","@id":"https:\/\/noticiasmercedinas.com\/site\/#\/schema\/logo\/image\/","url":"https:\/\/noticiasmercedinas.com\/site\/wp-content\/uploads\/2020\/06\/LOGO-512.jpg","contentUrl":"https:\/\/noticiasmercedinas.com\/site\/wp-content\/uploads\/2020\/06\/LOGO-512.jpg","width":512,"height":512,"caption":"NOTICIASMERCEDINAS.COM"},"image":{"@id":"https:\/\/noticiasmercedinas.com\/site\/#\/schema\/logo\/image\/"},"sameAs":["https:\/\/www.facebook.com\/noticiasmercedinas\/","https:\/\/x.com\/notmercedinas","https:\/\/www.instagram.com\/noticiasmercedinas\/"]},{"@type":"Person","@id":"https:\/\/noticiasmercedinas.com\/site\/#\/schema\/person\/84b59c099c28ff2e8b77d4ceec5d8063","name":"NOTICIASMERCEDINAS.COM","image":{"@type":"ImageObject","inLanguage":"es","@id":"https:\/\/secure.gravatar.com\/avatar\/4dfbf16b4d17945bfb6341b2d19043457132fcf478a5ee04f42e959fd8f5df0a?s=96&d=mm&r=g","url":"https:\/\/secure.gravatar.com\/avatar\/4dfbf16b4d17945bfb6341b2d19043457132fcf478a5ee04f42e959fd8f5df0a?s=96&d=mm&r=g","contentUrl":"https:\/\/secure.gravatar.com\/avatar\/4dfbf16b4d17945bfb6341b2d19043457132fcf478a5ee04f42e959fd8f5df0a?s=96&d=mm&r=g","caption":"NOTICIASMERCEDINAS.COM"},"url":"https:\/\/noticiasmercedinas.com\/site\/author\/anonimo\/"}]}},"amp_enabled":true,"_links":{"self":[{"href":"https:\/\/noticiasmercedinas.com\/site\/wp-json\/wp\/v2\/posts\/106441","targetHints":{"allow":["GET"]}}],"collection":[{"href":"https:\/\/noticiasmercedinas.com\/site\/wp-json\/wp\/v2\/posts"}],"about":[{"href":"https:\/\/noticiasmercedinas.com\/site\/wp-json\/wp\/v2\/types\/post"}],"author":[{"embeddable":true,"href":"https:\/\/noticiasmercedinas.com\/site\/wp-json\/wp\/v2\/users\/16"}],"replies":[{"embeddable":true,"href":"https:\/\/noticiasmercedinas.com\/site\/wp-json\/wp\/v2\/comments?post=106441"}],"version-history":[{"count":1,"href":"https:\/\/noticiasmercedinas.com\/site\/wp-json\/wp\/v2\/posts\/106441\/revisions"}],"predecessor-version":[{"id":106444,"href":"https:\/\/noticiasmercedinas.com\/site\/wp-json\/wp\/v2\/posts\/106441\/revisions\/106444"}],"wp:featuredmedia":[{"embeddable":true,"href":"https:\/\/noticiasmercedinas.com\/site\/wp-json\/wp\/v2\/media\/106443"}],"wp:attachment":[{"href":"https:\/\/noticiasmercedinas.com\/site\/wp-json\/wp\/v2\/media?parent=106441"}],"wp:term":[{"taxonomy":"category","embeddable":true,"href":"https:\/\/noticiasmercedinas.com\/site\/wp-json\/wp\/v2\/categories?post=106441"},{"taxonomy":"post_tag","embeddable":true,"href":"https:\/\/noticiasmercedinas.com\/site\/wp-json\/wp\/v2\/tags?post=106441"}],"curies":[{"name":"wp","href":"https:\/\/api.w.org\/{rel}","templated":true}]}}