{"id":10658,"date":"2019-01-15T10:49:01","date_gmt":"2019-01-15T13:49:01","guid":{"rendered":"https:\/\/noticiasmercedinas.com\/site\/?p=10658"},"modified":"2019-01-15T10:50:15","modified_gmt":"2019-01-15T13:50:15","slug":"piedras-y-mejoras-para-barrio-san-francisco","status":"publish","type":"post","link":"https:\/\/noticiasmercedinas.com\/site\/2019\/01\/15\/piedras-y-mejoras-para-barrio-san-francisco\/","title":{"rendered":"Piedras y mejoras para barrio San Francisco"},"content":{"rendered":"<p><img loading=\"lazy\" decoding=\"async\" class=\"alignnone size-full wp-image-10659\" src=\"https:\/\/noticiasmercedinas.com\/site\/wp-content\/uploads\/2019\/01\/DSC_0155.jpg\" alt=\"\" width=\"640\" height=\"506\" srcset=\"https:\/\/noticiasmercedinas.com\/site\/wp-content\/uploads\/2019\/01\/DSC_0155.jpg 640w, https:\/\/noticiasmercedinas.com\/site\/wp-content\/uploads\/2019\/01\/DSC_0155-300x237.jpg 300w\" sizes=\"auto, (max-width: 640px) 100vw, 640px\" \/><\/p>\n<p>Con fondos municipales sigue la colocaci\u00f3n de piedras en la ciudad. Es as\u00ed que de manera planificada la maquinaria comunal mantuvo labores en el barrio San Francisco. All\u00ed estuvo el Jefe de Gabinete Municipal, <strong>Mat\u00edas Dematei<\/strong>, quien expres\u00f3: \u201cHemos hecho un trabajo muy importante en todo el barrio San Francisco, se efectu\u00f3 zanjeo, se entoscaron las calles y ahora se est\u00e1 realizando la colocaci\u00f3n de piedras\u201d, y asegur\u00f3 que \u201cestas mejoras las estamos llevando a cabo en muchos barrios de la ciudad\u201d.<\/p>\n<p>A su vez, Dematei aprovech\u00f3 para comunicar a los vecinos que \u201cmuchas veces se complica llegar en el tiempo que nosotros pretendemos, dependemos mucho del factor clim\u00e1tico, ya que un d\u00eda de lluvia, nos significan 4 en los que no podemos avanzar, y eso produce evidentemente un retraso\u201d y afirm\u00f3 \u201cestamos trabajando de manera firme y constante\u201d.<\/p>\n<p>Por ese motivo, el Jefe de Gabinete indic\u00f3: \u201cQueremos aprovechar esta \u00e9poca del a\u00f1o, por ello hemos reforzado la cantidad de m\u00e1quinas que est\u00e1n trabajando en los diferentes barrios\u201d.<\/p>\n<p>De manera incesante la maquinaria municipal se viene desplegando en todo Mercedes y ha efectuado el volcado de piedras en m\u00e1s de 700 cuadras de la ciudad.<\/p>\n<p>\u201cEsto es gracias al saneamiento de la econom\u00eda municipal que nos permiti\u00f3 comprar m\u00e1s de 50 veh\u00edculos 0 Km, mediante por las cuales, hoy en d\u00eda el \u00e1rea de servicios p\u00fablicos se ve revitalizada y sale a la calle a solucionar problemas y a dar respuesta a los vecinos de la ciudad\u201d, afirm\u00f3 Dematei.<\/p>\n<p>Adem\u00e1s, es importante remarcar el gran aumento del valor de la piedra, de un tiempo a esta parte. Ya que en el a\u00f1o 2016 el costo de la misma -equivalente a una cuadra- era de 6 mil pesos, y en la actualidad el valor se acrecent\u00f3 a 40 mil pesos. Todos estos recursos son solventados con fondos municipales.<\/p>\n<p>Por otro lado, Dematei subray\u00f3 \u201cla maquinaria y la capacitaci\u00f3n llevada adelante por el personal municipal, y el compromiso de todos ellos, nos permite poder alcanzar los diferentes puntos de Mercedes\u201d.<\/p>\n<p>El jefe de Gabinete asever\u00f3: \u201cSabemos que estas calles, una vez comenzada la obra de la Avenida 2, servir\u00e1n de caminos alternativos, y por ese motivo reforzamos mucho estas v\u00edas de tr\u00e1nsito\u201d.<\/p>\n<p><img loading=\"lazy\" decoding=\"async\" class=\"alignnone size-full wp-image-10660\" src=\"https:\/\/noticiasmercedinas.com\/site\/wp-content\/uploads\/2019\/01\/IMG_5393.jpg\" alt=\"\" width=\"640\" height=\"427\" srcset=\"https:\/\/noticiasmercedinas.com\/site\/wp-content\/uploads\/2019\/01\/IMG_5393.jpg 640w, https:\/\/noticiasmercedinas.com\/site\/wp-content\/uploads\/2019\/01\/IMG_5393-300x200.jpg 300w\" sizes=\"auto, (max-width: 640px) 100vw, 640px\" \/><\/p>\n<p>&nbsp;<\/p>\n<p>&nbsp;<\/p>\n","protected":false},"excerpt":{"rendered":"<p>Con fondos municipales sigue la colocaci\u00f3n de piedras en la ciudad. Es as\u00ed que de manera planificada la maquinaria comunal mantuvo labores en el barrio San Francisco. All\u00ed estuvo el Jefe de Gabinete Municipal, Mat\u00edas Dematei, quien expres\u00f3: \u201cHemos hecho un trabajo muy importante en todo el barrio San Francisco, se efectu\u00f3 zanjeo, se entoscaron [&hellip;]<\/p>\n","protected":false},"author":2,"featured_media":10659,"comment_status":"open","ping_status":"open","sticky":false,"template":"","format":"standard","meta":{"footnotes":""},"categories":[3],"tags":[3263,3264,515,36,3186,1176],"class_list":["post-10658","post","type-post","status-publish","format-standard","has-post-thumbnail","hentry","category-sociedad","tag-barrio-sqan-francisco","tag-caminos","tag-matias-dematei","tag-obras","tag-piedras","tag-zanjeo"],"yoast_head":"<!-- This site is optimized with the Yoast SEO plugin v27.5 - https:\/\/yoast.com\/product\/yoast-seo-wordpress\/ -->\n<title>Piedras y mejoras para barrio San Francisco<\/title>\n<meta name=\"robots\" content=\"index, follow, max-snippet:-1, max-image-preview:large, max-video-preview:-1\" \/>\n<link rel=\"canonical\" href=\"https:\/\/noticiasmercedinas.com\/site\/2019\/01\/15\/piedras-y-mejoras-para-barrio-san-francisco\/\" \/>\n<meta property=\"og:locale\" content=\"es_ES\" \/>\n<meta property=\"og:type\" content=\"article\" \/>\n<meta property=\"og:title\" content=\"Piedras y mejoras para barrio San Francisco\" \/>\n<meta property=\"og:description\" content=\"Con fondos municipales sigue la colocaci\u00f3n de piedras en la ciudad. Es as\u00ed que de manera planificada la maquinaria comunal mantuvo labores en el barrio San Francisco. All\u00ed estuvo el Jefe de Gabinete Municipal, Mat\u00edas Dematei, quien expres\u00f3: \u201cHemos hecho un trabajo muy importante en todo el barrio San Francisco, se efectu\u00f3 zanjeo, se entoscaron [&hellip;]\" \/>\n<meta property=\"og:url\" content=\"https:\/\/noticiasmercedinas.com\/site\/2019\/01\/15\/piedras-y-mejoras-para-barrio-san-francisco\/\" \/>\n<meta property=\"og:site_name\" content=\"NOTICIASMERCEDINAS.COM\" \/>\n<meta property=\"article:publisher\" content=\"https:\/\/www.facebook.com\/noticiasmercedinas\/\" \/>\n<meta property=\"article:author\" content=\"https:\/\/www.facebook.com\/cristian.falabella\" \/>\n<meta property=\"article:published_time\" content=\"2019-01-15T13:49:01+00:00\" \/>\n<meta property=\"article:modified_time\" content=\"2019-01-15T13:50:15+00:00\" \/>\n<meta property=\"og:image\" content=\"https:\/\/noticiasmercedinas.com\/site\/wp-content\/uploads\/2019\/01\/DSC_0155.jpg\" \/>\n\t<meta property=\"og:image:width\" content=\"640\" \/>\n\t<meta property=\"og:image:height\" content=\"506\" \/>\n\t<meta property=\"og:image:type\" content=\"image\/jpeg\" \/>\n<meta name=\"author\" content=\"Cristian Falabella NOTICIASMERCEDINAS.COM\" \/>\n<meta name=\"twitter:card\" content=\"summary_large_image\" \/>\n<meta name=\"twitter:creator\" content=\"@https:\/\/twitter.com\/NOTMERCEDINAS\" \/>\n<meta name=\"twitter:site\" content=\"@notmercedinas\" \/>\n<meta name=\"twitter:label1\" content=\"Escrito por\" \/>\n\t<meta name=\"twitter:data1\" content=\"Cristian Falabella NOTICIASMERCEDINAS.COM\" \/>\n\t<meta name=\"twitter:label2\" content=\"Tiempo de lectura\" \/>\n\t<meta name=\"twitter:data2\" content=\"2 minutos\" \/>\n<script type=\"application\/ld+json\" class=\"yoast-schema-graph\">{\"@context\":\"https:\\\/\\\/schema.org\",\"@graph\":[{\"@type\":\"Article\",\"@id\":\"https:\\\/\\\/noticiasmercedinas.com\\\/site\\\/2019\\\/01\\\/15\\\/piedras-y-mejoras-para-barrio-san-francisco\\\/#article\",\"isPartOf\":{\"@id\":\"https:\\\/\\\/noticiasmercedinas.com\\\/site\\\/2019\\\/01\\\/15\\\/piedras-y-mejoras-para-barrio-san-francisco\\\/\"},\"author\":{\"name\":\"Cristian Falabella NOTICIASMERCEDINAS.COM\",\"@id\":\"https:\\\/\\\/noticiasmercedinas.com\\\/site\\\/#\\\/schema\\\/person\\\/d481a9696a5feaec13a60e2bbd991a6a\"},\"headline\":\"Piedras y mejoras para barrio San Francisco\",\"datePublished\":\"2019-01-15T13:49:01+00:00\",\"dateModified\":\"2019-01-15T13:50:15+00:00\",\"mainEntityOfPage\":{\"@id\":\"https:\\\/\\\/noticiasmercedinas.com\\\/site\\\/2019\\\/01\\\/15\\\/piedras-y-mejoras-para-barrio-san-francisco\\\/\"},\"wordCount\":391,\"commentCount\":0,\"publisher\":{\"@id\":\"https:\\\/\\\/noticiasmercedinas.com\\\/site\\\/#organization\"},\"image\":{\"@id\":\"https:\\\/\\\/noticiasmercedinas.com\\\/site\\\/2019\\\/01\\\/15\\\/piedras-y-mejoras-para-barrio-san-francisco\\\/#primaryimage\"},\"thumbnailUrl\":\"https:\\\/\\\/noticiasmercedinas.com\\\/site\\\/wp-content\\\/uploads\\\/2019\\\/01\\\/DSC_0155.jpg\",\"keywords\":[\"barrio sqan francisco\",\"caminos\",\"matias dematei\",\"obras\",\"piedras\",\"zanjeo\"],\"articleSection\":[\"Sociedad\"],\"inLanguage\":\"es\",\"potentialAction\":[{\"@type\":\"CommentAction\",\"name\":\"Comment\",\"target\":[\"https:\\\/\\\/noticiasmercedinas.com\\\/site\\\/2019\\\/01\\\/15\\\/piedras-y-mejoras-para-barrio-san-francisco\\\/#respond\"]}]},{\"@type\":\"WebPage\",\"@id\":\"https:\\\/\\\/noticiasmercedinas.com\\\/site\\\/2019\\\/01\\\/15\\\/piedras-y-mejoras-para-barrio-san-francisco\\\/\",\"url\":\"https:\\\/\\\/noticiasmercedinas.com\\\/site\\\/2019\\\/01\\\/15\\\/piedras-y-mejoras-para-barrio-san-francisco\\\/\",\"name\":\"Piedras y mejoras para barrio San Francisco\",\"isPartOf\":{\"@id\":\"https:\\\/\\\/noticiasmercedinas.com\\\/site\\\/#website\"},\"primaryImageOfPage\":{\"@id\":\"https:\\\/\\\/noticiasmercedinas.com\\\/site\\\/2019\\\/01\\\/15\\\/piedras-y-mejoras-para-barrio-san-francisco\\\/#primaryimage\"},\"image\":{\"@id\":\"https:\\\/\\\/noticiasmercedinas.com\\\/site\\\/2019\\\/01\\\/15\\\/piedras-y-mejoras-para-barrio-san-francisco\\\/#primaryimage\"},\"thumbnailUrl\":\"https:\\\/\\\/noticiasmercedinas.com\\\/site\\\/wp-content\\\/uploads\\\/2019\\\/01\\\/DSC_0155.jpg\",\"datePublished\":\"2019-01-15T13:49:01+00:00\",\"dateModified\":\"2019-01-15T13:50:15+00:00\",\"breadcrumb\":{\"@id\":\"https:\\\/\\\/noticiasmercedinas.com\\\/site\\\/2019\\\/01\\\/15\\\/piedras-y-mejoras-para-barrio-san-francisco\\\/#breadcrumb\"},\"inLanguage\":\"es\",\"potentialAction\":[{\"@type\":\"ReadAction\",\"target\":[\"https:\\\/\\\/noticiasmercedinas.com\\\/site\\\/2019\\\/01\\\/15\\\/piedras-y-mejoras-para-barrio-san-francisco\\\/\"]}]},{\"@type\":\"ImageObject\",\"inLanguage\":\"es\",\"@id\":\"https:\\\/\\\/noticiasmercedinas.com\\\/site\\\/2019\\\/01\\\/15\\\/piedras-y-mejoras-para-barrio-san-francisco\\\/#primaryimage\",\"url\":\"https:\\\/\\\/noticiasmercedinas.com\\\/site\\\/wp-content\\\/uploads\\\/2019\\\/01\\\/DSC_0155.jpg\",\"contentUrl\":\"https:\\\/\\\/noticiasmercedinas.com\\\/site\\\/wp-content\\\/uploads\\\/2019\\\/01\\\/DSC_0155.jpg\",\"width\":640,\"height\":506},{\"@type\":\"BreadcrumbList\",\"@id\":\"https:\\\/\\\/noticiasmercedinas.com\\\/site\\\/2019\\\/01\\\/15\\\/piedras-y-mejoras-para-barrio-san-francisco\\\/#breadcrumb\",\"itemListElement\":[{\"@type\":\"ListItem\",\"position\":1,\"name\":\"Portada\",\"item\":\"https:\\\/\\\/noticiasmercedinas.com\\\/site\\\/\"},{\"@type\":\"ListItem\",\"position\":2,\"name\":\"Piedras y mejoras para barrio San Francisco\"}]},{\"@type\":\"WebSite\",\"@id\":\"https:\\\/\\\/noticiasmercedinas.com\\\/site\\\/#website\",\"url\":\"https:\\\/\\\/noticiasmercedinas.com\\\/site\\\/\",\"name\":\"NOTICIASMERCEDINAS.COM\",\"description\":\"Mercedes, Buenos Aires, Argentina\",\"publisher\":{\"@id\":\"https:\\\/\\\/noticiasmercedinas.com\\\/site\\\/#organization\"},\"potentialAction\":[{\"@type\":\"SearchAction\",\"target\":{\"@type\":\"EntryPoint\",\"urlTemplate\":\"https:\\\/\\\/noticiasmercedinas.com\\\/site\\\/?s={search_term_string}\"},\"query-input\":{\"@type\":\"PropertyValueSpecification\",\"valueRequired\":true,\"valueName\":\"search_term_string\"}}],\"inLanguage\":\"es\"},{\"@type\":\"Organization\",\"@id\":\"https:\\\/\\\/noticiasmercedinas.com\\\/site\\\/#organization\",\"name\":\"NOTICIASMERCEDINAS.COM\",\"url\":\"https:\\\/\\\/noticiasmercedinas.com\\\/site\\\/\",\"logo\":{\"@type\":\"ImageObject\",\"inLanguage\":\"es\",\"@id\":\"https:\\\/\\\/noticiasmercedinas.com\\\/site\\\/#\\\/schema\\\/logo\\\/image\\\/\",\"url\":\"https:\\\/\\\/noticiasmercedinas.com\\\/site\\\/wp-content\\\/uploads\\\/2020\\\/06\\\/LOGO-512.jpg\",\"contentUrl\":\"https:\\\/\\\/noticiasmercedinas.com\\\/site\\\/wp-content\\\/uploads\\\/2020\\\/06\\\/LOGO-512.jpg\",\"width\":512,\"height\":512,\"caption\":\"NOTICIASMERCEDINAS.COM\"},\"image\":{\"@id\":\"https:\\\/\\\/noticiasmercedinas.com\\\/site\\\/#\\\/schema\\\/logo\\\/image\\\/\"},\"sameAs\":[\"https:\\\/\\\/www.facebook.com\\\/noticiasmercedinas\\\/\",\"https:\\\/\\\/x.com\\\/notmercedinas\",\"https:\\\/\\\/www.instagram.com\\\/noticiasmercedinas\\\/\"]},{\"@type\":\"Person\",\"@id\":\"https:\\\/\\\/noticiasmercedinas.com\\\/site\\\/#\\\/schema\\\/person\\\/d481a9696a5feaec13a60e2bbd991a6a\",\"name\":\"Cristian Falabella NOTICIASMERCEDINAS.COM\",\"image\":{\"@type\":\"ImageObject\",\"inLanguage\":\"es\",\"@id\":\"https:\\\/\\\/secure.gravatar.com\\\/avatar\\\/0dbbfc45970cc46bcd0e57766228574ff3511d6eed045b182f536f0f478c1f06?s=96&d=mm&r=g\",\"url\":\"https:\\\/\\\/secure.gravatar.com\\\/avatar\\\/0dbbfc45970cc46bcd0e57766228574ff3511d6eed045b182f536f0f478c1f06?s=96&d=mm&r=g\",\"contentUrl\":\"https:\\\/\\\/secure.gravatar.com\\\/avatar\\\/0dbbfc45970cc46bcd0e57766228574ff3511d6eed045b182f536f0f478c1f06?s=96&d=mm&r=g\",\"caption\":\"Cristian Falabella NOTICIASMERCEDINAS.COM\"},\"description\":\"Periodista, editor de Noticias Mercedinas. Pas\u00f3 por varias redacciones y emprendimientos de prensa, en distintos formatos y \u00e9pocas. Se especializ\u00f3 --y sigue haci\u00e9ndolo-- en comunicaci\u00f3n en la web y en junio de 2006 fund\u00f3 este diario digital.\",\"sameAs\":[\"https:\\\/\\\/noticiasmercedinas.com\",\"https:\\\/\\\/www.facebook.com\\\/cristian.falabella\",\"https:\\\/\\\/www.instagram.com\\\/noticiasmercedinas\\\/\",\"https:\\\/\\\/x.com\\\/https:\\\/\\\/twitter.com\\\/NOTMERCEDINAS\"],\"url\":\"https:\\\/\\\/noticiasmercedinas.com\\\/site\\\/author\\\/as000384\\\/\"}]}<\/script>\n<!-- \/ Yoast SEO plugin. -->","yoast_head_json":{"title":"Piedras y mejoras para barrio San Francisco","robots":{"index":"index","follow":"follow","max-snippet":"max-snippet:-1","max-image-preview":"max-image-preview:large","max-video-preview":"max-video-preview:-1"},"canonical":"https:\/\/noticiasmercedinas.com\/site\/2019\/01\/15\/piedras-y-mejoras-para-barrio-san-francisco\/","og_locale":"es_ES","og_type":"article","og_title":"Piedras y mejoras para barrio San Francisco","og_description":"Con fondos municipales sigue la colocaci\u00f3n de piedras en la ciudad. Es as\u00ed que de manera planificada la maquinaria comunal mantuvo labores en el barrio San Francisco. All\u00ed estuvo el Jefe de Gabinete Municipal, Mat\u00edas Dematei, quien expres\u00f3: \u201cHemos hecho un trabajo muy importante en todo el barrio San Francisco, se efectu\u00f3 zanjeo, se entoscaron [&hellip;]","og_url":"https:\/\/noticiasmercedinas.com\/site\/2019\/01\/15\/piedras-y-mejoras-para-barrio-san-francisco\/","og_site_name":"NOTICIASMERCEDINAS.COM","article_publisher":"https:\/\/www.facebook.com\/noticiasmercedinas\/","article_author":"https:\/\/www.facebook.com\/cristian.falabella","article_published_time":"2019-01-15T13:49:01+00:00","article_modified_time":"2019-01-15T13:50:15+00:00","og_image":[{"width":640,"height":506,"url":"https:\/\/noticiasmercedinas.com\/site\/wp-content\/uploads\/2019\/01\/DSC_0155.jpg","type":"image\/jpeg"}],"author":"Cristian Falabella NOTICIASMERCEDINAS.COM","twitter_card":"summary_large_image","twitter_creator":"@https:\/\/twitter.com\/NOTMERCEDINAS","twitter_site":"@notmercedinas","twitter_misc":{"Escrito por":"Cristian Falabella NOTICIASMERCEDINAS.COM","Tiempo de lectura":"2 minutos"},"schema":{"@context":"https:\/\/schema.org","@graph":[{"@type":"Article","@id":"https:\/\/noticiasmercedinas.com\/site\/2019\/01\/15\/piedras-y-mejoras-para-barrio-san-francisco\/#article","isPartOf":{"@id":"https:\/\/noticiasmercedinas.com\/site\/2019\/01\/15\/piedras-y-mejoras-para-barrio-san-francisco\/"},"author":{"name":"Cristian Falabella NOTICIASMERCEDINAS.COM","@id":"https:\/\/noticiasmercedinas.com\/site\/#\/schema\/person\/d481a9696a5feaec13a60e2bbd991a6a"},"headline":"Piedras y mejoras para barrio San Francisco","datePublished":"2019-01-15T13:49:01+00:00","dateModified":"2019-01-15T13:50:15+00:00","mainEntityOfPage":{"@id":"https:\/\/noticiasmercedinas.com\/site\/2019\/01\/15\/piedras-y-mejoras-para-barrio-san-francisco\/"},"wordCount":391,"commentCount":0,"publisher":{"@id":"https:\/\/noticiasmercedinas.com\/site\/#organization"},"image":{"@id":"https:\/\/noticiasmercedinas.com\/site\/2019\/01\/15\/piedras-y-mejoras-para-barrio-san-francisco\/#primaryimage"},"thumbnailUrl":"https:\/\/noticiasmercedinas.com\/site\/wp-content\/uploads\/2019\/01\/DSC_0155.jpg","keywords":["barrio sqan francisco","caminos","matias dematei","obras","piedras","zanjeo"],"articleSection":["Sociedad"],"inLanguage":"es","potentialAction":[{"@type":"CommentAction","name":"Comment","target":["https:\/\/noticiasmercedinas.com\/site\/2019\/01\/15\/piedras-y-mejoras-para-barrio-san-francisco\/#respond"]}]},{"@type":"WebPage","@id":"https:\/\/noticiasmercedinas.com\/site\/2019\/01\/15\/piedras-y-mejoras-para-barrio-san-francisco\/","url":"https:\/\/noticiasmercedinas.com\/site\/2019\/01\/15\/piedras-y-mejoras-para-barrio-san-francisco\/","name":"Piedras y mejoras para barrio San Francisco","isPartOf":{"@id":"https:\/\/noticiasmercedinas.com\/site\/#website"},"primaryImageOfPage":{"@id":"https:\/\/noticiasmercedinas.com\/site\/2019\/01\/15\/piedras-y-mejoras-para-barrio-san-francisco\/#primaryimage"},"image":{"@id":"https:\/\/noticiasmercedinas.com\/site\/2019\/01\/15\/piedras-y-mejoras-para-barrio-san-francisco\/#primaryimage"},"thumbnailUrl":"https:\/\/noticiasmercedinas.com\/site\/wp-content\/uploads\/2019\/01\/DSC_0155.jpg","datePublished":"2019-01-15T13:49:01+00:00","dateModified":"2019-01-15T13:50:15+00:00","breadcrumb":{"@id":"https:\/\/noticiasmercedinas.com\/site\/2019\/01\/15\/piedras-y-mejoras-para-barrio-san-francisco\/#breadcrumb"},"inLanguage":"es","potentialAction":[{"@type":"ReadAction","target":["https:\/\/noticiasmercedinas.com\/site\/2019\/01\/15\/piedras-y-mejoras-para-barrio-san-francisco\/"]}]},{"@type":"ImageObject","inLanguage":"es","@id":"https:\/\/noticiasmercedinas.com\/site\/2019\/01\/15\/piedras-y-mejoras-para-barrio-san-francisco\/#primaryimage","url":"https:\/\/noticiasmercedinas.com\/site\/wp-content\/uploads\/2019\/01\/DSC_0155.jpg","contentUrl":"https:\/\/noticiasmercedinas.com\/site\/wp-content\/uploads\/2019\/01\/DSC_0155.jpg","width":640,"height":506},{"@type":"BreadcrumbList","@id":"https:\/\/noticiasmercedinas.com\/site\/2019\/01\/15\/piedras-y-mejoras-para-barrio-san-francisco\/#breadcrumb","itemListElement":[{"@type":"ListItem","position":1,"name":"Portada","item":"https:\/\/noticiasmercedinas.com\/site\/"},{"@type":"ListItem","position":2,"name":"Piedras y mejoras para barrio San Francisco"}]},{"@type":"WebSite","@id":"https:\/\/noticiasmercedinas.com\/site\/#website","url":"https:\/\/noticiasmercedinas.com\/site\/","name":"NOTICIASMERCEDINAS.COM","description":"Mercedes, Buenos Aires, Argentina","publisher":{"@id":"https:\/\/noticiasmercedinas.com\/site\/#organization"},"potentialAction":[{"@type":"SearchAction","target":{"@type":"EntryPoint","urlTemplate":"https:\/\/noticiasmercedinas.com\/site\/?s={search_term_string}"},"query-input":{"@type":"PropertyValueSpecification","valueRequired":true,"valueName":"search_term_string"}}],"inLanguage":"es"},{"@type":"Organization","@id":"https:\/\/noticiasmercedinas.com\/site\/#organization","name":"NOTICIASMERCEDINAS.COM","url":"https:\/\/noticiasmercedinas.com\/site\/","logo":{"@type":"ImageObject","inLanguage":"es","@id":"https:\/\/noticiasmercedinas.com\/site\/#\/schema\/logo\/image\/","url":"https:\/\/noticiasmercedinas.com\/site\/wp-content\/uploads\/2020\/06\/LOGO-512.jpg","contentUrl":"https:\/\/noticiasmercedinas.com\/site\/wp-content\/uploads\/2020\/06\/LOGO-512.jpg","width":512,"height":512,"caption":"NOTICIASMERCEDINAS.COM"},"image":{"@id":"https:\/\/noticiasmercedinas.com\/site\/#\/schema\/logo\/image\/"},"sameAs":["https:\/\/www.facebook.com\/noticiasmercedinas\/","https:\/\/x.com\/notmercedinas","https:\/\/www.instagram.com\/noticiasmercedinas\/"]},{"@type":"Person","@id":"https:\/\/noticiasmercedinas.com\/site\/#\/schema\/person\/d481a9696a5feaec13a60e2bbd991a6a","name":"Cristian Falabella NOTICIASMERCEDINAS.COM","image":{"@type":"ImageObject","inLanguage":"es","@id":"https:\/\/secure.gravatar.com\/avatar\/0dbbfc45970cc46bcd0e57766228574ff3511d6eed045b182f536f0f478c1f06?s=96&d=mm&r=g","url":"https:\/\/secure.gravatar.com\/avatar\/0dbbfc45970cc46bcd0e57766228574ff3511d6eed045b182f536f0f478c1f06?s=96&d=mm&r=g","contentUrl":"https:\/\/secure.gravatar.com\/avatar\/0dbbfc45970cc46bcd0e57766228574ff3511d6eed045b182f536f0f478c1f06?s=96&d=mm&r=g","caption":"Cristian Falabella NOTICIASMERCEDINAS.COM"},"description":"Periodista, editor de Noticias Mercedinas. Pas\u00f3 por varias redacciones y emprendimientos de prensa, en distintos formatos y \u00e9pocas. Se especializ\u00f3 --y sigue haci\u00e9ndolo-- en comunicaci\u00f3n en la web y en junio de 2006 fund\u00f3 este diario digital.","sameAs":["https:\/\/noticiasmercedinas.com","https:\/\/www.facebook.com\/cristian.falabella","https:\/\/www.instagram.com\/noticiasmercedinas\/","https:\/\/x.com\/https:\/\/twitter.com\/NOTMERCEDINAS"],"url":"https:\/\/noticiasmercedinas.com\/site\/author\/as000384\/"}]}},"amp_enabled":true,"_links":{"self":[{"href":"https:\/\/noticiasmercedinas.com\/site\/wp-json\/wp\/v2\/posts\/10658","targetHints":{"allow":["GET"]}}],"collection":[{"href":"https:\/\/noticiasmercedinas.com\/site\/wp-json\/wp\/v2\/posts"}],"about":[{"href":"https:\/\/noticiasmercedinas.com\/site\/wp-json\/wp\/v2\/types\/post"}],"author":[{"embeddable":true,"href":"https:\/\/noticiasmercedinas.com\/site\/wp-json\/wp\/v2\/users\/2"}],"replies":[{"embeddable":true,"href":"https:\/\/noticiasmercedinas.com\/site\/wp-json\/wp\/v2\/comments?post=10658"}],"version-history":[{"count":1,"href":"https:\/\/noticiasmercedinas.com\/site\/wp-json\/wp\/v2\/posts\/10658\/revisions"}],"predecessor-version":[{"id":10661,"href":"https:\/\/noticiasmercedinas.com\/site\/wp-json\/wp\/v2\/posts\/10658\/revisions\/10661"}],"wp:featuredmedia":[{"embeddable":true,"href":"https:\/\/noticiasmercedinas.com\/site\/wp-json\/wp\/v2\/media\/10659"}],"wp:attachment":[{"href":"https:\/\/noticiasmercedinas.com\/site\/wp-json\/wp\/v2\/media?parent=10658"}],"wp:term":[{"taxonomy":"category","embeddable":true,"href":"https:\/\/noticiasmercedinas.com\/site\/wp-json\/wp\/v2\/categories?post=10658"},{"taxonomy":"post_tag","embeddable":true,"href":"https:\/\/noticiasmercedinas.com\/site\/wp-json\/wp\/v2\/tags?post=10658"}],"curies":[{"name":"wp","href":"https:\/\/api.w.org\/{rel}","templated":true}]}}