{"id":106795,"date":"2022-12-20T09:20:01","date_gmt":"2022-12-20T12:20:01","guid":{"rendered":"https:\/\/noticiasmercedinas.com\/site\/?p=106795"},"modified":"2022-12-20T09:22:09","modified_gmt":"2022-12-20T12:22:09","slug":"wado-de-pedro-fue-uno-de-los-que-recibio-a-la-seleccion-en-la-alfombra-roja","status":"publish","type":"post","link":"https:\/\/noticiasmercedinas.com\/site\/2022\/12\/20\/wado-de-pedro-fue-uno-de-los-que-recibio-a-la-seleccion-en-la-alfombra-roja\/","title":{"rendered":"Wado de Pedro fue uno de los que recibi\u00f3 a la Selecci\u00f3n, en la alfombra roja"},"content":{"rendered":"<p><img loading=\"lazy\" decoding=\"async\" class=\"wp-image-106793 alignnone size-full\" src=\"https:\/\/noticiasmercedinas.com\/site\/wp-content\/uploads\/2022\/12\/img-20221220-wa00033436145775333670024.jpg\" width=\"1280\" height=\"854\" srcset=\"https:\/\/noticiasmercedinas.com\/site\/wp-content\/uploads\/2022\/12\/img-20221220-wa00033436145775333670024.jpg 1280w, https:\/\/noticiasmercedinas.com\/site\/wp-content\/uploads\/2022\/12\/img-20221220-wa00033436145775333670024-300x200.jpg 300w, https:\/\/noticiasmercedinas.com\/site\/wp-content\/uploads\/2022\/12\/img-20221220-wa00033436145775333670024-1024x683.jpg 1024w, https:\/\/noticiasmercedinas.com\/site\/wp-content\/uploads\/2022\/12\/img-20221220-wa00033436145775333670024-768x512.jpg 768w, https:\/\/noticiasmercedinas.com\/site\/wp-content\/uploads\/2022\/12\/img-20221220-wa00033436145775333670024-640x427.jpg 640w, https:\/\/noticiasmercedinas.com\/site\/wp-content\/uploads\/2022\/12\/img-20221220-wa00033436145775333670024-681x454.jpg 681w\" sizes=\"auto, (max-width: 1280px) 100vw, 1280px\" \/><\/p>\n<p>En el marco de la llegada de la Selecci\u00f3n Nacional de f\u00fatbol a la Argentina, el ministro del Interior, Eduardo de Pedro, fue uno de los que fue parte de la recepci\u00f3n junto a la alfombra roja.<\/p>\n<p>Las autoridades de los distintos organismos que intervienen en el aeropuerto de Ezeiza supervisaron el operativo de arribo de la Selecci\u00f3n Argentina campeona y sus familiares.<\/p>\n<p>El ministro del interior Wado de Pedro -responsable de migraciones- , la Directora Nacional de Migraciones Florencia Carignano, el director de la PSA jose Glinsky, el director General de Aduanas, Guillermo Mitchell, el presidente de Aerolineas Argentinas, Pablo Ceriani, el embajador de Qatar y el CEO de Aeropuertos Argentina 2000 Daniel Ketchihvachian fueron los responsables presentes.<\/p>\n<p>Ademas los empleados de todos estos organismos realizaron una \u201cGuardia se Honor\u201d en la alfombra roja a los jugadores en pista.<\/p>\n<p>Todo el personal y autoridades actuaron con la premisa de no demorar ni entorpecer la llegada del plantel sino de facilitar y agilizar su arribo y salida del aeropuerto ante miles personas que los esperaban a lo largo de la autopista Ricchieri para saludarlos.<\/p>\n<p>Migraciones dispuso tambien de un operativo especial desde las 22 horas para agilizar el tramite de familiares.<\/p>\n","protected":false},"excerpt":{"rendered":"<p>\u25a0 Todo el personal y autoridades actuaron con la premisa de no demorar ni entorpecer la llegada del plantel sino de facilitar y agilizar su arribo y salida del aeropuerto ante miles personas que los esperaban a lo largo de la autopista Ricchieri<\/p>\n","protected":false},"author":16,"featured_media":106794,"comment_status":"open","ping_status":"open","sticky":false,"template":"","format":"standard","meta":{"footnotes":""},"categories":[16],"tags":[13461,13390,4963],"class_list":["post-106795","post","type-post","status-publish","format-standard","has-post-thumbnail","hentry","category-politica","tag-qatar-2022","tag-seleccion-argentina","tag-wado-de-pedro"],"yoast_head":"<!-- This site is optimized with the Yoast SEO plugin v27.4 - https:\/\/yoast.com\/product\/yoast-seo-wordpress\/ -->\n<title>Wado de Pedro fue uno de los que recibi\u00f3 a la Selecci\u00f3n, en la alfombra roja<\/title>\n<meta name=\"robots\" content=\"index, follow, max-snippet:-1, max-image-preview:large, max-video-preview:-1\" \/>\n<link rel=\"canonical\" href=\"https:\/\/noticiasmercedinas.com\/site\/2022\/12\/20\/wado-de-pedro-fue-uno-de-los-que-recibio-a-la-seleccion-en-la-alfombra-roja\/\" \/>\n<meta property=\"og:locale\" content=\"es_ES\" \/>\n<meta property=\"og:type\" content=\"article\" \/>\n<meta property=\"og:title\" content=\"Wado de Pedro fue uno de los que recibi\u00f3 a la Selecci\u00f3n, en la alfombra roja\" \/>\n<meta property=\"og:description\" content=\"\u25a0 Todo el personal y autoridades actuaron con la premisa de no demorar ni entorpecer la llegada del plantel sino de facilitar y agilizar su arribo y salida del aeropuerto ante miles personas que los esperaban a lo largo de la autopista Ricchieri\" \/>\n<meta property=\"og:url\" content=\"https:\/\/noticiasmercedinas.com\/site\/2022\/12\/20\/wado-de-pedro-fue-uno-de-los-que-recibio-a-la-seleccion-en-la-alfombra-roja\/\" \/>\n<meta property=\"og:site_name\" content=\"NOTICIASMERCEDINAS.COM\" \/>\n<meta property=\"article:publisher\" content=\"https:\/\/www.facebook.com\/noticiasmercedinas\/\" \/>\n<meta property=\"article:published_time\" content=\"2022-12-20T12:20:01+00:00\" \/>\n<meta property=\"article:modified_time\" content=\"2022-12-20T12:22:09+00:00\" \/>\n<meta property=\"og:image\" content=\"https:\/\/noticiasmercedinas.com\/site\/wp-content\/uploads\/2022\/12\/IMG-20221220-WA0003.jpg\" \/>\n\t<meta property=\"og:image:width\" content=\"1280\" \/>\n\t<meta property=\"og:image:height\" content=\"854\" \/>\n\t<meta property=\"og:image:type\" content=\"image\/jpeg\" \/>\n<meta name=\"author\" content=\"NOTICIASMERCEDINAS.COM\" \/>\n<meta name=\"twitter:card\" content=\"summary_large_image\" \/>\n<meta name=\"twitter:creator\" content=\"@notmercedinas\" \/>\n<meta name=\"twitter:site\" content=\"@notmercedinas\" \/>\n<meta name=\"twitter:label1\" content=\"Escrito por\" \/>\n\t<meta name=\"twitter:data1\" content=\"NOTICIASMERCEDINAS.COM\" \/>\n\t<meta name=\"twitter:label2\" content=\"Tiempo de lectura\" \/>\n\t<meta name=\"twitter:data2\" content=\"2 minutos\" \/>\n<script type=\"application\/ld+json\" class=\"yoast-schema-graph\">{\"@context\":\"https:\\\/\\\/schema.org\",\"@graph\":[{\"@type\":\"Article\",\"@id\":\"https:\\\/\\\/noticiasmercedinas.com\\\/site\\\/2022\\\/12\\\/20\\\/wado-de-pedro-fue-uno-de-los-que-recibio-a-la-seleccion-en-la-alfombra-roja\\\/#article\",\"isPartOf\":{\"@id\":\"https:\\\/\\\/noticiasmercedinas.com\\\/site\\\/2022\\\/12\\\/20\\\/wado-de-pedro-fue-uno-de-los-que-recibio-a-la-seleccion-en-la-alfombra-roja\\\/\"},\"author\":{\"name\":\"NOTICIASMERCEDINAS.COM\",\"@id\":\"https:\\\/\\\/noticiasmercedinas.com\\\/site\\\/#\\\/schema\\\/person\\\/84b59c099c28ff2e8b77d4ceec5d8063\"},\"headline\":\"Wado de Pedro fue uno de los que recibi\u00f3 a la Selecci\u00f3n, en la alfombra roja\",\"datePublished\":\"2022-12-20T12:20:01+00:00\",\"dateModified\":\"2022-12-20T12:22:09+00:00\",\"mainEntityOfPage\":{\"@id\":\"https:\\\/\\\/noticiasmercedinas.com\\\/site\\\/2022\\\/12\\\/20\\\/wado-de-pedro-fue-uno-de-los-que-recibio-a-la-seleccion-en-la-alfombra-roja\\\/\"},\"wordCount\":219,\"commentCount\":0,\"publisher\":{\"@id\":\"https:\\\/\\\/noticiasmercedinas.com\\\/site\\\/#organization\"},\"image\":{\"@id\":\"https:\\\/\\\/noticiasmercedinas.com\\\/site\\\/2022\\\/12\\\/20\\\/wado-de-pedro-fue-uno-de-los-que-recibio-a-la-seleccion-en-la-alfombra-roja\\\/#primaryimage\"},\"thumbnailUrl\":\"https:\\\/\\\/noticiasmercedinas.com\\\/site\\\/wp-content\\\/uploads\\\/2022\\\/12\\\/IMG-20221220-WA0003.jpg\",\"keywords\":[\"qatar 2022\",\"Selecci\u00f3n Argentina\",\"wado de pedro\"],\"articleSection\":[\"Politica\"],\"inLanguage\":\"es\",\"potentialAction\":[{\"@type\":\"CommentAction\",\"name\":\"Comment\",\"target\":[\"https:\\\/\\\/noticiasmercedinas.com\\\/site\\\/2022\\\/12\\\/20\\\/wado-de-pedro-fue-uno-de-los-que-recibio-a-la-seleccion-en-la-alfombra-roja\\\/#respond\"]}]},{\"@type\":\"WebPage\",\"@id\":\"https:\\\/\\\/noticiasmercedinas.com\\\/site\\\/2022\\\/12\\\/20\\\/wado-de-pedro-fue-uno-de-los-que-recibio-a-la-seleccion-en-la-alfombra-roja\\\/\",\"url\":\"https:\\\/\\\/noticiasmercedinas.com\\\/site\\\/2022\\\/12\\\/20\\\/wado-de-pedro-fue-uno-de-los-que-recibio-a-la-seleccion-en-la-alfombra-roja\\\/\",\"name\":\"Wado de Pedro fue uno de los que recibi\u00f3 a la Selecci\u00f3n, en la alfombra roja\",\"isPartOf\":{\"@id\":\"https:\\\/\\\/noticiasmercedinas.com\\\/site\\\/#website\"},\"primaryImageOfPage\":{\"@id\":\"https:\\\/\\\/noticiasmercedinas.com\\\/site\\\/2022\\\/12\\\/20\\\/wado-de-pedro-fue-uno-de-los-que-recibio-a-la-seleccion-en-la-alfombra-roja\\\/#primaryimage\"},\"image\":{\"@id\":\"https:\\\/\\\/noticiasmercedinas.com\\\/site\\\/2022\\\/12\\\/20\\\/wado-de-pedro-fue-uno-de-los-que-recibio-a-la-seleccion-en-la-alfombra-roja\\\/#primaryimage\"},\"thumbnailUrl\":\"https:\\\/\\\/noticiasmercedinas.com\\\/site\\\/wp-content\\\/uploads\\\/2022\\\/12\\\/IMG-20221220-WA0003.jpg\",\"datePublished\":\"2022-12-20T12:20:01+00:00\",\"dateModified\":\"2022-12-20T12:22:09+00:00\",\"breadcrumb\":{\"@id\":\"https:\\\/\\\/noticiasmercedinas.com\\\/site\\\/2022\\\/12\\\/20\\\/wado-de-pedro-fue-uno-de-los-que-recibio-a-la-seleccion-en-la-alfombra-roja\\\/#breadcrumb\"},\"inLanguage\":\"es\",\"potentialAction\":[{\"@type\":\"ReadAction\",\"target\":[\"https:\\\/\\\/noticiasmercedinas.com\\\/site\\\/2022\\\/12\\\/20\\\/wado-de-pedro-fue-uno-de-los-que-recibio-a-la-seleccion-en-la-alfombra-roja\\\/\"]}]},{\"@type\":\"ImageObject\",\"inLanguage\":\"es\",\"@id\":\"https:\\\/\\\/noticiasmercedinas.com\\\/site\\\/2022\\\/12\\\/20\\\/wado-de-pedro-fue-uno-de-los-que-recibio-a-la-seleccion-en-la-alfombra-roja\\\/#primaryimage\",\"url\":\"https:\\\/\\\/noticiasmercedinas.com\\\/site\\\/wp-content\\\/uploads\\\/2022\\\/12\\\/IMG-20221220-WA0003.jpg\",\"contentUrl\":\"https:\\\/\\\/noticiasmercedinas.com\\\/site\\\/wp-content\\\/uploads\\\/2022\\\/12\\\/IMG-20221220-WA0003.jpg\",\"width\":1280,\"height\":854},{\"@type\":\"BreadcrumbList\",\"@id\":\"https:\\\/\\\/noticiasmercedinas.com\\\/site\\\/2022\\\/12\\\/20\\\/wado-de-pedro-fue-uno-de-los-que-recibio-a-la-seleccion-en-la-alfombra-roja\\\/#breadcrumb\",\"itemListElement\":[{\"@type\":\"ListItem\",\"position\":1,\"name\":\"Portada\",\"item\":\"https:\\\/\\\/noticiasmercedinas.com\\\/site\\\/\"},{\"@type\":\"ListItem\",\"position\":2,\"name\":\"Wado de Pedro fue uno de los que recibi\u00f3 a la Selecci\u00f3n, en la alfombra roja\"}]},{\"@type\":\"WebSite\",\"@id\":\"https:\\\/\\\/noticiasmercedinas.com\\\/site\\\/#website\",\"url\":\"https:\\\/\\\/noticiasmercedinas.com\\\/site\\\/\",\"name\":\"NOTICIASMERCEDINAS.COM\",\"description\":\"Mercedes, Buenos Aires, Argentina\",\"publisher\":{\"@id\":\"https:\\\/\\\/noticiasmercedinas.com\\\/site\\\/#organization\"},\"potentialAction\":[{\"@type\":\"SearchAction\",\"target\":{\"@type\":\"EntryPoint\",\"urlTemplate\":\"https:\\\/\\\/noticiasmercedinas.com\\\/site\\\/?s={search_term_string}\"},\"query-input\":{\"@type\":\"PropertyValueSpecification\",\"valueRequired\":true,\"valueName\":\"search_term_string\"}}],\"inLanguage\":\"es\"},{\"@type\":\"Organization\",\"@id\":\"https:\\\/\\\/noticiasmercedinas.com\\\/site\\\/#organization\",\"name\":\"NOTICIASMERCEDINAS.COM\",\"url\":\"https:\\\/\\\/noticiasmercedinas.com\\\/site\\\/\",\"logo\":{\"@type\":\"ImageObject\",\"inLanguage\":\"es\",\"@id\":\"https:\\\/\\\/noticiasmercedinas.com\\\/site\\\/#\\\/schema\\\/logo\\\/image\\\/\",\"url\":\"https:\\\/\\\/noticiasmercedinas.com\\\/site\\\/wp-content\\\/uploads\\\/2020\\\/06\\\/LOGO-512.jpg\",\"contentUrl\":\"https:\\\/\\\/noticiasmercedinas.com\\\/site\\\/wp-content\\\/uploads\\\/2020\\\/06\\\/LOGO-512.jpg\",\"width\":512,\"height\":512,\"caption\":\"NOTICIASMERCEDINAS.COM\"},\"image\":{\"@id\":\"https:\\\/\\\/noticiasmercedinas.com\\\/site\\\/#\\\/schema\\\/logo\\\/image\\\/\"},\"sameAs\":[\"https:\\\/\\\/www.facebook.com\\\/noticiasmercedinas\\\/\",\"https:\\\/\\\/x.com\\\/notmercedinas\",\"https:\\\/\\\/www.instagram.com\\\/noticiasmercedinas\\\/\"]},{\"@type\":\"Person\",\"@id\":\"https:\\\/\\\/noticiasmercedinas.com\\\/site\\\/#\\\/schema\\\/person\\\/84b59c099c28ff2e8b77d4ceec5d8063\",\"name\":\"NOTICIASMERCEDINAS.COM\",\"image\":{\"@type\":\"ImageObject\",\"inLanguage\":\"es\",\"@id\":\"https:\\\/\\\/secure.gravatar.com\\\/avatar\\\/4dfbf16b4d17945bfb6341b2d19043457132fcf478a5ee04f42e959fd8f5df0a?s=96&d=mm&r=g\",\"url\":\"https:\\\/\\\/secure.gravatar.com\\\/avatar\\\/4dfbf16b4d17945bfb6341b2d19043457132fcf478a5ee04f42e959fd8f5df0a?s=96&d=mm&r=g\",\"contentUrl\":\"https:\\\/\\\/secure.gravatar.com\\\/avatar\\\/4dfbf16b4d17945bfb6341b2d19043457132fcf478a5ee04f42e959fd8f5df0a?s=96&d=mm&r=g\",\"caption\":\"NOTICIASMERCEDINAS.COM\"},\"url\":\"https:\\\/\\\/noticiasmercedinas.com\\\/site\\\/author\\\/anonimo\\\/\"}]}<\/script>\n<!-- \/ Yoast SEO plugin. -->","yoast_head_json":{"title":"Wado de Pedro fue uno de los que recibi\u00f3 a la Selecci\u00f3n, en la alfombra roja","robots":{"index":"index","follow":"follow","max-snippet":"max-snippet:-1","max-image-preview":"max-image-preview:large","max-video-preview":"max-video-preview:-1"},"canonical":"https:\/\/noticiasmercedinas.com\/site\/2022\/12\/20\/wado-de-pedro-fue-uno-de-los-que-recibio-a-la-seleccion-en-la-alfombra-roja\/","og_locale":"es_ES","og_type":"article","og_title":"Wado de Pedro fue uno de los que recibi\u00f3 a la Selecci\u00f3n, en la alfombra roja","og_description":"\u25a0 Todo el personal y autoridades actuaron con la premisa de no demorar ni entorpecer la llegada del plantel sino de facilitar y agilizar su arribo y salida del aeropuerto ante miles personas que los esperaban a lo largo de la autopista Ricchieri","og_url":"https:\/\/noticiasmercedinas.com\/site\/2022\/12\/20\/wado-de-pedro-fue-uno-de-los-que-recibio-a-la-seleccion-en-la-alfombra-roja\/","og_site_name":"NOTICIASMERCEDINAS.COM","article_publisher":"https:\/\/www.facebook.com\/noticiasmercedinas\/","article_published_time":"2022-12-20T12:20:01+00:00","article_modified_time":"2022-12-20T12:22:09+00:00","og_image":[{"width":1280,"height":854,"url":"https:\/\/noticiasmercedinas.com\/site\/wp-content\/uploads\/2022\/12\/IMG-20221220-WA0003.jpg","type":"image\/jpeg"}],"author":"NOTICIASMERCEDINAS.COM","twitter_card":"summary_large_image","twitter_creator":"@notmercedinas","twitter_site":"@notmercedinas","twitter_misc":{"Escrito por":"NOTICIASMERCEDINAS.COM","Tiempo de lectura":"2 minutos"},"schema":{"@context":"https:\/\/schema.org","@graph":[{"@type":"Article","@id":"https:\/\/noticiasmercedinas.com\/site\/2022\/12\/20\/wado-de-pedro-fue-uno-de-los-que-recibio-a-la-seleccion-en-la-alfombra-roja\/#article","isPartOf":{"@id":"https:\/\/noticiasmercedinas.com\/site\/2022\/12\/20\/wado-de-pedro-fue-uno-de-los-que-recibio-a-la-seleccion-en-la-alfombra-roja\/"},"author":{"name":"NOTICIASMERCEDINAS.COM","@id":"https:\/\/noticiasmercedinas.com\/site\/#\/schema\/person\/84b59c099c28ff2e8b77d4ceec5d8063"},"headline":"Wado de Pedro fue uno de los que recibi\u00f3 a la Selecci\u00f3n, en la alfombra roja","datePublished":"2022-12-20T12:20:01+00:00","dateModified":"2022-12-20T12:22:09+00:00","mainEntityOfPage":{"@id":"https:\/\/noticiasmercedinas.com\/site\/2022\/12\/20\/wado-de-pedro-fue-uno-de-los-que-recibio-a-la-seleccion-en-la-alfombra-roja\/"},"wordCount":219,"commentCount":0,"publisher":{"@id":"https:\/\/noticiasmercedinas.com\/site\/#organization"},"image":{"@id":"https:\/\/noticiasmercedinas.com\/site\/2022\/12\/20\/wado-de-pedro-fue-uno-de-los-que-recibio-a-la-seleccion-en-la-alfombra-roja\/#primaryimage"},"thumbnailUrl":"https:\/\/noticiasmercedinas.com\/site\/wp-content\/uploads\/2022\/12\/IMG-20221220-WA0003.jpg","keywords":["qatar 2022","Selecci\u00f3n Argentina","wado de pedro"],"articleSection":["Politica"],"inLanguage":"es","potentialAction":[{"@type":"CommentAction","name":"Comment","target":["https:\/\/noticiasmercedinas.com\/site\/2022\/12\/20\/wado-de-pedro-fue-uno-de-los-que-recibio-a-la-seleccion-en-la-alfombra-roja\/#respond"]}]},{"@type":"WebPage","@id":"https:\/\/noticiasmercedinas.com\/site\/2022\/12\/20\/wado-de-pedro-fue-uno-de-los-que-recibio-a-la-seleccion-en-la-alfombra-roja\/","url":"https:\/\/noticiasmercedinas.com\/site\/2022\/12\/20\/wado-de-pedro-fue-uno-de-los-que-recibio-a-la-seleccion-en-la-alfombra-roja\/","name":"Wado de Pedro fue uno de los que recibi\u00f3 a la Selecci\u00f3n, en la alfombra roja","isPartOf":{"@id":"https:\/\/noticiasmercedinas.com\/site\/#website"},"primaryImageOfPage":{"@id":"https:\/\/noticiasmercedinas.com\/site\/2022\/12\/20\/wado-de-pedro-fue-uno-de-los-que-recibio-a-la-seleccion-en-la-alfombra-roja\/#primaryimage"},"image":{"@id":"https:\/\/noticiasmercedinas.com\/site\/2022\/12\/20\/wado-de-pedro-fue-uno-de-los-que-recibio-a-la-seleccion-en-la-alfombra-roja\/#primaryimage"},"thumbnailUrl":"https:\/\/noticiasmercedinas.com\/site\/wp-content\/uploads\/2022\/12\/IMG-20221220-WA0003.jpg","datePublished":"2022-12-20T12:20:01+00:00","dateModified":"2022-12-20T12:22:09+00:00","breadcrumb":{"@id":"https:\/\/noticiasmercedinas.com\/site\/2022\/12\/20\/wado-de-pedro-fue-uno-de-los-que-recibio-a-la-seleccion-en-la-alfombra-roja\/#breadcrumb"},"inLanguage":"es","potentialAction":[{"@type":"ReadAction","target":["https:\/\/noticiasmercedinas.com\/site\/2022\/12\/20\/wado-de-pedro-fue-uno-de-los-que-recibio-a-la-seleccion-en-la-alfombra-roja\/"]}]},{"@type":"ImageObject","inLanguage":"es","@id":"https:\/\/noticiasmercedinas.com\/site\/2022\/12\/20\/wado-de-pedro-fue-uno-de-los-que-recibio-a-la-seleccion-en-la-alfombra-roja\/#primaryimage","url":"https:\/\/noticiasmercedinas.com\/site\/wp-content\/uploads\/2022\/12\/IMG-20221220-WA0003.jpg","contentUrl":"https:\/\/noticiasmercedinas.com\/site\/wp-content\/uploads\/2022\/12\/IMG-20221220-WA0003.jpg","width":1280,"height":854},{"@type":"BreadcrumbList","@id":"https:\/\/noticiasmercedinas.com\/site\/2022\/12\/20\/wado-de-pedro-fue-uno-de-los-que-recibio-a-la-seleccion-en-la-alfombra-roja\/#breadcrumb","itemListElement":[{"@type":"ListItem","position":1,"name":"Portada","item":"https:\/\/noticiasmercedinas.com\/site\/"},{"@type":"ListItem","position":2,"name":"Wado de Pedro fue uno de los que recibi\u00f3 a la Selecci\u00f3n, en la alfombra roja"}]},{"@type":"WebSite","@id":"https:\/\/noticiasmercedinas.com\/site\/#website","url":"https:\/\/noticiasmercedinas.com\/site\/","name":"NOTICIASMERCEDINAS.COM","description":"Mercedes, Buenos Aires, Argentina","publisher":{"@id":"https:\/\/noticiasmercedinas.com\/site\/#organization"},"potentialAction":[{"@type":"SearchAction","target":{"@type":"EntryPoint","urlTemplate":"https:\/\/noticiasmercedinas.com\/site\/?s={search_term_string}"},"query-input":{"@type":"PropertyValueSpecification","valueRequired":true,"valueName":"search_term_string"}}],"inLanguage":"es"},{"@type":"Organization","@id":"https:\/\/noticiasmercedinas.com\/site\/#organization","name":"NOTICIASMERCEDINAS.COM","url":"https:\/\/noticiasmercedinas.com\/site\/","logo":{"@type":"ImageObject","inLanguage":"es","@id":"https:\/\/noticiasmercedinas.com\/site\/#\/schema\/logo\/image\/","url":"https:\/\/noticiasmercedinas.com\/site\/wp-content\/uploads\/2020\/06\/LOGO-512.jpg","contentUrl":"https:\/\/noticiasmercedinas.com\/site\/wp-content\/uploads\/2020\/06\/LOGO-512.jpg","width":512,"height":512,"caption":"NOTICIASMERCEDINAS.COM"},"image":{"@id":"https:\/\/noticiasmercedinas.com\/site\/#\/schema\/logo\/image\/"},"sameAs":["https:\/\/www.facebook.com\/noticiasmercedinas\/","https:\/\/x.com\/notmercedinas","https:\/\/www.instagram.com\/noticiasmercedinas\/"]},{"@type":"Person","@id":"https:\/\/noticiasmercedinas.com\/site\/#\/schema\/person\/84b59c099c28ff2e8b77d4ceec5d8063","name":"NOTICIASMERCEDINAS.COM","image":{"@type":"ImageObject","inLanguage":"es","@id":"https:\/\/secure.gravatar.com\/avatar\/4dfbf16b4d17945bfb6341b2d19043457132fcf478a5ee04f42e959fd8f5df0a?s=96&d=mm&r=g","url":"https:\/\/secure.gravatar.com\/avatar\/4dfbf16b4d17945bfb6341b2d19043457132fcf478a5ee04f42e959fd8f5df0a?s=96&d=mm&r=g","contentUrl":"https:\/\/secure.gravatar.com\/avatar\/4dfbf16b4d17945bfb6341b2d19043457132fcf478a5ee04f42e959fd8f5df0a?s=96&d=mm&r=g","caption":"NOTICIASMERCEDINAS.COM"},"url":"https:\/\/noticiasmercedinas.com\/site\/author\/anonimo\/"}]}},"amp_enabled":true,"_links":{"self":[{"href":"https:\/\/noticiasmercedinas.com\/site\/wp-json\/wp\/v2\/posts\/106795","targetHints":{"allow":["GET"]}}],"collection":[{"href":"https:\/\/noticiasmercedinas.com\/site\/wp-json\/wp\/v2\/posts"}],"about":[{"href":"https:\/\/noticiasmercedinas.com\/site\/wp-json\/wp\/v2\/types\/post"}],"author":[{"embeddable":true,"href":"https:\/\/noticiasmercedinas.com\/site\/wp-json\/wp\/v2\/users\/16"}],"replies":[{"embeddable":true,"href":"https:\/\/noticiasmercedinas.com\/site\/wp-json\/wp\/v2\/comments?post=106795"}],"version-history":[{"count":3,"href":"https:\/\/noticiasmercedinas.com\/site\/wp-json\/wp\/v2\/posts\/106795\/revisions"}],"predecessor-version":[{"id":106799,"href":"https:\/\/noticiasmercedinas.com\/site\/wp-json\/wp\/v2\/posts\/106795\/revisions\/106799"}],"wp:featuredmedia":[{"embeddable":true,"href":"https:\/\/noticiasmercedinas.com\/site\/wp-json\/wp\/v2\/media\/106794"}],"wp:attachment":[{"href":"https:\/\/noticiasmercedinas.com\/site\/wp-json\/wp\/v2\/media?parent=106795"}],"wp:term":[{"taxonomy":"category","embeddable":true,"href":"https:\/\/noticiasmercedinas.com\/site\/wp-json\/wp\/v2\/categories?post=106795"},{"taxonomy":"post_tag","embeddable":true,"href":"https:\/\/noticiasmercedinas.com\/site\/wp-json\/wp\/v2\/tags?post=106795"}],"curies":[{"name":"wp","href":"https:\/\/api.w.org\/{rel}","templated":true}]}}