{"id":106880,"date":"2022-12-21T20:57:53","date_gmt":"2022-12-21T23:57:53","guid":{"rendered":"https:\/\/noticiasmercedinas.com\/site\/?p=106880"},"modified":"2022-12-21T20:57:53","modified_gmt":"2022-12-21T23:57:53","slug":"buscan-ampliar-el-centro-de-jubilados-de-gowland-agote","status":"publish","type":"post","link":"https:\/\/noticiasmercedinas.com\/site\/2022\/12\/21\/buscan-ampliar-el-centro-de-jubilados-de-gowland-agote\/","title":{"rendered":"Buscan ampliar el Centro de Jubilados de Gowland-Agote"},"content":{"rendered":"<p><img loading=\"lazy\" decoding=\"async\" class=\"alignnone size-full wp-image-106881\" src=\"https:\/\/noticiasmercedinas.com\/site\/wp-content\/uploads\/2022\/12\/DSC09213.jpg\" alt=\"\" width=\"924\" height=\"614\" srcset=\"https:\/\/noticiasmercedinas.com\/site\/wp-content\/uploads\/2022\/12\/DSC09213.jpg 924w, https:\/\/noticiasmercedinas.com\/site\/wp-content\/uploads\/2022\/12\/DSC09213-300x199.jpg 300w, https:\/\/noticiasmercedinas.com\/site\/wp-content\/uploads\/2022\/12\/DSC09213-768x510.jpg 768w, https:\/\/noticiasmercedinas.com\/site\/wp-content\/uploads\/2022\/12\/DSC09213-640x425.jpg 640w, https:\/\/noticiasmercedinas.com\/site\/wp-content\/uploads\/2022\/12\/DSC09213-681x453.jpg 681w\" sizes=\"auto, (max-width: 924px) 100vw, 924px\" \/><\/p>\n<p>El Municipio de Mercedes contin\u00faa trabajando junto a la comunidad en la concreci\u00f3n de proyectos que benefician a toda la ciudad. En este caso, se estar\u00e1n entregando materiales de construcci\u00f3n con el fin de ampliar el Centro de Jubilados de Gowland y Agote.<\/p>\n<p>El intendente Juan Ignacio Ustarroz quiso \u201cfelicitar a toda la comisi\u00f3n de este Centro de Jubilados, y poner el valor el trabajo que ellos hacen todos los d\u00edas, donde estos espacios son muy importantes para los adultos mayores y toda nuestra comunidad\u201d.<\/p>\n<p>\u201cLa comunidad de Gowland y Agote est\u00e1 creciendo, lo hace muy bien, y vemos que es una sociedad muy unida\u201d indic\u00f3 Ustarroz y agreg\u00f3 que \u201ctrabajan de coraz\u00f3n, desde la solidaridad, donde hay mucha unidad, y eso hace a la sociedad, por lo que nosotros como Estado tenemos que estar presentes, acompa\u00f1ando y fomentando este desarrollo que es muy importante\u201d.<\/p>\n<p>\u201cHoy en particular tenemos la ampliaci\u00f3n de este Centro de Jubilados, un lugar que usa toda la comunidad y que ahora necesita m\u00e1s espacio. Una vecina hizo su aporte, nosotros el nuestro\u201d remarc\u00f3 el intendente Ustarroz.<\/p>\n<p>Julio, quien es parte de la comisi\u00f3n del Centro de Jubilados de Gowland, dijo que est\u00e1n \u201cmuy contentos, venimos queriendo ampliar el centro, por lo que le pedimos al intendente Ustarroz materiales para poder hacerla, inmediatamente nos respondieron y hoy estamos con esta linda noticia\u201d.<\/p>\n<p>\u201cQueremos ampliar el sal\u00f3n para poder seguir haciendo actividades, fiestas y bailes para todos los jubilados\u201d coment\u00f3 Julio.<\/p>\n<p>Graciela, una vecina que viene colaborando con el Centro de Jubilados, cont\u00f3: \u201cSiempre\u00a0 estamos trabajando con la comunidad, hace un tiempo particip\u00e9 de una actividad y me pareci\u00f3 que el lugar les hab\u00eda quedado chico, por lo que hablamos con el Centro para poder realizar una donaci\u00f3n de ladrillos. Hablamos con el intendente Ustarroz, para ver si se pod\u00eda colaborar con materiales, r\u00e1pidamente nos contestaron que s\u00ed, y aqu\u00ed estamos concretando este sue\u00f1o\u201d.<\/p>\n<p>Tambi\u00e9n estuvo presente el concejal Juli\u00e1n Inzaurgarat. \u201cEste es un lugar que la comunidad utiliza, donde pueden venir, acercarse, y donde durante todo este tiempo se estuvo poniendo en valor todo el afuera, con una plaza de salud y pr\u00f3ximamente una cancha de tejo con arboleda y dem\u00e1s. Y ahora, en principio, con la colaboraci\u00f3n de vecinos y los integrantes de la comisi\u00f3n, se llevan adelante estos proyectos\u201d.<\/p>\n<p>\u201cAgradecer al municipio de Mercedes, al intendente Ustarroz que siempre est\u00e1 presente, nos visita y trabaja por el bien de toda la comunidad de Gowland y la zona\u201d, complet\u00f3 el concejal.<\/p>\n","protected":false},"excerpt":{"rendered":"<p>\u25a0 Desde la comuna valoran el trabajo que se realiza en ese espacio y anunciaron que se estar\u00e1n entregando materiales de construcci\u00f3n con el fin de ampliar el Centro de Jubilados de Gowland y Agote<\/p>\n","protected":false},"author":16,"featured_media":106881,"comment_status":"open","ping_status":"open","sticky":false,"template":"","format":"standard","meta":{"footnotes":""},"categories":[3],"tags":[104,829,160],"class_list":["post-106880","post","type-post","status-publish","format-standard","has-post-thumbnail","hentry","category-sociedad","tag-agote","tag-gowland","tag-jubilados"],"yoast_head":"<!-- This site is optimized with the Yoast SEO plugin v27.4 - https:\/\/yoast.com\/product\/yoast-seo-wordpress\/ -->\n<title>Buscan ampliar el Centro de Jubilados de Gowland-Agote<\/title>\n<meta name=\"robots\" content=\"index, follow, max-snippet:-1, max-image-preview:large, max-video-preview:-1\" \/>\n<link rel=\"canonical\" href=\"https:\/\/noticiasmercedinas.com\/site\/2022\/12\/21\/buscan-ampliar-el-centro-de-jubilados-de-gowland-agote\/\" \/>\n<meta property=\"og:locale\" content=\"es_ES\" \/>\n<meta property=\"og:type\" content=\"article\" \/>\n<meta property=\"og:title\" content=\"Buscan ampliar el Centro de Jubilados de Gowland-Agote\" \/>\n<meta property=\"og:description\" content=\"\u25a0 Desde la comuna valoran el trabajo que se realiza en ese espacio y anunciaron que se estar\u00e1n entregando materiales de construcci\u00f3n con el fin de ampliar el Centro de Jubilados de Gowland y Agote\" \/>\n<meta property=\"og:url\" content=\"https:\/\/noticiasmercedinas.com\/site\/2022\/12\/21\/buscan-ampliar-el-centro-de-jubilados-de-gowland-agote\/\" \/>\n<meta property=\"og:site_name\" content=\"NOTICIASMERCEDINAS.COM\" \/>\n<meta property=\"article:publisher\" content=\"https:\/\/www.facebook.com\/noticiasmercedinas\/\" \/>\n<meta property=\"article:published_time\" content=\"2022-12-21T23:57:53+00:00\" \/>\n<meta property=\"og:image\" content=\"https:\/\/noticiasmercedinas.com\/site\/wp-content\/uploads\/2022\/12\/DSC09213.jpg\" \/>\n\t<meta property=\"og:image:width\" content=\"924\" \/>\n\t<meta property=\"og:image:height\" content=\"614\" \/>\n\t<meta property=\"og:image:type\" content=\"image\/jpeg\" \/>\n<meta name=\"author\" content=\"NOTICIASMERCEDINAS.COM\" \/>\n<meta name=\"twitter:card\" content=\"summary_large_image\" \/>\n<meta name=\"twitter:creator\" content=\"@notmercedinas\" \/>\n<meta name=\"twitter:site\" content=\"@notmercedinas\" \/>\n<meta name=\"twitter:label1\" content=\"Escrito por\" \/>\n\t<meta name=\"twitter:data1\" content=\"NOTICIASMERCEDINAS.COM\" \/>\n\t<meta name=\"twitter:label2\" content=\"Tiempo de lectura\" \/>\n\t<meta name=\"twitter:data2\" content=\"3 minutos\" \/>\n<script type=\"application\/ld+json\" class=\"yoast-schema-graph\">{\"@context\":\"https:\\\/\\\/schema.org\",\"@graph\":[{\"@type\":\"Article\",\"@id\":\"https:\\\/\\\/noticiasmercedinas.com\\\/site\\\/2022\\\/12\\\/21\\\/buscan-ampliar-el-centro-de-jubilados-de-gowland-agote\\\/#article\",\"isPartOf\":{\"@id\":\"https:\\\/\\\/noticiasmercedinas.com\\\/site\\\/2022\\\/12\\\/21\\\/buscan-ampliar-el-centro-de-jubilados-de-gowland-agote\\\/\"},\"author\":{\"name\":\"NOTICIASMERCEDINAS.COM\",\"@id\":\"https:\\\/\\\/noticiasmercedinas.com\\\/site\\\/#\\\/schema\\\/person\\\/84b59c099c28ff2e8b77d4ceec5d8063\"},\"headline\":\"Buscan ampliar el Centro de Jubilados de Gowland-Agote\",\"datePublished\":\"2022-12-21T23:57:53+00:00\",\"mainEntityOfPage\":{\"@id\":\"https:\\\/\\\/noticiasmercedinas.com\\\/site\\\/2022\\\/12\\\/21\\\/buscan-ampliar-el-centro-de-jubilados-de-gowland-agote\\\/\"},\"wordCount\":448,\"commentCount\":0,\"publisher\":{\"@id\":\"https:\\\/\\\/noticiasmercedinas.com\\\/site\\\/#organization\"},\"image\":{\"@id\":\"https:\\\/\\\/noticiasmercedinas.com\\\/site\\\/2022\\\/12\\\/21\\\/buscan-ampliar-el-centro-de-jubilados-de-gowland-agote\\\/#primaryimage\"},\"thumbnailUrl\":\"https:\\\/\\\/noticiasmercedinas.com\\\/site\\\/wp-content\\\/uploads\\\/2022\\\/12\\\/DSC09213.jpg\",\"keywords\":[\"agote\",\"gowland\",\"jubilados\"],\"articleSection\":[\"Sociedad\"],\"inLanguage\":\"es\",\"potentialAction\":[{\"@type\":\"CommentAction\",\"name\":\"Comment\",\"target\":[\"https:\\\/\\\/noticiasmercedinas.com\\\/site\\\/2022\\\/12\\\/21\\\/buscan-ampliar-el-centro-de-jubilados-de-gowland-agote\\\/#respond\"]}]},{\"@type\":\"WebPage\",\"@id\":\"https:\\\/\\\/noticiasmercedinas.com\\\/site\\\/2022\\\/12\\\/21\\\/buscan-ampliar-el-centro-de-jubilados-de-gowland-agote\\\/\",\"url\":\"https:\\\/\\\/noticiasmercedinas.com\\\/site\\\/2022\\\/12\\\/21\\\/buscan-ampliar-el-centro-de-jubilados-de-gowland-agote\\\/\",\"name\":\"Buscan ampliar el Centro de Jubilados de Gowland-Agote\",\"isPartOf\":{\"@id\":\"https:\\\/\\\/noticiasmercedinas.com\\\/site\\\/#website\"},\"primaryImageOfPage\":{\"@id\":\"https:\\\/\\\/noticiasmercedinas.com\\\/site\\\/2022\\\/12\\\/21\\\/buscan-ampliar-el-centro-de-jubilados-de-gowland-agote\\\/#primaryimage\"},\"image\":{\"@id\":\"https:\\\/\\\/noticiasmercedinas.com\\\/site\\\/2022\\\/12\\\/21\\\/buscan-ampliar-el-centro-de-jubilados-de-gowland-agote\\\/#primaryimage\"},\"thumbnailUrl\":\"https:\\\/\\\/noticiasmercedinas.com\\\/site\\\/wp-content\\\/uploads\\\/2022\\\/12\\\/DSC09213.jpg\",\"datePublished\":\"2022-12-21T23:57:53+00:00\",\"breadcrumb\":{\"@id\":\"https:\\\/\\\/noticiasmercedinas.com\\\/site\\\/2022\\\/12\\\/21\\\/buscan-ampliar-el-centro-de-jubilados-de-gowland-agote\\\/#breadcrumb\"},\"inLanguage\":\"es\",\"potentialAction\":[{\"@type\":\"ReadAction\",\"target\":[\"https:\\\/\\\/noticiasmercedinas.com\\\/site\\\/2022\\\/12\\\/21\\\/buscan-ampliar-el-centro-de-jubilados-de-gowland-agote\\\/\"]}]},{\"@type\":\"ImageObject\",\"inLanguage\":\"es\",\"@id\":\"https:\\\/\\\/noticiasmercedinas.com\\\/site\\\/2022\\\/12\\\/21\\\/buscan-ampliar-el-centro-de-jubilados-de-gowland-agote\\\/#primaryimage\",\"url\":\"https:\\\/\\\/noticiasmercedinas.com\\\/site\\\/wp-content\\\/uploads\\\/2022\\\/12\\\/DSC09213.jpg\",\"contentUrl\":\"https:\\\/\\\/noticiasmercedinas.com\\\/site\\\/wp-content\\\/uploads\\\/2022\\\/12\\\/DSC09213.jpg\",\"width\":924,\"height\":614},{\"@type\":\"BreadcrumbList\",\"@id\":\"https:\\\/\\\/noticiasmercedinas.com\\\/site\\\/2022\\\/12\\\/21\\\/buscan-ampliar-el-centro-de-jubilados-de-gowland-agote\\\/#breadcrumb\",\"itemListElement\":[{\"@type\":\"ListItem\",\"position\":1,\"name\":\"Portada\",\"item\":\"https:\\\/\\\/noticiasmercedinas.com\\\/site\\\/\"},{\"@type\":\"ListItem\",\"position\":2,\"name\":\"Buscan ampliar el Centro de Jubilados de Gowland-Agote\"}]},{\"@type\":\"WebSite\",\"@id\":\"https:\\\/\\\/noticiasmercedinas.com\\\/site\\\/#website\",\"url\":\"https:\\\/\\\/noticiasmercedinas.com\\\/site\\\/\",\"name\":\"NOTICIASMERCEDINAS.COM\",\"description\":\"Mercedes, Buenos Aires, Argentina\",\"publisher\":{\"@id\":\"https:\\\/\\\/noticiasmercedinas.com\\\/site\\\/#organization\"},\"potentialAction\":[{\"@type\":\"SearchAction\",\"target\":{\"@type\":\"EntryPoint\",\"urlTemplate\":\"https:\\\/\\\/noticiasmercedinas.com\\\/site\\\/?s={search_term_string}\"},\"query-input\":{\"@type\":\"PropertyValueSpecification\",\"valueRequired\":true,\"valueName\":\"search_term_string\"}}],\"inLanguage\":\"es\"},{\"@type\":\"Organization\",\"@id\":\"https:\\\/\\\/noticiasmercedinas.com\\\/site\\\/#organization\",\"name\":\"NOTICIASMERCEDINAS.COM\",\"url\":\"https:\\\/\\\/noticiasmercedinas.com\\\/site\\\/\",\"logo\":{\"@type\":\"ImageObject\",\"inLanguage\":\"es\",\"@id\":\"https:\\\/\\\/noticiasmercedinas.com\\\/site\\\/#\\\/schema\\\/logo\\\/image\\\/\",\"url\":\"https:\\\/\\\/noticiasmercedinas.com\\\/site\\\/wp-content\\\/uploads\\\/2020\\\/06\\\/LOGO-512.jpg\",\"contentUrl\":\"https:\\\/\\\/noticiasmercedinas.com\\\/site\\\/wp-content\\\/uploads\\\/2020\\\/06\\\/LOGO-512.jpg\",\"width\":512,\"height\":512,\"caption\":\"NOTICIASMERCEDINAS.COM\"},\"image\":{\"@id\":\"https:\\\/\\\/noticiasmercedinas.com\\\/site\\\/#\\\/schema\\\/logo\\\/image\\\/\"},\"sameAs\":[\"https:\\\/\\\/www.facebook.com\\\/noticiasmercedinas\\\/\",\"https:\\\/\\\/x.com\\\/notmercedinas\",\"https:\\\/\\\/www.instagram.com\\\/noticiasmercedinas\\\/\"]},{\"@type\":\"Person\",\"@id\":\"https:\\\/\\\/noticiasmercedinas.com\\\/site\\\/#\\\/schema\\\/person\\\/84b59c099c28ff2e8b77d4ceec5d8063\",\"name\":\"NOTICIASMERCEDINAS.COM\",\"image\":{\"@type\":\"ImageObject\",\"inLanguage\":\"es\",\"@id\":\"https:\\\/\\\/secure.gravatar.com\\\/avatar\\\/4dfbf16b4d17945bfb6341b2d19043457132fcf478a5ee04f42e959fd8f5df0a?s=96&d=mm&r=g\",\"url\":\"https:\\\/\\\/secure.gravatar.com\\\/avatar\\\/4dfbf16b4d17945bfb6341b2d19043457132fcf478a5ee04f42e959fd8f5df0a?s=96&d=mm&r=g\",\"contentUrl\":\"https:\\\/\\\/secure.gravatar.com\\\/avatar\\\/4dfbf16b4d17945bfb6341b2d19043457132fcf478a5ee04f42e959fd8f5df0a?s=96&d=mm&r=g\",\"caption\":\"NOTICIASMERCEDINAS.COM\"},\"url\":\"https:\\\/\\\/noticiasmercedinas.com\\\/site\\\/author\\\/anonimo\\\/\"}]}<\/script>\n<!-- \/ Yoast SEO plugin. -->","yoast_head_json":{"title":"Buscan ampliar el Centro de Jubilados de Gowland-Agote","robots":{"index":"index","follow":"follow","max-snippet":"max-snippet:-1","max-image-preview":"max-image-preview:large","max-video-preview":"max-video-preview:-1"},"canonical":"https:\/\/noticiasmercedinas.com\/site\/2022\/12\/21\/buscan-ampliar-el-centro-de-jubilados-de-gowland-agote\/","og_locale":"es_ES","og_type":"article","og_title":"Buscan ampliar el Centro de Jubilados de Gowland-Agote","og_description":"\u25a0 Desde la comuna valoran el trabajo que se realiza en ese espacio y anunciaron que se estar\u00e1n entregando materiales de construcci\u00f3n con el fin de ampliar el Centro de Jubilados de Gowland y Agote","og_url":"https:\/\/noticiasmercedinas.com\/site\/2022\/12\/21\/buscan-ampliar-el-centro-de-jubilados-de-gowland-agote\/","og_site_name":"NOTICIASMERCEDINAS.COM","article_publisher":"https:\/\/www.facebook.com\/noticiasmercedinas\/","article_published_time":"2022-12-21T23:57:53+00:00","og_image":[{"width":924,"height":614,"url":"https:\/\/noticiasmercedinas.com\/site\/wp-content\/uploads\/2022\/12\/DSC09213.jpg","type":"image\/jpeg"}],"author":"NOTICIASMERCEDINAS.COM","twitter_card":"summary_large_image","twitter_creator":"@notmercedinas","twitter_site":"@notmercedinas","twitter_misc":{"Escrito por":"NOTICIASMERCEDINAS.COM","Tiempo de lectura":"3 minutos"},"schema":{"@context":"https:\/\/schema.org","@graph":[{"@type":"Article","@id":"https:\/\/noticiasmercedinas.com\/site\/2022\/12\/21\/buscan-ampliar-el-centro-de-jubilados-de-gowland-agote\/#article","isPartOf":{"@id":"https:\/\/noticiasmercedinas.com\/site\/2022\/12\/21\/buscan-ampliar-el-centro-de-jubilados-de-gowland-agote\/"},"author":{"name":"NOTICIASMERCEDINAS.COM","@id":"https:\/\/noticiasmercedinas.com\/site\/#\/schema\/person\/84b59c099c28ff2e8b77d4ceec5d8063"},"headline":"Buscan ampliar el Centro de Jubilados de Gowland-Agote","datePublished":"2022-12-21T23:57:53+00:00","mainEntityOfPage":{"@id":"https:\/\/noticiasmercedinas.com\/site\/2022\/12\/21\/buscan-ampliar-el-centro-de-jubilados-de-gowland-agote\/"},"wordCount":448,"commentCount":0,"publisher":{"@id":"https:\/\/noticiasmercedinas.com\/site\/#organization"},"image":{"@id":"https:\/\/noticiasmercedinas.com\/site\/2022\/12\/21\/buscan-ampliar-el-centro-de-jubilados-de-gowland-agote\/#primaryimage"},"thumbnailUrl":"https:\/\/noticiasmercedinas.com\/site\/wp-content\/uploads\/2022\/12\/DSC09213.jpg","keywords":["agote","gowland","jubilados"],"articleSection":["Sociedad"],"inLanguage":"es","potentialAction":[{"@type":"CommentAction","name":"Comment","target":["https:\/\/noticiasmercedinas.com\/site\/2022\/12\/21\/buscan-ampliar-el-centro-de-jubilados-de-gowland-agote\/#respond"]}]},{"@type":"WebPage","@id":"https:\/\/noticiasmercedinas.com\/site\/2022\/12\/21\/buscan-ampliar-el-centro-de-jubilados-de-gowland-agote\/","url":"https:\/\/noticiasmercedinas.com\/site\/2022\/12\/21\/buscan-ampliar-el-centro-de-jubilados-de-gowland-agote\/","name":"Buscan ampliar el Centro de Jubilados de Gowland-Agote","isPartOf":{"@id":"https:\/\/noticiasmercedinas.com\/site\/#website"},"primaryImageOfPage":{"@id":"https:\/\/noticiasmercedinas.com\/site\/2022\/12\/21\/buscan-ampliar-el-centro-de-jubilados-de-gowland-agote\/#primaryimage"},"image":{"@id":"https:\/\/noticiasmercedinas.com\/site\/2022\/12\/21\/buscan-ampliar-el-centro-de-jubilados-de-gowland-agote\/#primaryimage"},"thumbnailUrl":"https:\/\/noticiasmercedinas.com\/site\/wp-content\/uploads\/2022\/12\/DSC09213.jpg","datePublished":"2022-12-21T23:57:53+00:00","breadcrumb":{"@id":"https:\/\/noticiasmercedinas.com\/site\/2022\/12\/21\/buscan-ampliar-el-centro-de-jubilados-de-gowland-agote\/#breadcrumb"},"inLanguage":"es","potentialAction":[{"@type":"ReadAction","target":["https:\/\/noticiasmercedinas.com\/site\/2022\/12\/21\/buscan-ampliar-el-centro-de-jubilados-de-gowland-agote\/"]}]},{"@type":"ImageObject","inLanguage":"es","@id":"https:\/\/noticiasmercedinas.com\/site\/2022\/12\/21\/buscan-ampliar-el-centro-de-jubilados-de-gowland-agote\/#primaryimage","url":"https:\/\/noticiasmercedinas.com\/site\/wp-content\/uploads\/2022\/12\/DSC09213.jpg","contentUrl":"https:\/\/noticiasmercedinas.com\/site\/wp-content\/uploads\/2022\/12\/DSC09213.jpg","width":924,"height":614},{"@type":"BreadcrumbList","@id":"https:\/\/noticiasmercedinas.com\/site\/2022\/12\/21\/buscan-ampliar-el-centro-de-jubilados-de-gowland-agote\/#breadcrumb","itemListElement":[{"@type":"ListItem","position":1,"name":"Portada","item":"https:\/\/noticiasmercedinas.com\/site\/"},{"@type":"ListItem","position":2,"name":"Buscan ampliar el Centro de Jubilados de Gowland-Agote"}]},{"@type":"WebSite","@id":"https:\/\/noticiasmercedinas.com\/site\/#website","url":"https:\/\/noticiasmercedinas.com\/site\/","name":"NOTICIASMERCEDINAS.COM","description":"Mercedes, Buenos Aires, Argentina","publisher":{"@id":"https:\/\/noticiasmercedinas.com\/site\/#organization"},"potentialAction":[{"@type":"SearchAction","target":{"@type":"EntryPoint","urlTemplate":"https:\/\/noticiasmercedinas.com\/site\/?s={search_term_string}"},"query-input":{"@type":"PropertyValueSpecification","valueRequired":true,"valueName":"search_term_string"}}],"inLanguage":"es"},{"@type":"Organization","@id":"https:\/\/noticiasmercedinas.com\/site\/#organization","name":"NOTICIASMERCEDINAS.COM","url":"https:\/\/noticiasmercedinas.com\/site\/","logo":{"@type":"ImageObject","inLanguage":"es","@id":"https:\/\/noticiasmercedinas.com\/site\/#\/schema\/logo\/image\/","url":"https:\/\/noticiasmercedinas.com\/site\/wp-content\/uploads\/2020\/06\/LOGO-512.jpg","contentUrl":"https:\/\/noticiasmercedinas.com\/site\/wp-content\/uploads\/2020\/06\/LOGO-512.jpg","width":512,"height":512,"caption":"NOTICIASMERCEDINAS.COM"},"image":{"@id":"https:\/\/noticiasmercedinas.com\/site\/#\/schema\/logo\/image\/"},"sameAs":["https:\/\/www.facebook.com\/noticiasmercedinas\/","https:\/\/x.com\/notmercedinas","https:\/\/www.instagram.com\/noticiasmercedinas\/"]},{"@type":"Person","@id":"https:\/\/noticiasmercedinas.com\/site\/#\/schema\/person\/84b59c099c28ff2e8b77d4ceec5d8063","name":"NOTICIASMERCEDINAS.COM","image":{"@type":"ImageObject","inLanguage":"es","@id":"https:\/\/secure.gravatar.com\/avatar\/4dfbf16b4d17945bfb6341b2d19043457132fcf478a5ee04f42e959fd8f5df0a?s=96&d=mm&r=g","url":"https:\/\/secure.gravatar.com\/avatar\/4dfbf16b4d17945bfb6341b2d19043457132fcf478a5ee04f42e959fd8f5df0a?s=96&d=mm&r=g","contentUrl":"https:\/\/secure.gravatar.com\/avatar\/4dfbf16b4d17945bfb6341b2d19043457132fcf478a5ee04f42e959fd8f5df0a?s=96&d=mm&r=g","caption":"NOTICIASMERCEDINAS.COM"},"url":"https:\/\/noticiasmercedinas.com\/site\/author\/anonimo\/"}]}},"amp_enabled":true,"_links":{"self":[{"href":"https:\/\/noticiasmercedinas.com\/site\/wp-json\/wp\/v2\/posts\/106880","targetHints":{"allow":["GET"]}}],"collection":[{"href":"https:\/\/noticiasmercedinas.com\/site\/wp-json\/wp\/v2\/posts"}],"about":[{"href":"https:\/\/noticiasmercedinas.com\/site\/wp-json\/wp\/v2\/types\/post"}],"author":[{"embeddable":true,"href":"https:\/\/noticiasmercedinas.com\/site\/wp-json\/wp\/v2\/users\/16"}],"replies":[{"embeddable":true,"href":"https:\/\/noticiasmercedinas.com\/site\/wp-json\/wp\/v2\/comments?post=106880"}],"version-history":[{"count":1,"href":"https:\/\/noticiasmercedinas.com\/site\/wp-json\/wp\/v2\/posts\/106880\/revisions"}],"predecessor-version":[{"id":106882,"href":"https:\/\/noticiasmercedinas.com\/site\/wp-json\/wp\/v2\/posts\/106880\/revisions\/106882"}],"wp:featuredmedia":[{"embeddable":true,"href":"https:\/\/noticiasmercedinas.com\/site\/wp-json\/wp\/v2\/media\/106881"}],"wp:attachment":[{"href":"https:\/\/noticiasmercedinas.com\/site\/wp-json\/wp\/v2\/media?parent=106880"}],"wp:term":[{"taxonomy":"category","embeddable":true,"href":"https:\/\/noticiasmercedinas.com\/site\/wp-json\/wp\/v2\/categories?post=106880"},{"taxonomy":"post_tag","embeddable":true,"href":"https:\/\/noticiasmercedinas.com\/site\/wp-json\/wp\/v2\/tags?post=106880"}],"curies":[{"name":"wp","href":"https:\/\/api.w.org\/{rel}","templated":true}]}}