{"id":106895,"date":"2022-12-22T06:40:36","date_gmt":"2022-12-22T09:40:36","guid":{"rendered":"https:\/\/noticiasmercedinas.com\/site\/?p=106895"},"modified":"2022-12-22T06:40:36","modified_gmt":"2022-12-22T09:40:36","slug":"celebraron-aniversario-de-la-policia-bonaerense","status":"publish","type":"post","link":"https:\/\/noticiasmercedinas.com\/site\/2022\/12\/22\/celebraron-aniversario-de-la-policia-bonaerense\/","title":{"rendered":"Celebraron aniversario de la Polic\u00eda Bonaerense"},"content":{"rendered":"<p><a href=\"https:\/\/noticiasmercedinas.com\/site\/wp-content\/uploads\/2022\/12\/policias_saludo.jpg\"><img loading=\"lazy\" decoding=\"async\" class=\"alignnone size-full wp-image-106899\" src=\"https:\/\/noticiasmercedinas.com\/site\/wp-content\/uploads\/2022\/12\/policias_saludo.jpg\" alt=\"\" width=\"1920\" height=\"1280\" srcset=\"https:\/\/noticiasmercedinas.com\/site\/wp-content\/uploads\/2022\/12\/policias_saludo.jpg 1920w, https:\/\/noticiasmercedinas.com\/site\/wp-content\/uploads\/2022\/12\/policias_saludo-300x200.jpg 300w, https:\/\/noticiasmercedinas.com\/site\/wp-content\/uploads\/2022\/12\/policias_saludo-1024x683.jpg 1024w, https:\/\/noticiasmercedinas.com\/site\/wp-content\/uploads\/2022\/12\/policias_saludo-768x512.jpg 768w, https:\/\/noticiasmercedinas.com\/site\/wp-content\/uploads\/2022\/12\/policias_saludo-1536x1024.jpg 1536w, https:\/\/noticiasmercedinas.com\/site\/wp-content\/uploads\/2022\/12\/policias_saludo-640x427.jpg 640w, https:\/\/noticiasmercedinas.com\/site\/wp-content\/uploads\/2022\/12\/policias_saludo-1280x853.jpg 1280w, https:\/\/noticiasmercedinas.com\/site\/wp-content\/uploads\/2022\/12\/policias_saludo-681x454.jpg 681w, https:\/\/noticiasmercedinas.com\/site\/wp-content\/uploads\/2022\/12\/policias_saludo-1362x908.jpg 1362w\" sizes=\"auto, (max-width: 1920px) 100vw, 1920px\" \/><\/a><\/p>\n<p>El secretario de Seguridad del Municipio de Mercedes, Gonzalo Anselmo, agradeci\u00f3 a la Polic\u00eda Comunal por su compromiso con la comunidad, en el marco del acto por el 201\u00ba aniversario de la creaci\u00f3n de la Fuerza, el martes en el predio del C\u00edrculo de Sub oficiales.<\/p>\n<p>\u201cPara nosotros como municipalidad es un orgullo ser parte de esta actividad\u201d reafirm\u00f3 Anselmo y ratific\u00f3 que \u201cnuestro intendente nos insta a trabajar palmo a palmo con ellas y ellos y lo seguiremos haciendo en beneficio de nuestra poblaci\u00f3n y confirmando la fuerte vocaci\u00f3n de servicio que los miembros de la instituci\u00f3n poseen\u201d.<\/p>\n<p><a href=\"https:\/\/noticiasmercedinas.com\/site\/wp-content\/uploads\/2022\/12\/anselmo_policias.jpg\"><img loading=\"lazy\" decoding=\"async\" class=\"alignnone size-full wp-image-106900\" src=\"https:\/\/noticiasmercedinas.com\/site\/wp-content\/uploads\/2022\/12\/anselmo_policias.jpg\" alt=\"\" width=\"1920\" height=\"1280\" srcset=\"https:\/\/noticiasmercedinas.com\/site\/wp-content\/uploads\/2022\/12\/anselmo_policias.jpg 1920w, https:\/\/noticiasmercedinas.com\/site\/wp-content\/uploads\/2022\/12\/anselmo_policias-300x200.jpg 300w, https:\/\/noticiasmercedinas.com\/site\/wp-content\/uploads\/2022\/12\/anselmo_policias-1024x683.jpg 1024w, https:\/\/noticiasmercedinas.com\/site\/wp-content\/uploads\/2022\/12\/anselmo_policias-768x512.jpg 768w, https:\/\/noticiasmercedinas.com\/site\/wp-content\/uploads\/2022\/12\/anselmo_policias-1536x1024.jpg 1536w, https:\/\/noticiasmercedinas.com\/site\/wp-content\/uploads\/2022\/12\/anselmo_policias-640x427.jpg 640w, https:\/\/noticiasmercedinas.com\/site\/wp-content\/uploads\/2022\/12\/anselmo_policias-1280x853.jpg 1280w, https:\/\/noticiasmercedinas.com\/site\/wp-content\/uploads\/2022\/12\/anselmo_policias-681x454.jpg 681w, https:\/\/noticiasmercedinas.com\/site\/wp-content\/uploads\/2022\/12\/anselmo_policias-1362x908.jpg 1362w\" sizes=\"auto, (max-width: 1920px) 100vw, 1920px\" \/><\/a><\/p>\n<blockquote><p>\u201cPara nosotros como Municipalidad es un orgullo ser parte de esta actividad\u201d.<\/p><\/blockquote>\n<p>En la fiesta, que cont\u00f3 con la participaci\u00f3n de toda la jefatura de la Polic\u00eda Comunal, se efectu\u00f3 la entrega de reconocimientos a los distintos integrantes de la instituci\u00f3n que por diversos m\u00e9ritos este a\u00f1o se lo merecieron.<\/p>\n<p>Participaron tambi\u00e9n las familias de los agentes, Veteranos de Malvinas, Sociedad Rural, Fuerzas de Seguridad, socios honorarios, representantes de la Municipalidad, entre otros vecinos y vecinas.<\/p>\n<p><a href=\"https:\/\/noticiasmercedinas.com\/site\/wp-content\/uploads\/2022\/12\/policia_presente.jpg\"><img loading=\"lazy\" decoding=\"async\" class=\"alignnone size-full wp-image-106898\" src=\"https:\/\/noticiasmercedinas.com\/site\/wp-content\/uploads\/2022\/12\/policia_presente.jpg\" alt=\"\" width=\"1920\" height=\"1280\" srcset=\"https:\/\/noticiasmercedinas.com\/site\/wp-content\/uploads\/2022\/12\/policia_presente.jpg 1920w, https:\/\/noticiasmercedinas.com\/site\/wp-content\/uploads\/2022\/12\/policia_presente-300x200.jpg 300w, https:\/\/noticiasmercedinas.com\/site\/wp-content\/uploads\/2022\/12\/policia_presente-1024x683.jpg 1024w, https:\/\/noticiasmercedinas.com\/site\/wp-content\/uploads\/2022\/12\/policia_presente-768x512.jpg 768w, https:\/\/noticiasmercedinas.com\/site\/wp-content\/uploads\/2022\/12\/policia_presente-1536x1024.jpg 1536w, https:\/\/noticiasmercedinas.com\/site\/wp-content\/uploads\/2022\/12\/policia_presente-640x427.jpg 640w, https:\/\/noticiasmercedinas.com\/site\/wp-content\/uploads\/2022\/12\/policia_presente-1280x853.jpg 1280w, https:\/\/noticiasmercedinas.com\/site\/wp-content\/uploads\/2022\/12\/policia_presente-681x454.jpg 681w, https:\/\/noticiasmercedinas.com\/site\/wp-content\/uploads\/2022\/12\/policia_presente-1362x908.jpg 1362w\" sizes=\"auto, (max-width: 1920px) 100vw, 1920px\" \/><\/a><\/p>\n","protected":false},"excerpt":{"rendered":"<p>\u25a0 Autoridades municipales reconocieron el compromiso de la Fuerza con la Comunidad. El acto se realiz\u00f3 en el predio del C\u00edrculo de Suboficiales.<\/p>\n","protected":false},"author":16,"featured_media":106899,"comment_status":"open","ping_status":"open","sticky":false,"template":"","format":"standard","meta":{"footnotes":""},"categories":[7],"tags":[7758,2008],"class_list":["post-106895","post","type-post","status-publish","format-standard","has-post-thumbnail","hentry","category-policiales","tag-gonzalo-anselmo","tag-policia-comunal"],"yoast_head":"<!-- This site is optimized with the Yoast SEO plugin v27.4 - https:\/\/yoast.com\/product\/yoast-seo-wordpress\/ -->\n<title>Celebraron aniversario de la Polic\u00eda Bonaerense<\/title>\n<meta name=\"robots\" content=\"index, follow, max-snippet:-1, max-image-preview:large, max-video-preview:-1\" \/>\n<link rel=\"canonical\" href=\"https:\/\/noticiasmercedinas.com\/site\/2022\/12\/22\/celebraron-aniversario-de-la-policia-bonaerense\/\" \/>\n<meta property=\"og:locale\" content=\"es_ES\" \/>\n<meta property=\"og:type\" content=\"article\" \/>\n<meta property=\"og:title\" content=\"Celebraron aniversario de la Polic\u00eda Bonaerense\" \/>\n<meta property=\"og:description\" content=\"\u25a0 Autoridades municipales reconocieron el compromiso de la Fuerza con la Comunidad. El acto se realiz\u00f3 en el predio del C\u00edrculo de Suboficiales.\" \/>\n<meta property=\"og:url\" content=\"https:\/\/noticiasmercedinas.com\/site\/2022\/12\/22\/celebraron-aniversario-de-la-policia-bonaerense\/\" \/>\n<meta property=\"og:site_name\" content=\"NOTICIASMERCEDINAS.COM\" \/>\n<meta property=\"article:publisher\" content=\"https:\/\/www.facebook.com\/noticiasmercedinas\/\" \/>\n<meta property=\"article:published_time\" content=\"2022-12-22T09:40:36+00:00\" \/>\n<meta property=\"og:image\" content=\"https:\/\/noticiasmercedinas.com\/site\/wp-content\/uploads\/2022\/12\/policias_saludo.jpg\" \/>\n\t<meta property=\"og:image:width\" content=\"1920\" \/>\n\t<meta property=\"og:image:height\" content=\"1280\" \/>\n\t<meta property=\"og:image:type\" content=\"image\/jpeg\" \/>\n<meta name=\"author\" content=\"NOTICIASMERCEDINAS.COM\" \/>\n<meta name=\"twitter:card\" content=\"summary_large_image\" \/>\n<meta name=\"twitter:creator\" content=\"@notmercedinas\" \/>\n<meta name=\"twitter:site\" content=\"@notmercedinas\" \/>\n<meta name=\"twitter:label1\" content=\"Escrito por\" \/>\n\t<meta name=\"twitter:data1\" content=\"NOTICIASMERCEDINAS.COM\" \/>\n\t<meta name=\"twitter:label2\" content=\"Tiempo de lectura\" \/>\n\t<meta name=\"twitter:data2\" content=\"2 minutos\" \/>\n<script type=\"application\/ld+json\" class=\"yoast-schema-graph\">{\"@context\":\"https:\\\/\\\/schema.org\",\"@graph\":[{\"@type\":\"Article\",\"@id\":\"https:\\\/\\\/noticiasmercedinas.com\\\/site\\\/2022\\\/12\\\/22\\\/celebraron-aniversario-de-la-policia-bonaerense\\\/#article\",\"isPartOf\":{\"@id\":\"https:\\\/\\\/noticiasmercedinas.com\\\/site\\\/2022\\\/12\\\/22\\\/celebraron-aniversario-de-la-policia-bonaerense\\\/\"},\"author\":{\"name\":\"NOTICIASMERCEDINAS.COM\",\"@id\":\"https:\\\/\\\/noticiasmercedinas.com\\\/site\\\/#\\\/schema\\\/person\\\/84b59c099c28ff2e8b77d4ceec5d8063\"},\"headline\":\"Celebraron aniversario de la Polic\u00eda Bonaerense\",\"datePublished\":\"2022-12-22T09:40:36+00:00\",\"mainEntityOfPage\":{\"@id\":\"https:\\\/\\\/noticiasmercedinas.com\\\/site\\\/2022\\\/12\\\/22\\\/celebraron-aniversario-de-la-policia-bonaerense\\\/\"},\"wordCount\":193,\"commentCount\":0,\"publisher\":{\"@id\":\"https:\\\/\\\/noticiasmercedinas.com\\\/site\\\/#organization\"},\"image\":{\"@id\":\"https:\\\/\\\/noticiasmercedinas.com\\\/site\\\/2022\\\/12\\\/22\\\/celebraron-aniversario-de-la-policia-bonaerense\\\/#primaryimage\"},\"thumbnailUrl\":\"https:\\\/\\\/noticiasmercedinas.com\\\/site\\\/wp-content\\\/uploads\\\/2022\\\/12\\\/policias_saludo.jpg\",\"keywords\":[\"gonzalo anselmo\",\"polic\u00eda comunal\"],\"articleSection\":[\"Seguridad\"],\"inLanguage\":\"es\",\"potentialAction\":[{\"@type\":\"CommentAction\",\"name\":\"Comment\",\"target\":[\"https:\\\/\\\/noticiasmercedinas.com\\\/site\\\/2022\\\/12\\\/22\\\/celebraron-aniversario-de-la-policia-bonaerense\\\/#respond\"]}]},{\"@type\":\"WebPage\",\"@id\":\"https:\\\/\\\/noticiasmercedinas.com\\\/site\\\/2022\\\/12\\\/22\\\/celebraron-aniversario-de-la-policia-bonaerense\\\/\",\"url\":\"https:\\\/\\\/noticiasmercedinas.com\\\/site\\\/2022\\\/12\\\/22\\\/celebraron-aniversario-de-la-policia-bonaerense\\\/\",\"name\":\"Celebraron aniversario de la Polic\u00eda Bonaerense\",\"isPartOf\":{\"@id\":\"https:\\\/\\\/noticiasmercedinas.com\\\/site\\\/#website\"},\"primaryImageOfPage\":{\"@id\":\"https:\\\/\\\/noticiasmercedinas.com\\\/site\\\/2022\\\/12\\\/22\\\/celebraron-aniversario-de-la-policia-bonaerense\\\/#primaryimage\"},\"image\":{\"@id\":\"https:\\\/\\\/noticiasmercedinas.com\\\/site\\\/2022\\\/12\\\/22\\\/celebraron-aniversario-de-la-policia-bonaerense\\\/#primaryimage\"},\"thumbnailUrl\":\"https:\\\/\\\/noticiasmercedinas.com\\\/site\\\/wp-content\\\/uploads\\\/2022\\\/12\\\/policias_saludo.jpg\",\"datePublished\":\"2022-12-22T09:40:36+00:00\",\"breadcrumb\":{\"@id\":\"https:\\\/\\\/noticiasmercedinas.com\\\/site\\\/2022\\\/12\\\/22\\\/celebraron-aniversario-de-la-policia-bonaerense\\\/#breadcrumb\"},\"inLanguage\":\"es\",\"potentialAction\":[{\"@type\":\"ReadAction\",\"target\":[\"https:\\\/\\\/noticiasmercedinas.com\\\/site\\\/2022\\\/12\\\/22\\\/celebraron-aniversario-de-la-policia-bonaerense\\\/\"]}]},{\"@type\":\"ImageObject\",\"inLanguage\":\"es\",\"@id\":\"https:\\\/\\\/noticiasmercedinas.com\\\/site\\\/2022\\\/12\\\/22\\\/celebraron-aniversario-de-la-policia-bonaerense\\\/#primaryimage\",\"url\":\"https:\\\/\\\/noticiasmercedinas.com\\\/site\\\/wp-content\\\/uploads\\\/2022\\\/12\\\/policias_saludo.jpg\",\"contentUrl\":\"https:\\\/\\\/noticiasmercedinas.com\\\/site\\\/wp-content\\\/uploads\\\/2022\\\/12\\\/policias_saludo.jpg\",\"width\":1920,\"height\":1280},{\"@type\":\"BreadcrumbList\",\"@id\":\"https:\\\/\\\/noticiasmercedinas.com\\\/site\\\/2022\\\/12\\\/22\\\/celebraron-aniversario-de-la-policia-bonaerense\\\/#breadcrumb\",\"itemListElement\":[{\"@type\":\"ListItem\",\"position\":1,\"name\":\"Portada\",\"item\":\"https:\\\/\\\/noticiasmercedinas.com\\\/site\\\/\"},{\"@type\":\"ListItem\",\"position\":2,\"name\":\"Celebraron aniversario de la Polic\u00eda Bonaerense\"}]},{\"@type\":\"WebSite\",\"@id\":\"https:\\\/\\\/noticiasmercedinas.com\\\/site\\\/#website\",\"url\":\"https:\\\/\\\/noticiasmercedinas.com\\\/site\\\/\",\"name\":\"NOTICIASMERCEDINAS.COM\",\"description\":\"Mercedes, Buenos Aires, Argentina\",\"publisher\":{\"@id\":\"https:\\\/\\\/noticiasmercedinas.com\\\/site\\\/#organization\"},\"potentialAction\":[{\"@type\":\"SearchAction\",\"target\":{\"@type\":\"EntryPoint\",\"urlTemplate\":\"https:\\\/\\\/noticiasmercedinas.com\\\/site\\\/?s={search_term_string}\"},\"query-input\":{\"@type\":\"PropertyValueSpecification\",\"valueRequired\":true,\"valueName\":\"search_term_string\"}}],\"inLanguage\":\"es\"},{\"@type\":\"Organization\",\"@id\":\"https:\\\/\\\/noticiasmercedinas.com\\\/site\\\/#organization\",\"name\":\"NOTICIASMERCEDINAS.COM\",\"url\":\"https:\\\/\\\/noticiasmercedinas.com\\\/site\\\/\",\"logo\":{\"@type\":\"ImageObject\",\"inLanguage\":\"es\",\"@id\":\"https:\\\/\\\/noticiasmercedinas.com\\\/site\\\/#\\\/schema\\\/logo\\\/image\\\/\",\"url\":\"https:\\\/\\\/noticiasmercedinas.com\\\/site\\\/wp-content\\\/uploads\\\/2020\\\/06\\\/LOGO-512.jpg\",\"contentUrl\":\"https:\\\/\\\/noticiasmercedinas.com\\\/site\\\/wp-content\\\/uploads\\\/2020\\\/06\\\/LOGO-512.jpg\",\"width\":512,\"height\":512,\"caption\":\"NOTICIASMERCEDINAS.COM\"},\"image\":{\"@id\":\"https:\\\/\\\/noticiasmercedinas.com\\\/site\\\/#\\\/schema\\\/logo\\\/image\\\/\"},\"sameAs\":[\"https:\\\/\\\/www.facebook.com\\\/noticiasmercedinas\\\/\",\"https:\\\/\\\/x.com\\\/notmercedinas\",\"https:\\\/\\\/www.instagram.com\\\/noticiasmercedinas\\\/\"]},{\"@type\":\"Person\",\"@id\":\"https:\\\/\\\/noticiasmercedinas.com\\\/site\\\/#\\\/schema\\\/person\\\/84b59c099c28ff2e8b77d4ceec5d8063\",\"name\":\"NOTICIASMERCEDINAS.COM\",\"image\":{\"@type\":\"ImageObject\",\"inLanguage\":\"es\",\"@id\":\"https:\\\/\\\/secure.gravatar.com\\\/avatar\\\/4dfbf16b4d17945bfb6341b2d19043457132fcf478a5ee04f42e959fd8f5df0a?s=96&d=mm&r=g\",\"url\":\"https:\\\/\\\/secure.gravatar.com\\\/avatar\\\/4dfbf16b4d17945bfb6341b2d19043457132fcf478a5ee04f42e959fd8f5df0a?s=96&d=mm&r=g\",\"contentUrl\":\"https:\\\/\\\/secure.gravatar.com\\\/avatar\\\/4dfbf16b4d17945bfb6341b2d19043457132fcf478a5ee04f42e959fd8f5df0a?s=96&d=mm&r=g\",\"caption\":\"NOTICIASMERCEDINAS.COM\"},\"url\":\"https:\\\/\\\/noticiasmercedinas.com\\\/site\\\/author\\\/anonimo\\\/\"}]}<\/script>\n<!-- \/ Yoast SEO plugin. -->","yoast_head_json":{"title":"Celebraron aniversario de la Polic\u00eda Bonaerense","robots":{"index":"index","follow":"follow","max-snippet":"max-snippet:-1","max-image-preview":"max-image-preview:large","max-video-preview":"max-video-preview:-1"},"canonical":"https:\/\/noticiasmercedinas.com\/site\/2022\/12\/22\/celebraron-aniversario-de-la-policia-bonaerense\/","og_locale":"es_ES","og_type":"article","og_title":"Celebraron aniversario de la Polic\u00eda Bonaerense","og_description":"\u25a0 Autoridades municipales reconocieron el compromiso de la Fuerza con la Comunidad. El acto se realiz\u00f3 en el predio del C\u00edrculo de Suboficiales.","og_url":"https:\/\/noticiasmercedinas.com\/site\/2022\/12\/22\/celebraron-aniversario-de-la-policia-bonaerense\/","og_site_name":"NOTICIASMERCEDINAS.COM","article_publisher":"https:\/\/www.facebook.com\/noticiasmercedinas\/","article_published_time":"2022-12-22T09:40:36+00:00","og_image":[{"width":1920,"height":1280,"url":"https:\/\/noticiasmercedinas.com\/site\/wp-content\/uploads\/2022\/12\/policias_saludo.jpg","type":"image\/jpeg"}],"author":"NOTICIASMERCEDINAS.COM","twitter_card":"summary_large_image","twitter_creator":"@notmercedinas","twitter_site":"@notmercedinas","twitter_misc":{"Escrito por":"NOTICIASMERCEDINAS.COM","Tiempo de lectura":"2 minutos"},"schema":{"@context":"https:\/\/schema.org","@graph":[{"@type":"Article","@id":"https:\/\/noticiasmercedinas.com\/site\/2022\/12\/22\/celebraron-aniversario-de-la-policia-bonaerense\/#article","isPartOf":{"@id":"https:\/\/noticiasmercedinas.com\/site\/2022\/12\/22\/celebraron-aniversario-de-la-policia-bonaerense\/"},"author":{"name":"NOTICIASMERCEDINAS.COM","@id":"https:\/\/noticiasmercedinas.com\/site\/#\/schema\/person\/84b59c099c28ff2e8b77d4ceec5d8063"},"headline":"Celebraron aniversario de la Polic\u00eda Bonaerense","datePublished":"2022-12-22T09:40:36+00:00","mainEntityOfPage":{"@id":"https:\/\/noticiasmercedinas.com\/site\/2022\/12\/22\/celebraron-aniversario-de-la-policia-bonaerense\/"},"wordCount":193,"commentCount":0,"publisher":{"@id":"https:\/\/noticiasmercedinas.com\/site\/#organization"},"image":{"@id":"https:\/\/noticiasmercedinas.com\/site\/2022\/12\/22\/celebraron-aniversario-de-la-policia-bonaerense\/#primaryimage"},"thumbnailUrl":"https:\/\/noticiasmercedinas.com\/site\/wp-content\/uploads\/2022\/12\/policias_saludo.jpg","keywords":["gonzalo anselmo","polic\u00eda comunal"],"articleSection":["Seguridad"],"inLanguage":"es","potentialAction":[{"@type":"CommentAction","name":"Comment","target":["https:\/\/noticiasmercedinas.com\/site\/2022\/12\/22\/celebraron-aniversario-de-la-policia-bonaerense\/#respond"]}]},{"@type":"WebPage","@id":"https:\/\/noticiasmercedinas.com\/site\/2022\/12\/22\/celebraron-aniversario-de-la-policia-bonaerense\/","url":"https:\/\/noticiasmercedinas.com\/site\/2022\/12\/22\/celebraron-aniversario-de-la-policia-bonaerense\/","name":"Celebraron aniversario de la Polic\u00eda Bonaerense","isPartOf":{"@id":"https:\/\/noticiasmercedinas.com\/site\/#website"},"primaryImageOfPage":{"@id":"https:\/\/noticiasmercedinas.com\/site\/2022\/12\/22\/celebraron-aniversario-de-la-policia-bonaerense\/#primaryimage"},"image":{"@id":"https:\/\/noticiasmercedinas.com\/site\/2022\/12\/22\/celebraron-aniversario-de-la-policia-bonaerense\/#primaryimage"},"thumbnailUrl":"https:\/\/noticiasmercedinas.com\/site\/wp-content\/uploads\/2022\/12\/policias_saludo.jpg","datePublished":"2022-12-22T09:40:36+00:00","breadcrumb":{"@id":"https:\/\/noticiasmercedinas.com\/site\/2022\/12\/22\/celebraron-aniversario-de-la-policia-bonaerense\/#breadcrumb"},"inLanguage":"es","potentialAction":[{"@type":"ReadAction","target":["https:\/\/noticiasmercedinas.com\/site\/2022\/12\/22\/celebraron-aniversario-de-la-policia-bonaerense\/"]}]},{"@type":"ImageObject","inLanguage":"es","@id":"https:\/\/noticiasmercedinas.com\/site\/2022\/12\/22\/celebraron-aniversario-de-la-policia-bonaerense\/#primaryimage","url":"https:\/\/noticiasmercedinas.com\/site\/wp-content\/uploads\/2022\/12\/policias_saludo.jpg","contentUrl":"https:\/\/noticiasmercedinas.com\/site\/wp-content\/uploads\/2022\/12\/policias_saludo.jpg","width":1920,"height":1280},{"@type":"BreadcrumbList","@id":"https:\/\/noticiasmercedinas.com\/site\/2022\/12\/22\/celebraron-aniversario-de-la-policia-bonaerense\/#breadcrumb","itemListElement":[{"@type":"ListItem","position":1,"name":"Portada","item":"https:\/\/noticiasmercedinas.com\/site\/"},{"@type":"ListItem","position":2,"name":"Celebraron aniversario de la Polic\u00eda Bonaerense"}]},{"@type":"WebSite","@id":"https:\/\/noticiasmercedinas.com\/site\/#website","url":"https:\/\/noticiasmercedinas.com\/site\/","name":"NOTICIASMERCEDINAS.COM","description":"Mercedes, Buenos Aires, Argentina","publisher":{"@id":"https:\/\/noticiasmercedinas.com\/site\/#organization"},"potentialAction":[{"@type":"SearchAction","target":{"@type":"EntryPoint","urlTemplate":"https:\/\/noticiasmercedinas.com\/site\/?s={search_term_string}"},"query-input":{"@type":"PropertyValueSpecification","valueRequired":true,"valueName":"search_term_string"}}],"inLanguage":"es"},{"@type":"Organization","@id":"https:\/\/noticiasmercedinas.com\/site\/#organization","name":"NOTICIASMERCEDINAS.COM","url":"https:\/\/noticiasmercedinas.com\/site\/","logo":{"@type":"ImageObject","inLanguage":"es","@id":"https:\/\/noticiasmercedinas.com\/site\/#\/schema\/logo\/image\/","url":"https:\/\/noticiasmercedinas.com\/site\/wp-content\/uploads\/2020\/06\/LOGO-512.jpg","contentUrl":"https:\/\/noticiasmercedinas.com\/site\/wp-content\/uploads\/2020\/06\/LOGO-512.jpg","width":512,"height":512,"caption":"NOTICIASMERCEDINAS.COM"},"image":{"@id":"https:\/\/noticiasmercedinas.com\/site\/#\/schema\/logo\/image\/"},"sameAs":["https:\/\/www.facebook.com\/noticiasmercedinas\/","https:\/\/x.com\/notmercedinas","https:\/\/www.instagram.com\/noticiasmercedinas\/"]},{"@type":"Person","@id":"https:\/\/noticiasmercedinas.com\/site\/#\/schema\/person\/84b59c099c28ff2e8b77d4ceec5d8063","name":"NOTICIASMERCEDINAS.COM","image":{"@type":"ImageObject","inLanguage":"es","@id":"https:\/\/secure.gravatar.com\/avatar\/4dfbf16b4d17945bfb6341b2d19043457132fcf478a5ee04f42e959fd8f5df0a?s=96&d=mm&r=g","url":"https:\/\/secure.gravatar.com\/avatar\/4dfbf16b4d17945bfb6341b2d19043457132fcf478a5ee04f42e959fd8f5df0a?s=96&d=mm&r=g","contentUrl":"https:\/\/secure.gravatar.com\/avatar\/4dfbf16b4d17945bfb6341b2d19043457132fcf478a5ee04f42e959fd8f5df0a?s=96&d=mm&r=g","caption":"NOTICIASMERCEDINAS.COM"},"url":"https:\/\/noticiasmercedinas.com\/site\/author\/anonimo\/"}]}},"amp_enabled":true,"_links":{"self":[{"href":"https:\/\/noticiasmercedinas.com\/site\/wp-json\/wp\/v2\/posts\/106895","targetHints":{"allow":["GET"]}}],"collection":[{"href":"https:\/\/noticiasmercedinas.com\/site\/wp-json\/wp\/v2\/posts"}],"about":[{"href":"https:\/\/noticiasmercedinas.com\/site\/wp-json\/wp\/v2\/types\/post"}],"author":[{"embeddable":true,"href":"https:\/\/noticiasmercedinas.com\/site\/wp-json\/wp\/v2\/users\/16"}],"replies":[{"embeddable":true,"href":"https:\/\/noticiasmercedinas.com\/site\/wp-json\/wp\/v2\/comments?post=106895"}],"version-history":[{"count":1,"href":"https:\/\/noticiasmercedinas.com\/site\/wp-json\/wp\/v2\/posts\/106895\/revisions"}],"predecessor-version":[{"id":106901,"href":"https:\/\/noticiasmercedinas.com\/site\/wp-json\/wp\/v2\/posts\/106895\/revisions\/106901"}],"wp:featuredmedia":[{"embeddable":true,"href":"https:\/\/noticiasmercedinas.com\/site\/wp-json\/wp\/v2\/media\/106899"}],"wp:attachment":[{"href":"https:\/\/noticiasmercedinas.com\/site\/wp-json\/wp\/v2\/media?parent=106895"}],"wp:term":[{"taxonomy":"category","embeddable":true,"href":"https:\/\/noticiasmercedinas.com\/site\/wp-json\/wp\/v2\/categories?post=106895"},{"taxonomy":"post_tag","embeddable":true,"href":"https:\/\/noticiasmercedinas.com\/site\/wp-json\/wp\/v2\/tags?post=106895"}],"curies":[{"name":"wp","href":"https:\/\/api.w.org\/{rel}","templated":true}]}}