{"id":107047,"date":"2022-12-25T23:57:47","date_gmt":"2022-12-26T02:57:47","guid":{"rendered":"https:\/\/noticiasmercedinas.com\/site\/?p=107047"},"modified":"2022-12-25T23:58:45","modified_gmt":"2022-12-26T02:58:45","slug":"se-realizo-el-tradicional-brindis-con-instituciones-con-los-mejores-deseos-para-2023","status":"publish","type":"post","link":"https:\/\/noticiasmercedinas.com\/site\/2022\/12\/25\/se-realizo-el-tradicional-brindis-con-instituciones-con-los-mejores-deseos-para-2023\/","title":{"rendered":"Se realiz\u00f3 brindis con instituciones con los mejores deseos para 2023"},"content":{"rendered":"<div id='gallery-1' class='gallery galleryid-107047 gallery-columns-3 gallery-size-thumbnail'><figure class='gallery-item'>\n\t\t\t<div class='gallery-icon landscape'>\n\t\t\t\t<a href='https:\/\/noticiasmercedinas.com\/site\/2022\/12\/25\/se-realizo-el-tradicional-brindis-con-instituciones-con-los-mejores-deseos-para-2023\/sja_6659\/'><img loading=\"lazy\" decoding=\"async\" width=\"150\" height=\"150\" src=\"https:\/\/noticiasmercedinas.com\/site\/wp-content\/uploads\/2022\/12\/SJA_6659-150x150.jpg\" class=\"attachment-thumbnail size-thumbnail\" alt=\"\" \/><\/a>\n\t\t\t<\/div><\/figure><figure class='gallery-item'>\n\t\t\t<div class='gallery-icon landscape'>\n\t\t\t\t<a href='https:\/\/noticiasmercedinas.com\/site\/2022\/12\/25\/se-realizo-el-tradicional-brindis-con-instituciones-con-los-mejores-deseos-para-2023\/sja_6696\/'><img loading=\"lazy\" decoding=\"async\" width=\"150\" height=\"150\" src=\"https:\/\/noticiasmercedinas.com\/site\/wp-content\/uploads\/2022\/12\/SJA_6696-150x150.jpg\" class=\"attachment-thumbnail size-thumbnail\" alt=\"\" \/><\/a>\n\t\t\t<\/div><\/figure><figure class='gallery-item'>\n\t\t\t<div class='gallery-icon landscape'>\n\t\t\t\t<a href='https:\/\/noticiasmercedinas.com\/site\/2022\/12\/25\/se-realizo-el-tradicional-brindis-con-instituciones-con-los-mejores-deseos-para-2023\/sja_6700\/'><img loading=\"lazy\" decoding=\"async\" width=\"150\" height=\"150\" src=\"https:\/\/noticiasmercedinas.com\/site\/wp-content\/uploads\/2022\/12\/SJA_6700-150x150.jpg\" class=\"attachment-thumbnail size-thumbnail\" alt=\"\" \/><\/a>\n\t\t\t<\/div><\/figure><figure class='gallery-item'>\n\t\t\t<div class='gallery-icon landscape'>\n\t\t\t\t<a href='https:\/\/noticiasmercedinas.com\/site\/2022\/12\/25\/se-realizo-el-tradicional-brindis-con-instituciones-con-los-mejores-deseos-para-2023\/sja_6707\/'><img loading=\"lazy\" decoding=\"async\" width=\"150\" height=\"150\" src=\"https:\/\/noticiasmercedinas.com\/site\/wp-content\/uploads\/2022\/12\/SJA_6707-150x150.jpg\" class=\"attachment-thumbnail size-thumbnail\" alt=\"\" \/><\/a>\n\t\t\t<\/div><\/figure><figure class='gallery-item'>\n\t\t\t<div class='gallery-icon landscape'>\n\t\t\t\t<a href='https:\/\/noticiasmercedinas.com\/site\/2022\/12\/25\/se-realizo-el-tradicional-brindis-con-instituciones-con-los-mejores-deseos-para-2023\/sja_6722-1\/'><img loading=\"lazy\" decoding=\"async\" width=\"150\" height=\"150\" src=\"https:\/\/noticiasmercedinas.com\/site\/wp-content\/uploads\/2022\/12\/SJA_6722-1-150x150.jpg\" class=\"attachment-thumbnail size-thumbnail\" alt=\"\" \/><\/a>\n\t\t\t<\/div><\/figure><figure class='gallery-item'>\n\t\t\t<div class='gallery-icon landscape'>\n\t\t\t\t<a href='https:\/\/noticiasmercedinas.com\/site\/2022\/12\/25\/se-realizo-el-tradicional-brindis-con-instituciones-con-los-mejores-deseos-para-2023\/sja_6729\/'><img loading=\"lazy\" decoding=\"async\" width=\"150\" height=\"150\" src=\"https:\/\/noticiasmercedinas.com\/site\/wp-content\/uploads\/2022\/12\/SJA_6729-150x150.jpg\" class=\"attachment-thumbnail size-thumbnail\" alt=\"\" \/><\/a>\n\t\t\t<\/div><\/figure><figure class='gallery-item'>\n\t\t\t<div class='gallery-icon landscape'>\n\t\t\t\t<a href='https:\/\/noticiasmercedinas.com\/site\/2022\/12\/25\/se-realizo-el-tradicional-brindis-con-instituciones-con-los-mejores-deseos-para-2023\/sja_6732\/'><img loading=\"lazy\" decoding=\"async\" width=\"150\" height=\"150\" src=\"https:\/\/noticiasmercedinas.com\/site\/wp-content\/uploads\/2022\/12\/SJA_6732-150x150.jpg\" class=\"attachment-thumbnail size-thumbnail\" alt=\"\" \/><\/a>\n\t\t\t<\/div><\/figure><figure class='gallery-item'>\n\t\t\t<div class='gallery-icon landscape'>\n\t\t\t\t<a href='https:\/\/noticiasmercedinas.com\/site\/2022\/12\/25\/se-realizo-el-tradicional-brindis-con-instituciones-con-los-mejores-deseos-para-2023\/sja_6754\/'><img loading=\"lazy\" decoding=\"async\" width=\"150\" height=\"150\" src=\"https:\/\/noticiasmercedinas.com\/site\/wp-content\/uploads\/2022\/12\/SJA_6754-150x150.jpg\" class=\"attachment-thumbnail size-thumbnail\" alt=\"\" \/><\/a>\n\t\t\t<\/div><\/figure><figure class='gallery-item'>\n\t\t\t<div class='gallery-icon landscape'>\n\t\t\t\t<a href='https:\/\/noticiasmercedinas.com\/site\/2022\/12\/25\/se-realizo-el-tradicional-brindis-con-instituciones-con-los-mejores-deseos-para-2023\/sja_6768\/'><img loading=\"lazy\" decoding=\"async\" width=\"150\" height=\"150\" src=\"https:\/\/noticiasmercedinas.com\/site\/wp-content\/uploads\/2022\/12\/SJA_6768-150x150.jpg\" class=\"attachment-thumbnail size-thumbnail\" alt=\"\" \/><\/a>\n\t\t\t<\/div><\/figure>\n\t\t<\/div>\n\n<p>&nbsp;<\/p>\n<p>Frente al Palacio Municipal se llev\u00f3 adelante el tradicional brindis de fin de a\u00f1o con instituciones. Estuvo encabezado por el intendente Juani Ustarroz y cont\u00f3 con una amplia participaci\u00f3n de referentes de todos los \u00e1mbitos.<\/p>\n<p>Se realiz\u00f3 un intercambio de lo vivido en los \u00faltimos meses y se plantearon acciones para el futuro. \u201cEstamos muy felices en este encuentro, sabiendo que tiramos todos para el mismo lado\u201d, dijo Ustarroz.<\/p>\n<p>El jefe comunal, \u00fanico orador de la noche, manifest\u00f3: \u201c;uchas gracias por venir y estar. Hoy brindamos con ustedes, instituciones. Con los verdaderos hacedores de las cosas buena. Quiero felicitarlos por lo que d\u00eda a d\u00eda realizan que es fundamental, en una ciudad que est\u00e1 unida ante cada adversidad, cada dificultad que tenemos, creo que nuestra ciudad tiene un excelente clima y ustedes lo saben, porque trabajan en conjunto, entre ustedes, con el privado, con el Estado, siempre colaborando, solidariamente, haciendo una ciudad mejor\u201d<\/p>\n<p>\u201cLa ciudad crece y se desarrolla con una mirada de futuro y en eso ustedes tienen much\u00edsimo que ver\u201d manifest\u00f3 el intendente Ustarroz y recalc\u00f3 el \u201csentido de esfuerzo, sacrificio y humildad que todas y todos ustedes tienen\u201d para luego levantar las copas y brindar por un \u201cimpulso fuerte para iniciar el 2023 mucho mejor\u201d.<\/p>\n<p>Fueron parte gran cantidad de instituciones de todos los \u00e1mbitos: educativo, cultural, deportivo, barrial, comercial, industrial, ong\u00b4s, solidarias, sindicales, gubernamentales, como as\u00ed tambi\u00e9n funcionarios y funcionarias, entre ellos la directora de Participaci\u00f3n, Mariana San Mart\u00edn, y la secretaria de Gobierno, Clara Zunino, en lo que fue una noche de di\u00e1logo, encuentro y brindis en avenida 29.<\/p>\n","protected":false},"excerpt":{"rendered":"<p>\u25a0 Estuvo encabezado por el intendente Juani Ustarroz y cont\u00f3 con referentes de todos los \u00e1mbitos. \u201cLa ciudad crece y se desarrolla con una mirada de futuro y en eso ustedes tienen much\u00edsimo que ver\u201d manifest\u00f3 el intendente<\/p>\n","protected":false},"author":16,"featured_media":107049,"comment_status":"open","ping_status":"open","sticky":false,"template":"","format":"standard","meta":{"footnotes":""},"categories":[3],"tags":[2932,6346],"class_list":["post-107047","post","type-post","status-publish","format-standard","has-post-thumbnail","hentry","category-sociedad","tag-brindis","tag-instituciones"],"yoast_head":"<!-- This site is optimized with the Yoast SEO plugin v27.4 - https:\/\/yoast.com\/product\/yoast-seo-wordpress\/ -->\n<title>Se realiz\u00f3 brindis con instituciones con los mejores deseos para 2023<\/title>\n<meta name=\"robots\" content=\"index, follow, max-snippet:-1, max-image-preview:large, max-video-preview:-1\" \/>\n<link rel=\"canonical\" href=\"https:\/\/noticiasmercedinas.com\/site\/2022\/12\/25\/se-realizo-el-tradicional-brindis-con-instituciones-con-los-mejores-deseos-para-2023\/\" \/>\n<meta property=\"og:locale\" content=\"es_ES\" \/>\n<meta property=\"og:type\" content=\"article\" \/>\n<meta property=\"og:title\" content=\"Se realiz\u00f3 brindis con instituciones con los mejores deseos para 2023\" \/>\n<meta property=\"og:description\" content=\"\u25a0 Estuvo encabezado por el intendente Juani Ustarroz y cont\u00f3 con referentes de todos los \u00e1mbitos. \u201cLa ciudad crece y se desarrolla con una mirada de futuro y en eso ustedes tienen much\u00edsimo que ver\u201d manifest\u00f3 el intendente\" \/>\n<meta property=\"og:url\" content=\"https:\/\/noticiasmercedinas.com\/site\/2022\/12\/25\/se-realizo-el-tradicional-brindis-con-instituciones-con-los-mejores-deseos-para-2023\/\" \/>\n<meta property=\"og:site_name\" content=\"NOTICIASMERCEDINAS.COM\" \/>\n<meta property=\"article:publisher\" content=\"https:\/\/www.facebook.com\/noticiasmercedinas\/\" \/>\n<meta property=\"article:published_time\" content=\"2022-12-26T02:57:47+00:00\" \/>\n<meta property=\"article:modified_time\" content=\"2022-12-26T02:58:45+00:00\" \/>\n<meta property=\"og:image\" content=\"https:\/\/noticiasmercedinas.com\/site\/wp-content\/uploads\/2022\/12\/SJA_6696.jpg\" \/>\n\t<meta property=\"og:image:width\" content=\"922\" \/>\n\t<meta property=\"og:image:height\" content=\"615\" \/>\n\t<meta property=\"og:image:type\" content=\"image\/jpeg\" \/>\n<meta name=\"author\" content=\"NOTICIASMERCEDINAS.COM\" \/>\n<meta name=\"twitter:card\" content=\"summary_large_image\" \/>\n<meta name=\"twitter:creator\" content=\"@notmercedinas\" \/>\n<meta name=\"twitter:site\" content=\"@notmercedinas\" \/>\n<meta name=\"twitter:label1\" content=\"Escrito por\" \/>\n\t<meta name=\"twitter:data1\" content=\"NOTICIASMERCEDINAS.COM\" \/>\n\t<meta name=\"twitter:label2\" content=\"Tiempo de lectura\" \/>\n\t<meta name=\"twitter:data2\" content=\"2 minutos\" \/>\n<script type=\"application\/ld+json\" class=\"yoast-schema-graph\">{\"@context\":\"https:\\\/\\\/schema.org\",\"@graph\":[{\"@type\":\"Article\",\"@id\":\"https:\\\/\\\/noticiasmercedinas.com\\\/site\\\/2022\\\/12\\\/25\\\/se-realizo-el-tradicional-brindis-con-instituciones-con-los-mejores-deseos-para-2023\\\/#article\",\"isPartOf\":{\"@id\":\"https:\\\/\\\/noticiasmercedinas.com\\\/site\\\/2022\\\/12\\\/25\\\/se-realizo-el-tradicional-brindis-con-instituciones-con-los-mejores-deseos-para-2023\\\/\"},\"author\":{\"name\":\"NOTICIASMERCEDINAS.COM\",\"@id\":\"https:\\\/\\\/noticiasmercedinas.com\\\/site\\\/#\\\/schema\\\/person\\\/84b59c099c28ff2e8b77d4ceec5d8063\"},\"headline\":\"Se realiz\u00f3 brindis con instituciones con los mejores deseos para 2023\",\"datePublished\":\"2022-12-26T02:57:47+00:00\",\"dateModified\":\"2022-12-26T02:58:45+00:00\",\"mainEntityOfPage\":{\"@id\":\"https:\\\/\\\/noticiasmercedinas.com\\\/site\\\/2022\\\/12\\\/25\\\/se-realizo-el-tradicional-brindis-con-instituciones-con-los-mejores-deseos-para-2023\\\/\"},\"wordCount\":287,\"commentCount\":0,\"publisher\":{\"@id\":\"https:\\\/\\\/noticiasmercedinas.com\\\/site\\\/#organization\"},\"image\":{\"@id\":\"https:\\\/\\\/noticiasmercedinas.com\\\/site\\\/2022\\\/12\\\/25\\\/se-realizo-el-tradicional-brindis-con-instituciones-con-los-mejores-deseos-para-2023\\\/#primaryimage\"},\"thumbnailUrl\":\"https:\\\/\\\/noticiasmercedinas.com\\\/site\\\/wp-content\\\/uploads\\\/2022\\\/12\\\/SJA_6696.jpg\",\"keywords\":[\"brindis\",\"instituciones\"],\"articleSection\":[\"Sociedad\"],\"inLanguage\":\"es\",\"potentialAction\":[{\"@type\":\"CommentAction\",\"name\":\"Comment\",\"target\":[\"https:\\\/\\\/noticiasmercedinas.com\\\/site\\\/2022\\\/12\\\/25\\\/se-realizo-el-tradicional-brindis-con-instituciones-con-los-mejores-deseos-para-2023\\\/#respond\"]}]},{\"@type\":\"WebPage\",\"@id\":\"https:\\\/\\\/noticiasmercedinas.com\\\/site\\\/2022\\\/12\\\/25\\\/se-realizo-el-tradicional-brindis-con-instituciones-con-los-mejores-deseos-para-2023\\\/\",\"url\":\"https:\\\/\\\/noticiasmercedinas.com\\\/site\\\/2022\\\/12\\\/25\\\/se-realizo-el-tradicional-brindis-con-instituciones-con-los-mejores-deseos-para-2023\\\/\",\"name\":\"Se realiz\u00f3 brindis con instituciones con los mejores deseos para 2023\",\"isPartOf\":{\"@id\":\"https:\\\/\\\/noticiasmercedinas.com\\\/site\\\/#website\"},\"primaryImageOfPage\":{\"@id\":\"https:\\\/\\\/noticiasmercedinas.com\\\/site\\\/2022\\\/12\\\/25\\\/se-realizo-el-tradicional-brindis-con-instituciones-con-los-mejores-deseos-para-2023\\\/#primaryimage\"},\"image\":{\"@id\":\"https:\\\/\\\/noticiasmercedinas.com\\\/site\\\/2022\\\/12\\\/25\\\/se-realizo-el-tradicional-brindis-con-instituciones-con-los-mejores-deseos-para-2023\\\/#primaryimage\"},\"thumbnailUrl\":\"https:\\\/\\\/noticiasmercedinas.com\\\/site\\\/wp-content\\\/uploads\\\/2022\\\/12\\\/SJA_6696.jpg\",\"datePublished\":\"2022-12-26T02:57:47+00:00\",\"dateModified\":\"2022-12-26T02:58:45+00:00\",\"breadcrumb\":{\"@id\":\"https:\\\/\\\/noticiasmercedinas.com\\\/site\\\/2022\\\/12\\\/25\\\/se-realizo-el-tradicional-brindis-con-instituciones-con-los-mejores-deseos-para-2023\\\/#breadcrumb\"},\"inLanguage\":\"es\",\"potentialAction\":[{\"@type\":\"ReadAction\",\"target\":[\"https:\\\/\\\/noticiasmercedinas.com\\\/site\\\/2022\\\/12\\\/25\\\/se-realizo-el-tradicional-brindis-con-instituciones-con-los-mejores-deseos-para-2023\\\/\"]}]},{\"@type\":\"ImageObject\",\"inLanguage\":\"es\",\"@id\":\"https:\\\/\\\/noticiasmercedinas.com\\\/site\\\/2022\\\/12\\\/25\\\/se-realizo-el-tradicional-brindis-con-instituciones-con-los-mejores-deseos-para-2023\\\/#primaryimage\",\"url\":\"https:\\\/\\\/noticiasmercedinas.com\\\/site\\\/wp-content\\\/uploads\\\/2022\\\/12\\\/SJA_6696.jpg\",\"contentUrl\":\"https:\\\/\\\/noticiasmercedinas.com\\\/site\\\/wp-content\\\/uploads\\\/2022\\\/12\\\/SJA_6696.jpg\",\"width\":922,\"height\":615},{\"@type\":\"BreadcrumbList\",\"@id\":\"https:\\\/\\\/noticiasmercedinas.com\\\/site\\\/2022\\\/12\\\/25\\\/se-realizo-el-tradicional-brindis-con-instituciones-con-los-mejores-deseos-para-2023\\\/#breadcrumb\",\"itemListElement\":[{\"@type\":\"ListItem\",\"position\":1,\"name\":\"Portada\",\"item\":\"https:\\\/\\\/noticiasmercedinas.com\\\/site\\\/\"},{\"@type\":\"ListItem\",\"position\":2,\"name\":\"Se realiz\u00f3 brindis con instituciones con los mejores deseos para 2023\"}]},{\"@type\":\"WebSite\",\"@id\":\"https:\\\/\\\/noticiasmercedinas.com\\\/site\\\/#website\",\"url\":\"https:\\\/\\\/noticiasmercedinas.com\\\/site\\\/\",\"name\":\"NOTICIASMERCEDINAS.COM\",\"description\":\"Mercedes, Buenos Aires, Argentina\",\"publisher\":{\"@id\":\"https:\\\/\\\/noticiasmercedinas.com\\\/site\\\/#organization\"},\"potentialAction\":[{\"@type\":\"SearchAction\",\"target\":{\"@type\":\"EntryPoint\",\"urlTemplate\":\"https:\\\/\\\/noticiasmercedinas.com\\\/site\\\/?s={search_term_string}\"},\"query-input\":{\"@type\":\"PropertyValueSpecification\",\"valueRequired\":true,\"valueName\":\"search_term_string\"}}],\"inLanguage\":\"es\"},{\"@type\":\"Organization\",\"@id\":\"https:\\\/\\\/noticiasmercedinas.com\\\/site\\\/#organization\",\"name\":\"NOTICIASMERCEDINAS.COM\",\"url\":\"https:\\\/\\\/noticiasmercedinas.com\\\/site\\\/\",\"logo\":{\"@type\":\"ImageObject\",\"inLanguage\":\"es\",\"@id\":\"https:\\\/\\\/noticiasmercedinas.com\\\/site\\\/#\\\/schema\\\/logo\\\/image\\\/\",\"url\":\"https:\\\/\\\/noticiasmercedinas.com\\\/site\\\/wp-content\\\/uploads\\\/2020\\\/06\\\/LOGO-512.jpg\",\"contentUrl\":\"https:\\\/\\\/noticiasmercedinas.com\\\/site\\\/wp-content\\\/uploads\\\/2020\\\/06\\\/LOGO-512.jpg\",\"width\":512,\"height\":512,\"caption\":\"NOTICIASMERCEDINAS.COM\"},\"image\":{\"@id\":\"https:\\\/\\\/noticiasmercedinas.com\\\/site\\\/#\\\/schema\\\/logo\\\/image\\\/\"},\"sameAs\":[\"https:\\\/\\\/www.facebook.com\\\/noticiasmercedinas\\\/\",\"https:\\\/\\\/x.com\\\/notmercedinas\",\"https:\\\/\\\/www.instagram.com\\\/noticiasmercedinas\\\/\"]},{\"@type\":\"Person\",\"@id\":\"https:\\\/\\\/noticiasmercedinas.com\\\/site\\\/#\\\/schema\\\/person\\\/84b59c099c28ff2e8b77d4ceec5d8063\",\"name\":\"NOTICIASMERCEDINAS.COM\",\"image\":{\"@type\":\"ImageObject\",\"inLanguage\":\"es\",\"@id\":\"https:\\\/\\\/secure.gravatar.com\\\/avatar\\\/4dfbf16b4d17945bfb6341b2d19043457132fcf478a5ee04f42e959fd8f5df0a?s=96&d=mm&r=g\",\"url\":\"https:\\\/\\\/secure.gravatar.com\\\/avatar\\\/4dfbf16b4d17945bfb6341b2d19043457132fcf478a5ee04f42e959fd8f5df0a?s=96&d=mm&r=g\",\"contentUrl\":\"https:\\\/\\\/secure.gravatar.com\\\/avatar\\\/4dfbf16b4d17945bfb6341b2d19043457132fcf478a5ee04f42e959fd8f5df0a?s=96&d=mm&r=g\",\"caption\":\"NOTICIASMERCEDINAS.COM\"},\"url\":\"https:\\\/\\\/noticiasmercedinas.com\\\/site\\\/author\\\/anonimo\\\/\"}]}<\/script>\n<!-- \/ Yoast SEO plugin. -->","yoast_head_json":{"title":"Se realiz\u00f3 brindis con instituciones con los mejores deseos para 2023","robots":{"index":"index","follow":"follow","max-snippet":"max-snippet:-1","max-image-preview":"max-image-preview:large","max-video-preview":"max-video-preview:-1"},"canonical":"https:\/\/noticiasmercedinas.com\/site\/2022\/12\/25\/se-realizo-el-tradicional-brindis-con-instituciones-con-los-mejores-deseos-para-2023\/","og_locale":"es_ES","og_type":"article","og_title":"Se realiz\u00f3 brindis con instituciones con los mejores deseos para 2023","og_description":"\u25a0 Estuvo encabezado por el intendente Juani Ustarroz y cont\u00f3 con referentes de todos los \u00e1mbitos. \u201cLa ciudad crece y se desarrolla con una mirada de futuro y en eso ustedes tienen much\u00edsimo que ver\u201d manifest\u00f3 el intendente","og_url":"https:\/\/noticiasmercedinas.com\/site\/2022\/12\/25\/se-realizo-el-tradicional-brindis-con-instituciones-con-los-mejores-deseos-para-2023\/","og_site_name":"NOTICIASMERCEDINAS.COM","article_publisher":"https:\/\/www.facebook.com\/noticiasmercedinas\/","article_published_time":"2022-12-26T02:57:47+00:00","article_modified_time":"2022-12-26T02:58:45+00:00","og_image":[{"width":922,"height":615,"url":"https:\/\/noticiasmercedinas.com\/site\/wp-content\/uploads\/2022\/12\/SJA_6696.jpg","type":"image\/jpeg"}],"author":"NOTICIASMERCEDINAS.COM","twitter_card":"summary_large_image","twitter_creator":"@notmercedinas","twitter_site":"@notmercedinas","twitter_misc":{"Escrito por":"NOTICIASMERCEDINAS.COM","Tiempo de lectura":"2 minutos"},"schema":{"@context":"https:\/\/schema.org","@graph":[{"@type":"Article","@id":"https:\/\/noticiasmercedinas.com\/site\/2022\/12\/25\/se-realizo-el-tradicional-brindis-con-instituciones-con-los-mejores-deseos-para-2023\/#article","isPartOf":{"@id":"https:\/\/noticiasmercedinas.com\/site\/2022\/12\/25\/se-realizo-el-tradicional-brindis-con-instituciones-con-los-mejores-deseos-para-2023\/"},"author":{"name":"NOTICIASMERCEDINAS.COM","@id":"https:\/\/noticiasmercedinas.com\/site\/#\/schema\/person\/84b59c099c28ff2e8b77d4ceec5d8063"},"headline":"Se realiz\u00f3 brindis con instituciones con los mejores deseos para 2023","datePublished":"2022-12-26T02:57:47+00:00","dateModified":"2022-12-26T02:58:45+00:00","mainEntityOfPage":{"@id":"https:\/\/noticiasmercedinas.com\/site\/2022\/12\/25\/se-realizo-el-tradicional-brindis-con-instituciones-con-los-mejores-deseos-para-2023\/"},"wordCount":287,"commentCount":0,"publisher":{"@id":"https:\/\/noticiasmercedinas.com\/site\/#organization"},"image":{"@id":"https:\/\/noticiasmercedinas.com\/site\/2022\/12\/25\/se-realizo-el-tradicional-brindis-con-instituciones-con-los-mejores-deseos-para-2023\/#primaryimage"},"thumbnailUrl":"https:\/\/noticiasmercedinas.com\/site\/wp-content\/uploads\/2022\/12\/SJA_6696.jpg","keywords":["brindis","instituciones"],"articleSection":["Sociedad"],"inLanguage":"es","potentialAction":[{"@type":"CommentAction","name":"Comment","target":["https:\/\/noticiasmercedinas.com\/site\/2022\/12\/25\/se-realizo-el-tradicional-brindis-con-instituciones-con-los-mejores-deseos-para-2023\/#respond"]}]},{"@type":"WebPage","@id":"https:\/\/noticiasmercedinas.com\/site\/2022\/12\/25\/se-realizo-el-tradicional-brindis-con-instituciones-con-los-mejores-deseos-para-2023\/","url":"https:\/\/noticiasmercedinas.com\/site\/2022\/12\/25\/se-realizo-el-tradicional-brindis-con-instituciones-con-los-mejores-deseos-para-2023\/","name":"Se realiz\u00f3 brindis con instituciones con los mejores deseos para 2023","isPartOf":{"@id":"https:\/\/noticiasmercedinas.com\/site\/#website"},"primaryImageOfPage":{"@id":"https:\/\/noticiasmercedinas.com\/site\/2022\/12\/25\/se-realizo-el-tradicional-brindis-con-instituciones-con-los-mejores-deseos-para-2023\/#primaryimage"},"image":{"@id":"https:\/\/noticiasmercedinas.com\/site\/2022\/12\/25\/se-realizo-el-tradicional-brindis-con-instituciones-con-los-mejores-deseos-para-2023\/#primaryimage"},"thumbnailUrl":"https:\/\/noticiasmercedinas.com\/site\/wp-content\/uploads\/2022\/12\/SJA_6696.jpg","datePublished":"2022-12-26T02:57:47+00:00","dateModified":"2022-12-26T02:58:45+00:00","breadcrumb":{"@id":"https:\/\/noticiasmercedinas.com\/site\/2022\/12\/25\/se-realizo-el-tradicional-brindis-con-instituciones-con-los-mejores-deseos-para-2023\/#breadcrumb"},"inLanguage":"es","potentialAction":[{"@type":"ReadAction","target":["https:\/\/noticiasmercedinas.com\/site\/2022\/12\/25\/se-realizo-el-tradicional-brindis-con-instituciones-con-los-mejores-deseos-para-2023\/"]}]},{"@type":"ImageObject","inLanguage":"es","@id":"https:\/\/noticiasmercedinas.com\/site\/2022\/12\/25\/se-realizo-el-tradicional-brindis-con-instituciones-con-los-mejores-deseos-para-2023\/#primaryimage","url":"https:\/\/noticiasmercedinas.com\/site\/wp-content\/uploads\/2022\/12\/SJA_6696.jpg","contentUrl":"https:\/\/noticiasmercedinas.com\/site\/wp-content\/uploads\/2022\/12\/SJA_6696.jpg","width":922,"height":615},{"@type":"BreadcrumbList","@id":"https:\/\/noticiasmercedinas.com\/site\/2022\/12\/25\/se-realizo-el-tradicional-brindis-con-instituciones-con-los-mejores-deseos-para-2023\/#breadcrumb","itemListElement":[{"@type":"ListItem","position":1,"name":"Portada","item":"https:\/\/noticiasmercedinas.com\/site\/"},{"@type":"ListItem","position":2,"name":"Se realiz\u00f3 brindis con instituciones con los mejores deseos para 2023"}]},{"@type":"WebSite","@id":"https:\/\/noticiasmercedinas.com\/site\/#website","url":"https:\/\/noticiasmercedinas.com\/site\/","name":"NOTICIASMERCEDINAS.COM","description":"Mercedes, Buenos Aires, Argentina","publisher":{"@id":"https:\/\/noticiasmercedinas.com\/site\/#organization"},"potentialAction":[{"@type":"SearchAction","target":{"@type":"EntryPoint","urlTemplate":"https:\/\/noticiasmercedinas.com\/site\/?s={search_term_string}"},"query-input":{"@type":"PropertyValueSpecification","valueRequired":true,"valueName":"search_term_string"}}],"inLanguage":"es"},{"@type":"Organization","@id":"https:\/\/noticiasmercedinas.com\/site\/#organization","name":"NOTICIASMERCEDINAS.COM","url":"https:\/\/noticiasmercedinas.com\/site\/","logo":{"@type":"ImageObject","inLanguage":"es","@id":"https:\/\/noticiasmercedinas.com\/site\/#\/schema\/logo\/image\/","url":"https:\/\/noticiasmercedinas.com\/site\/wp-content\/uploads\/2020\/06\/LOGO-512.jpg","contentUrl":"https:\/\/noticiasmercedinas.com\/site\/wp-content\/uploads\/2020\/06\/LOGO-512.jpg","width":512,"height":512,"caption":"NOTICIASMERCEDINAS.COM"},"image":{"@id":"https:\/\/noticiasmercedinas.com\/site\/#\/schema\/logo\/image\/"},"sameAs":["https:\/\/www.facebook.com\/noticiasmercedinas\/","https:\/\/x.com\/notmercedinas","https:\/\/www.instagram.com\/noticiasmercedinas\/"]},{"@type":"Person","@id":"https:\/\/noticiasmercedinas.com\/site\/#\/schema\/person\/84b59c099c28ff2e8b77d4ceec5d8063","name":"NOTICIASMERCEDINAS.COM","image":{"@type":"ImageObject","inLanguage":"es","@id":"https:\/\/secure.gravatar.com\/avatar\/4dfbf16b4d17945bfb6341b2d19043457132fcf478a5ee04f42e959fd8f5df0a?s=96&d=mm&r=g","url":"https:\/\/secure.gravatar.com\/avatar\/4dfbf16b4d17945bfb6341b2d19043457132fcf478a5ee04f42e959fd8f5df0a?s=96&d=mm&r=g","contentUrl":"https:\/\/secure.gravatar.com\/avatar\/4dfbf16b4d17945bfb6341b2d19043457132fcf478a5ee04f42e959fd8f5df0a?s=96&d=mm&r=g","caption":"NOTICIASMERCEDINAS.COM"},"url":"https:\/\/noticiasmercedinas.com\/site\/author\/anonimo\/"}]}},"amp_enabled":true,"_links":{"self":[{"href":"https:\/\/noticiasmercedinas.com\/site\/wp-json\/wp\/v2\/posts\/107047","targetHints":{"allow":["GET"]}}],"collection":[{"href":"https:\/\/noticiasmercedinas.com\/site\/wp-json\/wp\/v2\/posts"}],"about":[{"href":"https:\/\/noticiasmercedinas.com\/site\/wp-json\/wp\/v2\/types\/post"}],"author":[{"embeddable":true,"href":"https:\/\/noticiasmercedinas.com\/site\/wp-json\/wp\/v2\/users\/16"}],"replies":[{"embeddable":true,"href":"https:\/\/noticiasmercedinas.com\/site\/wp-json\/wp\/v2\/comments?post=107047"}],"version-history":[{"count":2,"href":"https:\/\/noticiasmercedinas.com\/site\/wp-json\/wp\/v2\/posts\/107047\/revisions"}],"predecessor-version":[{"id":107058,"href":"https:\/\/noticiasmercedinas.com\/site\/wp-json\/wp\/v2\/posts\/107047\/revisions\/107058"}],"wp:featuredmedia":[{"embeddable":true,"href":"https:\/\/noticiasmercedinas.com\/site\/wp-json\/wp\/v2\/media\/107049"}],"wp:attachment":[{"href":"https:\/\/noticiasmercedinas.com\/site\/wp-json\/wp\/v2\/media?parent=107047"}],"wp:term":[{"taxonomy":"category","embeddable":true,"href":"https:\/\/noticiasmercedinas.com\/site\/wp-json\/wp\/v2\/categories?post=107047"},{"taxonomy":"post_tag","embeddable":true,"href":"https:\/\/noticiasmercedinas.com\/site\/wp-json\/wp\/v2\/tags?post=107047"}],"curies":[{"name":"wp","href":"https:\/\/api.w.org\/{rel}","templated":true}]}}