{"id":107064,"date":"2022-12-26T09:48:50","date_gmt":"2022-12-26T12:48:50","guid":{"rendered":"https:\/\/noticiasmercedinas.com\/site\/?p=107064"},"modified":"2022-12-26T09:48:50","modified_gmt":"2022-12-26T12:48:50","slug":"los-da-skate-anuncian-su-primer-show-de-2023-en-la-ciudad-de-buenos-aires","status":"publish","type":"post","link":"https:\/\/noticiasmercedinas.com\/site\/2022\/12\/26\/los-da-skate-anuncian-su-primer-show-de-2023-en-la-ciudad-de-buenos-aires\/","title":{"rendered":"Los Da Skate anuncian su primer show de 2023 en la Ciudad de Buenos Aires"},"content":{"rendered":"<p><img loading=\"lazy\" decoding=\"async\" class=\"alignnone size-large wp-image-107066\" src=\"https:\/\/noticiasmercedinas.com\/site\/wp-content\/uploads\/2022\/12\/319515898_704227371097715_6578332953099765561_n-1024x683.jpg\" alt=\"\" width=\"640\" height=\"427\" srcset=\"https:\/\/noticiasmercedinas.com\/site\/wp-content\/uploads\/2022\/12\/319515898_704227371097715_6578332953099765561_n-1024x683.jpg 1024w, https:\/\/noticiasmercedinas.com\/site\/wp-content\/uploads\/2022\/12\/319515898_704227371097715_6578332953099765561_n-300x200.jpg 300w, https:\/\/noticiasmercedinas.com\/site\/wp-content\/uploads\/2022\/12\/319515898_704227371097715_6578332953099765561_n-768x512.jpg 768w, https:\/\/noticiasmercedinas.com\/site\/wp-content\/uploads\/2022\/12\/319515898_704227371097715_6578332953099765561_n-640x427.jpg 640w, https:\/\/noticiasmercedinas.com\/site\/wp-content\/uploads\/2022\/12\/319515898_704227371097715_6578332953099765561_n-681x454.jpg 681w, https:\/\/noticiasmercedinas.com\/site\/wp-content\/uploads\/2022\/12\/319515898_704227371097715_6578332953099765561_n.jpg 1066w\" sizes=\"auto, (max-width: 640px) 100vw, 640px\" \/><\/p>\n<p>Los Da Skate tocan en Sal\u00f3n Pueyrred\u00f3n en el mes de enero y ya anuncian su show, dado que las entradas est\u00e1n a la venta de manera anticipada.<\/p>\n<p>El 2023 arranca con todo para la banda comandada por Leandro Flores tras un 2022 m\u00e1s que importante que incluy\u00f3 giras y shows por doquier en distintos escenarios de la Argentina y el exterior.<\/p>\n<p>En esta oportunidad invitan a ser parte de su nuevo show en Sal\u00f3n Pueyrred\u00f3n, donde se presentar\u00e1n junto a los amigos de Squatters y 9 D\u00edas para Incendiarlo Todo, en lo que ser\u00e1 el primer recital del a\u00f1o en la Ciudad Aut\u00f3noma de Buenos Aires.<\/p>\n<p>Las <a href=\"https:\/\/alpogo.com\/evento\/da-skate-en-salon-pueyrredon-9474\">entradas ya est\u00e1n a la venta en Alpogo.com<\/a> para el show que ser\u00e1 el s\u00e1bado 21 de enero a las 19:00 en Sal\u00f3n Pueyrred\u00f3n, de Avenida Santa Fe 4560.<\/p>\n<p>El show en CABA no ser\u00e1 el primero de la banda en 2023 ya que previamente actuar\u00e1n en Santiago de Chile.<\/p>\n<p><img loading=\"lazy\" decoding=\"async\" class=\"alignnone size-full wp-image-107065\" src=\"https:\/\/noticiasmercedinas.com\/site\/wp-content\/uploads\/2022\/12\/312565034_6298769857307_9054996557581957070_n.jpg\" alt=\"\" width=\"526\" height=\"526\" srcset=\"https:\/\/noticiasmercedinas.com\/site\/wp-content\/uploads\/2022\/12\/312565034_6298769857307_9054996557581957070_n.jpg 526w, https:\/\/noticiasmercedinas.com\/site\/wp-content\/uploads\/2022\/12\/312565034_6298769857307_9054996557581957070_n-300x300.jpg 300w, https:\/\/noticiasmercedinas.com\/site\/wp-content\/uploads\/2022\/12\/312565034_6298769857307_9054996557581957070_n-150x150.jpg 150w\" sizes=\"auto, (max-width: 526px) 100vw, 526px\" \/><\/p>\n<p>&nbsp;<\/p>\n","protected":false},"excerpt":{"rendered":"<p>\u25a0 Las entradas ya est\u00e1n a la venta para el recital, que ser\u00e1 el s\u00e1bado 21 de enero a las 19:00 en Sal\u00f3n Pueyrred\u00f3n, de Avenida Santa Fe 4560. Ser\u00e1 tras su presentaci\u00f3n en Chile<\/p>\n","protected":false},"author":16,"featured_media":107066,"comment_status":"open","ping_status":"open","sticky":false,"template":"","format":"standard","meta":{"footnotes":""},"categories":[4],"tags":[6924,2229,2230,2232,15986],"class_list":["post-107064","post","type-post","status-publish","format-standard","has-post-thumbnail","hentry","category-cultura","tag-caba","tag-da-skate","tag-hardcore","tag-leandro-flores","tag-salon-pueyrredon"],"yoast_head":"<!-- This site is optimized with the Yoast SEO plugin v27.5 - https:\/\/yoast.com\/product\/yoast-seo-wordpress\/ -->\n<title>Los Da Skate anuncian su primer show de 2023 en la Ciudad de Buenos Aires<\/title>\n<meta name=\"robots\" content=\"index, follow, max-snippet:-1, max-image-preview:large, max-video-preview:-1\" \/>\n<link rel=\"canonical\" href=\"https:\/\/noticiasmercedinas.com\/site\/2022\/12\/26\/los-da-skate-anuncian-su-primer-show-de-2023-en-la-ciudad-de-buenos-aires\/\" \/>\n<meta property=\"og:locale\" content=\"es_ES\" \/>\n<meta property=\"og:type\" content=\"article\" \/>\n<meta property=\"og:title\" content=\"Los Da Skate anuncian su primer show de 2023 en la Ciudad de Buenos Aires\" \/>\n<meta property=\"og:description\" content=\"\u25a0 Las entradas ya est\u00e1n a la venta para el recital, que ser\u00e1 el s\u00e1bado 21 de enero a las 19:00 en Sal\u00f3n Pueyrred\u00f3n, de Avenida Santa Fe 4560. Ser\u00e1 tras su presentaci\u00f3n en Chile\" \/>\n<meta property=\"og:url\" content=\"https:\/\/noticiasmercedinas.com\/site\/2022\/12\/26\/los-da-skate-anuncian-su-primer-show-de-2023-en-la-ciudad-de-buenos-aires\/\" \/>\n<meta property=\"og:site_name\" content=\"NOTICIASMERCEDINAS.COM\" \/>\n<meta property=\"article:publisher\" content=\"https:\/\/www.facebook.com\/noticiasmercedinas\/\" \/>\n<meta property=\"article:published_time\" content=\"2022-12-26T12:48:50+00:00\" \/>\n<meta property=\"og:image\" content=\"https:\/\/noticiasmercedinas.com\/site\/wp-content\/uploads\/2022\/12\/319515898_704227371097715_6578332953099765561_n.jpg\" \/>\n\t<meta property=\"og:image:width\" content=\"1066\" \/>\n\t<meta property=\"og:image:height\" content=\"711\" \/>\n\t<meta property=\"og:image:type\" content=\"image\/jpeg\" \/>\n<meta name=\"author\" content=\"NOTICIASMERCEDINAS.COM\" \/>\n<meta name=\"twitter:card\" content=\"summary_large_image\" \/>\n<meta name=\"twitter:creator\" content=\"@notmercedinas\" \/>\n<meta name=\"twitter:site\" content=\"@notmercedinas\" \/>\n<meta name=\"twitter:label1\" content=\"Escrito por\" \/>\n\t<meta name=\"twitter:data1\" content=\"NOTICIASMERCEDINAS.COM\" \/>\n\t<meta name=\"twitter:label2\" content=\"Tiempo de lectura\" \/>\n\t<meta name=\"twitter:data2\" content=\"2 minutos\" \/>\n<script type=\"application\/ld+json\" class=\"yoast-schema-graph\">{\"@context\":\"https:\\\/\\\/schema.org\",\"@graph\":[{\"@type\":\"Article\",\"@id\":\"https:\\\/\\\/noticiasmercedinas.com\\\/site\\\/2022\\\/12\\\/26\\\/los-da-skate-anuncian-su-primer-show-de-2023-en-la-ciudad-de-buenos-aires\\\/#article\",\"isPartOf\":{\"@id\":\"https:\\\/\\\/noticiasmercedinas.com\\\/site\\\/2022\\\/12\\\/26\\\/los-da-skate-anuncian-su-primer-show-de-2023-en-la-ciudad-de-buenos-aires\\\/\"},\"author\":{\"name\":\"NOTICIASMERCEDINAS.COM\",\"@id\":\"https:\\\/\\\/noticiasmercedinas.com\\\/site\\\/#\\\/schema\\\/person\\\/84b59c099c28ff2e8b77d4ceec5d8063\"},\"headline\":\"Los Da Skate anuncian su primer show de 2023 en la Ciudad de Buenos Aires\",\"datePublished\":\"2022-12-26T12:48:50+00:00\",\"mainEntityOfPage\":{\"@id\":\"https:\\\/\\\/noticiasmercedinas.com\\\/site\\\/2022\\\/12\\\/26\\\/los-da-skate-anuncian-su-primer-show-de-2023-en-la-ciudad-de-buenos-aires\\\/\"},\"wordCount\":182,\"commentCount\":0,\"publisher\":{\"@id\":\"https:\\\/\\\/noticiasmercedinas.com\\\/site\\\/#organization\"},\"image\":{\"@id\":\"https:\\\/\\\/noticiasmercedinas.com\\\/site\\\/2022\\\/12\\\/26\\\/los-da-skate-anuncian-su-primer-show-de-2023-en-la-ciudad-de-buenos-aires\\\/#primaryimage\"},\"thumbnailUrl\":\"https:\\\/\\\/noticiasmercedinas.com\\\/site\\\/wp-content\\\/uploads\\\/2022\\\/12\\\/319515898_704227371097715_6578332953099765561_n.jpg\",\"keywords\":[\"caba\",\"da skate\",\"hardcore\",\"Leandro Flores\",\"salon pueyrredon\"],\"articleSection\":[\"Cultura\"],\"inLanguage\":\"es\",\"potentialAction\":[{\"@type\":\"CommentAction\",\"name\":\"Comment\",\"target\":[\"https:\\\/\\\/noticiasmercedinas.com\\\/site\\\/2022\\\/12\\\/26\\\/los-da-skate-anuncian-su-primer-show-de-2023-en-la-ciudad-de-buenos-aires\\\/#respond\"]}]},{\"@type\":\"WebPage\",\"@id\":\"https:\\\/\\\/noticiasmercedinas.com\\\/site\\\/2022\\\/12\\\/26\\\/los-da-skate-anuncian-su-primer-show-de-2023-en-la-ciudad-de-buenos-aires\\\/\",\"url\":\"https:\\\/\\\/noticiasmercedinas.com\\\/site\\\/2022\\\/12\\\/26\\\/los-da-skate-anuncian-su-primer-show-de-2023-en-la-ciudad-de-buenos-aires\\\/\",\"name\":\"Los Da Skate anuncian su primer show de 2023 en la Ciudad de Buenos Aires\",\"isPartOf\":{\"@id\":\"https:\\\/\\\/noticiasmercedinas.com\\\/site\\\/#website\"},\"primaryImageOfPage\":{\"@id\":\"https:\\\/\\\/noticiasmercedinas.com\\\/site\\\/2022\\\/12\\\/26\\\/los-da-skate-anuncian-su-primer-show-de-2023-en-la-ciudad-de-buenos-aires\\\/#primaryimage\"},\"image\":{\"@id\":\"https:\\\/\\\/noticiasmercedinas.com\\\/site\\\/2022\\\/12\\\/26\\\/los-da-skate-anuncian-su-primer-show-de-2023-en-la-ciudad-de-buenos-aires\\\/#primaryimage\"},\"thumbnailUrl\":\"https:\\\/\\\/noticiasmercedinas.com\\\/site\\\/wp-content\\\/uploads\\\/2022\\\/12\\\/319515898_704227371097715_6578332953099765561_n.jpg\",\"datePublished\":\"2022-12-26T12:48:50+00:00\",\"breadcrumb\":{\"@id\":\"https:\\\/\\\/noticiasmercedinas.com\\\/site\\\/2022\\\/12\\\/26\\\/los-da-skate-anuncian-su-primer-show-de-2023-en-la-ciudad-de-buenos-aires\\\/#breadcrumb\"},\"inLanguage\":\"es\",\"potentialAction\":[{\"@type\":\"ReadAction\",\"target\":[\"https:\\\/\\\/noticiasmercedinas.com\\\/site\\\/2022\\\/12\\\/26\\\/los-da-skate-anuncian-su-primer-show-de-2023-en-la-ciudad-de-buenos-aires\\\/\"]}]},{\"@type\":\"ImageObject\",\"inLanguage\":\"es\",\"@id\":\"https:\\\/\\\/noticiasmercedinas.com\\\/site\\\/2022\\\/12\\\/26\\\/los-da-skate-anuncian-su-primer-show-de-2023-en-la-ciudad-de-buenos-aires\\\/#primaryimage\",\"url\":\"https:\\\/\\\/noticiasmercedinas.com\\\/site\\\/wp-content\\\/uploads\\\/2022\\\/12\\\/319515898_704227371097715_6578332953099765561_n.jpg\",\"contentUrl\":\"https:\\\/\\\/noticiasmercedinas.com\\\/site\\\/wp-content\\\/uploads\\\/2022\\\/12\\\/319515898_704227371097715_6578332953099765561_n.jpg\",\"width\":1066,\"height\":711},{\"@type\":\"BreadcrumbList\",\"@id\":\"https:\\\/\\\/noticiasmercedinas.com\\\/site\\\/2022\\\/12\\\/26\\\/los-da-skate-anuncian-su-primer-show-de-2023-en-la-ciudad-de-buenos-aires\\\/#breadcrumb\",\"itemListElement\":[{\"@type\":\"ListItem\",\"position\":1,\"name\":\"Portada\",\"item\":\"https:\\\/\\\/noticiasmercedinas.com\\\/site\\\/\"},{\"@type\":\"ListItem\",\"position\":2,\"name\":\"Los Da Skate anuncian su primer show de 2023 en la Ciudad de Buenos Aires\"}]},{\"@type\":\"WebSite\",\"@id\":\"https:\\\/\\\/noticiasmercedinas.com\\\/site\\\/#website\",\"url\":\"https:\\\/\\\/noticiasmercedinas.com\\\/site\\\/\",\"name\":\"NOTICIASMERCEDINAS.COM\",\"description\":\"Mercedes, Buenos Aires, Argentina\",\"publisher\":{\"@id\":\"https:\\\/\\\/noticiasmercedinas.com\\\/site\\\/#organization\"},\"potentialAction\":[{\"@type\":\"SearchAction\",\"target\":{\"@type\":\"EntryPoint\",\"urlTemplate\":\"https:\\\/\\\/noticiasmercedinas.com\\\/site\\\/?s={search_term_string}\"},\"query-input\":{\"@type\":\"PropertyValueSpecification\",\"valueRequired\":true,\"valueName\":\"search_term_string\"}}],\"inLanguage\":\"es\"},{\"@type\":\"Organization\",\"@id\":\"https:\\\/\\\/noticiasmercedinas.com\\\/site\\\/#organization\",\"name\":\"NOTICIASMERCEDINAS.COM\",\"url\":\"https:\\\/\\\/noticiasmercedinas.com\\\/site\\\/\",\"logo\":{\"@type\":\"ImageObject\",\"inLanguage\":\"es\",\"@id\":\"https:\\\/\\\/noticiasmercedinas.com\\\/site\\\/#\\\/schema\\\/logo\\\/image\\\/\",\"url\":\"https:\\\/\\\/noticiasmercedinas.com\\\/site\\\/wp-content\\\/uploads\\\/2020\\\/06\\\/LOGO-512.jpg\",\"contentUrl\":\"https:\\\/\\\/noticiasmercedinas.com\\\/site\\\/wp-content\\\/uploads\\\/2020\\\/06\\\/LOGO-512.jpg\",\"width\":512,\"height\":512,\"caption\":\"NOTICIASMERCEDINAS.COM\"},\"image\":{\"@id\":\"https:\\\/\\\/noticiasmercedinas.com\\\/site\\\/#\\\/schema\\\/logo\\\/image\\\/\"},\"sameAs\":[\"https:\\\/\\\/www.facebook.com\\\/noticiasmercedinas\\\/\",\"https:\\\/\\\/x.com\\\/notmercedinas\",\"https:\\\/\\\/www.instagram.com\\\/noticiasmercedinas\\\/\"]},{\"@type\":\"Person\",\"@id\":\"https:\\\/\\\/noticiasmercedinas.com\\\/site\\\/#\\\/schema\\\/person\\\/84b59c099c28ff2e8b77d4ceec5d8063\",\"name\":\"NOTICIASMERCEDINAS.COM\",\"image\":{\"@type\":\"ImageObject\",\"inLanguage\":\"es\",\"@id\":\"https:\\\/\\\/secure.gravatar.com\\\/avatar\\\/4dfbf16b4d17945bfb6341b2d19043457132fcf478a5ee04f42e959fd8f5df0a?s=96&d=mm&r=g\",\"url\":\"https:\\\/\\\/secure.gravatar.com\\\/avatar\\\/4dfbf16b4d17945bfb6341b2d19043457132fcf478a5ee04f42e959fd8f5df0a?s=96&d=mm&r=g\",\"contentUrl\":\"https:\\\/\\\/secure.gravatar.com\\\/avatar\\\/4dfbf16b4d17945bfb6341b2d19043457132fcf478a5ee04f42e959fd8f5df0a?s=96&d=mm&r=g\",\"caption\":\"NOTICIASMERCEDINAS.COM\"},\"url\":\"https:\\\/\\\/noticiasmercedinas.com\\\/site\\\/author\\\/anonimo\\\/\"}]}<\/script>\n<!-- \/ Yoast SEO plugin. -->","yoast_head_json":{"title":"Los Da Skate anuncian su primer show de 2023 en la Ciudad de Buenos Aires","robots":{"index":"index","follow":"follow","max-snippet":"max-snippet:-1","max-image-preview":"max-image-preview:large","max-video-preview":"max-video-preview:-1"},"canonical":"https:\/\/noticiasmercedinas.com\/site\/2022\/12\/26\/los-da-skate-anuncian-su-primer-show-de-2023-en-la-ciudad-de-buenos-aires\/","og_locale":"es_ES","og_type":"article","og_title":"Los Da Skate anuncian su primer show de 2023 en la Ciudad de Buenos Aires","og_description":"\u25a0 Las entradas ya est\u00e1n a la venta para el recital, que ser\u00e1 el s\u00e1bado 21 de enero a las 19:00 en Sal\u00f3n Pueyrred\u00f3n, de Avenida Santa Fe 4560. Ser\u00e1 tras su presentaci\u00f3n en Chile","og_url":"https:\/\/noticiasmercedinas.com\/site\/2022\/12\/26\/los-da-skate-anuncian-su-primer-show-de-2023-en-la-ciudad-de-buenos-aires\/","og_site_name":"NOTICIASMERCEDINAS.COM","article_publisher":"https:\/\/www.facebook.com\/noticiasmercedinas\/","article_published_time":"2022-12-26T12:48:50+00:00","og_image":[{"width":1066,"height":711,"url":"https:\/\/noticiasmercedinas.com\/site\/wp-content\/uploads\/2022\/12\/319515898_704227371097715_6578332953099765561_n.jpg","type":"image\/jpeg"}],"author":"NOTICIASMERCEDINAS.COM","twitter_card":"summary_large_image","twitter_creator":"@notmercedinas","twitter_site":"@notmercedinas","twitter_misc":{"Escrito por":"NOTICIASMERCEDINAS.COM","Tiempo de lectura":"2 minutos"},"schema":{"@context":"https:\/\/schema.org","@graph":[{"@type":"Article","@id":"https:\/\/noticiasmercedinas.com\/site\/2022\/12\/26\/los-da-skate-anuncian-su-primer-show-de-2023-en-la-ciudad-de-buenos-aires\/#article","isPartOf":{"@id":"https:\/\/noticiasmercedinas.com\/site\/2022\/12\/26\/los-da-skate-anuncian-su-primer-show-de-2023-en-la-ciudad-de-buenos-aires\/"},"author":{"name":"NOTICIASMERCEDINAS.COM","@id":"https:\/\/noticiasmercedinas.com\/site\/#\/schema\/person\/84b59c099c28ff2e8b77d4ceec5d8063"},"headline":"Los Da Skate anuncian su primer show de 2023 en la Ciudad de Buenos Aires","datePublished":"2022-12-26T12:48:50+00:00","mainEntityOfPage":{"@id":"https:\/\/noticiasmercedinas.com\/site\/2022\/12\/26\/los-da-skate-anuncian-su-primer-show-de-2023-en-la-ciudad-de-buenos-aires\/"},"wordCount":182,"commentCount":0,"publisher":{"@id":"https:\/\/noticiasmercedinas.com\/site\/#organization"},"image":{"@id":"https:\/\/noticiasmercedinas.com\/site\/2022\/12\/26\/los-da-skate-anuncian-su-primer-show-de-2023-en-la-ciudad-de-buenos-aires\/#primaryimage"},"thumbnailUrl":"https:\/\/noticiasmercedinas.com\/site\/wp-content\/uploads\/2022\/12\/319515898_704227371097715_6578332953099765561_n.jpg","keywords":["caba","da skate","hardcore","Leandro Flores","salon pueyrredon"],"articleSection":["Cultura"],"inLanguage":"es","potentialAction":[{"@type":"CommentAction","name":"Comment","target":["https:\/\/noticiasmercedinas.com\/site\/2022\/12\/26\/los-da-skate-anuncian-su-primer-show-de-2023-en-la-ciudad-de-buenos-aires\/#respond"]}]},{"@type":"WebPage","@id":"https:\/\/noticiasmercedinas.com\/site\/2022\/12\/26\/los-da-skate-anuncian-su-primer-show-de-2023-en-la-ciudad-de-buenos-aires\/","url":"https:\/\/noticiasmercedinas.com\/site\/2022\/12\/26\/los-da-skate-anuncian-su-primer-show-de-2023-en-la-ciudad-de-buenos-aires\/","name":"Los Da Skate anuncian su primer show de 2023 en la Ciudad de Buenos Aires","isPartOf":{"@id":"https:\/\/noticiasmercedinas.com\/site\/#website"},"primaryImageOfPage":{"@id":"https:\/\/noticiasmercedinas.com\/site\/2022\/12\/26\/los-da-skate-anuncian-su-primer-show-de-2023-en-la-ciudad-de-buenos-aires\/#primaryimage"},"image":{"@id":"https:\/\/noticiasmercedinas.com\/site\/2022\/12\/26\/los-da-skate-anuncian-su-primer-show-de-2023-en-la-ciudad-de-buenos-aires\/#primaryimage"},"thumbnailUrl":"https:\/\/noticiasmercedinas.com\/site\/wp-content\/uploads\/2022\/12\/319515898_704227371097715_6578332953099765561_n.jpg","datePublished":"2022-12-26T12:48:50+00:00","breadcrumb":{"@id":"https:\/\/noticiasmercedinas.com\/site\/2022\/12\/26\/los-da-skate-anuncian-su-primer-show-de-2023-en-la-ciudad-de-buenos-aires\/#breadcrumb"},"inLanguage":"es","potentialAction":[{"@type":"ReadAction","target":["https:\/\/noticiasmercedinas.com\/site\/2022\/12\/26\/los-da-skate-anuncian-su-primer-show-de-2023-en-la-ciudad-de-buenos-aires\/"]}]},{"@type":"ImageObject","inLanguage":"es","@id":"https:\/\/noticiasmercedinas.com\/site\/2022\/12\/26\/los-da-skate-anuncian-su-primer-show-de-2023-en-la-ciudad-de-buenos-aires\/#primaryimage","url":"https:\/\/noticiasmercedinas.com\/site\/wp-content\/uploads\/2022\/12\/319515898_704227371097715_6578332953099765561_n.jpg","contentUrl":"https:\/\/noticiasmercedinas.com\/site\/wp-content\/uploads\/2022\/12\/319515898_704227371097715_6578332953099765561_n.jpg","width":1066,"height":711},{"@type":"BreadcrumbList","@id":"https:\/\/noticiasmercedinas.com\/site\/2022\/12\/26\/los-da-skate-anuncian-su-primer-show-de-2023-en-la-ciudad-de-buenos-aires\/#breadcrumb","itemListElement":[{"@type":"ListItem","position":1,"name":"Portada","item":"https:\/\/noticiasmercedinas.com\/site\/"},{"@type":"ListItem","position":2,"name":"Los Da Skate anuncian su primer show de 2023 en la Ciudad de Buenos Aires"}]},{"@type":"WebSite","@id":"https:\/\/noticiasmercedinas.com\/site\/#website","url":"https:\/\/noticiasmercedinas.com\/site\/","name":"NOTICIASMERCEDINAS.COM","description":"Mercedes, Buenos Aires, Argentina","publisher":{"@id":"https:\/\/noticiasmercedinas.com\/site\/#organization"},"potentialAction":[{"@type":"SearchAction","target":{"@type":"EntryPoint","urlTemplate":"https:\/\/noticiasmercedinas.com\/site\/?s={search_term_string}"},"query-input":{"@type":"PropertyValueSpecification","valueRequired":true,"valueName":"search_term_string"}}],"inLanguage":"es"},{"@type":"Organization","@id":"https:\/\/noticiasmercedinas.com\/site\/#organization","name":"NOTICIASMERCEDINAS.COM","url":"https:\/\/noticiasmercedinas.com\/site\/","logo":{"@type":"ImageObject","inLanguage":"es","@id":"https:\/\/noticiasmercedinas.com\/site\/#\/schema\/logo\/image\/","url":"https:\/\/noticiasmercedinas.com\/site\/wp-content\/uploads\/2020\/06\/LOGO-512.jpg","contentUrl":"https:\/\/noticiasmercedinas.com\/site\/wp-content\/uploads\/2020\/06\/LOGO-512.jpg","width":512,"height":512,"caption":"NOTICIASMERCEDINAS.COM"},"image":{"@id":"https:\/\/noticiasmercedinas.com\/site\/#\/schema\/logo\/image\/"},"sameAs":["https:\/\/www.facebook.com\/noticiasmercedinas\/","https:\/\/x.com\/notmercedinas","https:\/\/www.instagram.com\/noticiasmercedinas\/"]},{"@type":"Person","@id":"https:\/\/noticiasmercedinas.com\/site\/#\/schema\/person\/84b59c099c28ff2e8b77d4ceec5d8063","name":"NOTICIASMERCEDINAS.COM","image":{"@type":"ImageObject","inLanguage":"es","@id":"https:\/\/secure.gravatar.com\/avatar\/4dfbf16b4d17945bfb6341b2d19043457132fcf478a5ee04f42e959fd8f5df0a?s=96&d=mm&r=g","url":"https:\/\/secure.gravatar.com\/avatar\/4dfbf16b4d17945bfb6341b2d19043457132fcf478a5ee04f42e959fd8f5df0a?s=96&d=mm&r=g","contentUrl":"https:\/\/secure.gravatar.com\/avatar\/4dfbf16b4d17945bfb6341b2d19043457132fcf478a5ee04f42e959fd8f5df0a?s=96&d=mm&r=g","caption":"NOTICIASMERCEDINAS.COM"},"url":"https:\/\/noticiasmercedinas.com\/site\/author\/anonimo\/"}]}},"amp_enabled":true,"_links":{"self":[{"href":"https:\/\/noticiasmercedinas.com\/site\/wp-json\/wp\/v2\/posts\/107064","targetHints":{"allow":["GET"]}}],"collection":[{"href":"https:\/\/noticiasmercedinas.com\/site\/wp-json\/wp\/v2\/posts"}],"about":[{"href":"https:\/\/noticiasmercedinas.com\/site\/wp-json\/wp\/v2\/types\/post"}],"author":[{"embeddable":true,"href":"https:\/\/noticiasmercedinas.com\/site\/wp-json\/wp\/v2\/users\/16"}],"replies":[{"embeddable":true,"href":"https:\/\/noticiasmercedinas.com\/site\/wp-json\/wp\/v2\/comments?post=107064"}],"version-history":[{"count":1,"href":"https:\/\/noticiasmercedinas.com\/site\/wp-json\/wp\/v2\/posts\/107064\/revisions"}],"predecessor-version":[{"id":107067,"href":"https:\/\/noticiasmercedinas.com\/site\/wp-json\/wp\/v2\/posts\/107064\/revisions\/107067"}],"wp:featuredmedia":[{"embeddable":true,"href":"https:\/\/noticiasmercedinas.com\/site\/wp-json\/wp\/v2\/media\/107066"}],"wp:attachment":[{"href":"https:\/\/noticiasmercedinas.com\/site\/wp-json\/wp\/v2\/media?parent=107064"}],"wp:term":[{"taxonomy":"category","embeddable":true,"href":"https:\/\/noticiasmercedinas.com\/site\/wp-json\/wp\/v2\/categories?post=107064"},{"taxonomy":"post_tag","embeddable":true,"href":"https:\/\/noticiasmercedinas.com\/site\/wp-json\/wp\/v2\/tags?post=107064"}],"curies":[{"name":"wp","href":"https:\/\/api.w.org\/{rel}","templated":true}]}}