{"id":107358,"date":"2023-01-04T18:51:06","date_gmt":"2023-01-04T21:51:06","guid":{"rendered":"https:\/\/noticiasmercedinas.com\/site\/?p=107358"},"modified":"2023-01-04T18:51:06","modified_gmt":"2023-01-04T21:51:06","slug":"consejo-de-educacion-aprobo-calendario-escolar-2023","status":"publish","type":"post","link":"https:\/\/noticiasmercedinas.com\/site\/2023\/01\/04\/consejo-de-educacion-aprobo-calendario-escolar-2023\/","title":{"rendered":"Consejo de Educaci\u00f3n aprob\u00f3 Calendario Escolar 2023"},"content":{"rendered":"<p><a href=\"https:\/\/noticiasmercedinas.com\/site\/wp-content\/uploads\/2023\/01\/educacion.jpg\"><img loading=\"lazy\" decoding=\"async\" class=\"alignnone size-full wp-image-107359\" src=\"https:\/\/noticiasmercedinas.com\/site\/wp-content\/uploads\/2023\/01\/educacion.jpg\" alt=\"\" width=\"960\" height=\"640\" srcset=\"https:\/\/noticiasmercedinas.com\/site\/wp-content\/uploads\/2023\/01\/educacion.jpg 960w, https:\/\/noticiasmercedinas.com\/site\/wp-content\/uploads\/2023\/01\/educacion-300x200.jpg 300w, https:\/\/noticiasmercedinas.com\/site\/wp-content\/uploads\/2023\/01\/educacion-768x512.jpg 768w, https:\/\/noticiasmercedinas.com\/site\/wp-content\/uploads\/2023\/01\/educacion-640x427.jpg 640w, https:\/\/noticiasmercedinas.com\/site\/wp-content\/uploads\/2023\/01\/educacion-681x454.jpg 681w\" sizes=\"auto, (max-width: 960px) 100vw, 960px\" \/><\/a><\/p>\n<p>El Consejo General de Educaci\u00f3n, presidido por el director general de Cultura y Educaci\u00f3n Alberto Sileoni, aprob\u00f3 el Calendario Escolar 2023 para todos los niveles y modalidades de la educaci\u00f3n en la provincia de Buenos Aires, que lleva el lema \u201c40 a\u00f1os de Democracia\u201d.<\/p>\n<p>De esta forma, el pr\u00f3ximo ciclo lectivo comenzar\u00e1 el 1 de marzo y finalizar\u00e1 el 26 de diciembre para los niveles y modalidades (Inicial, Primaria y Secundaria), garantizando un total de 190 d\u00edas de clases de acuerdo a lo establecido por el Consejo Federal de Educaci\u00f3n. En tanto, el receso de invierno ser\u00e1 entre el 17 y el 28 de julio.<\/p>\n<p>En cuanto a la Educaci\u00f3n Superior, tendr\u00e1 actividad educativa entre el 13 de marzo y el 24 de noviembre y los jardines maternales iniciar\u00e1n el ciclo el 1 de febrero y lo culminar\u00e1n el 29 de diciembre.<\/p>\n<p>\u201cEl 1 de marzo ser\u00e1 una verdadera fiesta y el 2023 ser\u00e1 un a\u00f1o de aprendizajes en todas las escuelas bonaerenses\u201d, asegur\u00f3 Sileoni, Tambi\u00e9n manifest\u00f3 su \u201cinmensa gratitud con toda la comunidad educativa por el esfuerzo que ha realizado durante estos a\u00f1os\u201d.<\/p>\n<p>Tambi\u00e9n el calendario escolar 2023 prev\u00e9 jornadas institucionales que se llevar\u00e1n a cabo en forma regionalizada a lo largo del ciclo lectivo. Ser\u00e1n durante los meses de febrero, agosto, y diciembre.<\/p>\n<p>Entre las novedades, el calendario contempla una fecha muy especial, el 2 de agosto, en homenaje a la vicedirectora Sandra Calamano y al auxiliar docente Rub\u00e9n Rodr\u00edguez fallecidos en la explosi\u00f3n de la Primaria 74 de Moreno en el a\u00f1o 2018.<\/p>\n<blockquote><p>\u201cEl 1 de marzo ser\u00e1 una verdadera fiesta y el 2023 un a\u00f1o de aprendizajes\u201d<\/p><\/blockquote>\n<p>De esta forma, las escuelas bonaerenses conmemorar\u00e1n el \u201cD\u00eda de la escuela p\u00fablica digna\u201d, una jornada de reivindicaci\u00f3n y reflexi\u00f3n. Tambi\u00e9n est\u00e1 establecido conmemorar el 27 de mayo el D\u00eda de la Prevenci\u00f3n de la Violencia en el Noviazgo y el 30 de mayo, el D\u00eda Internacional del desaparecido.<\/p>\n<p>Finalmente, es importante recordar que en la provincia de Buenos Aires se suman tiempos escolares a partir de la implementaci\u00f3n del Programa Escuelas Abiertas en Verano, en el per\u00edodo comprendido entre el 2 de enero y el 27 de enero de 2023.<\/p>\n","protected":false},"excerpt":{"rendered":"<p>\u25a0 Es para todos los niveles y modalidades en la provincia de Buenos Aires. Conmemorar\u00e1n el \u201cD\u00eda de la escuela p\u00fablica digna\u201d.<\/p>\n","protected":false},"author":16,"featured_media":107359,"comment_status":"open","ping_status":"open","sticky":false,"template":"","format":"standard","meta":{"footnotes":""},"categories":[7919],"tags":[13704,16000,38],"class_list":["post-107358","post","type-post","status-publish","format-standard","has-post-thumbnail","hentry","category-provinciales","tag-alberto-sileoni","tag-calendario-escolar","tag-educacion"],"yoast_head":"<!-- This site is optimized with the Yoast SEO plugin v27.4 - https:\/\/yoast.com\/product\/yoast-seo-wordpress\/ -->\n<title>Consejo de Educaci\u00f3n aprob\u00f3 Calendario Escolar 2023<\/title>\n<meta name=\"robots\" content=\"index, follow, max-snippet:-1, max-image-preview:large, max-video-preview:-1\" \/>\n<link rel=\"canonical\" href=\"https:\/\/noticiasmercedinas.com\/site\/2023\/01\/04\/consejo-de-educacion-aprobo-calendario-escolar-2023\/\" \/>\n<meta property=\"og:locale\" content=\"es_ES\" \/>\n<meta property=\"og:type\" content=\"article\" \/>\n<meta property=\"og:title\" content=\"Consejo de Educaci\u00f3n aprob\u00f3 Calendario Escolar 2023\" \/>\n<meta property=\"og:description\" content=\"\u25a0 Es para todos los niveles y modalidades en la provincia de Buenos Aires. Conmemorar\u00e1n el \u201cD\u00eda de la escuela p\u00fablica digna\u201d.\" \/>\n<meta property=\"og:url\" content=\"https:\/\/noticiasmercedinas.com\/site\/2023\/01\/04\/consejo-de-educacion-aprobo-calendario-escolar-2023\/\" \/>\n<meta property=\"og:site_name\" content=\"NOTICIASMERCEDINAS.COM\" \/>\n<meta property=\"article:publisher\" content=\"https:\/\/www.facebook.com\/noticiasmercedinas\/\" \/>\n<meta property=\"article:published_time\" content=\"2023-01-04T21:51:06+00:00\" \/>\n<meta property=\"og:image\" content=\"https:\/\/noticiasmercedinas.com\/site\/wp-content\/uploads\/2023\/01\/educacion.jpg\" \/>\n\t<meta property=\"og:image:width\" content=\"960\" \/>\n\t<meta property=\"og:image:height\" content=\"640\" \/>\n\t<meta property=\"og:image:type\" content=\"image\/jpeg\" \/>\n<meta name=\"author\" content=\"NOTICIASMERCEDINAS.COM\" \/>\n<meta name=\"twitter:card\" content=\"summary_large_image\" \/>\n<meta name=\"twitter:creator\" content=\"@notmercedinas\" \/>\n<meta name=\"twitter:site\" content=\"@notmercedinas\" \/>\n<meta name=\"twitter:label1\" content=\"Escrito por\" \/>\n\t<meta name=\"twitter:data1\" content=\"NOTICIASMERCEDINAS.COM\" \/>\n\t<meta name=\"twitter:label2\" content=\"Tiempo de lectura\" \/>\n\t<meta name=\"twitter:data2\" content=\"2 minutos\" \/>\n<script type=\"application\/ld+json\" class=\"yoast-schema-graph\">{\"@context\":\"https:\\\/\\\/schema.org\",\"@graph\":[{\"@type\":\"Article\",\"@id\":\"https:\\\/\\\/noticiasmercedinas.com\\\/site\\\/2023\\\/01\\\/04\\\/consejo-de-educacion-aprobo-calendario-escolar-2023\\\/#article\",\"isPartOf\":{\"@id\":\"https:\\\/\\\/noticiasmercedinas.com\\\/site\\\/2023\\\/01\\\/04\\\/consejo-de-educacion-aprobo-calendario-escolar-2023\\\/\"},\"author\":{\"name\":\"NOTICIASMERCEDINAS.COM\",\"@id\":\"https:\\\/\\\/noticiasmercedinas.com\\\/site\\\/#\\\/schema\\\/person\\\/84b59c099c28ff2e8b77d4ceec5d8063\"},\"headline\":\"Consejo de Educaci\u00f3n aprob\u00f3 Calendario Escolar 2023\",\"datePublished\":\"2023-01-04T21:51:06+00:00\",\"mainEntityOfPage\":{\"@id\":\"https:\\\/\\\/noticiasmercedinas.com\\\/site\\\/2023\\\/01\\\/04\\\/consejo-de-educacion-aprobo-calendario-escolar-2023\\\/\"},\"wordCount\":377,\"commentCount\":0,\"publisher\":{\"@id\":\"https:\\\/\\\/noticiasmercedinas.com\\\/site\\\/#organization\"},\"image\":{\"@id\":\"https:\\\/\\\/noticiasmercedinas.com\\\/site\\\/2023\\\/01\\\/04\\\/consejo-de-educacion-aprobo-calendario-escolar-2023\\\/#primaryimage\"},\"thumbnailUrl\":\"https:\\\/\\\/noticiasmercedinas.com\\\/site\\\/wp-content\\\/uploads\\\/2023\\\/01\\\/educacion.jpg\",\"keywords\":[\"Alberto Sileoni\",\"Calendario Escolar\",\"educacion\"],\"articleSection\":[\"Provinciales\"],\"inLanguage\":\"es\",\"potentialAction\":[{\"@type\":\"CommentAction\",\"name\":\"Comment\",\"target\":[\"https:\\\/\\\/noticiasmercedinas.com\\\/site\\\/2023\\\/01\\\/04\\\/consejo-de-educacion-aprobo-calendario-escolar-2023\\\/#respond\"]}]},{\"@type\":\"WebPage\",\"@id\":\"https:\\\/\\\/noticiasmercedinas.com\\\/site\\\/2023\\\/01\\\/04\\\/consejo-de-educacion-aprobo-calendario-escolar-2023\\\/\",\"url\":\"https:\\\/\\\/noticiasmercedinas.com\\\/site\\\/2023\\\/01\\\/04\\\/consejo-de-educacion-aprobo-calendario-escolar-2023\\\/\",\"name\":\"Consejo de Educaci\u00f3n aprob\u00f3 Calendario Escolar 2023\",\"isPartOf\":{\"@id\":\"https:\\\/\\\/noticiasmercedinas.com\\\/site\\\/#website\"},\"primaryImageOfPage\":{\"@id\":\"https:\\\/\\\/noticiasmercedinas.com\\\/site\\\/2023\\\/01\\\/04\\\/consejo-de-educacion-aprobo-calendario-escolar-2023\\\/#primaryimage\"},\"image\":{\"@id\":\"https:\\\/\\\/noticiasmercedinas.com\\\/site\\\/2023\\\/01\\\/04\\\/consejo-de-educacion-aprobo-calendario-escolar-2023\\\/#primaryimage\"},\"thumbnailUrl\":\"https:\\\/\\\/noticiasmercedinas.com\\\/site\\\/wp-content\\\/uploads\\\/2023\\\/01\\\/educacion.jpg\",\"datePublished\":\"2023-01-04T21:51:06+00:00\",\"breadcrumb\":{\"@id\":\"https:\\\/\\\/noticiasmercedinas.com\\\/site\\\/2023\\\/01\\\/04\\\/consejo-de-educacion-aprobo-calendario-escolar-2023\\\/#breadcrumb\"},\"inLanguage\":\"es\",\"potentialAction\":[{\"@type\":\"ReadAction\",\"target\":[\"https:\\\/\\\/noticiasmercedinas.com\\\/site\\\/2023\\\/01\\\/04\\\/consejo-de-educacion-aprobo-calendario-escolar-2023\\\/\"]}]},{\"@type\":\"ImageObject\",\"inLanguage\":\"es\",\"@id\":\"https:\\\/\\\/noticiasmercedinas.com\\\/site\\\/2023\\\/01\\\/04\\\/consejo-de-educacion-aprobo-calendario-escolar-2023\\\/#primaryimage\",\"url\":\"https:\\\/\\\/noticiasmercedinas.com\\\/site\\\/wp-content\\\/uploads\\\/2023\\\/01\\\/educacion.jpg\",\"contentUrl\":\"https:\\\/\\\/noticiasmercedinas.com\\\/site\\\/wp-content\\\/uploads\\\/2023\\\/01\\\/educacion.jpg\",\"width\":960,\"height\":640},{\"@type\":\"BreadcrumbList\",\"@id\":\"https:\\\/\\\/noticiasmercedinas.com\\\/site\\\/2023\\\/01\\\/04\\\/consejo-de-educacion-aprobo-calendario-escolar-2023\\\/#breadcrumb\",\"itemListElement\":[{\"@type\":\"ListItem\",\"position\":1,\"name\":\"Portada\",\"item\":\"https:\\\/\\\/noticiasmercedinas.com\\\/site\\\/\"},{\"@type\":\"ListItem\",\"position\":2,\"name\":\"Consejo de Educaci\u00f3n aprob\u00f3 Calendario Escolar 2023\"}]},{\"@type\":\"WebSite\",\"@id\":\"https:\\\/\\\/noticiasmercedinas.com\\\/site\\\/#website\",\"url\":\"https:\\\/\\\/noticiasmercedinas.com\\\/site\\\/\",\"name\":\"NOTICIASMERCEDINAS.COM\",\"description\":\"Mercedes, Buenos Aires, Argentina\",\"publisher\":{\"@id\":\"https:\\\/\\\/noticiasmercedinas.com\\\/site\\\/#organization\"},\"potentialAction\":[{\"@type\":\"SearchAction\",\"target\":{\"@type\":\"EntryPoint\",\"urlTemplate\":\"https:\\\/\\\/noticiasmercedinas.com\\\/site\\\/?s={search_term_string}\"},\"query-input\":{\"@type\":\"PropertyValueSpecification\",\"valueRequired\":true,\"valueName\":\"search_term_string\"}}],\"inLanguage\":\"es\"},{\"@type\":\"Organization\",\"@id\":\"https:\\\/\\\/noticiasmercedinas.com\\\/site\\\/#organization\",\"name\":\"NOTICIASMERCEDINAS.COM\",\"url\":\"https:\\\/\\\/noticiasmercedinas.com\\\/site\\\/\",\"logo\":{\"@type\":\"ImageObject\",\"inLanguage\":\"es\",\"@id\":\"https:\\\/\\\/noticiasmercedinas.com\\\/site\\\/#\\\/schema\\\/logo\\\/image\\\/\",\"url\":\"https:\\\/\\\/noticiasmercedinas.com\\\/site\\\/wp-content\\\/uploads\\\/2020\\\/06\\\/LOGO-512.jpg\",\"contentUrl\":\"https:\\\/\\\/noticiasmercedinas.com\\\/site\\\/wp-content\\\/uploads\\\/2020\\\/06\\\/LOGO-512.jpg\",\"width\":512,\"height\":512,\"caption\":\"NOTICIASMERCEDINAS.COM\"},\"image\":{\"@id\":\"https:\\\/\\\/noticiasmercedinas.com\\\/site\\\/#\\\/schema\\\/logo\\\/image\\\/\"},\"sameAs\":[\"https:\\\/\\\/www.facebook.com\\\/noticiasmercedinas\\\/\",\"https:\\\/\\\/x.com\\\/notmercedinas\",\"https:\\\/\\\/www.instagram.com\\\/noticiasmercedinas\\\/\"]},{\"@type\":\"Person\",\"@id\":\"https:\\\/\\\/noticiasmercedinas.com\\\/site\\\/#\\\/schema\\\/person\\\/84b59c099c28ff2e8b77d4ceec5d8063\",\"name\":\"NOTICIASMERCEDINAS.COM\",\"image\":{\"@type\":\"ImageObject\",\"inLanguage\":\"es\",\"@id\":\"https:\\\/\\\/secure.gravatar.com\\\/avatar\\\/4dfbf16b4d17945bfb6341b2d19043457132fcf478a5ee04f42e959fd8f5df0a?s=96&d=mm&r=g\",\"url\":\"https:\\\/\\\/secure.gravatar.com\\\/avatar\\\/4dfbf16b4d17945bfb6341b2d19043457132fcf478a5ee04f42e959fd8f5df0a?s=96&d=mm&r=g\",\"contentUrl\":\"https:\\\/\\\/secure.gravatar.com\\\/avatar\\\/4dfbf16b4d17945bfb6341b2d19043457132fcf478a5ee04f42e959fd8f5df0a?s=96&d=mm&r=g\",\"caption\":\"NOTICIASMERCEDINAS.COM\"},\"url\":\"https:\\\/\\\/noticiasmercedinas.com\\\/site\\\/author\\\/anonimo\\\/\"}]}<\/script>\n<!-- \/ Yoast SEO plugin. -->","yoast_head_json":{"title":"Consejo de Educaci\u00f3n aprob\u00f3 Calendario Escolar 2023","robots":{"index":"index","follow":"follow","max-snippet":"max-snippet:-1","max-image-preview":"max-image-preview:large","max-video-preview":"max-video-preview:-1"},"canonical":"https:\/\/noticiasmercedinas.com\/site\/2023\/01\/04\/consejo-de-educacion-aprobo-calendario-escolar-2023\/","og_locale":"es_ES","og_type":"article","og_title":"Consejo de Educaci\u00f3n aprob\u00f3 Calendario Escolar 2023","og_description":"\u25a0 Es para todos los niveles y modalidades en la provincia de Buenos Aires. Conmemorar\u00e1n el \u201cD\u00eda de la escuela p\u00fablica digna\u201d.","og_url":"https:\/\/noticiasmercedinas.com\/site\/2023\/01\/04\/consejo-de-educacion-aprobo-calendario-escolar-2023\/","og_site_name":"NOTICIASMERCEDINAS.COM","article_publisher":"https:\/\/www.facebook.com\/noticiasmercedinas\/","article_published_time":"2023-01-04T21:51:06+00:00","og_image":[{"width":960,"height":640,"url":"https:\/\/noticiasmercedinas.com\/site\/wp-content\/uploads\/2023\/01\/educacion.jpg","type":"image\/jpeg"}],"author":"NOTICIASMERCEDINAS.COM","twitter_card":"summary_large_image","twitter_creator":"@notmercedinas","twitter_site":"@notmercedinas","twitter_misc":{"Escrito por":"NOTICIASMERCEDINAS.COM","Tiempo de lectura":"2 minutos"},"schema":{"@context":"https:\/\/schema.org","@graph":[{"@type":"Article","@id":"https:\/\/noticiasmercedinas.com\/site\/2023\/01\/04\/consejo-de-educacion-aprobo-calendario-escolar-2023\/#article","isPartOf":{"@id":"https:\/\/noticiasmercedinas.com\/site\/2023\/01\/04\/consejo-de-educacion-aprobo-calendario-escolar-2023\/"},"author":{"name":"NOTICIASMERCEDINAS.COM","@id":"https:\/\/noticiasmercedinas.com\/site\/#\/schema\/person\/84b59c099c28ff2e8b77d4ceec5d8063"},"headline":"Consejo de Educaci\u00f3n aprob\u00f3 Calendario Escolar 2023","datePublished":"2023-01-04T21:51:06+00:00","mainEntityOfPage":{"@id":"https:\/\/noticiasmercedinas.com\/site\/2023\/01\/04\/consejo-de-educacion-aprobo-calendario-escolar-2023\/"},"wordCount":377,"commentCount":0,"publisher":{"@id":"https:\/\/noticiasmercedinas.com\/site\/#organization"},"image":{"@id":"https:\/\/noticiasmercedinas.com\/site\/2023\/01\/04\/consejo-de-educacion-aprobo-calendario-escolar-2023\/#primaryimage"},"thumbnailUrl":"https:\/\/noticiasmercedinas.com\/site\/wp-content\/uploads\/2023\/01\/educacion.jpg","keywords":["Alberto Sileoni","Calendario Escolar","educacion"],"articleSection":["Provinciales"],"inLanguage":"es","potentialAction":[{"@type":"CommentAction","name":"Comment","target":["https:\/\/noticiasmercedinas.com\/site\/2023\/01\/04\/consejo-de-educacion-aprobo-calendario-escolar-2023\/#respond"]}]},{"@type":"WebPage","@id":"https:\/\/noticiasmercedinas.com\/site\/2023\/01\/04\/consejo-de-educacion-aprobo-calendario-escolar-2023\/","url":"https:\/\/noticiasmercedinas.com\/site\/2023\/01\/04\/consejo-de-educacion-aprobo-calendario-escolar-2023\/","name":"Consejo de Educaci\u00f3n aprob\u00f3 Calendario Escolar 2023","isPartOf":{"@id":"https:\/\/noticiasmercedinas.com\/site\/#website"},"primaryImageOfPage":{"@id":"https:\/\/noticiasmercedinas.com\/site\/2023\/01\/04\/consejo-de-educacion-aprobo-calendario-escolar-2023\/#primaryimage"},"image":{"@id":"https:\/\/noticiasmercedinas.com\/site\/2023\/01\/04\/consejo-de-educacion-aprobo-calendario-escolar-2023\/#primaryimage"},"thumbnailUrl":"https:\/\/noticiasmercedinas.com\/site\/wp-content\/uploads\/2023\/01\/educacion.jpg","datePublished":"2023-01-04T21:51:06+00:00","breadcrumb":{"@id":"https:\/\/noticiasmercedinas.com\/site\/2023\/01\/04\/consejo-de-educacion-aprobo-calendario-escolar-2023\/#breadcrumb"},"inLanguage":"es","potentialAction":[{"@type":"ReadAction","target":["https:\/\/noticiasmercedinas.com\/site\/2023\/01\/04\/consejo-de-educacion-aprobo-calendario-escolar-2023\/"]}]},{"@type":"ImageObject","inLanguage":"es","@id":"https:\/\/noticiasmercedinas.com\/site\/2023\/01\/04\/consejo-de-educacion-aprobo-calendario-escolar-2023\/#primaryimage","url":"https:\/\/noticiasmercedinas.com\/site\/wp-content\/uploads\/2023\/01\/educacion.jpg","contentUrl":"https:\/\/noticiasmercedinas.com\/site\/wp-content\/uploads\/2023\/01\/educacion.jpg","width":960,"height":640},{"@type":"BreadcrumbList","@id":"https:\/\/noticiasmercedinas.com\/site\/2023\/01\/04\/consejo-de-educacion-aprobo-calendario-escolar-2023\/#breadcrumb","itemListElement":[{"@type":"ListItem","position":1,"name":"Portada","item":"https:\/\/noticiasmercedinas.com\/site\/"},{"@type":"ListItem","position":2,"name":"Consejo de Educaci\u00f3n aprob\u00f3 Calendario Escolar 2023"}]},{"@type":"WebSite","@id":"https:\/\/noticiasmercedinas.com\/site\/#website","url":"https:\/\/noticiasmercedinas.com\/site\/","name":"NOTICIASMERCEDINAS.COM","description":"Mercedes, Buenos Aires, Argentina","publisher":{"@id":"https:\/\/noticiasmercedinas.com\/site\/#organization"},"potentialAction":[{"@type":"SearchAction","target":{"@type":"EntryPoint","urlTemplate":"https:\/\/noticiasmercedinas.com\/site\/?s={search_term_string}"},"query-input":{"@type":"PropertyValueSpecification","valueRequired":true,"valueName":"search_term_string"}}],"inLanguage":"es"},{"@type":"Organization","@id":"https:\/\/noticiasmercedinas.com\/site\/#organization","name":"NOTICIASMERCEDINAS.COM","url":"https:\/\/noticiasmercedinas.com\/site\/","logo":{"@type":"ImageObject","inLanguage":"es","@id":"https:\/\/noticiasmercedinas.com\/site\/#\/schema\/logo\/image\/","url":"https:\/\/noticiasmercedinas.com\/site\/wp-content\/uploads\/2020\/06\/LOGO-512.jpg","contentUrl":"https:\/\/noticiasmercedinas.com\/site\/wp-content\/uploads\/2020\/06\/LOGO-512.jpg","width":512,"height":512,"caption":"NOTICIASMERCEDINAS.COM"},"image":{"@id":"https:\/\/noticiasmercedinas.com\/site\/#\/schema\/logo\/image\/"},"sameAs":["https:\/\/www.facebook.com\/noticiasmercedinas\/","https:\/\/x.com\/notmercedinas","https:\/\/www.instagram.com\/noticiasmercedinas\/"]},{"@type":"Person","@id":"https:\/\/noticiasmercedinas.com\/site\/#\/schema\/person\/84b59c099c28ff2e8b77d4ceec5d8063","name":"NOTICIASMERCEDINAS.COM","image":{"@type":"ImageObject","inLanguage":"es","@id":"https:\/\/secure.gravatar.com\/avatar\/4dfbf16b4d17945bfb6341b2d19043457132fcf478a5ee04f42e959fd8f5df0a?s=96&d=mm&r=g","url":"https:\/\/secure.gravatar.com\/avatar\/4dfbf16b4d17945bfb6341b2d19043457132fcf478a5ee04f42e959fd8f5df0a?s=96&d=mm&r=g","contentUrl":"https:\/\/secure.gravatar.com\/avatar\/4dfbf16b4d17945bfb6341b2d19043457132fcf478a5ee04f42e959fd8f5df0a?s=96&d=mm&r=g","caption":"NOTICIASMERCEDINAS.COM"},"url":"https:\/\/noticiasmercedinas.com\/site\/author\/anonimo\/"}]}},"amp_enabled":true,"_links":{"self":[{"href":"https:\/\/noticiasmercedinas.com\/site\/wp-json\/wp\/v2\/posts\/107358","targetHints":{"allow":["GET"]}}],"collection":[{"href":"https:\/\/noticiasmercedinas.com\/site\/wp-json\/wp\/v2\/posts"}],"about":[{"href":"https:\/\/noticiasmercedinas.com\/site\/wp-json\/wp\/v2\/types\/post"}],"author":[{"embeddable":true,"href":"https:\/\/noticiasmercedinas.com\/site\/wp-json\/wp\/v2\/users\/16"}],"replies":[{"embeddable":true,"href":"https:\/\/noticiasmercedinas.com\/site\/wp-json\/wp\/v2\/comments?post=107358"}],"version-history":[{"count":1,"href":"https:\/\/noticiasmercedinas.com\/site\/wp-json\/wp\/v2\/posts\/107358\/revisions"}],"predecessor-version":[{"id":107360,"href":"https:\/\/noticiasmercedinas.com\/site\/wp-json\/wp\/v2\/posts\/107358\/revisions\/107360"}],"wp:featuredmedia":[{"embeddable":true,"href":"https:\/\/noticiasmercedinas.com\/site\/wp-json\/wp\/v2\/media\/107359"}],"wp:attachment":[{"href":"https:\/\/noticiasmercedinas.com\/site\/wp-json\/wp\/v2\/media?parent=107358"}],"wp:term":[{"taxonomy":"category","embeddable":true,"href":"https:\/\/noticiasmercedinas.com\/site\/wp-json\/wp\/v2\/categories?post=107358"},{"taxonomy":"post_tag","embeddable":true,"href":"https:\/\/noticiasmercedinas.com\/site\/wp-json\/wp\/v2\/tags?post=107358"}],"curies":[{"name":"wp","href":"https:\/\/api.w.org\/{rel}","templated":true}]}}