{"id":107417,"date":"2023-01-06T10:32:59","date_gmt":"2023-01-06T13:32:59","guid":{"rendered":"https:\/\/noticiasmercedinas.com\/site\/?p=107417"},"modified":"2023-01-06T10:32:59","modified_gmt":"2023-01-06T13:32:59","slug":"afiliados-a-sindicatos-accederan-a-teatro-gratuito-en-mar-del-plata","status":"publish","type":"post","link":"https:\/\/noticiasmercedinas.com\/site\/2023\/01\/06\/afiliados-a-sindicatos-accederan-a-teatro-gratuito-en-mar-del-plata\/","title":{"rendered":"Afiliados a sindicatos acceder\u00e1n a teatro gratuito en Mar del Plata"},"content":{"rendered":"<p><a href=\"https:\/\/noticiasmercedinas.com\/site\/wp-content\/uploads\/2023\/01\/teatro.jpg\"><img loading=\"lazy\" decoding=\"async\" class=\"alignnone size-full wp-image-107418\" src=\"https:\/\/noticiasmercedinas.com\/site\/wp-content\/uploads\/2023\/01\/teatro.jpg\" alt=\"\" width=\"1549\" height=\"1001\" srcset=\"https:\/\/noticiasmercedinas.com\/site\/wp-content\/uploads\/2023\/01\/teatro.jpg 1549w, https:\/\/noticiasmercedinas.com\/site\/wp-content\/uploads\/2023\/01\/teatro-300x194.jpg 300w, https:\/\/noticiasmercedinas.com\/site\/wp-content\/uploads\/2023\/01\/teatro-1024x662.jpg 1024w, https:\/\/noticiasmercedinas.com\/site\/wp-content\/uploads\/2023\/01\/teatro-768x496.jpg 768w, https:\/\/noticiasmercedinas.com\/site\/wp-content\/uploads\/2023\/01\/teatro-1536x993.jpg 1536w, https:\/\/noticiasmercedinas.com\/site\/wp-content\/uploads\/2023\/01\/teatro-600x388.jpg 600w, https:\/\/noticiasmercedinas.com\/site\/wp-content\/uploads\/2023\/01\/teatro-341x220.jpg 341w, https:\/\/noticiasmercedinas.com\/site\/wp-content\/uploads\/2023\/01\/teatro-682x440.jpg 682w, https:\/\/noticiasmercedinas.com\/site\/wp-content\/uploads\/2023\/01\/teatro-640x414.jpg 640w, https:\/\/noticiasmercedinas.com\/site\/wp-content\/uploads\/2023\/01\/teatro-1280x827.jpg 1280w, https:\/\/noticiasmercedinas.com\/site\/wp-content\/uploads\/2023\/01\/teatro-681x440.jpg 681w, https:\/\/noticiasmercedinas.com\/site\/wp-content\/uploads\/2023\/01\/teatro-1362x880.jpg 1362w\" sizes=\"auto, (max-width: 1549px) 100vw, 1549px\" \/><\/a><\/p>\n<p>El ministerio de Trabajo bonaerense, el Instituto Cultural de la provincia de Buenos Aires y m\u00e1s de 50 organizaciones sindicales firmaron un convenio marco a trav\u00e9s del cual trabajadores y trabajadoras que se encuentren de vacaciones en la ciudad de Mar del Plata alojados en hoteles sindicales podr\u00e1n disfrutar de obras de teatro en forma gratuita en funciones especiales en el Teatro Auditorium.<\/p>\n<p>La firma del acta acuerdo, bajo el t\u00edtulo de \u201cVacaciones en el Teatro\u201d, estuvo encabezada por el ministro de Trabajo Walter Correa y la presidenta del Instituto, Florencia Saintout, y los gremios que confirmaron su adhesi\u00f3n la suscribir\u00e1n en los pr\u00f3ximos d\u00edas a trav\u00e9s de las delegaciones regionales de la cartera laboral.<\/p>\n<p>Tambi\u00e9n estuvieron presentes en el acto la directora Ejecutiva de ANSeS, Fernanda Raverta, y dirigentes de centrales obreras nacionales y sindicatos de la provincia de Buenos Aires que representan a trabajadoras y trabajadores tanto del \u00e1mbito p\u00fablico como privado.<\/p>\n<p>\u201cNo solamente nos quedamos con la pr\u00e1ctica de los derechos de los trabajadores, sino que tambi\u00e9n vamos por la felicidad de nuestro pueblo. Estamos articulando un Estado presente. Hay que entender que la cultura es una conquista, es un derecho\u201d, manifest\u00f3 Correa.<\/p>\n<p><a href=\"https:\/\/noticiasmercedinas.com\/site\/wp-content\/uploads\/2023\/01\/teatro_correa.jpg\"><img loading=\"lazy\" decoding=\"async\" class=\"alignnone size-full wp-image-107419\" src=\"https:\/\/noticiasmercedinas.com\/site\/wp-content\/uploads\/2023\/01\/teatro_correa.jpg\" alt=\"\" width=\"1508\" height=\"939\" srcset=\"https:\/\/noticiasmercedinas.com\/site\/wp-content\/uploads\/2023\/01\/teatro_correa.jpg 1508w, https:\/\/noticiasmercedinas.com\/site\/wp-content\/uploads\/2023\/01\/teatro_correa-300x187.jpg 300w, https:\/\/noticiasmercedinas.com\/site\/wp-content\/uploads\/2023\/01\/teatro_correa-1024x638.jpg 1024w, https:\/\/noticiasmercedinas.com\/site\/wp-content\/uploads\/2023\/01\/teatro_correa-768x478.jpg 768w, https:\/\/noticiasmercedinas.com\/site\/wp-content\/uploads\/2023\/01\/teatro_correa-640x399.jpg 640w, https:\/\/noticiasmercedinas.com\/site\/wp-content\/uploads\/2023\/01\/teatro_correa-1280x797.jpg 1280w, https:\/\/noticiasmercedinas.com\/site\/wp-content\/uploads\/2023\/01\/teatro_correa-681x424.jpg 681w, https:\/\/noticiasmercedinas.com\/site\/wp-content\/uploads\/2023\/01\/teatro_correa-1362x848.jpg 1362w\" sizes=\"auto, (max-width: 1508px) 100vw, 1508px\" \/><\/a><\/p>\n<blockquote><p>\u201cHay que entender que la cultura es una conquista, es un derecho\u201d<\/p><\/blockquote>\n<p>\u201cCreemos que tenemos que seguir construyendo un Estado popular, con su propia institucionalidad, proyecci\u00f3n y trayecto. La firma de este convenio no es solamente firmar, sino tambi\u00e9n el trabajo y la disposici\u00f3n previa para poder hacerlo en este d\u00eda. La cultura es un derecho. Entendemos que todos, todas y todes pueden acceder a lo que el pueblo decide y concibe como cultura. Tambi\u00e9n comprende la creaci\u00f3n de cultura y la generaci\u00f3n de condiciones para gozar y disfrutar\u201d, se\u00f1al\u00f3 Saintout<\/p>\n<p>\u201cTrabajamos mucho en Mar del Plata para recibir a trabajadores de la gastronom\u00eda, los hoteleros, los y las trabajadores y trabajadoras de la cultura, y para quienes tambi\u00e9n llegan de diversos puntos del pa\u00eds. Una buena temporada, para nosotros, es sin\u00f3nimo de felicidad, tanto de quienes vienen a trabajar como de los que lo hacen en la ciudad. Nosotros somos felices haciendo felices a las familias trabajadoras\u201d, consider\u00f3 Raverta.<\/p>\n<p>Para dar el puntapi\u00e9 inicial, firmaron, Roberto Baradel (SUTEBA, Secretario General), Juan Cruz Anghillante (UPCN, , Secretario de Interior), Diego Nicol\u00e1s Romero (SOESSIT, Secretario de Cultura y Comunicaci\u00f3n), Micaela DAmbra (CICOP, Secretaria de Prensa y Comunicaci\u00f3n), Ram\u00f3n Estevez (SOSBA, Prosecretario de Juventud) y Claudia Rey (ATE Mar del Plata, Secretaria Adjunta)<\/p>\n<p>\u201cVacaciones en el Teatro\u201d es una iniciativa conjunta entre la cartera laboral bonaerense, el Instituto Cultural y decenas de gremios que busca facilitar el acceso a la cultura a miles de personas que a su vez se encuentran disfrutando del receso de verano.<\/p>\n<p>Desde hoy y todos los viernes durante la temporada habr\u00e1 funciones especiales en el Teatro Auditorium Centro Provincial de Artes para las y los trabajadores. Las y los afiliados a los gremios que adhirieron a esta pol\u00edtica podr\u00e1n elegir entre 75 propuestas teatrales diferentes que son puestas en escena por m\u00e1s de 400 artistas.<\/p>\n<p>Ser\u00e1n los sindicatos que forman parte de esta iniciativa los que deber\u00e1n tramitar la reserva de las entradas para las y los beneficiarios interesados, quienes luego podr\u00e1n retirarlas por la boleter\u00eda sin costo.<\/p>\n","protected":false},"excerpt":{"rendered":"<p>\u25a0 Es una iniciativa del Ministerio de Trabajo y el Instituto Cultural de la provincia de Buenos Aires junto a m\u00e1s de 50 organizaciones gremiales.<\/p>\n","protected":false},"author":16,"featured_media":107418,"comment_status":"open","ping_status":"open","sticky":false,"template":"","format":"standard","meta":{"footnotes":""},"categories":[7919],"tags":[15926,1071,8368,480,11714],"class_list":["post-107417","post","type-post","status-publish","format-standard","has-post-thumbnail","hentry","category-provinciales","tag-instituto-cultural-de-la-provincia-de-buenos-aires","tag-mar-del-plata","tag-ministerio-de-trabajo","tag-teatro","tag-walter-correa"],"yoast_head":"<!-- This site is optimized with the Yoast SEO plugin v27.5 - https:\/\/yoast.com\/product\/yoast-seo-wordpress\/ -->\n<title>Afiliados a sindicatos acceder\u00e1n a teatro gratuito en Mar del Plata<\/title>\n<meta name=\"robots\" content=\"index, follow, max-snippet:-1, max-image-preview:large, max-video-preview:-1\" \/>\n<link rel=\"canonical\" href=\"https:\/\/noticiasmercedinas.com\/site\/2023\/01\/06\/afiliados-a-sindicatos-accederan-a-teatro-gratuito-en-mar-del-plata\/\" \/>\n<meta property=\"og:locale\" content=\"es_ES\" \/>\n<meta property=\"og:type\" content=\"article\" \/>\n<meta property=\"og:title\" content=\"Afiliados a sindicatos acceder\u00e1n a teatro gratuito en Mar del Plata\" \/>\n<meta property=\"og:description\" content=\"\u25a0 Es una iniciativa del Ministerio de Trabajo y el Instituto Cultural de la provincia de Buenos Aires junto a m\u00e1s de 50 organizaciones gremiales.\" \/>\n<meta property=\"og:url\" content=\"https:\/\/noticiasmercedinas.com\/site\/2023\/01\/06\/afiliados-a-sindicatos-accederan-a-teatro-gratuito-en-mar-del-plata\/\" \/>\n<meta property=\"og:site_name\" content=\"NOTICIASMERCEDINAS.COM\" \/>\n<meta property=\"article:publisher\" content=\"https:\/\/www.facebook.com\/noticiasmercedinas\/\" \/>\n<meta property=\"article:published_time\" content=\"2023-01-06T13:32:59+00:00\" \/>\n<meta property=\"og:image\" content=\"https:\/\/noticiasmercedinas.com\/site\/wp-content\/uploads\/2023\/01\/teatro.jpg\" \/>\n\t<meta property=\"og:image:width\" content=\"1549\" \/>\n\t<meta property=\"og:image:height\" content=\"1001\" \/>\n\t<meta property=\"og:image:type\" content=\"image\/jpeg\" \/>\n<meta name=\"author\" content=\"NOTICIASMERCEDINAS.COM\" \/>\n<meta name=\"twitter:card\" content=\"summary_large_image\" \/>\n<meta name=\"twitter:creator\" content=\"@notmercedinas\" \/>\n<meta name=\"twitter:site\" content=\"@notmercedinas\" \/>\n<meta name=\"twitter:label1\" content=\"Escrito por\" \/>\n\t<meta name=\"twitter:data1\" content=\"NOTICIASMERCEDINAS.COM\" \/>\n\t<meta name=\"twitter:label2\" content=\"Tiempo de lectura\" \/>\n\t<meta name=\"twitter:data2\" content=\"3 minutos\" \/>\n<script type=\"application\/ld+json\" class=\"yoast-schema-graph\">{\"@context\":\"https:\\\/\\\/schema.org\",\"@graph\":[{\"@type\":\"Article\",\"@id\":\"https:\\\/\\\/noticiasmercedinas.com\\\/site\\\/2023\\\/01\\\/06\\\/afiliados-a-sindicatos-accederan-a-teatro-gratuito-en-mar-del-plata\\\/#article\",\"isPartOf\":{\"@id\":\"https:\\\/\\\/noticiasmercedinas.com\\\/site\\\/2023\\\/01\\\/06\\\/afiliados-a-sindicatos-accederan-a-teatro-gratuito-en-mar-del-plata\\\/\"},\"author\":{\"name\":\"NOTICIASMERCEDINAS.COM\",\"@id\":\"https:\\\/\\\/noticiasmercedinas.com\\\/site\\\/#\\\/schema\\\/person\\\/84b59c099c28ff2e8b77d4ceec5d8063\"},\"headline\":\"Afiliados a sindicatos acceder\u00e1n a teatro gratuito en Mar del Plata\",\"datePublished\":\"2023-01-06T13:32:59+00:00\",\"mainEntityOfPage\":{\"@id\":\"https:\\\/\\\/noticiasmercedinas.com\\\/site\\\/2023\\\/01\\\/06\\\/afiliados-a-sindicatos-accederan-a-teatro-gratuito-en-mar-del-plata\\\/\"},\"wordCount\":581,\"commentCount\":1,\"publisher\":{\"@id\":\"https:\\\/\\\/noticiasmercedinas.com\\\/site\\\/#organization\"},\"image\":{\"@id\":\"https:\\\/\\\/noticiasmercedinas.com\\\/site\\\/2023\\\/01\\\/06\\\/afiliados-a-sindicatos-accederan-a-teatro-gratuito-en-mar-del-plata\\\/#primaryimage\"},\"thumbnailUrl\":\"https:\\\/\\\/noticiasmercedinas.com\\\/site\\\/wp-content\\\/uploads\\\/2023\\\/01\\\/teatro.jpg\",\"keywords\":[\"Instituto Cultural de la Provincia de Buenos Aires\",\"mar del plata\",\"ministerio de trabajo\",\"teatro\",\"Walter Correa\"],\"articleSection\":[\"Provinciales\"],\"inLanguage\":\"es\",\"potentialAction\":[{\"@type\":\"CommentAction\",\"name\":\"Comment\",\"target\":[\"https:\\\/\\\/noticiasmercedinas.com\\\/site\\\/2023\\\/01\\\/06\\\/afiliados-a-sindicatos-accederan-a-teatro-gratuito-en-mar-del-plata\\\/#respond\"]}]},{\"@type\":\"WebPage\",\"@id\":\"https:\\\/\\\/noticiasmercedinas.com\\\/site\\\/2023\\\/01\\\/06\\\/afiliados-a-sindicatos-accederan-a-teatro-gratuito-en-mar-del-plata\\\/\",\"url\":\"https:\\\/\\\/noticiasmercedinas.com\\\/site\\\/2023\\\/01\\\/06\\\/afiliados-a-sindicatos-accederan-a-teatro-gratuito-en-mar-del-plata\\\/\",\"name\":\"Afiliados a sindicatos acceder\u00e1n a teatro gratuito en Mar del Plata\",\"isPartOf\":{\"@id\":\"https:\\\/\\\/noticiasmercedinas.com\\\/site\\\/#website\"},\"primaryImageOfPage\":{\"@id\":\"https:\\\/\\\/noticiasmercedinas.com\\\/site\\\/2023\\\/01\\\/06\\\/afiliados-a-sindicatos-accederan-a-teatro-gratuito-en-mar-del-plata\\\/#primaryimage\"},\"image\":{\"@id\":\"https:\\\/\\\/noticiasmercedinas.com\\\/site\\\/2023\\\/01\\\/06\\\/afiliados-a-sindicatos-accederan-a-teatro-gratuito-en-mar-del-plata\\\/#primaryimage\"},\"thumbnailUrl\":\"https:\\\/\\\/noticiasmercedinas.com\\\/site\\\/wp-content\\\/uploads\\\/2023\\\/01\\\/teatro.jpg\",\"datePublished\":\"2023-01-06T13:32:59+00:00\",\"breadcrumb\":{\"@id\":\"https:\\\/\\\/noticiasmercedinas.com\\\/site\\\/2023\\\/01\\\/06\\\/afiliados-a-sindicatos-accederan-a-teatro-gratuito-en-mar-del-plata\\\/#breadcrumb\"},\"inLanguage\":\"es\",\"potentialAction\":[{\"@type\":\"ReadAction\",\"target\":[\"https:\\\/\\\/noticiasmercedinas.com\\\/site\\\/2023\\\/01\\\/06\\\/afiliados-a-sindicatos-accederan-a-teatro-gratuito-en-mar-del-plata\\\/\"]}]},{\"@type\":\"ImageObject\",\"inLanguage\":\"es\",\"@id\":\"https:\\\/\\\/noticiasmercedinas.com\\\/site\\\/2023\\\/01\\\/06\\\/afiliados-a-sindicatos-accederan-a-teatro-gratuito-en-mar-del-plata\\\/#primaryimage\",\"url\":\"https:\\\/\\\/noticiasmercedinas.com\\\/site\\\/wp-content\\\/uploads\\\/2023\\\/01\\\/teatro.jpg\",\"contentUrl\":\"https:\\\/\\\/noticiasmercedinas.com\\\/site\\\/wp-content\\\/uploads\\\/2023\\\/01\\\/teatro.jpg\",\"width\":1549,\"height\":1001},{\"@type\":\"BreadcrumbList\",\"@id\":\"https:\\\/\\\/noticiasmercedinas.com\\\/site\\\/2023\\\/01\\\/06\\\/afiliados-a-sindicatos-accederan-a-teatro-gratuito-en-mar-del-plata\\\/#breadcrumb\",\"itemListElement\":[{\"@type\":\"ListItem\",\"position\":1,\"name\":\"Portada\",\"item\":\"https:\\\/\\\/noticiasmercedinas.com\\\/site\\\/\"},{\"@type\":\"ListItem\",\"position\":2,\"name\":\"Afiliados a sindicatos acceder\u00e1n a teatro gratuito en Mar del Plata\"}]},{\"@type\":\"WebSite\",\"@id\":\"https:\\\/\\\/noticiasmercedinas.com\\\/site\\\/#website\",\"url\":\"https:\\\/\\\/noticiasmercedinas.com\\\/site\\\/\",\"name\":\"NOTICIASMERCEDINAS.COM\",\"description\":\"Mercedes, Buenos Aires, Argentina\",\"publisher\":{\"@id\":\"https:\\\/\\\/noticiasmercedinas.com\\\/site\\\/#organization\"},\"potentialAction\":[{\"@type\":\"SearchAction\",\"target\":{\"@type\":\"EntryPoint\",\"urlTemplate\":\"https:\\\/\\\/noticiasmercedinas.com\\\/site\\\/?s={search_term_string}\"},\"query-input\":{\"@type\":\"PropertyValueSpecification\",\"valueRequired\":true,\"valueName\":\"search_term_string\"}}],\"inLanguage\":\"es\"},{\"@type\":\"Organization\",\"@id\":\"https:\\\/\\\/noticiasmercedinas.com\\\/site\\\/#organization\",\"name\":\"NOTICIASMERCEDINAS.COM\",\"url\":\"https:\\\/\\\/noticiasmercedinas.com\\\/site\\\/\",\"logo\":{\"@type\":\"ImageObject\",\"inLanguage\":\"es\",\"@id\":\"https:\\\/\\\/noticiasmercedinas.com\\\/site\\\/#\\\/schema\\\/logo\\\/image\\\/\",\"url\":\"https:\\\/\\\/noticiasmercedinas.com\\\/site\\\/wp-content\\\/uploads\\\/2020\\\/06\\\/LOGO-512.jpg\",\"contentUrl\":\"https:\\\/\\\/noticiasmercedinas.com\\\/site\\\/wp-content\\\/uploads\\\/2020\\\/06\\\/LOGO-512.jpg\",\"width\":512,\"height\":512,\"caption\":\"NOTICIASMERCEDINAS.COM\"},\"image\":{\"@id\":\"https:\\\/\\\/noticiasmercedinas.com\\\/site\\\/#\\\/schema\\\/logo\\\/image\\\/\"},\"sameAs\":[\"https:\\\/\\\/www.facebook.com\\\/noticiasmercedinas\\\/\",\"https:\\\/\\\/x.com\\\/notmercedinas\",\"https:\\\/\\\/www.instagram.com\\\/noticiasmercedinas\\\/\"]},{\"@type\":\"Person\",\"@id\":\"https:\\\/\\\/noticiasmercedinas.com\\\/site\\\/#\\\/schema\\\/person\\\/84b59c099c28ff2e8b77d4ceec5d8063\",\"name\":\"NOTICIASMERCEDINAS.COM\",\"image\":{\"@type\":\"ImageObject\",\"inLanguage\":\"es\",\"@id\":\"https:\\\/\\\/secure.gravatar.com\\\/avatar\\\/4dfbf16b4d17945bfb6341b2d19043457132fcf478a5ee04f42e959fd8f5df0a?s=96&d=mm&r=g\",\"url\":\"https:\\\/\\\/secure.gravatar.com\\\/avatar\\\/4dfbf16b4d17945bfb6341b2d19043457132fcf478a5ee04f42e959fd8f5df0a?s=96&d=mm&r=g\",\"contentUrl\":\"https:\\\/\\\/secure.gravatar.com\\\/avatar\\\/4dfbf16b4d17945bfb6341b2d19043457132fcf478a5ee04f42e959fd8f5df0a?s=96&d=mm&r=g\",\"caption\":\"NOTICIASMERCEDINAS.COM\"},\"url\":\"https:\\\/\\\/noticiasmercedinas.com\\\/site\\\/author\\\/anonimo\\\/\"}]}<\/script>\n<!-- \/ Yoast SEO plugin. -->","yoast_head_json":{"title":"Afiliados a sindicatos acceder\u00e1n a teatro gratuito en Mar del Plata","robots":{"index":"index","follow":"follow","max-snippet":"max-snippet:-1","max-image-preview":"max-image-preview:large","max-video-preview":"max-video-preview:-1"},"canonical":"https:\/\/noticiasmercedinas.com\/site\/2023\/01\/06\/afiliados-a-sindicatos-accederan-a-teatro-gratuito-en-mar-del-plata\/","og_locale":"es_ES","og_type":"article","og_title":"Afiliados a sindicatos acceder\u00e1n a teatro gratuito en Mar del Plata","og_description":"\u25a0 Es una iniciativa del Ministerio de Trabajo y el Instituto Cultural de la provincia de Buenos Aires junto a m\u00e1s de 50 organizaciones gremiales.","og_url":"https:\/\/noticiasmercedinas.com\/site\/2023\/01\/06\/afiliados-a-sindicatos-accederan-a-teatro-gratuito-en-mar-del-plata\/","og_site_name":"NOTICIASMERCEDINAS.COM","article_publisher":"https:\/\/www.facebook.com\/noticiasmercedinas\/","article_published_time":"2023-01-06T13:32:59+00:00","og_image":[{"width":1549,"height":1001,"url":"https:\/\/noticiasmercedinas.com\/site\/wp-content\/uploads\/2023\/01\/teatro.jpg","type":"image\/jpeg"}],"author":"NOTICIASMERCEDINAS.COM","twitter_card":"summary_large_image","twitter_creator":"@notmercedinas","twitter_site":"@notmercedinas","twitter_misc":{"Escrito por":"NOTICIASMERCEDINAS.COM","Tiempo de lectura":"3 minutos"},"schema":{"@context":"https:\/\/schema.org","@graph":[{"@type":"Article","@id":"https:\/\/noticiasmercedinas.com\/site\/2023\/01\/06\/afiliados-a-sindicatos-accederan-a-teatro-gratuito-en-mar-del-plata\/#article","isPartOf":{"@id":"https:\/\/noticiasmercedinas.com\/site\/2023\/01\/06\/afiliados-a-sindicatos-accederan-a-teatro-gratuito-en-mar-del-plata\/"},"author":{"name":"NOTICIASMERCEDINAS.COM","@id":"https:\/\/noticiasmercedinas.com\/site\/#\/schema\/person\/84b59c099c28ff2e8b77d4ceec5d8063"},"headline":"Afiliados a sindicatos acceder\u00e1n a teatro gratuito en Mar del Plata","datePublished":"2023-01-06T13:32:59+00:00","mainEntityOfPage":{"@id":"https:\/\/noticiasmercedinas.com\/site\/2023\/01\/06\/afiliados-a-sindicatos-accederan-a-teatro-gratuito-en-mar-del-plata\/"},"wordCount":581,"commentCount":1,"publisher":{"@id":"https:\/\/noticiasmercedinas.com\/site\/#organization"},"image":{"@id":"https:\/\/noticiasmercedinas.com\/site\/2023\/01\/06\/afiliados-a-sindicatos-accederan-a-teatro-gratuito-en-mar-del-plata\/#primaryimage"},"thumbnailUrl":"https:\/\/noticiasmercedinas.com\/site\/wp-content\/uploads\/2023\/01\/teatro.jpg","keywords":["Instituto Cultural de la Provincia de Buenos Aires","mar del plata","ministerio de trabajo","teatro","Walter Correa"],"articleSection":["Provinciales"],"inLanguage":"es","potentialAction":[{"@type":"CommentAction","name":"Comment","target":["https:\/\/noticiasmercedinas.com\/site\/2023\/01\/06\/afiliados-a-sindicatos-accederan-a-teatro-gratuito-en-mar-del-plata\/#respond"]}]},{"@type":"WebPage","@id":"https:\/\/noticiasmercedinas.com\/site\/2023\/01\/06\/afiliados-a-sindicatos-accederan-a-teatro-gratuito-en-mar-del-plata\/","url":"https:\/\/noticiasmercedinas.com\/site\/2023\/01\/06\/afiliados-a-sindicatos-accederan-a-teatro-gratuito-en-mar-del-plata\/","name":"Afiliados a sindicatos acceder\u00e1n a teatro gratuito en Mar del Plata","isPartOf":{"@id":"https:\/\/noticiasmercedinas.com\/site\/#website"},"primaryImageOfPage":{"@id":"https:\/\/noticiasmercedinas.com\/site\/2023\/01\/06\/afiliados-a-sindicatos-accederan-a-teatro-gratuito-en-mar-del-plata\/#primaryimage"},"image":{"@id":"https:\/\/noticiasmercedinas.com\/site\/2023\/01\/06\/afiliados-a-sindicatos-accederan-a-teatro-gratuito-en-mar-del-plata\/#primaryimage"},"thumbnailUrl":"https:\/\/noticiasmercedinas.com\/site\/wp-content\/uploads\/2023\/01\/teatro.jpg","datePublished":"2023-01-06T13:32:59+00:00","breadcrumb":{"@id":"https:\/\/noticiasmercedinas.com\/site\/2023\/01\/06\/afiliados-a-sindicatos-accederan-a-teatro-gratuito-en-mar-del-plata\/#breadcrumb"},"inLanguage":"es","potentialAction":[{"@type":"ReadAction","target":["https:\/\/noticiasmercedinas.com\/site\/2023\/01\/06\/afiliados-a-sindicatos-accederan-a-teatro-gratuito-en-mar-del-plata\/"]}]},{"@type":"ImageObject","inLanguage":"es","@id":"https:\/\/noticiasmercedinas.com\/site\/2023\/01\/06\/afiliados-a-sindicatos-accederan-a-teatro-gratuito-en-mar-del-plata\/#primaryimage","url":"https:\/\/noticiasmercedinas.com\/site\/wp-content\/uploads\/2023\/01\/teatro.jpg","contentUrl":"https:\/\/noticiasmercedinas.com\/site\/wp-content\/uploads\/2023\/01\/teatro.jpg","width":1549,"height":1001},{"@type":"BreadcrumbList","@id":"https:\/\/noticiasmercedinas.com\/site\/2023\/01\/06\/afiliados-a-sindicatos-accederan-a-teatro-gratuito-en-mar-del-plata\/#breadcrumb","itemListElement":[{"@type":"ListItem","position":1,"name":"Portada","item":"https:\/\/noticiasmercedinas.com\/site\/"},{"@type":"ListItem","position":2,"name":"Afiliados a sindicatos acceder\u00e1n a teatro gratuito en Mar del Plata"}]},{"@type":"WebSite","@id":"https:\/\/noticiasmercedinas.com\/site\/#website","url":"https:\/\/noticiasmercedinas.com\/site\/","name":"NOTICIASMERCEDINAS.COM","description":"Mercedes, Buenos Aires, Argentina","publisher":{"@id":"https:\/\/noticiasmercedinas.com\/site\/#organization"},"potentialAction":[{"@type":"SearchAction","target":{"@type":"EntryPoint","urlTemplate":"https:\/\/noticiasmercedinas.com\/site\/?s={search_term_string}"},"query-input":{"@type":"PropertyValueSpecification","valueRequired":true,"valueName":"search_term_string"}}],"inLanguage":"es"},{"@type":"Organization","@id":"https:\/\/noticiasmercedinas.com\/site\/#organization","name":"NOTICIASMERCEDINAS.COM","url":"https:\/\/noticiasmercedinas.com\/site\/","logo":{"@type":"ImageObject","inLanguage":"es","@id":"https:\/\/noticiasmercedinas.com\/site\/#\/schema\/logo\/image\/","url":"https:\/\/noticiasmercedinas.com\/site\/wp-content\/uploads\/2020\/06\/LOGO-512.jpg","contentUrl":"https:\/\/noticiasmercedinas.com\/site\/wp-content\/uploads\/2020\/06\/LOGO-512.jpg","width":512,"height":512,"caption":"NOTICIASMERCEDINAS.COM"},"image":{"@id":"https:\/\/noticiasmercedinas.com\/site\/#\/schema\/logo\/image\/"},"sameAs":["https:\/\/www.facebook.com\/noticiasmercedinas\/","https:\/\/x.com\/notmercedinas","https:\/\/www.instagram.com\/noticiasmercedinas\/"]},{"@type":"Person","@id":"https:\/\/noticiasmercedinas.com\/site\/#\/schema\/person\/84b59c099c28ff2e8b77d4ceec5d8063","name":"NOTICIASMERCEDINAS.COM","image":{"@type":"ImageObject","inLanguage":"es","@id":"https:\/\/secure.gravatar.com\/avatar\/4dfbf16b4d17945bfb6341b2d19043457132fcf478a5ee04f42e959fd8f5df0a?s=96&d=mm&r=g","url":"https:\/\/secure.gravatar.com\/avatar\/4dfbf16b4d17945bfb6341b2d19043457132fcf478a5ee04f42e959fd8f5df0a?s=96&d=mm&r=g","contentUrl":"https:\/\/secure.gravatar.com\/avatar\/4dfbf16b4d17945bfb6341b2d19043457132fcf478a5ee04f42e959fd8f5df0a?s=96&d=mm&r=g","caption":"NOTICIASMERCEDINAS.COM"},"url":"https:\/\/noticiasmercedinas.com\/site\/author\/anonimo\/"}]}},"amp_enabled":true,"_links":{"self":[{"href":"https:\/\/noticiasmercedinas.com\/site\/wp-json\/wp\/v2\/posts\/107417","targetHints":{"allow":["GET"]}}],"collection":[{"href":"https:\/\/noticiasmercedinas.com\/site\/wp-json\/wp\/v2\/posts"}],"about":[{"href":"https:\/\/noticiasmercedinas.com\/site\/wp-json\/wp\/v2\/types\/post"}],"author":[{"embeddable":true,"href":"https:\/\/noticiasmercedinas.com\/site\/wp-json\/wp\/v2\/users\/16"}],"replies":[{"embeddable":true,"href":"https:\/\/noticiasmercedinas.com\/site\/wp-json\/wp\/v2\/comments?post=107417"}],"version-history":[{"count":1,"href":"https:\/\/noticiasmercedinas.com\/site\/wp-json\/wp\/v2\/posts\/107417\/revisions"}],"predecessor-version":[{"id":107420,"href":"https:\/\/noticiasmercedinas.com\/site\/wp-json\/wp\/v2\/posts\/107417\/revisions\/107420"}],"wp:featuredmedia":[{"embeddable":true,"href":"https:\/\/noticiasmercedinas.com\/site\/wp-json\/wp\/v2\/media\/107418"}],"wp:attachment":[{"href":"https:\/\/noticiasmercedinas.com\/site\/wp-json\/wp\/v2\/media?parent=107417"}],"wp:term":[{"taxonomy":"category","embeddable":true,"href":"https:\/\/noticiasmercedinas.com\/site\/wp-json\/wp\/v2\/categories?post=107417"},{"taxonomy":"post_tag","embeddable":true,"href":"https:\/\/noticiasmercedinas.com\/site\/wp-json\/wp\/v2\/tags?post=107417"}],"curies":[{"name":"wp","href":"https:\/\/api.w.org\/{rel}","templated":true}]}}