{"id":10745,"date":"2019-01-16T15:59:39","date_gmt":"2019-01-16T18:59:39","guid":{"rendered":"https:\/\/noticiasmercedinas.com\/site\/?p=10745"},"modified":"2019-01-16T15:59:39","modified_gmt":"2019-01-16T18:59:39","slug":"criticas-de-la-ueb-mercedes-a-la-gobernadora-vidal-por-el-uso-de-la-palabra-tragedia","status":"publish","type":"post","link":"https:\/\/noticiasmercedinas.com\/site\/2019\/01\/16\/criticas-de-la-ueb-mercedes-a-la-gobernadora-vidal-por-el-uso-de-la-palabra-tragedia\/","title":{"rendered":"Cr\u00edticas de la UEB Mercedes a la gobernadora Vidal por el uso de la palabra \u201ctragedia\u201d"},"content":{"rendered":"<p><img loading=\"lazy\" decoding=\"async\" class=\"alignnone size-full wp-image-10746\" src=\"https:\/\/noticiasmercedinas.com\/site\/wp-content\/uploads\/2019\/01\/IMG_20181008_191138.jpg\" alt=\"\" width=\"640\" height=\"381\" srcset=\"https:\/\/noticiasmercedinas.com\/site\/wp-content\/uploads\/2019\/01\/IMG_20181008_191138.jpg 640w, https:\/\/noticiasmercedinas.com\/site\/wp-content\/uploads\/2019\/01\/IMG_20181008_191138-300x179.jpg 300w\" sizes=\"auto, (max-width: 640px) 100vw, 640px\" \/><\/p>\n<p>Silvia Gandolfi, Secretaria General de la Uni\u00f3n Educadores Bonaerenses de Mercedes, cuestion\u00f3 duramente la utilizaci\u00f3n de la palabra \u201ctragedia\u201d por parte de la gobernadora bonaerense Mar\u00eda Eugenia Vidal al referirse a los conflictos que se suceden en el \u00e1mbito educativo y que podr\u00edan generar que no se inicien las clases en tiempo y forma ante los reclamos salariales y de condiciones laborales.<\/p>\n<p>En el programa televisivo de Mirta Legrand la gobernadora remarc\u00f3 que \u201ccuando las clases no comienzan no es un problema paritario o de desacuerdo entre el gobierno de la provincia y los dirigentes gremiales: es una tragedia para m\u00e1s de dos millones de chicos\u201d, y anticip\u00f3 que desde el gobierno har\u00e1n \u201cla mejor oferta salarial posible\u201d.<\/p>\n<p>\u201cUtiliza la palabra \u00abtragedia\u00bb para que el impacto en la sociedad genere no solo zozobra sino nuevamente cargue sobre los dirigentes gremiales y docentes la responsabilidad de resoluci\u00f3n cuando es del gobierno\u201d, sostuvo Gandolfi.<\/p>\n<p>\u201cTragedia es que Vidal no reconozca que los docentes deben ganar lo que les corresponde. Tragedia es la falta de cobertura de cargos. Tragedia es el cierre de cursos y carreras. Tragedia es que mueran docentes como Sandra y Rub\u00e9n por las malas condiciones de los edificios escolares\u201d, agreg\u00f3 la dirigente gremial.<\/p>\n<p>\u201cTragedia es dejar a m\u00e1s de tres millones de ni\u00f1os, ni\u00f1as, adolescentes y adultos sin las dignas posibilidades educativas. No se confunda gobernadora, y no trate de confundir, tragedia es usted como gobernante y no los trabajadores de la educaci\u00f3n\u201d, complet\u00f3.<\/p>\n","protected":false},"excerpt":{"rendered":"<p>Silvia Gandolfi, Secretaria General de la Uni\u00f3n Educadores Bonaerenses de Mercedes, cuestion\u00f3 duramente la utilizaci\u00f3n de la palabra \u201ctragedia\u201d por parte de la gobernadora bonaerense Mar\u00eda Eugenia Vidal al referirse a los conflictos que se suceden en el \u00e1mbito educativo y que podr\u00edan generar que no se inicien las clases en tiempo y forma ante [&hellip;]<\/p>\n","protected":false},"author":2,"featured_media":10746,"comment_status":"open","ping_status":"open","sticky":false,"template":"","format":"standard","meta":{"footnotes":""},"categories":[3],"tags":[38,422,795,3283,259],"class_list":["post-10745","post","type-post","status-publish","format-standard","has-post-thumbnail","hentry","category-sociedad","tag-educacion","tag-maria-eugenia-vidal","tag-silvia-gandolfi","tag-tragedia","tag-ueb"],"yoast_head":"<!-- This site is optimized with the Yoast SEO plugin v27.4 - https:\/\/yoast.com\/product\/yoast-seo-wordpress\/ -->\n<title>Cr\u00edticas de la UEB Mercedes a la gobernadora Vidal por el uso de la palabra \u201ctragedia\u201d<\/title>\n<meta name=\"robots\" content=\"index, follow, max-snippet:-1, max-image-preview:large, max-video-preview:-1\" \/>\n<link rel=\"canonical\" href=\"https:\/\/noticiasmercedinas.com\/site\/2019\/01\/16\/criticas-de-la-ueb-mercedes-a-la-gobernadora-vidal-por-el-uso-de-la-palabra-tragedia\/\" \/>\n<meta property=\"og:locale\" content=\"es_ES\" \/>\n<meta property=\"og:type\" content=\"article\" \/>\n<meta property=\"og:title\" content=\"Cr\u00edticas de la UEB Mercedes a la gobernadora Vidal por el uso de la palabra \u201ctragedia\u201d\" \/>\n<meta property=\"og:description\" content=\"Silvia Gandolfi, Secretaria General de la Uni\u00f3n Educadores Bonaerenses de Mercedes, cuestion\u00f3 duramente la utilizaci\u00f3n de la palabra \u201ctragedia\u201d por parte de la gobernadora bonaerense Mar\u00eda Eugenia Vidal al referirse a los conflictos que se suceden en el \u00e1mbito educativo y que podr\u00edan generar que no se inicien las clases en tiempo y forma ante [&hellip;]\" \/>\n<meta property=\"og:url\" content=\"https:\/\/noticiasmercedinas.com\/site\/2019\/01\/16\/criticas-de-la-ueb-mercedes-a-la-gobernadora-vidal-por-el-uso-de-la-palabra-tragedia\/\" \/>\n<meta property=\"og:site_name\" content=\"NOTICIASMERCEDINAS.COM\" \/>\n<meta property=\"article:publisher\" content=\"https:\/\/www.facebook.com\/noticiasmercedinas\/\" \/>\n<meta property=\"article:author\" content=\"https:\/\/www.facebook.com\/cristian.falabella\" \/>\n<meta property=\"article:published_time\" content=\"2019-01-16T18:59:39+00:00\" \/>\n<meta property=\"og:image\" content=\"https:\/\/noticiasmercedinas.com\/site\/wp-content\/uploads\/2019\/01\/IMG_20181008_191138.jpg\" \/>\n\t<meta property=\"og:image:width\" content=\"640\" \/>\n\t<meta property=\"og:image:height\" content=\"381\" \/>\n\t<meta property=\"og:image:type\" content=\"image\/jpeg\" \/>\n<meta name=\"author\" content=\"Cristian Falabella NOTICIASMERCEDINAS.COM\" \/>\n<meta name=\"twitter:card\" content=\"summary_large_image\" \/>\n<meta name=\"twitter:creator\" content=\"@https:\/\/twitter.com\/NOTMERCEDINAS\" \/>\n<meta name=\"twitter:site\" content=\"@notmercedinas\" \/>\n<meta name=\"twitter:label1\" content=\"Escrito por\" \/>\n\t<meta name=\"twitter:data1\" content=\"Cristian Falabella NOTICIASMERCEDINAS.COM\" \/>\n\t<meta name=\"twitter:label2\" content=\"Tiempo de lectura\" \/>\n\t<meta name=\"twitter:data2\" content=\"1 minuto\" \/>\n<script type=\"application\/ld+json\" class=\"yoast-schema-graph\">{\"@context\":\"https:\\\/\\\/schema.org\",\"@graph\":[{\"@type\":\"Article\",\"@id\":\"https:\\\/\\\/noticiasmercedinas.com\\\/site\\\/2019\\\/01\\\/16\\\/criticas-de-la-ueb-mercedes-a-la-gobernadora-vidal-por-el-uso-de-la-palabra-tragedia\\\/#article\",\"isPartOf\":{\"@id\":\"https:\\\/\\\/noticiasmercedinas.com\\\/site\\\/2019\\\/01\\\/16\\\/criticas-de-la-ueb-mercedes-a-la-gobernadora-vidal-por-el-uso-de-la-palabra-tragedia\\\/\"},\"author\":{\"name\":\"Cristian Falabella NOTICIASMERCEDINAS.COM\",\"@id\":\"https:\\\/\\\/noticiasmercedinas.com\\\/site\\\/#\\\/schema\\\/person\\\/d481a9696a5feaec13a60e2bbd991a6a\"},\"headline\":\"Cr\u00edticas de la UEB Mercedes a la gobernadora Vidal por el uso de la palabra \u201ctragedia\u201d\",\"datePublished\":\"2019-01-16T18:59:39+00:00\",\"mainEntityOfPage\":{\"@id\":\"https:\\\/\\\/noticiasmercedinas.com\\\/site\\\/2019\\\/01\\\/16\\\/criticas-de-la-ueb-mercedes-a-la-gobernadora-vidal-por-el-uso-de-la-palabra-tragedia\\\/\"},\"wordCount\":274,\"commentCount\":0,\"publisher\":{\"@id\":\"https:\\\/\\\/noticiasmercedinas.com\\\/site\\\/#organization\"},\"image\":{\"@id\":\"https:\\\/\\\/noticiasmercedinas.com\\\/site\\\/2019\\\/01\\\/16\\\/criticas-de-la-ueb-mercedes-a-la-gobernadora-vidal-por-el-uso-de-la-palabra-tragedia\\\/#primaryimage\"},\"thumbnailUrl\":\"https:\\\/\\\/noticiasmercedinas.com\\\/site\\\/wp-content\\\/uploads\\\/2019\\\/01\\\/IMG_20181008_191138.jpg\",\"keywords\":[\"educacion\",\"maria eugenia vidal\",\"silvia gandolfi\",\"tragedia\",\"ueb\"],\"articleSection\":[\"Sociedad\"],\"inLanguage\":\"es\",\"potentialAction\":[{\"@type\":\"CommentAction\",\"name\":\"Comment\",\"target\":[\"https:\\\/\\\/noticiasmercedinas.com\\\/site\\\/2019\\\/01\\\/16\\\/criticas-de-la-ueb-mercedes-a-la-gobernadora-vidal-por-el-uso-de-la-palabra-tragedia\\\/#respond\"]}]},{\"@type\":\"WebPage\",\"@id\":\"https:\\\/\\\/noticiasmercedinas.com\\\/site\\\/2019\\\/01\\\/16\\\/criticas-de-la-ueb-mercedes-a-la-gobernadora-vidal-por-el-uso-de-la-palabra-tragedia\\\/\",\"url\":\"https:\\\/\\\/noticiasmercedinas.com\\\/site\\\/2019\\\/01\\\/16\\\/criticas-de-la-ueb-mercedes-a-la-gobernadora-vidal-por-el-uso-de-la-palabra-tragedia\\\/\",\"name\":\"Cr\u00edticas de la UEB Mercedes a la gobernadora Vidal por el uso de la palabra \u201ctragedia\u201d\",\"isPartOf\":{\"@id\":\"https:\\\/\\\/noticiasmercedinas.com\\\/site\\\/#website\"},\"primaryImageOfPage\":{\"@id\":\"https:\\\/\\\/noticiasmercedinas.com\\\/site\\\/2019\\\/01\\\/16\\\/criticas-de-la-ueb-mercedes-a-la-gobernadora-vidal-por-el-uso-de-la-palabra-tragedia\\\/#primaryimage\"},\"image\":{\"@id\":\"https:\\\/\\\/noticiasmercedinas.com\\\/site\\\/2019\\\/01\\\/16\\\/criticas-de-la-ueb-mercedes-a-la-gobernadora-vidal-por-el-uso-de-la-palabra-tragedia\\\/#primaryimage\"},\"thumbnailUrl\":\"https:\\\/\\\/noticiasmercedinas.com\\\/site\\\/wp-content\\\/uploads\\\/2019\\\/01\\\/IMG_20181008_191138.jpg\",\"datePublished\":\"2019-01-16T18:59:39+00:00\",\"breadcrumb\":{\"@id\":\"https:\\\/\\\/noticiasmercedinas.com\\\/site\\\/2019\\\/01\\\/16\\\/criticas-de-la-ueb-mercedes-a-la-gobernadora-vidal-por-el-uso-de-la-palabra-tragedia\\\/#breadcrumb\"},\"inLanguage\":\"es\",\"potentialAction\":[{\"@type\":\"ReadAction\",\"target\":[\"https:\\\/\\\/noticiasmercedinas.com\\\/site\\\/2019\\\/01\\\/16\\\/criticas-de-la-ueb-mercedes-a-la-gobernadora-vidal-por-el-uso-de-la-palabra-tragedia\\\/\"]}]},{\"@type\":\"ImageObject\",\"inLanguage\":\"es\",\"@id\":\"https:\\\/\\\/noticiasmercedinas.com\\\/site\\\/2019\\\/01\\\/16\\\/criticas-de-la-ueb-mercedes-a-la-gobernadora-vidal-por-el-uso-de-la-palabra-tragedia\\\/#primaryimage\",\"url\":\"https:\\\/\\\/noticiasmercedinas.com\\\/site\\\/wp-content\\\/uploads\\\/2019\\\/01\\\/IMG_20181008_191138.jpg\",\"contentUrl\":\"https:\\\/\\\/noticiasmercedinas.com\\\/site\\\/wp-content\\\/uploads\\\/2019\\\/01\\\/IMG_20181008_191138.jpg\",\"width\":640,\"height\":381},{\"@type\":\"BreadcrumbList\",\"@id\":\"https:\\\/\\\/noticiasmercedinas.com\\\/site\\\/2019\\\/01\\\/16\\\/criticas-de-la-ueb-mercedes-a-la-gobernadora-vidal-por-el-uso-de-la-palabra-tragedia\\\/#breadcrumb\",\"itemListElement\":[{\"@type\":\"ListItem\",\"position\":1,\"name\":\"Portada\",\"item\":\"https:\\\/\\\/noticiasmercedinas.com\\\/site\\\/\"},{\"@type\":\"ListItem\",\"position\":2,\"name\":\"Cr\u00edticas de la UEB Mercedes a la gobernadora Vidal por el uso de la palabra \u201ctragedia\u201d\"}]},{\"@type\":\"WebSite\",\"@id\":\"https:\\\/\\\/noticiasmercedinas.com\\\/site\\\/#website\",\"url\":\"https:\\\/\\\/noticiasmercedinas.com\\\/site\\\/\",\"name\":\"NOTICIASMERCEDINAS.COM\",\"description\":\"Mercedes, Buenos Aires, Argentina\",\"publisher\":{\"@id\":\"https:\\\/\\\/noticiasmercedinas.com\\\/site\\\/#organization\"},\"potentialAction\":[{\"@type\":\"SearchAction\",\"target\":{\"@type\":\"EntryPoint\",\"urlTemplate\":\"https:\\\/\\\/noticiasmercedinas.com\\\/site\\\/?s={search_term_string}\"},\"query-input\":{\"@type\":\"PropertyValueSpecification\",\"valueRequired\":true,\"valueName\":\"search_term_string\"}}],\"inLanguage\":\"es\"},{\"@type\":\"Organization\",\"@id\":\"https:\\\/\\\/noticiasmercedinas.com\\\/site\\\/#organization\",\"name\":\"NOTICIASMERCEDINAS.COM\",\"url\":\"https:\\\/\\\/noticiasmercedinas.com\\\/site\\\/\",\"logo\":{\"@type\":\"ImageObject\",\"inLanguage\":\"es\",\"@id\":\"https:\\\/\\\/noticiasmercedinas.com\\\/site\\\/#\\\/schema\\\/logo\\\/image\\\/\",\"url\":\"https:\\\/\\\/noticiasmercedinas.com\\\/site\\\/wp-content\\\/uploads\\\/2020\\\/06\\\/LOGO-512.jpg\",\"contentUrl\":\"https:\\\/\\\/noticiasmercedinas.com\\\/site\\\/wp-content\\\/uploads\\\/2020\\\/06\\\/LOGO-512.jpg\",\"width\":512,\"height\":512,\"caption\":\"NOTICIASMERCEDINAS.COM\"},\"image\":{\"@id\":\"https:\\\/\\\/noticiasmercedinas.com\\\/site\\\/#\\\/schema\\\/logo\\\/image\\\/\"},\"sameAs\":[\"https:\\\/\\\/www.facebook.com\\\/noticiasmercedinas\\\/\",\"https:\\\/\\\/x.com\\\/notmercedinas\",\"https:\\\/\\\/www.instagram.com\\\/noticiasmercedinas\\\/\"]},{\"@type\":\"Person\",\"@id\":\"https:\\\/\\\/noticiasmercedinas.com\\\/site\\\/#\\\/schema\\\/person\\\/d481a9696a5feaec13a60e2bbd991a6a\",\"name\":\"Cristian Falabella NOTICIASMERCEDINAS.COM\",\"image\":{\"@type\":\"ImageObject\",\"inLanguage\":\"es\",\"@id\":\"https:\\\/\\\/secure.gravatar.com\\\/avatar\\\/0dbbfc45970cc46bcd0e57766228574ff3511d6eed045b182f536f0f478c1f06?s=96&d=mm&r=g\",\"url\":\"https:\\\/\\\/secure.gravatar.com\\\/avatar\\\/0dbbfc45970cc46bcd0e57766228574ff3511d6eed045b182f536f0f478c1f06?s=96&d=mm&r=g\",\"contentUrl\":\"https:\\\/\\\/secure.gravatar.com\\\/avatar\\\/0dbbfc45970cc46bcd0e57766228574ff3511d6eed045b182f536f0f478c1f06?s=96&d=mm&r=g\",\"caption\":\"Cristian Falabella NOTICIASMERCEDINAS.COM\"},\"description\":\"Periodista, editor de Noticias Mercedinas. Pas\u00f3 por varias redacciones y emprendimientos de prensa, en distintos formatos y \u00e9pocas. Se especializ\u00f3 --y sigue haci\u00e9ndolo-- en comunicaci\u00f3n en la web y en junio de 2006 fund\u00f3 este diario digital.\",\"sameAs\":[\"https:\\\/\\\/noticiasmercedinas.com\",\"https:\\\/\\\/www.facebook.com\\\/cristian.falabella\",\"https:\\\/\\\/www.instagram.com\\\/noticiasmercedinas\\\/\",\"https:\\\/\\\/x.com\\\/https:\\\/\\\/twitter.com\\\/NOTMERCEDINAS\"],\"url\":\"https:\\\/\\\/noticiasmercedinas.com\\\/site\\\/author\\\/as000384\\\/\"}]}<\/script>\n<!-- \/ Yoast SEO plugin. -->","yoast_head_json":{"title":"Cr\u00edticas de la UEB Mercedes a la gobernadora Vidal por el uso de la palabra \u201ctragedia\u201d","robots":{"index":"index","follow":"follow","max-snippet":"max-snippet:-1","max-image-preview":"max-image-preview:large","max-video-preview":"max-video-preview:-1"},"canonical":"https:\/\/noticiasmercedinas.com\/site\/2019\/01\/16\/criticas-de-la-ueb-mercedes-a-la-gobernadora-vidal-por-el-uso-de-la-palabra-tragedia\/","og_locale":"es_ES","og_type":"article","og_title":"Cr\u00edticas de la UEB Mercedes a la gobernadora Vidal por el uso de la palabra \u201ctragedia\u201d","og_description":"Silvia Gandolfi, Secretaria General de la Uni\u00f3n Educadores Bonaerenses de Mercedes, cuestion\u00f3 duramente la utilizaci\u00f3n de la palabra \u201ctragedia\u201d por parte de la gobernadora bonaerense Mar\u00eda Eugenia Vidal al referirse a los conflictos que se suceden en el \u00e1mbito educativo y que podr\u00edan generar que no se inicien las clases en tiempo y forma ante [&hellip;]","og_url":"https:\/\/noticiasmercedinas.com\/site\/2019\/01\/16\/criticas-de-la-ueb-mercedes-a-la-gobernadora-vidal-por-el-uso-de-la-palabra-tragedia\/","og_site_name":"NOTICIASMERCEDINAS.COM","article_publisher":"https:\/\/www.facebook.com\/noticiasmercedinas\/","article_author":"https:\/\/www.facebook.com\/cristian.falabella","article_published_time":"2019-01-16T18:59:39+00:00","og_image":[{"width":640,"height":381,"url":"https:\/\/noticiasmercedinas.com\/site\/wp-content\/uploads\/2019\/01\/IMG_20181008_191138.jpg","type":"image\/jpeg"}],"author":"Cristian Falabella NOTICIASMERCEDINAS.COM","twitter_card":"summary_large_image","twitter_creator":"@https:\/\/twitter.com\/NOTMERCEDINAS","twitter_site":"@notmercedinas","twitter_misc":{"Escrito por":"Cristian Falabella NOTICIASMERCEDINAS.COM","Tiempo de lectura":"1 minuto"},"schema":{"@context":"https:\/\/schema.org","@graph":[{"@type":"Article","@id":"https:\/\/noticiasmercedinas.com\/site\/2019\/01\/16\/criticas-de-la-ueb-mercedes-a-la-gobernadora-vidal-por-el-uso-de-la-palabra-tragedia\/#article","isPartOf":{"@id":"https:\/\/noticiasmercedinas.com\/site\/2019\/01\/16\/criticas-de-la-ueb-mercedes-a-la-gobernadora-vidal-por-el-uso-de-la-palabra-tragedia\/"},"author":{"name":"Cristian Falabella NOTICIASMERCEDINAS.COM","@id":"https:\/\/noticiasmercedinas.com\/site\/#\/schema\/person\/d481a9696a5feaec13a60e2bbd991a6a"},"headline":"Cr\u00edticas de la UEB Mercedes a la gobernadora Vidal por el uso de la palabra \u201ctragedia\u201d","datePublished":"2019-01-16T18:59:39+00:00","mainEntityOfPage":{"@id":"https:\/\/noticiasmercedinas.com\/site\/2019\/01\/16\/criticas-de-la-ueb-mercedes-a-la-gobernadora-vidal-por-el-uso-de-la-palabra-tragedia\/"},"wordCount":274,"commentCount":0,"publisher":{"@id":"https:\/\/noticiasmercedinas.com\/site\/#organization"},"image":{"@id":"https:\/\/noticiasmercedinas.com\/site\/2019\/01\/16\/criticas-de-la-ueb-mercedes-a-la-gobernadora-vidal-por-el-uso-de-la-palabra-tragedia\/#primaryimage"},"thumbnailUrl":"https:\/\/noticiasmercedinas.com\/site\/wp-content\/uploads\/2019\/01\/IMG_20181008_191138.jpg","keywords":["educacion","maria eugenia vidal","silvia gandolfi","tragedia","ueb"],"articleSection":["Sociedad"],"inLanguage":"es","potentialAction":[{"@type":"CommentAction","name":"Comment","target":["https:\/\/noticiasmercedinas.com\/site\/2019\/01\/16\/criticas-de-la-ueb-mercedes-a-la-gobernadora-vidal-por-el-uso-de-la-palabra-tragedia\/#respond"]}]},{"@type":"WebPage","@id":"https:\/\/noticiasmercedinas.com\/site\/2019\/01\/16\/criticas-de-la-ueb-mercedes-a-la-gobernadora-vidal-por-el-uso-de-la-palabra-tragedia\/","url":"https:\/\/noticiasmercedinas.com\/site\/2019\/01\/16\/criticas-de-la-ueb-mercedes-a-la-gobernadora-vidal-por-el-uso-de-la-palabra-tragedia\/","name":"Cr\u00edticas de la UEB Mercedes a la gobernadora Vidal por el uso de la palabra \u201ctragedia\u201d","isPartOf":{"@id":"https:\/\/noticiasmercedinas.com\/site\/#website"},"primaryImageOfPage":{"@id":"https:\/\/noticiasmercedinas.com\/site\/2019\/01\/16\/criticas-de-la-ueb-mercedes-a-la-gobernadora-vidal-por-el-uso-de-la-palabra-tragedia\/#primaryimage"},"image":{"@id":"https:\/\/noticiasmercedinas.com\/site\/2019\/01\/16\/criticas-de-la-ueb-mercedes-a-la-gobernadora-vidal-por-el-uso-de-la-palabra-tragedia\/#primaryimage"},"thumbnailUrl":"https:\/\/noticiasmercedinas.com\/site\/wp-content\/uploads\/2019\/01\/IMG_20181008_191138.jpg","datePublished":"2019-01-16T18:59:39+00:00","breadcrumb":{"@id":"https:\/\/noticiasmercedinas.com\/site\/2019\/01\/16\/criticas-de-la-ueb-mercedes-a-la-gobernadora-vidal-por-el-uso-de-la-palabra-tragedia\/#breadcrumb"},"inLanguage":"es","potentialAction":[{"@type":"ReadAction","target":["https:\/\/noticiasmercedinas.com\/site\/2019\/01\/16\/criticas-de-la-ueb-mercedes-a-la-gobernadora-vidal-por-el-uso-de-la-palabra-tragedia\/"]}]},{"@type":"ImageObject","inLanguage":"es","@id":"https:\/\/noticiasmercedinas.com\/site\/2019\/01\/16\/criticas-de-la-ueb-mercedes-a-la-gobernadora-vidal-por-el-uso-de-la-palabra-tragedia\/#primaryimage","url":"https:\/\/noticiasmercedinas.com\/site\/wp-content\/uploads\/2019\/01\/IMG_20181008_191138.jpg","contentUrl":"https:\/\/noticiasmercedinas.com\/site\/wp-content\/uploads\/2019\/01\/IMG_20181008_191138.jpg","width":640,"height":381},{"@type":"BreadcrumbList","@id":"https:\/\/noticiasmercedinas.com\/site\/2019\/01\/16\/criticas-de-la-ueb-mercedes-a-la-gobernadora-vidal-por-el-uso-de-la-palabra-tragedia\/#breadcrumb","itemListElement":[{"@type":"ListItem","position":1,"name":"Portada","item":"https:\/\/noticiasmercedinas.com\/site\/"},{"@type":"ListItem","position":2,"name":"Cr\u00edticas de la UEB Mercedes a la gobernadora Vidal por el uso de la palabra \u201ctragedia\u201d"}]},{"@type":"WebSite","@id":"https:\/\/noticiasmercedinas.com\/site\/#website","url":"https:\/\/noticiasmercedinas.com\/site\/","name":"NOTICIASMERCEDINAS.COM","description":"Mercedes, Buenos Aires, Argentina","publisher":{"@id":"https:\/\/noticiasmercedinas.com\/site\/#organization"},"potentialAction":[{"@type":"SearchAction","target":{"@type":"EntryPoint","urlTemplate":"https:\/\/noticiasmercedinas.com\/site\/?s={search_term_string}"},"query-input":{"@type":"PropertyValueSpecification","valueRequired":true,"valueName":"search_term_string"}}],"inLanguage":"es"},{"@type":"Organization","@id":"https:\/\/noticiasmercedinas.com\/site\/#organization","name":"NOTICIASMERCEDINAS.COM","url":"https:\/\/noticiasmercedinas.com\/site\/","logo":{"@type":"ImageObject","inLanguage":"es","@id":"https:\/\/noticiasmercedinas.com\/site\/#\/schema\/logo\/image\/","url":"https:\/\/noticiasmercedinas.com\/site\/wp-content\/uploads\/2020\/06\/LOGO-512.jpg","contentUrl":"https:\/\/noticiasmercedinas.com\/site\/wp-content\/uploads\/2020\/06\/LOGO-512.jpg","width":512,"height":512,"caption":"NOTICIASMERCEDINAS.COM"},"image":{"@id":"https:\/\/noticiasmercedinas.com\/site\/#\/schema\/logo\/image\/"},"sameAs":["https:\/\/www.facebook.com\/noticiasmercedinas\/","https:\/\/x.com\/notmercedinas","https:\/\/www.instagram.com\/noticiasmercedinas\/"]},{"@type":"Person","@id":"https:\/\/noticiasmercedinas.com\/site\/#\/schema\/person\/d481a9696a5feaec13a60e2bbd991a6a","name":"Cristian Falabella NOTICIASMERCEDINAS.COM","image":{"@type":"ImageObject","inLanguage":"es","@id":"https:\/\/secure.gravatar.com\/avatar\/0dbbfc45970cc46bcd0e57766228574ff3511d6eed045b182f536f0f478c1f06?s=96&d=mm&r=g","url":"https:\/\/secure.gravatar.com\/avatar\/0dbbfc45970cc46bcd0e57766228574ff3511d6eed045b182f536f0f478c1f06?s=96&d=mm&r=g","contentUrl":"https:\/\/secure.gravatar.com\/avatar\/0dbbfc45970cc46bcd0e57766228574ff3511d6eed045b182f536f0f478c1f06?s=96&d=mm&r=g","caption":"Cristian Falabella NOTICIASMERCEDINAS.COM"},"description":"Periodista, editor de Noticias Mercedinas. Pas\u00f3 por varias redacciones y emprendimientos de prensa, en distintos formatos y \u00e9pocas. Se especializ\u00f3 --y sigue haci\u00e9ndolo-- en comunicaci\u00f3n en la web y en junio de 2006 fund\u00f3 este diario digital.","sameAs":["https:\/\/noticiasmercedinas.com","https:\/\/www.facebook.com\/cristian.falabella","https:\/\/www.instagram.com\/noticiasmercedinas\/","https:\/\/x.com\/https:\/\/twitter.com\/NOTMERCEDINAS"],"url":"https:\/\/noticiasmercedinas.com\/site\/author\/as000384\/"}]}},"amp_enabled":true,"_links":{"self":[{"href":"https:\/\/noticiasmercedinas.com\/site\/wp-json\/wp\/v2\/posts\/10745","targetHints":{"allow":["GET"]}}],"collection":[{"href":"https:\/\/noticiasmercedinas.com\/site\/wp-json\/wp\/v2\/posts"}],"about":[{"href":"https:\/\/noticiasmercedinas.com\/site\/wp-json\/wp\/v2\/types\/post"}],"author":[{"embeddable":true,"href":"https:\/\/noticiasmercedinas.com\/site\/wp-json\/wp\/v2\/users\/2"}],"replies":[{"embeddable":true,"href":"https:\/\/noticiasmercedinas.com\/site\/wp-json\/wp\/v2\/comments?post=10745"}],"version-history":[{"count":1,"href":"https:\/\/noticiasmercedinas.com\/site\/wp-json\/wp\/v2\/posts\/10745\/revisions"}],"predecessor-version":[{"id":10747,"href":"https:\/\/noticiasmercedinas.com\/site\/wp-json\/wp\/v2\/posts\/10745\/revisions\/10747"}],"wp:featuredmedia":[{"embeddable":true,"href":"https:\/\/noticiasmercedinas.com\/site\/wp-json\/wp\/v2\/media\/10746"}],"wp:attachment":[{"href":"https:\/\/noticiasmercedinas.com\/site\/wp-json\/wp\/v2\/media?parent=10745"}],"wp:term":[{"taxonomy":"category","embeddable":true,"href":"https:\/\/noticiasmercedinas.com\/site\/wp-json\/wp\/v2\/categories?post=10745"},{"taxonomy":"post_tag","embeddable":true,"href":"https:\/\/noticiasmercedinas.com\/site\/wp-json\/wp\/v2\/tags?post=10745"}],"curies":[{"name":"wp","href":"https:\/\/api.w.org\/{rel}","templated":true}]}}