{"id":107654,"date":"2023-01-14T10:59:44","date_gmt":"2023-01-14T13:59:44","guid":{"rendered":"https:\/\/noticiasmercedinas.com\/site\/?p=107654"},"modified":"2023-01-14T10:59:44","modified_gmt":"2023-01-14T13:59:44","slug":"gran-inversion-de-provincia-y-municipio-para-las-escuelas-de-verano","status":"publish","type":"post","link":"https:\/\/noticiasmercedinas.com\/site\/2023\/01\/14\/gran-inversion-de-provincia-y-municipio-para-las-escuelas-de-verano\/","title":{"rendered":"Gran inversi\u00f3n de provincia y municipio para las Escuelas de Verano"},"content":{"rendered":"<p><img loading=\"lazy\" decoding=\"async\" class=\"alignnone wp-image-107657 size-full\" src=\"https:\/\/noticiasmercedinas.com\/site\/wp-content\/uploads\/2023\/01\/WhatsApp-Image-2023-01-12-at-10.57.57-1-e1673704541452.jpeg\" alt=\"\" width=\"719\" height=\"593\" srcset=\"https:\/\/noticiasmercedinas.com\/site\/wp-content\/uploads\/2023\/01\/WhatsApp-Image-2023-01-12-at-10.57.57-1-e1673704541452.jpeg 719w, https:\/\/noticiasmercedinas.com\/site\/wp-content\/uploads\/2023\/01\/WhatsApp-Image-2023-01-12-at-10.57.57-1-e1673704541452-300x247.jpeg 300w, https:\/\/noticiasmercedinas.com\/site\/wp-content\/uploads\/2023\/01\/WhatsApp-Image-2023-01-12-at-10.57.57-1-e1673704541452-640x528.jpeg 640w, https:\/\/noticiasmercedinas.com\/site\/wp-content\/uploads\/2023\/01\/WhatsApp-Image-2023-01-12-at-10.57.57-1-e1673704541452-681x562.jpeg 681w\" sizes=\"auto, (max-width: 719px) 100vw, 719px\" \/><\/p>\n<p>El gobierno provincial, a trav\u00e9s del Consejo Escolar, realiza una fuerte inversi\u00f3n en la compra de materiales art\u00edsticos y did\u00e1cticos para que docentes y estudiantes realicen diferentes tareas l\u00fadicas y de aprendizaje durante estas vacaciones en Mercedes.<\/p>\n<p>Las Escuelas de Verano funcionan en 17 sedes con una participaci\u00f3n cercana a los 500 estudiantes y, por segundo a\u00f1o consecutivo, se generan partidas de este tipo, lo que sumado a la inversi\u00f3n en art\u00edculos de limpieza y al servicio alimentario escolar, llegando a la suma de aproximadamente de 5 millones de pesos.<\/p>\n<p><img loading=\"lazy\" decoding=\"async\" class=\"alignnone size-full wp-image-107655\" src=\"https:\/\/noticiasmercedinas.com\/site\/wp-content\/uploads\/2023\/01\/WhatsApp-Image-2023-01-12-at-10.57.58.jpeg\" alt=\"\" width=\"720\" height=\"720\" srcset=\"https:\/\/noticiasmercedinas.com\/site\/wp-content\/uploads\/2023\/01\/WhatsApp-Image-2023-01-12-at-10.57.58.jpeg 720w, https:\/\/noticiasmercedinas.com\/site\/wp-content\/uploads\/2023\/01\/WhatsApp-Image-2023-01-12-at-10.57.58-300x300.jpeg 300w, https:\/\/noticiasmercedinas.com\/site\/wp-content\/uploads\/2023\/01\/WhatsApp-Image-2023-01-12-at-10.57.58-150x150.jpeg 150w, https:\/\/noticiasmercedinas.com\/site\/wp-content\/uploads\/2023\/01\/WhatsApp-Image-2023-01-12-at-10.57.58-640x640.jpeg 640w, https:\/\/noticiasmercedinas.com\/site\/wp-content\/uploads\/2023\/01\/WhatsApp-Image-2023-01-12-at-10.57.58-681x681.jpeg 681w\" sizes=\"auto, (max-width: 720px) 100vw, 720px\" \/><\/p>\n<p>A su vez, el municipio invierte en el traslado de los estudiantes a las diferentes piletas (del Parque, el Instituto Unzu\u00e9 y el C\u00edrculo de Suboficiales de Altamira) en las que se realizan actividades acu\u00e1ticas, con una inversi\u00f3n de $1.700.000, garantizando que las y los ni\u00f1os puedan disfrutar de las acciones que all\u00ed se realizan.<\/p>\n<p>\u201cEl gobernador Axel Kicillof y el intendente Juan Ustarroz siguen demostrando que la educaci\u00f3n es una prioridad, cada vez que desde la comunidad educativa solicitamos al municipio recursos la respuesta es positiva. No solo en t\u00e9rminos de infraestructura sino en t\u00e9rminos pedag\u00f3gicos el gobierno provincial se encuentra avanzando en una inversi\u00f3n hist\u00f3rica para todo el sistema educativo. Mientras realizamos otro tipo de acciones de cara al comienzo de clases el primero de marzo, hoy acompa\u00f1amos a todos los chicos y docentes que forman parte de las escuelas de verano \u00bb expres\u00f3 al respecto Jos\u00e9 Luis Pisano, presidente del Consejo Escolar.<\/p>\n<p><img loading=\"lazy\" decoding=\"async\" class=\"alignnone size-full wp-image-107656\" src=\"https:\/\/noticiasmercedinas.com\/site\/wp-content\/uploads\/2023\/01\/WhatsApp-Image-2023-01-12-at-10.57.57-2.jpeg\" alt=\"\" width=\"720\" height=\"720\" srcset=\"https:\/\/noticiasmercedinas.com\/site\/wp-content\/uploads\/2023\/01\/WhatsApp-Image-2023-01-12-at-10.57.57-2.jpeg 720w, https:\/\/noticiasmercedinas.com\/site\/wp-content\/uploads\/2023\/01\/WhatsApp-Image-2023-01-12-at-10.57.57-2-300x300.jpeg 300w, https:\/\/noticiasmercedinas.com\/site\/wp-content\/uploads\/2023\/01\/WhatsApp-Image-2023-01-12-at-10.57.57-2-150x150.jpeg 150w, https:\/\/noticiasmercedinas.com\/site\/wp-content\/uploads\/2023\/01\/WhatsApp-Image-2023-01-12-at-10.57.57-2-640x640.jpeg 640w, https:\/\/noticiasmercedinas.com\/site\/wp-content\/uploads\/2023\/01\/WhatsApp-Image-2023-01-12-at-10.57.57-2-681x681.jpeg 681w\" sizes=\"auto, (max-width: 720px) 100vw, 720px\" \/><\/p>\n","protected":false},"excerpt":{"rendered":"<p>\u25a0 Unos 5 millones de pesos se ponen en materiales art\u00edsticos, did\u00e1cticos y otros insumos para que docentes y estudiantes realicen diferentes tareas l\u00fadicas y de aprendizaje durante estas vacaciones en Mercedes.<\/p>\n","protected":false},"author":16,"featured_media":107657,"comment_status":"open","ping_status":"open","sticky":false,"template":"","format":"standard","meta":{"footnotes":""},"categories":[3],"tags":[267,7999,268],"class_list":["post-107654","post","type-post","status-publish","format-standard","has-post-thumbnail","hentry","category-sociedad","tag-consejo-escolar","tag-escuelas-de-verano","tag-jose-luis-pisano"],"yoast_head":"<!-- This site is optimized with the Yoast SEO plugin v27.5 - https:\/\/yoast.com\/product\/yoast-seo-wordpress\/ -->\n<title>Gran inversi\u00f3n de provincia y municipio para las Escuelas de Verano<\/title>\n<meta name=\"robots\" content=\"index, follow, max-snippet:-1, max-image-preview:large, max-video-preview:-1\" \/>\n<link rel=\"canonical\" href=\"https:\/\/noticiasmercedinas.com\/site\/2023\/01\/14\/gran-inversion-de-provincia-y-municipio-para-las-escuelas-de-verano\/\" \/>\n<meta property=\"og:locale\" content=\"es_ES\" \/>\n<meta property=\"og:type\" content=\"article\" \/>\n<meta property=\"og:title\" content=\"Gran inversi\u00f3n de provincia y municipio para las Escuelas de Verano\" \/>\n<meta property=\"og:description\" content=\"\u25a0 Unos 5 millones de pesos se ponen en materiales art\u00edsticos, did\u00e1cticos y otros insumos para que docentes y estudiantes realicen diferentes tareas l\u00fadicas y de aprendizaje durante estas vacaciones en Mercedes.\" \/>\n<meta property=\"og:url\" content=\"https:\/\/noticiasmercedinas.com\/site\/2023\/01\/14\/gran-inversion-de-provincia-y-municipio-para-las-escuelas-de-verano\/\" \/>\n<meta property=\"og:site_name\" content=\"NOTICIASMERCEDINAS.COM\" \/>\n<meta property=\"article:publisher\" content=\"https:\/\/www.facebook.com\/noticiasmercedinas\/\" \/>\n<meta property=\"article:published_time\" content=\"2023-01-14T13:59:44+00:00\" \/>\n<meta property=\"og:image\" content=\"https:\/\/noticiasmercedinas.com\/site\/wp-content\/uploads\/2023\/01\/WhatsApp-Image-2023-01-12-at-10.57.57-1-e1673704541452.jpeg\" \/>\n\t<meta property=\"og:image:width\" content=\"719\" \/>\n\t<meta property=\"og:image:height\" content=\"593\" \/>\n\t<meta property=\"og:image:type\" content=\"image\/jpeg\" \/>\n<meta name=\"author\" content=\"NOTICIASMERCEDINAS.COM\" \/>\n<meta name=\"twitter:card\" content=\"summary_large_image\" \/>\n<meta name=\"twitter:creator\" content=\"@notmercedinas\" \/>\n<meta name=\"twitter:site\" content=\"@notmercedinas\" \/>\n<meta name=\"twitter:label1\" content=\"Escrito por\" \/>\n\t<meta name=\"twitter:data1\" content=\"NOTICIASMERCEDINAS.COM\" \/>\n\t<meta name=\"twitter:label2\" content=\"Tiempo de lectura\" \/>\n\t<meta name=\"twitter:data2\" content=\"2 minutos\" \/>\n<script type=\"application\/ld+json\" class=\"yoast-schema-graph\">{\"@context\":\"https:\\\/\\\/schema.org\",\"@graph\":[{\"@type\":\"Article\",\"@id\":\"https:\\\/\\\/noticiasmercedinas.com\\\/site\\\/2023\\\/01\\\/14\\\/gran-inversion-de-provincia-y-municipio-para-las-escuelas-de-verano\\\/#article\",\"isPartOf\":{\"@id\":\"https:\\\/\\\/noticiasmercedinas.com\\\/site\\\/2023\\\/01\\\/14\\\/gran-inversion-de-provincia-y-municipio-para-las-escuelas-de-verano\\\/\"},\"author\":{\"name\":\"NOTICIASMERCEDINAS.COM\",\"@id\":\"https:\\\/\\\/noticiasmercedinas.com\\\/site\\\/#\\\/schema\\\/person\\\/84b59c099c28ff2e8b77d4ceec5d8063\"},\"headline\":\"Gran inversi\u00f3n de provincia y municipio para las Escuelas de Verano\",\"datePublished\":\"2023-01-14T13:59:44+00:00\",\"mainEntityOfPage\":{\"@id\":\"https:\\\/\\\/noticiasmercedinas.com\\\/site\\\/2023\\\/01\\\/14\\\/gran-inversion-de-provincia-y-municipio-para-las-escuelas-de-verano\\\/\"},\"wordCount\":272,\"commentCount\":1,\"publisher\":{\"@id\":\"https:\\\/\\\/noticiasmercedinas.com\\\/site\\\/#organization\"},\"image\":{\"@id\":\"https:\\\/\\\/noticiasmercedinas.com\\\/site\\\/2023\\\/01\\\/14\\\/gran-inversion-de-provincia-y-municipio-para-las-escuelas-de-verano\\\/#primaryimage\"},\"thumbnailUrl\":\"https:\\\/\\\/noticiasmercedinas.com\\\/site\\\/wp-content\\\/uploads\\\/2023\\\/01\\\/WhatsApp-Image-2023-01-12-at-10.57.57-1-e1673704541452.jpeg\",\"keywords\":[\"consejo escolar\",\"escuelas de verano\",\"jose luis pisano\"],\"articleSection\":[\"Sociedad\"],\"inLanguage\":\"es\",\"potentialAction\":[{\"@type\":\"CommentAction\",\"name\":\"Comment\",\"target\":[\"https:\\\/\\\/noticiasmercedinas.com\\\/site\\\/2023\\\/01\\\/14\\\/gran-inversion-de-provincia-y-municipio-para-las-escuelas-de-verano\\\/#respond\"]}]},{\"@type\":\"WebPage\",\"@id\":\"https:\\\/\\\/noticiasmercedinas.com\\\/site\\\/2023\\\/01\\\/14\\\/gran-inversion-de-provincia-y-municipio-para-las-escuelas-de-verano\\\/\",\"url\":\"https:\\\/\\\/noticiasmercedinas.com\\\/site\\\/2023\\\/01\\\/14\\\/gran-inversion-de-provincia-y-municipio-para-las-escuelas-de-verano\\\/\",\"name\":\"Gran inversi\u00f3n de provincia y municipio para las Escuelas de Verano\",\"isPartOf\":{\"@id\":\"https:\\\/\\\/noticiasmercedinas.com\\\/site\\\/#website\"},\"primaryImageOfPage\":{\"@id\":\"https:\\\/\\\/noticiasmercedinas.com\\\/site\\\/2023\\\/01\\\/14\\\/gran-inversion-de-provincia-y-municipio-para-las-escuelas-de-verano\\\/#primaryimage\"},\"image\":{\"@id\":\"https:\\\/\\\/noticiasmercedinas.com\\\/site\\\/2023\\\/01\\\/14\\\/gran-inversion-de-provincia-y-municipio-para-las-escuelas-de-verano\\\/#primaryimage\"},\"thumbnailUrl\":\"https:\\\/\\\/noticiasmercedinas.com\\\/site\\\/wp-content\\\/uploads\\\/2023\\\/01\\\/WhatsApp-Image-2023-01-12-at-10.57.57-1-e1673704541452.jpeg\",\"datePublished\":\"2023-01-14T13:59:44+00:00\",\"breadcrumb\":{\"@id\":\"https:\\\/\\\/noticiasmercedinas.com\\\/site\\\/2023\\\/01\\\/14\\\/gran-inversion-de-provincia-y-municipio-para-las-escuelas-de-verano\\\/#breadcrumb\"},\"inLanguage\":\"es\",\"potentialAction\":[{\"@type\":\"ReadAction\",\"target\":[\"https:\\\/\\\/noticiasmercedinas.com\\\/site\\\/2023\\\/01\\\/14\\\/gran-inversion-de-provincia-y-municipio-para-las-escuelas-de-verano\\\/\"]}]},{\"@type\":\"ImageObject\",\"inLanguage\":\"es\",\"@id\":\"https:\\\/\\\/noticiasmercedinas.com\\\/site\\\/2023\\\/01\\\/14\\\/gran-inversion-de-provincia-y-municipio-para-las-escuelas-de-verano\\\/#primaryimage\",\"url\":\"https:\\\/\\\/noticiasmercedinas.com\\\/site\\\/wp-content\\\/uploads\\\/2023\\\/01\\\/WhatsApp-Image-2023-01-12-at-10.57.57-1-e1673704541452.jpeg\",\"contentUrl\":\"https:\\\/\\\/noticiasmercedinas.com\\\/site\\\/wp-content\\\/uploads\\\/2023\\\/01\\\/WhatsApp-Image-2023-01-12-at-10.57.57-1-e1673704541452.jpeg\",\"width\":719,\"height\":593},{\"@type\":\"BreadcrumbList\",\"@id\":\"https:\\\/\\\/noticiasmercedinas.com\\\/site\\\/2023\\\/01\\\/14\\\/gran-inversion-de-provincia-y-municipio-para-las-escuelas-de-verano\\\/#breadcrumb\",\"itemListElement\":[{\"@type\":\"ListItem\",\"position\":1,\"name\":\"Portada\",\"item\":\"https:\\\/\\\/noticiasmercedinas.com\\\/site\\\/\"},{\"@type\":\"ListItem\",\"position\":2,\"name\":\"Gran inversi\u00f3n de provincia y municipio para las Escuelas de Verano\"}]},{\"@type\":\"WebSite\",\"@id\":\"https:\\\/\\\/noticiasmercedinas.com\\\/site\\\/#website\",\"url\":\"https:\\\/\\\/noticiasmercedinas.com\\\/site\\\/\",\"name\":\"NOTICIASMERCEDINAS.COM\",\"description\":\"Mercedes, Buenos Aires, Argentina\",\"publisher\":{\"@id\":\"https:\\\/\\\/noticiasmercedinas.com\\\/site\\\/#organization\"},\"potentialAction\":[{\"@type\":\"SearchAction\",\"target\":{\"@type\":\"EntryPoint\",\"urlTemplate\":\"https:\\\/\\\/noticiasmercedinas.com\\\/site\\\/?s={search_term_string}\"},\"query-input\":{\"@type\":\"PropertyValueSpecification\",\"valueRequired\":true,\"valueName\":\"search_term_string\"}}],\"inLanguage\":\"es\"},{\"@type\":\"Organization\",\"@id\":\"https:\\\/\\\/noticiasmercedinas.com\\\/site\\\/#organization\",\"name\":\"NOTICIASMERCEDINAS.COM\",\"url\":\"https:\\\/\\\/noticiasmercedinas.com\\\/site\\\/\",\"logo\":{\"@type\":\"ImageObject\",\"inLanguage\":\"es\",\"@id\":\"https:\\\/\\\/noticiasmercedinas.com\\\/site\\\/#\\\/schema\\\/logo\\\/image\\\/\",\"url\":\"https:\\\/\\\/noticiasmercedinas.com\\\/site\\\/wp-content\\\/uploads\\\/2020\\\/06\\\/LOGO-512.jpg\",\"contentUrl\":\"https:\\\/\\\/noticiasmercedinas.com\\\/site\\\/wp-content\\\/uploads\\\/2020\\\/06\\\/LOGO-512.jpg\",\"width\":512,\"height\":512,\"caption\":\"NOTICIASMERCEDINAS.COM\"},\"image\":{\"@id\":\"https:\\\/\\\/noticiasmercedinas.com\\\/site\\\/#\\\/schema\\\/logo\\\/image\\\/\"},\"sameAs\":[\"https:\\\/\\\/www.facebook.com\\\/noticiasmercedinas\\\/\",\"https:\\\/\\\/x.com\\\/notmercedinas\",\"https:\\\/\\\/www.instagram.com\\\/noticiasmercedinas\\\/\"]},{\"@type\":\"Person\",\"@id\":\"https:\\\/\\\/noticiasmercedinas.com\\\/site\\\/#\\\/schema\\\/person\\\/84b59c099c28ff2e8b77d4ceec5d8063\",\"name\":\"NOTICIASMERCEDINAS.COM\",\"image\":{\"@type\":\"ImageObject\",\"inLanguage\":\"es\",\"@id\":\"https:\\\/\\\/secure.gravatar.com\\\/avatar\\\/4dfbf16b4d17945bfb6341b2d19043457132fcf478a5ee04f42e959fd8f5df0a?s=96&d=mm&r=g\",\"url\":\"https:\\\/\\\/secure.gravatar.com\\\/avatar\\\/4dfbf16b4d17945bfb6341b2d19043457132fcf478a5ee04f42e959fd8f5df0a?s=96&d=mm&r=g\",\"contentUrl\":\"https:\\\/\\\/secure.gravatar.com\\\/avatar\\\/4dfbf16b4d17945bfb6341b2d19043457132fcf478a5ee04f42e959fd8f5df0a?s=96&d=mm&r=g\",\"caption\":\"NOTICIASMERCEDINAS.COM\"},\"url\":\"https:\\\/\\\/noticiasmercedinas.com\\\/site\\\/author\\\/anonimo\\\/\"}]}<\/script>\n<!-- \/ Yoast SEO plugin. -->","yoast_head_json":{"title":"Gran inversi\u00f3n de provincia y municipio para las Escuelas de Verano","robots":{"index":"index","follow":"follow","max-snippet":"max-snippet:-1","max-image-preview":"max-image-preview:large","max-video-preview":"max-video-preview:-1"},"canonical":"https:\/\/noticiasmercedinas.com\/site\/2023\/01\/14\/gran-inversion-de-provincia-y-municipio-para-las-escuelas-de-verano\/","og_locale":"es_ES","og_type":"article","og_title":"Gran inversi\u00f3n de provincia y municipio para las Escuelas de Verano","og_description":"\u25a0 Unos 5 millones de pesos se ponen en materiales art\u00edsticos, did\u00e1cticos y otros insumos para que docentes y estudiantes realicen diferentes tareas l\u00fadicas y de aprendizaje durante estas vacaciones en Mercedes.","og_url":"https:\/\/noticiasmercedinas.com\/site\/2023\/01\/14\/gran-inversion-de-provincia-y-municipio-para-las-escuelas-de-verano\/","og_site_name":"NOTICIASMERCEDINAS.COM","article_publisher":"https:\/\/www.facebook.com\/noticiasmercedinas\/","article_published_time":"2023-01-14T13:59:44+00:00","og_image":[{"width":719,"height":593,"url":"https:\/\/noticiasmercedinas.com\/site\/wp-content\/uploads\/2023\/01\/WhatsApp-Image-2023-01-12-at-10.57.57-1-e1673704541452.jpeg","type":"image\/jpeg"}],"author":"NOTICIASMERCEDINAS.COM","twitter_card":"summary_large_image","twitter_creator":"@notmercedinas","twitter_site":"@notmercedinas","twitter_misc":{"Escrito por":"NOTICIASMERCEDINAS.COM","Tiempo de lectura":"2 minutos"},"schema":{"@context":"https:\/\/schema.org","@graph":[{"@type":"Article","@id":"https:\/\/noticiasmercedinas.com\/site\/2023\/01\/14\/gran-inversion-de-provincia-y-municipio-para-las-escuelas-de-verano\/#article","isPartOf":{"@id":"https:\/\/noticiasmercedinas.com\/site\/2023\/01\/14\/gran-inversion-de-provincia-y-municipio-para-las-escuelas-de-verano\/"},"author":{"name":"NOTICIASMERCEDINAS.COM","@id":"https:\/\/noticiasmercedinas.com\/site\/#\/schema\/person\/84b59c099c28ff2e8b77d4ceec5d8063"},"headline":"Gran inversi\u00f3n de provincia y municipio para las Escuelas de Verano","datePublished":"2023-01-14T13:59:44+00:00","mainEntityOfPage":{"@id":"https:\/\/noticiasmercedinas.com\/site\/2023\/01\/14\/gran-inversion-de-provincia-y-municipio-para-las-escuelas-de-verano\/"},"wordCount":272,"commentCount":1,"publisher":{"@id":"https:\/\/noticiasmercedinas.com\/site\/#organization"},"image":{"@id":"https:\/\/noticiasmercedinas.com\/site\/2023\/01\/14\/gran-inversion-de-provincia-y-municipio-para-las-escuelas-de-verano\/#primaryimage"},"thumbnailUrl":"https:\/\/noticiasmercedinas.com\/site\/wp-content\/uploads\/2023\/01\/WhatsApp-Image-2023-01-12-at-10.57.57-1-e1673704541452.jpeg","keywords":["consejo escolar","escuelas de verano","jose luis pisano"],"articleSection":["Sociedad"],"inLanguage":"es","potentialAction":[{"@type":"CommentAction","name":"Comment","target":["https:\/\/noticiasmercedinas.com\/site\/2023\/01\/14\/gran-inversion-de-provincia-y-municipio-para-las-escuelas-de-verano\/#respond"]}]},{"@type":"WebPage","@id":"https:\/\/noticiasmercedinas.com\/site\/2023\/01\/14\/gran-inversion-de-provincia-y-municipio-para-las-escuelas-de-verano\/","url":"https:\/\/noticiasmercedinas.com\/site\/2023\/01\/14\/gran-inversion-de-provincia-y-municipio-para-las-escuelas-de-verano\/","name":"Gran inversi\u00f3n de provincia y municipio para las Escuelas de Verano","isPartOf":{"@id":"https:\/\/noticiasmercedinas.com\/site\/#website"},"primaryImageOfPage":{"@id":"https:\/\/noticiasmercedinas.com\/site\/2023\/01\/14\/gran-inversion-de-provincia-y-municipio-para-las-escuelas-de-verano\/#primaryimage"},"image":{"@id":"https:\/\/noticiasmercedinas.com\/site\/2023\/01\/14\/gran-inversion-de-provincia-y-municipio-para-las-escuelas-de-verano\/#primaryimage"},"thumbnailUrl":"https:\/\/noticiasmercedinas.com\/site\/wp-content\/uploads\/2023\/01\/WhatsApp-Image-2023-01-12-at-10.57.57-1-e1673704541452.jpeg","datePublished":"2023-01-14T13:59:44+00:00","breadcrumb":{"@id":"https:\/\/noticiasmercedinas.com\/site\/2023\/01\/14\/gran-inversion-de-provincia-y-municipio-para-las-escuelas-de-verano\/#breadcrumb"},"inLanguage":"es","potentialAction":[{"@type":"ReadAction","target":["https:\/\/noticiasmercedinas.com\/site\/2023\/01\/14\/gran-inversion-de-provincia-y-municipio-para-las-escuelas-de-verano\/"]}]},{"@type":"ImageObject","inLanguage":"es","@id":"https:\/\/noticiasmercedinas.com\/site\/2023\/01\/14\/gran-inversion-de-provincia-y-municipio-para-las-escuelas-de-verano\/#primaryimage","url":"https:\/\/noticiasmercedinas.com\/site\/wp-content\/uploads\/2023\/01\/WhatsApp-Image-2023-01-12-at-10.57.57-1-e1673704541452.jpeg","contentUrl":"https:\/\/noticiasmercedinas.com\/site\/wp-content\/uploads\/2023\/01\/WhatsApp-Image-2023-01-12-at-10.57.57-1-e1673704541452.jpeg","width":719,"height":593},{"@type":"BreadcrumbList","@id":"https:\/\/noticiasmercedinas.com\/site\/2023\/01\/14\/gran-inversion-de-provincia-y-municipio-para-las-escuelas-de-verano\/#breadcrumb","itemListElement":[{"@type":"ListItem","position":1,"name":"Portada","item":"https:\/\/noticiasmercedinas.com\/site\/"},{"@type":"ListItem","position":2,"name":"Gran inversi\u00f3n de provincia y municipio para las Escuelas de Verano"}]},{"@type":"WebSite","@id":"https:\/\/noticiasmercedinas.com\/site\/#website","url":"https:\/\/noticiasmercedinas.com\/site\/","name":"NOTICIASMERCEDINAS.COM","description":"Mercedes, Buenos Aires, Argentina","publisher":{"@id":"https:\/\/noticiasmercedinas.com\/site\/#organization"},"potentialAction":[{"@type":"SearchAction","target":{"@type":"EntryPoint","urlTemplate":"https:\/\/noticiasmercedinas.com\/site\/?s={search_term_string}"},"query-input":{"@type":"PropertyValueSpecification","valueRequired":true,"valueName":"search_term_string"}}],"inLanguage":"es"},{"@type":"Organization","@id":"https:\/\/noticiasmercedinas.com\/site\/#organization","name":"NOTICIASMERCEDINAS.COM","url":"https:\/\/noticiasmercedinas.com\/site\/","logo":{"@type":"ImageObject","inLanguage":"es","@id":"https:\/\/noticiasmercedinas.com\/site\/#\/schema\/logo\/image\/","url":"https:\/\/noticiasmercedinas.com\/site\/wp-content\/uploads\/2020\/06\/LOGO-512.jpg","contentUrl":"https:\/\/noticiasmercedinas.com\/site\/wp-content\/uploads\/2020\/06\/LOGO-512.jpg","width":512,"height":512,"caption":"NOTICIASMERCEDINAS.COM"},"image":{"@id":"https:\/\/noticiasmercedinas.com\/site\/#\/schema\/logo\/image\/"},"sameAs":["https:\/\/www.facebook.com\/noticiasmercedinas\/","https:\/\/x.com\/notmercedinas","https:\/\/www.instagram.com\/noticiasmercedinas\/"]},{"@type":"Person","@id":"https:\/\/noticiasmercedinas.com\/site\/#\/schema\/person\/84b59c099c28ff2e8b77d4ceec5d8063","name":"NOTICIASMERCEDINAS.COM","image":{"@type":"ImageObject","inLanguage":"es","@id":"https:\/\/secure.gravatar.com\/avatar\/4dfbf16b4d17945bfb6341b2d19043457132fcf478a5ee04f42e959fd8f5df0a?s=96&d=mm&r=g","url":"https:\/\/secure.gravatar.com\/avatar\/4dfbf16b4d17945bfb6341b2d19043457132fcf478a5ee04f42e959fd8f5df0a?s=96&d=mm&r=g","contentUrl":"https:\/\/secure.gravatar.com\/avatar\/4dfbf16b4d17945bfb6341b2d19043457132fcf478a5ee04f42e959fd8f5df0a?s=96&d=mm&r=g","caption":"NOTICIASMERCEDINAS.COM"},"url":"https:\/\/noticiasmercedinas.com\/site\/author\/anonimo\/"}]}},"amp_enabled":true,"_links":{"self":[{"href":"https:\/\/noticiasmercedinas.com\/site\/wp-json\/wp\/v2\/posts\/107654","targetHints":{"allow":["GET"]}}],"collection":[{"href":"https:\/\/noticiasmercedinas.com\/site\/wp-json\/wp\/v2\/posts"}],"about":[{"href":"https:\/\/noticiasmercedinas.com\/site\/wp-json\/wp\/v2\/types\/post"}],"author":[{"embeddable":true,"href":"https:\/\/noticiasmercedinas.com\/site\/wp-json\/wp\/v2\/users\/16"}],"replies":[{"embeddable":true,"href":"https:\/\/noticiasmercedinas.com\/site\/wp-json\/wp\/v2\/comments?post=107654"}],"version-history":[{"count":1,"href":"https:\/\/noticiasmercedinas.com\/site\/wp-json\/wp\/v2\/posts\/107654\/revisions"}],"predecessor-version":[{"id":107658,"href":"https:\/\/noticiasmercedinas.com\/site\/wp-json\/wp\/v2\/posts\/107654\/revisions\/107658"}],"wp:featuredmedia":[{"embeddable":true,"href":"https:\/\/noticiasmercedinas.com\/site\/wp-json\/wp\/v2\/media\/107657"}],"wp:attachment":[{"href":"https:\/\/noticiasmercedinas.com\/site\/wp-json\/wp\/v2\/media?parent=107654"}],"wp:term":[{"taxonomy":"category","embeddable":true,"href":"https:\/\/noticiasmercedinas.com\/site\/wp-json\/wp\/v2\/categories?post=107654"},{"taxonomy":"post_tag","embeddable":true,"href":"https:\/\/noticiasmercedinas.com\/site\/wp-json\/wp\/v2\/tags?post=107654"}],"curies":[{"name":"wp","href":"https:\/\/api.w.org\/{rel}","templated":true}]}}