{"id":107794,"date":"2023-01-18T09:20:33","date_gmt":"2023-01-18T12:20:33","guid":{"rendered":"https:\/\/noticiasmercedinas.com\/site\/?p=107794"},"modified":"2023-01-18T09:20:33","modified_gmt":"2023-01-18T12:20:33","slug":"desde-la-oficina-de-empleo-impulsan-capacitaciones-de-verano","status":"publish","type":"post","link":"https:\/\/noticiasmercedinas.com\/site\/2023\/01\/18\/desde-la-oficina-de-empleo-impulsan-capacitaciones-de-verano\/","title":{"rendered":"Desde la Oficina de Empleo impulsan capacitaciones de verano\u00a0"},"content":{"rendered":"<p><img loading=\"lazy\" decoding=\"async\" class=\"alignnone size-full wp-image-107795\" src=\"https:\/\/noticiasmercedinas.com\/site\/wp-content\/uploads\/2023\/01\/tecnicas-y-herramientas-para-encontrar-trabajo-768x475-1.jpg\" alt=\"\" width=\"768\" height=\"475\" srcset=\"https:\/\/noticiasmercedinas.com\/site\/wp-content\/uploads\/2023\/01\/tecnicas-y-herramientas-para-encontrar-trabajo-768x475-1.jpg 768w, https:\/\/noticiasmercedinas.com\/site\/wp-content\/uploads\/2023\/01\/tecnicas-y-herramientas-para-encontrar-trabajo-768x475-1-300x186.jpg 300w, https:\/\/noticiasmercedinas.com\/site\/wp-content\/uploads\/2023\/01\/tecnicas-y-herramientas-para-encontrar-trabajo-768x475-1-640x396.jpg 640w, https:\/\/noticiasmercedinas.com\/site\/wp-content\/uploads\/2023\/01\/tecnicas-y-herramientas-para-encontrar-trabajo-768x475-1-681x421.jpg 681w\" sizes=\"auto, (max-width: 768px) 100vw, 768px\" \/><\/p>\n<p><span lang=\"ES-AR\">En un trabajo articulado entre el Municipio de Mercedes, a trav\u00e9s de la Direcci\u00f3n de Producci\u00f3n y su Oficina de Empleo, se est\u00e1n promoviendo diferentes programas de capacitaciones, algunos de ellos rentados, con el objetivo de que los vecinos sumen herramientas para el encuentro de empleos. <u><\/u>\u00a0<u><\/u><\/span><\/p>\n<p><span lang=\"ES-AR\">Griselda Villordo, quien es parte del \u00e1rea de Empleo, inform\u00f3: \u201cTenemos el programa \u201cPuente al Empleo\u201d que propone que aquellos beneficiarios que est\u00e9n cobrando alg\u00fan programa o plan del Estado puedan conseguir un trabajo en blanco y as\u00ed no perder el beneficio durante los 12 meses. El beneficio para el empleador o empleadora, que, al contratar a esta persona, tienen un descuento del 100% de las cargas patronales\u201d y a\u00f1adi\u00f3 \u201ctambi\u00e9n tenemos el programa \u201cFomentar Empleo\u201d que tiene como objetivo ayudar a aquellas personas de pasar de desempleado a conseguir un trabajo estable, brind\u00e1ndoles cursos desde la Oficina de Empleo, y adem\u00e1s, otorg\u00e1ndoles pr\u00e1cticas profesionales\u201d. <u><\/u>\u00a0<u><\/u><\/span><\/p>\n<p><span lang=\"ES-AR\">\u201cEste programa es para personas de 18 a 65 a\u00f1os, donde la idea es que cualquier persona desempleada se pueda capacitar estando en su domicilio, de manera online, ya que las capacitaciones son virtuales, aunque este a\u00f1o vamos a comenzar a dictar algo m\u00e1s presencial\u201d inform\u00f3 Villordo. <u><\/u>\u00a0<u><\/u><\/span><\/p>\n<p><span lang=\"ES-AR\">En este sentido, cont\u00f3: \u201cCapacitamos en lo que es el armado de los CV (Curriculum Vitae), c\u00f3mo presentarse en una entrevista, qu\u00e9 tener en cuenta. Como as\u00ed tambi\u00e9n hay cursos de oficios, m\u00e1s que nada, en todo lo que tiene que ver con la tecnolog\u00eda, programas, comunicaci\u00f3n, oratoria, un programa muy bueno para que toda la poblaci\u00f3n lo aproveche\u201d y se\u00f1al\u00f3 que \u201ctodos los interesados pueden ingresar a la p\u00e1gina <a href=\"http:\/\/www.portalempleo.gov.ar\/\" target=\"_blank\" rel=\"noopener\" data-saferedirecturl=\"https:\/\/www.google.com\/url?q=http:\/\/www.portalempleo.gov.ar&amp;source=gmail&amp;ust=1674076291353000&amp;usg=AOvVaw1hMORuAs8_7qvTV2GLpx74\">www.portalempleo.gov.ar<\/a>\u00a0donde se pueden inscribir\u201d.<u><\/u>\u00a0<u><\/u><\/span><\/p>\n<p><span lang=\"ES-AR\">A su vez, Villordo apunt\u00f3: \u00abMientras se van realizando estos cursos, el Estado te va pagando para que puedan utilizarlo para capacitarte de manera privada o para alguna otra actividad\u00bb y se\u00f1al\u00f3 que \u00abaquellos interesados pueden venir a la oficina de Empleo en Avenida 29 N\u00b0 623 de lunes a viernes de 08:00 a 14:00, tambi\u00e9n las consultas las pueden hacer v\u00eda redes sociales\u00bb. <u><\/u>\u00a0<\/span><\/p>\n","protected":false},"excerpt":{"rendered":"<p>En un trabajo articulado entre el Municipio de Mercedes, a trav\u00e9s de la Direcci\u00f3n de Producci\u00f3n y su Oficina de Empleo, se est\u00e1n promoviendo diferentes programas de capacitaciones, algunos de ellos rentados, con el objetivo de que los vecinos sumen herramientas para el encuentro de empleos. \u00a0 Griselda Villordo, quien es parte del \u00e1rea de [&hellip;]<\/p>\n","protected":false},"author":16,"featured_media":107795,"comment_status":"open","ping_status":"open","sticky":false,"template":"","format":"standard","meta":{"footnotes":""},"categories":[74],"tags":[1440,11925],"class_list":["post-107794","post","type-post","status-publish","format-standard","has-post-thumbnail","hentry","category-emprendimientos","tag-empleo","tag-oficina-de-empleo"],"yoast_head":"<!-- This site is optimized with the Yoast SEO plugin v27.5 - https:\/\/yoast.com\/product\/yoast-seo-wordpress\/ -->\n<title>Desde la Oficina de Empleo impulsan capacitaciones de verano\u00a0<\/title>\n<meta name=\"robots\" content=\"index, follow, max-snippet:-1, max-image-preview:large, max-video-preview:-1\" \/>\n<link rel=\"canonical\" href=\"https:\/\/noticiasmercedinas.com\/site\/2023\/01\/18\/desde-la-oficina-de-empleo-impulsan-capacitaciones-de-verano\/\" \/>\n<meta property=\"og:locale\" content=\"es_ES\" \/>\n<meta property=\"og:type\" content=\"article\" \/>\n<meta property=\"og:title\" content=\"Desde la Oficina de Empleo impulsan capacitaciones de verano\u00a0\" \/>\n<meta property=\"og:description\" content=\"En un trabajo articulado entre el Municipio de Mercedes, a trav\u00e9s de la Direcci\u00f3n de Producci\u00f3n y su Oficina de Empleo, se est\u00e1n promoviendo diferentes programas de capacitaciones, algunos de ellos rentados, con el objetivo de que los vecinos sumen herramientas para el encuentro de empleos. \u00a0 Griselda Villordo, quien es parte del \u00e1rea de [&hellip;]\" \/>\n<meta property=\"og:url\" content=\"https:\/\/noticiasmercedinas.com\/site\/2023\/01\/18\/desde-la-oficina-de-empleo-impulsan-capacitaciones-de-verano\/\" \/>\n<meta property=\"og:site_name\" content=\"NOTICIASMERCEDINAS.COM\" \/>\n<meta property=\"article:publisher\" content=\"https:\/\/www.facebook.com\/noticiasmercedinas\/\" \/>\n<meta property=\"article:published_time\" content=\"2023-01-18T12:20:33+00:00\" \/>\n<meta property=\"og:image\" content=\"https:\/\/noticiasmercedinas.com\/site\/wp-content\/uploads\/2023\/01\/tecnicas-y-herramientas-para-encontrar-trabajo-768x475-1.jpg\" \/>\n\t<meta property=\"og:image:width\" content=\"768\" \/>\n\t<meta property=\"og:image:height\" content=\"475\" \/>\n\t<meta property=\"og:image:type\" content=\"image\/jpeg\" \/>\n<meta name=\"author\" content=\"NOTICIASMERCEDINAS.COM\" \/>\n<meta name=\"twitter:card\" content=\"summary_large_image\" \/>\n<meta name=\"twitter:creator\" content=\"@notmercedinas\" \/>\n<meta name=\"twitter:site\" content=\"@notmercedinas\" \/>\n<meta name=\"twitter:label1\" content=\"Escrito por\" \/>\n\t<meta name=\"twitter:data1\" content=\"NOTICIASMERCEDINAS.COM\" \/>\n\t<meta name=\"twitter:label2\" content=\"Tiempo de lectura\" \/>\n\t<meta name=\"twitter:data2\" content=\"2 minutos\" \/>\n<script type=\"application\/ld+json\" class=\"yoast-schema-graph\">{\"@context\":\"https:\\\/\\\/schema.org\",\"@graph\":[{\"@type\":\"Article\",\"@id\":\"https:\\\/\\\/noticiasmercedinas.com\\\/site\\\/2023\\\/01\\\/18\\\/desde-la-oficina-de-empleo-impulsan-capacitaciones-de-verano\\\/#article\",\"isPartOf\":{\"@id\":\"https:\\\/\\\/noticiasmercedinas.com\\\/site\\\/2023\\\/01\\\/18\\\/desde-la-oficina-de-empleo-impulsan-capacitaciones-de-verano\\\/\"},\"author\":{\"name\":\"NOTICIASMERCEDINAS.COM\",\"@id\":\"https:\\\/\\\/noticiasmercedinas.com\\\/site\\\/#\\\/schema\\\/person\\\/84b59c099c28ff2e8b77d4ceec5d8063\"},\"headline\":\"Desde la Oficina de Empleo impulsan capacitaciones de verano\u00a0\",\"datePublished\":\"2023-01-18T12:20:33+00:00\",\"mainEntityOfPage\":{\"@id\":\"https:\\\/\\\/noticiasmercedinas.com\\\/site\\\/2023\\\/01\\\/18\\\/desde-la-oficina-de-empleo-impulsan-capacitaciones-de-verano\\\/\"},\"wordCount\":367,\"commentCount\":0,\"publisher\":{\"@id\":\"https:\\\/\\\/noticiasmercedinas.com\\\/site\\\/#organization\"},\"image\":{\"@id\":\"https:\\\/\\\/noticiasmercedinas.com\\\/site\\\/2023\\\/01\\\/18\\\/desde-la-oficina-de-empleo-impulsan-capacitaciones-de-verano\\\/#primaryimage\"},\"thumbnailUrl\":\"https:\\\/\\\/noticiasmercedinas.com\\\/site\\\/wp-content\\\/uploads\\\/2023\\\/01\\\/tecnicas-y-herramientas-para-encontrar-trabajo-768x475-1.jpg\",\"keywords\":[\"empleo\",\"oficina de empleo\"],\"articleSection\":[\"Emprendimientos\"],\"inLanguage\":\"es\",\"potentialAction\":[{\"@type\":\"CommentAction\",\"name\":\"Comment\",\"target\":[\"https:\\\/\\\/noticiasmercedinas.com\\\/site\\\/2023\\\/01\\\/18\\\/desde-la-oficina-de-empleo-impulsan-capacitaciones-de-verano\\\/#respond\"]}]},{\"@type\":\"WebPage\",\"@id\":\"https:\\\/\\\/noticiasmercedinas.com\\\/site\\\/2023\\\/01\\\/18\\\/desde-la-oficina-de-empleo-impulsan-capacitaciones-de-verano\\\/\",\"url\":\"https:\\\/\\\/noticiasmercedinas.com\\\/site\\\/2023\\\/01\\\/18\\\/desde-la-oficina-de-empleo-impulsan-capacitaciones-de-verano\\\/\",\"name\":\"Desde la Oficina de Empleo impulsan capacitaciones de verano\u00a0\",\"isPartOf\":{\"@id\":\"https:\\\/\\\/noticiasmercedinas.com\\\/site\\\/#website\"},\"primaryImageOfPage\":{\"@id\":\"https:\\\/\\\/noticiasmercedinas.com\\\/site\\\/2023\\\/01\\\/18\\\/desde-la-oficina-de-empleo-impulsan-capacitaciones-de-verano\\\/#primaryimage\"},\"image\":{\"@id\":\"https:\\\/\\\/noticiasmercedinas.com\\\/site\\\/2023\\\/01\\\/18\\\/desde-la-oficina-de-empleo-impulsan-capacitaciones-de-verano\\\/#primaryimage\"},\"thumbnailUrl\":\"https:\\\/\\\/noticiasmercedinas.com\\\/site\\\/wp-content\\\/uploads\\\/2023\\\/01\\\/tecnicas-y-herramientas-para-encontrar-trabajo-768x475-1.jpg\",\"datePublished\":\"2023-01-18T12:20:33+00:00\",\"breadcrumb\":{\"@id\":\"https:\\\/\\\/noticiasmercedinas.com\\\/site\\\/2023\\\/01\\\/18\\\/desde-la-oficina-de-empleo-impulsan-capacitaciones-de-verano\\\/#breadcrumb\"},\"inLanguage\":\"es\",\"potentialAction\":[{\"@type\":\"ReadAction\",\"target\":[\"https:\\\/\\\/noticiasmercedinas.com\\\/site\\\/2023\\\/01\\\/18\\\/desde-la-oficina-de-empleo-impulsan-capacitaciones-de-verano\\\/\"]}]},{\"@type\":\"ImageObject\",\"inLanguage\":\"es\",\"@id\":\"https:\\\/\\\/noticiasmercedinas.com\\\/site\\\/2023\\\/01\\\/18\\\/desde-la-oficina-de-empleo-impulsan-capacitaciones-de-verano\\\/#primaryimage\",\"url\":\"https:\\\/\\\/noticiasmercedinas.com\\\/site\\\/wp-content\\\/uploads\\\/2023\\\/01\\\/tecnicas-y-herramientas-para-encontrar-trabajo-768x475-1.jpg\",\"contentUrl\":\"https:\\\/\\\/noticiasmercedinas.com\\\/site\\\/wp-content\\\/uploads\\\/2023\\\/01\\\/tecnicas-y-herramientas-para-encontrar-trabajo-768x475-1.jpg\",\"width\":768,\"height\":475},{\"@type\":\"BreadcrumbList\",\"@id\":\"https:\\\/\\\/noticiasmercedinas.com\\\/site\\\/2023\\\/01\\\/18\\\/desde-la-oficina-de-empleo-impulsan-capacitaciones-de-verano\\\/#breadcrumb\",\"itemListElement\":[{\"@type\":\"ListItem\",\"position\":1,\"name\":\"Portada\",\"item\":\"https:\\\/\\\/noticiasmercedinas.com\\\/site\\\/\"},{\"@type\":\"ListItem\",\"position\":2,\"name\":\"Desde la Oficina de Empleo impulsan capacitaciones de verano\u00a0\"}]},{\"@type\":\"WebSite\",\"@id\":\"https:\\\/\\\/noticiasmercedinas.com\\\/site\\\/#website\",\"url\":\"https:\\\/\\\/noticiasmercedinas.com\\\/site\\\/\",\"name\":\"NOTICIASMERCEDINAS.COM\",\"description\":\"Mercedes, Buenos Aires, Argentina\",\"publisher\":{\"@id\":\"https:\\\/\\\/noticiasmercedinas.com\\\/site\\\/#organization\"},\"potentialAction\":[{\"@type\":\"SearchAction\",\"target\":{\"@type\":\"EntryPoint\",\"urlTemplate\":\"https:\\\/\\\/noticiasmercedinas.com\\\/site\\\/?s={search_term_string}\"},\"query-input\":{\"@type\":\"PropertyValueSpecification\",\"valueRequired\":true,\"valueName\":\"search_term_string\"}}],\"inLanguage\":\"es\"},{\"@type\":\"Organization\",\"@id\":\"https:\\\/\\\/noticiasmercedinas.com\\\/site\\\/#organization\",\"name\":\"NOTICIASMERCEDINAS.COM\",\"url\":\"https:\\\/\\\/noticiasmercedinas.com\\\/site\\\/\",\"logo\":{\"@type\":\"ImageObject\",\"inLanguage\":\"es\",\"@id\":\"https:\\\/\\\/noticiasmercedinas.com\\\/site\\\/#\\\/schema\\\/logo\\\/image\\\/\",\"url\":\"https:\\\/\\\/noticiasmercedinas.com\\\/site\\\/wp-content\\\/uploads\\\/2020\\\/06\\\/LOGO-512.jpg\",\"contentUrl\":\"https:\\\/\\\/noticiasmercedinas.com\\\/site\\\/wp-content\\\/uploads\\\/2020\\\/06\\\/LOGO-512.jpg\",\"width\":512,\"height\":512,\"caption\":\"NOTICIASMERCEDINAS.COM\"},\"image\":{\"@id\":\"https:\\\/\\\/noticiasmercedinas.com\\\/site\\\/#\\\/schema\\\/logo\\\/image\\\/\"},\"sameAs\":[\"https:\\\/\\\/www.facebook.com\\\/noticiasmercedinas\\\/\",\"https:\\\/\\\/x.com\\\/notmercedinas\",\"https:\\\/\\\/www.instagram.com\\\/noticiasmercedinas\\\/\"]},{\"@type\":\"Person\",\"@id\":\"https:\\\/\\\/noticiasmercedinas.com\\\/site\\\/#\\\/schema\\\/person\\\/84b59c099c28ff2e8b77d4ceec5d8063\",\"name\":\"NOTICIASMERCEDINAS.COM\",\"image\":{\"@type\":\"ImageObject\",\"inLanguage\":\"es\",\"@id\":\"https:\\\/\\\/secure.gravatar.com\\\/avatar\\\/4dfbf16b4d17945bfb6341b2d19043457132fcf478a5ee04f42e959fd8f5df0a?s=96&d=mm&r=g\",\"url\":\"https:\\\/\\\/secure.gravatar.com\\\/avatar\\\/4dfbf16b4d17945bfb6341b2d19043457132fcf478a5ee04f42e959fd8f5df0a?s=96&d=mm&r=g\",\"contentUrl\":\"https:\\\/\\\/secure.gravatar.com\\\/avatar\\\/4dfbf16b4d17945bfb6341b2d19043457132fcf478a5ee04f42e959fd8f5df0a?s=96&d=mm&r=g\",\"caption\":\"NOTICIASMERCEDINAS.COM\"},\"url\":\"https:\\\/\\\/noticiasmercedinas.com\\\/site\\\/author\\\/anonimo\\\/\"}]}<\/script>\n<!-- \/ Yoast SEO plugin. -->","yoast_head_json":{"title":"Desde la Oficina de Empleo impulsan capacitaciones de verano\u00a0","robots":{"index":"index","follow":"follow","max-snippet":"max-snippet:-1","max-image-preview":"max-image-preview:large","max-video-preview":"max-video-preview:-1"},"canonical":"https:\/\/noticiasmercedinas.com\/site\/2023\/01\/18\/desde-la-oficina-de-empleo-impulsan-capacitaciones-de-verano\/","og_locale":"es_ES","og_type":"article","og_title":"Desde la Oficina de Empleo impulsan capacitaciones de verano\u00a0","og_description":"En un trabajo articulado entre el Municipio de Mercedes, a trav\u00e9s de la Direcci\u00f3n de Producci\u00f3n y su Oficina de Empleo, se est\u00e1n promoviendo diferentes programas de capacitaciones, algunos de ellos rentados, con el objetivo de que los vecinos sumen herramientas para el encuentro de empleos. \u00a0 Griselda Villordo, quien es parte del \u00e1rea de [&hellip;]","og_url":"https:\/\/noticiasmercedinas.com\/site\/2023\/01\/18\/desde-la-oficina-de-empleo-impulsan-capacitaciones-de-verano\/","og_site_name":"NOTICIASMERCEDINAS.COM","article_publisher":"https:\/\/www.facebook.com\/noticiasmercedinas\/","article_published_time":"2023-01-18T12:20:33+00:00","og_image":[{"width":768,"height":475,"url":"https:\/\/noticiasmercedinas.com\/site\/wp-content\/uploads\/2023\/01\/tecnicas-y-herramientas-para-encontrar-trabajo-768x475-1.jpg","type":"image\/jpeg"}],"author":"NOTICIASMERCEDINAS.COM","twitter_card":"summary_large_image","twitter_creator":"@notmercedinas","twitter_site":"@notmercedinas","twitter_misc":{"Escrito por":"NOTICIASMERCEDINAS.COM","Tiempo de lectura":"2 minutos"},"schema":{"@context":"https:\/\/schema.org","@graph":[{"@type":"Article","@id":"https:\/\/noticiasmercedinas.com\/site\/2023\/01\/18\/desde-la-oficina-de-empleo-impulsan-capacitaciones-de-verano\/#article","isPartOf":{"@id":"https:\/\/noticiasmercedinas.com\/site\/2023\/01\/18\/desde-la-oficina-de-empleo-impulsan-capacitaciones-de-verano\/"},"author":{"name":"NOTICIASMERCEDINAS.COM","@id":"https:\/\/noticiasmercedinas.com\/site\/#\/schema\/person\/84b59c099c28ff2e8b77d4ceec5d8063"},"headline":"Desde la Oficina de Empleo impulsan capacitaciones de verano\u00a0","datePublished":"2023-01-18T12:20:33+00:00","mainEntityOfPage":{"@id":"https:\/\/noticiasmercedinas.com\/site\/2023\/01\/18\/desde-la-oficina-de-empleo-impulsan-capacitaciones-de-verano\/"},"wordCount":367,"commentCount":0,"publisher":{"@id":"https:\/\/noticiasmercedinas.com\/site\/#organization"},"image":{"@id":"https:\/\/noticiasmercedinas.com\/site\/2023\/01\/18\/desde-la-oficina-de-empleo-impulsan-capacitaciones-de-verano\/#primaryimage"},"thumbnailUrl":"https:\/\/noticiasmercedinas.com\/site\/wp-content\/uploads\/2023\/01\/tecnicas-y-herramientas-para-encontrar-trabajo-768x475-1.jpg","keywords":["empleo","oficina de empleo"],"articleSection":["Emprendimientos"],"inLanguage":"es","potentialAction":[{"@type":"CommentAction","name":"Comment","target":["https:\/\/noticiasmercedinas.com\/site\/2023\/01\/18\/desde-la-oficina-de-empleo-impulsan-capacitaciones-de-verano\/#respond"]}]},{"@type":"WebPage","@id":"https:\/\/noticiasmercedinas.com\/site\/2023\/01\/18\/desde-la-oficina-de-empleo-impulsan-capacitaciones-de-verano\/","url":"https:\/\/noticiasmercedinas.com\/site\/2023\/01\/18\/desde-la-oficina-de-empleo-impulsan-capacitaciones-de-verano\/","name":"Desde la Oficina de Empleo impulsan capacitaciones de verano\u00a0","isPartOf":{"@id":"https:\/\/noticiasmercedinas.com\/site\/#website"},"primaryImageOfPage":{"@id":"https:\/\/noticiasmercedinas.com\/site\/2023\/01\/18\/desde-la-oficina-de-empleo-impulsan-capacitaciones-de-verano\/#primaryimage"},"image":{"@id":"https:\/\/noticiasmercedinas.com\/site\/2023\/01\/18\/desde-la-oficina-de-empleo-impulsan-capacitaciones-de-verano\/#primaryimage"},"thumbnailUrl":"https:\/\/noticiasmercedinas.com\/site\/wp-content\/uploads\/2023\/01\/tecnicas-y-herramientas-para-encontrar-trabajo-768x475-1.jpg","datePublished":"2023-01-18T12:20:33+00:00","breadcrumb":{"@id":"https:\/\/noticiasmercedinas.com\/site\/2023\/01\/18\/desde-la-oficina-de-empleo-impulsan-capacitaciones-de-verano\/#breadcrumb"},"inLanguage":"es","potentialAction":[{"@type":"ReadAction","target":["https:\/\/noticiasmercedinas.com\/site\/2023\/01\/18\/desde-la-oficina-de-empleo-impulsan-capacitaciones-de-verano\/"]}]},{"@type":"ImageObject","inLanguage":"es","@id":"https:\/\/noticiasmercedinas.com\/site\/2023\/01\/18\/desde-la-oficina-de-empleo-impulsan-capacitaciones-de-verano\/#primaryimage","url":"https:\/\/noticiasmercedinas.com\/site\/wp-content\/uploads\/2023\/01\/tecnicas-y-herramientas-para-encontrar-trabajo-768x475-1.jpg","contentUrl":"https:\/\/noticiasmercedinas.com\/site\/wp-content\/uploads\/2023\/01\/tecnicas-y-herramientas-para-encontrar-trabajo-768x475-1.jpg","width":768,"height":475},{"@type":"BreadcrumbList","@id":"https:\/\/noticiasmercedinas.com\/site\/2023\/01\/18\/desde-la-oficina-de-empleo-impulsan-capacitaciones-de-verano\/#breadcrumb","itemListElement":[{"@type":"ListItem","position":1,"name":"Portada","item":"https:\/\/noticiasmercedinas.com\/site\/"},{"@type":"ListItem","position":2,"name":"Desde la Oficina de Empleo impulsan capacitaciones de verano\u00a0"}]},{"@type":"WebSite","@id":"https:\/\/noticiasmercedinas.com\/site\/#website","url":"https:\/\/noticiasmercedinas.com\/site\/","name":"NOTICIASMERCEDINAS.COM","description":"Mercedes, Buenos Aires, Argentina","publisher":{"@id":"https:\/\/noticiasmercedinas.com\/site\/#organization"},"potentialAction":[{"@type":"SearchAction","target":{"@type":"EntryPoint","urlTemplate":"https:\/\/noticiasmercedinas.com\/site\/?s={search_term_string}"},"query-input":{"@type":"PropertyValueSpecification","valueRequired":true,"valueName":"search_term_string"}}],"inLanguage":"es"},{"@type":"Organization","@id":"https:\/\/noticiasmercedinas.com\/site\/#organization","name":"NOTICIASMERCEDINAS.COM","url":"https:\/\/noticiasmercedinas.com\/site\/","logo":{"@type":"ImageObject","inLanguage":"es","@id":"https:\/\/noticiasmercedinas.com\/site\/#\/schema\/logo\/image\/","url":"https:\/\/noticiasmercedinas.com\/site\/wp-content\/uploads\/2020\/06\/LOGO-512.jpg","contentUrl":"https:\/\/noticiasmercedinas.com\/site\/wp-content\/uploads\/2020\/06\/LOGO-512.jpg","width":512,"height":512,"caption":"NOTICIASMERCEDINAS.COM"},"image":{"@id":"https:\/\/noticiasmercedinas.com\/site\/#\/schema\/logo\/image\/"},"sameAs":["https:\/\/www.facebook.com\/noticiasmercedinas\/","https:\/\/x.com\/notmercedinas","https:\/\/www.instagram.com\/noticiasmercedinas\/"]},{"@type":"Person","@id":"https:\/\/noticiasmercedinas.com\/site\/#\/schema\/person\/84b59c099c28ff2e8b77d4ceec5d8063","name":"NOTICIASMERCEDINAS.COM","image":{"@type":"ImageObject","inLanguage":"es","@id":"https:\/\/secure.gravatar.com\/avatar\/4dfbf16b4d17945bfb6341b2d19043457132fcf478a5ee04f42e959fd8f5df0a?s=96&d=mm&r=g","url":"https:\/\/secure.gravatar.com\/avatar\/4dfbf16b4d17945bfb6341b2d19043457132fcf478a5ee04f42e959fd8f5df0a?s=96&d=mm&r=g","contentUrl":"https:\/\/secure.gravatar.com\/avatar\/4dfbf16b4d17945bfb6341b2d19043457132fcf478a5ee04f42e959fd8f5df0a?s=96&d=mm&r=g","caption":"NOTICIASMERCEDINAS.COM"},"url":"https:\/\/noticiasmercedinas.com\/site\/author\/anonimo\/"}]}},"amp_enabled":true,"_links":{"self":[{"href":"https:\/\/noticiasmercedinas.com\/site\/wp-json\/wp\/v2\/posts\/107794","targetHints":{"allow":["GET"]}}],"collection":[{"href":"https:\/\/noticiasmercedinas.com\/site\/wp-json\/wp\/v2\/posts"}],"about":[{"href":"https:\/\/noticiasmercedinas.com\/site\/wp-json\/wp\/v2\/types\/post"}],"author":[{"embeddable":true,"href":"https:\/\/noticiasmercedinas.com\/site\/wp-json\/wp\/v2\/users\/16"}],"replies":[{"embeddable":true,"href":"https:\/\/noticiasmercedinas.com\/site\/wp-json\/wp\/v2\/comments?post=107794"}],"version-history":[{"count":1,"href":"https:\/\/noticiasmercedinas.com\/site\/wp-json\/wp\/v2\/posts\/107794\/revisions"}],"predecessor-version":[{"id":107796,"href":"https:\/\/noticiasmercedinas.com\/site\/wp-json\/wp\/v2\/posts\/107794\/revisions\/107796"}],"wp:featuredmedia":[{"embeddable":true,"href":"https:\/\/noticiasmercedinas.com\/site\/wp-json\/wp\/v2\/media\/107795"}],"wp:attachment":[{"href":"https:\/\/noticiasmercedinas.com\/site\/wp-json\/wp\/v2\/media?parent=107794"}],"wp:term":[{"taxonomy":"category","embeddable":true,"href":"https:\/\/noticiasmercedinas.com\/site\/wp-json\/wp\/v2\/categories?post=107794"},{"taxonomy":"post_tag","embeddable":true,"href":"https:\/\/noticiasmercedinas.com\/site\/wp-json\/wp\/v2\/tags?post=107794"}],"curies":[{"name":"wp","href":"https:\/\/api.w.org\/{rel}","templated":true}]}}