{"id":107812,"date":"2023-01-18T15:50:44","date_gmt":"2023-01-18T18:50:44","guid":{"rendered":"https:\/\/noticiasmercedinas.com\/site\/?p=107812"},"modified":"2023-01-18T15:50:44","modified_gmt":"2023-01-18T18:50:44","slug":"reunion-de-trabajo-y-gestion-para-ampliar-servicios-basicos-a-mas-de-900-familias","status":"publish","type":"post","link":"https:\/\/noticiasmercedinas.com\/site\/2023\/01\/18\/reunion-de-trabajo-y-gestion-para-ampliar-servicios-basicos-a-mas-de-900-familias\/","title":{"rendered":"Reuni\u00f3n de trabajo y gesti\u00f3n para ampliar servicios b\u00e1sicos a m\u00e1s de 900 familias"},"content":{"rendered":"<p><img loading=\"lazy\" decoding=\"async\" class=\"alignnone size-full wp-image-107813\" src=\"https:\/\/noticiasmercedinas.com\/site\/wp-content\/uploads\/2023\/01\/Gestion.3-e1674067580468.jpg\" alt=\"\" width=\"640\" height=\"427\" srcset=\"https:\/\/noticiasmercedinas.com\/site\/wp-content\/uploads\/2023\/01\/Gestion.3-e1674067580468.jpg 640w, https:\/\/noticiasmercedinas.com\/site\/wp-content\/uploads\/2023\/01\/Gestion.3-e1674067580468-300x200.jpg 300w\" sizes=\"auto, (max-width: 640px) 100vw, 640px\" \/><\/p>\n<p>El Municipio de Mercedes y el Estado Nacional trabajan regularizando servicios b\u00e1sicos a m\u00e1s de 900 familias de la ciudad. Estas obras consisten en conexiones intra-lote de agua fina para los barrios Marchetti, Franja, Redes y Malvinas. Para ello, se llevar\u00e1n a cabo dos pozos que nutrir\u00e1n de agua a estas zonas.<\/p>\n<p>La secretaria de Desarrollo Social municipal, Jorgelina Silva, manifest\u00f3 al respecto: \u00abEste lunes tuvimos la presencia en Mercedes de Esteban Vallone, quien es director nacional de la Secretar\u00eda de Integraci\u00f3n Socio Urbana, y de Agust\u00edn Burgos, mercedino que es parte de su equipo\u00bb.<\/p>\n<p>Esta secretar\u00eda es dependiente del Ministerio de Desarrollo Social de la Naci\u00f3n, y es a su vez, la que conduce el Registro Nacional de Barrios Populares, a trav\u00e9s del cual se llevan adelante obras de infraestructura.<\/p>\n<p>En la reuni\u00f3n tambi\u00e9n estuvieron el Intendente municipal Juan Ustarroz, el director de Obras municipal Santiago Puliti y la secretaria de Gobierno Clara Zunino.<\/p>\n<p>El ReNaBap es el Registro Nacional de Barrios Populares, que est\u00e1 enmarcado en una ley que a su vez posee financiamiento para obras de infraestructura b\u00e1sica, gracias a la ley de grandes fortunas, que se gestionan a trav\u00e9s de la Secretaria de Integraci\u00f3n Socio Urbana.<\/p>\n<blockquote><p>\u201cEstas obras conllevan mucho trabajo y a veces tiempo, por lo que pedimos paciencia, porque estos trabajos cambiar\u00e1n la calidad de vida de los vecinos\u201d<\/p><\/blockquote>\n<p>En este sentido, Silva cont\u00f3: \u201cLo que estamos haciendo ahora, en los barrios Marchetti, Franja, Redes y Malvinas, es la red de agua fina. Si bien parte de la zona ten\u00eda agua corriente, estamos trabajando en que se beneficie a m\u00e1s de 900 familias, es una obra enorme que nos llev\u00f3 mucho trabajo t\u00e9cnico, y ya hace dos meses que se est\u00e1 trabajando\u201d.<\/p>\n<p>\u201cEsta es una parte de lo que nosotros postulamos, ya que tambi\u00e9n presentamos el proyecto para la obra el\u00e9ctrica en el barrio Redes, y a su vez con el Ministerio estamos trabajando tambi\u00e9n en barrio Marchetti la obra de refacci\u00f3n y ampliaci\u00f3n del Espacio Primera Infancia que va muy avanzada pr\u00f3xima a inaugurarse\u201d, agreg\u00f3 Silva.<\/p>\n<p>\u201cPero, sobre todo, lo que trabajamos ayer son las obras que tiene que ver con la infraestructura de red fina de agua que va acompa\u00f1ada de dos pozos de agua y el trabajo que hacemos de lotes con servicio en el barrio Soldado Balvidares\u201d, se\u00f1al\u00f3 la secretaria de Desarrollo Social.<\/p>\n<p>Y destac\u00f3 que \u201cestas obras conllevan mucho trabajo y a veces tiempo, por lo que pedimos paciencia, porque estos trabajos cambiar\u00e1n la calidad de vida de los vecinos\u201d.<\/p>\n","protected":false},"excerpt":{"rendered":"<p>\u25a0 Se planifican y llevan adelante conexiones intra-lote de agua fina para los barrios Marchetti, Franja, Redes y Malvinas. Para ello, se llevar\u00e1n a cabo dos pozos que nutrir\u00e1n de agua a estas zonas.<\/p>\n","protected":false},"author":16,"featured_media":107813,"comment_status":"open","ping_status":"open","sticky":false,"template":"","format":"standard","meta":{"footnotes":""},"categories":[3],"tags":[1234,1335,14533,8895,709,14176],"class_list":["post-107812","post","type-post","status-publish","format-standard","has-post-thumbnail","hentry","category-sociedad","tag-agua-corriente","tag-barrio-marchetti","tag-barrio-redes","tag-barrio-soldado-balvidares","tag-jorgelina-silva","tag-renabap"],"yoast_head":"<!-- This site is optimized with the Yoast SEO plugin v27.4 - https:\/\/yoast.com\/product\/yoast-seo-wordpress\/ -->\n<title>Reuni\u00f3n de trabajo y gesti\u00f3n para ampliar servicios b\u00e1sicos a m\u00e1s de 900 familias<\/title>\n<meta name=\"robots\" content=\"index, follow, max-snippet:-1, max-image-preview:large, max-video-preview:-1\" \/>\n<link rel=\"canonical\" href=\"https:\/\/noticiasmercedinas.com\/site\/2023\/01\/18\/reunion-de-trabajo-y-gestion-para-ampliar-servicios-basicos-a-mas-de-900-familias\/\" \/>\n<meta property=\"og:locale\" content=\"es_ES\" \/>\n<meta property=\"og:type\" content=\"article\" \/>\n<meta property=\"og:title\" content=\"Reuni\u00f3n de trabajo y gesti\u00f3n para ampliar servicios b\u00e1sicos a m\u00e1s de 900 familias\" \/>\n<meta property=\"og:description\" content=\"\u25a0 Se planifican y llevan adelante conexiones intra-lote de agua fina para los barrios Marchetti, Franja, Redes y Malvinas. Para ello, se llevar\u00e1n a cabo dos pozos que nutrir\u00e1n de agua a estas zonas.\" \/>\n<meta property=\"og:url\" content=\"https:\/\/noticiasmercedinas.com\/site\/2023\/01\/18\/reunion-de-trabajo-y-gestion-para-ampliar-servicios-basicos-a-mas-de-900-familias\/\" \/>\n<meta property=\"og:site_name\" content=\"NOTICIASMERCEDINAS.COM\" \/>\n<meta property=\"article:publisher\" content=\"https:\/\/www.facebook.com\/noticiasmercedinas\/\" \/>\n<meta property=\"article:published_time\" content=\"2023-01-18T18:50:44+00:00\" \/>\n<meta property=\"og:image\" content=\"https:\/\/noticiasmercedinas.com\/site\/wp-content\/uploads\/2023\/01\/Gestion.3-e1674067580468.jpg\" \/>\n\t<meta property=\"og:image:width\" content=\"640\" \/>\n\t<meta property=\"og:image:height\" content=\"427\" \/>\n\t<meta property=\"og:image:type\" content=\"image\/jpeg\" \/>\n<meta name=\"author\" content=\"NOTICIASMERCEDINAS.COM\" \/>\n<meta name=\"twitter:card\" content=\"summary_large_image\" \/>\n<meta name=\"twitter:creator\" content=\"@notmercedinas\" \/>\n<meta name=\"twitter:site\" content=\"@notmercedinas\" \/>\n<meta name=\"twitter:label1\" content=\"Escrito por\" \/>\n\t<meta name=\"twitter:data1\" content=\"NOTICIASMERCEDINAS.COM\" \/>\n\t<meta name=\"twitter:label2\" content=\"Tiempo de lectura\" \/>\n\t<meta name=\"twitter:data2\" content=\"3 minutos\" \/>\n<script type=\"application\/ld+json\" class=\"yoast-schema-graph\">{\"@context\":\"https:\\\/\\\/schema.org\",\"@graph\":[{\"@type\":\"Article\",\"@id\":\"https:\\\/\\\/noticiasmercedinas.com\\\/site\\\/2023\\\/01\\\/18\\\/reunion-de-trabajo-y-gestion-para-ampliar-servicios-basicos-a-mas-de-900-familias\\\/#article\",\"isPartOf\":{\"@id\":\"https:\\\/\\\/noticiasmercedinas.com\\\/site\\\/2023\\\/01\\\/18\\\/reunion-de-trabajo-y-gestion-para-ampliar-servicios-basicos-a-mas-de-900-familias\\\/\"},\"author\":{\"name\":\"NOTICIASMERCEDINAS.COM\",\"@id\":\"https:\\\/\\\/noticiasmercedinas.com\\\/site\\\/#\\\/schema\\\/person\\\/84b59c099c28ff2e8b77d4ceec5d8063\"},\"headline\":\"Reuni\u00f3n de trabajo y gesti\u00f3n para ampliar servicios b\u00e1sicos a m\u00e1s de 900 familias\",\"datePublished\":\"2023-01-18T18:50:44+00:00\",\"mainEntityOfPage\":{\"@id\":\"https:\\\/\\\/noticiasmercedinas.com\\\/site\\\/2023\\\/01\\\/18\\\/reunion-de-trabajo-y-gestion-para-ampliar-servicios-basicos-a-mas-de-900-familias\\\/\"},\"wordCount\":464,\"commentCount\":0,\"publisher\":{\"@id\":\"https:\\\/\\\/noticiasmercedinas.com\\\/site\\\/#organization\"},\"image\":{\"@id\":\"https:\\\/\\\/noticiasmercedinas.com\\\/site\\\/2023\\\/01\\\/18\\\/reunion-de-trabajo-y-gestion-para-ampliar-servicios-basicos-a-mas-de-900-familias\\\/#primaryimage\"},\"thumbnailUrl\":\"https:\\\/\\\/noticiasmercedinas.com\\\/site\\\/wp-content\\\/uploads\\\/2023\\\/01\\\/Gestion.3-e1674067580468.jpg\",\"keywords\":[\"agua corriente\",\"barrio marchetti\",\"barrio redes\",\"barrio soldado balvidares\",\"jorgelina silva\",\"renabap\"],\"articleSection\":[\"Sociedad\"],\"inLanguage\":\"es\",\"potentialAction\":[{\"@type\":\"CommentAction\",\"name\":\"Comment\",\"target\":[\"https:\\\/\\\/noticiasmercedinas.com\\\/site\\\/2023\\\/01\\\/18\\\/reunion-de-trabajo-y-gestion-para-ampliar-servicios-basicos-a-mas-de-900-familias\\\/#respond\"]}]},{\"@type\":\"WebPage\",\"@id\":\"https:\\\/\\\/noticiasmercedinas.com\\\/site\\\/2023\\\/01\\\/18\\\/reunion-de-trabajo-y-gestion-para-ampliar-servicios-basicos-a-mas-de-900-familias\\\/\",\"url\":\"https:\\\/\\\/noticiasmercedinas.com\\\/site\\\/2023\\\/01\\\/18\\\/reunion-de-trabajo-y-gestion-para-ampliar-servicios-basicos-a-mas-de-900-familias\\\/\",\"name\":\"Reuni\u00f3n de trabajo y gesti\u00f3n para ampliar servicios b\u00e1sicos a m\u00e1s de 900 familias\",\"isPartOf\":{\"@id\":\"https:\\\/\\\/noticiasmercedinas.com\\\/site\\\/#website\"},\"primaryImageOfPage\":{\"@id\":\"https:\\\/\\\/noticiasmercedinas.com\\\/site\\\/2023\\\/01\\\/18\\\/reunion-de-trabajo-y-gestion-para-ampliar-servicios-basicos-a-mas-de-900-familias\\\/#primaryimage\"},\"image\":{\"@id\":\"https:\\\/\\\/noticiasmercedinas.com\\\/site\\\/2023\\\/01\\\/18\\\/reunion-de-trabajo-y-gestion-para-ampliar-servicios-basicos-a-mas-de-900-familias\\\/#primaryimage\"},\"thumbnailUrl\":\"https:\\\/\\\/noticiasmercedinas.com\\\/site\\\/wp-content\\\/uploads\\\/2023\\\/01\\\/Gestion.3-e1674067580468.jpg\",\"datePublished\":\"2023-01-18T18:50:44+00:00\",\"breadcrumb\":{\"@id\":\"https:\\\/\\\/noticiasmercedinas.com\\\/site\\\/2023\\\/01\\\/18\\\/reunion-de-trabajo-y-gestion-para-ampliar-servicios-basicos-a-mas-de-900-familias\\\/#breadcrumb\"},\"inLanguage\":\"es\",\"potentialAction\":[{\"@type\":\"ReadAction\",\"target\":[\"https:\\\/\\\/noticiasmercedinas.com\\\/site\\\/2023\\\/01\\\/18\\\/reunion-de-trabajo-y-gestion-para-ampliar-servicios-basicos-a-mas-de-900-familias\\\/\"]}]},{\"@type\":\"ImageObject\",\"inLanguage\":\"es\",\"@id\":\"https:\\\/\\\/noticiasmercedinas.com\\\/site\\\/2023\\\/01\\\/18\\\/reunion-de-trabajo-y-gestion-para-ampliar-servicios-basicos-a-mas-de-900-familias\\\/#primaryimage\",\"url\":\"https:\\\/\\\/noticiasmercedinas.com\\\/site\\\/wp-content\\\/uploads\\\/2023\\\/01\\\/Gestion.3-e1674067580468.jpg\",\"contentUrl\":\"https:\\\/\\\/noticiasmercedinas.com\\\/site\\\/wp-content\\\/uploads\\\/2023\\\/01\\\/Gestion.3-e1674067580468.jpg\",\"width\":640,\"height\":427},{\"@type\":\"BreadcrumbList\",\"@id\":\"https:\\\/\\\/noticiasmercedinas.com\\\/site\\\/2023\\\/01\\\/18\\\/reunion-de-trabajo-y-gestion-para-ampliar-servicios-basicos-a-mas-de-900-familias\\\/#breadcrumb\",\"itemListElement\":[{\"@type\":\"ListItem\",\"position\":1,\"name\":\"Portada\",\"item\":\"https:\\\/\\\/noticiasmercedinas.com\\\/site\\\/\"},{\"@type\":\"ListItem\",\"position\":2,\"name\":\"Reuni\u00f3n de trabajo y gesti\u00f3n para ampliar servicios b\u00e1sicos a m\u00e1s de 900 familias\"}]},{\"@type\":\"WebSite\",\"@id\":\"https:\\\/\\\/noticiasmercedinas.com\\\/site\\\/#website\",\"url\":\"https:\\\/\\\/noticiasmercedinas.com\\\/site\\\/\",\"name\":\"NOTICIASMERCEDINAS.COM\",\"description\":\"Mercedes, Buenos Aires, Argentina\",\"publisher\":{\"@id\":\"https:\\\/\\\/noticiasmercedinas.com\\\/site\\\/#organization\"},\"potentialAction\":[{\"@type\":\"SearchAction\",\"target\":{\"@type\":\"EntryPoint\",\"urlTemplate\":\"https:\\\/\\\/noticiasmercedinas.com\\\/site\\\/?s={search_term_string}\"},\"query-input\":{\"@type\":\"PropertyValueSpecification\",\"valueRequired\":true,\"valueName\":\"search_term_string\"}}],\"inLanguage\":\"es\"},{\"@type\":\"Organization\",\"@id\":\"https:\\\/\\\/noticiasmercedinas.com\\\/site\\\/#organization\",\"name\":\"NOTICIASMERCEDINAS.COM\",\"url\":\"https:\\\/\\\/noticiasmercedinas.com\\\/site\\\/\",\"logo\":{\"@type\":\"ImageObject\",\"inLanguage\":\"es\",\"@id\":\"https:\\\/\\\/noticiasmercedinas.com\\\/site\\\/#\\\/schema\\\/logo\\\/image\\\/\",\"url\":\"https:\\\/\\\/noticiasmercedinas.com\\\/site\\\/wp-content\\\/uploads\\\/2020\\\/06\\\/LOGO-512.jpg\",\"contentUrl\":\"https:\\\/\\\/noticiasmercedinas.com\\\/site\\\/wp-content\\\/uploads\\\/2020\\\/06\\\/LOGO-512.jpg\",\"width\":512,\"height\":512,\"caption\":\"NOTICIASMERCEDINAS.COM\"},\"image\":{\"@id\":\"https:\\\/\\\/noticiasmercedinas.com\\\/site\\\/#\\\/schema\\\/logo\\\/image\\\/\"},\"sameAs\":[\"https:\\\/\\\/www.facebook.com\\\/noticiasmercedinas\\\/\",\"https:\\\/\\\/x.com\\\/notmercedinas\",\"https:\\\/\\\/www.instagram.com\\\/noticiasmercedinas\\\/\"]},{\"@type\":\"Person\",\"@id\":\"https:\\\/\\\/noticiasmercedinas.com\\\/site\\\/#\\\/schema\\\/person\\\/84b59c099c28ff2e8b77d4ceec5d8063\",\"name\":\"NOTICIASMERCEDINAS.COM\",\"image\":{\"@type\":\"ImageObject\",\"inLanguage\":\"es\",\"@id\":\"https:\\\/\\\/secure.gravatar.com\\\/avatar\\\/4dfbf16b4d17945bfb6341b2d19043457132fcf478a5ee04f42e959fd8f5df0a?s=96&d=mm&r=g\",\"url\":\"https:\\\/\\\/secure.gravatar.com\\\/avatar\\\/4dfbf16b4d17945bfb6341b2d19043457132fcf478a5ee04f42e959fd8f5df0a?s=96&d=mm&r=g\",\"contentUrl\":\"https:\\\/\\\/secure.gravatar.com\\\/avatar\\\/4dfbf16b4d17945bfb6341b2d19043457132fcf478a5ee04f42e959fd8f5df0a?s=96&d=mm&r=g\",\"caption\":\"NOTICIASMERCEDINAS.COM\"},\"url\":\"https:\\\/\\\/noticiasmercedinas.com\\\/site\\\/author\\\/anonimo\\\/\"}]}<\/script>\n<!-- \/ Yoast SEO plugin. -->","yoast_head_json":{"title":"Reuni\u00f3n de trabajo y gesti\u00f3n para ampliar servicios b\u00e1sicos a m\u00e1s de 900 familias","robots":{"index":"index","follow":"follow","max-snippet":"max-snippet:-1","max-image-preview":"max-image-preview:large","max-video-preview":"max-video-preview:-1"},"canonical":"https:\/\/noticiasmercedinas.com\/site\/2023\/01\/18\/reunion-de-trabajo-y-gestion-para-ampliar-servicios-basicos-a-mas-de-900-familias\/","og_locale":"es_ES","og_type":"article","og_title":"Reuni\u00f3n de trabajo y gesti\u00f3n para ampliar servicios b\u00e1sicos a m\u00e1s de 900 familias","og_description":"\u25a0 Se planifican y llevan adelante conexiones intra-lote de agua fina para los barrios Marchetti, Franja, Redes y Malvinas. Para ello, se llevar\u00e1n a cabo dos pozos que nutrir\u00e1n de agua a estas zonas.","og_url":"https:\/\/noticiasmercedinas.com\/site\/2023\/01\/18\/reunion-de-trabajo-y-gestion-para-ampliar-servicios-basicos-a-mas-de-900-familias\/","og_site_name":"NOTICIASMERCEDINAS.COM","article_publisher":"https:\/\/www.facebook.com\/noticiasmercedinas\/","article_published_time":"2023-01-18T18:50:44+00:00","og_image":[{"width":640,"height":427,"url":"https:\/\/noticiasmercedinas.com\/site\/wp-content\/uploads\/2023\/01\/Gestion.3-e1674067580468.jpg","type":"image\/jpeg"}],"author":"NOTICIASMERCEDINAS.COM","twitter_card":"summary_large_image","twitter_creator":"@notmercedinas","twitter_site":"@notmercedinas","twitter_misc":{"Escrito por":"NOTICIASMERCEDINAS.COM","Tiempo de lectura":"3 minutos"},"schema":{"@context":"https:\/\/schema.org","@graph":[{"@type":"Article","@id":"https:\/\/noticiasmercedinas.com\/site\/2023\/01\/18\/reunion-de-trabajo-y-gestion-para-ampliar-servicios-basicos-a-mas-de-900-familias\/#article","isPartOf":{"@id":"https:\/\/noticiasmercedinas.com\/site\/2023\/01\/18\/reunion-de-trabajo-y-gestion-para-ampliar-servicios-basicos-a-mas-de-900-familias\/"},"author":{"name":"NOTICIASMERCEDINAS.COM","@id":"https:\/\/noticiasmercedinas.com\/site\/#\/schema\/person\/84b59c099c28ff2e8b77d4ceec5d8063"},"headline":"Reuni\u00f3n de trabajo y gesti\u00f3n para ampliar servicios b\u00e1sicos a m\u00e1s de 900 familias","datePublished":"2023-01-18T18:50:44+00:00","mainEntityOfPage":{"@id":"https:\/\/noticiasmercedinas.com\/site\/2023\/01\/18\/reunion-de-trabajo-y-gestion-para-ampliar-servicios-basicos-a-mas-de-900-familias\/"},"wordCount":464,"commentCount":0,"publisher":{"@id":"https:\/\/noticiasmercedinas.com\/site\/#organization"},"image":{"@id":"https:\/\/noticiasmercedinas.com\/site\/2023\/01\/18\/reunion-de-trabajo-y-gestion-para-ampliar-servicios-basicos-a-mas-de-900-familias\/#primaryimage"},"thumbnailUrl":"https:\/\/noticiasmercedinas.com\/site\/wp-content\/uploads\/2023\/01\/Gestion.3-e1674067580468.jpg","keywords":["agua corriente","barrio marchetti","barrio redes","barrio soldado balvidares","jorgelina silva","renabap"],"articleSection":["Sociedad"],"inLanguage":"es","potentialAction":[{"@type":"CommentAction","name":"Comment","target":["https:\/\/noticiasmercedinas.com\/site\/2023\/01\/18\/reunion-de-trabajo-y-gestion-para-ampliar-servicios-basicos-a-mas-de-900-familias\/#respond"]}]},{"@type":"WebPage","@id":"https:\/\/noticiasmercedinas.com\/site\/2023\/01\/18\/reunion-de-trabajo-y-gestion-para-ampliar-servicios-basicos-a-mas-de-900-familias\/","url":"https:\/\/noticiasmercedinas.com\/site\/2023\/01\/18\/reunion-de-trabajo-y-gestion-para-ampliar-servicios-basicos-a-mas-de-900-familias\/","name":"Reuni\u00f3n de trabajo y gesti\u00f3n para ampliar servicios b\u00e1sicos a m\u00e1s de 900 familias","isPartOf":{"@id":"https:\/\/noticiasmercedinas.com\/site\/#website"},"primaryImageOfPage":{"@id":"https:\/\/noticiasmercedinas.com\/site\/2023\/01\/18\/reunion-de-trabajo-y-gestion-para-ampliar-servicios-basicos-a-mas-de-900-familias\/#primaryimage"},"image":{"@id":"https:\/\/noticiasmercedinas.com\/site\/2023\/01\/18\/reunion-de-trabajo-y-gestion-para-ampliar-servicios-basicos-a-mas-de-900-familias\/#primaryimage"},"thumbnailUrl":"https:\/\/noticiasmercedinas.com\/site\/wp-content\/uploads\/2023\/01\/Gestion.3-e1674067580468.jpg","datePublished":"2023-01-18T18:50:44+00:00","breadcrumb":{"@id":"https:\/\/noticiasmercedinas.com\/site\/2023\/01\/18\/reunion-de-trabajo-y-gestion-para-ampliar-servicios-basicos-a-mas-de-900-familias\/#breadcrumb"},"inLanguage":"es","potentialAction":[{"@type":"ReadAction","target":["https:\/\/noticiasmercedinas.com\/site\/2023\/01\/18\/reunion-de-trabajo-y-gestion-para-ampliar-servicios-basicos-a-mas-de-900-familias\/"]}]},{"@type":"ImageObject","inLanguage":"es","@id":"https:\/\/noticiasmercedinas.com\/site\/2023\/01\/18\/reunion-de-trabajo-y-gestion-para-ampliar-servicios-basicos-a-mas-de-900-familias\/#primaryimage","url":"https:\/\/noticiasmercedinas.com\/site\/wp-content\/uploads\/2023\/01\/Gestion.3-e1674067580468.jpg","contentUrl":"https:\/\/noticiasmercedinas.com\/site\/wp-content\/uploads\/2023\/01\/Gestion.3-e1674067580468.jpg","width":640,"height":427},{"@type":"BreadcrumbList","@id":"https:\/\/noticiasmercedinas.com\/site\/2023\/01\/18\/reunion-de-trabajo-y-gestion-para-ampliar-servicios-basicos-a-mas-de-900-familias\/#breadcrumb","itemListElement":[{"@type":"ListItem","position":1,"name":"Portada","item":"https:\/\/noticiasmercedinas.com\/site\/"},{"@type":"ListItem","position":2,"name":"Reuni\u00f3n de trabajo y gesti\u00f3n para ampliar servicios b\u00e1sicos a m\u00e1s de 900 familias"}]},{"@type":"WebSite","@id":"https:\/\/noticiasmercedinas.com\/site\/#website","url":"https:\/\/noticiasmercedinas.com\/site\/","name":"NOTICIASMERCEDINAS.COM","description":"Mercedes, Buenos Aires, Argentina","publisher":{"@id":"https:\/\/noticiasmercedinas.com\/site\/#organization"},"potentialAction":[{"@type":"SearchAction","target":{"@type":"EntryPoint","urlTemplate":"https:\/\/noticiasmercedinas.com\/site\/?s={search_term_string}"},"query-input":{"@type":"PropertyValueSpecification","valueRequired":true,"valueName":"search_term_string"}}],"inLanguage":"es"},{"@type":"Organization","@id":"https:\/\/noticiasmercedinas.com\/site\/#organization","name":"NOTICIASMERCEDINAS.COM","url":"https:\/\/noticiasmercedinas.com\/site\/","logo":{"@type":"ImageObject","inLanguage":"es","@id":"https:\/\/noticiasmercedinas.com\/site\/#\/schema\/logo\/image\/","url":"https:\/\/noticiasmercedinas.com\/site\/wp-content\/uploads\/2020\/06\/LOGO-512.jpg","contentUrl":"https:\/\/noticiasmercedinas.com\/site\/wp-content\/uploads\/2020\/06\/LOGO-512.jpg","width":512,"height":512,"caption":"NOTICIASMERCEDINAS.COM"},"image":{"@id":"https:\/\/noticiasmercedinas.com\/site\/#\/schema\/logo\/image\/"},"sameAs":["https:\/\/www.facebook.com\/noticiasmercedinas\/","https:\/\/x.com\/notmercedinas","https:\/\/www.instagram.com\/noticiasmercedinas\/"]},{"@type":"Person","@id":"https:\/\/noticiasmercedinas.com\/site\/#\/schema\/person\/84b59c099c28ff2e8b77d4ceec5d8063","name":"NOTICIASMERCEDINAS.COM","image":{"@type":"ImageObject","inLanguage":"es","@id":"https:\/\/secure.gravatar.com\/avatar\/4dfbf16b4d17945bfb6341b2d19043457132fcf478a5ee04f42e959fd8f5df0a?s=96&d=mm&r=g","url":"https:\/\/secure.gravatar.com\/avatar\/4dfbf16b4d17945bfb6341b2d19043457132fcf478a5ee04f42e959fd8f5df0a?s=96&d=mm&r=g","contentUrl":"https:\/\/secure.gravatar.com\/avatar\/4dfbf16b4d17945bfb6341b2d19043457132fcf478a5ee04f42e959fd8f5df0a?s=96&d=mm&r=g","caption":"NOTICIASMERCEDINAS.COM"},"url":"https:\/\/noticiasmercedinas.com\/site\/author\/anonimo\/"}]}},"amp_enabled":true,"_links":{"self":[{"href":"https:\/\/noticiasmercedinas.com\/site\/wp-json\/wp\/v2\/posts\/107812","targetHints":{"allow":["GET"]}}],"collection":[{"href":"https:\/\/noticiasmercedinas.com\/site\/wp-json\/wp\/v2\/posts"}],"about":[{"href":"https:\/\/noticiasmercedinas.com\/site\/wp-json\/wp\/v2\/types\/post"}],"author":[{"embeddable":true,"href":"https:\/\/noticiasmercedinas.com\/site\/wp-json\/wp\/v2\/users\/16"}],"replies":[{"embeddable":true,"href":"https:\/\/noticiasmercedinas.com\/site\/wp-json\/wp\/v2\/comments?post=107812"}],"version-history":[{"count":1,"href":"https:\/\/noticiasmercedinas.com\/site\/wp-json\/wp\/v2\/posts\/107812\/revisions"}],"predecessor-version":[{"id":107814,"href":"https:\/\/noticiasmercedinas.com\/site\/wp-json\/wp\/v2\/posts\/107812\/revisions\/107814"}],"wp:featuredmedia":[{"embeddable":true,"href":"https:\/\/noticiasmercedinas.com\/site\/wp-json\/wp\/v2\/media\/107813"}],"wp:attachment":[{"href":"https:\/\/noticiasmercedinas.com\/site\/wp-json\/wp\/v2\/media?parent=107812"}],"wp:term":[{"taxonomy":"category","embeddable":true,"href":"https:\/\/noticiasmercedinas.com\/site\/wp-json\/wp\/v2\/categories?post=107812"},{"taxonomy":"post_tag","embeddable":true,"href":"https:\/\/noticiasmercedinas.com\/site\/wp-json\/wp\/v2\/tags?post=107812"}],"curies":[{"name":"wp","href":"https:\/\/api.w.org\/{rel}","templated":true}]}}