{"id":107929,"date":"2023-01-21T10:26:25","date_gmt":"2023-01-21T13:26:25","guid":{"rendered":"https:\/\/noticiasmercedinas.com\/site\/?p=107929"},"modified":"2023-01-21T10:26:25","modified_gmt":"2023-01-21T13:26:25","slug":"todos-deseamos-que-esta-obra-pueda-ejecutarse-de-una-buena-vez","status":"publish","type":"post","link":"https:\/\/noticiasmercedinas.com\/site\/2023\/01\/21\/todos-deseamos-que-esta-obra-pueda-ejecutarse-de-una-buena-vez\/","title":{"rendered":"\u00abTodos deseamos que esta obra pueda ejecutarse de una buena vez\u00bb"},"content":{"rendered":"<p><img loading=\"lazy\" decoding=\"async\" class=\"alignnone size-large wp-image-107931\" src=\"https:\/\/noticiasmercedinas.com\/site\/wp-content\/uploads\/2023\/01\/Silvia_braghi-1024x576.jpg\" alt=\"\" width=\"640\" height=\"360\" srcset=\"https:\/\/noticiasmercedinas.com\/site\/wp-content\/uploads\/2023\/01\/Silvia_braghi-1024x576.jpg 1024w, https:\/\/noticiasmercedinas.com\/site\/wp-content\/uploads\/2023\/01\/Silvia_braghi-300x169.jpg 300w, https:\/\/noticiasmercedinas.com\/site\/wp-content\/uploads\/2023\/01\/Silvia_braghi-768x432.jpg 768w, https:\/\/noticiasmercedinas.com\/site\/wp-content\/uploads\/2023\/01\/Silvia_braghi-1536x864.jpg 1536w, https:\/\/noticiasmercedinas.com\/site\/wp-content\/uploads\/2023\/01\/Silvia_braghi-640x360.jpg 640w, https:\/\/noticiasmercedinas.com\/site\/wp-content\/uploads\/2023\/01\/Silvia_braghi-1280x720.jpg 1280w, https:\/\/noticiasmercedinas.com\/site\/wp-content\/uploads\/2023\/01\/Silvia_braghi-681x383.jpg 681w, https:\/\/noticiasmercedinas.com\/site\/wp-content\/uploads\/2023\/01\/Silvia_braghi-1362x766.jpg 1362w, https:\/\/noticiasmercedinas.com\/site\/wp-content\/uploads\/2023\/01\/Silvia_braghi.jpg 2048w\" sizes=\"auto, (max-width: 640px) 100vw, 640px\" \/><\/p>\n<p>La <a href=\"https:\/\/noticiasmercedinas.com\/site\/2023\/01\/20\/con-presencia-de-autoridades-ponen-en-marcha-obras-de-un-tramo-de-ruta-nacional-5\/\">puesta en marcha de los trabajos en la autopista Luj\u00e1n &#8211; Bragado<\/a> en el tramo Mercedes &#8211; Suipacha (km 104 al km 124) tuvo presencia de autoridades gubernamentales de distintos municipios y entre ellas se destac\u00f3 la suipachense <strong>Silvia Braghi<\/strong>, quien es intendenta interina y se acerc\u00f3 para ser parte en lugar de su titular <strong>Alejandro Federico<\/strong>, de este importante acto que se dio este viernes por la ma\u00f1ana.<\/p>\n<p>Entrevistada por <em>Noticias Mercedinas<\/em>, Braghi destac\u00f3 la importancia para la regi\u00f3n de esta obra que finalmente se pone en marcha y demandar\u00e1 una inversi\u00f3n de 4.323 millones de pesos, generando unos 200 empleos directos.<\/p>\n<p>\u00abFuimos invitados a este encuentro del inicio de obras de transformaci\u00f3n de la ruta 5 en autopista hasta la variante Suipacha. Fue un encuentro informal, que estuvo encabezados por los ministros de Obras Publicas e Interior, y el administrador de Vialidad Nacional. Como intendente de Suipacha y como vecina este encuentro creo que aport\u00f3 una cuota de esperanza y de necesidad que tenemos de contar con esta obra que es tan deseada y necesaria para todos los que transitamos la ruta 5\u00bb, dijo Braghi.<\/p>\n<p>\u00abRetomar esto es muy importante. Mas all\u00e1 de los colores pol\u00edticos e ideolog\u00edas propias de cada una de las personas que est\u00e1bamos all\u00ed, sobre todo de los que formamos parte de este corredor vial, todos tenemos el deseo de que esto se termine en los plazos estipulados y poder contar con la autopista hasta Bragado\u00bb, agreg\u00f3.<\/p>\n<blockquote><p>\u00abEsto significa poder ofrecer mano de obra, ya que la empresa se ha comprometido y hay en la Municipalidad una bolsa de trabajo para que nuestros vecinos puedan solicitar empleo dentro de lo que la empresa necesita\u00bb<\/p><\/blockquote>\n<p>Para Suipacha, destac\u00f3, es m\u00e1s que importante adem\u00e1s que el obrador estar\u00e1 en la entrada de la ciudad. \u00abEsto significa poder ofrecer mano de obra, ya que la empresa se ha comprometido y hay en la Municipalidad una bolsa de trabajo para que nuestros vecinos puedan solicitar empleo dentro de lo que la empresa necesita. Esta es una muy buena noticia para nosotros\u00bb, insisti\u00f3 Silvia Braghi.<\/p>\n<p>\u00abEste fue un encuentro ameno, donde prevaleci\u00f3 el deseo de poder llevar a cabo por parte del gobierno nacional esta obra y desde nuestro municipio brindaremos toda la ayuda que sea necesaria. Todos deseamos que esta obra pueda ejecutarse de una buena vez y contemos todos con este beneficio. Nos unimos en lo que nos necesiten y en lo que se nos solicite. No es nuestro deseo poner trabas sino sumar esfuerzos para que esto sea una hermosa realidad para todos\u00bb, concluy\u00f3 la intendenta interina de la ciudad de Suipacha.<\/p>\n<p><img loading=\"lazy\" decoding=\"async\" class=\"alignnone wp-image-107930\" src=\"https:\/\/noticiasmercedinas.com\/site\/wp-content\/uploads\/2023\/01\/a923d6a4-16d4-4ece-b5c5-a04a198b40f9.jpg\" alt=\"\" width=\"640\" height=\"891\" srcset=\"https:\/\/noticiasmercedinas.com\/site\/wp-content\/uploads\/2023\/01\/a923d6a4-16d4-4ece-b5c5-a04a198b40f9.jpg 599w, https:\/\/noticiasmercedinas.com\/site\/wp-content\/uploads\/2023\/01\/a923d6a4-16d4-4ece-b5c5-a04a198b40f9-215x300.jpg 215w\" sizes=\"auto, (max-width: 640px) 100vw, 640px\" \/><\/p>\n","protected":false},"excerpt":{"rendered":"<p>\u25a0 \u00abMas all\u00e1 de colores pol\u00edticos e ideolog\u00edas, todos tenemos el deseo de que esto se termine en los plazos estipulados y poder contar con la autopista hasta Bragado\u00bb, dijo Silvia Braghi, intendenta interina de Suipacha. <\/p>\n","protected":false},"author":16,"featured_media":107931,"comment_status":"open","ping_status":"open","sticky":false,"template":"","format":"standard","meta":{"footnotes":""},"categories":[3],"tags":[1097,1314,665,13634,1095],"class_list":["post-107929","post","type-post","status-publish","format-standard","has-post-thumbnail","hentry","category-sociedad","tag-alejandro-federico","tag-autopista-5","tag-ruta-5","tag-silvia-braghi","tag-suipacha"],"yoast_head":"<!-- This site is optimized with the Yoast SEO plugin v27.4 - https:\/\/yoast.com\/product\/yoast-seo-wordpress\/ -->\n<title>&quot;Todos deseamos que esta obra pueda ejecutarse de una buena vez&quot;<\/title>\n<meta name=\"robots\" content=\"index, follow, max-snippet:-1, max-image-preview:large, max-video-preview:-1\" \/>\n<link rel=\"canonical\" href=\"https:\/\/noticiasmercedinas.com\/site\/2023\/01\/21\/todos-deseamos-que-esta-obra-pueda-ejecutarse-de-una-buena-vez\/\" \/>\n<meta property=\"og:locale\" content=\"es_ES\" \/>\n<meta property=\"og:type\" content=\"article\" \/>\n<meta property=\"og:title\" content=\"&quot;Todos deseamos que esta obra pueda ejecutarse de una buena vez&quot;\" \/>\n<meta property=\"og:description\" content=\"\u25a0 &quot;Mas all\u00e1 de colores pol\u00edticos e ideolog\u00edas, todos tenemos el deseo de que esto se termine en los plazos estipulados y poder contar con la autopista hasta Bragado&quot;, dijo Silvia Braghi, intendenta interina de Suipacha.\" \/>\n<meta property=\"og:url\" content=\"https:\/\/noticiasmercedinas.com\/site\/2023\/01\/21\/todos-deseamos-que-esta-obra-pueda-ejecutarse-de-una-buena-vez\/\" \/>\n<meta property=\"og:site_name\" content=\"NOTICIASMERCEDINAS.COM\" \/>\n<meta property=\"article:publisher\" content=\"https:\/\/www.facebook.com\/noticiasmercedinas\/\" \/>\n<meta property=\"article:published_time\" content=\"2023-01-21T13:26:25+00:00\" \/>\n<meta property=\"og:image\" content=\"https:\/\/noticiasmercedinas.com\/site\/wp-content\/uploads\/2023\/01\/Silvia_braghi.jpg\" \/>\n\t<meta property=\"og:image:width\" content=\"2048\" \/>\n\t<meta property=\"og:image:height\" content=\"1152\" \/>\n\t<meta property=\"og:image:type\" content=\"image\/jpeg\" \/>\n<meta name=\"author\" content=\"NOTICIASMERCEDINAS.COM\" \/>\n<meta name=\"twitter:card\" content=\"summary_large_image\" \/>\n<meta name=\"twitter:creator\" content=\"@notmercedinas\" \/>\n<meta name=\"twitter:site\" content=\"@notmercedinas\" \/>\n<meta name=\"twitter:label1\" content=\"Escrito por\" \/>\n\t<meta name=\"twitter:data1\" content=\"NOTICIASMERCEDINAS.COM\" \/>\n\t<meta name=\"twitter:label2\" content=\"Tiempo de lectura\" \/>\n\t<meta name=\"twitter:data2\" content=\"3 minutos\" \/>\n<script type=\"application\/ld+json\" class=\"yoast-schema-graph\">{\"@context\":\"https:\\\/\\\/schema.org\",\"@graph\":[{\"@type\":\"Article\",\"@id\":\"https:\\\/\\\/noticiasmercedinas.com\\\/site\\\/2023\\\/01\\\/21\\\/todos-deseamos-que-esta-obra-pueda-ejecutarse-de-una-buena-vez\\\/#article\",\"isPartOf\":{\"@id\":\"https:\\\/\\\/noticiasmercedinas.com\\\/site\\\/2023\\\/01\\\/21\\\/todos-deseamos-que-esta-obra-pueda-ejecutarse-de-una-buena-vez\\\/\"},\"author\":{\"name\":\"NOTICIASMERCEDINAS.COM\",\"@id\":\"https:\\\/\\\/noticiasmercedinas.com\\\/site\\\/#\\\/schema\\\/person\\\/84b59c099c28ff2e8b77d4ceec5d8063\"},\"headline\":\"\u00abTodos deseamos que esta obra pueda ejecutarse de una buena vez\u00bb\",\"datePublished\":\"2023-01-21T13:26:25+00:00\",\"mainEntityOfPage\":{\"@id\":\"https:\\\/\\\/noticiasmercedinas.com\\\/site\\\/2023\\\/01\\\/21\\\/todos-deseamos-que-esta-obra-pueda-ejecutarse-de-una-buena-vez\\\/\"},\"wordCount\":452,\"commentCount\":0,\"publisher\":{\"@id\":\"https:\\\/\\\/noticiasmercedinas.com\\\/site\\\/#organization\"},\"image\":{\"@id\":\"https:\\\/\\\/noticiasmercedinas.com\\\/site\\\/2023\\\/01\\\/21\\\/todos-deseamos-que-esta-obra-pueda-ejecutarse-de-una-buena-vez\\\/#primaryimage\"},\"thumbnailUrl\":\"https:\\\/\\\/noticiasmercedinas.com\\\/site\\\/wp-content\\\/uploads\\\/2023\\\/01\\\/Silvia_braghi.jpg\",\"keywords\":[\"alejandro federico\",\"autopista 5\",\"ruta 5\",\"silvia braghi\",\"suipacha\"],\"articleSection\":[\"Sociedad\"],\"inLanguage\":\"es\",\"potentialAction\":[{\"@type\":\"CommentAction\",\"name\":\"Comment\",\"target\":[\"https:\\\/\\\/noticiasmercedinas.com\\\/site\\\/2023\\\/01\\\/21\\\/todos-deseamos-que-esta-obra-pueda-ejecutarse-de-una-buena-vez\\\/#respond\"]}]},{\"@type\":\"WebPage\",\"@id\":\"https:\\\/\\\/noticiasmercedinas.com\\\/site\\\/2023\\\/01\\\/21\\\/todos-deseamos-que-esta-obra-pueda-ejecutarse-de-una-buena-vez\\\/\",\"url\":\"https:\\\/\\\/noticiasmercedinas.com\\\/site\\\/2023\\\/01\\\/21\\\/todos-deseamos-que-esta-obra-pueda-ejecutarse-de-una-buena-vez\\\/\",\"name\":\"\\\"Todos deseamos que esta obra pueda ejecutarse de una buena vez\\\"\",\"isPartOf\":{\"@id\":\"https:\\\/\\\/noticiasmercedinas.com\\\/site\\\/#website\"},\"primaryImageOfPage\":{\"@id\":\"https:\\\/\\\/noticiasmercedinas.com\\\/site\\\/2023\\\/01\\\/21\\\/todos-deseamos-que-esta-obra-pueda-ejecutarse-de-una-buena-vez\\\/#primaryimage\"},\"image\":{\"@id\":\"https:\\\/\\\/noticiasmercedinas.com\\\/site\\\/2023\\\/01\\\/21\\\/todos-deseamos-que-esta-obra-pueda-ejecutarse-de-una-buena-vez\\\/#primaryimage\"},\"thumbnailUrl\":\"https:\\\/\\\/noticiasmercedinas.com\\\/site\\\/wp-content\\\/uploads\\\/2023\\\/01\\\/Silvia_braghi.jpg\",\"datePublished\":\"2023-01-21T13:26:25+00:00\",\"breadcrumb\":{\"@id\":\"https:\\\/\\\/noticiasmercedinas.com\\\/site\\\/2023\\\/01\\\/21\\\/todos-deseamos-que-esta-obra-pueda-ejecutarse-de-una-buena-vez\\\/#breadcrumb\"},\"inLanguage\":\"es\",\"potentialAction\":[{\"@type\":\"ReadAction\",\"target\":[\"https:\\\/\\\/noticiasmercedinas.com\\\/site\\\/2023\\\/01\\\/21\\\/todos-deseamos-que-esta-obra-pueda-ejecutarse-de-una-buena-vez\\\/\"]}]},{\"@type\":\"ImageObject\",\"inLanguage\":\"es\",\"@id\":\"https:\\\/\\\/noticiasmercedinas.com\\\/site\\\/2023\\\/01\\\/21\\\/todos-deseamos-que-esta-obra-pueda-ejecutarse-de-una-buena-vez\\\/#primaryimage\",\"url\":\"https:\\\/\\\/noticiasmercedinas.com\\\/site\\\/wp-content\\\/uploads\\\/2023\\\/01\\\/Silvia_braghi.jpg\",\"contentUrl\":\"https:\\\/\\\/noticiasmercedinas.com\\\/site\\\/wp-content\\\/uploads\\\/2023\\\/01\\\/Silvia_braghi.jpg\",\"width\":2048,\"height\":1152},{\"@type\":\"BreadcrumbList\",\"@id\":\"https:\\\/\\\/noticiasmercedinas.com\\\/site\\\/2023\\\/01\\\/21\\\/todos-deseamos-que-esta-obra-pueda-ejecutarse-de-una-buena-vez\\\/#breadcrumb\",\"itemListElement\":[{\"@type\":\"ListItem\",\"position\":1,\"name\":\"Portada\",\"item\":\"https:\\\/\\\/noticiasmercedinas.com\\\/site\\\/\"},{\"@type\":\"ListItem\",\"position\":2,\"name\":\"\u00abTodos deseamos que esta obra pueda ejecutarse de una buena vez\u00bb\"}]},{\"@type\":\"WebSite\",\"@id\":\"https:\\\/\\\/noticiasmercedinas.com\\\/site\\\/#website\",\"url\":\"https:\\\/\\\/noticiasmercedinas.com\\\/site\\\/\",\"name\":\"NOTICIASMERCEDINAS.COM\",\"description\":\"Mercedes, Buenos Aires, Argentina\",\"publisher\":{\"@id\":\"https:\\\/\\\/noticiasmercedinas.com\\\/site\\\/#organization\"},\"potentialAction\":[{\"@type\":\"SearchAction\",\"target\":{\"@type\":\"EntryPoint\",\"urlTemplate\":\"https:\\\/\\\/noticiasmercedinas.com\\\/site\\\/?s={search_term_string}\"},\"query-input\":{\"@type\":\"PropertyValueSpecification\",\"valueRequired\":true,\"valueName\":\"search_term_string\"}}],\"inLanguage\":\"es\"},{\"@type\":\"Organization\",\"@id\":\"https:\\\/\\\/noticiasmercedinas.com\\\/site\\\/#organization\",\"name\":\"NOTICIASMERCEDINAS.COM\",\"url\":\"https:\\\/\\\/noticiasmercedinas.com\\\/site\\\/\",\"logo\":{\"@type\":\"ImageObject\",\"inLanguage\":\"es\",\"@id\":\"https:\\\/\\\/noticiasmercedinas.com\\\/site\\\/#\\\/schema\\\/logo\\\/image\\\/\",\"url\":\"https:\\\/\\\/noticiasmercedinas.com\\\/site\\\/wp-content\\\/uploads\\\/2020\\\/06\\\/LOGO-512.jpg\",\"contentUrl\":\"https:\\\/\\\/noticiasmercedinas.com\\\/site\\\/wp-content\\\/uploads\\\/2020\\\/06\\\/LOGO-512.jpg\",\"width\":512,\"height\":512,\"caption\":\"NOTICIASMERCEDINAS.COM\"},\"image\":{\"@id\":\"https:\\\/\\\/noticiasmercedinas.com\\\/site\\\/#\\\/schema\\\/logo\\\/image\\\/\"},\"sameAs\":[\"https:\\\/\\\/www.facebook.com\\\/noticiasmercedinas\\\/\",\"https:\\\/\\\/x.com\\\/notmercedinas\",\"https:\\\/\\\/www.instagram.com\\\/noticiasmercedinas\\\/\"]},{\"@type\":\"Person\",\"@id\":\"https:\\\/\\\/noticiasmercedinas.com\\\/site\\\/#\\\/schema\\\/person\\\/84b59c099c28ff2e8b77d4ceec5d8063\",\"name\":\"NOTICIASMERCEDINAS.COM\",\"image\":{\"@type\":\"ImageObject\",\"inLanguage\":\"es\",\"@id\":\"https:\\\/\\\/secure.gravatar.com\\\/avatar\\\/4dfbf16b4d17945bfb6341b2d19043457132fcf478a5ee04f42e959fd8f5df0a?s=96&d=mm&r=g\",\"url\":\"https:\\\/\\\/secure.gravatar.com\\\/avatar\\\/4dfbf16b4d17945bfb6341b2d19043457132fcf478a5ee04f42e959fd8f5df0a?s=96&d=mm&r=g\",\"contentUrl\":\"https:\\\/\\\/secure.gravatar.com\\\/avatar\\\/4dfbf16b4d17945bfb6341b2d19043457132fcf478a5ee04f42e959fd8f5df0a?s=96&d=mm&r=g\",\"caption\":\"NOTICIASMERCEDINAS.COM\"},\"url\":\"https:\\\/\\\/noticiasmercedinas.com\\\/site\\\/author\\\/anonimo\\\/\"}]}<\/script>\n<!-- \/ Yoast SEO plugin. -->","yoast_head_json":{"title":"\"Todos deseamos que esta obra pueda ejecutarse de una buena vez\"","robots":{"index":"index","follow":"follow","max-snippet":"max-snippet:-1","max-image-preview":"max-image-preview:large","max-video-preview":"max-video-preview:-1"},"canonical":"https:\/\/noticiasmercedinas.com\/site\/2023\/01\/21\/todos-deseamos-que-esta-obra-pueda-ejecutarse-de-una-buena-vez\/","og_locale":"es_ES","og_type":"article","og_title":"\"Todos deseamos que esta obra pueda ejecutarse de una buena vez\"","og_description":"\u25a0 \"Mas all\u00e1 de colores pol\u00edticos e ideolog\u00edas, todos tenemos el deseo de que esto se termine en los plazos estipulados y poder contar con la autopista hasta Bragado\", dijo Silvia Braghi, intendenta interina de Suipacha.","og_url":"https:\/\/noticiasmercedinas.com\/site\/2023\/01\/21\/todos-deseamos-que-esta-obra-pueda-ejecutarse-de-una-buena-vez\/","og_site_name":"NOTICIASMERCEDINAS.COM","article_publisher":"https:\/\/www.facebook.com\/noticiasmercedinas\/","article_published_time":"2023-01-21T13:26:25+00:00","og_image":[{"width":2048,"height":1152,"url":"https:\/\/noticiasmercedinas.com\/site\/wp-content\/uploads\/2023\/01\/Silvia_braghi.jpg","type":"image\/jpeg"}],"author":"NOTICIASMERCEDINAS.COM","twitter_card":"summary_large_image","twitter_creator":"@notmercedinas","twitter_site":"@notmercedinas","twitter_misc":{"Escrito por":"NOTICIASMERCEDINAS.COM","Tiempo de lectura":"3 minutos"},"schema":{"@context":"https:\/\/schema.org","@graph":[{"@type":"Article","@id":"https:\/\/noticiasmercedinas.com\/site\/2023\/01\/21\/todos-deseamos-que-esta-obra-pueda-ejecutarse-de-una-buena-vez\/#article","isPartOf":{"@id":"https:\/\/noticiasmercedinas.com\/site\/2023\/01\/21\/todos-deseamos-que-esta-obra-pueda-ejecutarse-de-una-buena-vez\/"},"author":{"name":"NOTICIASMERCEDINAS.COM","@id":"https:\/\/noticiasmercedinas.com\/site\/#\/schema\/person\/84b59c099c28ff2e8b77d4ceec5d8063"},"headline":"\u00abTodos deseamos que esta obra pueda ejecutarse de una buena vez\u00bb","datePublished":"2023-01-21T13:26:25+00:00","mainEntityOfPage":{"@id":"https:\/\/noticiasmercedinas.com\/site\/2023\/01\/21\/todos-deseamos-que-esta-obra-pueda-ejecutarse-de-una-buena-vez\/"},"wordCount":452,"commentCount":0,"publisher":{"@id":"https:\/\/noticiasmercedinas.com\/site\/#organization"},"image":{"@id":"https:\/\/noticiasmercedinas.com\/site\/2023\/01\/21\/todos-deseamos-que-esta-obra-pueda-ejecutarse-de-una-buena-vez\/#primaryimage"},"thumbnailUrl":"https:\/\/noticiasmercedinas.com\/site\/wp-content\/uploads\/2023\/01\/Silvia_braghi.jpg","keywords":["alejandro federico","autopista 5","ruta 5","silvia braghi","suipacha"],"articleSection":["Sociedad"],"inLanguage":"es","potentialAction":[{"@type":"CommentAction","name":"Comment","target":["https:\/\/noticiasmercedinas.com\/site\/2023\/01\/21\/todos-deseamos-que-esta-obra-pueda-ejecutarse-de-una-buena-vez\/#respond"]}]},{"@type":"WebPage","@id":"https:\/\/noticiasmercedinas.com\/site\/2023\/01\/21\/todos-deseamos-que-esta-obra-pueda-ejecutarse-de-una-buena-vez\/","url":"https:\/\/noticiasmercedinas.com\/site\/2023\/01\/21\/todos-deseamos-que-esta-obra-pueda-ejecutarse-de-una-buena-vez\/","name":"\"Todos deseamos que esta obra pueda ejecutarse de una buena vez\"","isPartOf":{"@id":"https:\/\/noticiasmercedinas.com\/site\/#website"},"primaryImageOfPage":{"@id":"https:\/\/noticiasmercedinas.com\/site\/2023\/01\/21\/todos-deseamos-que-esta-obra-pueda-ejecutarse-de-una-buena-vez\/#primaryimage"},"image":{"@id":"https:\/\/noticiasmercedinas.com\/site\/2023\/01\/21\/todos-deseamos-que-esta-obra-pueda-ejecutarse-de-una-buena-vez\/#primaryimage"},"thumbnailUrl":"https:\/\/noticiasmercedinas.com\/site\/wp-content\/uploads\/2023\/01\/Silvia_braghi.jpg","datePublished":"2023-01-21T13:26:25+00:00","breadcrumb":{"@id":"https:\/\/noticiasmercedinas.com\/site\/2023\/01\/21\/todos-deseamos-que-esta-obra-pueda-ejecutarse-de-una-buena-vez\/#breadcrumb"},"inLanguage":"es","potentialAction":[{"@type":"ReadAction","target":["https:\/\/noticiasmercedinas.com\/site\/2023\/01\/21\/todos-deseamos-que-esta-obra-pueda-ejecutarse-de-una-buena-vez\/"]}]},{"@type":"ImageObject","inLanguage":"es","@id":"https:\/\/noticiasmercedinas.com\/site\/2023\/01\/21\/todos-deseamos-que-esta-obra-pueda-ejecutarse-de-una-buena-vez\/#primaryimage","url":"https:\/\/noticiasmercedinas.com\/site\/wp-content\/uploads\/2023\/01\/Silvia_braghi.jpg","contentUrl":"https:\/\/noticiasmercedinas.com\/site\/wp-content\/uploads\/2023\/01\/Silvia_braghi.jpg","width":2048,"height":1152},{"@type":"BreadcrumbList","@id":"https:\/\/noticiasmercedinas.com\/site\/2023\/01\/21\/todos-deseamos-que-esta-obra-pueda-ejecutarse-de-una-buena-vez\/#breadcrumb","itemListElement":[{"@type":"ListItem","position":1,"name":"Portada","item":"https:\/\/noticiasmercedinas.com\/site\/"},{"@type":"ListItem","position":2,"name":"\u00abTodos deseamos que esta obra pueda ejecutarse de una buena vez\u00bb"}]},{"@type":"WebSite","@id":"https:\/\/noticiasmercedinas.com\/site\/#website","url":"https:\/\/noticiasmercedinas.com\/site\/","name":"NOTICIASMERCEDINAS.COM","description":"Mercedes, Buenos Aires, Argentina","publisher":{"@id":"https:\/\/noticiasmercedinas.com\/site\/#organization"},"potentialAction":[{"@type":"SearchAction","target":{"@type":"EntryPoint","urlTemplate":"https:\/\/noticiasmercedinas.com\/site\/?s={search_term_string}"},"query-input":{"@type":"PropertyValueSpecification","valueRequired":true,"valueName":"search_term_string"}}],"inLanguage":"es"},{"@type":"Organization","@id":"https:\/\/noticiasmercedinas.com\/site\/#organization","name":"NOTICIASMERCEDINAS.COM","url":"https:\/\/noticiasmercedinas.com\/site\/","logo":{"@type":"ImageObject","inLanguage":"es","@id":"https:\/\/noticiasmercedinas.com\/site\/#\/schema\/logo\/image\/","url":"https:\/\/noticiasmercedinas.com\/site\/wp-content\/uploads\/2020\/06\/LOGO-512.jpg","contentUrl":"https:\/\/noticiasmercedinas.com\/site\/wp-content\/uploads\/2020\/06\/LOGO-512.jpg","width":512,"height":512,"caption":"NOTICIASMERCEDINAS.COM"},"image":{"@id":"https:\/\/noticiasmercedinas.com\/site\/#\/schema\/logo\/image\/"},"sameAs":["https:\/\/www.facebook.com\/noticiasmercedinas\/","https:\/\/x.com\/notmercedinas","https:\/\/www.instagram.com\/noticiasmercedinas\/"]},{"@type":"Person","@id":"https:\/\/noticiasmercedinas.com\/site\/#\/schema\/person\/84b59c099c28ff2e8b77d4ceec5d8063","name":"NOTICIASMERCEDINAS.COM","image":{"@type":"ImageObject","inLanguage":"es","@id":"https:\/\/secure.gravatar.com\/avatar\/4dfbf16b4d17945bfb6341b2d19043457132fcf478a5ee04f42e959fd8f5df0a?s=96&d=mm&r=g","url":"https:\/\/secure.gravatar.com\/avatar\/4dfbf16b4d17945bfb6341b2d19043457132fcf478a5ee04f42e959fd8f5df0a?s=96&d=mm&r=g","contentUrl":"https:\/\/secure.gravatar.com\/avatar\/4dfbf16b4d17945bfb6341b2d19043457132fcf478a5ee04f42e959fd8f5df0a?s=96&d=mm&r=g","caption":"NOTICIASMERCEDINAS.COM"},"url":"https:\/\/noticiasmercedinas.com\/site\/author\/anonimo\/"}]}},"amp_enabled":true,"_links":{"self":[{"href":"https:\/\/noticiasmercedinas.com\/site\/wp-json\/wp\/v2\/posts\/107929","targetHints":{"allow":["GET"]}}],"collection":[{"href":"https:\/\/noticiasmercedinas.com\/site\/wp-json\/wp\/v2\/posts"}],"about":[{"href":"https:\/\/noticiasmercedinas.com\/site\/wp-json\/wp\/v2\/types\/post"}],"author":[{"embeddable":true,"href":"https:\/\/noticiasmercedinas.com\/site\/wp-json\/wp\/v2\/users\/16"}],"replies":[{"embeddable":true,"href":"https:\/\/noticiasmercedinas.com\/site\/wp-json\/wp\/v2\/comments?post=107929"}],"version-history":[{"count":1,"href":"https:\/\/noticiasmercedinas.com\/site\/wp-json\/wp\/v2\/posts\/107929\/revisions"}],"predecessor-version":[{"id":107932,"href":"https:\/\/noticiasmercedinas.com\/site\/wp-json\/wp\/v2\/posts\/107929\/revisions\/107932"}],"wp:featuredmedia":[{"embeddable":true,"href":"https:\/\/noticiasmercedinas.com\/site\/wp-json\/wp\/v2\/media\/107931"}],"wp:attachment":[{"href":"https:\/\/noticiasmercedinas.com\/site\/wp-json\/wp\/v2\/media?parent=107929"}],"wp:term":[{"taxonomy":"category","embeddable":true,"href":"https:\/\/noticiasmercedinas.com\/site\/wp-json\/wp\/v2\/categories?post=107929"},{"taxonomy":"post_tag","embeddable":true,"href":"https:\/\/noticiasmercedinas.com\/site\/wp-json\/wp\/v2\/tags?post=107929"}],"curies":[{"name":"wp","href":"https:\/\/api.w.org\/{rel}","templated":true}]}}