{"id":107964,"date":"2023-01-22T11:03:52","date_gmt":"2023-01-22T14:03:52","guid":{"rendered":"https:\/\/noticiasmercedinas.com\/site\/?p=107964"},"modified":"2023-01-22T11:10:52","modified_gmt":"2023-01-22T14:10:52","slug":"por-trabajos-en-linea-de-baja-tension-habra-un-corte-de-luz-este-lunes-por-la-manana","status":"publish","type":"post","link":"https:\/\/noticiasmercedinas.com\/site\/2023\/01\/22\/por-trabajos-en-linea-de-baja-tension-habra-un-corte-de-luz-este-lunes-por-la-manana\/","title":{"rendered":"Por trabajos en l\u00ednea de baja tensi\u00f3n habr\u00e1 un corte de luz este lunes por la ma\u00f1ana"},"content":{"rendered":"<p><img loading=\"lazy\" decoding=\"async\" class=\"alignnone size-full wp-image-32828\" src=\"https:\/\/noticiasmercedinas.com\/site\/wp-content\/uploads\/2019\/11\/camion_eden.png\" alt=\"\" width=\"640\" height=\"480\" \/><\/p>\n<p>La empresa EDEN realizar\u00e1 trabajos en la red de baja tensi\u00f3n, por lo que anuncian que este lunes por la ma\u00f1ana habr\u00e1 un corte de luz programado en una importante zona de la ciudad de Mercedes.<\/p>\n<p>EDEN inform\u00f3 que con el objetivo de mejorar la calidad del servicio, el lunes 23 de enero, realizar\u00e1 trabajos en la red de baja tensi\u00f3n, en la localidad de Mercedes.<\/p>\n<p>Para poder realizar estas mejoras, y por cuestiones de seguridad es necesario interrumpir moment\u00e1neamente el servicio el\u00e9ctrico en las siguientes zonas y horarios:<\/p>\n<p>&#8211; Desde 29 prolongaci\u00f3n y Ruta N 41 hasta el l\u00edmite con San Andr\u00e9s de Giles, en el horario de 7:30 a 13:30.<\/p>\n<p>En caso de presentarse condiciones clim\u00e1ticas adversas, las actividades ser\u00e1n reprogramadas.<\/p>\n<p>\u00abSeguimos trabajando para llevar el mejor servicio a nuestros usuarios\u00bb. Indicaron desde la empresa prestataria del servicio el\u00e9ctrico.<\/p>\n","protected":false},"excerpt":{"rendered":"<p>\u25a0 Ser\u00e1 este lunes desde calle 29 prolongaci\u00f3n y Ruta provincial 41 hasta el l\u00edmite con San Andr\u00e9s de Giles, en el horario de 7:30 a 13:30. Lo inform\u00f3 la empresa EDEN<\/p>\n","protected":false},"author":16,"featured_media":32828,"comment_status":"open","ping_status":"open","sticky":false,"template":"","format":"standard","meta":{"footnotes":""},"categories":[3],"tags":[1801,34],"class_list":["post-107964","post","type-post","status-publish","format-standard","has-post-thumbnail","hentry","category-sociedad","tag-corte-de-luz","tag-eden"],"yoast_head":"<!-- This site is optimized with the Yoast SEO plugin v27.5 - https:\/\/yoast.com\/product\/yoast-seo-wordpress\/ -->\n<title>Por trabajos en l\u00ednea de baja tensi\u00f3n habr\u00e1 un corte de luz este lunes por la ma\u00f1ana<\/title>\n<meta name=\"robots\" content=\"index, follow, max-snippet:-1, max-image-preview:large, max-video-preview:-1\" \/>\n<link rel=\"canonical\" href=\"https:\/\/noticiasmercedinas.com\/site\/2023\/01\/22\/por-trabajos-en-linea-de-baja-tension-habra-un-corte-de-luz-este-lunes-por-la-manana\/\" \/>\n<meta property=\"og:locale\" content=\"es_ES\" \/>\n<meta property=\"og:type\" content=\"article\" \/>\n<meta property=\"og:title\" content=\"Por trabajos en l\u00ednea de baja tensi\u00f3n habr\u00e1 un corte de luz este lunes por la ma\u00f1ana\" \/>\n<meta property=\"og:description\" content=\"\u25a0 Ser\u00e1 este lunes desde calle 29 prolongaci\u00f3n y Ruta provincial 41 hasta el l\u00edmite con San Andr\u00e9s de Giles, en el horario de 7:30 a 13:30. Lo inform\u00f3 la empresa EDEN\" \/>\n<meta property=\"og:url\" content=\"https:\/\/noticiasmercedinas.com\/site\/2023\/01\/22\/por-trabajos-en-linea-de-baja-tension-habra-un-corte-de-luz-este-lunes-por-la-manana\/\" \/>\n<meta property=\"og:site_name\" content=\"NOTICIASMERCEDINAS.COM\" \/>\n<meta property=\"article:publisher\" content=\"https:\/\/www.facebook.com\/noticiasmercedinas\/\" \/>\n<meta property=\"article:published_time\" content=\"2023-01-22T14:03:52+00:00\" \/>\n<meta property=\"article:modified_time\" content=\"2023-01-22T14:10:52+00:00\" \/>\n<meta property=\"og:image\" content=\"https:\/\/noticiasmercedinas.com\/site\/wp-content\/uploads\/2019\/11\/camion_eden.png\" \/>\n\t<meta property=\"og:image:width\" content=\"640\" \/>\n\t<meta property=\"og:image:height\" content=\"480\" \/>\n\t<meta property=\"og:image:type\" content=\"image\/png\" \/>\n<meta name=\"author\" content=\"NOTICIASMERCEDINAS.COM\" \/>\n<meta name=\"twitter:card\" content=\"summary_large_image\" \/>\n<meta name=\"twitter:creator\" content=\"@notmercedinas\" \/>\n<meta name=\"twitter:site\" content=\"@notmercedinas\" \/>\n<meta name=\"twitter:label1\" content=\"Escrito por\" \/>\n\t<meta name=\"twitter:data1\" content=\"NOTICIASMERCEDINAS.COM\" \/>\n\t<meta name=\"twitter:label2\" content=\"Tiempo de lectura\" \/>\n\t<meta name=\"twitter:data2\" content=\"1 minuto\" \/>\n<script type=\"application\/ld+json\" class=\"yoast-schema-graph\">{\"@context\":\"https:\\\/\\\/schema.org\",\"@graph\":[{\"@type\":\"Article\",\"@id\":\"https:\\\/\\\/noticiasmercedinas.com\\\/site\\\/2023\\\/01\\\/22\\\/por-trabajos-en-linea-de-baja-tension-habra-un-corte-de-luz-este-lunes-por-la-manana\\\/#article\",\"isPartOf\":{\"@id\":\"https:\\\/\\\/noticiasmercedinas.com\\\/site\\\/2023\\\/01\\\/22\\\/por-trabajos-en-linea-de-baja-tension-habra-un-corte-de-luz-este-lunes-por-la-manana\\\/\"},\"author\":{\"name\":\"NOTICIASMERCEDINAS.COM\",\"@id\":\"https:\\\/\\\/noticiasmercedinas.com\\\/site\\\/#\\\/schema\\\/person\\\/84b59c099c28ff2e8b77d4ceec5d8063\"},\"headline\":\"Por trabajos en l\u00ednea de baja tensi\u00f3n habr\u00e1 un corte de luz este lunes por la ma\u00f1ana\",\"datePublished\":\"2023-01-22T14:03:52+00:00\",\"dateModified\":\"2023-01-22T14:10:52+00:00\",\"mainEntityOfPage\":{\"@id\":\"https:\\\/\\\/noticiasmercedinas.com\\\/site\\\/2023\\\/01\\\/22\\\/por-trabajos-en-linea-de-baja-tension-habra-un-corte-de-luz-este-lunes-por-la-manana\\\/\"},\"wordCount\":167,\"commentCount\":0,\"publisher\":{\"@id\":\"https:\\\/\\\/noticiasmercedinas.com\\\/site\\\/#organization\"},\"image\":{\"@id\":\"https:\\\/\\\/noticiasmercedinas.com\\\/site\\\/2023\\\/01\\\/22\\\/por-trabajos-en-linea-de-baja-tension-habra-un-corte-de-luz-este-lunes-por-la-manana\\\/#primaryimage\"},\"thumbnailUrl\":\"https:\\\/\\\/noticiasmercedinas.com\\\/site\\\/wp-content\\\/uploads\\\/2019\\\/11\\\/camion_eden-e1740404265588.png\",\"keywords\":[\"corte de luz\",\"eden\"],\"articleSection\":[\"Sociedad\"],\"inLanguage\":\"es\",\"potentialAction\":[{\"@type\":\"CommentAction\",\"name\":\"Comment\",\"target\":[\"https:\\\/\\\/noticiasmercedinas.com\\\/site\\\/2023\\\/01\\\/22\\\/por-trabajos-en-linea-de-baja-tension-habra-un-corte-de-luz-este-lunes-por-la-manana\\\/#respond\"]}]},{\"@type\":\"WebPage\",\"@id\":\"https:\\\/\\\/noticiasmercedinas.com\\\/site\\\/2023\\\/01\\\/22\\\/por-trabajos-en-linea-de-baja-tension-habra-un-corte-de-luz-este-lunes-por-la-manana\\\/\",\"url\":\"https:\\\/\\\/noticiasmercedinas.com\\\/site\\\/2023\\\/01\\\/22\\\/por-trabajos-en-linea-de-baja-tension-habra-un-corte-de-luz-este-lunes-por-la-manana\\\/\",\"name\":\"Por trabajos en l\u00ednea de baja tensi\u00f3n habr\u00e1 un corte de luz este lunes por la ma\u00f1ana\",\"isPartOf\":{\"@id\":\"https:\\\/\\\/noticiasmercedinas.com\\\/site\\\/#website\"},\"primaryImageOfPage\":{\"@id\":\"https:\\\/\\\/noticiasmercedinas.com\\\/site\\\/2023\\\/01\\\/22\\\/por-trabajos-en-linea-de-baja-tension-habra-un-corte-de-luz-este-lunes-por-la-manana\\\/#primaryimage\"},\"image\":{\"@id\":\"https:\\\/\\\/noticiasmercedinas.com\\\/site\\\/2023\\\/01\\\/22\\\/por-trabajos-en-linea-de-baja-tension-habra-un-corte-de-luz-este-lunes-por-la-manana\\\/#primaryimage\"},\"thumbnailUrl\":\"https:\\\/\\\/noticiasmercedinas.com\\\/site\\\/wp-content\\\/uploads\\\/2019\\\/11\\\/camion_eden-e1740404265588.png\",\"datePublished\":\"2023-01-22T14:03:52+00:00\",\"dateModified\":\"2023-01-22T14:10:52+00:00\",\"breadcrumb\":{\"@id\":\"https:\\\/\\\/noticiasmercedinas.com\\\/site\\\/2023\\\/01\\\/22\\\/por-trabajos-en-linea-de-baja-tension-habra-un-corte-de-luz-este-lunes-por-la-manana\\\/#breadcrumb\"},\"inLanguage\":\"es\",\"potentialAction\":[{\"@type\":\"ReadAction\",\"target\":[\"https:\\\/\\\/noticiasmercedinas.com\\\/site\\\/2023\\\/01\\\/22\\\/por-trabajos-en-linea-de-baja-tension-habra-un-corte-de-luz-este-lunes-por-la-manana\\\/\"]}]},{\"@type\":\"ImageObject\",\"inLanguage\":\"es\",\"@id\":\"https:\\\/\\\/noticiasmercedinas.com\\\/site\\\/2023\\\/01\\\/22\\\/por-trabajos-en-linea-de-baja-tension-habra-un-corte-de-luz-este-lunes-por-la-manana\\\/#primaryimage\",\"url\":\"https:\\\/\\\/noticiasmercedinas.com\\\/site\\\/wp-content\\\/uploads\\\/2019\\\/11\\\/camion_eden-e1740404265588.png\",\"contentUrl\":\"https:\\\/\\\/noticiasmercedinas.com\\\/site\\\/wp-content\\\/uploads\\\/2019\\\/11\\\/camion_eden-e1740404265588.png\",\"width\":566,\"height\":359},{\"@type\":\"BreadcrumbList\",\"@id\":\"https:\\\/\\\/noticiasmercedinas.com\\\/site\\\/2023\\\/01\\\/22\\\/por-trabajos-en-linea-de-baja-tension-habra-un-corte-de-luz-este-lunes-por-la-manana\\\/#breadcrumb\",\"itemListElement\":[{\"@type\":\"ListItem\",\"position\":1,\"name\":\"Portada\",\"item\":\"https:\\\/\\\/noticiasmercedinas.com\\\/site\\\/\"},{\"@type\":\"ListItem\",\"position\":2,\"name\":\"Por trabajos en l\u00ednea de baja tensi\u00f3n habr\u00e1 un corte de luz este lunes por la ma\u00f1ana\"}]},{\"@type\":\"WebSite\",\"@id\":\"https:\\\/\\\/noticiasmercedinas.com\\\/site\\\/#website\",\"url\":\"https:\\\/\\\/noticiasmercedinas.com\\\/site\\\/\",\"name\":\"NOTICIASMERCEDINAS.COM\",\"description\":\"Mercedes, Buenos Aires, Argentina\",\"publisher\":{\"@id\":\"https:\\\/\\\/noticiasmercedinas.com\\\/site\\\/#organization\"},\"potentialAction\":[{\"@type\":\"SearchAction\",\"target\":{\"@type\":\"EntryPoint\",\"urlTemplate\":\"https:\\\/\\\/noticiasmercedinas.com\\\/site\\\/?s={search_term_string}\"},\"query-input\":{\"@type\":\"PropertyValueSpecification\",\"valueRequired\":true,\"valueName\":\"search_term_string\"}}],\"inLanguage\":\"es\"},{\"@type\":\"Organization\",\"@id\":\"https:\\\/\\\/noticiasmercedinas.com\\\/site\\\/#organization\",\"name\":\"NOTICIASMERCEDINAS.COM\",\"url\":\"https:\\\/\\\/noticiasmercedinas.com\\\/site\\\/\",\"logo\":{\"@type\":\"ImageObject\",\"inLanguage\":\"es\",\"@id\":\"https:\\\/\\\/noticiasmercedinas.com\\\/site\\\/#\\\/schema\\\/logo\\\/image\\\/\",\"url\":\"https:\\\/\\\/noticiasmercedinas.com\\\/site\\\/wp-content\\\/uploads\\\/2020\\\/06\\\/LOGO-512.jpg\",\"contentUrl\":\"https:\\\/\\\/noticiasmercedinas.com\\\/site\\\/wp-content\\\/uploads\\\/2020\\\/06\\\/LOGO-512.jpg\",\"width\":512,\"height\":512,\"caption\":\"NOTICIASMERCEDINAS.COM\"},\"image\":{\"@id\":\"https:\\\/\\\/noticiasmercedinas.com\\\/site\\\/#\\\/schema\\\/logo\\\/image\\\/\"},\"sameAs\":[\"https:\\\/\\\/www.facebook.com\\\/noticiasmercedinas\\\/\",\"https:\\\/\\\/x.com\\\/notmercedinas\",\"https:\\\/\\\/www.instagram.com\\\/noticiasmercedinas\\\/\"]},{\"@type\":\"Person\",\"@id\":\"https:\\\/\\\/noticiasmercedinas.com\\\/site\\\/#\\\/schema\\\/person\\\/84b59c099c28ff2e8b77d4ceec5d8063\",\"name\":\"NOTICIASMERCEDINAS.COM\",\"image\":{\"@type\":\"ImageObject\",\"inLanguage\":\"es\",\"@id\":\"https:\\\/\\\/secure.gravatar.com\\\/avatar\\\/4dfbf16b4d17945bfb6341b2d19043457132fcf478a5ee04f42e959fd8f5df0a?s=96&d=mm&r=g\",\"url\":\"https:\\\/\\\/secure.gravatar.com\\\/avatar\\\/4dfbf16b4d17945bfb6341b2d19043457132fcf478a5ee04f42e959fd8f5df0a?s=96&d=mm&r=g\",\"contentUrl\":\"https:\\\/\\\/secure.gravatar.com\\\/avatar\\\/4dfbf16b4d17945bfb6341b2d19043457132fcf478a5ee04f42e959fd8f5df0a?s=96&d=mm&r=g\",\"caption\":\"NOTICIASMERCEDINAS.COM\"},\"url\":\"https:\\\/\\\/noticiasmercedinas.com\\\/site\\\/author\\\/anonimo\\\/\"}]}<\/script>\n<!-- \/ Yoast SEO plugin. -->","yoast_head_json":{"title":"Por trabajos en l\u00ednea de baja tensi\u00f3n habr\u00e1 un corte de luz este lunes por la ma\u00f1ana","robots":{"index":"index","follow":"follow","max-snippet":"max-snippet:-1","max-image-preview":"max-image-preview:large","max-video-preview":"max-video-preview:-1"},"canonical":"https:\/\/noticiasmercedinas.com\/site\/2023\/01\/22\/por-trabajos-en-linea-de-baja-tension-habra-un-corte-de-luz-este-lunes-por-la-manana\/","og_locale":"es_ES","og_type":"article","og_title":"Por trabajos en l\u00ednea de baja tensi\u00f3n habr\u00e1 un corte de luz este lunes por la ma\u00f1ana","og_description":"\u25a0 Ser\u00e1 este lunes desde calle 29 prolongaci\u00f3n y Ruta provincial 41 hasta el l\u00edmite con San Andr\u00e9s de Giles, en el horario de 7:30 a 13:30. Lo inform\u00f3 la empresa EDEN","og_url":"https:\/\/noticiasmercedinas.com\/site\/2023\/01\/22\/por-trabajos-en-linea-de-baja-tension-habra-un-corte-de-luz-este-lunes-por-la-manana\/","og_site_name":"NOTICIASMERCEDINAS.COM","article_publisher":"https:\/\/www.facebook.com\/noticiasmercedinas\/","article_published_time":"2023-01-22T14:03:52+00:00","article_modified_time":"2023-01-22T14:10:52+00:00","og_image":[{"width":640,"height":480,"url":"https:\/\/noticiasmercedinas.com\/site\/wp-content\/uploads\/2019\/11\/camion_eden.png","type":"image\/png"}],"author":"NOTICIASMERCEDINAS.COM","twitter_card":"summary_large_image","twitter_creator":"@notmercedinas","twitter_site":"@notmercedinas","twitter_misc":{"Escrito por":"NOTICIASMERCEDINAS.COM","Tiempo de lectura":"1 minuto"},"schema":{"@context":"https:\/\/schema.org","@graph":[{"@type":"Article","@id":"https:\/\/noticiasmercedinas.com\/site\/2023\/01\/22\/por-trabajos-en-linea-de-baja-tension-habra-un-corte-de-luz-este-lunes-por-la-manana\/#article","isPartOf":{"@id":"https:\/\/noticiasmercedinas.com\/site\/2023\/01\/22\/por-trabajos-en-linea-de-baja-tension-habra-un-corte-de-luz-este-lunes-por-la-manana\/"},"author":{"name":"NOTICIASMERCEDINAS.COM","@id":"https:\/\/noticiasmercedinas.com\/site\/#\/schema\/person\/84b59c099c28ff2e8b77d4ceec5d8063"},"headline":"Por trabajos en l\u00ednea de baja tensi\u00f3n habr\u00e1 un corte de luz este lunes por la ma\u00f1ana","datePublished":"2023-01-22T14:03:52+00:00","dateModified":"2023-01-22T14:10:52+00:00","mainEntityOfPage":{"@id":"https:\/\/noticiasmercedinas.com\/site\/2023\/01\/22\/por-trabajos-en-linea-de-baja-tension-habra-un-corte-de-luz-este-lunes-por-la-manana\/"},"wordCount":167,"commentCount":0,"publisher":{"@id":"https:\/\/noticiasmercedinas.com\/site\/#organization"},"image":{"@id":"https:\/\/noticiasmercedinas.com\/site\/2023\/01\/22\/por-trabajos-en-linea-de-baja-tension-habra-un-corte-de-luz-este-lunes-por-la-manana\/#primaryimage"},"thumbnailUrl":"https:\/\/noticiasmercedinas.com\/site\/wp-content\/uploads\/2019\/11\/camion_eden-e1740404265588.png","keywords":["corte de luz","eden"],"articleSection":["Sociedad"],"inLanguage":"es","potentialAction":[{"@type":"CommentAction","name":"Comment","target":["https:\/\/noticiasmercedinas.com\/site\/2023\/01\/22\/por-trabajos-en-linea-de-baja-tension-habra-un-corte-de-luz-este-lunes-por-la-manana\/#respond"]}]},{"@type":"WebPage","@id":"https:\/\/noticiasmercedinas.com\/site\/2023\/01\/22\/por-trabajos-en-linea-de-baja-tension-habra-un-corte-de-luz-este-lunes-por-la-manana\/","url":"https:\/\/noticiasmercedinas.com\/site\/2023\/01\/22\/por-trabajos-en-linea-de-baja-tension-habra-un-corte-de-luz-este-lunes-por-la-manana\/","name":"Por trabajos en l\u00ednea de baja tensi\u00f3n habr\u00e1 un corte de luz este lunes por la ma\u00f1ana","isPartOf":{"@id":"https:\/\/noticiasmercedinas.com\/site\/#website"},"primaryImageOfPage":{"@id":"https:\/\/noticiasmercedinas.com\/site\/2023\/01\/22\/por-trabajos-en-linea-de-baja-tension-habra-un-corte-de-luz-este-lunes-por-la-manana\/#primaryimage"},"image":{"@id":"https:\/\/noticiasmercedinas.com\/site\/2023\/01\/22\/por-trabajos-en-linea-de-baja-tension-habra-un-corte-de-luz-este-lunes-por-la-manana\/#primaryimage"},"thumbnailUrl":"https:\/\/noticiasmercedinas.com\/site\/wp-content\/uploads\/2019\/11\/camion_eden-e1740404265588.png","datePublished":"2023-01-22T14:03:52+00:00","dateModified":"2023-01-22T14:10:52+00:00","breadcrumb":{"@id":"https:\/\/noticiasmercedinas.com\/site\/2023\/01\/22\/por-trabajos-en-linea-de-baja-tension-habra-un-corte-de-luz-este-lunes-por-la-manana\/#breadcrumb"},"inLanguage":"es","potentialAction":[{"@type":"ReadAction","target":["https:\/\/noticiasmercedinas.com\/site\/2023\/01\/22\/por-trabajos-en-linea-de-baja-tension-habra-un-corte-de-luz-este-lunes-por-la-manana\/"]}]},{"@type":"ImageObject","inLanguage":"es","@id":"https:\/\/noticiasmercedinas.com\/site\/2023\/01\/22\/por-trabajos-en-linea-de-baja-tension-habra-un-corte-de-luz-este-lunes-por-la-manana\/#primaryimage","url":"https:\/\/noticiasmercedinas.com\/site\/wp-content\/uploads\/2019\/11\/camion_eden-e1740404265588.png","contentUrl":"https:\/\/noticiasmercedinas.com\/site\/wp-content\/uploads\/2019\/11\/camion_eden-e1740404265588.png","width":566,"height":359},{"@type":"BreadcrumbList","@id":"https:\/\/noticiasmercedinas.com\/site\/2023\/01\/22\/por-trabajos-en-linea-de-baja-tension-habra-un-corte-de-luz-este-lunes-por-la-manana\/#breadcrumb","itemListElement":[{"@type":"ListItem","position":1,"name":"Portada","item":"https:\/\/noticiasmercedinas.com\/site\/"},{"@type":"ListItem","position":2,"name":"Por trabajos en l\u00ednea de baja tensi\u00f3n habr\u00e1 un corte de luz este lunes por la ma\u00f1ana"}]},{"@type":"WebSite","@id":"https:\/\/noticiasmercedinas.com\/site\/#website","url":"https:\/\/noticiasmercedinas.com\/site\/","name":"NOTICIASMERCEDINAS.COM","description":"Mercedes, Buenos Aires, Argentina","publisher":{"@id":"https:\/\/noticiasmercedinas.com\/site\/#organization"},"potentialAction":[{"@type":"SearchAction","target":{"@type":"EntryPoint","urlTemplate":"https:\/\/noticiasmercedinas.com\/site\/?s={search_term_string}"},"query-input":{"@type":"PropertyValueSpecification","valueRequired":true,"valueName":"search_term_string"}}],"inLanguage":"es"},{"@type":"Organization","@id":"https:\/\/noticiasmercedinas.com\/site\/#organization","name":"NOTICIASMERCEDINAS.COM","url":"https:\/\/noticiasmercedinas.com\/site\/","logo":{"@type":"ImageObject","inLanguage":"es","@id":"https:\/\/noticiasmercedinas.com\/site\/#\/schema\/logo\/image\/","url":"https:\/\/noticiasmercedinas.com\/site\/wp-content\/uploads\/2020\/06\/LOGO-512.jpg","contentUrl":"https:\/\/noticiasmercedinas.com\/site\/wp-content\/uploads\/2020\/06\/LOGO-512.jpg","width":512,"height":512,"caption":"NOTICIASMERCEDINAS.COM"},"image":{"@id":"https:\/\/noticiasmercedinas.com\/site\/#\/schema\/logo\/image\/"},"sameAs":["https:\/\/www.facebook.com\/noticiasmercedinas\/","https:\/\/x.com\/notmercedinas","https:\/\/www.instagram.com\/noticiasmercedinas\/"]},{"@type":"Person","@id":"https:\/\/noticiasmercedinas.com\/site\/#\/schema\/person\/84b59c099c28ff2e8b77d4ceec5d8063","name":"NOTICIASMERCEDINAS.COM","image":{"@type":"ImageObject","inLanguage":"es","@id":"https:\/\/secure.gravatar.com\/avatar\/4dfbf16b4d17945bfb6341b2d19043457132fcf478a5ee04f42e959fd8f5df0a?s=96&d=mm&r=g","url":"https:\/\/secure.gravatar.com\/avatar\/4dfbf16b4d17945bfb6341b2d19043457132fcf478a5ee04f42e959fd8f5df0a?s=96&d=mm&r=g","contentUrl":"https:\/\/secure.gravatar.com\/avatar\/4dfbf16b4d17945bfb6341b2d19043457132fcf478a5ee04f42e959fd8f5df0a?s=96&d=mm&r=g","caption":"NOTICIASMERCEDINAS.COM"},"url":"https:\/\/noticiasmercedinas.com\/site\/author\/anonimo\/"}]}},"amp_enabled":true,"_links":{"self":[{"href":"https:\/\/noticiasmercedinas.com\/site\/wp-json\/wp\/v2\/posts\/107964","targetHints":{"allow":["GET"]}}],"collection":[{"href":"https:\/\/noticiasmercedinas.com\/site\/wp-json\/wp\/v2\/posts"}],"about":[{"href":"https:\/\/noticiasmercedinas.com\/site\/wp-json\/wp\/v2\/types\/post"}],"author":[{"embeddable":true,"href":"https:\/\/noticiasmercedinas.com\/site\/wp-json\/wp\/v2\/users\/16"}],"replies":[{"embeddable":true,"href":"https:\/\/noticiasmercedinas.com\/site\/wp-json\/wp\/v2\/comments?post=107964"}],"version-history":[{"count":4,"href":"https:\/\/noticiasmercedinas.com\/site\/wp-json\/wp\/v2\/posts\/107964\/revisions"}],"predecessor-version":[{"id":107969,"href":"https:\/\/noticiasmercedinas.com\/site\/wp-json\/wp\/v2\/posts\/107964\/revisions\/107969"}],"wp:featuredmedia":[{"embeddable":true,"href":"https:\/\/noticiasmercedinas.com\/site\/wp-json\/wp\/v2\/media\/32828"}],"wp:attachment":[{"href":"https:\/\/noticiasmercedinas.com\/site\/wp-json\/wp\/v2\/media?parent=107964"}],"wp:term":[{"taxonomy":"category","embeddable":true,"href":"https:\/\/noticiasmercedinas.com\/site\/wp-json\/wp\/v2\/categories?post=107964"},{"taxonomy":"post_tag","embeddable":true,"href":"https:\/\/noticiasmercedinas.com\/site\/wp-json\/wp\/v2\/tags?post=107964"}],"curies":[{"name":"wp","href":"https:\/\/api.w.org\/{rel}","templated":true}]}}