{"id":108048,"date":"2023-01-24T12:27:10","date_gmt":"2023-01-24T15:27:10","guid":{"rendered":"https:\/\/noticiasmercedinas.com\/site\/?p=108048"},"modified":"2023-01-24T12:27:10","modified_gmt":"2023-01-24T15:27:10","slug":"autopista-5-fue-una-obra-de-teatro-mas-que-el-inicio-de-obra","status":"publish","type":"post","link":"https:\/\/noticiasmercedinas.com\/site\/2023\/01\/24\/autopista-5-fue-una-obra-de-teatro-mas-que-el-inicio-de-obra\/","title":{"rendered":"Autopista 5: \u201cFue una obra de teatro m\u00e1s que el inicio de obra\u201d"},"content":{"rendered":"<p><img loading=\"lazy\" decoding=\"async\" class=\"alignnone size-full wp-image-13420\" src=\"https:\/\/noticiasmercedinas.com\/site\/wp-content\/uploads\/2019\/03\/carlos_mosso.jpg\" alt=\"\" width=\"640\" height=\"412\" srcset=\"https:\/\/noticiasmercedinas.com\/site\/wp-content\/uploads\/2019\/03\/carlos_mosso.jpg 640w, https:\/\/noticiasmercedinas.com\/site\/wp-content\/uploads\/2019\/03\/carlos_mosso-300x194.jpg 300w, https:\/\/noticiasmercedinas.com\/site\/wp-content\/uploads\/2019\/03\/carlos_mosso-341x220.jpg 341w\" sizes=\"auto, (max-width: 640px) 100vw, 640px\" \/><\/p>\n<p>El concejal del PRO en Juntos por el Cambio, <strong>Carlos Mosso<\/strong>, cuestion\u00f3 el acto de \u201cpuesta en marcha\u201d de las obras del tramo de 20 km entre Suipacha y Mercedes para la Autopista 5.<\/p>\n<p>Mosso viene trabajando mucho en el tema como usuario vial, como concejal, e interesado desde siempre en esta problem\u00e1tica de la seguridad vial y de las rutas. Y en principio remarc\u00f3 que no fueron invitados los usuarios ni siquiera los medios de comunicaci\u00f3n a esta actividad, que <a href=\"https:\/\/noticiasmercedinas.com\/site\/2023\/01\/20\/con-presencia-de-autoridades-ponen-en-marcha-obras-de-un-tramo-de-ruta-nacional-5\/\">tuvo lugar en ruta 5 junto al Golf Club Mercedes, el viernes por la ma\u00f1ana<\/a>. \u201cNo fueron invitados ni los medios y tampoco los usuarios. De pronto se dice que se iniciaban las obras y no s\u00e9 si realmente a ciencia cierta est\u00e1 todo el personal tomado para trabajar\u201d, apunt\u00f3 Mosso, quien en la l\u00ednea pol\u00edtica de <strong>Javier Iguacel<\/strong> y <strong>Patricia Bullrich<\/strong> es referente en Mercedes y suena como candidato e intendente en ese espacio del PRO.<\/p>\n<p>\u201cClaramente fue una obra de teatro, m\u00e1s que el inicio de obra. El oficialismo titula como el inicio de obra lo del viernes pasado, sin embargo terminaron de hacer su acting, apagaron los tel\u00e9fonos, las c\u00e1maras de filmaci\u00f3n y se fueron cada cual a su casa. Y tres d\u00edas despu\u00e9s de ese acto de inicio de obra, en el obrador de Suipacha que es donde deber\u00edan estar concentrados el personal y las m\u00e1quinas para la obra, hay dos o tres m\u00e1quinas a la sombra paradas, no hay personal y encima en la Municipalidad de Suipacha, en la p\u00e1gina oficial est\u00e1n en la b\u00fasqueda de personal para el trabajo\u201d, determin\u00f3 Mosso.<\/p>\n<blockquote><p>\u00abEl oficialismo titula como el inicio de obra lo del viernes pasado, sin embargo terminaron de hacer su acting, apagaron los tel\u00e9fonos, las c\u00e1maras de filmaci\u00f3n y se fueron cada cual a su casa\u00bb<\/p><\/blockquote>\n<p>\u201cArrieta, quien prometi\u00f3 que las obras comenzaban en agosto del 2022, en el Concejo Deliberante de la ciudad de Mercedes, firmando el convenio con nuestro intendente Juan Ignacio Ustarroz, ahora dice que la obra empezar\u00eda en marzo. Entonces, \u00bfpara qu\u00e9 hicieron todo ese acto en el viernes dando inicio a las obras de doble mano?\u201d, se pregunt\u00f3 luego.<\/p>\n<p><strong>El plazo de obra<br \/>\n<\/strong>\u201cSe habla de 36 meses de plazo cuando lo peor lo hizo el gobierno anterior: el proyecto, lo burocr\u00e1tico, el acuerdo con los frentista por las expropiaciones, el corrimiento del tendido de alta tensi\u00f3n que lo hizo una empresa una cooperativa de Suipacha\u201d, detall\u00f3 Mosso y agreg\u00f3 a esta lista trabajos ya realizados como \u201calcantarillado y desmonte\u201d. \u201cPor lo tanto, para hacer una l\u00ednea recta de una doble mano de asfalto, la verdad que 36 meses es una locura\u201d, sostuvo consultado por el plazo de obra que se inform\u00f3 oficialmente.<\/p>\n<p>\u201cLa nueva traza va a estar bastante separada de la original. Es m\u00e1s, algunos desv\u00edos se hicieron en la gesti\u00f3n anterior tambi\u00e9n. Por lo tanto yo creo que en un a\u00f1o electoral con los recortes que est\u00e1 llevando adelante en todas las \u00e1reas del ministro Sergio Massa y que encima vengan a prometer, este a\u00f1o es una promesa electoral. Tristemente digo esto, y lo digo sinceramente: no veo con buenos ojos que se vaya a hacer la obra prometida\u201d, complet\u00f3 Mosso.<\/p>\n","protected":false},"excerpt":{"rendered":"<p>\u25a0 Seg\u00fan el concejal del PRO de Mercedes y activo referente de los usuarios viales, los anuncios de inicio de obras son solo \u201cpromesas electorales\u201d.<\/p>\n","protected":false},"author":16,"featured_media":13420,"comment_status":"open","ping_status":"open","sticky":false,"template":"","format":"standard","meta":{"footnotes":""},"categories":[16],"tags":[1314,668,14662,1287,12447,4105,817],"class_list":["post-108048","post","type-post","status-publish","format-standard","has-post-thumbnail","hentry","category-politica","tag-autopista-5","tag-carlos-mosso","tag-elecciones-2023","tag-javier-iguacel","tag-juntos","tag-patricia-bullrich","tag-pro"],"yoast_head":"<!-- This site is optimized with the Yoast SEO plugin v27.4 - https:\/\/yoast.com\/product\/yoast-seo-wordpress\/ -->\n<title>Autopista 5: \u201cFue una obra de teatro m\u00e1s que el inicio de obra\u201d<\/title>\n<meta name=\"robots\" content=\"index, follow, max-snippet:-1, max-image-preview:large, max-video-preview:-1\" \/>\n<link rel=\"canonical\" href=\"https:\/\/noticiasmercedinas.com\/site\/2023\/01\/24\/autopista-5-fue-una-obra-de-teatro-mas-que-el-inicio-de-obra\/\" \/>\n<meta property=\"og:locale\" content=\"es_ES\" \/>\n<meta property=\"og:type\" content=\"article\" \/>\n<meta property=\"og:title\" content=\"Autopista 5: \u201cFue una obra de teatro m\u00e1s que el inicio de obra\u201d\" \/>\n<meta property=\"og:description\" content=\"\u25a0 Seg\u00fan el concejal del PRO de Mercedes y activo referente de los usuarios viales, los anuncios de inicio de obras son solo \u201cpromesas electorales\u201d.\" \/>\n<meta property=\"og:url\" content=\"https:\/\/noticiasmercedinas.com\/site\/2023\/01\/24\/autopista-5-fue-una-obra-de-teatro-mas-que-el-inicio-de-obra\/\" \/>\n<meta property=\"og:site_name\" content=\"NOTICIASMERCEDINAS.COM\" \/>\n<meta property=\"article:publisher\" content=\"https:\/\/www.facebook.com\/noticiasmercedinas\/\" \/>\n<meta property=\"article:published_time\" content=\"2023-01-24T15:27:10+00:00\" \/>\n<meta property=\"og:image\" content=\"https:\/\/noticiasmercedinas.com\/site\/wp-content\/uploads\/2019\/03\/carlos_mosso.jpg\" \/>\n\t<meta property=\"og:image:width\" content=\"640\" \/>\n\t<meta property=\"og:image:height\" content=\"412\" \/>\n\t<meta property=\"og:image:type\" content=\"image\/jpeg\" \/>\n<meta name=\"author\" content=\"NOTICIASMERCEDINAS.COM\" \/>\n<meta name=\"twitter:card\" content=\"summary_large_image\" \/>\n<meta name=\"twitter:creator\" content=\"@notmercedinas\" \/>\n<meta name=\"twitter:site\" content=\"@notmercedinas\" \/>\n<meta name=\"twitter:label1\" content=\"Escrito por\" \/>\n\t<meta name=\"twitter:data1\" content=\"NOTICIASMERCEDINAS.COM\" \/>\n\t<meta name=\"twitter:label2\" content=\"Tiempo de lectura\" \/>\n\t<meta name=\"twitter:data2\" content=\"3 minutos\" \/>\n<script type=\"application\/ld+json\" class=\"yoast-schema-graph\">{\"@context\":\"https:\\\/\\\/schema.org\",\"@graph\":[{\"@type\":\"Article\",\"@id\":\"https:\\\/\\\/noticiasmercedinas.com\\\/site\\\/2023\\\/01\\\/24\\\/autopista-5-fue-una-obra-de-teatro-mas-que-el-inicio-de-obra\\\/#article\",\"isPartOf\":{\"@id\":\"https:\\\/\\\/noticiasmercedinas.com\\\/site\\\/2023\\\/01\\\/24\\\/autopista-5-fue-una-obra-de-teatro-mas-que-el-inicio-de-obra\\\/\"},\"author\":{\"name\":\"NOTICIASMERCEDINAS.COM\",\"@id\":\"https:\\\/\\\/noticiasmercedinas.com\\\/site\\\/#\\\/schema\\\/person\\\/84b59c099c28ff2e8b77d4ceec5d8063\"},\"headline\":\"Autopista 5: \u201cFue una obra de teatro m\u00e1s que el inicio de obra\u201d\",\"datePublished\":\"2023-01-24T15:27:10+00:00\",\"mainEntityOfPage\":{\"@id\":\"https:\\\/\\\/noticiasmercedinas.com\\\/site\\\/2023\\\/01\\\/24\\\/autopista-5-fue-una-obra-de-teatro-mas-que-el-inicio-de-obra\\\/\"},\"wordCount\":572,\"commentCount\":0,\"publisher\":{\"@id\":\"https:\\\/\\\/noticiasmercedinas.com\\\/site\\\/#organization\"},\"image\":{\"@id\":\"https:\\\/\\\/noticiasmercedinas.com\\\/site\\\/2023\\\/01\\\/24\\\/autopista-5-fue-una-obra-de-teatro-mas-que-el-inicio-de-obra\\\/#primaryimage\"},\"thumbnailUrl\":\"https:\\\/\\\/noticiasmercedinas.com\\\/site\\\/wp-content\\\/uploads\\\/2019\\\/03\\\/carlos_mosso.jpg\",\"keywords\":[\"autopista 5\",\"carlos mosso\",\"elecciones 2023\",\"javier Iguacel\",\"Juntos\",\"Patricia Bullrich\",\"Pro\"],\"articleSection\":[\"Politica\"],\"inLanguage\":\"es\",\"potentialAction\":[{\"@type\":\"CommentAction\",\"name\":\"Comment\",\"target\":[\"https:\\\/\\\/noticiasmercedinas.com\\\/site\\\/2023\\\/01\\\/24\\\/autopista-5-fue-una-obra-de-teatro-mas-que-el-inicio-de-obra\\\/#respond\"]}]},{\"@type\":\"WebPage\",\"@id\":\"https:\\\/\\\/noticiasmercedinas.com\\\/site\\\/2023\\\/01\\\/24\\\/autopista-5-fue-una-obra-de-teatro-mas-que-el-inicio-de-obra\\\/\",\"url\":\"https:\\\/\\\/noticiasmercedinas.com\\\/site\\\/2023\\\/01\\\/24\\\/autopista-5-fue-una-obra-de-teatro-mas-que-el-inicio-de-obra\\\/\",\"name\":\"Autopista 5: \u201cFue una obra de teatro m\u00e1s que el inicio de obra\u201d\",\"isPartOf\":{\"@id\":\"https:\\\/\\\/noticiasmercedinas.com\\\/site\\\/#website\"},\"primaryImageOfPage\":{\"@id\":\"https:\\\/\\\/noticiasmercedinas.com\\\/site\\\/2023\\\/01\\\/24\\\/autopista-5-fue-una-obra-de-teatro-mas-que-el-inicio-de-obra\\\/#primaryimage\"},\"image\":{\"@id\":\"https:\\\/\\\/noticiasmercedinas.com\\\/site\\\/2023\\\/01\\\/24\\\/autopista-5-fue-una-obra-de-teatro-mas-que-el-inicio-de-obra\\\/#primaryimage\"},\"thumbnailUrl\":\"https:\\\/\\\/noticiasmercedinas.com\\\/site\\\/wp-content\\\/uploads\\\/2019\\\/03\\\/carlos_mosso.jpg\",\"datePublished\":\"2023-01-24T15:27:10+00:00\",\"breadcrumb\":{\"@id\":\"https:\\\/\\\/noticiasmercedinas.com\\\/site\\\/2023\\\/01\\\/24\\\/autopista-5-fue-una-obra-de-teatro-mas-que-el-inicio-de-obra\\\/#breadcrumb\"},\"inLanguage\":\"es\",\"potentialAction\":[{\"@type\":\"ReadAction\",\"target\":[\"https:\\\/\\\/noticiasmercedinas.com\\\/site\\\/2023\\\/01\\\/24\\\/autopista-5-fue-una-obra-de-teatro-mas-que-el-inicio-de-obra\\\/\"]}]},{\"@type\":\"ImageObject\",\"inLanguage\":\"es\",\"@id\":\"https:\\\/\\\/noticiasmercedinas.com\\\/site\\\/2023\\\/01\\\/24\\\/autopista-5-fue-una-obra-de-teatro-mas-que-el-inicio-de-obra\\\/#primaryimage\",\"url\":\"https:\\\/\\\/noticiasmercedinas.com\\\/site\\\/wp-content\\\/uploads\\\/2019\\\/03\\\/carlos_mosso.jpg\",\"contentUrl\":\"https:\\\/\\\/noticiasmercedinas.com\\\/site\\\/wp-content\\\/uploads\\\/2019\\\/03\\\/carlos_mosso.jpg\",\"width\":640,\"height\":412},{\"@type\":\"BreadcrumbList\",\"@id\":\"https:\\\/\\\/noticiasmercedinas.com\\\/site\\\/2023\\\/01\\\/24\\\/autopista-5-fue-una-obra-de-teatro-mas-que-el-inicio-de-obra\\\/#breadcrumb\",\"itemListElement\":[{\"@type\":\"ListItem\",\"position\":1,\"name\":\"Portada\",\"item\":\"https:\\\/\\\/noticiasmercedinas.com\\\/site\\\/\"},{\"@type\":\"ListItem\",\"position\":2,\"name\":\"Autopista 5: \u201cFue una obra de teatro m\u00e1s que el inicio de obra\u201d\"}]},{\"@type\":\"WebSite\",\"@id\":\"https:\\\/\\\/noticiasmercedinas.com\\\/site\\\/#website\",\"url\":\"https:\\\/\\\/noticiasmercedinas.com\\\/site\\\/\",\"name\":\"NOTICIASMERCEDINAS.COM\",\"description\":\"Mercedes, Buenos Aires, Argentina\",\"publisher\":{\"@id\":\"https:\\\/\\\/noticiasmercedinas.com\\\/site\\\/#organization\"},\"potentialAction\":[{\"@type\":\"SearchAction\",\"target\":{\"@type\":\"EntryPoint\",\"urlTemplate\":\"https:\\\/\\\/noticiasmercedinas.com\\\/site\\\/?s={search_term_string}\"},\"query-input\":{\"@type\":\"PropertyValueSpecification\",\"valueRequired\":true,\"valueName\":\"search_term_string\"}}],\"inLanguage\":\"es\"},{\"@type\":\"Organization\",\"@id\":\"https:\\\/\\\/noticiasmercedinas.com\\\/site\\\/#organization\",\"name\":\"NOTICIASMERCEDINAS.COM\",\"url\":\"https:\\\/\\\/noticiasmercedinas.com\\\/site\\\/\",\"logo\":{\"@type\":\"ImageObject\",\"inLanguage\":\"es\",\"@id\":\"https:\\\/\\\/noticiasmercedinas.com\\\/site\\\/#\\\/schema\\\/logo\\\/image\\\/\",\"url\":\"https:\\\/\\\/noticiasmercedinas.com\\\/site\\\/wp-content\\\/uploads\\\/2020\\\/06\\\/LOGO-512.jpg\",\"contentUrl\":\"https:\\\/\\\/noticiasmercedinas.com\\\/site\\\/wp-content\\\/uploads\\\/2020\\\/06\\\/LOGO-512.jpg\",\"width\":512,\"height\":512,\"caption\":\"NOTICIASMERCEDINAS.COM\"},\"image\":{\"@id\":\"https:\\\/\\\/noticiasmercedinas.com\\\/site\\\/#\\\/schema\\\/logo\\\/image\\\/\"},\"sameAs\":[\"https:\\\/\\\/www.facebook.com\\\/noticiasmercedinas\\\/\",\"https:\\\/\\\/x.com\\\/notmercedinas\",\"https:\\\/\\\/www.instagram.com\\\/noticiasmercedinas\\\/\"]},{\"@type\":\"Person\",\"@id\":\"https:\\\/\\\/noticiasmercedinas.com\\\/site\\\/#\\\/schema\\\/person\\\/84b59c099c28ff2e8b77d4ceec5d8063\",\"name\":\"NOTICIASMERCEDINAS.COM\",\"image\":{\"@type\":\"ImageObject\",\"inLanguage\":\"es\",\"@id\":\"https:\\\/\\\/secure.gravatar.com\\\/avatar\\\/4dfbf16b4d17945bfb6341b2d19043457132fcf478a5ee04f42e959fd8f5df0a?s=96&d=mm&r=g\",\"url\":\"https:\\\/\\\/secure.gravatar.com\\\/avatar\\\/4dfbf16b4d17945bfb6341b2d19043457132fcf478a5ee04f42e959fd8f5df0a?s=96&d=mm&r=g\",\"contentUrl\":\"https:\\\/\\\/secure.gravatar.com\\\/avatar\\\/4dfbf16b4d17945bfb6341b2d19043457132fcf478a5ee04f42e959fd8f5df0a?s=96&d=mm&r=g\",\"caption\":\"NOTICIASMERCEDINAS.COM\"},\"url\":\"https:\\\/\\\/noticiasmercedinas.com\\\/site\\\/author\\\/anonimo\\\/\"}]}<\/script>\n<!-- \/ Yoast SEO plugin. -->","yoast_head_json":{"title":"Autopista 5: \u201cFue una obra de teatro m\u00e1s que el inicio de obra\u201d","robots":{"index":"index","follow":"follow","max-snippet":"max-snippet:-1","max-image-preview":"max-image-preview:large","max-video-preview":"max-video-preview:-1"},"canonical":"https:\/\/noticiasmercedinas.com\/site\/2023\/01\/24\/autopista-5-fue-una-obra-de-teatro-mas-que-el-inicio-de-obra\/","og_locale":"es_ES","og_type":"article","og_title":"Autopista 5: \u201cFue una obra de teatro m\u00e1s que el inicio de obra\u201d","og_description":"\u25a0 Seg\u00fan el concejal del PRO de Mercedes y activo referente de los usuarios viales, los anuncios de inicio de obras son solo \u201cpromesas electorales\u201d.","og_url":"https:\/\/noticiasmercedinas.com\/site\/2023\/01\/24\/autopista-5-fue-una-obra-de-teatro-mas-que-el-inicio-de-obra\/","og_site_name":"NOTICIASMERCEDINAS.COM","article_publisher":"https:\/\/www.facebook.com\/noticiasmercedinas\/","article_published_time":"2023-01-24T15:27:10+00:00","og_image":[{"width":640,"height":412,"url":"https:\/\/noticiasmercedinas.com\/site\/wp-content\/uploads\/2019\/03\/carlos_mosso.jpg","type":"image\/jpeg"}],"author":"NOTICIASMERCEDINAS.COM","twitter_card":"summary_large_image","twitter_creator":"@notmercedinas","twitter_site":"@notmercedinas","twitter_misc":{"Escrito por":"NOTICIASMERCEDINAS.COM","Tiempo de lectura":"3 minutos"},"schema":{"@context":"https:\/\/schema.org","@graph":[{"@type":"Article","@id":"https:\/\/noticiasmercedinas.com\/site\/2023\/01\/24\/autopista-5-fue-una-obra-de-teatro-mas-que-el-inicio-de-obra\/#article","isPartOf":{"@id":"https:\/\/noticiasmercedinas.com\/site\/2023\/01\/24\/autopista-5-fue-una-obra-de-teatro-mas-que-el-inicio-de-obra\/"},"author":{"name":"NOTICIASMERCEDINAS.COM","@id":"https:\/\/noticiasmercedinas.com\/site\/#\/schema\/person\/84b59c099c28ff2e8b77d4ceec5d8063"},"headline":"Autopista 5: \u201cFue una obra de teatro m\u00e1s que el inicio de obra\u201d","datePublished":"2023-01-24T15:27:10+00:00","mainEntityOfPage":{"@id":"https:\/\/noticiasmercedinas.com\/site\/2023\/01\/24\/autopista-5-fue-una-obra-de-teatro-mas-que-el-inicio-de-obra\/"},"wordCount":572,"commentCount":0,"publisher":{"@id":"https:\/\/noticiasmercedinas.com\/site\/#organization"},"image":{"@id":"https:\/\/noticiasmercedinas.com\/site\/2023\/01\/24\/autopista-5-fue-una-obra-de-teatro-mas-que-el-inicio-de-obra\/#primaryimage"},"thumbnailUrl":"https:\/\/noticiasmercedinas.com\/site\/wp-content\/uploads\/2019\/03\/carlos_mosso.jpg","keywords":["autopista 5","carlos mosso","elecciones 2023","javier Iguacel","Juntos","Patricia Bullrich","Pro"],"articleSection":["Politica"],"inLanguage":"es","potentialAction":[{"@type":"CommentAction","name":"Comment","target":["https:\/\/noticiasmercedinas.com\/site\/2023\/01\/24\/autopista-5-fue-una-obra-de-teatro-mas-que-el-inicio-de-obra\/#respond"]}]},{"@type":"WebPage","@id":"https:\/\/noticiasmercedinas.com\/site\/2023\/01\/24\/autopista-5-fue-una-obra-de-teatro-mas-que-el-inicio-de-obra\/","url":"https:\/\/noticiasmercedinas.com\/site\/2023\/01\/24\/autopista-5-fue-una-obra-de-teatro-mas-que-el-inicio-de-obra\/","name":"Autopista 5: \u201cFue una obra de teatro m\u00e1s que el inicio de obra\u201d","isPartOf":{"@id":"https:\/\/noticiasmercedinas.com\/site\/#website"},"primaryImageOfPage":{"@id":"https:\/\/noticiasmercedinas.com\/site\/2023\/01\/24\/autopista-5-fue-una-obra-de-teatro-mas-que-el-inicio-de-obra\/#primaryimage"},"image":{"@id":"https:\/\/noticiasmercedinas.com\/site\/2023\/01\/24\/autopista-5-fue-una-obra-de-teatro-mas-que-el-inicio-de-obra\/#primaryimage"},"thumbnailUrl":"https:\/\/noticiasmercedinas.com\/site\/wp-content\/uploads\/2019\/03\/carlos_mosso.jpg","datePublished":"2023-01-24T15:27:10+00:00","breadcrumb":{"@id":"https:\/\/noticiasmercedinas.com\/site\/2023\/01\/24\/autopista-5-fue-una-obra-de-teatro-mas-que-el-inicio-de-obra\/#breadcrumb"},"inLanguage":"es","potentialAction":[{"@type":"ReadAction","target":["https:\/\/noticiasmercedinas.com\/site\/2023\/01\/24\/autopista-5-fue-una-obra-de-teatro-mas-que-el-inicio-de-obra\/"]}]},{"@type":"ImageObject","inLanguage":"es","@id":"https:\/\/noticiasmercedinas.com\/site\/2023\/01\/24\/autopista-5-fue-una-obra-de-teatro-mas-que-el-inicio-de-obra\/#primaryimage","url":"https:\/\/noticiasmercedinas.com\/site\/wp-content\/uploads\/2019\/03\/carlos_mosso.jpg","contentUrl":"https:\/\/noticiasmercedinas.com\/site\/wp-content\/uploads\/2019\/03\/carlos_mosso.jpg","width":640,"height":412},{"@type":"BreadcrumbList","@id":"https:\/\/noticiasmercedinas.com\/site\/2023\/01\/24\/autopista-5-fue-una-obra-de-teatro-mas-que-el-inicio-de-obra\/#breadcrumb","itemListElement":[{"@type":"ListItem","position":1,"name":"Portada","item":"https:\/\/noticiasmercedinas.com\/site\/"},{"@type":"ListItem","position":2,"name":"Autopista 5: \u201cFue una obra de teatro m\u00e1s que el inicio de obra\u201d"}]},{"@type":"WebSite","@id":"https:\/\/noticiasmercedinas.com\/site\/#website","url":"https:\/\/noticiasmercedinas.com\/site\/","name":"NOTICIASMERCEDINAS.COM","description":"Mercedes, Buenos Aires, Argentina","publisher":{"@id":"https:\/\/noticiasmercedinas.com\/site\/#organization"},"potentialAction":[{"@type":"SearchAction","target":{"@type":"EntryPoint","urlTemplate":"https:\/\/noticiasmercedinas.com\/site\/?s={search_term_string}"},"query-input":{"@type":"PropertyValueSpecification","valueRequired":true,"valueName":"search_term_string"}}],"inLanguage":"es"},{"@type":"Organization","@id":"https:\/\/noticiasmercedinas.com\/site\/#organization","name":"NOTICIASMERCEDINAS.COM","url":"https:\/\/noticiasmercedinas.com\/site\/","logo":{"@type":"ImageObject","inLanguage":"es","@id":"https:\/\/noticiasmercedinas.com\/site\/#\/schema\/logo\/image\/","url":"https:\/\/noticiasmercedinas.com\/site\/wp-content\/uploads\/2020\/06\/LOGO-512.jpg","contentUrl":"https:\/\/noticiasmercedinas.com\/site\/wp-content\/uploads\/2020\/06\/LOGO-512.jpg","width":512,"height":512,"caption":"NOTICIASMERCEDINAS.COM"},"image":{"@id":"https:\/\/noticiasmercedinas.com\/site\/#\/schema\/logo\/image\/"},"sameAs":["https:\/\/www.facebook.com\/noticiasmercedinas\/","https:\/\/x.com\/notmercedinas","https:\/\/www.instagram.com\/noticiasmercedinas\/"]},{"@type":"Person","@id":"https:\/\/noticiasmercedinas.com\/site\/#\/schema\/person\/84b59c099c28ff2e8b77d4ceec5d8063","name":"NOTICIASMERCEDINAS.COM","image":{"@type":"ImageObject","inLanguage":"es","@id":"https:\/\/secure.gravatar.com\/avatar\/4dfbf16b4d17945bfb6341b2d19043457132fcf478a5ee04f42e959fd8f5df0a?s=96&d=mm&r=g","url":"https:\/\/secure.gravatar.com\/avatar\/4dfbf16b4d17945bfb6341b2d19043457132fcf478a5ee04f42e959fd8f5df0a?s=96&d=mm&r=g","contentUrl":"https:\/\/secure.gravatar.com\/avatar\/4dfbf16b4d17945bfb6341b2d19043457132fcf478a5ee04f42e959fd8f5df0a?s=96&d=mm&r=g","caption":"NOTICIASMERCEDINAS.COM"},"url":"https:\/\/noticiasmercedinas.com\/site\/author\/anonimo\/"}]}},"amp_enabled":true,"_links":{"self":[{"href":"https:\/\/noticiasmercedinas.com\/site\/wp-json\/wp\/v2\/posts\/108048","targetHints":{"allow":["GET"]}}],"collection":[{"href":"https:\/\/noticiasmercedinas.com\/site\/wp-json\/wp\/v2\/posts"}],"about":[{"href":"https:\/\/noticiasmercedinas.com\/site\/wp-json\/wp\/v2\/types\/post"}],"author":[{"embeddable":true,"href":"https:\/\/noticiasmercedinas.com\/site\/wp-json\/wp\/v2\/users\/16"}],"replies":[{"embeddable":true,"href":"https:\/\/noticiasmercedinas.com\/site\/wp-json\/wp\/v2\/comments?post=108048"}],"version-history":[{"count":1,"href":"https:\/\/noticiasmercedinas.com\/site\/wp-json\/wp\/v2\/posts\/108048\/revisions"}],"predecessor-version":[{"id":108049,"href":"https:\/\/noticiasmercedinas.com\/site\/wp-json\/wp\/v2\/posts\/108048\/revisions\/108049"}],"wp:featuredmedia":[{"embeddable":true,"href":"https:\/\/noticiasmercedinas.com\/site\/wp-json\/wp\/v2\/media\/13420"}],"wp:attachment":[{"href":"https:\/\/noticiasmercedinas.com\/site\/wp-json\/wp\/v2\/media?parent=108048"}],"wp:term":[{"taxonomy":"category","embeddable":true,"href":"https:\/\/noticiasmercedinas.com\/site\/wp-json\/wp\/v2\/categories?post=108048"},{"taxonomy":"post_tag","embeddable":true,"href":"https:\/\/noticiasmercedinas.com\/site\/wp-json\/wp\/v2\/tags?post=108048"}],"curies":[{"name":"wp","href":"https:\/\/api.w.org\/{rel}","templated":true}]}}