{"id":108106,"date":"2023-01-25T09:40:28","date_gmt":"2023-01-25T12:40:28","guid":{"rendered":"https:\/\/noticiasmercedinas.com\/site\/?p=108106"},"modified":"2023-01-25T09:40:28","modified_gmt":"2023-01-25T12:40:28","slug":"martin-boragno-nuevo-jefe-regional-de-pami-es-el-desafio-politico-de-mi-vida","status":"publish","type":"post","link":"https:\/\/noticiasmercedinas.com\/site\/2023\/01\/25\/martin-boragno-nuevo-jefe-regional-de-pami-es-el-desafio-politico-de-mi-vida\/","title":{"rendered":"Mart\u00edn Boragno, nuevo jefe regional de PAMI: \u00abEs el desaf\u00edo pol\u00edtico de mi vida\u00bb"},"content":{"rendered":"<p><img loading=\"lazy\" decoding=\"async\" class=\"alignnone size-full wp-image-108107\" src=\"https:\/\/noticiasmercedinas.com\/site\/wp-content\/uploads\/2023\/01\/martin_boragnoIMG_5958.jpg\" alt=\"\" width=\"640\" height=\"445\" srcset=\"https:\/\/noticiasmercedinas.com\/site\/wp-content\/uploads\/2023\/01\/martin_boragnoIMG_5958.jpg 640w, https:\/\/noticiasmercedinas.com\/site\/wp-content\/uploads\/2023\/01\/martin_boragnoIMG_5958-300x209.jpg 300w\" sizes=\"auto, (max-width: 640px) 100vw, 640px\" \/><\/p>\n<p>Tras su paso por la Direcci\u00f3n de Turismo local, <strong>Mart\u00edn Boragno<\/strong> hace pocos d\u00edas asumi\u00f3 en un nuevo cargo, una nueva funci\u00f3n, lo que implica una nueva responsabilidad. Se produjo finalmente su nombramiento en un \u00e1rea regional en PAMI, como jefe director ejecutivo de la UGL que funciona en la ciudad de Luj\u00e1n. De esta manera tiene a su cargo una determinada regi\u00f3n que va desde Las Heras y Marcos Paz hasta Baradero, Z\u00e1rate, Pilar, Escobar y otras ciudades.<\/p>\n<p>\u201cLo asumo con responsabilidad, para hacer lo mejor posible para que a nuestros Adultos Mayores les lleguen las prestaciones del servicio m\u00e9dico y todas las que da el instituto. Es lo que <strong>Luana Volnovich <\/strong>como directora ejecutiva de PAMI nos viene proponiendo. Esta es una responsabilidad que asum\u00ed con much\u00edsimo gusto, hay muchas obligaciones y tratamos &#8211;junto con un equipo de trabajo que incluye a <strong>Cintia Barbieri<\/strong> como coordinadora ejecutiva, a <strong>Nacho Perotti<\/strong>, <strong>Sergio Lorde, Sebasti\u00e1n Barthes<\/strong> y a la tambi\u00e9n mercedina <strong>Bianca Varcello<\/strong>&#8212; de conducir de la mejor manera los recursos tan importantes que tiene PAMI para llegar a los Adultos Mayores\u201d, dijo Boragno, entrevistado por Noticias Mercedinas.<\/p>\n<p>El ex funcionario de Turismo y ahora jefe regional de PAMI tiene una larga carrera dentro de la de la pol\u00edtica y la funci\u00f3n p\u00fablica, en la que incluso fue concejal y estuvo a cargo de diversas \u00e1reas comunales, como Defensa del Consumidor, Prensa y Comercio. \u201cPara m\u00ed este es el desaf\u00edo pol\u00edtico de mi vida, y verdaderamente quiero agradecer a aquellos que confiaron, entendieron que estoy preparado y es una responsabilidad que en t\u00e9rminos personales me pone muy contento, pero tambi\u00e9n en t\u00e9rminos pol\u00edticos porque puedo continuar abrazando aquello que por el 2003 entend\u00ed era lo mejor para Argentina: este proyecto encabezado en su momento por N\u00e9stor Kirchner y que hoy encabeza Cristina\u201d, dijo en ese sentido.<\/p>\n<blockquote><p>Boragno tiene a su cargo una determinada regi\u00f3n que va desde Las Heras y Marcos Paz hasta Baradero, Z\u00e1rate, Pilar, Escobar y otras ciudades.<\/p><\/blockquote>\n<p>\u201cEste es un proyecto que transforma la realidad y es muy bueno poder estar en un \u00e1rea tan sensible como es la de los Adultos Mayores, y es un compromiso para que definitiva este movimiento nacional y popular siga estando en el Gobierno\u201d, agreg\u00f3 Boragno, quien desde hace pocos d\u00edas trabaja en la ciudad de Luj\u00e1n: \u201cViajo todos los d\u00edas a la ciudad de Luj\u00e1n y tambi\u00e9n me toca la responsabilidad de recorrer todas las agencias que est\u00e1n distribuidas en la zona. Son tres las columnas vertebrales que hoy tiene PAMI y nosotros desde el \u00e1rea ejecutiva estamos llevando a cabo: los medicamentos gratis, la alta complejidad y sin duda algo que transform\u00f3 al organismo que tiene que ver con la libre elecci\u00f3n de nuestros adultos mayores para que sean atendidos por m\u00e9dicos\u201d, indic\u00f3.<\/p>\n<p><strong>Su reemplazo<\/strong><br \/>\nTeniendo en cuenta toda la impronta que le vino dando al \u00e1rea de Turismo, con un despegue importante de la ciudad, con una gran cantidad de fiestas, de nuevos eventos y dem\u00e1s, se le pregunt\u00f3 a Boragno c\u00f3mo seguir\u00e1 el \u00e1rea, si sabe de hay alguien que se est\u00e9 preparando o si est\u00e1 formando o ayudando, capacitando a otro para seguir en la labor. \u201cLo bueno es que el \u00e1rea de Turismo tiene una continuidad con una impronta que me toc\u00f3 darle desde el 2018, con un equipo de laburo que verdaderamente como como ciudadano tiene que enorgullecernos, porque todos son empleados y empleadas municipales que llevan a cabo su tarea de una manera incre\u00edble, porque no solamente cumplen lo que tienen que cumplir sino que siempre dan un paso m\u00e1s, vincul\u00e1ndose con las otras \u00e1reas del municipio, y a trav\u00e9s impronta, la decisi\u00f3n del intendente que da respaldo pol\u00edtico, ya que sabe perfectamente para d\u00f3nde ir. Yo he sido gestor de las decisiones pol\u00edticas de Juani Ustarroz, de instalar a nuestra ciudad en el lugar que tiene hoy, preponderante a nivel regional con el mini turismo y el turismo de cercan\u00eda. Obviamente el intendente va a tomar la decisi\u00f3n para que una compa\u00f1era o un compa\u00f1ero ocupe el espacio, siempre con apoyo de la Secretar\u00eda de Gobierno y todos lo que forman parte de la Municipalidad\u201d, indic\u00f3 Boragno.<\/p>\n<blockquote><p>\u00abEs una responsabilidad que en t\u00e9rminos personales me pone muy contento, pero tambi\u00e9n en t\u00e9rminos pol\u00edticos porque puedo continuar abrazando aquello que por el 2003 entend\u00ed era lo mejor para Argentina: este proyecto encabezado en su momento por N\u00e9stor Kirchner y que hoy encabeza Cristina\u00bb<\/p><\/blockquote>\n<p>\u201cMercedes es una ciudad modelo en un mont\u00f3n de cosas y la obligaci\u00f3n de parte del intendente en subir la vara de manera diaria nos permite que todos los d\u00edas estemos much\u00edsimo mejor como ciudadanos, y en cuanto a lo hecho en el \u00e1rea de Turismo no puedo dejar de agradecer al equipo de trabajo, en particular a mis compa\u00f1eros y compa\u00f1eras del \u00e1rea, pero tambi\u00e9n a todos los compa\u00f1eros y compa\u00f1eras municipales que me permitieron dentro del tiempo que estuve instalar a nuestra ciudad como un punto estrat\u00e9gico para el miniturismo, para el turismo de cercan\u00eda, y obviamente tambi\u00e9n agradecer a Juan Ustarroz, que ha sido una persona muy generosa con claridad a la hora de manejar los recursos de nuestra ciudad, honesto y trabajador y que cuida a los compa\u00f1eros y compa\u00f1eras municipales, a todos nuestros vecinos\u201d, se explay\u00f3.<\/p>\n","protected":false},"excerpt":{"rendered":"<p>\u25a0 Hace pocos d\u00edas el ex director de Turismo asumi\u00f3 como jefe director ejecutivo de la UGL Luj\u00e1n. \u201cEste es un proyecto que transforma la realidad y es muy bueno poder estar en un \u00e1rea tan sensible\u00bb, dijo<\/p>\n","protected":false},"author":16,"featured_media":108107,"comment_status":"open","ping_status":"open","sticky":false,"template":"","format":"standard","meta":{"footnotes":""},"categories":[16],"tags":[6019,40,327,16066,839,16068,16067,16069],"class_list":["post-108106","post","type-post","status-publish","format-standard","has-post-thumbnail","hentry","category-politica","tag-luana-volnovich","tag-lujan","tag-martin-boragno","tag-nacho-perotti","tag-pami","tag-sebastian-barthes","tag-sergio-lorde","tag-ugl"],"yoast_head":"<!-- This site is optimized with the Yoast SEO plugin v27.4 - https:\/\/yoast.com\/product\/yoast-seo-wordpress\/ -->\n<title>Mart\u00edn Boragno, nuevo jefe regional de PAMI: &quot;Es el desaf\u00edo pol\u00edtico de mi vida&quot;<\/title>\n<meta name=\"robots\" content=\"index, follow, max-snippet:-1, max-image-preview:large, max-video-preview:-1\" \/>\n<link rel=\"canonical\" href=\"https:\/\/noticiasmercedinas.com\/site\/2023\/01\/25\/martin-boragno-nuevo-jefe-regional-de-pami-es-el-desafio-politico-de-mi-vida\/\" \/>\n<meta property=\"og:locale\" content=\"es_ES\" \/>\n<meta property=\"og:type\" content=\"article\" \/>\n<meta property=\"og:title\" content=\"Mart\u00edn Boragno, nuevo jefe regional de PAMI: &quot;Es el desaf\u00edo pol\u00edtico de mi vida&quot;\" \/>\n<meta property=\"og:description\" content=\"\u25a0 Hace pocos d\u00edas el ex director de Turismo asumi\u00f3 como jefe director ejecutivo de la UGL Luj\u00e1n. \u201cEste es un proyecto que transforma la realidad y es muy bueno poder estar en un \u00e1rea tan sensible&quot;, dijo\" \/>\n<meta property=\"og:url\" content=\"https:\/\/noticiasmercedinas.com\/site\/2023\/01\/25\/martin-boragno-nuevo-jefe-regional-de-pami-es-el-desafio-politico-de-mi-vida\/\" \/>\n<meta property=\"og:site_name\" content=\"NOTICIASMERCEDINAS.COM\" \/>\n<meta property=\"article:publisher\" content=\"https:\/\/www.facebook.com\/noticiasmercedinas\/\" \/>\n<meta property=\"article:published_time\" content=\"2023-01-25T12:40:28+00:00\" \/>\n<meta property=\"og:image\" content=\"https:\/\/noticiasmercedinas.com\/site\/wp-content\/uploads\/2023\/01\/martin_boragnoIMG_5958.jpg\" \/>\n\t<meta property=\"og:image:width\" content=\"640\" \/>\n\t<meta property=\"og:image:height\" content=\"445\" \/>\n\t<meta property=\"og:image:type\" content=\"image\/jpeg\" \/>\n<meta name=\"author\" content=\"NOTICIASMERCEDINAS.COM\" \/>\n<meta name=\"twitter:card\" content=\"summary_large_image\" \/>\n<meta name=\"twitter:creator\" content=\"@notmercedinas\" \/>\n<meta name=\"twitter:site\" content=\"@notmercedinas\" \/>\n<meta name=\"twitter:label1\" content=\"Escrito por\" \/>\n\t<meta name=\"twitter:data1\" content=\"NOTICIASMERCEDINAS.COM\" \/>\n\t<meta name=\"twitter:label2\" content=\"Tiempo de lectura\" \/>\n\t<meta name=\"twitter:data2\" content=\"5 minutos\" \/>\n<script type=\"application\/ld+json\" class=\"yoast-schema-graph\">{\"@context\":\"https:\\\/\\\/schema.org\",\"@graph\":[{\"@type\":\"Article\",\"@id\":\"https:\\\/\\\/noticiasmercedinas.com\\\/site\\\/2023\\\/01\\\/25\\\/martin-boragno-nuevo-jefe-regional-de-pami-es-el-desafio-politico-de-mi-vida\\\/#article\",\"isPartOf\":{\"@id\":\"https:\\\/\\\/noticiasmercedinas.com\\\/site\\\/2023\\\/01\\\/25\\\/martin-boragno-nuevo-jefe-regional-de-pami-es-el-desafio-politico-de-mi-vida\\\/\"},\"author\":{\"name\":\"NOTICIASMERCEDINAS.COM\",\"@id\":\"https:\\\/\\\/noticiasmercedinas.com\\\/site\\\/#\\\/schema\\\/person\\\/84b59c099c28ff2e8b77d4ceec5d8063\"},\"headline\":\"Mart\u00edn Boragno, nuevo jefe regional de PAMI: \u00abEs el desaf\u00edo pol\u00edtico de mi vida\u00bb\",\"datePublished\":\"2023-01-25T12:40:28+00:00\",\"mainEntityOfPage\":{\"@id\":\"https:\\\/\\\/noticiasmercedinas.com\\\/site\\\/2023\\\/01\\\/25\\\/martin-boragno-nuevo-jefe-regional-de-pami-es-el-desafio-politico-de-mi-vida\\\/\"},\"wordCount\":960,\"commentCount\":1,\"publisher\":{\"@id\":\"https:\\\/\\\/noticiasmercedinas.com\\\/site\\\/#organization\"},\"image\":{\"@id\":\"https:\\\/\\\/noticiasmercedinas.com\\\/site\\\/2023\\\/01\\\/25\\\/martin-boragno-nuevo-jefe-regional-de-pami-es-el-desafio-politico-de-mi-vida\\\/#primaryimage\"},\"thumbnailUrl\":\"https:\\\/\\\/noticiasmercedinas.com\\\/site\\\/wp-content\\\/uploads\\\/2023\\\/01\\\/martin_boragnoIMG_5958.jpg\",\"keywords\":[\"Luana Volnovich\",\"lujan\",\"martin boragno\",\"Nacho Perotti\",\"pami\",\"Sebasti\u00e1n Barthes\",\"Sergio Lorde\",\"ugl\"],\"articleSection\":[\"Politica\"],\"inLanguage\":\"es\",\"potentialAction\":[{\"@type\":\"CommentAction\",\"name\":\"Comment\",\"target\":[\"https:\\\/\\\/noticiasmercedinas.com\\\/site\\\/2023\\\/01\\\/25\\\/martin-boragno-nuevo-jefe-regional-de-pami-es-el-desafio-politico-de-mi-vida\\\/#respond\"]}]},{\"@type\":\"WebPage\",\"@id\":\"https:\\\/\\\/noticiasmercedinas.com\\\/site\\\/2023\\\/01\\\/25\\\/martin-boragno-nuevo-jefe-regional-de-pami-es-el-desafio-politico-de-mi-vida\\\/\",\"url\":\"https:\\\/\\\/noticiasmercedinas.com\\\/site\\\/2023\\\/01\\\/25\\\/martin-boragno-nuevo-jefe-regional-de-pami-es-el-desafio-politico-de-mi-vida\\\/\",\"name\":\"Mart\u00edn Boragno, nuevo jefe regional de PAMI: \\\"Es el desaf\u00edo pol\u00edtico de mi vida\\\"\",\"isPartOf\":{\"@id\":\"https:\\\/\\\/noticiasmercedinas.com\\\/site\\\/#website\"},\"primaryImageOfPage\":{\"@id\":\"https:\\\/\\\/noticiasmercedinas.com\\\/site\\\/2023\\\/01\\\/25\\\/martin-boragno-nuevo-jefe-regional-de-pami-es-el-desafio-politico-de-mi-vida\\\/#primaryimage\"},\"image\":{\"@id\":\"https:\\\/\\\/noticiasmercedinas.com\\\/site\\\/2023\\\/01\\\/25\\\/martin-boragno-nuevo-jefe-regional-de-pami-es-el-desafio-politico-de-mi-vida\\\/#primaryimage\"},\"thumbnailUrl\":\"https:\\\/\\\/noticiasmercedinas.com\\\/site\\\/wp-content\\\/uploads\\\/2023\\\/01\\\/martin_boragnoIMG_5958.jpg\",\"datePublished\":\"2023-01-25T12:40:28+00:00\",\"breadcrumb\":{\"@id\":\"https:\\\/\\\/noticiasmercedinas.com\\\/site\\\/2023\\\/01\\\/25\\\/martin-boragno-nuevo-jefe-regional-de-pami-es-el-desafio-politico-de-mi-vida\\\/#breadcrumb\"},\"inLanguage\":\"es\",\"potentialAction\":[{\"@type\":\"ReadAction\",\"target\":[\"https:\\\/\\\/noticiasmercedinas.com\\\/site\\\/2023\\\/01\\\/25\\\/martin-boragno-nuevo-jefe-regional-de-pami-es-el-desafio-politico-de-mi-vida\\\/\"]}]},{\"@type\":\"ImageObject\",\"inLanguage\":\"es\",\"@id\":\"https:\\\/\\\/noticiasmercedinas.com\\\/site\\\/2023\\\/01\\\/25\\\/martin-boragno-nuevo-jefe-regional-de-pami-es-el-desafio-politico-de-mi-vida\\\/#primaryimage\",\"url\":\"https:\\\/\\\/noticiasmercedinas.com\\\/site\\\/wp-content\\\/uploads\\\/2023\\\/01\\\/martin_boragnoIMG_5958.jpg\",\"contentUrl\":\"https:\\\/\\\/noticiasmercedinas.com\\\/site\\\/wp-content\\\/uploads\\\/2023\\\/01\\\/martin_boragnoIMG_5958.jpg\",\"width\":640,\"height\":445},{\"@type\":\"BreadcrumbList\",\"@id\":\"https:\\\/\\\/noticiasmercedinas.com\\\/site\\\/2023\\\/01\\\/25\\\/martin-boragno-nuevo-jefe-regional-de-pami-es-el-desafio-politico-de-mi-vida\\\/#breadcrumb\",\"itemListElement\":[{\"@type\":\"ListItem\",\"position\":1,\"name\":\"Portada\",\"item\":\"https:\\\/\\\/noticiasmercedinas.com\\\/site\\\/\"},{\"@type\":\"ListItem\",\"position\":2,\"name\":\"Mart\u00edn Boragno, nuevo jefe regional de PAMI: \u00abEs el desaf\u00edo pol\u00edtico de mi vida\u00bb\"}]},{\"@type\":\"WebSite\",\"@id\":\"https:\\\/\\\/noticiasmercedinas.com\\\/site\\\/#website\",\"url\":\"https:\\\/\\\/noticiasmercedinas.com\\\/site\\\/\",\"name\":\"NOTICIASMERCEDINAS.COM\",\"description\":\"Mercedes, Buenos Aires, Argentina\",\"publisher\":{\"@id\":\"https:\\\/\\\/noticiasmercedinas.com\\\/site\\\/#organization\"},\"potentialAction\":[{\"@type\":\"SearchAction\",\"target\":{\"@type\":\"EntryPoint\",\"urlTemplate\":\"https:\\\/\\\/noticiasmercedinas.com\\\/site\\\/?s={search_term_string}\"},\"query-input\":{\"@type\":\"PropertyValueSpecification\",\"valueRequired\":true,\"valueName\":\"search_term_string\"}}],\"inLanguage\":\"es\"},{\"@type\":\"Organization\",\"@id\":\"https:\\\/\\\/noticiasmercedinas.com\\\/site\\\/#organization\",\"name\":\"NOTICIASMERCEDINAS.COM\",\"url\":\"https:\\\/\\\/noticiasmercedinas.com\\\/site\\\/\",\"logo\":{\"@type\":\"ImageObject\",\"inLanguage\":\"es\",\"@id\":\"https:\\\/\\\/noticiasmercedinas.com\\\/site\\\/#\\\/schema\\\/logo\\\/image\\\/\",\"url\":\"https:\\\/\\\/noticiasmercedinas.com\\\/site\\\/wp-content\\\/uploads\\\/2020\\\/06\\\/LOGO-512.jpg\",\"contentUrl\":\"https:\\\/\\\/noticiasmercedinas.com\\\/site\\\/wp-content\\\/uploads\\\/2020\\\/06\\\/LOGO-512.jpg\",\"width\":512,\"height\":512,\"caption\":\"NOTICIASMERCEDINAS.COM\"},\"image\":{\"@id\":\"https:\\\/\\\/noticiasmercedinas.com\\\/site\\\/#\\\/schema\\\/logo\\\/image\\\/\"},\"sameAs\":[\"https:\\\/\\\/www.facebook.com\\\/noticiasmercedinas\\\/\",\"https:\\\/\\\/x.com\\\/notmercedinas\",\"https:\\\/\\\/www.instagram.com\\\/noticiasmercedinas\\\/\"]},{\"@type\":\"Person\",\"@id\":\"https:\\\/\\\/noticiasmercedinas.com\\\/site\\\/#\\\/schema\\\/person\\\/84b59c099c28ff2e8b77d4ceec5d8063\",\"name\":\"NOTICIASMERCEDINAS.COM\",\"image\":{\"@type\":\"ImageObject\",\"inLanguage\":\"es\",\"@id\":\"https:\\\/\\\/secure.gravatar.com\\\/avatar\\\/4dfbf16b4d17945bfb6341b2d19043457132fcf478a5ee04f42e959fd8f5df0a?s=96&d=mm&r=g\",\"url\":\"https:\\\/\\\/secure.gravatar.com\\\/avatar\\\/4dfbf16b4d17945bfb6341b2d19043457132fcf478a5ee04f42e959fd8f5df0a?s=96&d=mm&r=g\",\"contentUrl\":\"https:\\\/\\\/secure.gravatar.com\\\/avatar\\\/4dfbf16b4d17945bfb6341b2d19043457132fcf478a5ee04f42e959fd8f5df0a?s=96&d=mm&r=g\",\"caption\":\"NOTICIASMERCEDINAS.COM\"},\"url\":\"https:\\\/\\\/noticiasmercedinas.com\\\/site\\\/author\\\/anonimo\\\/\"}]}<\/script>\n<!-- \/ Yoast SEO plugin. -->","yoast_head_json":{"title":"Mart\u00edn Boragno, nuevo jefe regional de PAMI: \"Es el desaf\u00edo pol\u00edtico de mi vida\"","robots":{"index":"index","follow":"follow","max-snippet":"max-snippet:-1","max-image-preview":"max-image-preview:large","max-video-preview":"max-video-preview:-1"},"canonical":"https:\/\/noticiasmercedinas.com\/site\/2023\/01\/25\/martin-boragno-nuevo-jefe-regional-de-pami-es-el-desafio-politico-de-mi-vida\/","og_locale":"es_ES","og_type":"article","og_title":"Mart\u00edn Boragno, nuevo jefe regional de PAMI: \"Es el desaf\u00edo pol\u00edtico de mi vida\"","og_description":"\u25a0 Hace pocos d\u00edas el ex director de Turismo asumi\u00f3 como jefe director ejecutivo de la UGL Luj\u00e1n. \u201cEste es un proyecto que transforma la realidad y es muy bueno poder estar en un \u00e1rea tan sensible\", dijo","og_url":"https:\/\/noticiasmercedinas.com\/site\/2023\/01\/25\/martin-boragno-nuevo-jefe-regional-de-pami-es-el-desafio-politico-de-mi-vida\/","og_site_name":"NOTICIASMERCEDINAS.COM","article_publisher":"https:\/\/www.facebook.com\/noticiasmercedinas\/","article_published_time":"2023-01-25T12:40:28+00:00","og_image":[{"width":640,"height":445,"url":"https:\/\/noticiasmercedinas.com\/site\/wp-content\/uploads\/2023\/01\/martin_boragnoIMG_5958.jpg","type":"image\/jpeg"}],"author":"NOTICIASMERCEDINAS.COM","twitter_card":"summary_large_image","twitter_creator":"@notmercedinas","twitter_site":"@notmercedinas","twitter_misc":{"Escrito por":"NOTICIASMERCEDINAS.COM","Tiempo de lectura":"5 minutos"},"schema":{"@context":"https:\/\/schema.org","@graph":[{"@type":"Article","@id":"https:\/\/noticiasmercedinas.com\/site\/2023\/01\/25\/martin-boragno-nuevo-jefe-regional-de-pami-es-el-desafio-politico-de-mi-vida\/#article","isPartOf":{"@id":"https:\/\/noticiasmercedinas.com\/site\/2023\/01\/25\/martin-boragno-nuevo-jefe-regional-de-pami-es-el-desafio-politico-de-mi-vida\/"},"author":{"name":"NOTICIASMERCEDINAS.COM","@id":"https:\/\/noticiasmercedinas.com\/site\/#\/schema\/person\/84b59c099c28ff2e8b77d4ceec5d8063"},"headline":"Mart\u00edn Boragno, nuevo jefe regional de PAMI: \u00abEs el desaf\u00edo pol\u00edtico de mi vida\u00bb","datePublished":"2023-01-25T12:40:28+00:00","mainEntityOfPage":{"@id":"https:\/\/noticiasmercedinas.com\/site\/2023\/01\/25\/martin-boragno-nuevo-jefe-regional-de-pami-es-el-desafio-politico-de-mi-vida\/"},"wordCount":960,"commentCount":1,"publisher":{"@id":"https:\/\/noticiasmercedinas.com\/site\/#organization"},"image":{"@id":"https:\/\/noticiasmercedinas.com\/site\/2023\/01\/25\/martin-boragno-nuevo-jefe-regional-de-pami-es-el-desafio-politico-de-mi-vida\/#primaryimage"},"thumbnailUrl":"https:\/\/noticiasmercedinas.com\/site\/wp-content\/uploads\/2023\/01\/martin_boragnoIMG_5958.jpg","keywords":["Luana Volnovich","lujan","martin boragno","Nacho Perotti","pami","Sebasti\u00e1n Barthes","Sergio Lorde","ugl"],"articleSection":["Politica"],"inLanguage":"es","potentialAction":[{"@type":"CommentAction","name":"Comment","target":["https:\/\/noticiasmercedinas.com\/site\/2023\/01\/25\/martin-boragno-nuevo-jefe-regional-de-pami-es-el-desafio-politico-de-mi-vida\/#respond"]}]},{"@type":"WebPage","@id":"https:\/\/noticiasmercedinas.com\/site\/2023\/01\/25\/martin-boragno-nuevo-jefe-regional-de-pami-es-el-desafio-politico-de-mi-vida\/","url":"https:\/\/noticiasmercedinas.com\/site\/2023\/01\/25\/martin-boragno-nuevo-jefe-regional-de-pami-es-el-desafio-politico-de-mi-vida\/","name":"Mart\u00edn Boragno, nuevo jefe regional de PAMI: \"Es el desaf\u00edo pol\u00edtico de mi vida\"","isPartOf":{"@id":"https:\/\/noticiasmercedinas.com\/site\/#website"},"primaryImageOfPage":{"@id":"https:\/\/noticiasmercedinas.com\/site\/2023\/01\/25\/martin-boragno-nuevo-jefe-regional-de-pami-es-el-desafio-politico-de-mi-vida\/#primaryimage"},"image":{"@id":"https:\/\/noticiasmercedinas.com\/site\/2023\/01\/25\/martin-boragno-nuevo-jefe-regional-de-pami-es-el-desafio-politico-de-mi-vida\/#primaryimage"},"thumbnailUrl":"https:\/\/noticiasmercedinas.com\/site\/wp-content\/uploads\/2023\/01\/martin_boragnoIMG_5958.jpg","datePublished":"2023-01-25T12:40:28+00:00","breadcrumb":{"@id":"https:\/\/noticiasmercedinas.com\/site\/2023\/01\/25\/martin-boragno-nuevo-jefe-regional-de-pami-es-el-desafio-politico-de-mi-vida\/#breadcrumb"},"inLanguage":"es","potentialAction":[{"@type":"ReadAction","target":["https:\/\/noticiasmercedinas.com\/site\/2023\/01\/25\/martin-boragno-nuevo-jefe-regional-de-pami-es-el-desafio-politico-de-mi-vida\/"]}]},{"@type":"ImageObject","inLanguage":"es","@id":"https:\/\/noticiasmercedinas.com\/site\/2023\/01\/25\/martin-boragno-nuevo-jefe-regional-de-pami-es-el-desafio-politico-de-mi-vida\/#primaryimage","url":"https:\/\/noticiasmercedinas.com\/site\/wp-content\/uploads\/2023\/01\/martin_boragnoIMG_5958.jpg","contentUrl":"https:\/\/noticiasmercedinas.com\/site\/wp-content\/uploads\/2023\/01\/martin_boragnoIMG_5958.jpg","width":640,"height":445},{"@type":"BreadcrumbList","@id":"https:\/\/noticiasmercedinas.com\/site\/2023\/01\/25\/martin-boragno-nuevo-jefe-regional-de-pami-es-el-desafio-politico-de-mi-vida\/#breadcrumb","itemListElement":[{"@type":"ListItem","position":1,"name":"Portada","item":"https:\/\/noticiasmercedinas.com\/site\/"},{"@type":"ListItem","position":2,"name":"Mart\u00edn Boragno, nuevo jefe regional de PAMI: \u00abEs el desaf\u00edo pol\u00edtico de mi vida\u00bb"}]},{"@type":"WebSite","@id":"https:\/\/noticiasmercedinas.com\/site\/#website","url":"https:\/\/noticiasmercedinas.com\/site\/","name":"NOTICIASMERCEDINAS.COM","description":"Mercedes, Buenos Aires, Argentina","publisher":{"@id":"https:\/\/noticiasmercedinas.com\/site\/#organization"},"potentialAction":[{"@type":"SearchAction","target":{"@type":"EntryPoint","urlTemplate":"https:\/\/noticiasmercedinas.com\/site\/?s={search_term_string}"},"query-input":{"@type":"PropertyValueSpecification","valueRequired":true,"valueName":"search_term_string"}}],"inLanguage":"es"},{"@type":"Organization","@id":"https:\/\/noticiasmercedinas.com\/site\/#organization","name":"NOTICIASMERCEDINAS.COM","url":"https:\/\/noticiasmercedinas.com\/site\/","logo":{"@type":"ImageObject","inLanguage":"es","@id":"https:\/\/noticiasmercedinas.com\/site\/#\/schema\/logo\/image\/","url":"https:\/\/noticiasmercedinas.com\/site\/wp-content\/uploads\/2020\/06\/LOGO-512.jpg","contentUrl":"https:\/\/noticiasmercedinas.com\/site\/wp-content\/uploads\/2020\/06\/LOGO-512.jpg","width":512,"height":512,"caption":"NOTICIASMERCEDINAS.COM"},"image":{"@id":"https:\/\/noticiasmercedinas.com\/site\/#\/schema\/logo\/image\/"},"sameAs":["https:\/\/www.facebook.com\/noticiasmercedinas\/","https:\/\/x.com\/notmercedinas","https:\/\/www.instagram.com\/noticiasmercedinas\/"]},{"@type":"Person","@id":"https:\/\/noticiasmercedinas.com\/site\/#\/schema\/person\/84b59c099c28ff2e8b77d4ceec5d8063","name":"NOTICIASMERCEDINAS.COM","image":{"@type":"ImageObject","inLanguage":"es","@id":"https:\/\/secure.gravatar.com\/avatar\/4dfbf16b4d17945bfb6341b2d19043457132fcf478a5ee04f42e959fd8f5df0a?s=96&d=mm&r=g","url":"https:\/\/secure.gravatar.com\/avatar\/4dfbf16b4d17945bfb6341b2d19043457132fcf478a5ee04f42e959fd8f5df0a?s=96&d=mm&r=g","contentUrl":"https:\/\/secure.gravatar.com\/avatar\/4dfbf16b4d17945bfb6341b2d19043457132fcf478a5ee04f42e959fd8f5df0a?s=96&d=mm&r=g","caption":"NOTICIASMERCEDINAS.COM"},"url":"https:\/\/noticiasmercedinas.com\/site\/author\/anonimo\/"}]}},"amp_enabled":true,"_links":{"self":[{"href":"https:\/\/noticiasmercedinas.com\/site\/wp-json\/wp\/v2\/posts\/108106","targetHints":{"allow":["GET"]}}],"collection":[{"href":"https:\/\/noticiasmercedinas.com\/site\/wp-json\/wp\/v2\/posts"}],"about":[{"href":"https:\/\/noticiasmercedinas.com\/site\/wp-json\/wp\/v2\/types\/post"}],"author":[{"embeddable":true,"href":"https:\/\/noticiasmercedinas.com\/site\/wp-json\/wp\/v2\/users\/16"}],"replies":[{"embeddable":true,"href":"https:\/\/noticiasmercedinas.com\/site\/wp-json\/wp\/v2\/comments?post=108106"}],"version-history":[{"count":1,"href":"https:\/\/noticiasmercedinas.com\/site\/wp-json\/wp\/v2\/posts\/108106\/revisions"}],"predecessor-version":[{"id":108108,"href":"https:\/\/noticiasmercedinas.com\/site\/wp-json\/wp\/v2\/posts\/108106\/revisions\/108108"}],"wp:featuredmedia":[{"embeddable":true,"href":"https:\/\/noticiasmercedinas.com\/site\/wp-json\/wp\/v2\/media\/108107"}],"wp:attachment":[{"href":"https:\/\/noticiasmercedinas.com\/site\/wp-json\/wp\/v2\/media?parent=108106"}],"wp:term":[{"taxonomy":"category","embeddable":true,"href":"https:\/\/noticiasmercedinas.com\/site\/wp-json\/wp\/v2\/categories?post=108106"},{"taxonomy":"post_tag","embeddable":true,"href":"https:\/\/noticiasmercedinas.com\/site\/wp-json\/wp\/v2\/tags?post=108106"}],"curies":[{"name":"wp","href":"https:\/\/api.w.org\/{rel}","templated":true}]}}