{"id":108474,"date":"2023-02-01T11:35:59","date_gmt":"2023-02-01T14:35:59","guid":{"rendered":"https:\/\/noticiasmercedinas.com\/site\/?p=108474"},"modified":"2023-02-01T11:36:31","modified_gmt":"2023-02-01T14:36:31","slug":"selva-marco-la-necesidad-de-que-den-quorum-y-planteo-que-juntos-hace-abuso-de-autoridad","status":"publish","type":"post","link":"https:\/\/noticiasmercedinas.com\/site\/2023\/02\/01\/selva-marco-la-necesidad-de-que-den-quorum-y-planteo-que-juntos-hace-abuso-de-autoridad\/","title":{"rendered":"Selva marc\u00f3 la necesidad de que den qu\u00f3rum y plante\u00f3 que Juntos hace \u201cabuso de autoridad\u201d"},"content":{"rendered":"<p><img loading=\"lazy\" decoding=\"async\" class=\"alignnone size-full wp-image-108475\" src=\"https:\/\/noticiasmercedinas.com\/site\/wp-content\/uploads\/2023\/02\/carlos_selva.jpg\" alt=\"\" width=\"640\" height=\"404\" srcset=\"https:\/\/noticiasmercedinas.com\/site\/wp-content\/uploads\/2023\/02\/carlos_selva.jpg 640w, https:\/\/noticiasmercedinas.com\/site\/wp-content\/uploads\/2023\/02\/carlos_selva-300x189.jpg 300w\" sizes=\"auto, (max-width: 640px) 100vw, 640px\" \/><\/p>\n<p>En di\u00e1logo con <em>Diputados TV<\/em>, el legislador nacional <strong>Carlos Selva<\/strong>, del Frente de Todos, objet\u00f3 la continuidad del no quorum por parte de la oposici\u00f3n en la C\u00e1mara que integra.<\/p>\n<p>\u201cNo dando qu\u00f3rum para tratar temas sensibles e importantes para las y los argentinos, Juntos por el Cambio est\u00e1 ejerciendo un abuso de autoridad\u201d, sostuvo Selva.<\/p>\n<blockquote><p>\u201cLas medidas que viene tomando el ministro Sergio Massa marcan el esfuerzo que est\u00e1 haciendo para lograr un equilibrio en la econom\u00eda\u201d<\/p><\/blockquote>\n<p>Para el diputado, adem\u00e1s, \u201clas medidas que viene tomando el ministro Sergio Massa marcan el esfuerzo que est\u00e1 haciendo para lograr un equilibrio en la econom\u00eda\u201d.<\/p>\n<p>Seg\u00fan profundiz\u00f3, su compa\u00f1ero del Frente Renovador en el Frente de Todos que tiene a cargo el ministerio de la Naci\u00f3n \u201cva sector por sector buscando alternativas para cambiar el esquema de que el Estado es un problema\u201d.<\/p>\n<p>\u201cEn este sentido, veo que las corporaciones medi\u00e1ticas en vez de mostrar estos esfuerzos ponen el foco en otras cosas; y esas son las peleas que tenemos que dar\u201d, dijo Selva.<\/p>\n","protected":false},"excerpt":{"rendered":"<p>\u25a0 Adem\u00e1s el diputado nacional ponder\u00f3 \u201clas medidas que viene tomando el ministro Sergio Massa\u201d. \u201cLas corporaciones medi\u00e1ticas en vez de mostrar estos esfuerzos ponen el foco en otras cosas\u201d, dijo.<\/p>\n","protected":false},"author":16,"featured_media":108475,"comment_status":"open","ping_status":"open","sticky":false,"template":"","format":"standard","meta":{"footnotes":""},"categories":[16],"tags":[1804,16118,5299,7519],"class_list":["post-108474","post","type-post","status-publish","format-standard","has-post-thumbnail","hentry","category-politica","tag-carloss-elva","tag-dipuados","tag-frente-de-todos","tag-quorum"],"yoast_head":"<!-- This site is optimized with the Yoast SEO plugin v27.4 - https:\/\/yoast.com\/product\/yoast-seo-wordpress\/ -->\n<title>Selva marc\u00f3 la necesidad de que den qu\u00f3rum y plante\u00f3 que Juntos hace \u201cabuso de autoridad\u201d<\/title>\n<meta name=\"robots\" content=\"index, follow, max-snippet:-1, max-image-preview:large, max-video-preview:-1\" \/>\n<link rel=\"canonical\" href=\"https:\/\/noticiasmercedinas.com\/site\/2023\/02\/01\/selva-marco-la-necesidad-de-que-den-quorum-y-planteo-que-juntos-hace-abuso-de-autoridad\/\" \/>\n<meta property=\"og:locale\" content=\"es_ES\" \/>\n<meta property=\"og:type\" content=\"article\" \/>\n<meta property=\"og:title\" content=\"Selva marc\u00f3 la necesidad de que den qu\u00f3rum y plante\u00f3 que Juntos hace \u201cabuso de autoridad\u201d\" \/>\n<meta property=\"og:description\" content=\"\u25a0 Adem\u00e1s el diputado nacional ponder\u00f3 \u201clas medidas que viene tomando el ministro Sergio Massa\u201d. \u201cLas corporaciones medi\u00e1ticas en vez de mostrar estos esfuerzos ponen el foco en otras cosas\u201d, dijo.\" \/>\n<meta property=\"og:url\" content=\"https:\/\/noticiasmercedinas.com\/site\/2023\/02\/01\/selva-marco-la-necesidad-de-que-den-quorum-y-planteo-que-juntos-hace-abuso-de-autoridad\/\" \/>\n<meta property=\"og:site_name\" content=\"NOTICIASMERCEDINAS.COM\" \/>\n<meta property=\"article:publisher\" content=\"https:\/\/www.facebook.com\/noticiasmercedinas\/\" \/>\n<meta property=\"article:published_time\" content=\"2023-02-01T14:35:59+00:00\" \/>\n<meta property=\"article:modified_time\" content=\"2023-02-01T14:36:31+00:00\" \/>\n<meta property=\"og:image\" content=\"https:\/\/noticiasmercedinas.com\/site\/wp-content\/uploads\/2023\/02\/carlos_selva.jpg\" \/>\n\t<meta property=\"og:image:width\" content=\"640\" \/>\n\t<meta property=\"og:image:height\" content=\"404\" \/>\n\t<meta property=\"og:image:type\" content=\"image\/jpeg\" \/>\n<meta name=\"author\" content=\"NOTICIASMERCEDINAS.COM\" \/>\n<meta name=\"twitter:card\" content=\"summary_large_image\" \/>\n<meta name=\"twitter:creator\" content=\"@notmercedinas\" \/>\n<meta name=\"twitter:site\" content=\"@notmercedinas\" \/>\n<meta name=\"twitter:label1\" content=\"Escrito por\" \/>\n\t<meta name=\"twitter:data1\" content=\"NOTICIASMERCEDINAS.COM\" \/>\n\t<meta name=\"twitter:label2\" content=\"Tiempo de lectura\" \/>\n\t<meta name=\"twitter:data2\" content=\"1 minuto\" \/>\n<script type=\"application\/ld+json\" class=\"yoast-schema-graph\">{\"@context\":\"https:\\\/\\\/schema.org\",\"@graph\":[{\"@type\":\"Article\",\"@id\":\"https:\\\/\\\/noticiasmercedinas.com\\\/site\\\/2023\\\/02\\\/01\\\/selva-marco-la-necesidad-de-que-den-quorum-y-planteo-que-juntos-hace-abuso-de-autoridad\\\/#article\",\"isPartOf\":{\"@id\":\"https:\\\/\\\/noticiasmercedinas.com\\\/site\\\/2023\\\/02\\\/01\\\/selva-marco-la-necesidad-de-que-den-quorum-y-planteo-que-juntos-hace-abuso-de-autoridad\\\/\"},\"author\":{\"name\":\"NOTICIASMERCEDINAS.COM\",\"@id\":\"https:\\\/\\\/noticiasmercedinas.com\\\/site\\\/#\\\/schema\\\/person\\\/84b59c099c28ff2e8b77d4ceec5d8063\"},\"headline\":\"Selva marc\u00f3 la necesidad de que den qu\u00f3rum y plante\u00f3 que Juntos hace \u201cabuso de autoridad\u201d\",\"datePublished\":\"2023-02-01T14:35:59+00:00\",\"dateModified\":\"2023-02-01T14:36:31+00:00\",\"mainEntityOfPage\":{\"@id\":\"https:\\\/\\\/noticiasmercedinas.com\\\/site\\\/2023\\\/02\\\/01\\\/selva-marco-la-necesidad-de-que-den-quorum-y-planteo-que-juntos-hace-abuso-de-autoridad\\\/\"},\"wordCount\":201,\"commentCount\":1,\"publisher\":{\"@id\":\"https:\\\/\\\/noticiasmercedinas.com\\\/site\\\/#organization\"},\"image\":{\"@id\":\"https:\\\/\\\/noticiasmercedinas.com\\\/site\\\/2023\\\/02\\\/01\\\/selva-marco-la-necesidad-de-que-den-quorum-y-planteo-que-juntos-hace-abuso-de-autoridad\\\/#primaryimage\"},\"thumbnailUrl\":\"https:\\\/\\\/noticiasmercedinas.com\\\/site\\\/wp-content\\\/uploads\\\/2023\\\/02\\\/carlos_selva.jpg\",\"keywords\":[\"carloss elva\",\"dipuados\",\"Frente de Todos\",\"quorum\"],\"articleSection\":[\"Politica\"],\"inLanguage\":\"es\",\"potentialAction\":[{\"@type\":\"CommentAction\",\"name\":\"Comment\",\"target\":[\"https:\\\/\\\/noticiasmercedinas.com\\\/site\\\/2023\\\/02\\\/01\\\/selva-marco-la-necesidad-de-que-den-quorum-y-planteo-que-juntos-hace-abuso-de-autoridad\\\/#respond\"]}]},{\"@type\":\"WebPage\",\"@id\":\"https:\\\/\\\/noticiasmercedinas.com\\\/site\\\/2023\\\/02\\\/01\\\/selva-marco-la-necesidad-de-que-den-quorum-y-planteo-que-juntos-hace-abuso-de-autoridad\\\/\",\"url\":\"https:\\\/\\\/noticiasmercedinas.com\\\/site\\\/2023\\\/02\\\/01\\\/selva-marco-la-necesidad-de-que-den-quorum-y-planteo-que-juntos-hace-abuso-de-autoridad\\\/\",\"name\":\"Selva marc\u00f3 la necesidad de que den qu\u00f3rum y plante\u00f3 que Juntos hace \u201cabuso de autoridad\u201d\",\"isPartOf\":{\"@id\":\"https:\\\/\\\/noticiasmercedinas.com\\\/site\\\/#website\"},\"primaryImageOfPage\":{\"@id\":\"https:\\\/\\\/noticiasmercedinas.com\\\/site\\\/2023\\\/02\\\/01\\\/selva-marco-la-necesidad-de-que-den-quorum-y-planteo-que-juntos-hace-abuso-de-autoridad\\\/#primaryimage\"},\"image\":{\"@id\":\"https:\\\/\\\/noticiasmercedinas.com\\\/site\\\/2023\\\/02\\\/01\\\/selva-marco-la-necesidad-de-que-den-quorum-y-planteo-que-juntos-hace-abuso-de-autoridad\\\/#primaryimage\"},\"thumbnailUrl\":\"https:\\\/\\\/noticiasmercedinas.com\\\/site\\\/wp-content\\\/uploads\\\/2023\\\/02\\\/carlos_selva.jpg\",\"datePublished\":\"2023-02-01T14:35:59+00:00\",\"dateModified\":\"2023-02-01T14:36:31+00:00\",\"breadcrumb\":{\"@id\":\"https:\\\/\\\/noticiasmercedinas.com\\\/site\\\/2023\\\/02\\\/01\\\/selva-marco-la-necesidad-de-que-den-quorum-y-planteo-que-juntos-hace-abuso-de-autoridad\\\/#breadcrumb\"},\"inLanguage\":\"es\",\"potentialAction\":[{\"@type\":\"ReadAction\",\"target\":[\"https:\\\/\\\/noticiasmercedinas.com\\\/site\\\/2023\\\/02\\\/01\\\/selva-marco-la-necesidad-de-que-den-quorum-y-planteo-que-juntos-hace-abuso-de-autoridad\\\/\"]}]},{\"@type\":\"ImageObject\",\"inLanguage\":\"es\",\"@id\":\"https:\\\/\\\/noticiasmercedinas.com\\\/site\\\/2023\\\/02\\\/01\\\/selva-marco-la-necesidad-de-que-den-quorum-y-planteo-que-juntos-hace-abuso-de-autoridad\\\/#primaryimage\",\"url\":\"https:\\\/\\\/noticiasmercedinas.com\\\/site\\\/wp-content\\\/uploads\\\/2023\\\/02\\\/carlos_selva.jpg\",\"contentUrl\":\"https:\\\/\\\/noticiasmercedinas.com\\\/site\\\/wp-content\\\/uploads\\\/2023\\\/02\\\/carlos_selva.jpg\",\"width\":640,\"height\":404},{\"@type\":\"BreadcrumbList\",\"@id\":\"https:\\\/\\\/noticiasmercedinas.com\\\/site\\\/2023\\\/02\\\/01\\\/selva-marco-la-necesidad-de-que-den-quorum-y-planteo-que-juntos-hace-abuso-de-autoridad\\\/#breadcrumb\",\"itemListElement\":[{\"@type\":\"ListItem\",\"position\":1,\"name\":\"Portada\",\"item\":\"https:\\\/\\\/noticiasmercedinas.com\\\/site\\\/\"},{\"@type\":\"ListItem\",\"position\":2,\"name\":\"Selva marc\u00f3 la necesidad de que den qu\u00f3rum y plante\u00f3 que Juntos hace \u201cabuso de autoridad\u201d\"}]},{\"@type\":\"WebSite\",\"@id\":\"https:\\\/\\\/noticiasmercedinas.com\\\/site\\\/#website\",\"url\":\"https:\\\/\\\/noticiasmercedinas.com\\\/site\\\/\",\"name\":\"NOTICIASMERCEDINAS.COM\",\"description\":\"Mercedes, Buenos Aires, Argentina\",\"publisher\":{\"@id\":\"https:\\\/\\\/noticiasmercedinas.com\\\/site\\\/#organization\"},\"potentialAction\":[{\"@type\":\"SearchAction\",\"target\":{\"@type\":\"EntryPoint\",\"urlTemplate\":\"https:\\\/\\\/noticiasmercedinas.com\\\/site\\\/?s={search_term_string}\"},\"query-input\":{\"@type\":\"PropertyValueSpecification\",\"valueRequired\":true,\"valueName\":\"search_term_string\"}}],\"inLanguage\":\"es\"},{\"@type\":\"Organization\",\"@id\":\"https:\\\/\\\/noticiasmercedinas.com\\\/site\\\/#organization\",\"name\":\"NOTICIASMERCEDINAS.COM\",\"url\":\"https:\\\/\\\/noticiasmercedinas.com\\\/site\\\/\",\"logo\":{\"@type\":\"ImageObject\",\"inLanguage\":\"es\",\"@id\":\"https:\\\/\\\/noticiasmercedinas.com\\\/site\\\/#\\\/schema\\\/logo\\\/image\\\/\",\"url\":\"https:\\\/\\\/noticiasmercedinas.com\\\/site\\\/wp-content\\\/uploads\\\/2020\\\/06\\\/LOGO-512.jpg\",\"contentUrl\":\"https:\\\/\\\/noticiasmercedinas.com\\\/site\\\/wp-content\\\/uploads\\\/2020\\\/06\\\/LOGO-512.jpg\",\"width\":512,\"height\":512,\"caption\":\"NOTICIASMERCEDINAS.COM\"},\"image\":{\"@id\":\"https:\\\/\\\/noticiasmercedinas.com\\\/site\\\/#\\\/schema\\\/logo\\\/image\\\/\"},\"sameAs\":[\"https:\\\/\\\/www.facebook.com\\\/noticiasmercedinas\\\/\",\"https:\\\/\\\/x.com\\\/notmercedinas\",\"https:\\\/\\\/www.instagram.com\\\/noticiasmercedinas\\\/\"]},{\"@type\":\"Person\",\"@id\":\"https:\\\/\\\/noticiasmercedinas.com\\\/site\\\/#\\\/schema\\\/person\\\/84b59c099c28ff2e8b77d4ceec5d8063\",\"name\":\"NOTICIASMERCEDINAS.COM\",\"image\":{\"@type\":\"ImageObject\",\"inLanguage\":\"es\",\"@id\":\"https:\\\/\\\/secure.gravatar.com\\\/avatar\\\/4dfbf16b4d17945bfb6341b2d19043457132fcf478a5ee04f42e959fd8f5df0a?s=96&d=mm&r=g\",\"url\":\"https:\\\/\\\/secure.gravatar.com\\\/avatar\\\/4dfbf16b4d17945bfb6341b2d19043457132fcf478a5ee04f42e959fd8f5df0a?s=96&d=mm&r=g\",\"contentUrl\":\"https:\\\/\\\/secure.gravatar.com\\\/avatar\\\/4dfbf16b4d17945bfb6341b2d19043457132fcf478a5ee04f42e959fd8f5df0a?s=96&d=mm&r=g\",\"caption\":\"NOTICIASMERCEDINAS.COM\"},\"url\":\"https:\\\/\\\/noticiasmercedinas.com\\\/site\\\/author\\\/anonimo\\\/\"}]}<\/script>\n<!-- \/ Yoast SEO plugin. -->","yoast_head_json":{"title":"Selva marc\u00f3 la necesidad de que den qu\u00f3rum y plante\u00f3 que Juntos hace \u201cabuso de autoridad\u201d","robots":{"index":"index","follow":"follow","max-snippet":"max-snippet:-1","max-image-preview":"max-image-preview:large","max-video-preview":"max-video-preview:-1"},"canonical":"https:\/\/noticiasmercedinas.com\/site\/2023\/02\/01\/selva-marco-la-necesidad-de-que-den-quorum-y-planteo-que-juntos-hace-abuso-de-autoridad\/","og_locale":"es_ES","og_type":"article","og_title":"Selva marc\u00f3 la necesidad de que den qu\u00f3rum y plante\u00f3 que Juntos hace \u201cabuso de autoridad\u201d","og_description":"\u25a0 Adem\u00e1s el diputado nacional ponder\u00f3 \u201clas medidas que viene tomando el ministro Sergio Massa\u201d. \u201cLas corporaciones medi\u00e1ticas en vez de mostrar estos esfuerzos ponen el foco en otras cosas\u201d, dijo.","og_url":"https:\/\/noticiasmercedinas.com\/site\/2023\/02\/01\/selva-marco-la-necesidad-de-que-den-quorum-y-planteo-que-juntos-hace-abuso-de-autoridad\/","og_site_name":"NOTICIASMERCEDINAS.COM","article_publisher":"https:\/\/www.facebook.com\/noticiasmercedinas\/","article_published_time":"2023-02-01T14:35:59+00:00","article_modified_time":"2023-02-01T14:36:31+00:00","og_image":[{"width":640,"height":404,"url":"https:\/\/noticiasmercedinas.com\/site\/wp-content\/uploads\/2023\/02\/carlos_selva.jpg","type":"image\/jpeg"}],"author":"NOTICIASMERCEDINAS.COM","twitter_card":"summary_large_image","twitter_creator":"@notmercedinas","twitter_site":"@notmercedinas","twitter_misc":{"Escrito por":"NOTICIASMERCEDINAS.COM","Tiempo de lectura":"1 minuto"},"schema":{"@context":"https:\/\/schema.org","@graph":[{"@type":"Article","@id":"https:\/\/noticiasmercedinas.com\/site\/2023\/02\/01\/selva-marco-la-necesidad-de-que-den-quorum-y-planteo-que-juntos-hace-abuso-de-autoridad\/#article","isPartOf":{"@id":"https:\/\/noticiasmercedinas.com\/site\/2023\/02\/01\/selva-marco-la-necesidad-de-que-den-quorum-y-planteo-que-juntos-hace-abuso-de-autoridad\/"},"author":{"name":"NOTICIASMERCEDINAS.COM","@id":"https:\/\/noticiasmercedinas.com\/site\/#\/schema\/person\/84b59c099c28ff2e8b77d4ceec5d8063"},"headline":"Selva marc\u00f3 la necesidad de que den qu\u00f3rum y plante\u00f3 que Juntos hace \u201cabuso de autoridad\u201d","datePublished":"2023-02-01T14:35:59+00:00","dateModified":"2023-02-01T14:36:31+00:00","mainEntityOfPage":{"@id":"https:\/\/noticiasmercedinas.com\/site\/2023\/02\/01\/selva-marco-la-necesidad-de-que-den-quorum-y-planteo-que-juntos-hace-abuso-de-autoridad\/"},"wordCount":201,"commentCount":1,"publisher":{"@id":"https:\/\/noticiasmercedinas.com\/site\/#organization"},"image":{"@id":"https:\/\/noticiasmercedinas.com\/site\/2023\/02\/01\/selva-marco-la-necesidad-de-que-den-quorum-y-planteo-que-juntos-hace-abuso-de-autoridad\/#primaryimage"},"thumbnailUrl":"https:\/\/noticiasmercedinas.com\/site\/wp-content\/uploads\/2023\/02\/carlos_selva.jpg","keywords":["carloss elva","dipuados","Frente de Todos","quorum"],"articleSection":["Politica"],"inLanguage":"es","potentialAction":[{"@type":"CommentAction","name":"Comment","target":["https:\/\/noticiasmercedinas.com\/site\/2023\/02\/01\/selva-marco-la-necesidad-de-que-den-quorum-y-planteo-que-juntos-hace-abuso-de-autoridad\/#respond"]}]},{"@type":"WebPage","@id":"https:\/\/noticiasmercedinas.com\/site\/2023\/02\/01\/selva-marco-la-necesidad-de-que-den-quorum-y-planteo-que-juntos-hace-abuso-de-autoridad\/","url":"https:\/\/noticiasmercedinas.com\/site\/2023\/02\/01\/selva-marco-la-necesidad-de-que-den-quorum-y-planteo-que-juntos-hace-abuso-de-autoridad\/","name":"Selva marc\u00f3 la necesidad de que den qu\u00f3rum y plante\u00f3 que Juntos hace \u201cabuso de autoridad\u201d","isPartOf":{"@id":"https:\/\/noticiasmercedinas.com\/site\/#website"},"primaryImageOfPage":{"@id":"https:\/\/noticiasmercedinas.com\/site\/2023\/02\/01\/selva-marco-la-necesidad-de-que-den-quorum-y-planteo-que-juntos-hace-abuso-de-autoridad\/#primaryimage"},"image":{"@id":"https:\/\/noticiasmercedinas.com\/site\/2023\/02\/01\/selva-marco-la-necesidad-de-que-den-quorum-y-planteo-que-juntos-hace-abuso-de-autoridad\/#primaryimage"},"thumbnailUrl":"https:\/\/noticiasmercedinas.com\/site\/wp-content\/uploads\/2023\/02\/carlos_selva.jpg","datePublished":"2023-02-01T14:35:59+00:00","dateModified":"2023-02-01T14:36:31+00:00","breadcrumb":{"@id":"https:\/\/noticiasmercedinas.com\/site\/2023\/02\/01\/selva-marco-la-necesidad-de-que-den-quorum-y-planteo-que-juntos-hace-abuso-de-autoridad\/#breadcrumb"},"inLanguage":"es","potentialAction":[{"@type":"ReadAction","target":["https:\/\/noticiasmercedinas.com\/site\/2023\/02\/01\/selva-marco-la-necesidad-de-que-den-quorum-y-planteo-que-juntos-hace-abuso-de-autoridad\/"]}]},{"@type":"ImageObject","inLanguage":"es","@id":"https:\/\/noticiasmercedinas.com\/site\/2023\/02\/01\/selva-marco-la-necesidad-de-que-den-quorum-y-planteo-que-juntos-hace-abuso-de-autoridad\/#primaryimage","url":"https:\/\/noticiasmercedinas.com\/site\/wp-content\/uploads\/2023\/02\/carlos_selva.jpg","contentUrl":"https:\/\/noticiasmercedinas.com\/site\/wp-content\/uploads\/2023\/02\/carlos_selva.jpg","width":640,"height":404},{"@type":"BreadcrumbList","@id":"https:\/\/noticiasmercedinas.com\/site\/2023\/02\/01\/selva-marco-la-necesidad-de-que-den-quorum-y-planteo-que-juntos-hace-abuso-de-autoridad\/#breadcrumb","itemListElement":[{"@type":"ListItem","position":1,"name":"Portada","item":"https:\/\/noticiasmercedinas.com\/site\/"},{"@type":"ListItem","position":2,"name":"Selva marc\u00f3 la necesidad de que den qu\u00f3rum y plante\u00f3 que Juntos hace \u201cabuso de autoridad\u201d"}]},{"@type":"WebSite","@id":"https:\/\/noticiasmercedinas.com\/site\/#website","url":"https:\/\/noticiasmercedinas.com\/site\/","name":"NOTICIASMERCEDINAS.COM","description":"Mercedes, Buenos Aires, Argentina","publisher":{"@id":"https:\/\/noticiasmercedinas.com\/site\/#organization"},"potentialAction":[{"@type":"SearchAction","target":{"@type":"EntryPoint","urlTemplate":"https:\/\/noticiasmercedinas.com\/site\/?s={search_term_string}"},"query-input":{"@type":"PropertyValueSpecification","valueRequired":true,"valueName":"search_term_string"}}],"inLanguage":"es"},{"@type":"Organization","@id":"https:\/\/noticiasmercedinas.com\/site\/#organization","name":"NOTICIASMERCEDINAS.COM","url":"https:\/\/noticiasmercedinas.com\/site\/","logo":{"@type":"ImageObject","inLanguage":"es","@id":"https:\/\/noticiasmercedinas.com\/site\/#\/schema\/logo\/image\/","url":"https:\/\/noticiasmercedinas.com\/site\/wp-content\/uploads\/2020\/06\/LOGO-512.jpg","contentUrl":"https:\/\/noticiasmercedinas.com\/site\/wp-content\/uploads\/2020\/06\/LOGO-512.jpg","width":512,"height":512,"caption":"NOTICIASMERCEDINAS.COM"},"image":{"@id":"https:\/\/noticiasmercedinas.com\/site\/#\/schema\/logo\/image\/"},"sameAs":["https:\/\/www.facebook.com\/noticiasmercedinas\/","https:\/\/x.com\/notmercedinas","https:\/\/www.instagram.com\/noticiasmercedinas\/"]},{"@type":"Person","@id":"https:\/\/noticiasmercedinas.com\/site\/#\/schema\/person\/84b59c099c28ff2e8b77d4ceec5d8063","name":"NOTICIASMERCEDINAS.COM","image":{"@type":"ImageObject","inLanguage":"es","@id":"https:\/\/secure.gravatar.com\/avatar\/4dfbf16b4d17945bfb6341b2d19043457132fcf478a5ee04f42e959fd8f5df0a?s=96&d=mm&r=g","url":"https:\/\/secure.gravatar.com\/avatar\/4dfbf16b4d17945bfb6341b2d19043457132fcf478a5ee04f42e959fd8f5df0a?s=96&d=mm&r=g","contentUrl":"https:\/\/secure.gravatar.com\/avatar\/4dfbf16b4d17945bfb6341b2d19043457132fcf478a5ee04f42e959fd8f5df0a?s=96&d=mm&r=g","caption":"NOTICIASMERCEDINAS.COM"},"url":"https:\/\/noticiasmercedinas.com\/site\/author\/anonimo\/"}]}},"amp_enabled":true,"_links":{"self":[{"href":"https:\/\/noticiasmercedinas.com\/site\/wp-json\/wp\/v2\/posts\/108474","targetHints":{"allow":["GET"]}}],"collection":[{"href":"https:\/\/noticiasmercedinas.com\/site\/wp-json\/wp\/v2\/posts"}],"about":[{"href":"https:\/\/noticiasmercedinas.com\/site\/wp-json\/wp\/v2\/types\/post"}],"author":[{"embeddable":true,"href":"https:\/\/noticiasmercedinas.com\/site\/wp-json\/wp\/v2\/users\/16"}],"replies":[{"embeddable":true,"href":"https:\/\/noticiasmercedinas.com\/site\/wp-json\/wp\/v2\/comments?post=108474"}],"version-history":[{"count":2,"href":"https:\/\/noticiasmercedinas.com\/site\/wp-json\/wp\/v2\/posts\/108474\/revisions"}],"predecessor-version":[{"id":108477,"href":"https:\/\/noticiasmercedinas.com\/site\/wp-json\/wp\/v2\/posts\/108474\/revisions\/108477"}],"wp:featuredmedia":[{"embeddable":true,"href":"https:\/\/noticiasmercedinas.com\/site\/wp-json\/wp\/v2\/media\/108475"}],"wp:attachment":[{"href":"https:\/\/noticiasmercedinas.com\/site\/wp-json\/wp\/v2\/media?parent=108474"}],"wp:term":[{"taxonomy":"category","embeddable":true,"href":"https:\/\/noticiasmercedinas.com\/site\/wp-json\/wp\/v2\/categories?post=108474"},{"taxonomy":"post_tag","embeddable":true,"href":"https:\/\/noticiasmercedinas.com\/site\/wp-json\/wp\/v2\/tags?post=108474"}],"curies":[{"name":"wp","href":"https:\/\/api.w.org\/{rel}","templated":true}]}}