{"id":108707,"date":"2023-02-05T14:02:55","date_gmt":"2023-02-05T17:02:55","guid":{"rendered":"https:\/\/noticiasmercedinas.com\/site\/?p=108707"},"modified":"2023-02-07T23:12:55","modified_gmt":"2023-02-08T02:12:55","slug":"obra-de-autopista-carlos-mosso-pide-que-le-avise-quien-vea-una-maquina-en-ruta-5","status":"publish","type":"post","link":"https:\/\/noticiasmercedinas.com\/site\/2023\/02\/05\/obra-de-autopista-carlos-mosso-pide-que-le-avise-quien-vea-una-maquina-en-ruta-5\/","title":{"rendered":"Obra de autopista: Carlos Mosso pide que le avise quien vea una m\u00e1quina en ruta 5"},"content":{"rendered":"<p><img loading=\"lazy\" decoding=\"async\" class=\"alignnone size-full wp-image-13420\" src=\"https:\/\/noticiasmercedinas.com\/site\/wp-content\/uploads\/2019\/03\/carlos_mosso.jpg\" alt=\"\" width=\"640\" height=\"412\" srcset=\"https:\/\/noticiasmercedinas.com\/site\/wp-content\/uploads\/2019\/03\/carlos_mosso.jpg 640w, https:\/\/noticiasmercedinas.com\/site\/wp-content\/uploads\/2019\/03\/carlos_mosso-300x194.jpg 300w, https:\/\/noticiasmercedinas.com\/site\/wp-content\/uploads\/2019\/03\/carlos_mosso-341x220.jpg 341w\" sizes=\"auto, (max-width: 640px) 100vw, 640px\" \/><\/p>\n<p><strong>Carlos Mosso<\/strong>, concejal y candidato a intendente de Mercedes por el PRO en Juntos por el Cambio, y vecino desde siempre preocupado por las cuestiones viales, a trav\u00e9s de sus redes sociales pide a quienes vean una m\u00e1quina en el trazado de la ruta 5 que \u00able avisen\u00bb.<\/p>\n<p>De esta manera se expres\u00f3 entre cr\u00edtico e ir\u00f3nico tras el reciente anuncio de inicio de obras en 20 km de doble mano entre Mercedes y Suipacha.<\/p>\n<p>En este sentido, adem\u00e1s, Mosso cuestion\u00f3 al administrador de Vialidad Nacional, Arrieta, que en la oportunidad del acto de inicio de obras dijo que los trabajos se demoraron por su complejidad. \u00abSi es complejo hacer 20 kil\u00f3metros en l\u00ednea recta no est\u00e1 capacitado\u00bb, sugiri\u00f3.<\/p>\n<p>Adem\u00e1s remarc\u00f3 que tanto las expropiaciones de terreno, c\u00f3mo el nivelado c\u00f3mo el corrimiento del tendido el\u00e9ctrico en el trazado en cuesti\u00f3n se hizo durante la gesti\u00f3n anterior.<\/p>\n<p>Estos y otros puntos\u00a0<a href=\"https:\/\/www.instagram.com\/reel\/CoSIdlIOnDY\/?igshid=OGQ2MjdiOTE=\" target=\"_blank\" rel=\"noopener noreferrer\" data-auth=\"NotApplicable\" data-linkindex=\"2\">objet\u00f3 en un video que puede verse en sus redes<\/a>. Y se mostr\u00f3 seguro de que \u00abla obra no existe\u00bb.<\/p>\n<blockquote class=\"instagram-media\" style=\"background: #FFF; border: 0; border-radius: 3px; box-shadow: 0 0 1px 0 rgba(0,0,0,0.5),0 1px 10px 0 rgba(0,0,0,0.15); margin: 1px; max-width: 640px; min-width: 326px; padding: 0; width: calc(100% - 2px);\" data-instgrm-permalink=\"https:\/\/www.instagram.com\/reel\/CoSIdlIOnDY\/?utm_source=ig_embed&amp;utm_campaign=loading\" data-instgrm-version=\"14\">\n<div style=\"padding: 16px;\">\n<p>&nbsp;<\/p>\n<div style=\"display: flex; flex-direction: row; align-items: center;\">\n<div style=\"background-color: #f4f4f4; border-radius: 50%; flex-grow: 0; height: 40px; margin-right: 14px; width: 40px;\"><\/div>\n<div style=\"display: flex; flex-direction: column; flex-grow: 1; justify-content: center;\">\n<div style=\"background-color: #f4f4f4; border-radius: 4px; flex-grow: 0; height: 14px; margin-bottom: 6px; width: 100px;\"><\/div>\n<div style=\"background-color: #f4f4f4; border-radius: 4px; flex-grow: 0; height: 14px; width: 60px;\"><\/div>\n<\/div>\n<\/div>\n<div style=\"padding: 19% 0;\"><\/div>\n<div style=\"display: block; height: 50px; margin: 0 auto 12px; width: 50px;\"><\/div>\n<div style=\"padding-top: 8px;\">\n<div style=\"color: #3897f0; font-family: Arial,sans-serif; font-size: 14px; font-style: normal; font-weight: 550; line-height: 18px;\">Ver esta publicaci\u00f3n en Instagram<\/div>\n<\/div>\n<div style=\"padding: 12.5% 0;\"><\/div>\n<div style=\"display: flex; flex-direction: row; margin-bottom: 14px; align-items: center;\">\n<div>\n<div style=\"background-color: #f4f4f4; border-radius: 50%; height: 12.5px; width: 12.5px; transform: translateX(0px) translateY(7px);\"><\/div>\n<div style=\"background-color: #f4f4f4; height: 12.5px; transform: rotate(-45deg) translateX(3px) translateY(1px); width: 12.5px; flex-grow: 0; margin-right: 14px; margin-left: 2px;\"><\/div>\n<div style=\"background-color: #f4f4f4; border-radius: 50%; height: 12.5px; width: 12.5px; transform: translateX(9px) translateY(-18px);\"><\/div>\n<\/div>\n<div style=\"margin-left: 8px;\">\n<div style=\"background-color: #f4f4f4; border-radius: 50%; flex-grow: 0; height: 20px; width: 20px;\"><\/div>\n<div style=\"width: 0; height: 0; border-top: 2px solid transparent; border-left: 6px solid #f4f4f4; border-bottom: 2px solid transparent; transform: translateX(16px) translateY(-4px) rotate(30deg);\"><\/div>\n<\/div>\n<div style=\"margin-left: auto;\">\n<div style=\"width: 0px; border-top: 8px solid #F4F4F4; border-right: 8px solid transparent; transform: translateY(16px);\"><\/div>\n<div style=\"background-color: #f4f4f4; flex-grow: 0; height: 12px; width: 16px; transform: translateY(-4px);\"><\/div>\n<div style=\"width: 0; height: 0; border-top: 8px solid #F4F4F4; border-left: 8px solid transparent; transform: translateY(-4px) translateX(8px);\"><\/div>\n<\/div>\n<\/div>\n<div style=\"display: flex; flex-direction: column; flex-grow: 1; justify-content: center; margin-bottom: 24px;\">\n<div style=\"background-color: #f4f4f4; border-radius: 4px; flex-grow: 0; height: 14px; margin-bottom: 6px; width: 224px;\"><\/div>\n<div style=\"background-color: #f4f4f4; border-radius: 4px; flex-grow: 0; height: 14px; width: 144px;\"><\/div>\n<\/div>\n<p>&nbsp;<\/p>\n<p style=\"color: #c9c8cd; font-family: Arial,sans-serif; font-size: 14px; line-height: 17px; margin-bottom: 0; margin-top: 8px; overflow: hidden; padding: 8px 0 7px; text-align: center; text-overflow: ellipsis; white-space: nowrap;\"><a style=\"color: #c9c8cd; font-family: Arial,sans-serif; font-size: 14px; font-style: normal; font-weight: normal; line-height: 17px; text-decoration: none;\" href=\"https:\/\/www.instagram.com\/reel\/CoSIdlIOnDY\/?utm_source=ig_embed&amp;utm_campaign=loading\" target=\"_blank\" rel=\"noopener\">Una publicaci\u00f3n compartida por Carlos A. Mosso (@carlos.mosso_2023)<\/a><\/p>\n<\/div>\n<\/blockquote>\n<p><script async src=\"\/\/www.instagram.com\/embed.js\"><\/script><\/p>\n<p>\u00abAnunciaron el comienzo de los 20 kil\u00f3metros de Autopista entre Mercedes y Suipacha. Terminaron de hacer videitos para sus redes sociales y se fueron todos, no qued\u00f3 nadie. Y 14 d\u00edas despu\u00e9s, todo sigue desierto\u00bb, indic\u00f3 Mosso. \u00abIncluso en el obrador que est\u00e1 en Suipacha, carece de empleados\u00bb, agreg\u00f3.<\/p>\n<p>\u00abNo es un dato menor, que lo m\u00e1s complejo, lerdo pero necesario, lo hizo Javier Iguacel como Administrador de Vialidad Nacional: Proyectos, Licitaciones, Adjudicaciones, acuerdo con frentistas y mucho m\u00e1s&#8230;. El actual Gobierno dice que no hab\u00eda nada y adem\u00e1s desestimaron las PPP, que si dejaban todo como estaba, en el 2024 la Autopista ten\u00eda que inaugurarse hasta Bragado\u00bb, complet\u00f3.<\/p>\n","protected":false},"excerpt":{"rendered":"<p>\u25a0 \u00abAnunciaron el comienzo de los 20 kil\u00f3metros de Autopista entre Mercedes y Suipacha. Terminaron de hacer videitos para sus redes sociales y se fueron todos, no qued\u00f3 nadie. Y 14 d\u00edas despu\u00e9s, todo sigue desierto\u00bb, indic\u00f3.<\/p>\n","protected":false},"author":16,"featured_media":13420,"comment_status":"open","ping_status":"open","sticky":false,"template":"","format":"standard","meta":{"footnotes":""},"categories":[16],"tags":[1314,668,14662,12447],"class_list":["post-108707","post","type-post","status-publish","format-standard","has-post-thumbnail","hentry","category-politica","tag-autopista-5","tag-carlos-mosso","tag-elecciones-2023","tag-juntos"],"yoast_head":"<!-- This site is optimized with the Yoast SEO plugin v27.4 - https:\/\/yoast.com\/product\/yoast-seo-wordpress\/ -->\n<title>Obra de autopista: Carlos Mosso pide que le avise quien vea una m\u00e1quina en ruta 5<\/title>\n<meta name=\"robots\" content=\"index, follow, max-snippet:-1, max-image-preview:large, max-video-preview:-1\" \/>\n<link rel=\"canonical\" href=\"https:\/\/noticiasmercedinas.com\/site\/2023\/02\/05\/obra-de-autopista-carlos-mosso-pide-que-le-avise-quien-vea-una-maquina-en-ruta-5\/\" \/>\n<meta property=\"og:locale\" content=\"es_ES\" \/>\n<meta property=\"og:type\" content=\"article\" \/>\n<meta property=\"og:title\" content=\"Obra de autopista: Carlos Mosso pide que le avise quien vea una m\u00e1quina en ruta 5\" \/>\n<meta property=\"og:description\" content=\"\u25a0 &quot;Anunciaron el comienzo de los 20 kil\u00f3metros de Autopista entre Mercedes y Suipacha. Terminaron de hacer videitos para sus redes sociales y se fueron todos, no qued\u00f3 nadie. Y 14 d\u00edas despu\u00e9s, todo sigue desierto&quot;, indic\u00f3.\" \/>\n<meta property=\"og:url\" content=\"https:\/\/noticiasmercedinas.com\/site\/2023\/02\/05\/obra-de-autopista-carlos-mosso-pide-que-le-avise-quien-vea-una-maquina-en-ruta-5\/\" \/>\n<meta property=\"og:site_name\" content=\"NOTICIASMERCEDINAS.COM\" \/>\n<meta property=\"article:publisher\" content=\"https:\/\/www.facebook.com\/noticiasmercedinas\/\" \/>\n<meta property=\"article:published_time\" content=\"2023-02-05T17:02:55+00:00\" \/>\n<meta property=\"article:modified_time\" content=\"2023-02-08T02:12:55+00:00\" \/>\n<meta property=\"og:image\" content=\"https:\/\/noticiasmercedinas.com\/site\/wp-content\/uploads\/2019\/03\/carlos_mosso.jpg\" \/>\n\t<meta property=\"og:image:width\" content=\"640\" \/>\n\t<meta property=\"og:image:height\" content=\"412\" \/>\n\t<meta property=\"og:image:type\" content=\"image\/jpeg\" \/>\n<meta name=\"author\" content=\"NOTICIASMERCEDINAS.COM\" \/>\n<meta name=\"twitter:card\" content=\"summary_large_image\" \/>\n<meta name=\"twitter:creator\" content=\"@notmercedinas\" \/>\n<meta name=\"twitter:site\" content=\"@notmercedinas\" \/>\n<meta name=\"twitter:label1\" content=\"Escrito por\" \/>\n\t<meta name=\"twitter:data1\" content=\"NOTICIASMERCEDINAS.COM\" \/>\n\t<meta name=\"twitter:label2\" content=\"Tiempo de lectura\" \/>\n\t<meta name=\"twitter:data2\" content=\"2 minutos\" \/>\n<script type=\"application\/ld+json\" class=\"yoast-schema-graph\">{\"@context\":\"https:\\\/\\\/schema.org\",\"@graph\":[{\"@type\":\"Article\",\"@id\":\"https:\\\/\\\/noticiasmercedinas.com\\\/site\\\/2023\\\/02\\\/05\\\/obra-de-autopista-carlos-mosso-pide-que-le-avise-quien-vea-una-maquina-en-ruta-5\\\/#article\",\"isPartOf\":{\"@id\":\"https:\\\/\\\/noticiasmercedinas.com\\\/site\\\/2023\\\/02\\\/05\\\/obra-de-autopista-carlos-mosso-pide-que-le-avise-quien-vea-una-maquina-en-ruta-5\\\/\"},\"author\":{\"name\":\"NOTICIASMERCEDINAS.COM\",\"@id\":\"https:\\\/\\\/noticiasmercedinas.com\\\/site\\\/#\\\/schema\\\/person\\\/84b59c099c28ff2e8b77d4ceec5d8063\"},\"headline\":\"Obra de autopista: Carlos Mosso pide que le avise quien vea una m\u00e1quina en ruta 5\",\"datePublished\":\"2023-02-05T17:02:55+00:00\",\"dateModified\":\"2023-02-08T02:12:55+00:00\",\"mainEntityOfPage\":{\"@id\":\"https:\\\/\\\/noticiasmercedinas.com\\\/site\\\/2023\\\/02\\\/05\\\/obra-de-autopista-carlos-mosso-pide-que-le-avise-quien-vea-una-maquina-en-ruta-5\\\/\"},\"wordCount\":329,\"commentCount\":0,\"publisher\":{\"@id\":\"https:\\\/\\\/noticiasmercedinas.com\\\/site\\\/#organization\"},\"image\":{\"@id\":\"https:\\\/\\\/noticiasmercedinas.com\\\/site\\\/2023\\\/02\\\/05\\\/obra-de-autopista-carlos-mosso-pide-que-le-avise-quien-vea-una-maquina-en-ruta-5\\\/#primaryimage\"},\"thumbnailUrl\":\"https:\\\/\\\/noticiasmercedinas.com\\\/site\\\/wp-content\\\/uploads\\\/2019\\\/03\\\/carlos_mosso.jpg\",\"keywords\":[\"autopista 5\",\"carlos mosso\",\"elecciones 2023\",\"Juntos\"],\"articleSection\":[\"Politica\"],\"inLanguage\":\"es\",\"potentialAction\":[{\"@type\":\"CommentAction\",\"name\":\"Comment\",\"target\":[\"https:\\\/\\\/noticiasmercedinas.com\\\/site\\\/2023\\\/02\\\/05\\\/obra-de-autopista-carlos-mosso-pide-que-le-avise-quien-vea-una-maquina-en-ruta-5\\\/#respond\"]}]},{\"@type\":\"WebPage\",\"@id\":\"https:\\\/\\\/noticiasmercedinas.com\\\/site\\\/2023\\\/02\\\/05\\\/obra-de-autopista-carlos-mosso-pide-que-le-avise-quien-vea-una-maquina-en-ruta-5\\\/\",\"url\":\"https:\\\/\\\/noticiasmercedinas.com\\\/site\\\/2023\\\/02\\\/05\\\/obra-de-autopista-carlos-mosso-pide-que-le-avise-quien-vea-una-maquina-en-ruta-5\\\/\",\"name\":\"Obra de autopista: Carlos Mosso pide que le avise quien vea una m\u00e1quina en ruta 5\",\"isPartOf\":{\"@id\":\"https:\\\/\\\/noticiasmercedinas.com\\\/site\\\/#website\"},\"primaryImageOfPage\":{\"@id\":\"https:\\\/\\\/noticiasmercedinas.com\\\/site\\\/2023\\\/02\\\/05\\\/obra-de-autopista-carlos-mosso-pide-que-le-avise-quien-vea-una-maquina-en-ruta-5\\\/#primaryimage\"},\"image\":{\"@id\":\"https:\\\/\\\/noticiasmercedinas.com\\\/site\\\/2023\\\/02\\\/05\\\/obra-de-autopista-carlos-mosso-pide-que-le-avise-quien-vea-una-maquina-en-ruta-5\\\/#primaryimage\"},\"thumbnailUrl\":\"https:\\\/\\\/noticiasmercedinas.com\\\/site\\\/wp-content\\\/uploads\\\/2019\\\/03\\\/carlos_mosso.jpg\",\"datePublished\":\"2023-02-05T17:02:55+00:00\",\"dateModified\":\"2023-02-08T02:12:55+00:00\",\"breadcrumb\":{\"@id\":\"https:\\\/\\\/noticiasmercedinas.com\\\/site\\\/2023\\\/02\\\/05\\\/obra-de-autopista-carlos-mosso-pide-que-le-avise-quien-vea-una-maquina-en-ruta-5\\\/#breadcrumb\"},\"inLanguage\":\"es\",\"potentialAction\":[{\"@type\":\"ReadAction\",\"target\":[\"https:\\\/\\\/noticiasmercedinas.com\\\/site\\\/2023\\\/02\\\/05\\\/obra-de-autopista-carlos-mosso-pide-que-le-avise-quien-vea-una-maquina-en-ruta-5\\\/\"]}]},{\"@type\":\"ImageObject\",\"inLanguage\":\"es\",\"@id\":\"https:\\\/\\\/noticiasmercedinas.com\\\/site\\\/2023\\\/02\\\/05\\\/obra-de-autopista-carlos-mosso-pide-que-le-avise-quien-vea-una-maquina-en-ruta-5\\\/#primaryimage\",\"url\":\"https:\\\/\\\/noticiasmercedinas.com\\\/site\\\/wp-content\\\/uploads\\\/2019\\\/03\\\/carlos_mosso.jpg\",\"contentUrl\":\"https:\\\/\\\/noticiasmercedinas.com\\\/site\\\/wp-content\\\/uploads\\\/2019\\\/03\\\/carlos_mosso.jpg\",\"width\":640,\"height\":412},{\"@type\":\"BreadcrumbList\",\"@id\":\"https:\\\/\\\/noticiasmercedinas.com\\\/site\\\/2023\\\/02\\\/05\\\/obra-de-autopista-carlos-mosso-pide-que-le-avise-quien-vea-una-maquina-en-ruta-5\\\/#breadcrumb\",\"itemListElement\":[{\"@type\":\"ListItem\",\"position\":1,\"name\":\"Portada\",\"item\":\"https:\\\/\\\/noticiasmercedinas.com\\\/site\\\/\"},{\"@type\":\"ListItem\",\"position\":2,\"name\":\"Obra de autopista: Carlos Mosso pide que le avise quien vea una m\u00e1quina en ruta 5\"}]},{\"@type\":\"WebSite\",\"@id\":\"https:\\\/\\\/noticiasmercedinas.com\\\/site\\\/#website\",\"url\":\"https:\\\/\\\/noticiasmercedinas.com\\\/site\\\/\",\"name\":\"NOTICIASMERCEDINAS.COM\",\"description\":\"Mercedes, Buenos Aires, Argentina\",\"publisher\":{\"@id\":\"https:\\\/\\\/noticiasmercedinas.com\\\/site\\\/#organization\"},\"potentialAction\":[{\"@type\":\"SearchAction\",\"target\":{\"@type\":\"EntryPoint\",\"urlTemplate\":\"https:\\\/\\\/noticiasmercedinas.com\\\/site\\\/?s={search_term_string}\"},\"query-input\":{\"@type\":\"PropertyValueSpecification\",\"valueRequired\":true,\"valueName\":\"search_term_string\"}}],\"inLanguage\":\"es\"},{\"@type\":\"Organization\",\"@id\":\"https:\\\/\\\/noticiasmercedinas.com\\\/site\\\/#organization\",\"name\":\"NOTICIASMERCEDINAS.COM\",\"url\":\"https:\\\/\\\/noticiasmercedinas.com\\\/site\\\/\",\"logo\":{\"@type\":\"ImageObject\",\"inLanguage\":\"es\",\"@id\":\"https:\\\/\\\/noticiasmercedinas.com\\\/site\\\/#\\\/schema\\\/logo\\\/image\\\/\",\"url\":\"https:\\\/\\\/noticiasmercedinas.com\\\/site\\\/wp-content\\\/uploads\\\/2020\\\/06\\\/LOGO-512.jpg\",\"contentUrl\":\"https:\\\/\\\/noticiasmercedinas.com\\\/site\\\/wp-content\\\/uploads\\\/2020\\\/06\\\/LOGO-512.jpg\",\"width\":512,\"height\":512,\"caption\":\"NOTICIASMERCEDINAS.COM\"},\"image\":{\"@id\":\"https:\\\/\\\/noticiasmercedinas.com\\\/site\\\/#\\\/schema\\\/logo\\\/image\\\/\"},\"sameAs\":[\"https:\\\/\\\/www.facebook.com\\\/noticiasmercedinas\\\/\",\"https:\\\/\\\/x.com\\\/notmercedinas\",\"https:\\\/\\\/www.instagram.com\\\/noticiasmercedinas\\\/\"]},{\"@type\":\"Person\",\"@id\":\"https:\\\/\\\/noticiasmercedinas.com\\\/site\\\/#\\\/schema\\\/person\\\/84b59c099c28ff2e8b77d4ceec5d8063\",\"name\":\"NOTICIASMERCEDINAS.COM\",\"image\":{\"@type\":\"ImageObject\",\"inLanguage\":\"es\",\"@id\":\"https:\\\/\\\/secure.gravatar.com\\\/avatar\\\/4dfbf16b4d17945bfb6341b2d19043457132fcf478a5ee04f42e959fd8f5df0a?s=96&d=mm&r=g\",\"url\":\"https:\\\/\\\/secure.gravatar.com\\\/avatar\\\/4dfbf16b4d17945bfb6341b2d19043457132fcf478a5ee04f42e959fd8f5df0a?s=96&d=mm&r=g\",\"contentUrl\":\"https:\\\/\\\/secure.gravatar.com\\\/avatar\\\/4dfbf16b4d17945bfb6341b2d19043457132fcf478a5ee04f42e959fd8f5df0a?s=96&d=mm&r=g\",\"caption\":\"NOTICIASMERCEDINAS.COM\"},\"url\":\"https:\\\/\\\/noticiasmercedinas.com\\\/site\\\/author\\\/anonimo\\\/\"}]}<\/script>\n<!-- \/ Yoast SEO plugin. -->","yoast_head_json":{"title":"Obra de autopista: Carlos Mosso pide que le avise quien vea una m\u00e1quina en ruta 5","robots":{"index":"index","follow":"follow","max-snippet":"max-snippet:-1","max-image-preview":"max-image-preview:large","max-video-preview":"max-video-preview:-1"},"canonical":"https:\/\/noticiasmercedinas.com\/site\/2023\/02\/05\/obra-de-autopista-carlos-mosso-pide-que-le-avise-quien-vea-una-maquina-en-ruta-5\/","og_locale":"es_ES","og_type":"article","og_title":"Obra de autopista: Carlos Mosso pide que le avise quien vea una m\u00e1quina en ruta 5","og_description":"\u25a0 \"Anunciaron el comienzo de los 20 kil\u00f3metros de Autopista entre Mercedes y Suipacha. Terminaron de hacer videitos para sus redes sociales y se fueron todos, no qued\u00f3 nadie. Y 14 d\u00edas despu\u00e9s, todo sigue desierto\", indic\u00f3.","og_url":"https:\/\/noticiasmercedinas.com\/site\/2023\/02\/05\/obra-de-autopista-carlos-mosso-pide-que-le-avise-quien-vea-una-maquina-en-ruta-5\/","og_site_name":"NOTICIASMERCEDINAS.COM","article_publisher":"https:\/\/www.facebook.com\/noticiasmercedinas\/","article_published_time":"2023-02-05T17:02:55+00:00","article_modified_time":"2023-02-08T02:12:55+00:00","og_image":[{"width":640,"height":412,"url":"https:\/\/noticiasmercedinas.com\/site\/wp-content\/uploads\/2019\/03\/carlos_mosso.jpg","type":"image\/jpeg"}],"author":"NOTICIASMERCEDINAS.COM","twitter_card":"summary_large_image","twitter_creator":"@notmercedinas","twitter_site":"@notmercedinas","twitter_misc":{"Escrito por":"NOTICIASMERCEDINAS.COM","Tiempo de lectura":"2 minutos"},"schema":{"@context":"https:\/\/schema.org","@graph":[{"@type":"Article","@id":"https:\/\/noticiasmercedinas.com\/site\/2023\/02\/05\/obra-de-autopista-carlos-mosso-pide-que-le-avise-quien-vea-una-maquina-en-ruta-5\/#article","isPartOf":{"@id":"https:\/\/noticiasmercedinas.com\/site\/2023\/02\/05\/obra-de-autopista-carlos-mosso-pide-que-le-avise-quien-vea-una-maquina-en-ruta-5\/"},"author":{"name":"NOTICIASMERCEDINAS.COM","@id":"https:\/\/noticiasmercedinas.com\/site\/#\/schema\/person\/84b59c099c28ff2e8b77d4ceec5d8063"},"headline":"Obra de autopista: Carlos Mosso pide que le avise quien vea una m\u00e1quina en ruta 5","datePublished":"2023-02-05T17:02:55+00:00","dateModified":"2023-02-08T02:12:55+00:00","mainEntityOfPage":{"@id":"https:\/\/noticiasmercedinas.com\/site\/2023\/02\/05\/obra-de-autopista-carlos-mosso-pide-que-le-avise-quien-vea-una-maquina-en-ruta-5\/"},"wordCount":329,"commentCount":0,"publisher":{"@id":"https:\/\/noticiasmercedinas.com\/site\/#organization"},"image":{"@id":"https:\/\/noticiasmercedinas.com\/site\/2023\/02\/05\/obra-de-autopista-carlos-mosso-pide-que-le-avise-quien-vea-una-maquina-en-ruta-5\/#primaryimage"},"thumbnailUrl":"https:\/\/noticiasmercedinas.com\/site\/wp-content\/uploads\/2019\/03\/carlos_mosso.jpg","keywords":["autopista 5","carlos mosso","elecciones 2023","Juntos"],"articleSection":["Politica"],"inLanguage":"es","potentialAction":[{"@type":"CommentAction","name":"Comment","target":["https:\/\/noticiasmercedinas.com\/site\/2023\/02\/05\/obra-de-autopista-carlos-mosso-pide-que-le-avise-quien-vea-una-maquina-en-ruta-5\/#respond"]}]},{"@type":"WebPage","@id":"https:\/\/noticiasmercedinas.com\/site\/2023\/02\/05\/obra-de-autopista-carlos-mosso-pide-que-le-avise-quien-vea-una-maquina-en-ruta-5\/","url":"https:\/\/noticiasmercedinas.com\/site\/2023\/02\/05\/obra-de-autopista-carlos-mosso-pide-que-le-avise-quien-vea-una-maquina-en-ruta-5\/","name":"Obra de autopista: Carlos Mosso pide que le avise quien vea una m\u00e1quina en ruta 5","isPartOf":{"@id":"https:\/\/noticiasmercedinas.com\/site\/#website"},"primaryImageOfPage":{"@id":"https:\/\/noticiasmercedinas.com\/site\/2023\/02\/05\/obra-de-autopista-carlos-mosso-pide-que-le-avise-quien-vea-una-maquina-en-ruta-5\/#primaryimage"},"image":{"@id":"https:\/\/noticiasmercedinas.com\/site\/2023\/02\/05\/obra-de-autopista-carlos-mosso-pide-que-le-avise-quien-vea-una-maquina-en-ruta-5\/#primaryimage"},"thumbnailUrl":"https:\/\/noticiasmercedinas.com\/site\/wp-content\/uploads\/2019\/03\/carlos_mosso.jpg","datePublished":"2023-02-05T17:02:55+00:00","dateModified":"2023-02-08T02:12:55+00:00","breadcrumb":{"@id":"https:\/\/noticiasmercedinas.com\/site\/2023\/02\/05\/obra-de-autopista-carlos-mosso-pide-que-le-avise-quien-vea-una-maquina-en-ruta-5\/#breadcrumb"},"inLanguage":"es","potentialAction":[{"@type":"ReadAction","target":["https:\/\/noticiasmercedinas.com\/site\/2023\/02\/05\/obra-de-autopista-carlos-mosso-pide-que-le-avise-quien-vea-una-maquina-en-ruta-5\/"]}]},{"@type":"ImageObject","inLanguage":"es","@id":"https:\/\/noticiasmercedinas.com\/site\/2023\/02\/05\/obra-de-autopista-carlos-mosso-pide-que-le-avise-quien-vea-una-maquina-en-ruta-5\/#primaryimage","url":"https:\/\/noticiasmercedinas.com\/site\/wp-content\/uploads\/2019\/03\/carlos_mosso.jpg","contentUrl":"https:\/\/noticiasmercedinas.com\/site\/wp-content\/uploads\/2019\/03\/carlos_mosso.jpg","width":640,"height":412},{"@type":"BreadcrumbList","@id":"https:\/\/noticiasmercedinas.com\/site\/2023\/02\/05\/obra-de-autopista-carlos-mosso-pide-que-le-avise-quien-vea-una-maquina-en-ruta-5\/#breadcrumb","itemListElement":[{"@type":"ListItem","position":1,"name":"Portada","item":"https:\/\/noticiasmercedinas.com\/site\/"},{"@type":"ListItem","position":2,"name":"Obra de autopista: Carlos Mosso pide que le avise quien vea una m\u00e1quina en ruta 5"}]},{"@type":"WebSite","@id":"https:\/\/noticiasmercedinas.com\/site\/#website","url":"https:\/\/noticiasmercedinas.com\/site\/","name":"NOTICIASMERCEDINAS.COM","description":"Mercedes, Buenos Aires, Argentina","publisher":{"@id":"https:\/\/noticiasmercedinas.com\/site\/#organization"},"potentialAction":[{"@type":"SearchAction","target":{"@type":"EntryPoint","urlTemplate":"https:\/\/noticiasmercedinas.com\/site\/?s={search_term_string}"},"query-input":{"@type":"PropertyValueSpecification","valueRequired":true,"valueName":"search_term_string"}}],"inLanguage":"es"},{"@type":"Organization","@id":"https:\/\/noticiasmercedinas.com\/site\/#organization","name":"NOTICIASMERCEDINAS.COM","url":"https:\/\/noticiasmercedinas.com\/site\/","logo":{"@type":"ImageObject","inLanguage":"es","@id":"https:\/\/noticiasmercedinas.com\/site\/#\/schema\/logo\/image\/","url":"https:\/\/noticiasmercedinas.com\/site\/wp-content\/uploads\/2020\/06\/LOGO-512.jpg","contentUrl":"https:\/\/noticiasmercedinas.com\/site\/wp-content\/uploads\/2020\/06\/LOGO-512.jpg","width":512,"height":512,"caption":"NOTICIASMERCEDINAS.COM"},"image":{"@id":"https:\/\/noticiasmercedinas.com\/site\/#\/schema\/logo\/image\/"},"sameAs":["https:\/\/www.facebook.com\/noticiasmercedinas\/","https:\/\/x.com\/notmercedinas","https:\/\/www.instagram.com\/noticiasmercedinas\/"]},{"@type":"Person","@id":"https:\/\/noticiasmercedinas.com\/site\/#\/schema\/person\/84b59c099c28ff2e8b77d4ceec5d8063","name":"NOTICIASMERCEDINAS.COM","image":{"@type":"ImageObject","inLanguage":"es","@id":"https:\/\/secure.gravatar.com\/avatar\/4dfbf16b4d17945bfb6341b2d19043457132fcf478a5ee04f42e959fd8f5df0a?s=96&d=mm&r=g","url":"https:\/\/secure.gravatar.com\/avatar\/4dfbf16b4d17945bfb6341b2d19043457132fcf478a5ee04f42e959fd8f5df0a?s=96&d=mm&r=g","contentUrl":"https:\/\/secure.gravatar.com\/avatar\/4dfbf16b4d17945bfb6341b2d19043457132fcf478a5ee04f42e959fd8f5df0a?s=96&d=mm&r=g","caption":"NOTICIASMERCEDINAS.COM"},"url":"https:\/\/noticiasmercedinas.com\/site\/author\/anonimo\/"}]}},"amp_enabled":true,"_links":{"self":[{"href":"https:\/\/noticiasmercedinas.com\/site\/wp-json\/wp\/v2\/posts\/108707","targetHints":{"allow":["GET"]}}],"collection":[{"href":"https:\/\/noticiasmercedinas.com\/site\/wp-json\/wp\/v2\/posts"}],"about":[{"href":"https:\/\/noticiasmercedinas.com\/site\/wp-json\/wp\/v2\/types\/post"}],"author":[{"embeddable":true,"href":"https:\/\/noticiasmercedinas.com\/site\/wp-json\/wp\/v2\/users\/16"}],"replies":[{"embeddable":true,"href":"https:\/\/noticiasmercedinas.com\/site\/wp-json\/wp\/v2\/comments?post=108707"}],"version-history":[{"count":2,"href":"https:\/\/noticiasmercedinas.com\/site\/wp-json\/wp\/v2\/posts\/108707\/revisions"}],"predecessor-version":[{"id":108709,"href":"https:\/\/noticiasmercedinas.com\/site\/wp-json\/wp\/v2\/posts\/108707\/revisions\/108709"}],"wp:featuredmedia":[{"embeddable":true,"href":"https:\/\/noticiasmercedinas.com\/site\/wp-json\/wp\/v2\/media\/13420"}],"wp:attachment":[{"href":"https:\/\/noticiasmercedinas.com\/site\/wp-json\/wp\/v2\/media?parent=108707"}],"wp:term":[{"taxonomy":"category","embeddable":true,"href":"https:\/\/noticiasmercedinas.com\/site\/wp-json\/wp\/v2\/categories?post=108707"},{"taxonomy":"post_tag","embeddable":true,"href":"https:\/\/noticiasmercedinas.com\/site\/wp-json\/wp\/v2\/tags?post=108707"}],"curies":[{"name":"wp","href":"https:\/\/api.w.org\/{rel}","templated":true}]}}