{"id":108883,"date":"2023-02-09T19:59:25","date_gmt":"2023-02-09T22:59:25","guid":{"rendered":"https:\/\/noticiasmercedinas.com\/site\/?p=108883"},"modified":"2023-02-09T19:59:25","modified_gmt":"2023-02-09T22:59:25","slug":"dos-entidades-educativas-de-la-ciudad-agradecen-apoyo-y-acompanamiento","status":"publish","type":"post","link":"https:\/\/noticiasmercedinas.com\/site\/2023\/02\/09\/dos-entidades-educativas-de-la-ciudad-agradecen-apoyo-y-acompanamiento\/","title":{"rendered":"Dos entidades educativas de la ciudad agradecen apoyo y acompa\u00f1amiento"},"content":{"rendered":"<p><img loading=\"lazy\" decoding=\"async\" class=\"alignnone size-large wp-image-108885\" src=\"https:\/\/noticiasmercedinas.com\/site\/wp-content\/uploads\/2023\/02\/328350742_671949901351271_1441461664321136705_n-1024x806.jpg\" alt=\"\" width=\"640\" height=\"504\" srcset=\"https:\/\/noticiasmercedinas.com\/site\/wp-content\/uploads\/2023\/02\/328350742_671949901351271_1441461664321136705_n-1024x806.jpg 1024w, https:\/\/noticiasmercedinas.com\/site\/wp-content\/uploads\/2023\/02\/328350742_671949901351271_1441461664321136705_n-300x236.jpg 300w, https:\/\/noticiasmercedinas.com\/site\/wp-content\/uploads\/2023\/02\/328350742_671949901351271_1441461664321136705_n-768x604.jpg 768w, https:\/\/noticiasmercedinas.com\/site\/wp-content\/uploads\/2023\/02\/328350742_671949901351271_1441461664321136705_n-640x504.jpg 640w, https:\/\/noticiasmercedinas.com\/site\/wp-content\/uploads\/2023\/02\/328350742_671949901351271_1441461664321136705_n-681x536.jpg 681w, https:\/\/noticiasmercedinas.com\/site\/wp-content\/uploads\/2023\/02\/328350742_671949901351271_1441461664321136705_n.jpg 1280w\" sizes=\"auto, (max-width: 640px) 100vw, 640px\" \/><\/p>\n<p>Las Cooperadoras Escolares avanzan en la ejecuci\u00f3n de los subsidios de la Municipalidad de Mercedes por estos d\u00edas. Y en ese sentido entidades educativas de variada \u00edndole como son el Jard\u00edn 905 y el Centro de Formaci\u00f3n Profesional 401 agradecieron por estas horas p\u00fablicamente el trabajo del municipio, en la figura del intendente, y el Consejo Escolar con sus integrantes.<\/p>\n<p>Por un lado desde la comunidad educativa del jard\u00edn de infantes 905, junto a la Asociaci\u00f3n cooperadora del Jard\u00edn, agradecieron al intendente, el Consejo Escolar y su equipo \u201cpor escuchar las demandas de los establecimientos mercedinos y concretar con hechos los mismos\u201d. En este sentido remarcaron la consecuci\u00f3n de elementos tales como 2 aires acondicionados, 1 tv smart de 50 pulgadas, un soporte para televisor y un parlante.<\/p>\n<p>\u201cEducar en el Nivel Inicial es nombrar a las infancias y a la ense\u00f1anza como un acto pol\u00edtico clave de derecho, ligados con la necesidad de garantizar la consolidaci\u00f3n y profundizaci\u00f3n de la democracia en el presente y el porvenir\u201d, sostuvieron.<\/p>\n<p>En tanto, desde la Asociaci\u00f3n Cooperadora del Centro de Formaci\u00f3n Profesional 401 agradecieron en la persona del intendente Juan Ustarroz \u201cel apoyo econ\u00f3mico otorgado a nuestra cooperadora por $ 244.719,30, para la compra de 70 metros de cable subterr\u00e1neo de 4&#215;10, el cual servir\u00e1 para hacer la nueva alimentaci\u00f3n general del Centro y de esta forma permitir que nuestros alumnos puedan trabajar con m\u00e1s y mejores herramientas y equipos el\u00e9ctricos, lo que hasta ahora estaba limitado\u201d.<\/p>\n<p>&nbsp;<\/p>\n","protected":false},"excerpt":{"rendered":"<p>\u25a0 El Jard\u00edn 905 y el Centro Profesional 401 agradecieron el trabajo del municipio, en la figura del intendente, y el Consejo Escolar con sus integrantes.<\/p>\n","protected":false},"author":16,"featured_media":108885,"comment_status":"open","ping_status":"open","sticky":false,"template":"","format":"standard","meta":{"footnotes":""},"categories":[3],"tags":[3170,267,16094,5018],"class_list":["post-108883","post","type-post","status-publish","format-standard","has-post-thumbnail","hentry","category-sociedad","tag-cfp-401","tag-consejo-escolar","tag-cooperadora-escolar","tag-jardin-905"],"yoast_head":"<!-- This site is optimized with the Yoast SEO plugin v27.5 - https:\/\/yoast.com\/product\/yoast-seo-wordpress\/ -->\n<title>Dos entidades educativas de la ciudad agradecen apoyo y acompa\u00f1amiento<\/title>\n<meta name=\"robots\" content=\"index, follow, max-snippet:-1, max-image-preview:large, max-video-preview:-1\" \/>\n<link rel=\"canonical\" href=\"https:\/\/noticiasmercedinas.com\/site\/2023\/02\/09\/dos-entidades-educativas-de-la-ciudad-agradecen-apoyo-y-acompanamiento\/\" \/>\n<meta property=\"og:locale\" content=\"es_ES\" \/>\n<meta property=\"og:type\" content=\"article\" \/>\n<meta property=\"og:title\" content=\"Dos entidades educativas de la ciudad agradecen apoyo y acompa\u00f1amiento\" \/>\n<meta property=\"og:description\" content=\"\u25a0 El Jard\u00edn 905 y el Centro Profesional 401 agradecieron el trabajo del municipio, en la figura del intendente, y el Consejo Escolar con sus integrantes.\" \/>\n<meta property=\"og:url\" content=\"https:\/\/noticiasmercedinas.com\/site\/2023\/02\/09\/dos-entidades-educativas-de-la-ciudad-agradecen-apoyo-y-acompanamiento\/\" \/>\n<meta property=\"og:site_name\" content=\"NOTICIASMERCEDINAS.COM\" \/>\n<meta property=\"article:publisher\" content=\"https:\/\/www.facebook.com\/noticiasmercedinas\/\" \/>\n<meta property=\"article:published_time\" content=\"2023-02-09T22:59:25+00:00\" \/>\n<meta property=\"og:image\" content=\"https:\/\/noticiasmercedinas.com\/site\/wp-content\/uploads\/2023\/02\/328350742_671949901351271_1441461664321136705_n.jpg\" \/>\n\t<meta property=\"og:image:width\" content=\"1280\" \/>\n\t<meta property=\"og:image:height\" content=\"1007\" \/>\n\t<meta property=\"og:image:type\" content=\"image\/jpeg\" \/>\n<meta name=\"author\" content=\"NOTICIASMERCEDINAS.COM\" \/>\n<meta name=\"twitter:card\" content=\"summary_large_image\" \/>\n<meta name=\"twitter:creator\" content=\"@notmercedinas\" \/>\n<meta name=\"twitter:site\" content=\"@notmercedinas\" \/>\n<meta name=\"twitter:label1\" content=\"Escrito por\" \/>\n\t<meta name=\"twitter:data1\" content=\"NOTICIASMERCEDINAS.COM\" \/>\n\t<meta name=\"twitter:label2\" content=\"Tiempo de lectura\" \/>\n\t<meta name=\"twitter:data2\" content=\"2 minutos\" \/>\n<script type=\"application\/ld+json\" class=\"yoast-schema-graph\">{\"@context\":\"https:\\\/\\\/schema.org\",\"@graph\":[{\"@type\":\"Article\",\"@id\":\"https:\\\/\\\/noticiasmercedinas.com\\\/site\\\/2023\\\/02\\\/09\\\/dos-entidades-educativas-de-la-ciudad-agradecen-apoyo-y-acompanamiento\\\/#article\",\"isPartOf\":{\"@id\":\"https:\\\/\\\/noticiasmercedinas.com\\\/site\\\/2023\\\/02\\\/09\\\/dos-entidades-educativas-de-la-ciudad-agradecen-apoyo-y-acompanamiento\\\/\"},\"author\":{\"name\":\"NOTICIASMERCEDINAS.COM\",\"@id\":\"https:\\\/\\\/noticiasmercedinas.com\\\/site\\\/#\\\/schema\\\/person\\\/84b59c099c28ff2e8b77d4ceec5d8063\"},\"headline\":\"Dos entidades educativas de la ciudad agradecen apoyo y acompa\u00f1amiento\",\"datePublished\":\"2023-02-09T22:59:25+00:00\",\"mainEntityOfPage\":{\"@id\":\"https:\\\/\\\/noticiasmercedinas.com\\\/site\\\/2023\\\/02\\\/09\\\/dos-entidades-educativas-de-la-ciudad-agradecen-apoyo-y-acompanamiento\\\/\"},\"wordCount\":267,\"commentCount\":1,\"publisher\":{\"@id\":\"https:\\\/\\\/noticiasmercedinas.com\\\/site\\\/#organization\"},\"image\":{\"@id\":\"https:\\\/\\\/noticiasmercedinas.com\\\/site\\\/2023\\\/02\\\/09\\\/dos-entidades-educativas-de-la-ciudad-agradecen-apoyo-y-acompanamiento\\\/#primaryimage\"},\"thumbnailUrl\":\"https:\\\/\\\/noticiasmercedinas.com\\\/site\\\/wp-content\\\/uploads\\\/2023\\\/02\\\/328350742_671949901351271_1441461664321136705_n.jpg\",\"keywords\":[\"cfp 401\",\"consejo escolar\",\"cooperadora escolar\",\"jardin 905\"],\"articleSection\":[\"Sociedad\"],\"inLanguage\":\"es\",\"potentialAction\":[{\"@type\":\"CommentAction\",\"name\":\"Comment\",\"target\":[\"https:\\\/\\\/noticiasmercedinas.com\\\/site\\\/2023\\\/02\\\/09\\\/dos-entidades-educativas-de-la-ciudad-agradecen-apoyo-y-acompanamiento\\\/#respond\"]}]},{\"@type\":\"WebPage\",\"@id\":\"https:\\\/\\\/noticiasmercedinas.com\\\/site\\\/2023\\\/02\\\/09\\\/dos-entidades-educativas-de-la-ciudad-agradecen-apoyo-y-acompanamiento\\\/\",\"url\":\"https:\\\/\\\/noticiasmercedinas.com\\\/site\\\/2023\\\/02\\\/09\\\/dos-entidades-educativas-de-la-ciudad-agradecen-apoyo-y-acompanamiento\\\/\",\"name\":\"Dos entidades educativas de la ciudad agradecen apoyo y acompa\u00f1amiento\",\"isPartOf\":{\"@id\":\"https:\\\/\\\/noticiasmercedinas.com\\\/site\\\/#website\"},\"primaryImageOfPage\":{\"@id\":\"https:\\\/\\\/noticiasmercedinas.com\\\/site\\\/2023\\\/02\\\/09\\\/dos-entidades-educativas-de-la-ciudad-agradecen-apoyo-y-acompanamiento\\\/#primaryimage\"},\"image\":{\"@id\":\"https:\\\/\\\/noticiasmercedinas.com\\\/site\\\/2023\\\/02\\\/09\\\/dos-entidades-educativas-de-la-ciudad-agradecen-apoyo-y-acompanamiento\\\/#primaryimage\"},\"thumbnailUrl\":\"https:\\\/\\\/noticiasmercedinas.com\\\/site\\\/wp-content\\\/uploads\\\/2023\\\/02\\\/328350742_671949901351271_1441461664321136705_n.jpg\",\"datePublished\":\"2023-02-09T22:59:25+00:00\",\"breadcrumb\":{\"@id\":\"https:\\\/\\\/noticiasmercedinas.com\\\/site\\\/2023\\\/02\\\/09\\\/dos-entidades-educativas-de-la-ciudad-agradecen-apoyo-y-acompanamiento\\\/#breadcrumb\"},\"inLanguage\":\"es\",\"potentialAction\":[{\"@type\":\"ReadAction\",\"target\":[\"https:\\\/\\\/noticiasmercedinas.com\\\/site\\\/2023\\\/02\\\/09\\\/dos-entidades-educativas-de-la-ciudad-agradecen-apoyo-y-acompanamiento\\\/\"]}]},{\"@type\":\"ImageObject\",\"inLanguage\":\"es\",\"@id\":\"https:\\\/\\\/noticiasmercedinas.com\\\/site\\\/2023\\\/02\\\/09\\\/dos-entidades-educativas-de-la-ciudad-agradecen-apoyo-y-acompanamiento\\\/#primaryimage\",\"url\":\"https:\\\/\\\/noticiasmercedinas.com\\\/site\\\/wp-content\\\/uploads\\\/2023\\\/02\\\/328350742_671949901351271_1441461664321136705_n.jpg\",\"contentUrl\":\"https:\\\/\\\/noticiasmercedinas.com\\\/site\\\/wp-content\\\/uploads\\\/2023\\\/02\\\/328350742_671949901351271_1441461664321136705_n.jpg\",\"width\":1280,\"height\":1007},{\"@type\":\"BreadcrumbList\",\"@id\":\"https:\\\/\\\/noticiasmercedinas.com\\\/site\\\/2023\\\/02\\\/09\\\/dos-entidades-educativas-de-la-ciudad-agradecen-apoyo-y-acompanamiento\\\/#breadcrumb\",\"itemListElement\":[{\"@type\":\"ListItem\",\"position\":1,\"name\":\"Portada\",\"item\":\"https:\\\/\\\/noticiasmercedinas.com\\\/site\\\/\"},{\"@type\":\"ListItem\",\"position\":2,\"name\":\"Dos entidades educativas de la ciudad agradecen apoyo y acompa\u00f1amiento\"}]},{\"@type\":\"WebSite\",\"@id\":\"https:\\\/\\\/noticiasmercedinas.com\\\/site\\\/#website\",\"url\":\"https:\\\/\\\/noticiasmercedinas.com\\\/site\\\/\",\"name\":\"NOTICIASMERCEDINAS.COM\",\"description\":\"Mercedes, Buenos Aires, Argentina\",\"publisher\":{\"@id\":\"https:\\\/\\\/noticiasmercedinas.com\\\/site\\\/#organization\"},\"potentialAction\":[{\"@type\":\"SearchAction\",\"target\":{\"@type\":\"EntryPoint\",\"urlTemplate\":\"https:\\\/\\\/noticiasmercedinas.com\\\/site\\\/?s={search_term_string}\"},\"query-input\":{\"@type\":\"PropertyValueSpecification\",\"valueRequired\":true,\"valueName\":\"search_term_string\"}}],\"inLanguage\":\"es\"},{\"@type\":\"Organization\",\"@id\":\"https:\\\/\\\/noticiasmercedinas.com\\\/site\\\/#organization\",\"name\":\"NOTICIASMERCEDINAS.COM\",\"url\":\"https:\\\/\\\/noticiasmercedinas.com\\\/site\\\/\",\"logo\":{\"@type\":\"ImageObject\",\"inLanguage\":\"es\",\"@id\":\"https:\\\/\\\/noticiasmercedinas.com\\\/site\\\/#\\\/schema\\\/logo\\\/image\\\/\",\"url\":\"https:\\\/\\\/noticiasmercedinas.com\\\/site\\\/wp-content\\\/uploads\\\/2020\\\/06\\\/LOGO-512.jpg\",\"contentUrl\":\"https:\\\/\\\/noticiasmercedinas.com\\\/site\\\/wp-content\\\/uploads\\\/2020\\\/06\\\/LOGO-512.jpg\",\"width\":512,\"height\":512,\"caption\":\"NOTICIASMERCEDINAS.COM\"},\"image\":{\"@id\":\"https:\\\/\\\/noticiasmercedinas.com\\\/site\\\/#\\\/schema\\\/logo\\\/image\\\/\"},\"sameAs\":[\"https:\\\/\\\/www.facebook.com\\\/noticiasmercedinas\\\/\",\"https:\\\/\\\/x.com\\\/notmercedinas\",\"https:\\\/\\\/www.instagram.com\\\/noticiasmercedinas\\\/\"]},{\"@type\":\"Person\",\"@id\":\"https:\\\/\\\/noticiasmercedinas.com\\\/site\\\/#\\\/schema\\\/person\\\/84b59c099c28ff2e8b77d4ceec5d8063\",\"name\":\"NOTICIASMERCEDINAS.COM\",\"image\":{\"@type\":\"ImageObject\",\"inLanguage\":\"es\",\"@id\":\"https:\\\/\\\/secure.gravatar.com\\\/avatar\\\/4dfbf16b4d17945bfb6341b2d19043457132fcf478a5ee04f42e959fd8f5df0a?s=96&d=mm&r=g\",\"url\":\"https:\\\/\\\/secure.gravatar.com\\\/avatar\\\/4dfbf16b4d17945bfb6341b2d19043457132fcf478a5ee04f42e959fd8f5df0a?s=96&d=mm&r=g\",\"contentUrl\":\"https:\\\/\\\/secure.gravatar.com\\\/avatar\\\/4dfbf16b4d17945bfb6341b2d19043457132fcf478a5ee04f42e959fd8f5df0a?s=96&d=mm&r=g\",\"caption\":\"NOTICIASMERCEDINAS.COM\"},\"url\":\"https:\\\/\\\/noticiasmercedinas.com\\\/site\\\/author\\\/anonimo\\\/\"}]}<\/script>\n<!-- \/ Yoast SEO plugin. -->","yoast_head_json":{"title":"Dos entidades educativas de la ciudad agradecen apoyo y acompa\u00f1amiento","robots":{"index":"index","follow":"follow","max-snippet":"max-snippet:-1","max-image-preview":"max-image-preview:large","max-video-preview":"max-video-preview:-1"},"canonical":"https:\/\/noticiasmercedinas.com\/site\/2023\/02\/09\/dos-entidades-educativas-de-la-ciudad-agradecen-apoyo-y-acompanamiento\/","og_locale":"es_ES","og_type":"article","og_title":"Dos entidades educativas de la ciudad agradecen apoyo y acompa\u00f1amiento","og_description":"\u25a0 El Jard\u00edn 905 y el Centro Profesional 401 agradecieron el trabajo del municipio, en la figura del intendente, y el Consejo Escolar con sus integrantes.","og_url":"https:\/\/noticiasmercedinas.com\/site\/2023\/02\/09\/dos-entidades-educativas-de-la-ciudad-agradecen-apoyo-y-acompanamiento\/","og_site_name":"NOTICIASMERCEDINAS.COM","article_publisher":"https:\/\/www.facebook.com\/noticiasmercedinas\/","article_published_time":"2023-02-09T22:59:25+00:00","og_image":[{"width":1280,"height":1007,"url":"https:\/\/noticiasmercedinas.com\/site\/wp-content\/uploads\/2023\/02\/328350742_671949901351271_1441461664321136705_n.jpg","type":"image\/jpeg"}],"author":"NOTICIASMERCEDINAS.COM","twitter_card":"summary_large_image","twitter_creator":"@notmercedinas","twitter_site":"@notmercedinas","twitter_misc":{"Escrito por":"NOTICIASMERCEDINAS.COM","Tiempo de lectura":"2 minutos"},"schema":{"@context":"https:\/\/schema.org","@graph":[{"@type":"Article","@id":"https:\/\/noticiasmercedinas.com\/site\/2023\/02\/09\/dos-entidades-educativas-de-la-ciudad-agradecen-apoyo-y-acompanamiento\/#article","isPartOf":{"@id":"https:\/\/noticiasmercedinas.com\/site\/2023\/02\/09\/dos-entidades-educativas-de-la-ciudad-agradecen-apoyo-y-acompanamiento\/"},"author":{"name":"NOTICIASMERCEDINAS.COM","@id":"https:\/\/noticiasmercedinas.com\/site\/#\/schema\/person\/84b59c099c28ff2e8b77d4ceec5d8063"},"headline":"Dos entidades educativas de la ciudad agradecen apoyo y acompa\u00f1amiento","datePublished":"2023-02-09T22:59:25+00:00","mainEntityOfPage":{"@id":"https:\/\/noticiasmercedinas.com\/site\/2023\/02\/09\/dos-entidades-educativas-de-la-ciudad-agradecen-apoyo-y-acompanamiento\/"},"wordCount":267,"commentCount":1,"publisher":{"@id":"https:\/\/noticiasmercedinas.com\/site\/#organization"},"image":{"@id":"https:\/\/noticiasmercedinas.com\/site\/2023\/02\/09\/dos-entidades-educativas-de-la-ciudad-agradecen-apoyo-y-acompanamiento\/#primaryimage"},"thumbnailUrl":"https:\/\/noticiasmercedinas.com\/site\/wp-content\/uploads\/2023\/02\/328350742_671949901351271_1441461664321136705_n.jpg","keywords":["cfp 401","consejo escolar","cooperadora escolar","jardin 905"],"articleSection":["Sociedad"],"inLanguage":"es","potentialAction":[{"@type":"CommentAction","name":"Comment","target":["https:\/\/noticiasmercedinas.com\/site\/2023\/02\/09\/dos-entidades-educativas-de-la-ciudad-agradecen-apoyo-y-acompanamiento\/#respond"]}]},{"@type":"WebPage","@id":"https:\/\/noticiasmercedinas.com\/site\/2023\/02\/09\/dos-entidades-educativas-de-la-ciudad-agradecen-apoyo-y-acompanamiento\/","url":"https:\/\/noticiasmercedinas.com\/site\/2023\/02\/09\/dos-entidades-educativas-de-la-ciudad-agradecen-apoyo-y-acompanamiento\/","name":"Dos entidades educativas de la ciudad agradecen apoyo y acompa\u00f1amiento","isPartOf":{"@id":"https:\/\/noticiasmercedinas.com\/site\/#website"},"primaryImageOfPage":{"@id":"https:\/\/noticiasmercedinas.com\/site\/2023\/02\/09\/dos-entidades-educativas-de-la-ciudad-agradecen-apoyo-y-acompanamiento\/#primaryimage"},"image":{"@id":"https:\/\/noticiasmercedinas.com\/site\/2023\/02\/09\/dos-entidades-educativas-de-la-ciudad-agradecen-apoyo-y-acompanamiento\/#primaryimage"},"thumbnailUrl":"https:\/\/noticiasmercedinas.com\/site\/wp-content\/uploads\/2023\/02\/328350742_671949901351271_1441461664321136705_n.jpg","datePublished":"2023-02-09T22:59:25+00:00","breadcrumb":{"@id":"https:\/\/noticiasmercedinas.com\/site\/2023\/02\/09\/dos-entidades-educativas-de-la-ciudad-agradecen-apoyo-y-acompanamiento\/#breadcrumb"},"inLanguage":"es","potentialAction":[{"@type":"ReadAction","target":["https:\/\/noticiasmercedinas.com\/site\/2023\/02\/09\/dos-entidades-educativas-de-la-ciudad-agradecen-apoyo-y-acompanamiento\/"]}]},{"@type":"ImageObject","inLanguage":"es","@id":"https:\/\/noticiasmercedinas.com\/site\/2023\/02\/09\/dos-entidades-educativas-de-la-ciudad-agradecen-apoyo-y-acompanamiento\/#primaryimage","url":"https:\/\/noticiasmercedinas.com\/site\/wp-content\/uploads\/2023\/02\/328350742_671949901351271_1441461664321136705_n.jpg","contentUrl":"https:\/\/noticiasmercedinas.com\/site\/wp-content\/uploads\/2023\/02\/328350742_671949901351271_1441461664321136705_n.jpg","width":1280,"height":1007},{"@type":"BreadcrumbList","@id":"https:\/\/noticiasmercedinas.com\/site\/2023\/02\/09\/dos-entidades-educativas-de-la-ciudad-agradecen-apoyo-y-acompanamiento\/#breadcrumb","itemListElement":[{"@type":"ListItem","position":1,"name":"Portada","item":"https:\/\/noticiasmercedinas.com\/site\/"},{"@type":"ListItem","position":2,"name":"Dos entidades educativas de la ciudad agradecen apoyo y acompa\u00f1amiento"}]},{"@type":"WebSite","@id":"https:\/\/noticiasmercedinas.com\/site\/#website","url":"https:\/\/noticiasmercedinas.com\/site\/","name":"NOTICIASMERCEDINAS.COM","description":"Mercedes, Buenos Aires, Argentina","publisher":{"@id":"https:\/\/noticiasmercedinas.com\/site\/#organization"},"potentialAction":[{"@type":"SearchAction","target":{"@type":"EntryPoint","urlTemplate":"https:\/\/noticiasmercedinas.com\/site\/?s={search_term_string}"},"query-input":{"@type":"PropertyValueSpecification","valueRequired":true,"valueName":"search_term_string"}}],"inLanguage":"es"},{"@type":"Organization","@id":"https:\/\/noticiasmercedinas.com\/site\/#organization","name":"NOTICIASMERCEDINAS.COM","url":"https:\/\/noticiasmercedinas.com\/site\/","logo":{"@type":"ImageObject","inLanguage":"es","@id":"https:\/\/noticiasmercedinas.com\/site\/#\/schema\/logo\/image\/","url":"https:\/\/noticiasmercedinas.com\/site\/wp-content\/uploads\/2020\/06\/LOGO-512.jpg","contentUrl":"https:\/\/noticiasmercedinas.com\/site\/wp-content\/uploads\/2020\/06\/LOGO-512.jpg","width":512,"height":512,"caption":"NOTICIASMERCEDINAS.COM"},"image":{"@id":"https:\/\/noticiasmercedinas.com\/site\/#\/schema\/logo\/image\/"},"sameAs":["https:\/\/www.facebook.com\/noticiasmercedinas\/","https:\/\/x.com\/notmercedinas","https:\/\/www.instagram.com\/noticiasmercedinas\/"]},{"@type":"Person","@id":"https:\/\/noticiasmercedinas.com\/site\/#\/schema\/person\/84b59c099c28ff2e8b77d4ceec5d8063","name":"NOTICIASMERCEDINAS.COM","image":{"@type":"ImageObject","inLanguage":"es","@id":"https:\/\/secure.gravatar.com\/avatar\/4dfbf16b4d17945bfb6341b2d19043457132fcf478a5ee04f42e959fd8f5df0a?s=96&d=mm&r=g","url":"https:\/\/secure.gravatar.com\/avatar\/4dfbf16b4d17945bfb6341b2d19043457132fcf478a5ee04f42e959fd8f5df0a?s=96&d=mm&r=g","contentUrl":"https:\/\/secure.gravatar.com\/avatar\/4dfbf16b4d17945bfb6341b2d19043457132fcf478a5ee04f42e959fd8f5df0a?s=96&d=mm&r=g","caption":"NOTICIASMERCEDINAS.COM"},"url":"https:\/\/noticiasmercedinas.com\/site\/author\/anonimo\/"}]}},"amp_enabled":true,"_links":{"self":[{"href":"https:\/\/noticiasmercedinas.com\/site\/wp-json\/wp\/v2\/posts\/108883","targetHints":{"allow":["GET"]}}],"collection":[{"href":"https:\/\/noticiasmercedinas.com\/site\/wp-json\/wp\/v2\/posts"}],"about":[{"href":"https:\/\/noticiasmercedinas.com\/site\/wp-json\/wp\/v2\/types\/post"}],"author":[{"embeddable":true,"href":"https:\/\/noticiasmercedinas.com\/site\/wp-json\/wp\/v2\/users\/16"}],"replies":[{"embeddable":true,"href":"https:\/\/noticiasmercedinas.com\/site\/wp-json\/wp\/v2\/comments?post=108883"}],"version-history":[{"count":1,"href":"https:\/\/noticiasmercedinas.com\/site\/wp-json\/wp\/v2\/posts\/108883\/revisions"}],"predecessor-version":[{"id":108886,"href":"https:\/\/noticiasmercedinas.com\/site\/wp-json\/wp\/v2\/posts\/108883\/revisions\/108886"}],"wp:featuredmedia":[{"embeddable":true,"href":"https:\/\/noticiasmercedinas.com\/site\/wp-json\/wp\/v2\/media\/108885"}],"wp:attachment":[{"href":"https:\/\/noticiasmercedinas.com\/site\/wp-json\/wp\/v2\/media?parent=108883"}],"wp:term":[{"taxonomy":"category","embeddable":true,"href":"https:\/\/noticiasmercedinas.com\/site\/wp-json\/wp\/v2\/categories?post=108883"},{"taxonomy":"post_tag","embeddable":true,"href":"https:\/\/noticiasmercedinas.com\/site\/wp-json\/wp\/v2\/tags?post=108883"}],"curies":[{"name":"wp","href":"https:\/\/api.w.org\/{rel}","templated":true}]}}