{"id":109075,"date":"2023-02-13T11:40:04","date_gmt":"2023-02-13T14:40:04","guid":{"rendered":"https:\/\/noticiasmercedinas.com\/site\/?p=109075"},"modified":"2023-02-13T11:40:04","modified_gmt":"2023-02-13T14:40:04","slug":"humo-de-incendios-en-el-delta-creo-densas-cortinas-el-fin-de-semana","status":"publish","type":"post","link":"https:\/\/noticiasmercedinas.com\/site\/2023\/02\/13\/humo-de-incendios-en-el-delta-creo-densas-cortinas-el-fin-de-semana\/","title":{"rendered":"Humo de incendios en el Delta cre\u00f3 densas cortinas el fin de semana"},"content":{"rendered":"<p><img loading=\"lazy\" decoding=\"async\" class=\"alignnone size-full wp-image-109076\" src=\"https:\/\/noticiasmercedinas.com\/site\/wp-content\/uploads\/2023\/02\/humo.jpg\" alt=\"\" width=\"640\" height=\"443\" srcset=\"https:\/\/noticiasmercedinas.com\/site\/wp-content\/uploads\/2023\/02\/humo.jpg 640w, https:\/\/noticiasmercedinas.com\/site\/wp-content\/uploads\/2023\/02\/humo-300x208.jpg 300w\" sizes=\"auto, (max-width: 640px) 100vw, 640px\" \/><\/p>\n<p>Lleg\u00f3 la anunciada lluvia este lunes por la ma\u00f1ana desde muy temprano y aun contin\u00faa cayendo, y se espera que esta disipe el intenso humo que se hizo presente en los \u00faltimos d\u00edas y que fuera visible y perceptible en cielos mercedinos especialmente al atardecer y al amanecer entre jueves y domingo.<\/p>\n<p>Este fen\u00f3meno no es la primera vez que ocurre y tiene directa relaci\u00f3n con los incendios que producto de la ola de calor y las altas temperaturas se observan en toda la zona y especialmente en el Delta del Paran\u00e1.<\/p>\n<p>Un intenso olor a quemado todo el fin de semana tuvo a maltraer a muchos mercedinos y habitantes de la zona en general, especialmente a quienes sufren de afecciones respiratorias.<\/p>\n<p>Incluso en el pron\u00f3stico este domingo se marcaba \u201chumo\u201d como la variable clim\u00e1tica m\u00e1s preponderante tanto en Mercedes como en varios municipios de la zona, del conurbano bonaerense y de la misma Ciudad Aut\u00f3noma de Buenos Aires.<\/p>\n<p>Desde el Servicio Meteorol\u00f3gico precisaron, en tanto, que el humo proviene de las zonas afectadas por los incendios, principalmente del Delta del Paran\u00e1, generando as\u00ed una atm\u00f3sfera turbia en la que el sol al atardecer cre\u00f3 sorprendentes vistas.<\/p>\n<p><img loading=\"lazy\" decoding=\"async\" class=\"alignnone size-full wp-image-109077\" src=\"https:\/\/noticiasmercedinas.com\/site\/wp-content\/uploads\/2023\/02\/humo2.jpg\" alt=\"\" width=\"640\" height=\"386\" srcset=\"https:\/\/noticiasmercedinas.com\/site\/wp-content\/uploads\/2023\/02\/humo2.jpg 640w, https:\/\/noticiasmercedinas.com\/site\/wp-content\/uploads\/2023\/02\/humo2-300x181.jpg 300w\" sizes=\"auto, (max-width: 640px) 100vw, 640px\" \/><\/p>\n","protected":false},"excerpt":{"rendered":"<p>\u25a0 Se hizo presente en los \u00faltimos d\u00edas y fue visible y perceptible en cielos mercedinos especialmente al atardecer y al amanecer, entre jueves y domingo.<\/p>\n","protected":false},"author":16,"featured_media":109076,"comment_status":"open","ping_status":"open","sticky":false,"template":"","format":"standard","meta":{"footnotes":""},"categories":[5754],"tags":[5349,5684,6282,23],"class_list":["post-109075","post","type-post","status-publish","format-standard","has-post-thumbnail","hentry","category-medio-ambiente","tag-clima","tag-humo","tag-incendios","tag-mercedes"],"yoast_head":"<!-- This site is optimized with the Yoast SEO plugin v27.4 - https:\/\/yoast.com\/product\/yoast-seo-wordpress\/ -->\n<title>Humo de incendios en el Delta cre\u00f3 densas cortinas el fin de semana<\/title>\n<meta name=\"robots\" content=\"index, follow, max-snippet:-1, max-image-preview:large, max-video-preview:-1\" \/>\n<link rel=\"canonical\" href=\"https:\/\/noticiasmercedinas.com\/site\/2023\/02\/13\/humo-de-incendios-en-el-delta-creo-densas-cortinas-el-fin-de-semana\/\" \/>\n<meta property=\"og:locale\" content=\"es_ES\" \/>\n<meta property=\"og:type\" content=\"article\" \/>\n<meta property=\"og:title\" content=\"Humo de incendios en el Delta cre\u00f3 densas cortinas el fin de semana\" \/>\n<meta property=\"og:description\" content=\"\u25a0 Se hizo presente en los \u00faltimos d\u00edas y fue visible y perceptible en cielos mercedinos especialmente al atardecer y al amanecer, entre jueves y domingo.\" \/>\n<meta property=\"og:url\" content=\"https:\/\/noticiasmercedinas.com\/site\/2023\/02\/13\/humo-de-incendios-en-el-delta-creo-densas-cortinas-el-fin-de-semana\/\" \/>\n<meta property=\"og:site_name\" content=\"NOTICIASMERCEDINAS.COM\" \/>\n<meta property=\"article:publisher\" content=\"https:\/\/www.facebook.com\/noticiasmercedinas\/\" \/>\n<meta property=\"article:published_time\" content=\"2023-02-13T14:40:04+00:00\" \/>\n<meta property=\"og:image\" content=\"https:\/\/noticiasmercedinas.com\/site\/wp-content\/uploads\/2023\/02\/humo.jpg\" \/>\n\t<meta property=\"og:image:width\" content=\"640\" \/>\n\t<meta property=\"og:image:height\" content=\"443\" \/>\n\t<meta property=\"og:image:type\" content=\"image\/jpeg\" \/>\n<meta name=\"author\" content=\"NOTICIASMERCEDINAS.COM\" \/>\n<meta name=\"twitter:card\" content=\"summary_large_image\" \/>\n<meta name=\"twitter:creator\" content=\"@notmercedinas\" \/>\n<meta name=\"twitter:site\" content=\"@notmercedinas\" \/>\n<meta name=\"twitter:label1\" content=\"Escrito por\" \/>\n\t<meta name=\"twitter:data1\" content=\"NOTICIASMERCEDINAS.COM\" \/>\n\t<meta name=\"twitter:label2\" content=\"Tiempo de lectura\" \/>\n\t<meta name=\"twitter:data2\" content=\"2 minutos\" \/>\n<script type=\"application\/ld+json\" class=\"yoast-schema-graph\">{\"@context\":\"https:\\\/\\\/schema.org\",\"@graph\":[{\"@type\":\"Article\",\"@id\":\"https:\\\/\\\/noticiasmercedinas.com\\\/site\\\/2023\\\/02\\\/13\\\/humo-de-incendios-en-el-delta-creo-densas-cortinas-el-fin-de-semana\\\/#article\",\"isPartOf\":{\"@id\":\"https:\\\/\\\/noticiasmercedinas.com\\\/site\\\/2023\\\/02\\\/13\\\/humo-de-incendios-en-el-delta-creo-densas-cortinas-el-fin-de-semana\\\/\"},\"author\":{\"name\":\"NOTICIASMERCEDINAS.COM\",\"@id\":\"https:\\\/\\\/noticiasmercedinas.com\\\/site\\\/#\\\/schema\\\/person\\\/84b59c099c28ff2e8b77d4ceec5d8063\"},\"headline\":\"Humo de incendios en el Delta cre\u00f3 densas cortinas el fin de semana\",\"datePublished\":\"2023-02-13T14:40:04+00:00\",\"mainEntityOfPage\":{\"@id\":\"https:\\\/\\\/noticiasmercedinas.com\\\/site\\\/2023\\\/02\\\/13\\\/humo-de-incendios-en-el-delta-creo-densas-cortinas-el-fin-de-semana\\\/\"},\"wordCount\":221,\"commentCount\":1,\"publisher\":{\"@id\":\"https:\\\/\\\/noticiasmercedinas.com\\\/site\\\/#organization\"},\"image\":{\"@id\":\"https:\\\/\\\/noticiasmercedinas.com\\\/site\\\/2023\\\/02\\\/13\\\/humo-de-incendios-en-el-delta-creo-densas-cortinas-el-fin-de-semana\\\/#primaryimage\"},\"thumbnailUrl\":\"https:\\\/\\\/noticiasmercedinas.com\\\/site\\\/wp-content\\\/uploads\\\/2023\\\/02\\\/humo.jpg\",\"keywords\":[\"clima\",\"humo\",\"incendios\",\"mercedes\"],\"articleSection\":[\"Ambiente\"],\"inLanguage\":\"es\",\"potentialAction\":[{\"@type\":\"CommentAction\",\"name\":\"Comment\",\"target\":[\"https:\\\/\\\/noticiasmercedinas.com\\\/site\\\/2023\\\/02\\\/13\\\/humo-de-incendios-en-el-delta-creo-densas-cortinas-el-fin-de-semana\\\/#respond\"]}]},{\"@type\":\"WebPage\",\"@id\":\"https:\\\/\\\/noticiasmercedinas.com\\\/site\\\/2023\\\/02\\\/13\\\/humo-de-incendios-en-el-delta-creo-densas-cortinas-el-fin-de-semana\\\/\",\"url\":\"https:\\\/\\\/noticiasmercedinas.com\\\/site\\\/2023\\\/02\\\/13\\\/humo-de-incendios-en-el-delta-creo-densas-cortinas-el-fin-de-semana\\\/\",\"name\":\"Humo de incendios en el Delta cre\u00f3 densas cortinas el fin de semana\",\"isPartOf\":{\"@id\":\"https:\\\/\\\/noticiasmercedinas.com\\\/site\\\/#website\"},\"primaryImageOfPage\":{\"@id\":\"https:\\\/\\\/noticiasmercedinas.com\\\/site\\\/2023\\\/02\\\/13\\\/humo-de-incendios-en-el-delta-creo-densas-cortinas-el-fin-de-semana\\\/#primaryimage\"},\"image\":{\"@id\":\"https:\\\/\\\/noticiasmercedinas.com\\\/site\\\/2023\\\/02\\\/13\\\/humo-de-incendios-en-el-delta-creo-densas-cortinas-el-fin-de-semana\\\/#primaryimage\"},\"thumbnailUrl\":\"https:\\\/\\\/noticiasmercedinas.com\\\/site\\\/wp-content\\\/uploads\\\/2023\\\/02\\\/humo.jpg\",\"datePublished\":\"2023-02-13T14:40:04+00:00\",\"breadcrumb\":{\"@id\":\"https:\\\/\\\/noticiasmercedinas.com\\\/site\\\/2023\\\/02\\\/13\\\/humo-de-incendios-en-el-delta-creo-densas-cortinas-el-fin-de-semana\\\/#breadcrumb\"},\"inLanguage\":\"es\",\"potentialAction\":[{\"@type\":\"ReadAction\",\"target\":[\"https:\\\/\\\/noticiasmercedinas.com\\\/site\\\/2023\\\/02\\\/13\\\/humo-de-incendios-en-el-delta-creo-densas-cortinas-el-fin-de-semana\\\/\"]}]},{\"@type\":\"ImageObject\",\"inLanguage\":\"es\",\"@id\":\"https:\\\/\\\/noticiasmercedinas.com\\\/site\\\/2023\\\/02\\\/13\\\/humo-de-incendios-en-el-delta-creo-densas-cortinas-el-fin-de-semana\\\/#primaryimage\",\"url\":\"https:\\\/\\\/noticiasmercedinas.com\\\/site\\\/wp-content\\\/uploads\\\/2023\\\/02\\\/humo.jpg\",\"contentUrl\":\"https:\\\/\\\/noticiasmercedinas.com\\\/site\\\/wp-content\\\/uploads\\\/2023\\\/02\\\/humo.jpg\",\"width\":640,\"height\":443},{\"@type\":\"BreadcrumbList\",\"@id\":\"https:\\\/\\\/noticiasmercedinas.com\\\/site\\\/2023\\\/02\\\/13\\\/humo-de-incendios-en-el-delta-creo-densas-cortinas-el-fin-de-semana\\\/#breadcrumb\",\"itemListElement\":[{\"@type\":\"ListItem\",\"position\":1,\"name\":\"Portada\",\"item\":\"https:\\\/\\\/noticiasmercedinas.com\\\/site\\\/\"},{\"@type\":\"ListItem\",\"position\":2,\"name\":\"Humo de incendios en el Delta cre\u00f3 densas cortinas el fin de semana\"}]},{\"@type\":\"WebSite\",\"@id\":\"https:\\\/\\\/noticiasmercedinas.com\\\/site\\\/#website\",\"url\":\"https:\\\/\\\/noticiasmercedinas.com\\\/site\\\/\",\"name\":\"NOTICIASMERCEDINAS.COM\",\"description\":\"Mercedes, Buenos Aires, Argentina\",\"publisher\":{\"@id\":\"https:\\\/\\\/noticiasmercedinas.com\\\/site\\\/#organization\"},\"potentialAction\":[{\"@type\":\"SearchAction\",\"target\":{\"@type\":\"EntryPoint\",\"urlTemplate\":\"https:\\\/\\\/noticiasmercedinas.com\\\/site\\\/?s={search_term_string}\"},\"query-input\":{\"@type\":\"PropertyValueSpecification\",\"valueRequired\":true,\"valueName\":\"search_term_string\"}}],\"inLanguage\":\"es\"},{\"@type\":\"Organization\",\"@id\":\"https:\\\/\\\/noticiasmercedinas.com\\\/site\\\/#organization\",\"name\":\"NOTICIASMERCEDINAS.COM\",\"url\":\"https:\\\/\\\/noticiasmercedinas.com\\\/site\\\/\",\"logo\":{\"@type\":\"ImageObject\",\"inLanguage\":\"es\",\"@id\":\"https:\\\/\\\/noticiasmercedinas.com\\\/site\\\/#\\\/schema\\\/logo\\\/image\\\/\",\"url\":\"https:\\\/\\\/noticiasmercedinas.com\\\/site\\\/wp-content\\\/uploads\\\/2020\\\/06\\\/LOGO-512.jpg\",\"contentUrl\":\"https:\\\/\\\/noticiasmercedinas.com\\\/site\\\/wp-content\\\/uploads\\\/2020\\\/06\\\/LOGO-512.jpg\",\"width\":512,\"height\":512,\"caption\":\"NOTICIASMERCEDINAS.COM\"},\"image\":{\"@id\":\"https:\\\/\\\/noticiasmercedinas.com\\\/site\\\/#\\\/schema\\\/logo\\\/image\\\/\"},\"sameAs\":[\"https:\\\/\\\/www.facebook.com\\\/noticiasmercedinas\\\/\",\"https:\\\/\\\/x.com\\\/notmercedinas\",\"https:\\\/\\\/www.instagram.com\\\/noticiasmercedinas\\\/\"]},{\"@type\":\"Person\",\"@id\":\"https:\\\/\\\/noticiasmercedinas.com\\\/site\\\/#\\\/schema\\\/person\\\/84b59c099c28ff2e8b77d4ceec5d8063\",\"name\":\"NOTICIASMERCEDINAS.COM\",\"image\":{\"@type\":\"ImageObject\",\"inLanguage\":\"es\",\"@id\":\"https:\\\/\\\/secure.gravatar.com\\\/avatar\\\/4dfbf16b4d17945bfb6341b2d19043457132fcf478a5ee04f42e959fd8f5df0a?s=96&d=mm&r=g\",\"url\":\"https:\\\/\\\/secure.gravatar.com\\\/avatar\\\/4dfbf16b4d17945bfb6341b2d19043457132fcf478a5ee04f42e959fd8f5df0a?s=96&d=mm&r=g\",\"contentUrl\":\"https:\\\/\\\/secure.gravatar.com\\\/avatar\\\/4dfbf16b4d17945bfb6341b2d19043457132fcf478a5ee04f42e959fd8f5df0a?s=96&d=mm&r=g\",\"caption\":\"NOTICIASMERCEDINAS.COM\"},\"url\":\"https:\\\/\\\/noticiasmercedinas.com\\\/site\\\/author\\\/anonimo\\\/\"}]}<\/script>\n<!-- \/ Yoast SEO plugin. -->","yoast_head_json":{"title":"Humo de incendios en el Delta cre\u00f3 densas cortinas el fin de semana","robots":{"index":"index","follow":"follow","max-snippet":"max-snippet:-1","max-image-preview":"max-image-preview:large","max-video-preview":"max-video-preview:-1"},"canonical":"https:\/\/noticiasmercedinas.com\/site\/2023\/02\/13\/humo-de-incendios-en-el-delta-creo-densas-cortinas-el-fin-de-semana\/","og_locale":"es_ES","og_type":"article","og_title":"Humo de incendios en el Delta cre\u00f3 densas cortinas el fin de semana","og_description":"\u25a0 Se hizo presente en los \u00faltimos d\u00edas y fue visible y perceptible en cielos mercedinos especialmente al atardecer y al amanecer, entre jueves y domingo.","og_url":"https:\/\/noticiasmercedinas.com\/site\/2023\/02\/13\/humo-de-incendios-en-el-delta-creo-densas-cortinas-el-fin-de-semana\/","og_site_name":"NOTICIASMERCEDINAS.COM","article_publisher":"https:\/\/www.facebook.com\/noticiasmercedinas\/","article_published_time":"2023-02-13T14:40:04+00:00","og_image":[{"width":640,"height":443,"url":"https:\/\/noticiasmercedinas.com\/site\/wp-content\/uploads\/2023\/02\/humo.jpg","type":"image\/jpeg"}],"author":"NOTICIASMERCEDINAS.COM","twitter_card":"summary_large_image","twitter_creator":"@notmercedinas","twitter_site":"@notmercedinas","twitter_misc":{"Escrito por":"NOTICIASMERCEDINAS.COM","Tiempo de lectura":"2 minutos"},"schema":{"@context":"https:\/\/schema.org","@graph":[{"@type":"Article","@id":"https:\/\/noticiasmercedinas.com\/site\/2023\/02\/13\/humo-de-incendios-en-el-delta-creo-densas-cortinas-el-fin-de-semana\/#article","isPartOf":{"@id":"https:\/\/noticiasmercedinas.com\/site\/2023\/02\/13\/humo-de-incendios-en-el-delta-creo-densas-cortinas-el-fin-de-semana\/"},"author":{"name":"NOTICIASMERCEDINAS.COM","@id":"https:\/\/noticiasmercedinas.com\/site\/#\/schema\/person\/84b59c099c28ff2e8b77d4ceec5d8063"},"headline":"Humo de incendios en el Delta cre\u00f3 densas cortinas el fin de semana","datePublished":"2023-02-13T14:40:04+00:00","mainEntityOfPage":{"@id":"https:\/\/noticiasmercedinas.com\/site\/2023\/02\/13\/humo-de-incendios-en-el-delta-creo-densas-cortinas-el-fin-de-semana\/"},"wordCount":221,"commentCount":1,"publisher":{"@id":"https:\/\/noticiasmercedinas.com\/site\/#organization"},"image":{"@id":"https:\/\/noticiasmercedinas.com\/site\/2023\/02\/13\/humo-de-incendios-en-el-delta-creo-densas-cortinas-el-fin-de-semana\/#primaryimage"},"thumbnailUrl":"https:\/\/noticiasmercedinas.com\/site\/wp-content\/uploads\/2023\/02\/humo.jpg","keywords":["clima","humo","incendios","mercedes"],"articleSection":["Ambiente"],"inLanguage":"es","potentialAction":[{"@type":"CommentAction","name":"Comment","target":["https:\/\/noticiasmercedinas.com\/site\/2023\/02\/13\/humo-de-incendios-en-el-delta-creo-densas-cortinas-el-fin-de-semana\/#respond"]}]},{"@type":"WebPage","@id":"https:\/\/noticiasmercedinas.com\/site\/2023\/02\/13\/humo-de-incendios-en-el-delta-creo-densas-cortinas-el-fin-de-semana\/","url":"https:\/\/noticiasmercedinas.com\/site\/2023\/02\/13\/humo-de-incendios-en-el-delta-creo-densas-cortinas-el-fin-de-semana\/","name":"Humo de incendios en el Delta cre\u00f3 densas cortinas el fin de semana","isPartOf":{"@id":"https:\/\/noticiasmercedinas.com\/site\/#website"},"primaryImageOfPage":{"@id":"https:\/\/noticiasmercedinas.com\/site\/2023\/02\/13\/humo-de-incendios-en-el-delta-creo-densas-cortinas-el-fin-de-semana\/#primaryimage"},"image":{"@id":"https:\/\/noticiasmercedinas.com\/site\/2023\/02\/13\/humo-de-incendios-en-el-delta-creo-densas-cortinas-el-fin-de-semana\/#primaryimage"},"thumbnailUrl":"https:\/\/noticiasmercedinas.com\/site\/wp-content\/uploads\/2023\/02\/humo.jpg","datePublished":"2023-02-13T14:40:04+00:00","breadcrumb":{"@id":"https:\/\/noticiasmercedinas.com\/site\/2023\/02\/13\/humo-de-incendios-en-el-delta-creo-densas-cortinas-el-fin-de-semana\/#breadcrumb"},"inLanguage":"es","potentialAction":[{"@type":"ReadAction","target":["https:\/\/noticiasmercedinas.com\/site\/2023\/02\/13\/humo-de-incendios-en-el-delta-creo-densas-cortinas-el-fin-de-semana\/"]}]},{"@type":"ImageObject","inLanguage":"es","@id":"https:\/\/noticiasmercedinas.com\/site\/2023\/02\/13\/humo-de-incendios-en-el-delta-creo-densas-cortinas-el-fin-de-semana\/#primaryimage","url":"https:\/\/noticiasmercedinas.com\/site\/wp-content\/uploads\/2023\/02\/humo.jpg","contentUrl":"https:\/\/noticiasmercedinas.com\/site\/wp-content\/uploads\/2023\/02\/humo.jpg","width":640,"height":443},{"@type":"BreadcrumbList","@id":"https:\/\/noticiasmercedinas.com\/site\/2023\/02\/13\/humo-de-incendios-en-el-delta-creo-densas-cortinas-el-fin-de-semana\/#breadcrumb","itemListElement":[{"@type":"ListItem","position":1,"name":"Portada","item":"https:\/\/noticiasmercedinas.com\/site\/"},{"@type":"ListItem","position":2,"name":"Humo de incendios en el Delta cre\u00f3 densas cortinas el fin de semana"}]},{"@type":"WebSite","@id":"https:\/\/noticiasmercedinas.com\/site\/#website","url":"https:\/\/noticiasmercedinas.com\/site\/","name":"NOTICIASMERCEDINAS.COM","description":"Mercedes, Buenos Aires, Argentina","publisher":{"@id":"https:\/\/noticiasmercedinas.com\/site\/#organization"},"potentialAction":[{"@type":"SearchAction","target":{"@type":"EntryPoint","urlTemplate":"https:\/\/noticiasmercedinas.com\/site\/?s={search_term_string}"},"query-input":{"@type":"PropertyValueSpecification","valueRequired":true,"valueName":"search_term_string"}}],"inLanguage":"es"},{"@type":"Organization","@id":"https:\/\/noticiasmercedinas.com\/site\/#organization","name":"NOTICIASMERCEDINAS.COM","url":"https:\/\/noticiasmercedinas.com\/site\/","logo":{"@type":"ImageObject","inLanguage":"es","@id":"https:\/\/noticiasmercedinas.com\/site\/#\/schema\/logo\/image\/","url":"https:\/\/noticiasmercedinas.com\/site\/wp-content\/uploads\/2020\/06\/LOGO-512.jpg","contentUrl":"https:\/\/noticiasmercedinas.com\/site\/wp-content\/uploads\/2020\/06\/LOGO-512.jpg","width":512,"height":512,"caption":"NOTICIASMERCEDINAS.COM"},"image":{"@id":"https:\/\/noticiasmercedinas.com\/site\/#\/schema\/logo\/image\/"},"sameAs":["https:\/\/www.facebook.com\/noticiasmercedinas\/","https:\/\/x.com\/notmercedinas","https:\/\/www.instagram.com\/noticiasmercedinas\/"]},{"@type":"Person","@id":"https:\/\/noticiasmercedinas.com\/site\/#\/schema\/person\/84b59c099c28ff2e8b77d4ceec5d8063","name":"NOTICIASMERCEDINAS.COM","image":{"@type":"ImageObject","inLanguage":"es","@id":"https:\/\/secure.gravatar.com\/avatar\/4dfbf16b4d17945bfb6341b2d19043457132fcf478a5ee04f42e959fd8f5df0a?s=96&d=mm&r=g","url":"https:\/\/secure.gravatar.com\/avatar\/4dfbf16b4d17945bfb6341b2d19043457132fcf478a5ee04f42e959fd8f5df0a?s=96&d=mm&r=g","contentUrl":"https:\/\/secure.gravatar.com\/avatar\/4dfbf16b4d17945bfb6341b2d19043457132fcf478a5ee04f42e959fd8f5df0a?s=96&d=mm&r=g","caption":"NOTICIASMERCEDINAS.COM"},"url":"https:\/\/noticiasmercedinas.com\/site\/author\/anonimo\/"}]}},"amp_enabled":true,"_links":{"self":[{"href":"https:\/\/noticiasmercedinas.com\/site\/wp-json\/wp\/v2\/posts\/109075","targetHints":{"allow":["GET"]}}],"collection":[{"href":"https:\/\/noticiasmercedinas.com\/site\/wp-json\/wp\/v2\/posts"}],"about":[{"href":"https:\/\/noticiasmercedinas.com\/site\/wp-json\/wp\/v2\/types\/post"}],"author":[{"embeddable":true,"href":"https:\/\/noticiasmercedinas.com\/site\/wp-json\/wp\/v2\/users\/16"}],"replies":[{"embeddable":true,"href":"https:\/\/noticiasmercedinas.com\/site\/wp-json\/wp\/v2\/comments?post=109075"}],"version-history":[{"count":1,"href":"https:\/\/noticiasmercedinas.com\/site\/wp-json\/wp\/v2\/posts\/109075\/revisions"}],"predecessor-version":[{"id":109078,"href":"https:\/\/noticiasmercedinas.com\/site\/wp-json\/wp\/v2\/posts\/109075\/revisions\/109078"}],"wp:featuredmedia":[{"embeddable":true,"href":"https:\/\/noticiasmercedinas.com\/site\/wp-json\/wp\/v2\/media\/109076"}],"wp:attachment":[{"href":"https:\/\/noticiasmercedinas.com\/site\/wp-json\/wp\/v2\/media?parent=109075"}],"wp:term":[{"taxonomy":"category","embeddable":true,"href":"https:\/\/noticiasmercedinas.com\/site\/wp-json\/wp\/v2\/categories?post=109075"},{"taxonomy":"post_tag","embeddable":true,"href":"https:\/\/noticiasmercedinas.com\/site\/wp-json\/wp\/v2\/tags?post=109075"}],"curies":[{"name":"wp","href":"https:\/\/api.w.org\/{rel}","templated":true}]}}