{"id":109079,"date":"2023-02-13T12:59:02","date_gmt":"2023-02-13T15:59:02","guid":{"rendered":"https:\/\/noticiasmercedinas.com\/site\/?p=109079"},"modified":"2023-02-13T12:59:02","modified_gmt":"2023-02-13T15:59:02","slug":"ruta-41-transportaban-un-kilo-de-cocaina","status":"publish","type":"post","link":"https:\/\/noticiasmercedinas.com\/site\/2023\/02\/13\/ruta-41-transportaban-un-kilo-de-cocaina\/","title":{"rendered":"Ruta 41: transportaban un kilo de coca\u00edna"},"content":{"rendered":"<p><a href=\"https:\/\/noticiasmercedinas.com\/site\/wp-content\/uploads\/2023\/02\/cocaina_kilo.jpeg\"><img loading=\"lazy\" decoding=\"async\" class=\"alignnone size-full wp-image-109081\" src=\"https:\/\/noticiasmercedinas.com\/site\/wp-content\/uploads\/2023\/02\/cocaina_kilo.jpeg\" alt=\"\" width=\"690\" height=\"500\" srcset=\"https:\/\/noticiasmercedinas.com\/site\/wp-content\/uploads\/2023\/02\/cocaina_kilo.jpeg 690w, https:\/\/noticiasmercedinas.com\/site\/wp-content\/uploads\/2023\/02\/cocaina_kilo-300x217.jpeg 300w, https:\/\/noticiasmercedinas.com\/site\/wp-content\/uploads\/2023\/02\/cocaina_kilo-640x464.jpeg 640w, https:\/\/noticiasmercedinas.com\/site\/wp-content\/uploads\/2023\/02\/cocaina_kilo-681x493.jpeg 681w\" sizes=\"auto, (max-width: 690px) 100vw, 690px\" \/><\/a><\/p>\n<p>Dos sujetos domiciliados en la provincia de Santiago del Estero fueron detenidos en el marco de un operativo de seguridad vial en la Ruta 41: ocultos en el interior del veh\u00edculo transportaban dos ladrillos de coca\u00edna y una balanza de precisi\u00f3n.<\/p>\n<p>Los narcos, oriundos de Termas de R\u00edo Hondo, cayeron al ser interceptados por personal de la Superintendencia de Polic\u00eda Seguridad Vial y la secretaria de Seguridad de San Antonio de Areco, a la altura del kil\u00f3metro 279.<\/p>\n<p><a href=\"https:\/\/noticiasmercedinas.com\/site\/wp-content\/uploads\/2023\/02\/cocaina2.jpeg\"><img loading=\"lazy\" decoding=\"async\" class=\"alignnone size-full wp-image-109080\" src=\"https:\/\/noticiasmercedinas.com\/site\/wp-content\/uploads\/2023\/02\/cocaina2.jpeg\" alt=\"\" width=\"750\" height=\"563\" srcset=\"https:\/\/noticiasmercedinas.com\/site\/wp-content\/uploads\/2023\/02\/cocaina2.jpeg 750w, https:\/\/noticiasmercedinas.com\/site\/wp-content\/uploads\/2023\/02\/cocaina2-300x225.jpeg 300w, https:\/\/noticiasmercedinas.com\/site\/wp-content\/uploads\/2023\/02\/cocaina2-80x60.jpeg 80w, https:\/\/noticiasmercedinas.com\/site\/wp-content\/uploads\/2023\/02\/cocaina2-160x120.jpeg 160w, https:\/\/noticiasmercedinas.com\/site\/wp-content\/uploads\/2023\/02\/cocaina2-100x75.jpeg 100w, https:\/\/noticiasmercedinas.com\/site\/wp-content\/uploads\/2023\/02\/cocaina2-200x150.jpeg 200w, https:\/\/noticiasmercedinas.com\/site\/wp-content\/uploads\/2023\/02\/cocaina2-180x135.jpeg 180w, https:\/\/noticiasmercedinas.com\/site\/wp-content\/uploads\/2023\/02\/cocaina2-360x270.jpeg 360w, https:\/\/noticiasmercedinas.com\/site\/wp-content\/uploads\/2023\/02\/cocaina2-238x178.jpeg 238w, https:\/\/noticiasmercedinas.com\/site\/wp-content\/uploads\/2023\/02\/cocaina2-476x356.jpeg 476w, https:\/\/noticiasmercedinas.com\/site\/wp-content\/uploads\/2023\/02\/cocaina2-640x480.jpeg 640w, https:\/\/noticiasmercedinas.com\/site\/wp-content\/uploads\/2023\/02\/cocaina2-681x511.jpeg 681w\" sizes=\"auto, (max-width: 750px) 100vw, 750px\" \/><\/a><\/p>\n<blockquote><p>El bolso conten\u00eda 977 gramos de coca\u00edna de m\u00e1xima pureza<\/p><\/blockquote>\n<p>Los agentes policiales eran zoordinados por la Zona Operativa Vial II Mercedes, a cargo del jefe zonal, comisario mayor Miguel \u00c1ngel Costa, y del comisario inspector Jos\u00e9 Cisterna. Involucr\u00f3 a los Destacamentos Viales de San Antonio de Areco, Luj\u00e1n, Mercedes y San Andr\u00e9s de Giles.<\/p>\n<p>En el Volkswagen Gol Trend negro fue hallado un bolso con 977 gramos de clorhidrato de coca\u00edna de m\u00e1xima pureza, una balanza digital de precisi\u00f3n, dos tel\u00e9fonos celulares y elementos de corte y fraccionamiento.<\/p>\n<p>Los detenidos quedaron a disposici\u00f3n del Juzgado Federal Mercedes por el delito de infracci\u00f3n a la ley 23.737 de estupefacientes.<\/p>\n","protected":false},"excerpt":{"rendered":"<p>\u25a0 Los narcos, oriundos de Santiago del Estero, llevaban dos ladrillos ocultos en el auto. Fueron descubiertos en un control policial.<\/p>\n","protected":false},"author":16,"featured_media":109081,"comment_status":"open","ping_status":"open","sticky":false,"template":"","format":"standard","meta":{"footnotes":""},"categories":[7],"tags":[3955,11704,185,1821],"class_list":["post-109079","post","type-post","status-publish","format-standard","has-post-thumbnail","hentry","category-policiales","tag-cocaina","tag-policia-vial","tag-ruta-41","tag-santiago-del-estero"],"yoast_head":"<!-- This site is optimized with the Yoast SEO plugin v27.5 - https:\/\/yoast.com\/product\/yoast-seo-wordpress\/ -->\n<title>Ruta 41: transportaban un kilo de coca\u00edna<\/title>\n<meta name=\"robots\" content=\"index, follow, max-snippet:-1, max-image-preview:large, max-video-preview:-1\" \/>\n<link rel=\"canonical\" href=\"https:\/\/noticiasmercedinas.com\/site\/2023\/02\/13\/ruta-41-transportaban-un-kilo-de-cocaina\/\" \/>\n<meta property=\"og:locale\" content=\"es_ES\" \/>\n<meta property=\"og:type\" content=\"article\" \/>\n<meta property=\"og:title\" content=\"Ruta 41: transportaban un kilo de coca\u00edna\" \/>\n<meta property=\"og:description\" content=\"\u25a0 Los narcos, oriundos de Santiago del Estero, llevaban dos ladrillos ocultos en el auto. Fueron descubiertos en un control policial.\" \/>\n<meta property=\"og:url\" content=\"https:\/\/noticiasmercedinas.com\/site\/2023\/02\/13\/ruta-41-transportaban-un-kilo-de-cocaina\/\" \/>\n<meta property=\"og:site_name\" content=\"NOTICIASMERCEDINAS.COM\" \/>\n<meta property=\"article:publisher\" content=\"https:\/\/www.facebook.com\/noticiasmercedinas\/\" \/>\n<meta property=\"article:published_time\" content=\"2023-02-13T15:59:02+00:00\" \/>\n<meta property=\"og:image\" content=\"https:\/\/noticiasmercedinas.com\/site\/wp-content\/uploads\/2023\/02\/cocaina_kilo.jpeg\" \/>\n\t<meta property=\"og:image:width\" content=\"690\" \/>\n\t<meta property=\"og:image:height\" content=\"500\" \/>\n\t<meta property=\"og:image:type\" content=\"image\/jpeg\" \/>\n<meta name=\"author\" content=\"NOTICIASMERCEDINAS.COM\" \/>\n<meta name=\"twitter:card\" content=\"summary_large_image\" \/>\n<meta name=\"twitter:creator\" content=\"@notmercedinas\" \/>\n<meta name=\"twitter:site\" content=\"@notmercedinas\" \/>\n<meta name=\"twitter:label1\" content=\"Escrito por\" \/>\n\t<meta name=\"twitter:data1\" content=\"NOTICIASMERCEDINAS.COM\" \/>\n\t<meta name=\"twitter:label2\" content=\"Tiempo de lectura\" \/>\n\t<meta name=\"twitter:data2\" content=\"2 minutos\" \/>\n<script type=\"application\/ld+json\" class=\"yoast-schema-graph\">{\"@context\":\"https:\\\/\\\/schema.org\",\"@graph\":[{\"@type\":\"Article\",\"@id\":\"https:\\\/\\\/noticiasmercedinas.com\\\/site\\\/2023\\\/02\\\/13\\\/ruta-41-transportaban-un-kilo-de-cocaina\\\/#article\",\"isPartOf\":{\"@id\":\"https:\\\/\\\/noticiasmercedinas.com\\\/site\\\/2023\\\/02\\\/13\\\/ruta-41-transportaban-un-kilo-de-cocaina\\\/\"},\"author\":{\"name\":\"NOTICIASMERCEDINAS.COM\",\"@id\":\"https:\\\/\\\/noticiasmercedinas.com\\\/site\\\/#\\\/schema\\\/person\\\/84b59c099c28ff2e8b77d4ceec5d8063\"},\"headline\":\"Ruta 41: transportaban un kilo de coca\u00edna\",\"datePublished\":\"2023-02-13T15:59:02+00:00\",\"mainEntityOfPage\":{\"@id\":\"https:\\\/\\\/noticiasmercedinas.com\\\/site\\\/2023\\\/02\\\/13\\\/ruta-41-transportaban-un-kilo-de-cocaina\\\/\"},\"wordCount\":206,\"commentCount\":1,\"publisher\":{\"@id\":\"https:\\\/\\\/noticiasmercedinas.com\\\/site\\\/#organization\"},\"image\":{\"@id\":\"https:\\\/\\\/noticiasmercedinas.com\\\/site\\\/2023\\\/02\\\/13\\\/ruta-41-transportaban-un-kilo-de-cocaina\\\/#primaryimage\"},\"thumbnailUrl\":\"https:\\\/\\\/noticiasmercedinas.com\\\/site\\\/wp-content\\\/uploads\\\/2023\\\/02\\\/cocaina_kilo.jpeg\",\"keywords\":[\"Coca\u00edna\",\"Polic\u00eda Vial\",\"ruta 41\",\"santiago del estero\"],\"articleSection\":[\"Seguridad\"],\"inLanguage\":\"es\",\"potentialAction\":[{\"@type\":\"CommentAction\",\"name\":\"Comment\",\"target\":[\"https:\\\/\\\/noticiasmercedinas.com\\\/site\\\/2023\\\/02\\\/13\\\/ruta-41-transportaban-un-kilo-de-cocaina\\\/#respond\"]}]},{\"@type\":\"WebPage\",\"@id\":\"https:\\\/\\\/noticiasmercedinas.com\\\/site\\\/2023\\\/02\\\/13\\\/ruta-41-transportaban-un-kilo-de-cocaina\\\/\",\"url\":\"https:\\\/\\\/noticiasmercedinas.com\\\/site\\\/2023\\\/02\\\/13\\\/ruta-41-transportaban-un-kilo-de-cocaina\\\/\",\"name\":\"Ruta 41: transportaban un kilo de coca\u00edna\",\"isPartOf\":{\"@id\":\"https:\\\/\\\/noticiasmercedinas.com\\\/site\\\/#website\"},\"primaryImageOfPage\":{\"@id\":\"https:\\\/\\\/noticiasmercedinas.com\\\/site\\\/2023\\\/02\\\/13\\\/ruta-41-transportaban-un-kilo-de-cocaina\\\/#primaryimage\"},\"image\":{\"@id\":\"https:\\\/\\\/noticiasmercedinas.com\\\/site\\\/2023\\\/02\\\/13\\\/ruta-41-transportaban-un-kilo-de-cocaina\\\/#primaryimage\"},\"thumbnailUrl\":\"https:\\\/\\\/noticiasmercedinas.com\\\/site\\\/wp-content\\\/uploads\\\/2023\\\/02\\\/cocaina_kilo.jpeg\",\"datePublished\":\"2023-02-13T15:59:02+00:00\",\"breadcrumb\":{\"@id\":\"https:\\\/\\\/noticiasmercedinas.com\\\/site\\\/2023\\\/02\\\/13\\\/ruta-41-transportaban-un-kilo-de-cocaina\\\/#breadcrumb\"},\"inLanguage\":\"es\",\"potentialAction\":[{\"@type\":\"ReadAction\",\"target\":[\"https:\\\/\\\/noticiasmercedinas.com\\\/site\\\/2023\\\/02\\\/13\\\/ruta-41-transportaban-un-kilo-de-cocaina\\\/\"]}]},{\"@type\":\"ImageObject\",\"inLanguage\":\"es\",\"@id\":\"https:\\\/\\\/noticiasmercedinas.com\\\/site\\\/2023\\\/02\\\/13\\\/ruta-41-transportaban-un-kilo-de-cocaina\\\/#primaryimage\",\"url\":\"https:\\\/\\\/noticiasmercedinas.com\\\/site\\\/wp-content\\\/uploads\\\/2023\\\/02\\\/cocaina_kilo.jpeg\",\"contentUrl\":\"https:\\\/\\\/noticiasmercedinas.com\\\/site\\\/wp-content\\\/uploads\\\/2023\\\/02\\\/cocaina_kilo.jpeg\",\"width\":690,\"height\":500},{\"@type\":\"BreadcrumbList\",\"@id\":\"https:\\\/\\\/noticiasmercedinas.com\\\/site\\\/2023\\\/02\\\/13\\\/ruta-41-transportaban-un-kilo-de-cocaina\\\/#breadcrumb\",\"itemListElement\":[{\"@type\":\"ListItem\",\"position\":1,\"name\":\"Portada\",\"item\":\"https:\\\/\\\/noticiasmercedinas.com\\\/site\\\/\"},{\"@type\":\"ListItem\",\"position\":2,\"name\":\"Ruta 41: transportaban un kilo de coca\u00edna\"}]},{\"@type\":\"WebSite\",\"@id\":\"https:\\\/\\\/noticiasmercedinas.com\\\/site\\\/#website\",\"url\":\"https:\\\/\\\/noticiasmercedinas.com\\\/site\\\/\",\"name\":\"NOTICIASMERCEDINAS.COM\",\"description\":\"Mercedes, Buenos Aires, Argentina\",\"publisher\":{\"@id\":\"https:\\\/\\\/noticiasmercedinas.com\\\/site\\\/#organization\"},\"potentialAction\":[{\"@type\":\"SearchAction\",\"target\":{\"@type\":\"EntryPoint\",\"urlTemplate\":\"https:\\\/\\\/noticiasmercedinas.com\\\/site\\\/?s={search_term_string}\"},\"query-input\":{\"@type\":\"PropertyValueSpecification\",\"valueRequired\":true,\"valueName\":\"search_term_string\"}}],\"inLanguage\":\"es\"},{\"@type\":\"Organization\",\"@id\":\"https:\\\/\\\/noticiasmercedinas.com\\\/site\\\/#organization\",\"name\":\"NOTICIASMERCEDINAS.COM\",\"url\":\"https:\\\/\\\/noticiasmercedinas.com\\\/site\\\/\",\"logo\":{\"@type\":\"ImageObject\",\"inLanguage\":\"es\",\"@id\":\"https:\\\/\\\/noticiasmercedinas.com\\\/site\\\/#\\\/schema\\\/logo\\\/image\\\/\",\"url\":\"https:\\\/\\\/noticiasmercedinas.com\\\/site\\\/wp-content\\\/uploads\\\/2020\\\/06\\\/LOGO-512.jpg\",\"contentUrl\":\"https:\\\/\\\/noticiasmercedinas.com\\\/site\\\/wp-content\\\/uploads\\\/2020\\\/06\\\/LOGO-512.jpg\",\"width\":512,\"height\":512,\"caption\":\"NOTICIASMERCEDINAS.COM\"},\"image\":{\"@id\":\"https:\\\/\\\/noticiasmercedinas.com\\\/site\\\/#\\\/schema\\\/logo\\\/image\\\/\"},\"sameAs\":[\"https:\\\/\\\/www.facebook.com\\\/noticiasmercedinas\\\/\",\"https:\\\/\\\/x.com\\\/notmercedinas\",\"https:\\\/\\\/www.instagram.com\\\/noticiasmercedinas\\\/\"]},{\"@type\":\"Person\",\"@id\":\"https:\\\/\\\/noticiasmercedinas.com\\\/site\\\/#\\\/schema\\\/person\\\/84b59c099c28ff2e8b77d4ceec5d8063\",\"name\":\"NOTICIASMERCEDINAS.COM\",\"image\":{\"@type\":\"ImageObject\",\"inLanguage\":\"es\",\"@id\":\"https:\\\/\\\/secure.gravatar.com\\\/avatar\\\/4dfbf16b4d17945bfb6341b2d19043457132fcf478a5ee04f42e959fd8f5df0a?s=96&d=mm&r=g\",\"url\":\"https:\\\/\\\/secure.gravatar.com\\\/avatar\\\/4dfbf16b4d17945bfb6341b2d19043457132fcf478a5ee04f42e959fd8f5df0a?s=96&d=mm&r=g\",\"contentUrl\":\"https:\\\/\\\/secure.gravatar.com\\\/avatar\\\/4dfbf16b4d17945bfb6341b2d19043457132fcf478a5ee04f42e959fd8f5df0a?s=96&d=mm&r=g\",\"caption\":\"NOTICIASMERCEDINAS.COM\"},\"url\":\"https:\\\/\\\/noticiasmercedinas.com\\\/site\\\/author\\\/anonimo\\\/\"}]}<\/script>\n<!-- \/ Yoast SEO plugin. -->","yoast_head_json":{"title":"Ruta 41: transportaban un kilo de coca\u00edna","robots":{"index":"index","follow":"follow","max-snippet":"max-snippet:-1","max-image-preview":"max-image-preview:large","max-video-preview":"max-video-preview:-1"},"canonical":"https:\/\/noticiasmercedinas.com\/site\/2023\/02\/13\/ruta-41-transportaban-un-kilo-de-cocaina\/","og_locale":"es_ES","og_type":"article","og_title":"Ruta 41: transportaban un kilo de coca\u00edna","og_description":"\u25a0 Los narcos, oriundos de Santiago del Estero, llevaban dos ladrillos ocultos en el auto. Fueron descubiertos en un control policial.","og_url":"https:\/\/noticiasmercedinas.com\/site\/2023\/02\/13\/ruta-41-transportaban-un-kilo-de-cocaina\/","og_site_name":"NOTICIASMERCEDINAS.COM","article_publisher":"https:\/\/www.facebook.com\/noticiasmercedinas\/","article_published_time":"2023-02-13T15:59:02+00:00","og_image":[{"width":690,"height":500,"url":"https:\/\/noticiasmercedinas.com\/site\/wp-content\/uploads\/2023\/02\/cocaina_kilo.jpeg","type":"image\/jpeg"}],"author":"NOTICIASMERCEDINAS.COM","twitter_card":"summary_large_image","twitter_creator":"@notmercedinas","twitter_site":"@notmercedinas","twitter_misc":{"Escrito por":"NOTICIASMERCEDINAS.COM","Tiempo de lectura":"2 minutos"},"schema":{"@context":"https:\/\/schema.org","@graph":[{"@type":"Article","@id":"https:\/\/noticiasmercedinas.com\/site\/2023\/02\/13\/ruta-41-transportaban-un-kilo-de-cocaina\/#article","isPartOf":{"@id":"https:\/\/noticiasmercedinas.com\/site\/2023\/02\/13\/ruta-41-transportaban-un-kilo-de-cocaina\/"},"author":{"name":"NOTICIASMERCEDINAS.COM","@id":"https:\/\/noticiasmercedinas.com\/site\/#\/schema\/person\/84b59c099c28ff2e8b77d4ceec5d8063"},"headline":"Ruta 41: transportaban un kilo de coca\u00edna","datePublished":"2023-02-13T15:59:02+00:00","mainEntityOfPage":{"@id":"https:\/\/noticiasmercedinas.com\/site\/2023\/02\/13\/ruta-41-transportaban-un-kilo-de-cocaina\/"},"wordCount":206,"commentCount":1,"publisher":{"@id":"https:\/\/noticiasmercedinas.com\/site\/#organization"},"image":{"@id":"https:\/\/noticiasmercedinas.com\/site\/2023\/02\/13\/ruta-41-transportaban-un-kilo-de-cocaina\/#primaryimage"},"thumbnailUrl":"https:\/\/noticiasmercedinas.com\/site\/wp-content\/uploads\/2023\/02\/cocaina_kilo.jpeg","keywords":["Coca\u00edna","Polic\u00eda Vial","ruta 41","santiago del estero"],"articleSection":["Seguridad"],"inLanguage":"es","potentialAction":[{"@type":"CommentAction","name":"Comment","target":["https:\/\/noticiasmercedinas.com\/site\/2023\/02\/13\/ruta-41-transportaban-un-kilo-de-cocaina\/#respond"]}]},{"@type":"WebPage","@id":"https:\/\/noticiasmercedinas.com\/site\/2023\/02\/13\/ruta-41-transportaban-un-kilo-de-cocaina\/","url":"https:\/\/noticiasmercedinas.com\/site\/2023\/02\/13\/ruta-41-transportaban-un-kilo-de-cocaina\/","name":"Ruta 41: transportaban un kilo de coca\u00edna","isPartOf":{"@id":"https:\/\/noticiasmercedinas.com\/site\/#website"},"primaryImageOfPage":{"@id":"https:\/\/noticiasmercedinas.com\/site\/2023\/02\/13\/ruta-41-transportaban-un-kilo-de-cocaina\/#primaryimage"},"image":{"@id":"https:\/\/noticiasmercedinas.com\/site\/2023\/02\/13\/ruta-41-transportaban-un-kilo-de-cocaina\/#primaryimage"},"thumbnailUrl":"https:\/\/noticiasmercedinas.com\/site\/wp-content\/uploads\/2023\/02\/cocaina_kilo.jpeg","datePublished":"2023-02-13T15:59:02+00:00","breadcrumb":{"@id":"https:\/\/noticiasmercedinas.com\/site\/2023\/02\/13\/ruta-41-transportaban-un-kilo-de-cocaina\/#breadcrumb"},"inLanguage":"es","potentialAction":[{"@type":"ReadAction","target":["https:\/\/noticiasmercedinas.com\/site\/2023\/02\/13\/ruta-41-transportaban-un-kilo-de-cocaina\/"]}]},{"@type":"ImageObject","inLanguage":"es","@id":"https:\/\/noticiasmercedinas.com\/site\/2023\/02\/13\/ruta-41-transportaban-un-kilo-de-cocaina\/#primaryimage","url":"https:\/\/noticiasmercedinas.com\/site\/wp-content\/uploads\/2023\/02\/cocaina_kilo.jpeg","contentUrl":"https:\/\/noticiasmercedinas.com\/site\/wp-content\/uploads\/2023\/02\/cocaina_kilo.jpeg","width":690,"height":500},{"@type":"BreadcrumbList","@id":"https:\/\/noticiasmercedinas.com\/site\/2023\/02\/13\/ruta-41-transportaban-un-kilo-de-cocaina\/#breadcrumb","itemListElement":[{"@type":"ListItem","position":1,"name":"Portada","item":"https:\/\/noticiasmercedinas.com\/site\/"},{"@type":"ListItem","position":2,"name":"Ruta 41: transportaban un kilo de coca\u00edna"}]},{"@type":"WebSite","@id":"https:\/\/noticiasmercedinas.com\/site\/#website","url":"https:\/\/noticiasmercedinas.com\/site\/","name":"NOTICIASMERCEDINAS.COM","description":"Mercedes, Buenos Aires, Argentina","publisher":{"@id":"https:\/\/noticiasmercedinas.com\/site\/#organization"},"potentialAction":[{"@type":"SearchAction","target":{"@type":"EntryPoint","urlTemplate":"https:\/\/noticiasmercedinas.com\/site\/?s={search_term_string}"},"query-input":{"@type":"PropertyValueSpecification","valueRequired":true,"valueName":"search_term_string"}}],"inLanguage":"es"},{"@type":"Organization","@id":"https:\/\/noticiasmercedinas.com\/site\/#organization","name":"NOTICIASMERCEDINAS.COM","url":"https:\/\/noticiasmercedinas.com\/site\/","logo":{"@type":"ImageObject","inLanguage":"es","@id":"https:\/\/noticiasmercedinas.com\/site\/#\/schema\/logo\/image\/","url":"https:\/\/noticiasmercedinas.com\/site\/wp-content\/uploads\/2020\/06\/LOGO-512.jpg","contentUrl":"https:\/\/noticiasmercedinas.com\/site\/wp-content\/uploads\/2020\/06\/LOGO-512.jpg","width":512,"height":512,"caption":"NOTICIASMERCEDINAS.COM"},"image":{"@id":"https:\/\/noticiasmercedinas.com\/site\/#\/schema\/logo\/image\/"},"sameAs":["https:\/\/www.facebook.com\/noticiasmercedinas\/","https:\/\/x.com\/notmercedinas","https:\/\/www.instagram.com\/noticiasmercedinas\/"]},{"@type":"Person","@id":"https:\/\/noticiasmercedinas.com\/site\/#\/schema\/person\/84b59c099c28ff2e8b77d4ceec5d8063","name":"NOTICIASMERCEDINAS.COM","image":{"@type":"ImageObject","inLanguage":"es","@id":"https:\/\/secure.gravatar.com\/avatar\/4dfbf16b4d17945bfb6341b2d19043457132fcf478a5ee04f42e959fd8f5df0a?s=96&d=mm&r=g","url":"https:\/\/secure.gravatar.com\/avatar\/4dfbf16b4d17945bfb6341b2d19043457132fcf478a5ee04f42e959fd8f5df0a?s=96&d=mm&r=g","contentUrl":"https:\/\/secure.gravatar.com\/avatar\/4dfbf16b4d17945bfb6341b2d19043457132fcf478a5ee04f42e959fd8f5df0a?s=96&d=mm&r=g","caption":"NOTICIASMERCEDINAS.COM"},"url":"https:\/\/noticiasmercedinas.com\/site\/author\/anonimo\/"}]}},"amp_enabled":true,"_links":{"self":[{"href":"https:\/\/noticiasmercedinas.com\/site\/wp-json\/wp\/v2\/posts\/109079","targetHints":{"allow":["GET"]}}],"collection":[{"href":"https:\/\/noticiasmercedinas.com\/site\/wp-json\/wp\/v2\/posts"}],"about":[{"href":"https:\/\/noticiasmercedinas.com\/site\/wp-json\/wp\/v2\/types\/post"}],"author":[{"embeddable":true,"href":"https:\/\/noticiasmercedinas.com\/site\/wp-json\/wp\/v2\/users\/16"}],"replies":[{"embeddable":true,"href":"https:\/\/noticiasmercedinas.com\/site\/wp-json\/wp\/v2\/comments?post=109079"}],"version-history":[{"count":1,"href":"https:\/\/noticiasmercedinas.com\/site\/wp-json\/wp\/v2\/posts\/109079\/revisions"}],"predecessor-version":[{"id":109082,"href":"https:\/\/noticiasmercedinas.com\/site\/wp-json\/wp\/v2\/posts\/109079\/revisions\/109082"}],"wp:featuredmedia":[{"embeddable":true,"href":"https:\/\/noticiasmercedinas.com\/site\/wp-json\/wp\/v2\/media\/109081"}],"wp:attachment":[{"href":"https:\/\/noticiasmercedinas.com\/site\/wp-json\/wp\/v2\/media?parent=109079"}],"wp:term":[{"taxonomy":"category","embeddable":true,"href":"https:\/\/noticiasmercedinas.com\/site\/wp-json\/wp\/v2\/categories?post=109079"},{"taxonomy":"post_tag","embeddable":true,"href":"https:\/\/noticiasmercedinas.com\/site\/wp-json\/wp\/v2\/tags?post=109079"}],"curies":[{"name":"wp","href":"https:\/\/api.w.org\/{rel}","templated":true}]}}