{"id":109111,"date":"2023-02-13T19:07:54","date_gmt":"2023-02-13T22:07:54","guid":{"rendered":"https:\/\/noticiasmercedinas.com\/site\/?p=109111"},"modified":"2023-02-13T19:07:54","modified_gmt":"2023-02-13T22:07:54","slug":"wado-de-pedro-encabezo-la-firma-de-un-acuerdo-para-mejorar-el-manejo-del-agua","status":"publish","type":"post","link":"https:\/\/noticiasmercedinas.com\/site\/2023\/02\/13\/wado-de-pedro-encabezo-la-firma-de-un-acuerdo-para-mejorar-el-manejo-del-agua\/","title":{"rendered":"Wado de Pedro encabez\u00f3 la firma de un acuerdo para mejorar el manejo del agua"},"content":{"rendered":"<p><img loading=\"lazy\" decoding=\"async\" class=\"alignnone size-large wp-image-109114\" src=\"https:\/\/noticiasmercedinas.com\/site\/wp-content\/uploads\/2023\/02\/wadodepedro-1024x682.jpg\" alt=\"\" width=\"640\" height=\"426\" \/><\/p>\n<p>El ministro del Interior, Wado de Pedro, encabez\u00f3 hoy junto a su par de Obras P\u00fablicas, Gabriel Katopodis; un nuevo acuerdo, a trav\u00e9s del Consejo Federal de Inversiones (CFI), para que otras cinco provincias reciban asistencia t\u00e9cnica de la compa\u00f1\u00eda nacional de agua de Israel, Mekorot, para hacer m\u00e1s eficiente el manejo del agua en Catamarca, Formosa, La Rioja, R\u00edo Negro y Santa Cruz.<\/p>\n<p>En el acto, donde estuvieron presentes el embajador de Israel, Eyal Sela; el presidente de Mekorot, Yitzhak Aharonovich; y el presidente de la C\u00e1mara de Comercio Argentino Israel\u00ed, Mario Montoto; el ministro del Interior destac\u00f3 que, con la firma de estos convenios, \u201cen Argentina estamos dando pasos importantes para poder discernir y sacar del ruido de la discusi\u00f3n pol\u00edtica diaria cu\u00e1les son los temas centrales que hacen al futuro de la producci\u00f3n, del trabajo y de la vida de los argentinos y argentinas\u201d.<\/p>\n<p>\u201cDe Israel podemos rescatar dos ejemplos. Uno es c\u00f3mo Israel, que ten\u00eda un problema similar o quiz\u00e1s m\u00e1s acentuado en lo relativo a su inflaci\u00f3n, gener\u00f3 consensos y acuerdos entre todos los actores pol\u00edticos, econ\u00f3micos y sociales, defendiendo el inter\u00e9s colectivo, y pudo resolver un problema tan serio para la vida diaria como es la inflaci\u00f3n\u201d, manifest\u00f3 Wado de Pedro, durante el acto que tuvo lugar en el Centro Cultural Kirchner, donde se hicieron presentes los gobernadores de Catamarca, Ra\u00fal Jalil; de Formosa, Gildo Insfr\u00e1n; de La Rioja, Ricardo Quintela; de R\u00edo Negro, Arabela Carreras; el vicegobernador de Santa Cruz, Eugenio Quiroga, y los mandatarios de Santa Fe, Omar Perotti; y Santiago del Estero, Gerardo Zamora, adem\u00e1s del secretario general del CFI, Ignacio Lamothe; y el coordinador de Proyectos Especiales Internacionales de la empresa estatal israel\u00ed, Diego Berger.<\/p>\n<p>\u201cY el segundo problema de Israel fue el de administrar un recurso escaso como es el agua\u201d, afirm\u00f3 Wado de Pedro, y destac\u00f3 que \u201cestos convenios nos har\u00e1n pensar, siempre de manera plural y colectiva, en encontrar algo que suena f\u00e1cil pero muchas veces en la pol\u00edtica no es tan f\u00e1cil: c\u00f3mo gestionamos un recurso natural, vital y estrat\u00e9gico como es el agua\u201d.<\/p>\n<p>\u201c\u00c9ste es un gran paso de la dirigencia argentina, y tambi\u00e9n del sector privado argentino, para hallar un m\u00e9todo que nos permita solucionar los problemas estructurales de nuestro pa\u00eds, poniendo el foco en el m\u00e9todo, en c\u00f3mo podemos ser capaces de tener un diagn\u00f3stico certero y realista, y c\u00f3mo planificamos el futuro de cada uno de los inconvenientes\u201d, concluy\u00f3 el titular de Interior.<\/p>\n<blockquote><p>\u201cEstos convenios nos har\u00e1n pensar, siempre de manera plural y colectiva, en encontrar algo que suena f\u00e1cil pero muchas veces en la pol\u00edtica no es tan f\u00e1cil: c\u00f3mo gestionamos un recurso natural, vital y estrat\u00e9gico como es el agua\u201d<\/p><\/blockquote>\n<p>Para finalizar: \u201cEstos acuerdos nos hacen pensar la Argentina del futuro, son parte de las soluciones y llegaron para conformar la agenda del futuro. Es el camino que tenemos, por lo menos, con este m\u00e9todo de escuchar, planificar y hacer. Es el camino que recorreremos los argentinos y las argentinas para ir resolviendo cada uno de los problemas estructurales. Siempre pensando en la soberan\u00eda nacional y en la felicidad de cada uno de los y las habitantes de nuestro pa\u00eds\u201d.<\/p>\n<p>Por su parte el embajador de Israel, Eyal Sela, se\u00f1al\u00f3 la relevancia del v\u00ednculo bilateral, destacando que Argentina e Israel comparten una nutrida agenda, que hoy tiene el tema del manejo de los recursos h\u00eddricos entre sus aspectos salientes, pero que no se agota all\u00ed, y que da cuenta de la solidez de los buenos v\u00ednculos hist\u00f3ricos entre ambos pa\u00edses.<\/p>\n<p>Asimismo, volvi\u00f3 a felicitar la labor de la delegaci\u00f3n que en abril del 2022 viaj\u00f3 a Israel, y cuyos resultados se van plasmando en proyectos y programas muy positivos en beneficio de la gente.<\/p>\n<p>El presidente de Mekorot, Yitzhak Aharonovich, resalt\u00f3 que \u201cel agua es un elemento vital y, sin embargo, millones de personas en el mundo no tienen acceso a \u00e9l\u201d, y se\u00f1al\u00f3 que \u201cIsrael tiene una vasta experiencia en la utilizaci\u00f3n de este valioso recurso estrat\u00e9gico\u201d.<\/p>\n<p>\u201cMekorot, como empresa nacional del agua israel\u00ed, tiene intenci\u00f3n de seguir profundizando lazos de cooperaci\u00f3n con pa\u00edses amigos como la Argentina\u201d, a\u00f1adi\u00f3 Aharonovich. Este camino lleva algunos meses y, seg\u00fan el presidente de la empresa israel\u00ed, seguir\u00e1 afianz\u00e1ndose.<\/p>\n<p>A su turno, Arabela Carreras recalc\u00f3 \u201cla importancia de la experiencia que signific\u00f3 el viaje a Israel en much\u00edsimos sentidos: no s\u00f3lo en lo relativo a administrar un recurso escaso y hacer, gracias a esa administraci\u00f3n, un gran pa\u00eds, sino en muchos otros aspectos: el tecnol\u00f3gico, el de desarrollo, y la mirada estrat\u00e9gica sobre los recursos\u201d.<\/p>\n<p>\u201cCreemos necesario mejorar, ya que tenemos grandes virtudes como pa\u00eds. Tenemos un futuro magn\u00edfico como pa\u00eds, y tambi\u00e9n podemos aprender mucho del recorrido que Israel ha hecho\u201d, finaliz\u00f3 la gobernadora.<\/p>\n<p>Mientras que Omar Perotti indic\u00f3 que esta tarea iniciada de manera conjunta con Israel posibilitar\u00e1 \u201cgarantizar una sustentabilidad y una capacidad productiva que nos permita recuperar, arraigar la zona y atenuar esos ciclos de largas sequ\u00edas o de fuertes inundaciones\u201d.<\/p>\n<p>\u201cEl cambio clim\u00e1tico se expresa con dureza, m\u00e1s all\u00e1 de las creencias o de los convencimientos. Eso altera las producciones, altera la vida en distintos pueblos y ciudades. Esta situaci\u00f3n nos tiene que llevar a poner sobre la mesa el hecho de compartir conocimientos; estar cerca de quienes los han incorporado y tienen tradici\u00f3n, pero tambi\u00e9n siguen en el d\u00eda a d\u00eda la incorporaci\u00f3n de tecnolog\u00eda y de conocimiento. Y qu\u00e9 mejor que hacerlo entre dos pa\u00edses amigos como Argentina e Israel, con una potencialidad enorme en el trabajo com\u00fan\u201d, a\u00f1adi\u00f3 el gobernador de Santa Fe.<\/p>\n<p>Por su parte, Lamothe resalt\u00f3 que \u201cla misi\u00f3n t\u00e9cnica a Israel en 2022 fue un hito, un punto de inflexi\u00f3n en c\u00f3mo pensamos la administraci\u00f3n del recurso h\u00eddrico en Argentina\u201d, y a\u00f1adi\u00f3 que \u201chay siete provincias que ya est\u00e1n dise\u00f1ando sus planes de la mano de una empresa l\u00edder a nivel global en el dise\u00f1o de administraci\u00f3n h\u00eddrica como es Mekorot\u201d.<\/p>\n<p>\u201cEs muy prometedor ver a gran parte de la pol\u00edtica argentina de todos los partidos pol\u00edticos comprometidos con la administraci\u00f3n eficiente del recurso h\u00eddrico. Todos sabemos que Argentina tiene un gran futuro, y que el agua va a jugar un rol determinante\u201d, concluy\u00f3 Lamothe.<\/p>\n<p>De esta manera, el Gobierno nacional ya potenci\u00f3 acuerdos con siete de las 10 provincias que participaron de la Misi\u00f3n T\u00e9cnica por el Agua desarrollada en abril del a\u00f1o pasado en Israel, y tras la cual ya San Juan y Mendoza rubricaron sendos acuerdos con Mekorot en septiembre de 2022. Las provincias de Catamarca, La Rioja y R\u00edo Negro firmaron los contratos para el inicio de la elaboraci\u00f3n de los planes maestros h\u00eddricos. Mientras que las provincias de Formosa y Santa Cruz rubricaron los contratos de consultor\u00edas para iniciar el proceso de asesoramiento con Mekorot.<\/p>\n<p>Adem\u00e1s, la provincia de Santiago del Estero firm\u00f3 un convenio con el CFI para el desarrollo de los lineamientos t\u00e9cnicos y t\u00e9rminos de referencia para el Plan Maestro h\u00eddrico de la provincia.<\/p>\n<p>Tambi\u00e9n participaron del acto el secretario de Provincias, Bruno Ruggeri; el secretario de Municipios, Avelino Zurro; la subsecretaria de Pol\u00edticas para el Desarrollo con Equidad Regional, Paula Espa\u00f1ol; el secretario de Relaciones Municipales, Pablo Giles; el subsecretario de Recursos H\u00eddricos, Fernando Z\u00e1rate; el presidente del INA, Juan Carlos Bertoni; el subadministrador del ENOHSA, N\u00e9stor \u00c1lvarez; el presidente de la C\u00e1mara de Comercio Argentino Israel\u00ed, Mario Montoto; y el ex Ministro Agricultura, Ganader\u00eda y Pesca de la Naci\u00f3n, Juli\u00e1n Dom\u00ednguez.<\/p>\n<p><img loading=\"lazy\" decoding=\"async\" class=\"alignnone size-large wp-image-109113\" src=\"https:\/\/noticiasmercedinas.com\/site\/wp-content\/uploads\/2023\/02\/wadodepedro1-1024x682.jpg\" alt=\"\" width=\"640\" height=\"426\" \/><\/p>\n<p><strong>Antecedentes de la gira<\/strong><br \/>\nEntre los d\u00edas 21 al 28 de abril de 2022 -y fruto del trabajo coordinado entre el Ministerio del Interior, la Embajada de Israel y el Consejo Federal de Inversiones (CFI)- se realiz\u00f3 la Misi\u00f3n de Cooperaci\u00f3n cient\u00edfico tecnol\u00f3gica en manejo del agua al Estado de Israel, con el fin de conocer m\u00e1s sobre el modelo de gesti\u00f3n israel\u00ed para afrontar la crisis h\u00eddrica.<\/p>\n<p>Participaron el ministro del Interior, Wado de Pedro; el entonces ministro de Agricultura, Ganader\u00eda y Pesca, Juli\u00e1n Dom\u00ednguez; el ministro de Ciencia y Tecnolog\u00eda, Daniel Filmus; el titular del Consejo Federal de Inversiones (CFI), Ignacio Lamothe; y gobernadores, gobernadoras y representantes de 10 provincias.<\/p>\n<p>Viajaron los gobernadores de Catamarca, Ra\u00fal Jalil; de Entre R\u00edos, Gustavo Bordet; de Formosa; Gildo Insfr\u00e1n; de Mendoza, Rodolfo Su\u00e1rez; de R\u00edo Negro, Arabela Carreras; de San Juan, Sergio U\u00f1ac; y de Santa Cruz, Alicia Kirchner. A estos mandatarios y funcionarios se sumaron Adolfo Scaglioni, ministro de Agua y Energ\u00eda de La Rioja; representantes de Santiago del Estero, adem\u00e1s de senadores nacionales y equipos t\u00e9cnicos provinciales.<\/p>\n<p>Fue una de las misiones m\u00e1s importantes en la historia de las relaciones de cooperaci\u00f3n e intercambio entre ambos pa\u00edses.<\/p>\n<p>El proyecto de intercambio comenz\u00f3 a gestarse a partir de los encuentros entre el ministro del Interior y la entonces embajadora de Israel en la Argentina, Galit Ronen, quienes dialogaron en varias oportunidades en torno a la experiencia de Israel en lo relativo a la administraci\u00f3n del agua, proyectos de riego y tecnolog\u00eda, como as\u00ed tambi\u00e9n la posibilidad de volcar esa experiencia para potenciar la producci\u00f3n del pa\u00eds.<\/p>\n<p><img loading=\"lazy\" decoding=\"async\" class=\"alignnone size-large wp-image-109112\" src=\"https:\/\/noticiasmercedinas.com\/site\/wp-content\/uploads\/2023\/02\/wadodepedro2-1024x682.jpg\" alt=\"\" width=\"640\" height=\"426\" \/><\/p>\n","protected":false},"excerpt":{"rendered":"<p>\u25a0 A casi un a\u00f1o de la gira de gobernadores por Israel, fue sellado un acuerdo \u00a0t\u00e9cnico entre cinco provincias y la estatal israel\u00ed Mekorot\u00a0<\/p>\n","protected":false},"author":16,"featured_media":109114,"comment_status":"open","ping_status":"open","sticky":false,"template":"","format":"standard","meta":{"footnotes":""},"categories":[16],"tags":[16181,13790,10245,16182,6515,8045,2863,16180,13318,8159,12572,15595,13939,15541,4208,4207,8490,1821,4963],"class_list":["post-109111","post","type-post","status-publish","format-standard","has-post-thumbnail","hentry","category-politica","tag-arabela-carreras","tag-catamarca","tag-cfi","tag-eugenio-quiroga","tag-formosa","tag-gerardo-zamora","tag-gildo-insfran","tag-gobernadores","tag-ignacio-lamothe","tag-israel","tag-la-rioja","tag-omar-perotti","tag-raul-jalil","tag-ricardo-quintela","tag-rio-negro","tag-santa-cruz","tag-santa-fe","tag-santiago-del-estero","tag-wado-de-pedro"],"yoast_head":"<!-- This site is optimized with the Yoast SEO plugin v27.5 - https:\/\/yoast.com\/product\/yoast-seo-wordpress\/ -->\n<title>Wado de Pedro encabez\u00f3 la firma de un acuerdo para mejorar el manejo del agua<\/title>\n<meta name=\"robots\" content=\"index, follow, max-snippet:-1, max-image-preview:large, max-video-preview:-1\" \/>\n<link rel=\"canonical\" href=\"https:\/\/noticiasmercedinas.com\/site\/2023\/02\/13\/wado-de-pedro-encabezo-la-firma-de-un-acuerdo-para-mejorar-el-manejo-del-agua\/\" \/>\n<meta property=\"og:locale\" content=\"es_ES\" \/>\n<meta property=\"og:type\" content=\"article\" \/>\n<meta property=\"og:title\" content=\"Wado de Pedro encabez\u00f3 la firma de un acuerdo para mejorar el manejo del agua\" \/>\n<meta property=\"og:description\" content=\"\u25a0 A casi un a\u00f1o de la gira de gobernadores por Israel, fue sellado un acuerdo \u00a0t\u00e9cnico entre cinco provincias y la estatal israel\u00ed Mekorot\u00a0\" \/>\n<meta property=\"og:url\" content=\"https:\/\/noticiasmercedinas.com\/site\/2023\/02\/13\/wado-de-pedro-encabezo-la-firma-de-un-acuerdo-para-mejorar-el-manejo-del-agua\/\" \/>\n<meta property=\"og:site_name\" content=\"NOTICIASMERCEDINAS.COM\" \/>\n<meta property=\"article:publisher\" content=\"https:\/\/www.facebook.com\/noticiasmercedinas\/\" \/>\n<meta property=\"article:published_time\" content=\"2023-02-13T22:07:54+00:00\" \/>\n<meta property=\"og:image\" content=\"https:\/\/noticiasmercedinas.com\/site\/wp-content\/uploads\/2023\/02\/wadodepedro-e1676325884725.jpg\" \/>\n\t<meta property=\"og:image:width\" content=\"640\" \/>\n\t<meta property=\"og:image:height\" content=\"426\" \/>\n\t<meta property=\"og:image:type\" content=\"image\/jpeg\" \/>\n<meta name=\"author\" content=\"NOTICIASMERCEDINAS.COM\" \/>\n<meta name=\"twitter:card\" content=\"summary_large_image\" \/>\n<meta name=\"twitter:creator\" content=\"@notmercedinas\" \/>\n<meta name=\"twitter:site\" content=\"@notmercedinas\" \/>\n<meta name=\"twitter:label1\" content=\"Escrito por\" \/>\n\t<meta name=\"twitter:data1\" content=\"NOTICIASMERCEDINAS.COM\" \/>\n\t<meta name=\"twitter:label2\" content=\"Tiempo de lectura\" \/>\n\t<meta name=\"twitter:data2\" content=\"8 minutos\" \/>\n<script type=\"application\/ld+json\" class=\"yoast-schema-graph\">{\"@context\":\"https:\\\/\\\/schema.org\",\"@graph\":[{\"@type\":\"Article\",\"@id\":\"https:\\\/\\\/noticiasmercedinas.com\\\/site\\\/2023\\\/02\\\/13\\\/wado-de-pedro-encabezo-la-firma-de-un-acuerdo-para-mejorar-el-manejo-del-agua\\\/#article\",\"isPartOf\":{\"@id\":\"https:\\\/\\\/noticiasmercedinas.com\\\/site\\\/2023\\\/02\\\/13\\\/wado-de-pedro-encabezo-la-firma-de-un-acuerdo-para-mejorar-el-manejo-del-agua\\\/\"},\"author\":{\"name\":\"NOTICIASMERCEDINAS.COM\",\"@id\":\"https:\\\/\\\/noticiasmercedinas.com\\\/site\\\/#\\\/schema\\\/person\\\/84b59c099c28ff2e8b77d4ceec5d8063\"},\"headline\":\"Wado de Pedro encabez\u00f3 la firma de un acuerdo para mejorar el manejo del agua\",\"datePublished\":\"2023-02-13T22:07:54+00:00\",\"mainEntityOfPage\":{\"@id\":\"https:\\\/\\\/noticiasmercedinas.com\\\/site\\\/2023\\\/02\\\/13\\\/wado-de-pedro-encabezo-la-firma-de-un-acuerdo-para-mejorar-el-manejo-del-agua\\\/\"},\"wordCount\":1666,\"commentCount\":2,\"publisher\":{\"@id\":\"https:\\\/\\\/noticiasmercedinas.com\\\/site\\\/#organization\"},\"image\":{\"@id\":\"https:\\\/\\\/noticiasmercedinas.com\\\/site\\\/2023\\\/02\\\/13\\\/wado-de-pedro-encabezo-la-firma-de-un-acuerdo-para-mejorar-el-manejo-del-agua\\\/#primaryimage\"},\"thumbnailUrl\":\"https:\\\/\\\/noticiasmercedinas.com\\\/site\\\/wp-content\\\/uploads\\\/2023\\\/02\\\/wadodepedro-e1676325884725.jpg\",\"keywords\":[\"Arabela Carreras\",\"catamarca\",\"cfi\",\"Eugenio Quiroga\",\"formosa\",\"Gerardo Zamora\",\"Gildo Insfran\",\"gobernadores\",\"Ignacio Lamothe\",\"israel\",\"la rioja\",\"omar perotti\",\"raul jalil\",\"Ricardo Quintela\",\"R\u00edo Negro\",\"Santa Cruz\",\"Santa Fe\",\"santiago del estero\",\"wado de pedro\"],\"articleSection\":[\"Politica\"],\"inLanguage\":\"es\",\"potentialAction\":[{\"@type\":\"CommentAction\",\"name\":\"Comment\",\"target\":[\"https:\\\/\\\/noticiasmercedinas.com\\\/site\\\/2023\\\/02\\\/13\\\/wado-de-pedro-encabezo-la-firma-de-un-acuerdo-para-mejorar-el-manejo-del-agua\\\/#respond\"]}]},{\"@type\":\"WebPage\",\"@id\":\"https:\\\/\\\/noticiasmercedinas.com\\\/site\\\/2023\\\/02\\\/13\\\/wado-de-pedro-encabezo-la-firma-de-un-acuerdo-para-mejorar-el-manejo-del-agua\\\/\",\"url\":\"https:\\\/\\\/noticiasmercedinas.com\\\/site\\\/2023\\\/02\\\/13\\\/wado-de-pedro-encabezo-la-firma-de-un-acuerdo-para-mejorar-el-manejo-del-agua\\\/\",\"name\":\"Wado de Pedro encabez\u00f3 la firma de un acuerdo para mejorar el manejo del agua\",\"isPartOf\":{\"@id\":\"https:\\\/\\\/noticiasmercedinas.com\\\/site\\\/#website\"},\"primaryImageOfPage\":{\"@id\":\"https:\\\/\\\/noticiasmercedinas.com\\\/site\\\/2023\\\/02\\\/13\\\/wado-de-pedro-encabezo-la-firma-de-un-acuerdo-para-mejorar-el-manejo-del-agua\\\/#primaryimage\"},\"image\":{\"@id\":\"https:\\\/\\\/noticiasmercedinas.com\\\/site\\\/2023\\\/02\\\/13\\\/wado-de-pedro-encabezo-la-firma-de-un-acuerdo-para-mejorar-el-manejo-del-agua\\\/#primaryimage\"},\"thumbnailUrl\":\"https:\\\/\\\/noticiasmercedinas.com\\\/site\\\/wp-content\\\/uploads\\\/2023\\\/02\\\/wadodepedro-e1676325884725.jpg\",\"datePublished\":\"2023-02-13T22:07:54+00:00\",\"breadcrumb\":{\"@id\":\"https:\\\/\\\/noticiasmercedinas.com\\\/site\\\/2023\\\/02\\\/13\\\/wado-de-pedro-encabezo-la-firma-de-un-acuerdo-para-mejorar-el-manejo-del-agua\\\/#breadcrumb\"},\"inLanguage\":\"es\",\"potentialAction\":[{\"@type\":\"ReadAction\",\"target\":[\"https:\\\/\\\/noticiasmercedinas.com\\\/site\\\/2023\\\/02\\\/13\\\/wado-de-pedro-encabezo-la-firma-de-un-acuerdo-para-mejorar-el-manejo-del-agua\\\/\"]}]},{\"@type\":\"ImageObject\",\"inLanguage\":\"es\",\"@id\":\"https:\\\/\\\/noticiasmercedinas.com\\\/site\\\/2023\\\/02\\\/13\\\/wado-de-pedro-encabezo-la-firma-de-un-acuerdo-para-mejorar-el-manejo-del-agua\\\/#primaryimage\",\"url\":\"https:\\\/\\\/noticiasmercedinas.com\\\/site\\\/wp-content\\\/uploads\\\/2023\\\/02\\\/wadodepedro-e1676325884725.jpg\",\"contentUrl\":\"https:\\\/\\\/noticiasmercedinas.com\\\/site\\\/wp-content\\\/uploads\\\/2023\\\/02\\\/wadodepedro-e1676325884725.jpg\",\"width\":640,\"height\":426},{\"@type\":\"BreadcrumbList\",\"@id\":\"https:\\\/\\\/noticiasmercedinas.com\\\/site\\\/2023\\\/02\\\/13\\\/wado-de-pedro-encabezo-la-firma-de-un-acuerdo-para-mejorar-el-manejo-del-agua\\\/#breadcrumb\",\"itemListElement\":[{\"@type\":\"ListItem\",\"position\":1,\"name\":\"Portada\",\"item\":\"https:\\\/\\\/noticiasmercedinas.com\\\/site\\\/\"},{\"@type\":\"ListItem\",\"position\":2,\"name\":\"Wado de Pedro encabez\u00f3 la firma de un acuerdo para mejorar el manejo del agua\"}]},{\"@type\":\"WebSite\",\"@id\":\"https:\\\/\\\/noticiasmercedinas.com\\\/site\\\/#website\",\"url\":\"https:\\\/\\\/noticiasmercedinas.com\\\/site\\\/\",\"name\":\"NOTICIASMERCEDINAS.COM\",\"description\":\"Mercedes, Buenos Aires, Argentina\",\"publisher\":{\"@id\":\"https:\\\/\\\/noticiasmercedinas.com\\\/site\\\/#organization\"},\"potentialAction\":[{\"@type\":\"SearchAction\",\"target\":{\"@type\":\"EntryPoint\",\"urlTemplate\":\"https:\\\/\\\/noticiasmercedinas.com\\\/site\\\/?s={search_term_string}\"},\"query-input\":{\"@type\":\"PropertyValueSpecification\",\"valueRequired\":true,\"valueName\":\"search_term_string\"}}],\"inLanguage\":\"es\"},{\"@type\":\"Organization\",\"@id\":\"https:\\\/\\\/noticiasmercedinas.com\\\/site\\\/#organization\",\"name\":\"NOTICIASMERCEDINAS.COM\",\"url\":\"https:\\\/\\\/noticiasmercedinas.com\\\/site\\\/\",\"logo\":{\"@type\":\"ImageObject\",\"inLanguage\":\"es\",\"@id\":\"https:\\\/\\\/noticiasmercedinas.com\\\/site\\\/#\\\/schema\\\/logo\\\/image\\\/\",\"url\":\"https:\\\/\\\/noticiasmercedinas.com\\\/site\\\/wp-content\\\/uploads\\\/2020\\\/06\\\/LOGO-512.jpg\",\"contentUrl\":\"https:\\\/\\\/noticiasmercedinas.com\\\/site\\\/wp-content\\\/uploads\\\/2020\\\/06\\\/LOGO-512.jpg\",\"width\":512,\"height\":512,\"caption\":\"NOTICIASMERCEDINAS.COM\"},\"image\":{\"@id\":\"https:\\\/\\\/noticiasmercedinas.com\\\/site\\\/#\\\/schema\\\/logo\\\/image\\\/\"},\"sameAs\":[\"https:\\\/\\\/www.facebook.com\\\/noticiasmercedinas\\\/\",\"https:\\\/\\\/x.com\\\/notmercedinas\",\"https:\\\/\\\/www.instagram.com\\\/noticiasmercedinas\\\/\"]},{\"@type\":\"Person\",\"@id\":\"https:\\\/\\\/noticiasmercedinas.com\\\/site\\\/#\\\/schema\\\/person\\\/84b59c099c28ff2e8b77d4ceec5d8063\",\"name\":\"NOTICIASMERCEDINAS.COM\",\"image\":{\"@type\":\"ImageObject\",\"inLanguage\":\"es\",\"@id\":\"https:\\\/\\\/secure.gravatar.com\\\/avatar\\\/4dfbf16b4d17945bfb6341b2d19043457132fcf478a5ee04f42e959fd8f5df0a?s=96&d=mm&r=g\",\"url\":\"https:\\\/\\\/secure.gravatar.com\\\/avatar\\\/4dfbf16b4d17945bfb6341b2d19043457132fcf478a5ee04f42e959fd8f5df0a?s=96&d=mm&r=g\",\"contentUrl\":\"https:\\\/\\\/secure.gravatar.com\\\/avatar\\\/4dfbf16b4d17945bfb6341b2d19043457132fcf478a5ee04f42e959fd8f5df0a?s=96&d=mm&r=g\",\"caption\":\"NOTICIASMERCEDINAS.COM\"},\"url\":\"https:\\\/\\\/noticiasmercedinas.com\\\/site\\\/author\\\/anonimo\\\/\"}]}<\/script>\n<!-- \/ Yoast SEO plugin. -->","yoast_head_json":{"title":"Wado de Pedro encabez\u00f3 la firma de un acuerdo para mejorar el manejo del agua","robots":{"index":"index","follow":"follow","max-snippet":"max-snippet:-1","max-image-preview":"max-image-preview:large","max-video-preview":"max-video-preview:-1"},"canonical":"https:\/\/noticiasmercedinas.com\/site\/2023\/02\/13\/wado-de-pedro-encabezo-la-firma-de-un-acuerdo-para-mejorar-el-manejo-del-agua\/","og_locale":"es_ES","og_type":"article","og_title":"Wado de Pedro encabez\u00f3 la firma de un acuerdo para mejorar el manejo del agua","og_description":"\u25a0 A casi un a\u00f1o de la gira de gobernadores por Israel, fue sellado un acuerdo \u00a0t\u00e9cnico entre cinco provincias y la estatal israel\u00ed Mekorot\u00a0","og_url":"https:\/\/noticiasmercedinas.com\/site\/2023\/02\/13\/wado-de-pedro-encabezo-la-firma-de-un-acuerdo-para-mejorar-el-manejo-del-agua\/","og_site_name":"NOTICIASMERCEDINAS.COM","article_publisher":"https:\/\/www.facebook.com\/noticiasmercedinas\/","article_published_time":"2023-02-13T22:07:54+00:00","og_image":[{"width":640,"height":426,"url":"https:\/\/noticiasmercedinas.com\/site\/wp-content\/uploads\/2023\/02\/wadodepedro-e1676325884725.jpg","type":"image\/jpeg"}],"author":"NOTICIASMERCEDINAS.COM","twitter_card":"summary_large_image","twitter_creator":"@notmercedinas","twitter_site":"@notmercedinas","twitter_misc":{"Escrito por":"NOTICIASMERCEDINAS.COM","Tiempo de lectura":"8 minutos"},"schema":{"@context":"https:\/\/schema.org","@graph":[{"@type":"Article","@id":"https:\/\/noticiasmercedinas.com\/site\/2023\/02\/13\/wado-de-pedro-encabezo-la-firma-de-un-acuerdo-para-mejorar-el-manejo-del-agua\/#article","isPartOf":{"@id":"https:\/\/noticiasmercedinas.com\/site\/2023\/02\/13\/wado-de-pedro-encabezo-la-firma-de-un-acuerdo-para-mejorar-el-manejo-del-agua\/"},"author":{"name":"NOTICIASMERCEDINAS.COM","@id":"https:\/\/noticiasmercedinas.com\/site\/#\/schema\/person\/84b59c099c28ff2e8b77d4ceec5d8063"},"headline":"Wado de Pedro encabez\u00f3 la firma de un acuerdo para mejorar el manejo del agua","datePublished":"2023-02-13T22:07:54+00:00","mainEntityOfPage":{"@id":"https:\/\/noticiasmercedinas.com\/site\/2023\/02\/13\/wado-de-pedro-encabezo-la-firma-de-un-acuerdo-para-mejorar-el-manejo-del-agua\/"},"wordCount":1666,"commentCount":2,"publisher":{"@id":"https:\/\/noticiasmercedinas.com\/site\/#organization"},"image":{"@id":"https:\/\/noticiasmercedinas.com\/site\/2023\/02\/13\/wado-de-pedro-encabezo-la-firma-de-un-acuerdo-para-mejorar-el-manejo-del-agua\/#primaryimage"},"thumbnailUrl":"https:\/\/noticiasmercedinas.com\/site\/wp-content\/uploads\/2023\/02\/wadodepedro-e1676325884725.jpg","keywords":["Arabela Carreras","catamarca","cfi","Eugenio Quiroga","formosa","Gerardo Zamora","Gildo Insfran","gobernadores","Ignacio Lamothe","israel","la rioja","omar perotti","raul jalil","Ricardo Quintela","R\u00edo Negro","Santa Cruz","Santa Fe","santiago del estero","wado de pedro"],"articleSection":["Politica"],"inLanguage":"es","potentialAction":[{"@type":"CommentAction","name":"Comment","target":["https:\/\/noticiasmercedinas.com\/site\/2023\/02\/13\/wado-de-pedro-encabezo-la-firma-de-un-acuerdo-para-mejorar-el-manejo-del-agua\/#respond"]}]},{"@type":"WebPage","@id":"https:\/\/noticiasmercedinas.com\/site\/2023\/02\/13\/wado-de-pedro-encabezo-la-firma-de-un-acuerdo-para-mejorar-el-manejo-del-agua\/","url":"https:\/\/noticiasmercedinas.com\/site\/2023\/02\/13\/wado-de-pedro-encabezo-la-firma-de-un-acuerdo-para-mejorar-el-manejo-del-agua\/","name":"Wado de Pedro encabez\u00f3 la firma de un acuerdo para mejorar el manejo del agua","isPartOf":{"@id":"https:\/\/noticiasmercedinas.com\/site\/#website"},"primaryImageOfPage":{"@id":"https:\/\/noticiasmercedinas.com\/site\/2023\/02\/13\/wado-de-pedro-encabezo-la-firma-de-un-acuerdo-para-mejorar-el-manejo-del-agua\/#primaryimage"},"image":{"@id":"https:\/\/noticiasmercedinas.com\/site\/2023\/02\/13\/wado-de-pedro-encabezo-la-firma-de-un-acuerdo-para-mejorar-el-manejo-del-agua\/#primaryimage"},"thumbnailUrl":"https:\/\/noticiasmercedinas.com\/site\/wp-content\/uploads\/2023\/02\/wadodepedro-e1676325884725.jpg","datePublished":"2023-02-13T22:07:54+00:00","breadcrumb":{"@id":"https:\/\/noticiasmercedinas.com\/site\/2023\/02\/13\/wado-de-pedro-encabezo-la-firma-de-un-acuerdo-para-mejorar-el-manejo-del-agua\/#breadcrumb"},"inLanguage":"es","potentialAction":[{"@type":"ReadAction","target":["https:\/\/noticiasmercedinas.com\/site\/2023\/02\/13\/wado-de-pedro-encabezo-la-firma-de-un-acuerdo-para-mejorar-el-manejo-del-agua\/"]}]},{"@type":"ImageObject","inLanguage":"es","@id":"https:\/\/noticiasmercedinas.com\/site\/2023\/02\/13\/wado-de-pedro-encabezo-la-firma-de-un-acuerdo-para-mejorar-el-manejo-del-agua\/#primaryimage","url":"https:\/\/noticiasmercedinas.com\/site\/wp-content\/uploads\/2023\/02\/wadodepedro-e1676325884725.jpg","contentUrl":"https:\/\/noticiasmercedinas.com\/site\/wp-content\/uploads\/2023\/02\/wadodepedro-e1676325884725.jpg","width":640,"height":426},{"@type":"BreadcrumbList","@id":"https:\/\/noticiasmercedinas.com\/site\/2023\/02\/13\/wado-de-pedro-encabezo-la-firma-de-un-acuerdo-para-mejorar-el-manejo-del-agua\/#breadcrumb","itemListElement":[{"@type":"ListItem","position":1,"name":"Portada","item":"https:\/\/noticiasmercedinas.com\/site\/"},{"@type":"ListItem","position":2,"name":"Wado de Pedro encabez\u00f3 la firma de un acuerdo para mejorar el manejo del agua"}]},{"@type":"WebSite","@id":"https:\/\/noticiasmercedinas.com\/site\/#website","url":"https:\/\/noticiasmercedinas.com\/site\/","name":"NOTICIASMERCEDINAS.COM","description":"Mercedes, Buenos Aires, Argentina","publisher":{"@id":"https:\/\/noticiasmercedinas.com\/site\/#organization"},"potentialAction":[{"@type":"SearchAction","target":{"@type":"EntryPoint","urlTemplate":"https:\/\/noticiasmercedinas.com\/site\/?s={search_term_string}"},"query-input":{"@type":"PropertyValueSpecification","valueRequired":true,"valueName":"search_term_string"}}],"inLanguage":"es"},{"@type":"Organization","@id":"https:\/\/noticiasmercedinas.com\/site\/#organization","name":"NOTICIASMERCEDINAS.COM","url":"https:\/\/noticiasmercedinas.com\/site\/","logo":{"@type":"ImageObject","inLanguage":"es","@id":"https:\/\/noticiasmercedinas.com\/site\/#\/schema\/logo\/image\/","url":"https:\/\/noticiasmercedinas.com\/site\/wp-content\/uploads\/2020\/06\/LOGO-512.jpg","contentUrl":"https:\/\/noticiasmercedinas.com\/site\/wp-content\/uploads\/2020\/06\/LOGO-512.jpg","width":512,"height":512,"caption":"NOTICIASMERCEDINAS.COM"},"image":{"@id":"https:\/\/noticiasmercedinas.com\/site\/#\/schema\/logo\/image\/"},"sameAs":["https:\/\/www.facebook.com\/noticiasmercedinas\/","https:\/\/x.com\/notmercedinas","https:\/\/www.instagram.com\/noticiasmercedinas\/"]},{"@type":"Person","@id":"https:\/\/noticiasmercedinas.com\/site\/#\/schema\/person\/84b59c099c28ff2e8b77d4ceec5d8063","name":"NOTICIASMERCEDINAS.COM","image":{"@type":"ImageObject","inLanguage":"es","@id":"https:\/\/secure.gravatar.com\/avatar\/4dfbf16b4d17945bfb6341b2d19043457132fcf478a5ee04f42e959fd8f5df0a?s=96&d=mm&r=g","url":"https:\/\/secure.gravatar.com\/avatar\/4dfbf16b4d17945bfb6341b2d19043457132fcf478a5ee04f42e959fd8f5df0a?s=96&d=mm&r=g","contentUrl":"https:\/\/secure.gravatar.com\/avatar\/4dfbf16b4d17945bfb6341b2d19043457132fcf478a5ee04f42e959fd8f5df0a?s=96&d=mm&r=g","caption":"NOTICIASMERCEDINAS.COM"},"url":"https:\/\/noticiasmercedinas.com\/site\/author\/anonimo\/"}]}},"amp_enabled":true,"_links":{"self":[{"href":"https:\/\/noticiasmercedinas.com\/site\/wp-json\/wp\/v2\/posts\/109111","targetHints":{"allow":["GET"]}}],"collection":[{"href":"https:\/\/noticiasmercedinas.com\/site\/wp-json\/wp\/v2\/posts"}],"about":[{"href":"https:\/\/noticiasmercedinas.com\/site\/wp-json\/wp\/v2\/types\/post"}],"author":[{"embeddable":true,"href":"https:\/\/noticiasmercedinas.com\/site\/wp-json\/wp\/v2\/users\/16"}],"replies":[{"embeddable":true,"href":"https:\/\/noticiasmercedinas.com\/site\/wp-json\/wp\/v2\/comments?post=109111"}],"version-history":[{"count":1,"href":"https:\/\/noticiasmercedinas.com\/site\/wp-json\/wp\/v2\/posts\/109111\/revisions"}],"predecessor-version":[{"id":109115,"href":"https:\/\/noticiasmercedinas.com\/site\/wp-json\/wp\/v2\/posts\/109111\/revisions\/109115"}],"wp:featuredmedia":[{"embeddable":true,"href":"https:\/\/noticiasmercedinas.com\/site\/wp-json\/wp\/v2\/media\/109114"}],"wp:attachment":[{"href":"https:\/\/noticiasmercedinas.com\/site\/wp-json\/wp\/v2\/media?parent=109111"}],"wp:term":[{"taxonomy":"category","embeddable":true,"href":"https:\/\/noticiasmercedinas.com\/site\/wp-json\/wp\/v2\/categories?post=109111"},{"taxonomy":"post_tag","embeddable":true,"href":"https:\/\/noticiasmercedinas.com\/site\/wp-json\/wp\/v2\/tags?post=109111"}],"curies":[{"name":"wp","href":"https:\/\/api.w.org\/{rel}","templated":true}]}}