{"id":109333,"date":"2023-02-16T19:07:08","date_gmt":"2023-02-16T22:07:08","guid":{"rendered":"https:\/\/noticiasmercedinas.com\/site\/?p=109333"},"modified":"2023-02-17T07:59:01","modified_gmt":"2023-02-17T10:59:01","slug":"habra-una-expo-de-kalimbas-en-el-nuevo-centro-musical-cabina-ritmo","status":"publish","type":"post","link":"https:\/\/noticiasmercedinas.com\/site\/2023\/02\/16\/habra-una-expo-de-kalimbas-en-el-nuevo-centro-musical-cabina-ritmo\/","title":{"rendered":"Habr\u00e1 una expo de kalimbas en el nuevo centro musical \u00abCabina-Ritmo\u00bb"},"content":{"rendered":"<p><img loading=\"lazy\" decoding=\"async\" class=\"alignnone size-full wp-image-109334\" src=\"https:\/\/noticiasmercedinas.com\/site\/wp-content\/uploads\/2023\/02\/giorgione.jpg\" alt=\"\" width=\"640\" height=\"454\" srcset=\"https:\/\/noticiasmercedinas.com\/site\/wp-content\/uploads\/2023\/02\/giorgione.jpg 640w, https:\/\/noticiasmercedinas.com\/site\/wp-content\/uploads\/2023\/02\/giorgione-300x213.jpg 300w\" sizes=\"auto, (max-width: 640px) 100vw, 640px\" \/><\/p>\n<p>En un nuevo espacio cultural de la ciudad, llamado \u201cCabina \u2013 Ritmo\u201d, se viene una expo de kalimbas denominada \u201cChamuldio Jaffas\u201d. Quien dio a conocer la novedad fue el baterista <strong>Marcelo Giorgione<\/strong>, que es uno de los responsables del espacio ubicado en 24 entre 17 y 19 y que se yergue como un nuevo centro de estudios musicales.<\/p>\n<p>La exposici\u00f3n de kalimbas estar\u00e1 abierta desde el 22 al 26 de febrero, de 20:30 a 21:30 horas, y adem\u00e1s en el lugar hay una vidriera con m\u00fasica ambiente: el \u00e1lbum \u201cBaobabs\u201d, de <strong>Alejandro Franov<\/strong>.<\/p>\n<p>\u201cVoy a hacer una exposici\u00f3n de un amigo, Alejandro Franov, con una vidriera que va a ser con m\u00fasica ambiente y es sobre kalimbas artesanales\u201d, cont\u00f3 el propio Giorgione.<\/p>\n<p>\u201cEsta exposici\u00f3n va a ser del 22 al 26 de febrero en este nuevo espacio para estudios musicales, que est\u00e1 en calle 24 entre 17 y 19\u201d, dijo y coment\u00f3 sobre el nuevo espacio para estudios musicales que van a empezar con las inscripciones a partir de la semana pr\u00f3xima.<\/p>\n<p><img loading=\"lazy\" decoding=\"async\" class=\"alignnone size-full wp-image-109335\" src=\"https:\/\/noticiasmercedinas.com\/site\/wp-content\/uploads\/2023\/02\/giorgione3.jpg\" alt=\"\" width=\"640\" height=\"621\" srcset=\"https:\/\/noticiasmercedinas.com\/site\/wp-content\/uploads\/2023\/02\/giorgione3.jpg 640w, https:\/\/noticiasmercedinas.com\/site\/wp-content\/uploads\/2023\/02\/giorgione3-300x291.jpg 300w\" sizes=\"auto, (max-width: 640px) 100vw, 640px\" \/><\/p>\n<p>\u201cSe van a poder estudiar distintos instrumentos, como bater\u00eda, guitarra, bajo y piano. Es un espacio que lo quiero dedicar a amigos para que puedan exponer instrumentos construidos en forma muy artesanal y Alejandro Franov es uno de ellos\u201d, agreg\u061a\u00f3 Giorgione.<\/p>\n<p>Justamente el \u00e1lbum que va a ambientar la expo se llama \u201cBaobabs\u201d y est\u00e1 construido con kalimbas.<\/p>\n<p>La kalimba (o calimba), tambi\u00e9n conocida como sanza, mbira o mambira es un instrumento musical idi\u00f3fono, de sonido dulce inventado y extendido por todo el continente africano, est\u00e1 hecho de material recuperado.<\/p>\n<p>Recibe diferentes nombres, seg\u00fan los pa\u00edses y pueblos: malimba, mbira (o sanza), kisaanji, kisanji (o quissange), cuc\u00fa cu, tyitanzi, quisanche (o quisanga o quizanga) (seg\u00fan Alejo Alaniz tambi\u00e9n se denomina acorde\u00f3n de mano), likembe, sansula, etc\u00e9tera.<\/p>\n<p>Asociada al pueblo shona, se ejecuta principalmente en ceremonias religiosas y reuniones sociales. Tiene su mayor arraigo en Zimbabwe, al sureste de \u00c1frica, donde es considerado un instrumento nacional. Adem\u00e1s, es considerada por algunos autores como un antecesor del piano. Las primeras noticias sobre la mbira data son del siglo XVI, habiendo sido llevada a Iberoam\u00e9rica por los esclavos.<\/p>\n<p><strong>Inspiraci\u00f3n<br \/>\n<\/strong>En cuanto a la expo de instrumentos en s\u00ed, Alejandro Franov est\u00e1 inspirado en el personaje de los cuentos \u201cChamuldio Jaffa\u201d (el afinador de \u00e1rboles). \u201cAmbicioso en sus emprendimientos, \u00e9l sab\u00eda.que quer\u00eda realizar algo de otra naturaleza. Parti\u00f3 hacia \u201cYescozz\u201d, una ciudad que albergaba a miles de escultores sagrados, los que m\u00e1s tarde tasar\u00edan sus obras sonoras. Chamuldio Jaffa era en sus principios cristalizador de fuego hasta que su mujer lo convirti\u00f3 en un artesano, fabricando en su juventud Martin Fierros, bancos y varios otros objetos, hasta que decidi\u00f3 ser lo que m\u00e1s sent\u00eda en su interior: aprender a afinar \u00e1rboles\u201d, dice la rese\u00f1a de Franov, autor del \u00e1lbum \u201cBaobabs\u201d (2020).<\/p>\n<p><img loading=\"lazy\" decoding=\"async\" class=\"alignnone size-full wp-image-109336\" src=\"https:\/\/noticiasmercedinas.com\/site\/wp-content\/uploads\/2023\/02\/giorgione1.jpg\" alt=\"\" width=\"640\" height=\"945\" srcset=\"https:\/\/noticiasmercedinas.com\/site\/wp-content\/uploads\/2023\/02\/giorgione1.jpg 640w, https:\/\/noticiasmercedinas.com\/site\/wp-content\/uploads\/2023\/02\/giorgione1-203x300.jpg 203w\" sizes=\"auto, (max-width: 640px) 100vw, 640px\" \/><\/p>\n","protected":false},"excerpt":{"rendered":"<p>\u25a0 Habr\u00e1 instrumentos artesanales y m\u00fasica ambiente, del 22 al 26 de febrero en este nuevo espacio para estudios musicales, que est\u00e1 en calle 24 entre 17 y 19.<\/p>\n","protected":false},"author":16,"featured_media":109334,"comment_status":"open","ping_status":"open","sticky":false,"template":"","format":"standard","meta":{"footnotes":""},"categories":[4],"tags":[16222,3725,3726,16221,1085,236,16220,2676,88,5218],"class_list":["post-109333","post","type-post","status-publish","format-standard","has-post-thumbnail","hentry","category-cultura","tag-alejandro-franov","tag-bajo","tag-bateria","tag-cabina-ritmo","tag-cursos","tag-guitarra","tag-kalimbas","tag-marcelo-giorgione","tag-musica","tag-piano"],"yoast_head":"<!-- This site is optimized with the Yoast SEO plugin v27.4 - https:\/\/yoast.com\/product\/yoast-seo-wordpress\/ -->\n<title>Habr\u00e1 una expo de kalimbas en el nuevo centro musical &quot;Cabina-Ritmo&quot;<\/title>\n<meta name=\"robots\" content=\"index, follow, max-snippet:-1, max-image-preview:large, max-video-preview:-1\" \/>\n<link rel=\"canonical\" href=\"https:\/\/noticiasmercedinas.com\/site\/2023\/02\/16\/habra-una-expo-de-kalimbas-en-el-nuevo-centro-musical-cabina-ritmo\/\" \/>\n<meta property=\"og:locale\" content=\"es_ES\" \/>\n<meta property=\"og:type\" content=\"article\" \/>\n<meta property=\"og:title\" content=\"Habr\u00e1 una expo de kalimbas en el nuevo centro musical &quot;Cabina-Ritmo&quot;\" \/>\n<meta property=\"og:description\" content=\"\u25a0 Habr\u00e1 instrumentos artesanales y m\u00fasica ambiente, del 22 al 26 de febrero en este nuevo espacio para estudios musicales, que est\u00e1 en calle 24 entre 17 y 19.\" \/>\n<meta property=\"og:url\" content=\"https:\/\/noticiasmercedinas.com\/site\/2023\/02\/16\/habra-una-expo-de-kalimbas-en-el-nuevo-centro-musical-cabina-ritmo\/\" \/>\n<meta property=\"og:site_name\" content=\"NOTICIASMERCEDINAS.COM\" \/>\n<meta property=\"article:publisher\" content=\"https:\/\/www.facebook.com\/noticiasmercedinas\/\" \/>\n<meta property=\"article:published_time\" content=\"2023-02-16T22:07:08+00:00\" \/>\n<meta property=\"article:modified_time\" content=\"2023-02-17T10:59:01+00:00\" \/>\n<meta property=\"og:image\" content=\"https:\/\/noticiasmercedinas.com\/site\/wp-content\/uploads\/2023\/02\/giorgione.jpg\" \/>\n\t<meta property=\"og:image:width\" content=\"640\" \/>\n\t<meta property=\"og:image:height\" content=\"454\" \/>\n\t<meta property=\"og:image:type\" content=\"image\/jpeg\" \/>\n<meta name=\"author\" content=\"NOTICIASMERCEDINAS.COM\" \/>\n<meta name=\"twitter:card\" content=\"summary_large_image\" \/>\n<meta name=\"twitter:creator\" content=\"@notmercedinas\" \/>\n<meta name=\"twitter:site\" content=\"@notmercedinas\" \/>\n<meta name=\"twitter:label1\" content=\"Escrito por\" \/>\n\t<meta name=\"twitter:data1\" content=\"NOTICIASMERCEDINAS.COM\" \/>\n\t<meta name=\"twitter:label2\" content=\"Tiempo de lectura\" \/>\n\t<meta name=\"twitter:data2\" content=\"3 minutos\" \/>\n<script type=\"application\/ld+json\" class=\"yoast-schema-graph\">{\"@context\":\"https:\\\/\\\/schema.org\",\"@graph\":[{\"@type\":\"Article\",\"@id\":\"https:\\\/\\\/noticiasmercedinas.com\\\/site\\\/2023\\\/02\\\/16\\\/habra-una-expo-de-kalimbas-en-el-nuevo-centro-musical-cabina-ritmo\\\/#article\",\"isPartOf\":{\"@id\":\"https:\\\/\\\/noticiasmercedinas.com\\\/site\\\/2023\\\/02\\\/16\\\/habra-una-expo-de-kalimbas-en-el-nuevo-centro-musical-cabina-ritmo\\\/\"},\"author\":{\"name\":\"NOTICIASMERCEDINAS.COM\",\"@id\":\"https:\\\/\\\/noticiasmercedinas.com\\\/site\\\/#\\\/schema\\\/person\\\/84b59c099c28ff2e8b77d4ceec5d8063\"},\"headline\":\"Habr\u00e1 una expo de kalimbas en el nuevo centro musical \u00abCabina-Ritmo\u00bb\",\"datePublished\":\"2023-02-16T22:07:08+00:00\",\"dateModified\":\"2023-02-17T10:59:01+00:00\",\"mainEntityOfPage\":{\"@id\":\"https:\\\/\\\/noticiasmercedinas.com\\\/site\\\/2023\\\/02\\\/16\\\/habra-una-expo-de-kalimbas-en-el-nuevo-centro-musical-cabina-ritmo\\\/\"},\"wordCount\":493,\"commentCount\":0,\"publisher\":{\"@id\":\"https:\\\/\\\/noticiasmercedinas.com\\\/site\\\/#organization\"},\"image\":{\"@id\":\"https:\\\/\\\/noticiasmercedinas.com\\\/site\\\/2023\\\/02\\\/16\\\/habra-una-expo-de-kalimbas-en-el-nuevo-centro-musical-cabina-ritmo\\\/#primaryimage\"},\"thumbnailUrl\":\"https:\\\/\\\/noticiasmercedinas.com\\\/site\\\/wp-content\\\/uploads\\\/2023\\\/02\\\/giorgione.jpg\",\"keywords\":[\"Alejandro Franov\",\"bajo\",\"bateria\",\"cabina ritmo\",\"cursos\",\"guitarra\",\"kalimbas\",\"marcelo giorgione\",\"musica\",\"piano\"],\"articleSection\":[\"Cultura\"],\"inLanguage\":\"es\",\"potentialAction\":[{\"@type\":\"CommentAction\",\"name\":\"Comment\",\"target\":[\"https:\\\/\\\/noticiasmercedinas.com\\\/site\\\/2023\\\/02\\\/16\\\/habra-una-expo-de-kalimbas-en-el-nuevo-centro-musical-cabina-ritmo\\\/#respond\"]}]},{\"@type\":\"WebPage\",\"@id\":\"https:\\\/\\\/noticiasmercedinas.com\\\/site\\\/2023\\\/02\\\/16\\\/habra-una-expo-de-kalimbas-en-el-nuevo-centro-musical-cabina-ritmo\\\/\",\"url\":\"https:\\\/\\\/noticiasmercedinas.com\\\/site\\\/2023\\\/02\\\/16\\\/habra-una-expo-de-kalimbas-en-el-nuevo-centro-musical-cabina-ritmo\\\/\",\"name\":\"Habr\u00e1 una expo de kalimbas en el nuevo centro musical \\\"Cabina-Ritmo\\\"\",\"isPartOf\":{\"@id\":\"https:\\\/\\\/noticiasmercedinas.com\\\/site\\\/#website\"},\"primaryImageOfPage\":{\"@id\":\"https:\\\/\\\/noticiasmercedinas.com\\\/site\\\/2023\\\/02\\\/16\\\/habra-una-expo-de-kalimbas-en-el-nuevo-centro-musical-cabina-ritmo\\\/#primaryimage\"},\"image\":{\"@id\":\"https:\\\/\\\/noticiasmercedinas.com\\\/site\\\/2023\\\/02\\\/16\\\/habra-una-expo-de-kalimbas-en-el-nuevo-centro-musical-cabina-ritmo\\\/#primaryimage\"},\"thumbnailUrl\":\"https:\\\/\\\/noticiasmercedinas.com\\\/site\\\/wp-content\\\/uploads\\\/2023\\\/02\\\/giorgione.jpg\",\"datePublished\":\"2023-02-16T22:07:08+00:00\",\"dateModified\":\"2023-02-17T10:59:01+00:00\",\"breadcrumb\":{\"@id\":\"https:\\\/\\\/noticiasmercedinas.com\\\/site\\\/2023\\\/02\\\/16\\\/habra-una-expo-de-kalimbas-en-el-nuevo-centro-musical-cabina-ritmo\\\/#breadcrumb\"},\"inLanguage\":\"es\",\"potentialAction\":[{\"@type\":\"ReadAction\",\"target\":[\"https:\\\/\\\/noticiasmercedinas.com\\\/site\\\/2023\\\/02\\\/16\\\/habra-una-expo-de-kalimbas-en-el-nuevo-centro-musical-cabina-ritmo\\\/\"]}]},{\"@type\":\"ImageObject\",\"inLanguage\":\"es\",\"@id\":\"https:\\\/\\\/noticiasmercedinas.com\\\/site\\\/2023\\\/02\\\/16\\\/habra-una-expo-de-kalimbas-en-el-nuevo-centro-musical-cabina-ritmo\\\/#primaryimage\",\"url\":\"https:\\\/\\\/noticiasmercedinas.com\\\/site\\\/wp-content\\\/uploads\\\/2023\\\/02\\\/giorgione.jpg\",\"contentUrl\":\"https:\\\/\\\/noticiasmercedinas.com\\\/site\\\/wp-content\\\/uploads\\\/2023\\\/02\\\/giorgione.jpg\",\"width\":640,\"height\":454},{\"@type\":\"BreadcrumbList\",\"@id\":\"https:\\\/\\\/noticiasmercedinas.com\\\/site\\\/2023\\\/02\\\/16\\\/habra-una-expo-de-kalimbas-en-el-nuevo-centro-musical-cabina-ritmo\\\/#breadcrumb\",\"itemListElement\":[{\"@type\":\"ListItem\",\"position\":1,\"name\":\"Portada\",\"item\":\"https:\\\/\\\/noticiasmercedinas.com\\\/site\\\/\"},{\"@type\":\"ListItem\",\"position\":2,\"name\":\"Habr\u00e1 una expo de kalimbas en el nuevo centro musical \u00abCabina-Ritmo\u00bb\"}]},{\"@type\":\"WebSite\",\"@id\":\"https:\\\/\\\/noticiasmercedinas.com\\\/site\\\/#website\",\"url\":\"https:\\\/\\\/noticiasmercedinas.com\\\/site\\\/\",\"name\":\"NOTICIASMERCEDINAS.COM\",\"description\":\"Mercedes, Buenos Aires, Argentina\",\"publisher\":{\"@id\":\"https:\\\/\\\/noticiasmercedinas.com\\\/site\\\/#organization\"},\"potentialAction\":[{\"@type\":\"SearchAction\",\"target\":{\"@type\":\"EntryPoint\",\"urlTemplate\":\"https:\\\/\\\/noticiasmercedinas.com\\\/site\\\/?s={search_term_string}\"},\"query-input\":{\"@type\":\"PropertyValueSpecification\",\"valueRequired\":true,\"valueName\":\"search_term_string\"}}],\"inLanguage\":\"es\"},{\"@type\":\"Organization\",\"@id\":\"https:\\\/\\\/noticiasmercedinas.com\\\/site\\\/#organization\",\"name\":\"NOTICIASMERCEDINAS.COM\",\"url\":\"https:\\\/\\\/noticiasmercedinas.com\\\/site\\\/\",\"logo\":{\"@type\":\"ImageObject\",\"inLanguage\":\"es\",\"@id\":\"https:\\\/\\\/noticiasmercedinas.com\\\/site\\\/#\\\/schema\\\/logo\\\/image\\\/\",\"url\":\"https:\\\/\\\/noticiasmercedinas.com\\\/site\\\/wp-content\\\/uploads\\\/2020\\\/06\\\/LOGO-512.jpg\",\"contentUrl\":\"https:\\\/\\\/noticiasmercedinas.com\\\/site\\\/wp-content\\\/uploads\\\/2020\\\/06\\\/LOGO-512.jpg\",\"width\":512,\"height\":512,\"caption\":\"NOTICIASMERCEDINAS.COM\"},\"image\":{\"@id\":\"https:\\\/\\\/noticiasmercedinas.com\\\/site\\\/#\\\/schema\\\/logo\\\/image\\\/\"},\"sameAs\":[\"https:\\\/\\\/www.facebook.com\\\/noticiasmercedinas\\\/\",\"https:\\\/\\\/x.com\\\/notmercedinas\",\"https:\\\/\\\/www.instagram.com\\\/noticiasmercedinas\\\/\"]},{\"@type\":\"Person\",\"@id\":\"https:\\\/\\\/noticiasmercedinas.com\\\/site\\\/#\\\/schema\\\/person\\\/84b59c099c28ff2e8b77d4ceec5d8063\",\"name\":\"NOTICIASMERCEDINAS.COM\",\"image\":{\"@type\":\"ImageObject\",\"inLanguage\":\"es\",\"@id\":\"https:\\\/\\\/secure.gravatar.com\\\/avatar\\\/4dfbf16b4d17945bfb6341b2d19043457132fcf478a5ee04f42e959fd8f5df0a?s=96&d=mm&r=g\",\"url\":\"https:\\\/\\\/secure.gravatar.com\\\/avatar\\\/4dfbf16b4d17945bfb6341b2d19043457132fcf478a5ee04f42e959fd8f5df0a?s=96&d=mm&r=g\",\"contentUrl\":\"https:\\\/\\\/secure.gravatar.com\\\/avatar\\\/4dfbf16b4d17945bfb6341b2d19043457132fcf478a5ee04f42e959fd8f5df0a?s=96&d=mm&r=g\",\"caption\":\"NOTICIASMERCEDINAS.COM\"},\"url\":\"https:\\\/\\\/noticiasmercedinas.com\\\/site\\\/author\\\/anonimo\\\/\"}]}<\/script>\n<!-- \/ Yoast SEO plugin. -->","yoast_head_json":{"title":"Habr\u00e1 una expo de kalimbas en el nuevo centro musical \"Cabina-Ritmo\"","robots":{"index":"index","follow":"follow","max-snippet":"max-snippet:-1","max-image-preview":"max-image-preview:large","max-video-preview":"max-video-preview:-1"},"canonical":"https:\/\/noticiasmercedinas.com\/site\/2023\/02\/16\/habra-una-expo-de-kalimbas-en-el-nuevo-centro-musical-cabina-ritmo\/","og_locale":"es_ES","og_type":"article","og_title":"Habr\u00e1 una expo de kalimbas en el nuevo centro musical \"Cabina-Ritmo\"","og_description":"\u25a0 Habr\u00e1 instrumentos artesanales y m\u00fasica ambiente, del 22 al 26 de febrero en este nuevo espacio para estudios musicales, que est\u00e1 en calle 24 entre 17 y 19.","og_url":"https:\/\/noticiasmercedinas.com\/site\/2023\/02\/16\/habra-una-expo-de-kalimbas-en-el-nuevo-centro-musical-cabina-ritmo\/","og_site_name":"NOTICIASMERCEDINAS.COM","article_publisher":"https:\/\/www.facebook.com\/noticiasmercedinas\/","article_published_time":"2023-02-16T22:07:08+00:00","article_modified_time":"2023-02-17T10:59:01+00:00","og_image":[{"width":640,"height":454,"url":"https:\/\/noticiasmercedinas.com\/site\/wp-content\/uploads\/2023\/02\/giorgione.jpg","type":"image\/jpeg"}],"author":"NOTICIASMERCEDINAS.COM","twitter_card":"summary_large_image","twitter_creator":"@notmercedinas","twitter_site":"@notmercedinas","twitter_misc":{"Escrito por":"NOTICIASMERCEDINAS.COM","Tiempo de lectura":"3 minutos"},"schema":{"@context":"https:\/\/schema.org","@graph":[{"@type":"Article","@id":"https:\/\/noticiasmercedinas.com\/site\/2023\/02\/16\/habra-una-expo-de-kalimbas-en-el-nuevo-centro-musical-cabina-ritmo\/#article","isPartOf":{"@id":"https:\/\/noticiasmercedinas.com\/site\/2023\/02\/16\/habra-una-expo-de-kalimbas-en-el-nuevo-centro-musical-cabina-ritmo\/"},"author":{"name":"NOTICIASMERCEDINAS.COM","@id":"https:\/\/noticiasmercedinas.com\/site\/#\/schema\/person\/84b59c099c28ff2e8b77d4ceec5d8063"},"headline":"Habr\u00e1 una expo de kalimbas en el nuevo centro musical \u00abCabina-Ritmo\u00bb","datePublished":"2023-02-16T22:07:08+00:00","dateModified":"2023-02-17T10:59:01+00:00","mainEntityOfPage":{"@id":"https:\/\/noticiasmercedinas.com\/site\/2023\/02\/16\/habra-una-expo-de-kalimbas-en-el-nuevo-centro-musical-cabina-ritmo\/"},"wordCount":493,"commentCount":0,"publisher":{"@id":"https:\/\/noticiasmercedinas.com\/site\/#organization"},"image":{"@id":"https:\/\/noticiasmercedinas.com\/site\/2023\/02\/16\/habra-una-expo-de-kalimbas-en-el-nuevo-centro-musical-cabina-ritmo\/#primaryimage"},"thumbnailUrl":"https:\/\/noticiasmercedinas.com\/site\/wp-content\/uploads\/2023\/02\/giorgione.jpg","keywords":["Alejandro Franov","bajo","bateria","cabina ritmo","cursos","guitarra","kalimbas","marcelo giorgione","musica","piano"],"articleSection":["Cultura"],"inLanguage":"es","potentialAction":[{"@type":"CommentAction","name":"Comment","target":["https:\/\/noticiasmercedinas.com\/site\/2023\/02\/16\/habra-una-expo-de-kalimbas-en-el-nuevo-centro-musical-cabina-ritmo\/#respond"]}]},{"@type":"WebPage","@id":"https:\/\/noticiasmercedinas.com\/site\/2023\/02\/16\/habra-una-expo-de-kalimbas-en-el-nuevo-centro-musical-cabina-ritmo\/","url":"https:\/\/noticiasmercedinas.com\/site\/2023\/02\/16\/habra-una-expo-de-kalimbas-en-el-nuevo-centro-musical-cabina-ritmo\/","name":"Habr\u00e1 una expo de kalimbas en el nuevo centro musical \"Cabina-Ritmo\"","isPartOf":{"@id":"https:\/\/noticiasmercedinas.com\/site\/#website"},"primaryImageOfPage":{"@id":"https:\/\/noticiasmercedinas.com\/site\/2023\/02\/16\/habra-una-expo-de-kalimbas-en-el-nuevo-centro-musical-cabina-ritmo\/#primaryimage"},"image":{"@id":"https:\/\/noticiasmercedinas.com\/site\/2023\/02\/16\/habra-una-expo-de-kalimbas-en-el-nuevo-centro-musical-cabina-ritmo\/#primaryimage"},"thumbnailUrl":"https:\/\/noticiasmercedinas.com\/site\/wp-content\/uploads\/2023\/02\/giorgione.jpg","datePublished":"2023-02-16T22:07:08+00:00","dateModified":"2023-02-17T10:59:01+00:00","breadcrumb":{"@id":"https:\/\/noticiasmercedinas.com\/site\/2023\/02\/16\/habra-una-expo-de-kalimbas-en-el-nuevo-centro-musical-cabina-ritmo\/#breadcrumb"},"inLanguage":"es","potentialAction":[{"@type":"ReadAction","target":["https:\/\/noticiasmercedinas.com\/site\/2023\/02\/16\/habra-una-expo-de-kalimbas-en-el-nuevo-centro-musical-cabina-ritmo\/"]}]},{"@type":"ImageObject","inLanguage":"es","@id":"https:\/\/noticiasmercedinas.com\/site\/2023\/02\/16\/habra-una-expo-de-kalimbas-en-el-nuevo-centro-musical-cabina-ritmo\/#primaryimage","url":"https:\/\/noticiasmercedinas.com\/site\/wp-content\/uploads\/2023\/02\/giorgione.jpg","contentUrl":"https:\/\/noticiasmercedinas.com\/site\/wp-content\/uploads\/2023\/02\/giorgione.jpg","width":640,"height":454},{"@type":"BreadcrumbList","@id":"https:\/\/noticiasmercedinas.com\/site\/2023\/02\/16\/habra-una-expo-de-kalimbas-en-el-nuevo-centro-musical-cabina-ritmo\/#breadcrumb","itemListElement":[{"@type":"ListItem","position":1,"name":"Portada","item":"https:\/\/noticiasmercedinas.com\/site\/"},{"@type":"ListItem","position":2,"name":"Habr\u00e1 una expo de kalimbas en el nuevo centro musical \u00abCabina-Ritmo\u00bb"}]},{"@type":"WebSite","@id":"https:\/\/noticiasmercedinas.com\/site\/#website","url":"https:\/\/noticiasmercedinas.com\/site\/","name":"NOTICIASMERCEDINAS.COM","description":"Mercedes, Buenos Aires, Argentina","publisher":{"@id":"https:\/\/noticiasmercedinas.com\/site\/#organization"},"potentialAction":[{"@type":"SearchAction","target":{"@type":"EntryPoint","urlTemplate":"https:\/\/noticiasmercedinas.com\/site\/?s={search_term_string}"},"query-input":{"@type":"PropertyValueSpecification","valueRequired":true,"valueName":"search_term_string"}}],"inLanguage":"es"},{"@type":"Organization","@id":"https:\/\/noticiasmercedinas.com\/site\/#organization","name":"NOTICIASMERCEDINAS.COM","url":"https:\/\/noticiasmercedinas.com\/site\/","logo":{"@type":"ImageObject","inLanguage":"es","@id":"https:\/\/noticiasmercedinas.com\/site\/#\/schema\/logo\/image\/","url":"https:\/\/noticiasmercedinas.com\/site\/wp-content\/uploads\/2020\/06\/LOGO-512.jpg","contentUrl":"https:\/\/noticiasmercedinas.com\/site\/wp-content\/uploads\/2020\/06\/LOGO-512.jpg","width":512,"height":512,"caption":"NOTICIASMERCEDINAS.COM"},"image":{"@id":"https:\/\/noticiasmercedinas.com\/site\/#\/schema\/logo\/image\/"},"sameAs":["https:\/\/www.facebook.com\/noticiasmercedinas\/","https:\/\/x.com\/notmercedinas","https:\/\/www.instagram.com\/noticiasmercedinas\/"]},{"@type":"Person","@id":"https:\/\/noticiasmercedinas.com\/site\/#\/schema\/person\/84b59c099c28ff2e8b77d4ceec5d8063","name":"NOTICIASMERCEDINAS.COM","image":{"@type":"ImageObject","inLanguage":"es","@id":"https:\/\/secure.gravatar.com\/avatar\/4dfbf16b4d17945bfb6341b2d19043457132fcf478a5ee04f42e959fd8f5df0a?s=96&d=mm&r=g","url":"https:\/\/secure.gravatar.com\/avatar\/4dfbf16b4d17945bfb6341b2d19043457132fcf478a5ee04f42e959fd8f5df0a?s=96&d=mm&r=g","contentUrl":"https:\/\/secure.gravatar.com\/avatar\/4dfbf16b4d17945bfb6341b2d19043457132fcf478a5ee04f42e959fd8f5df0a?s=96&d=mm&r=g","caption":"NOTICIASMERCEDINAS.COM"},"url":"https:\/\/noticiasmercedinas.com\/site\/author\/anonimo\/"}]}},"amp_enabled":true,"_links":{"self":[{"href":"https:\/\/noticiasmercedinas.com\/site\/wp-json\/wp\/v2\/posts\/109333","targetHints":{"allow":["GET"]}}],"collection":[{"href":"https:\/\/noticiasmercedinas.com\/site\/wp-json\/wp\/v2\/posts"}],"about":[{"href":"https:\/\/noticiasmercedinas.com\/site\/wp-json\/wp\/v2\/types\/post"}],"author":[{"embeddable":true,"href":"https:\/\/noticiasmercedinas.com\/site\/wp-json\/wp\/v2\/users\/16"}],"replies":[{"embeddable":true,"href":"https:\/\/noticiasmercedinas.com\/site\/wp-json\/wp\/v2\/comments?post=109333"}],"version-history":[{"count":3,"href":"https:\/\/noticiasmercedinas.com\/site\/wp-json\/wp\/v2\/posts\/109333\/revisions"}],"predecessor-version":[{"id":109343,"href":"https:\/\/noticiasmercedinas.com\/site\/wp-json\/wp\/v2\/posts\/109333\/revisions\/109343"}],"wp:featuredmedia":[{"embeddable":true,"href":"https:\/\/noticiasmercedinas.com\/site\/wp-json\/wp\/v2\/media\/109334"}],"wp:attachment":[{"href":"https:\/\/noticiasmercedinas.com\/site\/wp-json\/wp\/v2\/media?parent=109333"}],"wp:term":[{"taxonomy":"category","embeddable":true,"href":"https:\/\/noticiasmercedinas.com\/site\/wp-json\/wp\/v2\/categories?post=109333"},{"taxonomy":"post_tag","embeddable":true,"href":"https:\/\/noticiasmercedinas.com\/site\/wp-json\/wp\/v2\/tags?post=109333"}],"curies":[{"name":"wp","href":"https:\/\/api.w.org\/{rel}","templated":true}]}}