{"id":10938,"date":"2019-01-20T11:32:58","date_gmt":"2019-01-20T14:32:58","guid":{"rendered":"https:\/\/noticiasmercedinas.com\/site\/?p=10938"},"modified":"2019-01-20T11:32:58","modified_gmt":"2019-01-20T14:32:58","slug":"vecinos-se-quejan-por-descontrol-nocturno","status":"publish","type":"post","link":"https:\/\/noticiasmercedinas.com\/site\/2019\/01\/20\/vecinos-se-quejan-por-descontrol-nocturno\/","title":{"rendered":"Vecinos se quejan por descontrol nocturno"},"content":{"rendered":"<p><img loading=\"lazy\" decoding=\"async\" class=\"alignnone size-full wp-image-10939\" src=\"https:\/\/noticiasmercedinas.com\/site\/wp-content\/uploads\/2019\/01\/50621366_1000490373479424_1626622995394985984_n.png\" alt=\"\" width=\"799\" height=\"367\" srcset=\"https:\/\/noticiasmercedinas.com\/site\/wp-content\/uploads\/2019\/01\/50621366_1000490373479424_1626622995394985984_n.png 799w, https:\/\/noticiasmercedinas.com\/site\/wp-content\/uploads\/2019\/01\/50621366_1000490373479424_1626622995394985984_n-300x138.png 300w, https:\/\/noticiasmercedinas.com\/site\/wp-content\/uploads\/2019\/01\/50621366_1000490373479424_1626622995394985984_n-768x353.png 768w, https:\/\/noticiasmercedinas.com\/site\/wp-content\/uploads\/2019\/01\/50621366_1000490373479424_1626622995394985984_n-640x294.png 640w, https:\/\/noticiasmercedinas.com\/site\/wp-content\/uploads\/2019\/01\/50621366_1000490373479424_1626622995394985984_n-681x313.png 681w\" sizes=\"auto, (max-width: 799px) 100vw, 799px\" \/><\/p>\n<p>Un reclamo hist\u00f3rico de los vecinos del centro de la ciudad de Mercedes toma cuerpo a trav\u00e9s de la red social Facebook, donde crearon una p\u00e1gina en la que pantean sus quejas ante el descontrol en la noche en el radio en que viven y se asientan varios bares y espacios de diversi\u00f3n. Cuestionan la m\u00fasica a altos vol\u00famenes hasta muy entrada la madrugada y la suciedad y disturbios que se generan.<\/p>\n<p><strong><a href=\"https:\/\/www.facebook.com\/VecinosMercedinosAutoconvocados\/\">Mercedes Noche y Descontrol<\/a><\/strong> de los @VecinosMercedinosAutoconvocados es una p\u00e1gina de Facebook realizada por vecinos de la ciudad de Mercedes \u00abpreocupados por el descontrol que existe en la noche mercedina\u00bb.<\/p>\n<p>\u00abEn esto no hay pol\u00edtica y ni una campa\u00f1a oculta contra nadie. Es la pura verdad, que se hace evidente cada fin de semana en los barrios que se encuentran cerca de un Bar \u00abBoliche\u00bb Mercedino\u00bb, dicen y afirman que por ese\u00a0medio y otros llevar\u00e1n adelante una campa\u00f1a de difusi\u00f3n para \u00abdar testimonios y reclamar medidas urgentes para controlar los Bares \u00abBoliches\u00bb y las perso<span class=\"text_exposed_show\">nas que all\u00ed concurren\u00bb.<\/span><\/p>\n<p>Entre las consignas y hashtags que plantean est\u00e1n\u00a0<strong><a class=\"_58cn\" href=\"https:\/\/www.facebook.com\/hashtag\/bastadededescontrolmercedes?source=feed_text&amp;epa=HASHTAG&amp;__xts__%5B0%5D=68.ARBBQH3XbJhzmm4Da1Qw3l4Qx2j75dw5RWqycdInAWf_e6Gpm8iQD-m2Pt3vIXpwcbn6zQ7qz3nSPIEAnsf9-oQD6w2Xb4CnN5aFsTYhuV4eyh4S_AxVoz1vZH2v7NSeXyqHOdSYmw0tc2pDOpVExXJi78Olnnh8KU3hDP_ozIQjL_0o1NVjWPTsanjlgTd2y3nUkbxv_yK2KrISibr3JwqjeiPjjtmMqSiuXVneiGuemC0lw-GDjqRLwOnVFyesXjzmSsABHbt_I7Ve4Y5b36blXtzV5prmsHOEeLNs0fWLPpm00QFYMbqpuPTX5hZjP3wutW0YIg0YUsUxblFu3tPKfSbp&amp;__tn__=%2ANK-R\" data-ft=\"{&quot;type&quot;:104,&quot;tn&quot;:&quot;*N&quot;}\"><span class=\"_5afx\"><span class=\"_58cl _5afz\" aria-label=\"hashtag\">#<\/span><span class=\"_58cm\">BastadeDeDescontrolMercedes<\/span><\/span><\/a>\u00a0<a class=\"_58cn\" href=\"https:\/\/www.facebook.com\/hashtag\/vecinosmercedinoshartosdelosbaresboliches?source=feed_text&amp;epa=HASHTAG&amp;__xts__%5B0%5D=68.ARBBQH3XbJhzmm4Da1Qw3l4Qx2j75dw5RWqycdInAWf_e6Gpm8iQD-m2Pt3vIXpwcbn6zQ7qz3nSPIEAnsf9-oQD6w2Xb4CnN5aFsTYhuV4eyh4S_AxVoz1vZH2v7NSeXyqHOdSYmw0tc2pDOpVExXJi78Olnnh8KU3hDP_ozIQjL_0o1NVjWPTsanjlgTd2y3nUkbxv_yK2KrISibr3JwqjeiPjjtmMqSiuXVneiGuemC0lw-GDjqRLwOnVFyesXjzmSsABHbt_I7Ve4Y5b36blXtzV5prmsHOEeLNs0fWLPpm00QFYMbqpuPTX5hZjP3wutW0YIg0YUsUxblFu3tPKfSbp&amp;__tn__=%2ANK-R\" data-ft=\"{&quot;type&quot;:104,&quot;tn&quot;:&quot;*N&quot;}\"><span class=\"_5afx\"><span class=\"_58cl _5afz\" aria-label=\"hashtag\">#<\/span><span class=\"_58cm\">VecinosMercedinosHartosdelosBaresBoliches\u00a0<\/span><\/span><\/a><a class=\"_58cn\" href=\"https:\/\/www.facebook.com\/hashtag\/quierodormirmercedes?source=feed_text&amp;epa=HASHTAG&amp;__xts__%5B0%5D=68.ARBBQH3XbJhzmm4Da1Qw3l4Qx2j75dw5RWqycdInAWf_e6Gpm8iQD-m2Pt3vIXpwcbn6zQ7qz3nSPIEAnsf9-oQD6w2Xb4CnN5aFsTYhuV4eyh4S_AxVoz1vZH2v7NSeXyqHOdSYmw0tc2pDOpVExXJi78Olnnh8KU3hDP_ozIQjL_0o1NVjWPTsanjlgTd2y3nUkbxv_yK2KrISibr3JwqjeiPjjtmMqSiuXVneiGuemC0lw-GDjqRLwOnVFyesXjzmSsABHbt_I7Ve4Y5b36blXtzV5prmsHOEeLNs0fWLPpm00QFYMbqpuPTX5hZjP3wutW0YIg0YUsUxblFu3tPKfSbp&amp;__tn__=%2ANK-R\" data-ft=\"{&quot;type&quot;:104,&quot;tn&quot;:&quot;*N&quot;}\"><span class=\"_5afx\"><span class=\"_58cl _5afz\" aria-label=\"hashtag\">#<\/span><span class=\"_58cm\">QuieroDormirMercedes\u00a0<\/span><\/span><\/a><a class=\"_58cn\" href=\"https:\/\/www.facebook.com\/hashtag\/barnotengoporquebancarmetumugre?source=feed_text&amp;epa=HASHTAG&amp;__xts__%5B0%5D=68.ARBBQH3XbJhzmm4Da1Qw3l4Qx2j75dw5RWqycdInAWf_e6Gpm8iQD-m2Pt3vIXpwcbn6zQ7qz3nSPIEAnsf9-oQD6w2Xb4CnN5aFsTYhuV4eyh4S_AxVoz1vZH2v7NSeXyqHOdSYmw0tc2pDOpVExXJi78Olnnh8KU3hDP_ozIQjL_0o1NVjWPTsanjlgTd2y3nUkbxv_yK2KrISibr3JwqjeiPjjtmMqSiuXVneiGuemC0lw-GDjqRLwOnVFyesXjzmSsABHbt_I7Ve4Y5b36blXtzV5prmsHOEeLNs0fWLPpm00QFYMbqpuPTX5hZjP3wutW0YIg0YUsUxblFu3tPKfSbp&amp;__tn__=%2ANK-R\" data-ft=\"{&quot;type&quot;:104,&quot;tn&quot;:&quot;*N&quot;}\"><span class=\"_5afx\"><span class=\"_58cl _5afz\" aria-label=\"hashtag\">#<\/span><span class=\"_58cm\">BarNoTengoPorqueBancarmeTuMugre<\/span><\/span><\/a><\/strong><\/p>\n","protected":false},"excerpt":{"rendered":"<p>Un reclamo hist\u00f3rico de los vecinos del centro de la ciudad de Mercedes toma cuerpo a trav\u00e9s de la red social Facebook, donde crearon una p\u00e1gina en la que pantean sus quejas ante el descontrol en la noche en el radio en que viven y se asientan varios bares y espacios de diversi\u00f3n. Cuestionan la [&hellip;]<\/p>\n","protected":false},"author":2,"featured_media":10939,"comment_status":"open","ping_status":"open","sticky":false,"template":"","format":"standard","meta":{"footnotes":""},"categories":[3],"tags":[3229,292,3320,3322,88,3323,287,239,3321],"class_list":["post-10938","post","type-post","status-publish","format-standard","has-post-thumbnail","hentry","category-sociedad","tag-bares","tag-centro","tag-descntrol","tag-hartos","tag-musica","tag-radio-centrico","tag-reclamos","tag-vecinos","tag-volumen"],"yoast_head":"<!-- This site is optimized with the Yoast SEO plugin v27.5 - https:\/\/yoast.com\/product\/yoast-seo-wordpress\/ -->\n<title>Vecinos se quejan por descontrol nocturno<\/title>\n<meta name=\"robots\" content=\"index, follow, max-snippet:-1, max-image-preview:large, max-video-preview:-1\" \/>\n<link rel=\"canonical\" href=\"https:\/\/noticiasmercedinas.com\/site\/2019\/01\/20\/vecinos-se-quejan-por-descontrol-nocturno\/\" \/>\n<meta property=\"og:locale\" content=\"es_ES\" \/>\n<meta property=\"og:type\" content=\"article\" \/>\n<meta property=\"og:title\" content=\"Vecinos se quejan por descontrol nocturno\" \/>\n<meta property=\"og:description\" content=\"Un reclamo hist\u00f3rico de los vecinos del centro de la ciudad de Mercedes toma cuerpo a trav\u00e9s de la red social Facebook, donde crearon una p\u00e1gina en la que pantean sus quejas ante el descontrol en la noche en el radio en que viven y se asientan varios bares y espacios de diversi\u00f3n. Cuestionan la [&hellip;]\" \/>\n<meta property=\"og:url\" content=\"https:\/\/noticiasmercedinas.com\/site\/2019\/01\/20\/vecinos-se-quejan-por-descontrol-nocturno\/\" \/>\n<meta property=\"og:site_name\" content=\"NOTICIASMERCEDINAS.COM\" \/>\n<meta property=\"article:publisher\" content=\"https:\/\/www.facebook.com\/noticiasmercedinas\/\" \/>\n<meta property=\"article:author\" content=\"https:\/\/www.facebook.com\/cristian.falabella\" \/>\n<meta property=\"article:published_time\" content=\"2019-01-20T14:32:58+00:00\" \/>\n<meta property=\"og:image\" content=\"https:\/\/noticiasmercedinas.com\/site\/wp-content\/uploads\/2019\/01\/50621366_1000490373479424_1626622995394985984_n.png\" \/>\n\t<meta property=\"og:image:width\" content=\"799\" \/>\n\t<meta property=\"og:image:height\" content=\"367\" \/>\n\t<meta property=\"og:image:type\" content=\"image\/png\" \/>\n<meta name=\"author\" content=\"Cristian Falabella NOTICIASMERCEDINAS.COM\" \/>\n<meta name=\"twitter:card\" content=\"summary_large_image\" \/>\n<meta name=\"twitter:creator\" content=\"@https:\/\/twitter.com\/NOTMERCEDINAS\" \/>\n<meta name=\"twitter:site\" content=\"@notmercedinas\" \/>\n<meta name=\"twitter:label1\" content=\"Escrito por\" \/>\n\t<meta name=\"twitter:data1\" content=\"Cristian Falabella NOTICIASMERCEDINAS.COM\" \/>\n\t<meta name=\"twitter:label2\" content=\"Tiempo de lectura\" \/>\n\t<meta name=\"twitter:data2\" content=\"1 minuto\" \/>\n<script type=\"application\/ld+json\" class=\"yoast-schema-graph\">{\"@context\":\"https:\\\/\\\/schema.org\",\"@graph\":[{\"@type\":\"Article\",\"@id\":\"https:\\\/\\\/noticiasmercedinas.com\\\/site\\\/2019\\\/01\\\/20\\\/vecinos-se-quejan-por-descontrol-nocturno\\\/#article\",\"isPartOf\":{\"@id\":\"https:\\\/\\\/noticiasmercedinas.com\\\/site\\\/2019\\\/01\\\/20\\\/vecinos-se-quejan-por-descontrol-nocturno\\\/\"},\"author\":{\"name\":\"Cristian Falabella NOTICIASMERCEDINAS.COM\",\"@id\":\"https:\\\/\\\/noticiasmercedinas.com\\\/site\\\/#\\\/schema\\\/person\\\/d481a9696a5feaec13a60e2bbd991a6a\"},\"headline\":\"Vecinos se quejan por descontrol nocturno\",\"datePublished\":\"2019-01-20T14:32:58+00:00\",\"mainEntityOfPage\":{\"@id\":\"https:\\\/\\\/noticiasmercedinas.com\\\/site\\\/2019\\\/01\\\/20\\\/vecinos-se-quejan-por-descontrol-nocturno\\\/\"},\"wordCount\":202,\"commentCount\":0,\"publisher\":{\"@id\":\"https:\\\/\\\/noticiasmercedinas.com\\\/site\\\/#organization\"},\"image\":{\"@id\":\"https:\\\/\\\/noticiasmercedinas.com\\\/site\\\/2019\\\/01\\\/20\\\/vecinos-se-quejan-por-descontrol-nocturno\\\/#primaryimage\"},\"thumbnailUrl\":\"https:\\\/\\\/noticiasmercedinas.com\\\/site\\\/wp-content\\\/uploads\\\/2019\\\/01\\\/50621366_1000490373479424_1626622995394985984_n.png\",\"keywords\":[\"bares\",\"centro\",\"descntrol\",\"hartos\",\"musica\",\"radio centrico\",\"reclamos\",\"vecinos\",\"volumen\"],\"articleSection\":[\"Sociedad\"],\"inLanguage\":\"es\",\"potentialAction\":[{\"@type\":\"CommentAction\",\"name\":\"Comment\",\"target\":[\"https:\\\/\\\/noticiasmercedinas.com\\\/site\\\/2019\\\/01\\\/20\\\/vecinos-se-quejan-por-descontrol-nocturno\\\/#respond\"]}]},{\"@type\":\"WebPage\",\"@id\":\"https:\\\/\\\/noticiasmercedinas.com\\\/site\\\/2019\\\/01\\\/20\\\/vecinos-se-quejan-por-descontrol-nocturno\\\/\",\"url\":\"https:\\\/\\\/noticiasmercedinas.com\\\/site\\\/2019\\\/01\\\/20\\\/vecinos-se-quejan-por-descontrol-nocturno\\\/\",\"name\":\"Vecinos se quejan por descontrol nocturno\",\"isPartOf\":{\"@id\":\"https:\\\/\\\/noticiasmercedinas.com\\\/site\\\/#website\"},\"primaryImageOfPage\":{\"@id\":\"https:\\\/\\\/noticiasmercedinas.com\\\/site\\\/2019\\\/01\\\/20\\\/vecinos-se-quejan-por-descontrol-nocturno\\\/#primaryimage\"},\"image\":{\"@id\":\"https:\\\/\\\/noticiasmercedinas.com\\\/site\\\/2019\\\/01\\\/20\\\/vecinos-se-quejan-por-descontrol-nocturno\\\/#primaryimage\"},\"thumbnailUrl\":\"https:\\\/\\\/noticiasmercedinas.com\\\/site\\\/wp-content\\\/uploads\\\/2019\\\/01\\\/50621366_1000490373479424_1626622995394985984_n.png\",\"datePublished\":\"2019-01-20T14:32:58+00:00\",\"breadcrumb\":{\"@id\":\"https:\\\/\\\/noticiasmercedinas.com\\\/site\\\/2019\\\/01\\\/20\\\/vecinos-se-quejan-por-descontrol-nocturno\\\/#breadcrumb\"},\"inLanguage\":\"es\",\"potentialAction\":[{\"@type\":\"ReadAction\",\"target\":[\"https:\\\/\\\/noticiasmercedinas.com\\\/site\\\/2019\\\/01\\\/20\\\/vecinos-se-quejan-por-descontrol-nocturno\\\/\"]}]},{\"@type\":\"ImageObject\",\"inLanguage\":\"es\",\"@id\":\"https:\\\/\\\/noticiasmercedinas.com\\\/site\\\/2019\\\/01\\\/20\\\/vecinos-se-quejan-por-descontrol-nocturno\\\/#primaryimage\",\"url\":\"https:\\\/\\\/noticiasmercedinas.com\\\/site\\\/wp-content\\\/uploads\\\/2019\\\/01\\\/50621366_1000490373479424_1626622995394985984_n.png\",\"contentUrl\":\"https:\\\/\\\/noticiasmercedinas.com\\\/site\\\/wp-content\\\/uploads\\\/2019\\\/01\\\/50621366_1000490373479424_1626622995394985984_n.png\",\"width\":799,\"height\":367},{\"@type\":\"BreadcrumbList\",\"@id\":\"https:\\\/\\\/noticiasmercedinas.com\\\/site\\\/2019\\\/01\\\/20\\\/vecinos-se-quejan-por-descontrol-nocturno\\\/#breadcrumb\",\"itemListElement\":[{\"@type\":\"ListItem\",\"position\":1,\"name\":\"Portada\",\"item\":\"https:\\\/\\\/noticiasmercedinas.com\\\/site\\\/\"},{\"@type\":\"ListItem\",\"position\":2,\"name\":\"Vecinos se quejan por descontrol nocturno\"}]},{\"@type\":\"WebSite\",\"@id\":\"https:\\\/\\\/noticiasmercedinas.com\\\/site\\\/#website\",\"url\":\"https:\\\/\\\/noticiasmercedinas.com\\\/site\\\/\",\"name\":\"NOTICIASMERCEDINAS.COM\",\"description\":\"Mercedes, Buenos Aires, Argentina\",\"publisher\":{\"@id\":\"https:\\\/\\\/noticiasmercedinas.com\\\/site\\\/#organization\"},\"potentialAction\":[{\"@type\":\"SearchAction\",\"target\":{\"@type\":\"EntryPoint\",\"urlTemplate\":\"https:\\\/\\\/noticiasmercedinas.com\\\/site\\\/?s={search_term_string}\"},\"query-input\":{\"@type\":\"PropertyValueSpecification\",\"valueRequired\":true,\"valueName\":\"search_term_string\"}}],\"inLanguage\":\"es\"},{\"@type\":\"Organization\",\"@id\":\"https:\\\/\\\/noticiasmercedinas.com\\\/site\\\/#organization\",\"name\":\"NOTICIASMERCEDINAS.COM\",\"url\":\"https:\\\/\\\/noticiasmercedinas.com\\\/site\\\/\",\"logo\":{\"@type\":\"ImageObject\",\"inLanguage\":\"es\",\"@id\":\"https:\\\/\\\/noticiasmercedinas.com\\\/site\\\/#\\\/schema\\\/logo\\\/image\\\/\",\"url\":\"https:\\\/\\\/noticiasmercedinas.com\\\/site\\\/wp-content\\\/uploads\\\/2020\\\/06\\\/LOGO-512.jpg\",\"contentUrl\":\"https:\\\/\\\/noticiasmercedinas.com\\\/site\\\/wp-content\\\/uploads\\\/2020\\\/06\\\/LOGO-512.jpg\",\"width\":512,\"height\":512,\"caption\":\"NOTICIASMERCEDINAS.COM\"},\"image\":{\"@id\":\"https:\\\/\\\/noticiasmercedinas.com\\\/site\\\/#\\\/schema\\\/logo\\\/image\\\/\"},\"sameAs\":[\"https:\\\/\\\/www.facebook.com\\\/noticiasmercedinas\\\/\",\"https:\\\/\\\/x.com\\\/notmercedinas\",\"https:\\\/\\\/www.instagram.com\\\/noticiasmercedinas\\\/\"]},{\"@type\":\"Person\",\"@id\":\"https:\\\/\\\/noticiasmercedinas.com\\\/site\\\/#\\\/schema\\\/person\\\/d481a9696a5feaec13a60e2bbd991a6a\",\"name\":\"Cristian Falabella NOTICIASMERCEDINAS.COM\",\"image\":{\"@type\":\"ImageObject\",\"inLanguage\":\"es\",\"@id\":\"https:\\\/\\\/secure.gravatar.com\\\/avatar\\\/0dbbfc45970cc46bcd0e57766228574ff3511d6eed045b182f536f0f478c1f06?s=96&d=mm&r=g\",\"url\":\"https:\\\/\\\/secure.gravatar.com\\\/avatar\\\/0dbbfc45970cc46bcd0e57766228574ff3511d6eed045b182f536f0f478c1f06?s=96&d=mm&r=g\",\"contentUrl\":\"https:\\\/\\\/secure.gravatar.com\\\/avatar\\\/0dbbfc45970cc46bcd0e57766228574ff3511d6eed045b182f536f0f478c1f06?s=96&d=mm&r=g\",\"caption\":\"Cristian Falabella NOTICIASMERCEDINAS.COM\"},\"description\":\"Periodista, editor de Noticias Mercedinas. Pas\u00f3 por varias redacciones y emprendimientos de prensa, en distintos formatos y \u00e9pocas. Se especializ\u00f3 --y sigue haci\u00e9ndolo-- en comunicaci\u00f3n en la web y en junio de 2006 fund\u00f3 este diario digital.\",\"sameAs\":[\"https:\\\/\\\/noticiasmercedinas.com\",\"https:\\\/\\\/www.facebook.com\\\/cristian.falabella\",\"https:\\\/\\\/www.instagram.com\\\/noticiasmercedinas\\\/\",\"https:\\\/\\\/x.com\\\/https:\\\/\\\/twitter.com\\\/NOTMERCEDINAS\"],\"url\":\"https:\\\/\\\/noticiasmercedinas.com\\\/site\\\/author\\\/as000384\\\/\"}]}<\/script>\n<!-- \/ Yoast SEO plugin. -->","yoast_head_json":{"title":"Vecinos se quejan por descontrol nocturno","robots":{"index":"index","follow":"follow","max-snippet":"max-snippet:-1","max-image-preview":"max-image-preview:large","max-video-preview":"max-video-preview:-1"},"canonical":"https:\/\/noticiasmercedinas.com\/site\/2019\/01\/20\/vecinos-se-quejan-por-descontrol-nocturno\/","og_locale":"es_ES","og_type":"article","og_title":"Vecinos se quejan por descontrol nocturno","og_description":"Un reclamo hist\u00f3rico de los vecinos del centro de la ciudad de Mercedes toma cuerpo a trav\u00e9s de la red social Facebook, donde crearon una p\u00e1gina en la que pantean sus quejas ante el descontrol en la noche en el radio en que viven y se asientan varios bares y espacios de diversi\u00f3n. Cuestionan la [&hellip;]","og_url":"https:\/\/noticiasmercedinas.com\/site\/2019\/01\/20\/vecinos-se-quejan-por-descontrol-nocturno\/","og_site_name":"NOTICIASMERCEDINAS.COM","article_publisher":"https:\/\/www.facebook.com\/noticiasmercedinas\/","article_author":"https:\/\/www.facebook.com\/cristian.falabella","article_published_time":"2019-01-20T14:32:58+00:00","og_image":[{"width":799,"height":367,"url":"https:\/\/noticiasmercedinas.com\/site\/wp-content\/uploads\/2019\/01\/50621366_1000490373479424_1626622995394985984_n.png","type":"image\/png"}],"author":"Cristian Falabella NOTICIASMERCEDINAS.COM","twitter_card":"summary_large_image","twitter_creator":"@https:\/\/twitter.com\/NOTMERCEDINAS","twitter_site":"@notmercedinas","twitter_misc":{"Escrito por":"Cristian Falabella NOTICIASMERCEDINAS.COM","Tiempo de lectura":"1 minuto"},"schema":{"@context":"https:\/\/schema.org","@graph":[{"@type":"Article","@id":"https:\/\/noticiasmercedinas.com\/site\/2019\/01\/20\/vecinos-se-quejan-por-descontrol-nocturno\/#article","isPartOf":{"@id":"https:\/\/noticiasmercedinas.com\/site\/2019\/01\/20\/vecinos-se-quejan-por-descontrol-nocturno\/"},"author":{"name":"Cristian Falabella NOTICIASMERCEDINAS.COM","@id":"https:\/\/noticiasmercedinas.com\/site\/#\/schema\/person\/d481a9696a5feaec13a60e2bbd991a6a"},"headline":"Vecinos se quejan por descontrol nocturno","datePublished":"2019-01-20T14:32:58+00:00","mainEntityOfPage":{"@id":"https:\/\/noticiasmercedinas.com\/site\/2019\/01\/20\/vecinos-se-quejan-por-descontrol-nocturno\/"},"wordCount":202,"commentCount":0,"publisher":{"@id":"https:\/\/noticiasmercedinas.com\/site\/#organization"},"image":{"@id":"https:\/\/noticiasmercedinas.com\/site\/2019\/01\/20\/vecinos-se-quejan-por-descontrol-nocturno\/#primaryimage"},"thumbnailUrl":"https:\/\/noticiasmercedinas.com\/site\/wp-content\/uploads\/2019\/01\/50621366_1000490373479424_1626622995394985984_n.png","keywords":["bares","centro","descntrol","hartos","musica","radio centrico","reclamos","vecinos","volumen"],"articleSection":["Sociedad"],"inLanguage":"es","potentialAction":[{"@type":"CommentAction","name":"Comment","target":["https:\/\/noticiasmercedinas.com\/site\/2019\/01\/20\/vecinos-se-quejan-por-descontrol-nocturno\/#respond"]}]},{"@type":"WebPage","@id":"https:\/\/noticiasmercedinas.com\/site\/2019\/01\/20\/vecinos-se-quejan-por-descontrol-nocturno\/","url":"https:\/\/noticiasmercedinas.com\/site\/2019\/01\/20\/vecinos-se-quejan-por-descontrol-nocturno\/","name":"Vecinos se quejan por descontrol nocturno","isPartOf":{"@id":"https:\/\/noticiasmercedinas.com\/site\/#website"},"primaryImageOfPage":{"@id":"https:\/\/noticiasmercedinas.com\/site\/2019\/01\/20\/vecinos-se-quejan-por-descontrol-nocturno\/#primaryimage"},"image":{"@id":"https:\/\/noticiasmercedinas.com\/site\/2019\/01\/20\/vecinos-se-quejan-por-descontrol-nocturno\/#primaryimage"},"thumbnailUrl":"https:\/\/noticiasmercedinas.com\/site\/wp-content\/uploads\/2019\/01\/50621366_1000490373479424_1626622995394985984_n.png","datePublished":"2019-01-20T14:32:58+00:00","breadcrumb":{"@id":"https:\/\/noticiasmercedinas.com\/site\/2019\/01\/20\/vecinos-se-quejan-por-descontrol-nocturno\/#breadcrumb"},"inLanguage":"es","potentialAction":[{"@type":"ReadAction","target":["https:\/\/noticiasmercedinas.com\/site\/2019\/01\/20\/vecinos-se-quejan-por-descontrol-nocturno\/"]}]},{"@type":"ImageObject","inLanguage":"es","@id":"https:\/\/noticiasmercedinas.com\/site\/2019\/01\/20\/vecinos-se-quejan-por-descontrol-nocturno\/#primaryimage","url":"https:\/\/noticiasmercedinas.com\/site\/wp-content\/uploads\/2019\/01\/50621366_1000490373479424_1626622995394985984_n.png","contentUrl":"https:\/\/noticiasmercedinas.com\/site\/wp-content\/uploads\/2019\/01\/50621366_1000490373479424_1626622995394985984_n.png","width":799,"height":367},{"@type":"BreadcrumbList","@id":"https:\/\/noticiasmercedinas.com\/site\/2019\/01\/20\/vecinos-se-quejan-por-descontrol-nocturno\/#breadcrumb","itemListElement":[{"@type":"ListItem","position":1,"name":"Portada","item":"https:\/\/noticiasmercedinas.com\/site\/"},{"@type":"ListItem","position":2,"name":"Vecinos se quejan por descontrol nocturno"}]},{"@type":"WebSite","@id":"https:\/\/noticiasmercedinas.com\/site\/#website","url":"https:\/\/noticiasmercedinas.com\/site\/","name":"NOTICIASMERCEDINAS.COM","description":"Mercedes, Buenos Aires, Argentina","publisher":{"@id":"https:\/\/noticiasmercedinas.com\/site\/#organization"},"potentialAction":[{"@type":"SearchAction","target":{"@type":"EntryPoint","urlTemplate":"https:\/\/noticiasmercedinas.com\/site\/?s={search_term_string}"},"query-input":{"@type":"PropertyValueSpecification","valueRequired":true,"valueName":"search_term_string"}}],"inLanguage":"es"},{"@type":"Organization","@id":"https:\/\/noticiasmercedinas.com\/site\/#organization","name":"NOTICIASMERCEDINAS.COM","url":"https:\/\/noticiasmercedinas.com\/site\/","logo":{"@type":"ImageObject","inLanguage":"es","@id":"https:\/\/noticiasmercedinas.com\/site\/#\/schema\/logo\/image\/","url":"https:\/\/noticiasmercedinas.com\/site\/wp-content\/uploads\/2020\/06\/LOGO-512.jpg","contentUrl":"https:\/\/noticiasmercedinas.com\/site\/wp-content\/uploads\/2020\/06\/LOGO-512.jpg","width":512,"height":512,"caption":"NOTICIASMERCEDINAS.COM"},"image":{"@id":"https:\/\/noticiasmercedinas.com\/site\/#\/schema\/logo\/image\/"},"sameAs":["https:\/\/www.facebook.com\/noticiasmercedinas\/","https:\/\/x.com\/notmercedinas","https:\/\/www.instagram.com\/noticiasmercedinas\/"]},{"@type":"Person","@id":"https:\/\/noticiasmercedinas.com\/site\/#\/schema\/person\/d481a9696a5feaec13a60e2bbd991a6a","name":"Cristian Falabella NOTICIASMERCEDINAS.COM","image":{"@type":"ImageObject","inLanguage":"es","@id":"https:\/\/secure.gravatar.com\/avatar\/0dbbfc45970cc46bcd0e57766228574ff3511d6eed045b182f536f0f478c1f06?s=96&d=mm&r=g","url":"https:\/\/secure.gravatar.com\/avatar\/0dbbfc45970cc46bcd0e57766228574ff3511d6eed045b182f536f0f478c1f06?s=96&d=mm&r=g","contentUrl":"https:\/\/secure.gravatar.com\/avatar\/0dbbfc45970cc46bcd0e57766228574ff3511d6eed045b182f536f0f478c1f06?s=96&d=mm&r=g","caption":"Cristian Falabella NOTICIASMERCEDINAS.COM"},"description":"Periodista, editor de Noticias Mercedinas. Pas\u00f3 por varias redacciones y emprendimientos de prensa, en distintos formatos y \u00e9pocas. Se especializ\u00f3 --y sigue haci\u00e9ndolo-- en comunicaci\u00f3n en la web y en junio de 2006 fund\u00f3 este diario digital.","sameAs":["https:\/\/noticiasmercedinas.com","https:\/\/www.facebook.com\/cristian.falabella","https:\/\/www.instagram.com\/noticiasmercedinas\/","https:\/\/x.com\/https:\/\/twitter.com\/NOTMERCEDINAS"],"url":"https:\/\/noticiasmercedinas.com\/site\/author\/as000384\/"}]}},"amp_enabled":true,"_links":{"self":[{"href":"https:\/\/noticiasmercedinas.com\/site\/wp-json\/wp\/v2\/posts\/10938","targetHints":{"allow":["GET"]}}],"collection":[{"href":"https:\/\/noticiasmercedinas.com\/site\/wp-json\/wp\/v2\/posts"}],"about":[{"href":"https:\/\/noticiasmercedinas.com\/site\/wp-json\/wp\/v2\/types\/post"}],"author":[{"embeddable":true,"href":"https:\/\/noticiasmercedinas.com\/site\/wp-json\/wp\/v2\/users\/2"}],"replies":[{"embeddable":true,"href":"https:\/\/noticiasmercedinas.com\/site\/wp-json\/wp\/v2\/comments?post=10938"}],"version-history":[{"count":1,"href":"https:\/\/noticiasmercedinas.com\/site\/wp-json\/wp\/v2\/posts\/10938\/revisions"}],"predecessor-version":[{"id":10940,"href":"https:\/\/noticiasmercedinas.com\/site\/wp-json\/wp\/v2\/posts\/10938\/revisions\/10940"}],"wp:featuredmedia":[{"embeddable":true,"href":"https:\/\/noticiasmercedinas.com\/site\/wp-json\/wp\/v2\/media\/10939"}],"wp:attachment":[{"href":"https:\/\/noticiasmercedinas.com\/site\/wp-json\/wp\/v2\/media?parent=10938"}],"wp:term":[{"taxonomy":"category","embeddable":true,"href":"https:\/\/noticiasmercedinas.com\/site\/wp-json\/wp\/v2\/categories?post=10938"},{"taxonomy":"post_tag","embeddable":true,"href":"https:\/\/noticiasmercedinas.com\/site\/wp-json\/wp\/v2\/tags?post=10938"}],"curies":[{"name":"wp","href":"https:\/\/api.w.org\/{rel}","templated":true}]}}