{"id":109702,"date":"2023-02-24T13:20:58","date_gmt":"2023-02-24T16:20:58","guid":{"rendered":"https:\/\/noticiasmercedinas.com\/site\/?p=109702"},"modified":"2024-03-19T21:14:16","modified_gmt":"2024-03-20T00:14:16","slug":"avanzan-con-entregas-de-cajas-de-alimentos-en-escuelas-del-distrito","status":"publish","type":"post","link":"https:\/\/noticiasmercedinas.com\/site\/2023\/02\/24\/avanzan-con-entregas-de-cajas-de-alimentos-en-escuelas-del-distrito\/","title":{"rendered":"Provincia avanza con entrega de cajas de alimentos en escuelas del distrito"},"content":{"rendered":"<p><img loading=\"lazy\" decoding=\"async\" class=\"alignnone size-full wp-image-109703\" src=\"https:\/\/noticiasmercedinas.com\/site\/wp-content\/uploads\/2023\/02\/mesabonaerense.jpg\" alt=\"\" width=\"640\" height=\"482\" srcset=\"https:\/\/noticiasmercedinas.com\/site\/wp-content\/uploads\/2023\/02\/mesabonaerense.jpg 640w, https:\/\/noticiasmercedinas.com\/site\/wp-content\/uploads\/2023\/02\/mesabonaerense-300x226.jpg 300w, https:\/\/noticiasmercedinas.com\/site\/wp-content\/uploads\/2023\/02\/mesabonaerense-80x60.jpg 80w, https:\/\/noticiasmercedinas.com\/site\/wp-content\/uploads\/2023\/02\/mesabonaerense-160x120.jpg 160w, https:\/\/noticiasmercedinas.com\/site\/wp-content\/uploads\/2023\/02\/mesabonaerense-100x75.jpg 100w, https:\/\/noticiasmercedinas.com\/site\/wp-content\/uploads\/2023\/02\/mesabonaerense-200x150.jpg 200w, https:\/\/noticiasmercedinas.com\/site\/wp-content\/uploads\/2023\/02\/mesabonaerense-180x135.jpg 180w, https:\/\/noticiasmercedinas.com\/site\/wp-content\/uploads\/2023\/02\/mesabonaerense-360x270.jpg 360w, https:\/\/noticiasmercedinas.com\/site\/wp-content\/uploads\/2023\/02\/mesabonaerense-238x178.jpg 238w\" sizes=\"auto, (max-width: 640px) 100vw, 640px\" \/><\/p>\n<p>Se lleva adelante entrega de cajas de alimentos por parte del Gobierno Provincial en las escuelas, las que son distribuidas desde el Consejo Escolar de Mercedes.<\/p>\n<p>El Gobierno Provincial a trav\u00e9s del Consejo Escolar retom\u00f3 la entrega del programa \u201cMesa Bonaerense\u201d, que es el m\u00f3dulo extraordinario de seguridad alimentaria.<\/p>\n<p>\u201cEs un programa que se empez\u00f3 a implementar en la suspensi\u00f3n de clases, frente a la suspensi\u00f3n de los comedores, y despu\u00e9s se transforma en un programa espec\u00edfico que se canaliza a trav\u00e9s de los Consejos Escolares\u201d, explic\u00f3 a este medio Jos\u00e9 Luis Pisano, presidente del Consejo Escolar local.<\/p>\n<p>\u201cEn este caso, el de Mercedes, que todos los meses distribuye 7.500 cajas de alimento a estudiantes de todos los niveles de todas las escuelas de nuestra ciudad, se aplica con <a href=\"https:\/\/packstar.mx\/producto\/pegadora-dobladora-automatica\/\">pegadora de cajas<\/a> en funci\u00f3n de lineamientos que las propias escuelas nos van pasando\u201d, aclar\u00f3.<\/p>\n<p>Esta actividad sigue adelante desde el 2020. \u201cLa provincia contin\u00faa enviando y este a\u00f1o comenz\u00f3 la semana pasada a distribuirse por las escuelas lo correspondiente al mes de enero. En febrero se est\u00e1 entregando enero pues las escuelas estaban cerradas en enero. Pero lo importante es destacar que ya comenzamos, que esto no va a generar quiz\u00e1s estar como siempre 15 a 20 d\u00edas atrasados, respecto al mes, pero no dejamos de tener un mes sin entregar\u201d, aclar\u00f3 Pisano y record\u00f3 que en el mes de diciembre se hab\u00edan incluido productos relacionados a la canasta navide\u00f1a.<\/p>\n<p>\u201cAhora retomamos este m\u00f3dulo que es avalado por los nutricionistas de la direcci\u00f3n de SAE del Ministerio de Desarrollo de la Comunidad de la provincia de Buenos Aires\u201d, dijo.<\/p>\n<p>En el caso de Mercedes, cont\u00f3 que se elabora desde el Consejo Escolar, luego se lo eleva y lo autorizan los nutricionistas. \u201cReci\u00e9n despu\u00e9s podemos salir a licitarlos\u201d, explic\u00f3 Pisano.<\/p>\n<p>\u201cEstamos contentos de haber retomado esta actividad. Sabemos que no es f\u00e1cil para muchas familias, el Estado tiene que estar presente por eso continuamos y durante todo el a\u00f1o se va a continuar tambi\u00e9n la entrega del programa Mesa como tambi\u00e9n estamos incrementando el valor del cupo de SAE, y estimamos que para la compra del mes de marzo nos van a autorizar un aumento en el valor de la caja Mesa\u201d, complet\u00f3 Pisano.<\/p>\n","protected":false},"excerpt":{"rendered":"<p>\u25a0 El Gobierno Provincial a trav\u00e9s del Consejo Escolar retom\u00f3 la entrega del programa \u201cMesa Bonaerense\u201d, que es el m\u00f3dulo extraordinario de seguridad alimentaria.<\/p>\n","protected":false},"author":16,"featured_media":109703,"comment_status":"open","ping_status":"open","sticky":false,"template":"","format":"standard","meta":{"footnotes":""},"categories":[3],"tags":[267,9406,8919],"class_list":["post-109702","post","type-post","status-publish","format-standard","has-post-thumbnail","hentry","category-sociedad","tag-consejo-escolar","tag-mesa","tag-sae"],"yoast_head":"<!-- This site is optimized with the Yoast SEO plugin v27.5 - https:\/\/yoast.com\/product\/yoast-seo-wordpress\/ -->\n<title>Provincia avanza con entrega de cajas de alimentos en escuelas del distrito<\/title>\n<meta name=\"robots\" content=\"index, follow, max-snippet:-1, max-image-preview:large, max-video-preview:-1\" \/>\n<link rel=\"canonical\" href=\"https:\/\/noticiasmercedinas.com\/site\/2023\/02\/24\/avanzan-con-entregas-de-cajas-de-alimentos-en-escuelas-del-distrito\/\" \/>\n<meta property=\"og:locale\" content=\"es_ES\" \/>\n<meta property=\"og:type\" content=\"article\" \/>\n<meta property=\"og:title\" content=\"Provincia avanza con entrega de cajas de alimentos en escuelas del distrito\" \/>\n<meta property=\"og:description\" content=\"\u25a0 El Gobierno Provincial a trav\u00e9s del Consejo Escolar retom\u00f3 la entrega del programa \u201cMesa Bonaerense\u201d, que es el m\u00f3dulo extraordinario de seguridad alimentaria.\" \/>\n<meta property=\"og:url\" content=\"https:\/\/noticiasmercedinas.com\/site\/2023\/02\/24\/avanzan-con-entregas-de-cajas-de-alimentos-en-escuelas-del-distrito\/\" \/>\n<meta property=\"og:site_name\" content=\"NOTICIASMERCEDINAS.COM\" \/>\n<meta property=\"article:publisher\" content=\"https:\/\/www.facebook.com\/noticiasmercedinas\/\" \/>\n<meta property=\"article:published_time\" content=\"2023-02-24T16:20:58+00:00\" \/>\n<meta property=\"article:modified_time\" content=\"2024-03-20T00:14:16+00:00\" \/>\n<meta property=\"og:image\" content=\"https:\/\/noticiasmercedinas.com\/site\/wp-content\/uploads\/2023\/02\/mesabonaerense.jpg\" \/>\n\t<meta property=\"og:image:width\" content=\"640\" \/>\n\t<meta property=\"og:image:height\" content=\"482\" \/>\n\t<meta property=\"og:image:type\" content=\"image\/jpeg\" \/>\n<meta name=\"author\" content=\"NOTICIASMERCEDINAS.COM\" \/>\n<meta name=\"twitter:card\" content=\"summary_large_image\" \/>\n<meta name=\"twitter:creator\" content=\"@notmercedinas\" \/>\n<meta name=\"twitter:site\" content=\"@notmercedinas\" \/>\n<meta name=\"twitter:label1\" content=\"Escrito por\" \/>\n\t<meta name=\"twitter:data1\" content=\"NOTICIASMERCEDINAS.COM\" \/>\n\t<meta name=\"twitter:label2\" content=\"Tiempo de lectura\" \/>\n\t<meta name=\"twitter:data2\" content=\"3 minutos\" \/>\n<script type=\"application\/ld+json\" class=\"yoast-schema-graph\">{\"@context\":\"https:\\\/\\\/schema.org\",\"@graph\":[{\"@type\":\"Article\",\"@id\":\"https:\\\/\\\/noticiasmercedinas.com\\\/site\\\/2023\\\/02\\\/24\\\/avanzan-con-entregas-de-cajas-de-alimentos-en-escuelas-del-distrito\\\/#article\",\"isPartOf\":{\"@id\":\"https:\\\/\\\/noticiasmercedinas.com\\\/site\\\/2023\\\/02\\\/24\\\/avanzan-con-entregas-de-cajas-de-alimentos-en-escuelas-del-distrito\\\/\"},\"author\":{\"name\":\"NOTICIASMERCEDINAS.COM\",\"@id\":\"https:\\\/\\\/noticiasmercedinas.com\\\/site\\\/#\\\/schema\\\/person\\\/84b59c099c28ff2e8b77d4ceec5d8063\"},\"headline\":\"Provincia avanza con entrega de cajas de alimentos en escuelas del distrito\",\"datePublished\":\"2023-02-24T16:20:58+00:00\",\"dateModified\":\"2024-03-20T00:14:16+00:00\",\"mainEntityOfPage\":{\"@id\":\"https:\\\/\\\/noticiasmercedinas.com\\\/site\\\/2023\\\/02\\\/24\\\/avanzan-con-entregas-de-cajas-de-alimentos-en-escuelas-del-distrito\\\/\"},\"wordCount\":403,\"commentCount\":0,\"publisher\":{\"@id\":\"https:\\\/\\\/noticiasmercedinas.com\\\/site\\\/#organization\"},\"image\":{\"@id\":\"https:\\\/\\\/noticiasmercedinas.com\\\/site\\\/2023\\\/02\\\/24\\\/avanzan-con-entregas-de-cajas-de-alimentos-en-escuelas-del-distrito\\\/#primaryimage\"},\"thumbnailUrl\":\"https:\\\/\\\/noticiasmercedinas.com\\\/site\\\/wp-content\\\/uploads\\\/2023\\\/02\\\/mesabonaerense.jpg\",\"keywords\":[\"consejo escolar\",\"mesa\",\"Sae\"],\"articleSection\":[\"Sociedad\"],\"inLanguage\":\"es\",\"potentialAction\":[{\"@type\":\"CommentAction\",\"name\":\"Comment\",\"target\":[\"https:\\\/\\\/noticiasmercedinas.com\\\/site\\\/2023\\\/02\\\/24\\\/avanzan-con-entregas-de-cajas-de-alimentos-en-escuelas-del-distrito\\\/#respond\"]}]},{\"@type\":\"WebPage\",\"@id\":\"https:\\\/\\\/noticiasmercedinas.com\\\/site\\\/2023\\\/02\\\/24\\\/avanzan-con-entregas-de-cajas-de-alimentos-en-escuelas-del-distrito\\\/\",\"url\":\"https:\\\/\\\/noticiasmercedinas.com\\\/site\\\/2023\\\/02\\\/24\\\/avanzan-con-entregas-de-cajas-de-alimentos-en-escuelas-del-distrito\\\/\",\"name\":\"Provincia avanza con entrega de cajas de alimentos en escuelas del distrito\",\"isPartOf\":{\"@id\":\"https:\\\/\\\/noticiasmercedinas.com\\\/site\\\/#website\"},\"primaryImageOfPage\":{\"@id\":\"https:\\\/\\\/noticiasmercedinas.com\\\/site\\\/2023\\\/02\\\/24\\\/avanzan-con-entregas-de-cajas-de-alimentos-en-escuelas-del-distrito\\\/#primaryimage\"},\"image\":{\"@id\":\"https:\\\/\\\/noticiasmercedinas.com\\\/site\\\/2023\\\/02\\\/24\\\/avanzan-con-entregas-de-cajas-de-alimentos-en-escuelas-del-distrito\\\/#primaryimage\"},\"thumbnailUrl\":\"https:\\\/\\\/noticiasmercedinas.com\\\/site\\\/wp-content\\\/uploads\\\/2023\\\/02\\\/mesabonaerense.jpg\",\"datePublished\":\"2023-02-24T16:20:58+00:00\",\"dateModified\":\"2024-03-20T00:14:16+00:00\",\"breadcrumb\":{\"@id\":\"https:\\\/\\\/noticiasmercedinas.com\\\/site\\\/2023\\\/02\\\/24\\\/avanzan-con-entregas-de-cajas-de-alimentos-en-escuelas-del-distrito\\\/#breadcrumb\"},\"inLanguage\":\"es\",\"potentialAction\":[{\"@type\":\"ReadAction\",\"target\":[\"https:\\\/\\\/noticiasmercedinas.com\\\/site\\\/2023\\\/02\\\/24\\\/avanzan-con-entregas-de-cajas-de-alimentos-en-escuelas-del-distrito\\\/\"]}]},{\"@type\":\"ImageObject\",\"inLanguage\":\"es\",\"@id\":\"https:\\\/\\\/noticiasmercedinas.com\\\/site\\\/2023\\\/02\\\/24\\\/avanzan-con-entregas-de-cajas-de-alimentos-en-escuelas-del-distrito\\\/#primaryimage\",\"url\":\"https:\\\/\\\/noticiasmercedinas.com\\\/site\\\/wp-content\\\/uploads\\\/2023\\\/02\\\/mesabonaerense.jpg\",\"contentUrl\":\"https:\\\/\\\/noticiasmercedinas.com\\\/site\\\/wp-content\\\/uploads\\\/2023\\\/02\\\/mesabonaerense.jpg\",\"width\":640,\"height\":482},{\"@type\":\"BreadcrumbList\",\"@id\":\"https:\\\/\\\/noticiasmercedinas.com\\\/site\\\/2023\\\/02\\\/24\\\/avanzan-con-entregas-de-cajas-de-alimentos-en-escuelas-del-distrito\\\/#breadcrumb\",\"itemListElement\":[{\"@type\":\"ListItem\",\"position\":1,\"name\":\"Portada\",\"item\":\"https:\\\/\\\/noticiasmercedinas.com\\\/site\\\/\"},{\"@type\":\"ListItem\",\"position\":2,\"name\":\"Provincia avanza con entrega de cajas de alimentos en escuelas del distrito\"}]},{\"@type\":\"WebSite\",\"@id\":\"https:\\\/\\\/noticiasmercedinas.com\\\/site\\\/#website\",\"url\":\"https:\\\/\\\/noticiasmercedinas.com\\\/site\\\/\",\"name\":\"NOTICIASMERCEDINAS.COM\",\"description\":\"Mercedes, Buenos Aires, Argentina\",\"publisher\":{\"@id\":\"https:\\\/\\\/noticiasmercedinas.com\\\/site\\\/#organization\"},\"potentialAction\":[{\"@type\":\"SearchAction\",\"target\":{\"@type\":\"EntryPoint\",\"urlTemplate\":\"https:\\\/\\\/noticiasmercedinas.com\\\/site\\\/?s={search_term_string}\"},\"query-input\":{\"@type\":\"PropertyValueSpecification\",\"valueRequired\":true,\"valueName\":\"search_term_string\"}}],\"inLanguage\":\"es\"},{\"@type\":\"Organization\",\"@id\":\"https:\\\/\\\/noticiasmercedinas.com\\\/site\\\/#organization\",\"name\":\"NOTICIASMERCEDINAS.COM\",\"url\":\"https:\\\/\\\/noticiasmercedinas.com\\\/site\\\/\",\"logo\":{\"@type\":\"ImageObject\",\"inLanguage\":\"es\",\"@id\":\"https:\\\/\\\/noticiasmercedinas.com\\\/site\\\/#\\\/schema\\\/logo\\\/image\\\/\",\"url\":\"https:\\\/\\\/noticiasmercedinas.com\\\/site\\\/wp-content\\\/uploads\\\/2020\\\/06\\\/LOGO-512.jpg\",\"contentUrl\":\"https:\\\/\\\/noticiasmercedinas.com\\\/site\\\/wp-content\\\/uploads\\\/2020\\\/06\\\/LOGO-512.jpg\",\"width\":512,\"height\":512,\"caption\":\"NOTICIASMERCEDINAS.COM\"},\"image\":{\"@id\":\"https:\\\/\\\/noticiasmercedinas.com\\\/site\\\/#\\\/schema\\\/logo\\\/image\\\/\"},\"sameAs\":[\"https:\\\/\\\/www.facebook.com\\\/noticiasmercedinas\\\/\",\"https:\\\/\\\/x.com\\\/notmercedinas\",\"https:\\\/\\\/www.instagram.com\\\/noticiasmercedinas\\\/\"]},{\"@type\":\"Person\",\"@id\":\"https:\\\/\\\/noticiasmercedinas.com\\\/site\\\/#\\\/schema\\\/person\\\/84b59c099c28ff2e8b77d4ceec5d8063\",\"name\":\"NOTICIASMERCEDINAS.COM\",\"image\":{\"@type\":\"ImageObject\",\"inLanguage\":\"es\",\"@id\":\"https:\\\/\\\/secure.gravatar.com\\\/avatar\\\/4dfbf16b4d17945bfb6341b2d19043457132fcf478a5ee04f42e959fd8f5df0a?s=96&d=mm&r=g\",\"url\":\"https:\\\/\\\/secure.gravatar.com\\\/avatar\\\/4dfbf16b4d17945bfb6341b2d19043457132fcf478a5ee04f42e959fd8f5df0a?s=96&d=mm&r=g\",\"contentUrl\":\"https:\\\/\\\/secure.gravatar.com\\\/avatar\\\/4dfbf16b4d17945bfb6341b2d19043457132fcf478a5ee04f42e959fd8f5df0a?s=96&d=mm&r=g\",\"caption\":\"NOTICIASMERCEDINAS.COM\"},\"url\":\"https:\\\/\\\/noticiasmercedinas.com\\\/site\\\/author\\\/anonimo\\\/\"}]}<\/script>\n<!-- \/ Yoast SEO plugin. -->","yoast_head_json":{"title":"Provincia avanza con entrega de cajas de alimentos en escuelas del distrito","robots":{"index":"index","follow":"follow","max-snippet":"max-snippet:-1","max-image-preview":"max-image-preview:large","max-video-preview":"max-video-preview:-1"},"canonical":"https:\/\/noticiasmercedinas.com\/site\/2023\/02\/24\/avanzan-con-entregas-de-cajas-de-alimentos-en-escuelas-del-distrito\/","og_locale":"es_ES","og_type":"article","og_title":"Provincia avanza con entrega de cajas de alimentos en escuelas del distrito","og_description":"\u25a0 El Gobierno Provincial a trav\u00e9s del Consejo Escolar retom\u00f3 la entrega del programa \u201cMesa Bonaerense\u201d, que es el m\u00f3dulo extraordinario de seguridad alimentaria.","og_url":"https:\/\/noticiasmercedinas.com\/site\/2023\/02\/24\/avanzan-con-entregas-de-cajas-de-alimentos-en-escuelas-del-distrito\/","og_site_name":"NOTICIASMERCEDINAS.COM","article_publisher":"https:\/\/www.facebook.com\/noticiasmercedinas\/","article_published_time":"2023-02-24T16:20:58+00:00","article_modified_time":"2024-03-20T00:14:16+00:00","og_image":[{"width":640,"height":482,"url":"https:\/\/noticiasmercedinas.com\/site\/wp-content\/uploads\/2023\/02\/mesabonaerense.jpg","type":"image\/jpeg"}],"author":"NOTICIASMERCEDINAS.COM","twitter_card":"summary_large_image","twitter_creator":"@notmercedinas","twitter_site":"@notmercedinas","twitter_misc":{"Escrito por":"NOTICIASMERCEDINAS.COM","Tiempo de lectura":"3 minutos"},"schema":{"@context":"https:\/\/schema.org","@graph":[{"@type":"Article","@id":"https:\/\/noticiasmercedinas.com\/site\/2023\/02\/24\/avanzan-con-entregas-de-cajas-de-alimentos-en-escuelas-del-distrito\/#article","isPartOf":{"@id":"https:\/\/noticiasmercedinas.com\/site\/2023\/02\/24\/avanzan-con-entregas-de-cajas-de-alimentos-en-escuelas-del-distrito\/"},"author":{"name":"NOTICIASMERCEDINAS.COM","@id":"https:\/\/noticiasmercedinas.com\/site\/#\/schema\/person\/84b59c099c28ff2e8b77d4ceec5d8063"},"headline":"Provincia avanza con entrega de cajas de alimentos en escuelas del distrito","datePublished":"2023-02-24T16:20:58+00:00","dateModified":"2024-03-20T00:14:16+00:00","mainEntityOfPage":{"@id":"https:\/\/noticiasmercedinas.com\/site\/2023\/02\/24\/avanzan-con-entregas-de-cajas-de-alimentos-en-escuelas-del-distrito\/"},"wordCount":403,"commentCount":0,"publisher":{"@id":"https:\/\/noticiasmercedinas.com\/site\/#organization"},"image":{"@id":"https:\/\/noticiasmercedinas.com\/site\/2023\/02\/24\/avanzan-con-entregas-de-cajas-de-alimentos-en-escuelas-del-distrito\/#primaryimage"},"thumbnailUrl":"https:\/\/noticiasmercedinas.com\/site\/wp-content\/uploads\/2023\/02\/mesabonaerense.jpg","keywords":["consejo escolar","mesa","Sae"],"articleSection":["Sociedad"],"inLanguage":"es","potentialAction":[{"@type":"CommentAction","name":"Comment","target":["https:\/\/noticiasmercedinas.com\/site\/2023\/02\/24\/avanzan-con-entregas-de-cajas-de-alimentos-en-escuelas-del-distrito\/#respond"]}]},{"@type":"WebPage","@id":"https:\/\/noticiasmercedinas.com\/site\/2023\/02\/24\/avanzan-con-entregas-de-cajas-de-alimentos-en-escuelas-del-distrito\/","url":"https:\/\/noticiasmercedinas.com\/site\/2023\/02\/24\/avanzan-con-entregas-de-cajas-de-alimentos-en-escuelas-del-distrito\/","name":"Provincia avanza con entrega de cajas de alimentos en escuelas del distrito","isPartOf":{"@id":"https:\/\/noticiasmercedinas.com\/site\/#website"},"primaryImageOfPage":{"@id":"https:\/\/noticiasmercedinas.com\/site\/2023\/02\/24\/avanzan-con-entregas-de-cajas-de-alimentos-en-escuelas-del-distrito\/#primaryimage"},"image":{"@id":"https:\/\/noticiasmercedinas.com\/site\/2023\/02\/24\/avanzan-con-entregas-de-cajas-de-alimentos-en-escuelas-del-distrito\/#primaryimage"},"thumbnailUrl":"https:\/\/noticiasmercedinas.com\/site\/wp-content\/uploads\/2023\/02\/mesabonaerense.jpg","datePublished":"2023-02-24T16:20:58+00:00","dateModified":"2024-03-20T00:14:16+00:00","breadcrumb":{"@id":"https:\/\/noticiasmercedinas.com\/site\/2023\/02\/24\/avanzan-con-entregas-de-cajas-de-alimentos-en-escuelas-del-distrito\/#breadcrumb"},"inLanguage":"es","potentialAction":[{"@type":"ReadAction","target":["https:\/\/noticiasmercedinas.com\/site\/2023\/02\/24\/avanzan-con-entregas-de-cajas-de-alimentos-en-escuelas-del-distrito\/"]}]},{"@type":"ImageObject","inLanguage":"es","@id":"https:\/\/noticiasmercedinas.com\/site\/2023\/02\/24\/avanzan-con-entregas-de-cajas-de-alimentos-en-escuelas-del-distrito\/#primaryimage","url":"https:\/\/noticiasmercedinas.com\/site\/wp-content\/uploads\/2023\/02\/mesabonaerense.jpg","contentUrl":"https:\/\/noticiasmercedinas.com\/site\/wp-content\/uploads\/2023\/02\/mesabonaerense.jpg","width":640,"height":482},{"@type":"BreadcrumbList","@id":"https:\/\/noticiasmercedinas.com\/site\/2023\/02\/24\/avanzan-con-entregas-de-cajas-de-alimentos-en-escuelas-del-distrito\/#breadcrumb","itemListElement":[{"@type":"ListItem","position":1,"name":"Portada","item":"https:\/\/noticiasmercedinas.com\/site\/"},{"@type":"ListItem","position":2,"name":"Provincia avanza con entrega de cajas de alimentos en escuelas del distrito"}]},{"@type":"WebSite","@id":"https:\/\/noticiasmercedinas.com\/site\/#website","url":"https:\/\/noticiasmercedinas.com\/site\/","name":"NOTICIASMERCEDINAS.COM","description":"Mercedes, Buenos Aires, Argentina","publisher":{"@id":"https:\/\/noticiasmercedinas.com\/site\/#organization"},"potentialAction":[{"@type":"SearchAction","target":{"@type":"EntryPoint","urlTemplate":"https:\/\/noticiasmercedinas.com\/site\/?s={search_term_string}"},"query-input":{"@type":"PropertyValueSpecification","valueRequired":true,"valueName":"search_term_string"}}],"inLanguage":"es"},{"@type":"Organization","@id":"https:\/\/noticiasmercedinas.com\/site\/#organization","name":"NOTICIASMERCEDINAS.COM","url":"https:\/\/noticiasmercedinas.com\/site\/","logo":{"@type":"ImageObject","inLanguage":"es","@id":"https:\/\/noticiasmercedinas.com\/site\/#\/schema\/logo\/image\/","url":"https:\/\/noticiasmercedinas.com\/site\/wp-content\/uploads\/2020\/06\/LOGO-512.jpg","contentUrl":"https:\/\/noticiasmercedinas.com\/site\/wp-content\/uploads\/2020\/06\/LOGO-512.jpg","width":512,"height":512,"caption":"NOTICIASMERCEDINAS.COM"},"image":{"@id":"https:\/\/noticiasmercedinas.com\/site\/#\/schema\/logo\/image\/"},"sameAs":["https:\/\/www.facebook.com\/noticiasmercedinas\/","https:\/\/x.com\/notmercedinas","https:\/\/www.instagram.com\/noticiasmercedinas\/"]},{"@type":"Person","@id":"https:\/\/noticiasmercedinas.com\/site\/#\/schema\/person\/84b59c099c28ff2e8b77d4ceec5d8063","name":"NOTICIASMERCEDINAS.COM","image":{"@type":"ImageObject","inLanguage":"es","@id":"https:\/\/secure.gravatar.com\/avatar\/4dfbf16b4d17945bfb6341b2d19043457132fcf478a5ee04f42e959fd8f5df0a?s=96&d=mm&r=g","url":"https:\/\/secure.gravatar.com\/avatar\/4dfbf16b4d17945bfb6341b2d19043457132fcf478a5ee04f42e959fd8f5df0a?s=96&d=mm&r=g","contentUrl":"https:\/\/secure.gravatar.com\/avatar\/4dfbf16b4d17945bfb6341b2d19043457132fcf478a5ee04f42e959fd8f5df0a?s=96&d=mm&r=g","caption":"NOTICIASMERCEDINAS.COM"},"url":"https:\/\/noticiasmercedinas.com\/site\/author\/anonimo\/"}]}},"amp_enabled":true,"_links":{"self":[{"href":"https:\/\/noticiasmercedinas.com\/site\/wp-json\/wp\/v2\/posts\/109702","targetHints":{"allow":["GET"]}}],"collection":[{"href":"https:\/\/noticiasmercedinas.com\/site\/wp-json\/wp\/v2\/posts"}],"about":[{"href":"https:\/\/noticiasmercedinas.com\/site\/wp-json\/wp\/v2\/types\/post"}],"author":[{"embeddable":true,"href":"https:\/\/noticiasmercedinas.com\/site\/wp-json\/wp\/v2\/users\/16"}],"replies":[{"embeddable":true,"href":"https:\/\/noticiasmercedinas.com\/site\/wp-json\/wp\/v2\/comments?post=109702"}],"version-history":[{"count":3,"href":"https:\/\/noticiasmercedinas.com\/site\/wp-json\/wp\/v2\/posts\/109702\/revisions"}],"predecessor-version":[{"id":132749,"href":"https:\/\/noticiasmercedinas.com\/site\/wp-json\/wp\/v2\/posts\/109702\/revisions\/132749"}],"wp:featuredmedia":[{"embeddable":true,"href":"https:\/\/noticiasmercedinas.com\/site\/wp-json\/wp\/v2\/media\/109703"}],"wp:attachment":[{"href":"https:\/\/noticiasmercedinas.com\/site\/wp-json\/wp\/v2\/media?parent=109702"}],"wp:term":[{"taxonomy":"category","embeddable":true,"href":"https:\/\/noticiasmercedinas.com\/site\/wp-json\/wp\/v2\/categories?post=109702"},{"taxonomy":"post_tag","embeddable":true,"href":"https:\/\/noticiasmercedinas.com\/site\/wp-json\/wp\/v2\/tags?post=109702"}],"curies":[{"name":"wp","href":"https:\/\/api.w.org\/{rel}","templated":true}]}}