{"id":109723,"date":"2023-02-24T17:51:18","date_gmt":"2023-02-24T20:51:18","guid":{"rendered":"https:\/\/noticiasmercedinas.com\/site\/?p=109723"},"modified":"2023-02-24T17:51:18","modified_gmt":"2023-02-24T20:51:18","slug":"tecnicatura-en-grafologia-cientifica-con-inscripcion-abierta","status":"publish","type":"post","link":"https:\/\/noticiasmercedinas.com\/site\/2023\/02\/24\/tecnicatura-en-grafologia-cientifica-con-inscripcion-abierta\/","title":{"rendered":"Tecnicatura en Grafolog\u00eda Cient\u00edfica, con inscripci\u00f3n abierta"},"content":{"rendered":"<p><img loading=\"lazy\" decoding=\"async\" class=\"alignnone size-full wp-image-109725\" src=\"https:\/\/noticiasmercedinas.com\/site\/wp-content\/uploads\/2023\/02\/grafologia.jpg\" alt=\"\" width=\"770\" height=\"461\" srcset=\"https:\/\/noticiasmercedinas.com\/site\/wp-content\/uploads\/2023\/02\/grafologia.jpg 770w, https:\/\/noticiasmercedinas.com\/site\/wp-content\/uploads\/2023\/02\/grafologia-300x180.jpg 300w, https:\/\/noticiasmercedinas.com\/site\/wp-content\/uploads\/2023\/02\/grafologia-768x460.jpg 768w, https:\/\/noticiasmercedinas.com\/site\/wp-content\/uploads\/2023\/02\/grafologia-640x383.jpg 640w, https:\/\/noticiasmercedinas.com\/site\/wp-content\/uploads\/2023\/02\/grafologia-681x408.jpg 681w\" sizes=\"auto, (max-width: 770px) 100vw, 770px\" \/><\/p>\n<p>Desde <strong>SG Grafolog\u00eda<\/strong> invitan a sumarse a la Tecnicatura en Grafolog\u00eda Cient\u00edfica, carrera te\u00f3rico pr\u00e1ctica que tiene inscripci\u00f3n abierta y que cuenta con el aval del CPG (Centro de Peritos Grafol\u00f3gicos de La Plata asociaci\u00f3n civil).<\/p>\n<p>La grafolog\u00eda es conocida como \u00abLa ciencia de la escritura\u00bb y se centra en el an\u00e1lisis de la personalidad a trav\u00e9s de la escritura manuscrita, aplicando sus leyes y m\u00e9todos que le son propios, con el objetivo de conocer temperamento, car\u00e1cter, tendencias volitivas, emocionales y sociales del hombre.<\/p>\n<p>Esta carrera est\u00e1 dirigida a trabajadores de RRHH, comerciantes, docentes, psic\u00f3logos y p\u00fablico en general. Su duraci\u00f3n es de marzo a diciembre.<\/p>\n<p>La graf\u00f3loga <strong>Sonia Gonz\u00e1lez<\/strong> coment\u00f3 al respecto que \u201cse trata de cuatro cuatrimestres, o sea dos a\u00f1os\u201d: \u201cEn el primer y segundo nivel se desarrolla todo lo que es la historia de la escritura, la historia del hombre y de la escritura, la historia de la grafolog\u00eda\u201d, coment\u00f3 e indic\u00f3 que los graf\u00f3logos estudian \u201cel desarrollo y el conocimiento de los 8 g\u00e9neros gr\u00e1ficos, por ejemplo el tama\u00f1o, la presi\u00f3n, la direcci\u00f3n, la forma, la inclinaci\u00f3n, la velocidad de la escritura\u201d.<\/p>\n<blockquote><p>Con todos los rasgos, se podr\u00e1 entonces elaborar un perfil de la persona, haci\u00e9ndole ver c\u00f3mo es emocionalmente, si tiene alg\u00fan bloqueo o alg\u00fan conflicto emocional, c\u00f3mo est\u00e1 parado ante el futuro, si despeg\u00f3 o no despeg\u00f3 del pasado de los lazos familiares, si es una persona dependiente o independiente<\/p><\/blockquote>\n<p>\u201cA trav\u00e9s de eso podemos conocer c\u00f3mo es la autoestima de la persona, c\u00f3mo es la voluntad, cu\u00e1l es la tendencia de esa persona, si es m\u00e1s para afuera, m\u00e1s para adentro, o sea m\u00e1s introvertido m\u00e1s extrovertido. Tambi\u00e9n podemos ver a trav\u00e9s de la velocidad, por ejemplo, c\u00f3mo es su inteligencia, qu\u00e9 tipo de habilidades, c\u00f3mo son sus reflejos mentales, si hay bloqueos, si es una mente que funciona din\u00e1micamente y espont\u00e1neamente. Todo eso con los 8 g\u00e9neros gr\u00e1ficos\u201d, ampli\u00f3. \u201cTambi\u00e9n vemos las letras reflejas, por ejemplo, la I min\u00fascula, el punto de la i que nos indica caracter\u00edsticas de inteligencia, en la letra T que nos indica el nivel de resistencia, por ejemplo, como es su energ\u00eda, el nivel de resistencia en el trabajo, y despu\u00e9s analizamos todo lo que tiene que ver con los peque\u00f1os gestos o micro gestos, por ejemplo, cuando finaliz\u00e1s la M inicial o en la M may\u00fascula, que al final hac\u00e9s un espiral, por ejemplo, otros hacen un angulito, otros hacen otras formas, puede ser en el inicio o en el final de una letra. Y eso se analiza tambi\u00e9n, son los micro gestos\u201d, detall\u00f3 la graf\u00f3loga.<\/p>\n<p>Con todos los rasgos, se podr\u00e1 entonces elaborar un perfil de la persona, haci\u00e9ndole ver c\u00f3mo es emocionalmente, si tiene alg\u00fan bloqueo o alg\u00fan conflicto emocional, c\u00f3mo est\u00e1 parado ante el futuro, si despeg\u00f3 o no despeg\u00f3 del pasado de los lazos familiares, si es una persona dependiente o independiente.<\/p>\n<p>\u201cTambi\u00e9n analizamos la firma y la r\u00fabrica. La firma es lo m\u00e1s inconsciente de toda la escritura. Se pone al final y es lo que m\u00e1s habla de nosotros mismos, c\u00f3mo realmente somos. En grafolog\u00eda siempre decimos que el texto nos muestra la persona como es a nivel profesional y social, y en la firma vemos c\u00f3mo es la persona realmente en la intimidad\u201d, complet\u00f3 Gonz\u00e1lez subrayando que la grafolog\u00eda hoy en d\u00eda tiene un gran alcance: \u201cEn todo el mundo se aplica y much\u00edsimo para el autoconocimiento. Se usa mucho para la selecci\u00f3n de personal, se puede trabajar para consultoras de trabajo, para la parte forense, tambi\u00e9n es importante en el caso de desaparici\u00f3n de personas, para ver el perfil de un criminal, su estado an\u00edmico, si tiene alg\u00fan tipo de patolog\u00eda tanto org\u00e1nica como ps\u00edquica, y para los docentes es muy importante para conocer estados an\u00edmicos de los alumnos. Desde los primeros garabatos del ni\u00f1o, tambi\u00e9n se estudia grafolog\u00eda infantil. Incluso para compatibilidades matrimoniales o de pareja tambi\u00e9n y hoy en d\u00eda participa interdisciplinariamente con otras disciplinas, es mano derecha de otras ciencias, como por supuesto de la psicolog\u00eda, porque cada trazo que analizamos tiene un significado psicol\u00f3gico\u201d, plante\u00f3 la graf\u00f3loga.<\/p>\n<p>Quienes se inscriban antes del 1 de marzo tienen un 20% descuento. La certificaci\u00f3n que se obtiene es de validez nacional.<\/p>\n<p>Para inscripciones y consultas: Tel\u00e9fono\/whatsapp 2324-581682.<\/p>\n<p><img loading=\"lazy\" decoding=\"async\" class=\"alignnone size-full wp-image-109724\" src=\"https:\/\/noticiasmercedinas.com\/site\/wp-content\/uploads\/2023\/02\/GRAFO.jpg\" alt=\"\" width=\"680\" height=\"844\" srcset=\"https:\/\/noticiasmercedinas.com\/site\/wp-content\/uploads\/2023\/02\/GRAFO.jpg 680w, https:\/\/noticiasmercedinas.com\/site\/wp-content\/uploads\/2023\/02\/GRAFO-242x300.jpg 242w, https:\/\/noticiasmercedinas.com\/site\/wp-content\/uploads\/2023\/02\/GRAFO-640x794.jpg 640w\" sizes=\"auto, (max-width: 680px) 100vw, 680px\" \/><\/p>\n","protected":false},"excerpt":{"rendered":"<p>\u25a0 Se trata de una carrera de dos a\u00f1os, te\u00f3rico \u2013 pr\u00e1ctica, que cuenta con el aval del CPG (Centro de Peritos Grafol\u00f3gicos). Hay descuentos para quienes se inscriban antes del 1 de marzo.<\/p>\n","protected":false},"author":16,"featured_media":109725,"comment_status":"open","ping_status":"open","sticky":false,"template":"","format":"standard","meta":{"footnotes":""},"categories":[15755,74],"tags":[16265,8219,16263,3590,16264],"class_list":["post-109723","post","type-post","status-publish","format-standard","has-post-thumbnail","hentry","category-educacion","category-emprendimientos","tag-centro-de-peritos-grafologicos","tag-personalidad","tag-sg-grafologia","tag-sonia-gonzalez","tag-tecnicatura-en-grafologia-cientifica"],"yoast_head":"<!-- This site is optimized with the Yoast SEO plugin v27.4 - https:\/\/yoast.com\/product\/yoast-seo-wordpress\/ -->\n<title>Tecnicatura en Grafolog\u00eda Cient\u00edfica, con inscripci\u00f3n abierta<\/title>\n<meta name=\"robots\" content=\"index, follow, max-snippet:-1, max-image-preview:large, max-video-preview:-1\" \/>\n<link rel=\"canonical\" href=\"https:\/\/noticiasmercedinas.com\/site\/2023\/02\/24\/tecnicatura-en-grafologia-cientifica-con-inscripcion-abierta\/\" \/>\n<meta property=\"og:locale\" content=\"es_ES\" \/>\n<meta property=\"og:type\" content=\"article\" \/>\n<meta property=\"og:title\" content=\"Tecnicatura en Grafolog\u00eda Cient\u00edfica, con inscripci\u00f3n abierta\" \/>\n<meta property=\"og:description\" content=\"\u25a0 Se trata de una carrera de dos a\u00f1os, te\u00f3rico \u2013 pr\u00e1ctica, que cuenta con el aval del CPG (Centro de Peritos Grafol\u00f3gicos). Hay descuentos para quienes se inscriban antes del 1 de marzo.\" \/>\n<meta property=\"og:url\" content=\"https:\/\/noticiasmercedinas.com\/site\/2023\/02\/24\/tecnicatura-en-grafologia-cientifica-con-inscripcion-abierta\/\" \/>\n<meta property=\"og:site_name\" content=\"NOTICIASMERCEDINAS.COM\" \/>\n<meta property=\"article:publisher\" content=\"https:\/\/www.facebook.com\/noticiasmercedinas\/\" \/>\n<meta property=\"article:published_time\" content=\"2023-02-24T20:51:18+00:00\" \/>\n<meta property=\"og:image\" content=\"https:\/\/noticiasmercedinas.com\/site\/wp-content\/uploads\/2023\/02\/grafologia.jpg\" \/>\n\t<meta property=\"og:image:width\" content=\"770\" \/>\n\t<meta property=\"og:image:height\" content=\"461\" \/>\n\t<meta property=\"og:image:type\" content=\"image\/jpeg\" \/>\n<meta name=\"author\" content=\"NOTICIASMERCEDINAS.COM\" \/>\n<meta name=\"twitter:card\" content=\"summary_large_image\" \/>\n<meta name=\"twitter:creator\" content=\"@notmercedinas\" \/>\n<meta name=\"twitter:site\" content=\"@notmercedinas\" \/>\n<meta name=\"twitter:label1\" content=\"Escrito por\" \/>\n\t<meta name=\"twitter:data1\" content=\"NOTICIASMERCEDINAS.COM\" \/>\n\t<meta name=\"twitter:label2\" content=\"Tiempo de lectura\" \/>\n\t<meta name=\"twitter:data2\" content=\"4 minutos\" \/>\n<script type=\"application\/ld+json\" class=\"yoast-schema-graph\">{\"@context\":\"https:\\\/\\\/schema.org\",\"@graph\":[{\"@type\":\"Article\",\"@id\":\"https:\\\/\\\/noticiasmercedinas.com\\\/site\\\/2023\\\/02\\\/24\\\/tecnicatura-en-grafologia-cientifica-con-inscripcion-abierta\\\/#article\",\"isPartOf\":{\"@id\":\"https:\\\/\\\/noticiasmercedinas.com\\\/site\\\/2023\\\/02\\\/24\\\/tecnicatura-en-grafologia-cientifica-con-inscripcion-abierta\\\/\"},\"author\":{\"name\":\"NOTICIASMERCEDINAS.COM\",\"@id\":\"https:\\\/\\\/noticiasmercedinas.com\\\/site\\\/#\\\/schema\\\/person\\\/84b59c099c28ff2e8b77d4ceec5d8063\"},\"headline\":\"Tecnicatura en Grafolog\u00eda Cient\u00edfica, con inscripci\u00f3n abierta\",\"datePublished\":\"2023-02-24T20:51:18+00:00\",\"mainEntityOfPage\":{\"@id\":\"https:\\\/\\\/noticiasmercedinas.com\\\/site\\\/2023\\\/02\\\/24\\\/tecnicatura-en-grafologia-cientifica-con-inscripcion-abierta\\\/\"},\"wordCount\":812,\"commentCount\":0,\"publisher\":{\"@id\":\"https:\\\/\\\/noticiasmercedinas.com\\\/site\\\/#organization\"},\"image\":{\"@id\":\"https:\\\/\\\/noticiasmercedinas.com\\\/site\\\/2023\\\/02\\\/24\\\/tecnicatura-en-grafologia-cientifica-con-inscripcion-abierta\\\/#primaryimage\"},\"thumbnailUrl\":\"https:\\\/\\\/noticiasmercedinas.com\\\/site\\\/wp-content\\\/uploads\\\/2023\\\/02\\\/grafologia.jpg\",\"keywords\":[\"Centro de Peritos Grafol\u00f3gicos\",\"personalidad\",\"SG Grafolog\u00eda\",\"sonia gonzalez\",\"Tecnicatura en Grafolog\u00eda Cient\u00edfica\"],\"articleSection\":[\"Educacion\",\"Emprendimientos\"],\"inLanguage\":\"es\",\"potentialAction\":[{\"@type\":\"CommentAction\",\"name\":\"Comment\",\"target\":[\"https:\\\/\\\/noticiasmercedinas.com\\\/site\\\/2023\\\/02\\\/24\\\/tecnicatura-en-grafologia-cientifica-con-inscripcion-abierta\\\/#respond\"]}]},{\"@type\":\"WebPage\",\"@id\":\"https:\\\/\\\/noticiasmercedinas.com\\\/site\\\/2023\\\/02\\\/24\\\/tecnicatura-en-grafologia-cientifica-con-inscripcion-abierta\\\/\",\"url\":\"https:\\\/\\\/noticiasmercedinas.com\\\/site\\\/2023\\\/02\\\/24\\\/tecnicatura-en-grafologia-cientifica-con-inscripcion-abierta\\\/\",\"name\":\"Tecnicatura en Grafolog\u00eda Cient\u00edfica, con inscripci\u00f3n abierta\",\"isPartOf\":{\"@id\":\"https:\\\/\\\/noticiasmercedinas.com\\\/site\\\/#website\"},\"primaryImageOfPage\":{\"@id\":\"https:\\\/\\\/noticiasmercedinas.com\\\/site\\\/2023\\\/02\\\/24\\\/tecnicatura-en-grafologia-cientifica-con-inscripcion-abierta\\\/#primaryimage\"},\"image\":{\"@id\":\"https:\\\/\\\/noticiasmercedinas.com\\\/site\\\/2023\\\/02\\\/24\\\/tecnicatura-en-grafologia-cientifica-con-inscripcion-abierta\\\/#primaryimage\"},\"thumbnailUrl\":\"https:\\\/\\\/noticiasmercedinas.com\\\/site\\\/wp-content\\\/uploads\\\/2023\\\/02\\\/grafologia.jpg\",\"datePublished\":\"2023-02-24T20:51:18+00:00\",\"breadcrumb\":{\"@id\":\"https:\\\/\\\/noticiasmercedinas.com\\\/site\\\/2023\\\/02\\\/24\\\/tecnicatura-en-grafologia-cientifica-con-inscripcion-abierta\\\/#breadcrumb\"},\"inLanguage\":\"es\",\"potentialAction\":[{\"@type\":\"ReadAction\",\"target\":[\"https:\\\/\\\/noticiasmercedinas.com\\\/site\\\/2023\\\/02\\\/24\\\/tecnicatura-en-grafologia-cientifica-con-inscripcion-abierta\\\/\"]}]},{\"@type\":\"ImageObject\",\"inLanguage\":\"es\",\"@id\":\"https:\\\/\\\/noticiasmercedinas.com\\\/site\\\/2023\\\/02\\\/24\\\/tecnicatura-en-grafologia-cientifica-con-inscripcion-abierta\\\/#primaryimage\",\"url\":\"https:\\\/\\\/noticiasmercedinas.com\\\/site\\\/wp-content\\\/uploads\\\/2023\\\/02\\\/grafologia.jpg\",\"contentUrl\":\"https:\\\/\\\/noticiasmercedinas.com\\\/site\\\/wp-content\\\/uploads\\\/2023\\\/02\\\/grafologia.jpg\",\"width\":770,\"height\":461},{\"@type\":\"BreadcrumbList\",\"@id\":\"https:\\\/\\\/noticiasmercedinas.com\\\/site\\\/2023\\\/02\\\/24\\\/tecnicatura-en-grafologia-cientifica-con-inscripcion-abierta\\\/#breadcrumb\",\"itemListElement\":[{\"@type\":\"ListItem\",\"position\":1,\"name\":\"Portada\",\"item\":\"https:\\\/\\\/noticiasmercedinas.com\\\/site\\\/\"},{\"@type\":\"ListItem\",\"position\":2,\"name\":\"Tecnicatura en Grafolog\u00eda Cient\u00edfica, con inscripci\u00f3n abierta\"}]},{\"@type\":\"WebSite\",\"@id\":\"https:\\\/\\\/noticiasmercedinas.com\\\/site\\\/#website\",\"url\":\"https:\\\/\\\/noticiasmercedinas.com\\\/site\\\/\",\"name\":\"NOTICIASMERCEDINAS.COM\",\"description\":\"Mercedes, Buenos Aires, Argentina\",\"publisher\":{\"@id\":\"https:\\\/\\\/noticiasmercedinas.com\\\/site\\\/#organization\"},\"potentialAction\":[{\"@type\":\"SearchAction\",\"target\":{\"@type\":\"EntryPoint\",\"urlTemplate\":\"https:\\\/\\\/noticiasmercedinas.com\\\/site\\\/?s={search_term_string}\"},\"query-input\":{\"@type\":\"PropertyValueSpecification\",\"valueRequired\":true,\"valueName\":\"search_term_string\"}}],\"inLanguage\":\"es\"},{\"@type\":\"Organization\",\"@id\":\"https:\\\/\\\/noticiasmercedinas.com\\\/site\\\/#organization\",\"name\":\"NOTICIASMERCEDINAS.COM\",\"url\":\"https:\\\/\\\/noticiasmercedinas.com\\\/site\\\/\",\"logo\":{\"@type\":\"ImageObject\",\"inLanguage\":\"es\",\"@id\":\"https:\\\/\\\/noticiasmercedinas.com\\\/site\\\/#\\\/schema\\\/logo\\\/image\\\/\",\"url\":\"https:\\\/\\\/noticiasmercedinas.com\\\/site\\\/wp-content\\\/uploads\\\/2020\\\/06\\\/LOGO-512.jpg\",\"contentUrl\":\"https:\\\/\\\/noticiasmercedinas.com\\\/site\\\/wp-content\\\/uploads\\\/2020\\\/06\\\/LOGO-512.jpg\",\"width\":512,\"height\":512,\"caption\":\"NOTICIASMERCEDINAS.COM\"},\"image\":{\"@id\":\"https:\\\/\\\/noticiasmercedinas.com\\\/site\\\/#\\\/schema\\\/logo\\\/image\\\/\"},\"sameAs\":[\"https:\\\/\\\/www.facebook.com\\\/noticiasmercedinas\\\/\",\"https:\\\/\\\/x.com\\\/notmercedinas\",\"https:\\\/\\\/www.instagram.com\\\/noticiasmercedinas\\\/\"]},{\"@type\":\"Person\",\"@id\":\"https:\\\/\\\/noticiasmercedinas.com\\\/site\\\/#\\\/schema\\\/person\\\/84b59c099c28ff2e8b77d4ceec5d8063\",\"name\":\"NOTICIASMERCEDINAS.COM\",\"image\":{\"@type\":\"ImageObject\",\"inLanguage\":\"es\",\"@id\":\"https:\\\/\\\/secure.gravatar.com\\\/avatar\\\/4dfbf16b4d17945bfb6341b2d19043457132fcf478a5ee04f42e959fd8f5df0a?s=96&d=mm&r=g\",\"url\":\"https:\\\/\\\/secure.gravatar.com\\\/avatar\\\/4dfbf16b4d17945bfb6341b2d19043457132fcf478a5ee04f42e959fd8f5df0a?s=96&d=mm&r=g\",\"contentUrl\":\"https:\\\/\\\/secure.gravatar.com\\\/avatar\\\/4dfbf16b4d17945bfb6341b2d19043457132fcf478a5ee04f42e959fd8f5df0a?s=96&d=mm&r=g\",\"caption\":\"NOTICIASMERCEDINAS.COM\"},\"url\":\"https:\\\/\\\/noticiasmercedinas.com\\\/site\\\/author\\\/anonimo\\\/\"}]}<\/script>\n<!-- \/ Yoast SEO plugin. -->","yoast_head_json":{"title":"Tecnicatura en Grafolog\u00eda Cient\u00edfica, con inscripci\u00f3n abierta","robots":{"index":"index","follow":"follow","max-snippet":"max-snippet:-1","max-image-preview":"max-image-preview:large","max-video-preview":"max-video-preview:-1"},"canonical":"https:\/\/noticiasmercedinas.com\/site\/2023\/02\/24\/tecnicatura-en-grafologia-cientifica-con-inscripcion-abierta\/","og_locale":"es_ES","og_type":"article","og_title":"Tecnicatura en Grafolog\u00eda Cient\u00edfica, con inscripci\u00f3n abierta","og_description":"\u25a0 Se trata de una carrera de dos a\u00f1os, te\u00f3rico \u2013 pr\u00e1ctica, que cuenta con el aval del CPG (Centro de Peritos Grafol\u00f3gicos). Hay descuentos para quienes se inscriban antes del 1 de marzo.","og_url":"https:\/\/noticiasmercedinas.com\/site\/2023\/02\/24\/tecnicatura-en-grafologia-cientifica-con-inscripcion-abierta\/","og_site_name":"NOTICIASMERCEDINAS.COM","article_publisher":"https:\/\/www.facebook.com\/noticiasmercedinas\/","article_published_time":"2023-02-24T20:51:18+00:00","og_image":[{"width":770,"height":461,"url":"https:\/\/noticiasmercedinas.com\/site\/wp-content\/uploads\/2023\/02\/grafologia.jpg","type":"image\/jpeg"}],"author":"NOTICIASMERCEDINAS.COM","twitter_card":"summary_large_image","twitter_creator":"@notmercedinas","twitter_site":"@notmercedinas","twitter_misc":{"Escrito por":"NOTICIASMERCEDINAS.COM","Tiempo de lectura":"4 minutos"},"schema":{"@context":"https:\/\/schema.org","@graph":[{"@type":"Article","@id":"https:\/\/noticiasmercedinas.com\/site\/2023\/02\/24\/tecnicatura-en-grafologia-cientifica-con-inscripcion-abierta\/#article","isPartOf":{"@id":"https:\/\/noticiasmercedinas.com\/site\/2023\/02\/24\/tecnicatura-en-grafologia-cientifica-con-inscripcion-abierta\/"},"author":{"name":"NOTICIASMERCEDINAS.COM","@id":"https:\/\/noticiasmercedinas.com\/site\/#\/schema\/person\/84b59c099c28ff2e8b77d4ceec5d8063"},"headline":"Tecnicatura en Grafolog\u00eda Cient\u00edfica, con inscripci\u00f3n abierta","datePublished":"2023-02-24T20:51:18+00:00","mainEntityOfPage":{"@id":"https:\/\/noticiasmercedinas.com\/site\/2023\/02\/24\/tecnicatura-en-grafologia-cientifica-con-inscripcion-abierta\/"},"wordCount":812,"commentCount":0,"publisher":{"@id":"https:\/\/noticiasmercedinas.com\/site\/#organization"},"image":{"@id":"https:\/\/noticiasmercedinas.com\/site\/2023\/02\/24\/tecnicatura-en-grafologia-cientifica-con-inscripcion-abierta\/#primaryimage"},"thumbnailUrl":"https:\/\/noticiasmercedinas.com\/site\/wp-content\/uploads\/2023\/02\/grafologia.jpg","keywords":["Centro de Peritos Grafol\u00f3gicos","personalidad","SG Grafolog\u00eda","sonia gonzalez","Tecnicatura en Grafolog\u00eda Cient\u00edfica"],"articleSection":["Educacion","Emprendimientos"],"inLanguage":"es","potentialAction":[{"@type":"CommentAction","name":"Comment","target":["https:\/\/noticiasmercedinas.com\/site\/2023\/02\/24\/tecnicatura-en-grafologia-cientifica-con-inscripcion-abierta\/#respond"]}]},{"@type":"WebPage","@id":"https:\/\/noticiasmercedinas.com\/site\/2023\/02\/24\/tecnicatura-en-grafologia-cientifica-con-inscripcion-abierta\/","url":"https:\/\/noticiasmercedinas.com\/site\/2023\/02\/24\/tecnicatura-en-grafologia-cientifica-con-inscripcion-abierta\/","name":"Tecnicatura en Grafolog\u00eda Cient\u00edfica, con inscripci\u00f3n abierta","isPartOf":{"@id":"https:\/\/noticiasmercedinas.com\/site\/#website"},"primaryImageOfPage":{"@id":"https:\/\/noticiasmercedinas.com\/site\/2023\/02\/24\/tecnicatura-en-grafologia-cientifica-con-inscripcion-abierta\/#primaryimage"},"image":{"@id":"https:\/\/noticiasmercedinas.com\/site\/2023\/02\/24\/tecnicatura-en-grafologia-cientifica-con-inscripcion-abierta\/#primaryimage"},"thumbnailUrl":"https:\/\/noticiasmercedinas.com\/site\/wp-content\/uploads\/2023\/02\/grafologia.jpg","datePublished":"2023-02-24T20:51:18+00:00","breadcrumb":{"@id":"https:\/\/noticiasmercedinas.com\/site\/2023\/02\/24\/tecnicatura-en-grafologia-cientifica-con-inscripcion-abierta\/#breadcrumb"},"inLanguage":"es","potentialAction":[{"@type":"ReadAction","target":["https:\/\/noticiasmercedinas.com\/site\/2023\/02\/24\/tecnicatura-en-grafologia-cientifica-con-inscripcion-abierta\/"]}]},{"@type":"ImageObject","inLanguage":"es","@id":"https:\/\/noticiasmercedinas.com\/site\/2023\/02\/24\/tecnicatura-en-grafologia-cientifica-con-inscripcion-abierta\/#primaryimage","url":"https:\/\/noticiasmercedinas.com\/site\/wp-content\/uploads\/2023\/02\/grafologia.jpg","contentUrl":"https:\/\/noticiasmercedinas.com\/site\/wp-content\/uploads\/2023\/02\/grafologia.jpg","width":770,"height":461},{"@type":"BreadcrumbList","@id":"https:\/\/noticiasmercedinas.com\/site\/2023\/02\/24\/tecnicatura-en-grafologia-cientifica-con-inscripcion-abierta\/#breadcrumb","itemListElement":[{"@type":"ListItem","position":1,"name":"Portada","item":"https:\/\/noticiasmercedinas.com\/site\/"},{"@type":"ListItem","position":2,"name":"Tecnicatura en Grafolog\u00eda Cient\u00edfica, con inscripci\u00f3n abierta"}]},{"@type":"WebSite","@id":"https:\/\/noticiasmercedinas.com\/site\/#website","url":"https:\/\/noticiasmercedinas.com\/site\/","name":"NOTICIASMERCEDINAS.COM","description":"Mercedes, Buenos Aires, Argentina","publisher":{"@id":"https:\/\/noticiasmercedinas.com\/site\/#organization"},"potentialAction":[{"@type":"SearchAction","target":{"@type":"EntryPoint","urlTemplate":"https:\/\/noticiasmercedinas.com\/site\/?s={search_term_string}"},"query-input":{"@type":"PropertyValueSpecification","valueRequired":true,"valueName":"search_term_string"}}],"inLanguage":"es"},{"@type":"Organization","@id":"https:\/\/noticiasmercedinas.com\/site\/#organization","name":"NOTICIASMERCEDINAS.COM","url":"https:\/\/noticiasmercedinas.com\/site\/","logo":{"@type":"ImageObject","inLanguage":"es","@id":"https:\/\/noticiasmercedinas.com\/site\/#\/schema\/logo\/image\/","url":"https:\/\/noticiasmercedinas.com\/site\/wp-content\/uploads\/2020\/06\/LOGO-512.jpg","contentUrl":"https:\/\/noticiasmercedinas.com\/site\/wp-content\/uploads\/2020\/06\/LOGO-512.jpg","width":512,"height":512,"caption":"NOTICIASMERCEDINAS.COM"},"image":{"@id":"https:\/\/noticiasmercedinas.com\/site\/#\/schema\/logo\/image\/"},"sameAs":["https:\/\/www.facebook.com\/noticiasmercedinas\/","https:\/\/x.com\/notmercedinas","https:\/\/www.instagram.com\/noticiasmercedinas\/"]},{"@type":"Person","@id":"https:\/\/noticiasmercedinas.com\/site\/#\/schema\/person\/84b59c099c28ff2e8b77d4ceec5d8063","name":"NOTICIASMERCEDINAS.COM","image":{"@type":"ImageObject","inLanguage":"es","@id":"https:\/\/secure.gravatar.com\/avatar\/4dfbf16b4d17945bfb6341b2d19043457132fcf478a5ee04f42e959fd8f5df0a?s=96&d=mm&r=g","url":"https:\/\/secure.gravatar.com\/avatar\/4dfbf16b4d17945bfb6341b2d19043457132fcf478a5ee04f42e959fd8f5df0a?s=96&d=mm&r=g","contentUrl":"https:\/\/secure.gravatar.com\/avatar\/4dfbf16b4d17945bfb6341b2d19043457132fcf478a5ee04f42e959fd8f5df0a?s=96&d=mm&r=g","caption":"NOTICIASMERCEDINAS.COM"},"url":"https:\/\/noticiasmercedinas.com\/site\/author\/anonimo\/"}]}},"amp_enabled":true,"_links":{"self":[{"href":"https:\/\/noticiasmercedinas.com\/site\/wp-json\/wp\/v2\/posts\/109723","targetHints":{"allow":["GET"]}}],"collection":[{"href":"https:\/\/noticiasmercedinas.com\/site\/wp-json\/wp\/v2\/posts"}],"about":[{"href":"https:\/\/noticiasmercedinas.com\/site\/wp-json\/wp\/v2\/types\/post"}],"author":[{"embeddable":true,"href":"https:\/\/noticiasmercedinas.com\/site\/wp-json\/wp\/v2\/users\/16"}],"replies":[{"embeddable":true,"href":"https:\/\/noticiasmercedinas.com\/site\/wp-json\/wp\/v2\/comments?post=109723"}],"version-history":[{"count":1,"href":"https:\/\/noticiasmercedinas.com\/site\/wp-json\/wp\/v2\/posts\/109723\/revisions"}],"predecessor-version":[{"id":109726,"href":"https:\/\/noticiasmercedinas.com\/site\/wp-json\/wp\/v2\/posts\/109723\/revisions\/109726"}],"wp:featuredmedia":[{"embeddable":true,"href":"https:\/\/noticiasmercedinas.com\/site\/wp-json\/wp\/v2\/media\/109725"}],"wp:attachment":[{"href":"https:\/\/noticiasmercedinas.com\/site\/wp-json\/wp\/v2\/media?parent=109723"}],"wp:term":[{"taxonomy":"category","embeddable":true,"href":"https:\/\/noticiasmercedinas.com\/site\/wp-json\/wp\/v2\/categories?post=109723"},{"taxonomy":"post_tag","embeddable":true,"href":"https:\/\/noticiasmercedinas.com\/site\/wp-json\/wp\/v2\/tags?post=109723"}],"curies":[{"name":"wp","href":"https:\/\/api.w.org\/{rel}","templated":true}]}}