{"id":109730,"date":"2023-02-24T19:54:23","date_gmt":"2023-02-24T22:54:23","guid":{"rendered":"https:\/\/noticiasmercedinas.com\/site\/?p=109730"},"modified":"2023-02-24T20:45:47","modified_gmt":"2023-02-24T23:45:47","slug":"se-presento-oficialmente-la-propuesta-del-camino-de-los-bodegones-2023","status":"publish","type":"post","link":"https:\/\/noticiasmercedinas.com\/site\/2023\/02\/24\/se-presento-oficialmente-la-propuesta-del-camino-de-los-bodegones-2023\/","title":{"rendered":"Se present\u00f3 oficialmente la propuesta del \u00abCamino de los Bodegones\u00bb 2023"},"content":{"rendered":"<p><img loading=\"lazy\" decoding=\"async\" class=\"alignnone size-full wp-image-109735\" src=\"https:\/\/noticiasmercedinas.com\/site\/wp-content\/uploads\/2023\/02\/caminoIMG_5990.jpg\" alt=\"\" width=\"640\" height=\"427\" srcset=\"https:\/\/noticiasmercedinas.com\/site\/wp-content\/uploads\/2023\/02\/caminoIMG_5990.jpg 640w, https:\/\/noticiasmercedinas.com\/site\/wp-content\/uploads\/2023\/02\/caminoIMG_5990-300x200.jpg 300w\" sizes=\"auto, (max-width: 640px) 100vw, 640px\" \/><\/p>\n<p>Este viernes, pasadas las 19 horas, mediante una conferencia realizada en el bar \u00abLa Vieja Esquina\u00bb se realiz\u00f3 la presentaci\u00f3n del \u00abCamino de los Bodegones\u00bb en su edici\u00f3n 2023, que se har\u00e1 entre los primeros dos fines de semana de marzo, con varias actividades y un amplio cronograma que integra la cultura, con arte y m\u00fasica en vivo.<\/p>\n<p>La presentaci\u00f3n concit\u00f3 el inter\u00e9s de varios medios y en ella estuvieron el intendente <strong>Juan Ignacio Ustarroz<\/strong> y el director de Turismo <strong>Francisco Dinova<\/strong>, junto a los referentes de varios de los emprendimientos que son bodegones y que ser\u00e1n parte del ciclo.<\/p>\n<p>El ciclo organizado por la Municipalidad con sus Direcciones de Cultura y de Turismo ya tiene fecha para los primeros fines de semana de marzo y comenzar\u00e1 en \u201cLa vieja esquina\u201d el pr\u00f3ximo jueves 2 desde las 21 horas. \u201cEste es un emblema de los bodegones locales\u201d, defini\u00f3 Dinova y marc\u00f3 desde el vamos que este ciclo es \u201cun incentivo\u201d para el \u201ctrabajo en conjunto entre los comercios que hoy son bares, restaurantes y que antiguamente fueron almacenes de ramos generales\u201d.<\/p>\n<p>El ciclo \u201centrecruza tambi\u00e9n la historia, c\u00f3mo cada due\u00f1o \u00f3 comerciante ha sabido valorar el patrimonio de estos viejos almacenes de ramos generales, que siguen de pie en la ciudad y n la zona rural porque van a estar integrados tambi\u00e9n algunos almacenes de la periferia del Partido\u201d, tal cual coment\u00f3 el responsable de Turismo.<\/p>\n<blockquote><p>Seg\u00fan Dinova este ciclo es \u201cun incentivo\u201d para el \u201ctrabajo en conjunto entre los comercios que hoy son bares, restaurantes y que antiguamente fueron almacenes de ramos generales\u201d.<\/p><\/blockquote>\n<p>En tanto, Ustarroz remarc\u00f3 que la propuesta \u201csiempre sirve tambi\u00e9n para dar trabajo y para que haya una actividad que hacer en la ciudad\u201d: \u201cPara nosotros es un orgullo y un honor poder trabajar con los comerciantes de nuestra ciudad, con la gente que tanto esfuerzo pone todos los d\u00edas para abrir los comercios y en este caso en particular los bodegones, que tienen una singularidad porque le dan un toque distintivo a la ciudad. Como municipio lo que buscamos siempre es promover y acompa\u00f1ar esta actividad comercial de los bodegones\u201d, indic\u00f3 el intendente.<\/p>\n<p>\u201cHay todo un patrimonio hist\u00f3rico cultural que se preserva en estas cuatro paredes, y agradecemos a los emprendedores que siempre est\u00e1n presentes, a todos los bodegones que van a participar y esta es una clara forma de promover estos lugares caracter\u00edsticos de nuestra ciudad, promover su trabajo y tambi\u00e9n promover a los distintos artistas que van a tocar, acompa\u00f1ando estas noches de bodegones. Esto le genera a los artistas p\u00fablico, escenario, trabajo, as\u00ed que para nosotros es muy lindo seguir con este programa y poder fomentar esta cultura del encuentro, de la unidad\u201d, agreg\u00f3 el jefe comunal, remarcando la idea de tener \u201cuna agenda para que la gente pueda venir a estos lugares y los encuentre diferente que todos los d\u00edas\u201d.<\/p>\n<blockquote><p>\u00abEstamos felices de poder compartir nuestro lugar fundamentalmente con el mercedino en esta oportunidad y que disfruten de su historia, de la ceremonia de fuegos y sabores, bailes y arte que va a estar involucrado\u00bb, dijo la referente de La Pulper\u00eda.<\/p><\/blockquote>\n<p>Esta es una forma de promover sobre todo el turismo en nuestra ciudad. \u201cCreo que este es un programa muy bueno, exitoso, y para nosotros es muy importante estar acompa\u00f1ando y promoviendo el trabajo de nuestra gente\u201d, sostuvo Ustarroz.<\/p>\n<p>Por parte de los emprendedores, Fernanda de la Pulper\u00eda de Cacho Di Catarina dijo que \u201ces tambi\u00e9n un orgullo ser part\u00edcipes de este ciclo de los bodegones y pulper\u00edas\u201d: \u201cSiempre lo hemos vivido con grandes expectativas, con lindos resultados fundamentalmente, y en primer lugar quiero agradecer este trabajar en equipo con el municipio que hace que el turismo de Mercedes sume. Estamos felices de poder compartir nuestro lugar fundamentalmente con el mercedino en esta oportunidad y que disfruten de su historia, de la ceremonia de fuegos y sabores, bailes y arte que va a estar involucrado\u201d, dijo la referente de La Pulper\u00eda.<\/p>\n<p>\u201cEn estos tiempos hacer de Mercedes un lugar tur\u00edstico, un destino tur\u00edstico, es un desaf\u00edo que nos tenemos que plantear entre todos y creo que estamos trabajando de esa forma, tirando todos para el mismo lado, tratando de lograr resultados que sean positivos y eso se logra de una manera sola, donde cada quien pone lo mejor de s\u00ed, todos aportamos nuestro granito de arena y podemos edificar un presente y un futuro mejor\u201d, cerr\u00f3 el jefe comunal.<\/p>\n<p>Sobre el ciclo se adelant\u00f3 que va a haber una combinaci\u00f3n entre m\u00fasica folcl\u00f3rica, tango, rock y tambi\u00e9n cumbia y expresiones de artes visuales. \u201cSer\u00e1 algo bastante ecl\u00e9ctico como lo fue siempre el ciclo de bodegones. La grilla empezamos el jueves 2 en La Vieja Esquina; el viernes 3 vamos a Bistr\u00f3, en la calle 41 y 26 que se corresponde como como viejo bodeg\u00f3n\u201d, coment\u00f3 Dinova y dijo que en breve estar\u00e1 el cronograma completo que se extender\u00e1 entre jueves y domingo por dos fines de semana y recorriendo distintos lugares caracter\u00edsticos.<\/p>\n<p><img loading=\"lazy\" decoding=\"async\" class=\"alignnone size-full wp-image-109734\" src=\"https:\/\/noticiasmercedinas.com\/site\/wp-content\/uploads\/2023\/02\/caminoIMG_5982.jpg\" alt=\"\" width=\"640\" height=\"427\" srcset=\"https:\/\/noticiasmercedinas.com\/site\/wp-content\/uploads\/2023\/02\/caminoIMG_5982.jpg 640w, https:\/\/noticiasmercedinas.com\/site\/wp-content\/uploads\/2023\/02\/caminoIMG_5982-300x200.jpg 300w\" sizes=\"auto, (max-width: 640px) 100vw, 640px\" \/><\/p>\n<p>&nbsp;<\/p>\n","protected":false},"excerpt":{"rendered":"<p>\u25a0 En breve estar\u00e1 el cronograma completo de actividades que se extender\u00e1n entre jueves y domingo por dos fines de semana de marzo y recorriendo distintos lugares caracter\u00edsticos. Comienzan el 2 en La Vieja Esquina<\/p>\n","protected":false},"author":16,"featured_media":109735,"comment_status":"open","ping_status":"open","sticky":false,"template":"","format":"standard","meta":{"footnotes":""},"categories":[3],"tags":[3229,3230,1857,266,16267,23,2799,33],"class_list":["post-109730","post","type-post","status-publish","format-standard","has-post-thumbnail","hentry","category-sociedad","tag-bares","tag-bodegones","tag-camino-de-los-bodegones","tag-juan-ignacio-ustarroz","tag-la-vieja-esquina","tag-mercedes","tag-miniturismo","tag-turismo"],"yoast_head":"<!-- This site is optimized with the Yoast SEO plugin v27.4 - https:\/\/yoast.com\/product\/yoast-seo-wordpress\/ -->\n<title>Se present\u00f3 oficialmente la propuesta del &quot;Camino de los Bodegones&quot; 2023<\/title>\n<meta name=\"robots\" content=\"index, follow, max-snippet:-1, max-image-preview:large, max-video-preview:-1\" \/>\n<link rel=\"canonical\" href=\"https:\/\/noticiasmercedinas.com\/site\/2023\/02\/24\/se-presento-oficialmente-la-propuesta-del-camino-de-los-bodegones-2023\/\" \/>\n<meta property=\"og:locale\" content=\"es_ES\" \/>\n<meta property=\"og:type\" content=\"article\" \/>\n<meta property=\"og:title\" content=\"Se present\u00f3 oficialmente la propuesta del &quot;Camino de los Bodegones&quot; 2023\" \/>\n<meta property=\"og:description\" content=\"\u25a0 En breve estar\u00e1 el cronograma completo de actividades que se extender\u00e1n entre jueves y domingo por dos fines de semana de marzo y recorriendo distintos lugares caracter\u00edsticos. Comienzan el 2 en La Vieja Esquina\" \/>\n<meta property=\"og:url\" content=\"https:\/\/noticiasmercedinas.com\/site\/2023\/02\/24\/se-presento-oficialmente-la-propuesta-del-camino-de-los-bodegones-2023\/\" \/>\n<meta property=\"og:site_name\" content=\"NOTICIASMERCEDINAS.COM\" \/>\n<meta property=\"article:publisher\" content=\"https:\/\/www.facebook.com\/noticiasmercedinas\/\" \/>\n<meta property=\"article:published_time\" content=\"2023-02-24T22:54:23+00:00\" \/>\n<meta property=\"article:modified_time\" content=\"2023-02-24T23:45:47+00:00\" \/>\n<meta property=\"og:image\" content=\"https:\/\/noticiasmercedinas.com\/site\/wp-content\/uploads\/2023\/02\/caminoIMG_5990.jpg\" \/>\n\t<meta property=\"og:image:width\" content=\"640\" \/>\n\t<meta property=\"og:image:height\" content=\"427\" \/>\n\t<meta property=\"og:image:type\" content=\"image\/jpeg\" \/>\n<meta name=\"author\" content=\"NOTICIASMERCEDINAS.COM\" \/>\n<meta name=\"twitter:card\" content=\"summary_large_image\" \/>\n<meta name=\"twitter:creator\" content=\"@notmercedinas\" \/>\n<meta name=\"twitter:site\" content=\"@notmercedinas\" \/>\n<meta name=\"twitter:label1\" content=\"Escrito por\" \/>\n\t<meta name=\"twitter:data1\" content=\"NOTICIASMERCEDINAS.COM\" \/>\n\t<meta name=\"twitter:label2\" content=\"Tiempo de lectura\" \/>\n\t<meta name=\"twitter:data2\" content=\"5 minutos\" \/>\n<script type=\"application\/ld+json\" class=\"yoast-schema-graph\">{\"@context\":\"https:\\\/\\\/schema.org\",\"@graph\":[{\"@type\":\"Article\",\"@id\":\"https:\\\/\\\/noticiasmercedinas.com\\\/site\\\/2023\\\/02\\\/24\\\/se-presento-oficialmente-la-propuesta-del-camino-de-los-bodegones-2023\\\/#article\",\"isPartOf\":{\"@id\":\"https:\\\/\\\/noticiasmercedinas.com\\\/site\\\/2023\\\/02\\\/24\\\/se-presento-oficialmente-la-propuesta-del-camino-de-los-bodegones-2023\\\/\"},\"author\":{\"name\":\"NOTICIASMERCEDINAS.COM\",\"@id\":\"https:\\\/\\\/noticiasmercedinas.com\\\/site\\\/#\\\/schema\\\/person\\\/84b59c099c28ff2e8b77d4ceec5d8063\"},\"headline\":\"Se present\u00f3 oficialmente la propuesta del \u00abCamino de los Bodegones\u00bb 2023\",\"datePublished\":\"2023-02-24T22:54:23+00:00\",\"dateModified\":\"2023-02-24T23:45:47+00:00\",\"mainEntityOfPage\":{\"@id\":\"https:\\\/\\\/noticiasmercedinas.com\\\/site\\\/2023\\\/02\\\/24\\\/se-presento-oficialmente-la-propuesta-del-camino-de-los-bodegones-2023\\\/\"},\"wordCount\":873,\"commentCount\":0,\"publisher\":{\"@id\":\"https:\\\/\\\/noticiasmercedinas.com\\\/site\\\/#organization\"},\"image\":{\"@id\":\"https:\\\/\\\/noticiasmercedinas.com\\\/site\\\/2023\\\/02\\\/24\\\/se-presento-oficialmente-la-propuesta-del-camino-de-los-bodegones-2023\\\/#primaryimage\"},\"thumbnailUrl\":\"https:\\\/\\\/noticiasmercedinas.com\\\/site\\\/wp-content\\\/uploads\\\/2023\\\/02\\\/caminoIMG_5990.jpg\",\"keywords\":[\"bares\",\"bodegones\",\"camino de los bodegones\",\"juan ignacio ustarroz\",\"la vieja esquina\",\"mercedes\",\"miniturismo\",\"turismo\"],\"articleSection\":[\"Sociedad\"],\"inLanguage\":\"es\",\"potentialAction\":[{\"@type\":\"CommentAction\",\"name\":\"Comment\",\"target\":[\"https:\\\/\\\/noticiasmercedinas.com\\\/site\\\/2023\\\/02\\\/24\\\/se-presento-oficialmente-la-propuesta-del-camino-de-los-bodegones-2023\\\/#respond\"]}]},{\"@type\":\"WebPage\",\"@id\":\"https:\\\/\\\/noticiasmercedinas.com\\\/site\\\/2023\\\/02\\\/24\\\/se-presento-oficialmente-la-propuesta-del-camino-de-los-bodegones-2023\\\/\",\"url\":\"https:\\\/\\\/noticiasmercedinas.com\\\/site\\\/2023\\\/02\\\/24\\\/se-presento-oficialmente-la-propuesta-del-camino-de-los-bodegones-2023\\\/\",\"name\":\"Se present\u00f3 oficialmente la propuesta del \\\"Camino de los Bodegones\\\" 2023\",\"isPartOf\":{\"@id\":\"https:\\\/\\\/noticiasmercedinas.com\\\/site\\\/#website\"},\"primaryImageOfPage\":{\"@id\":\"https:\\\/\\\/noticiasmercedinas.com\\\/site\\\/2023\\\/02\\\/24\\\/se-presento-oficialmente-la-propuesta-del-camino-de-los-bodegones-2023\\\/#primaryimage\"},\"image\":{\"@id\":\"https:\\\/\\\/noticiasmercedinas.com\\\/site\\\/2023\\\/02\\\/24\\\/se-presento-oficialmente-la-propuesta-del-camino-de-los-bodegones-2023\\\/#primaryimage\"},\"thumbnailUrl\":\"https:\\\/\\\/noticiasmercedinas.com\\\/site\\\/wp-content\\\/uploads\\\/2023\\\/02\\\/caminoIMG_5990.jpg\",\"datePublished\":\"2023-02-24T22:54:23+00:00\",\"dateModified\":\"2023-02-24T23:45:47+00:00\",\"breadcrumb\":{\"@id\":\"https:\\\/\\\/noticiasmercedinas.com\\\/site\\\/2023\\\/02\\\/24\\\/se-presento-oficialmente-la-propuesta-del-camino-de-los-bodegones-2023\\\/#breadcrumb\"},\"inLanguage\":\"es\",\"potentialAction\":[{\"@type\":\"ReadAction\",\"target\":[\"https:\\\/\\\/noticiasmercedinas.com\\\/site\\\/2023\\\/02\\\/24\\\/se-presento-oficialmente-la-propuesta-del-camino-de-los-bodegones-2023\\\/\"]}]},{\"@type\":\"ImageObject\",\"inLanguage\":\"es\",\"@id\":\"https:\\\/\\\/noticiasmercedinas.com\\\/site\\\/2023\\\/02\\\/24\\\/se-presento-oficialmente-la-propuesta-del-camino-de-los-bodegones-2023\\\/#primaryimage\",\"url\":\"https:\\\/\\\/noticiasmercedinas.com\\\/site\\\/wp-content\\\/uploads\\\/2023\\\/02\\\/caminoIMG_5990.jpg\",\"contentUrl\":\"https:\\\/\\\/noticiasmercedinas.com\\\/site\\\/wp-content\\\/uploads\\\/2023\\\/02\\\/caminoIMG_5990.jpg\",\"width\":640,\"height\":427},{\"@type\":\"BreadcrumbList\",\"@id\":\"https:\\\/\\\/noticiasmercedinas.com\\\/site\\\/2023\\\/02\\\/24\\\/se-presento-oficialmente-la-propuesta-del-camino-de-los-bodegones-2023\\\/#breadcrumb\",\"itemListElement\":[{\"@type\":\"ListItem\",\"position\":1,\"name\":\"Portada\",\"item\":\"https:\\\/\\\/noticiasmercedinas.com\\\/site\\\/\"},{\"@type\":\"ListItem\",\"position\":2,\"name\":\"Se present\u00f3 oficialmente la propuesta del \u00abCamino de los Bodegones\u00bb 2023\"}]},{\"@type\":\"WebSite\",\"@id\":\"https:\\\/\\\/noticiasmercedinas.com\\\/site\\\/#website\",\"url\":\"https:\\\/\\\/noticiasmercedinas.com\\\/site\\\/\",\"name\":\"NOTICIASMERCEDINAS.COM\",\"description\":\"Mercedes, Buenos Aires, Argentina\",\"publisher\":{\"@id\":\"https:\\\/\\\/noticiasmercedinas.com\\\/site\\\/#organization\"},\"potentialAction\":[{\"@type\":\"SearchAction\",\"target\":{\"@type\":\"EntryPoint\",\"urlTemplate\":\"https:\\\/\\\/noticiasmercedinas.com\\\/site\\\/?s={search_term_string}\"},\"query-input\":{\"@type\":\"PropertyValueSpecification\",\"valueRequired\":true,\"valueName\":\"search_term_string\"}}],\"inLanguage\":\"es\"},{\"@type\":\"Organization\",\"@id\":\"https:\\\/\\\/noticiasmercedinas.com\\\/site\\\/#organization\",\"name\":\"NOTICIASMERCEDINAS.COM\",\"url\":\"https:\\\/\\\/noticiasmercedinas.com\\\/site\\\/\",\"logo\":{\"@type\":\"ImageObject\",\"inLanguage\":\"es\",\"@id\":\"https:\\\/\\\/noticiasmercedinas.com\\\/site\\\/#\\\/schema\\\/logo\\\/image\\\/\",\"url\":\"https:\\\/\\\/noticiasmercedinas.com\\\/site\\\/wp-content\\\/uploads\\\/2020\\\/06\\\/LOGO-512.jpg\",\"contentUrl\":\"https:\\\/\\\/noticiasmercedinas.com\\\/site\\\/wp-content\\\/uploads\\\/2020\\\/06\\\/LOGO-512.jpg\",\"width\":512,\"height\":512,\"caption\":\"NOTICIASMERCEDINAS.COM\"},\"image\":{\"@id\":\"https:\\\/\\\/noticiasmercedinas.com\\\/site\\\/#\\\/schema\\\/logo\\\/image\\\/\"},\"sameAs\":[\"https:\\\/\\\/www.facebook.com\\\/noticiasmercedinas\\\/\",\"https:\\\/\\\/x.com\\\/notmercedinas\",\"https:\\\/\\\/www.instagram.com\\\/noticiasmercedinas\\\/\"]},{\"@type\":\"Person\",\"@id\":\"https:\\\/\\\/noticiasmercedinas.com\\\/site\\\/#\\\/schema\\\/person\\\/84b59c099c28ff2e8b77d4ceec5d8063\",\"name\":\"NOTICIASMERCEDINAS.COM\",\"image\":{\"@type\":\"ImageObject\",\"inLanguage\":\"es\",\"@id\":\"https:\\\/\\\/secure.gravatar.com\\\/avatar\\\/4dfbf16b4d17945bfb6341b2d19043457132fcf478a5ee04f42e959fd8f5df0a?s=96&d=mm&r=g\",\"url\":\"https:\\\/\\\/secure.gravatar.com\\\/avatar\\\/4dfbf16b4d17945bfb6341b2d19043457132fcf478a5ee04f42e959fd8f5df0a?s=96&d=mm&r=g\",\"contentUrl\":\"https:\\\/\\\/secure.gravatar.com\\\/avatar\\\/4dfbf16b4d17945bfb6341b2d19043457132fcf478a5ee04f42e959fd8f5df0a?s=96&d=mm&r=g\",\"caption\":\"NOTICIASMERCEDINAS.COM\"},\"url\":\"https:\\\/\\\/noticiasmercedinas.com\\\/site\\\/author\\\/anonimo\\\/\"}]}<\/script>\n<!-- \/ Yoast SEO plugin. -->","yoast_head_json":{"title":"Se present\u00f3 oficialmente la propuesta del \"Camino de los Bodegones\" 2023","robots":{"index":"index","follow":"follow","max-snippet":"max-snippet:-1","max-image-preview":"max-image-preview:large","max-video-preview":"max-video-preview:-1"},"canonical":"https:\/\/noticiasmercedinas.com\/site\/2023\/02\/24\/se-presento-oficialmente-la-propuesta-del-camino-de-los-bodegones-2023\/","og_locale":"es_ES","og_type":"article","og_title":"Se present\u00f3 oficialmente la propuesta del \"Camino de los Bodegones\" 2023","og_description":"\u25a0 En breve estar\u00e1 el cronograma completo de actividades que se extender\u00e1n entre jueves y domingo por dos fines de semana de marzo y recorriendo distintos lugares caracter\u00edsticos. Comienzan el 2 en La Vieja Esquina","og_url":"https:\/\/noticiasmercedinas.com\/site\/2023\/02\/24\/se-presento-oficialmente-la-propuesta-del-camino-de-los-bodegones-2023\/","og_site_name":"NOTICIASMERCEDINAS.COM","article_publisher":"https:\/\/www.facebook.com\/noticiasmercedinas\/","article_published_time":"2023-02-24T22:54:23+00:00","article_modified_time":"2023-02-24T23:45:47+00:00","og_image":[{"width":640,"height":427,"url":"https:\/\/noticiasmercedinas.com\/site\/wp-content\/uploads\/2023\/02\/caminoIMG_5990.jpg","type":"image\/jpeg"}],"author":"NOTICIASMERCEDINAS.COM","twitter_card":"summary_large_image","twitter_creator":"@notmercedinas","twitter_site":"@notmercedinas","twitter_misc":{"Escrito por":"NOTICIASMERCEDINAS.COM","Tiempo de lectura":"5 minutos"},"schema":{"@context":"https:\/\/schema.org","@graph":[{"@type":"Article","@id":"https:\/\/noticiasmercedinas.com\/site\/2023\/02\/24\/se-presento-oficialmente-la-propuesta-del-camino-de-los-bodegones-2023\/#article","isPartOf":{"@id":"https:\/\/noticiasmercedinas.com\/site\/2023\/02\/24\/se-presento-oficialmente-la-propuesta-del-camino-de-los-bodegones-2023\/"},"author":{"name":"NOTICIASMERCEDINAS.COM","@id":"https:\/\/noticiasmercedinas.com\/site\/#\/schema\/person\/84b59c099c28ff2e8b77d4ceec5d8063"},"headline":"Se present\u00f3 oficialmente la propuesta del \u00abCamino de los Bodegones\u00bb 2023","datePublished":"2023-02-24T22:54:23+00:00","dateModified":"2023-02-24T23:45:47+00:00","mainEntityOfPage":{"@id":"https:\/\/noticiasmercedinas.com\/site\/2023\/02\/24\/se-presento-oficialmente-la-propuesta-del-camino-de-los-bodegones-2023\/"},"wordCount":873,"commentCount":0,"publisher":{"@id":"https:\/\/noticiasmercedinas.com\/site\/#organization"},"image":{"@id":"https:\/\/noticiasmercedinas.com\/site\/2023\/02\/24\/se-presento-oficialmente-la-propuesta-del-camino-de-los-bodegones-2023\/#primaryimage"},"thumbnailUrl":"https:\/\/noticiasmercedinas.com\/site\/wp-content\/uploads\/2023\/02\/caminoIMG_5990.jpg","keywords":["bares","bodegones","camino de los bodegones","juan ignacio ustarroz","la vieja esquina","mercedes","miniturismo","turismo"],"articleSection":["Sociedad"],"inLanguage":"es","potentialAction":[{"@type":"CommentAction","name":"Comment","target":["https:\/\/noticiasmercedinas.com\/site\/2023\/02\/24\/se-presento-oficialmente-la-propuesta-del-camino-de-los-bodegones-2023\/#respond"]}]},{"@type":"WebPage","@id":"https:\/\/noticiasmercedinas.com\/site\/2023\/02\/24\/se-presento-oficialmente-la-propuesta-del-camino-de-los-bodegones-2023\/","url":"https:\/\/noticiasmercedinas.com\/site\/2023\/02\/24\/se-presento-oficialmente-la-propuesta-del-camino-de-los-bodegones-2023\/","name":"Se present\u00f3 oficialmente la propuesta del \"Camino de los Bodegones\" 2023","isPartOf":{"@id":"https:\/\/noticiasmercedinas.com\/site\/#website"},"primaryImageOfPage":{"@id":"https:\/\/noticiasmercedinas.com\/site\/2023\/02\/24\/se-presento-oficialmente-la-propuesta-del-camino-de-los-bodegones-2023\/#primaryimage"},"image":{"@id":"https:\/\/noticiasmercedinas.com\/site\/2023\/02\/24\/se-presento-oficialmente-la-propuesta-del-camino-de-los-bodegones-2023\/#primaryimage"},"thumbnailUrl":"https:\/\/noticiasmercedinas.com\/site\/wp-content\/uploads\/2023\/02\/caminoIMG_5990.jpg","datePublished":"2023-02-24T22:54:23+00:00","dateModified":"2023-02-24T23:45:47+00:00","breadcrumb":{"@id":"https:\/\/noticiasmercedinas.com\/site\/2023\/02\/24\/se-presento-oficialmente-la-propuesta-del-camino-de-los-bodegones-2023\/#breadcrumb"},"inLanguage":"es","potentialAction":[{"@type":"ReadAction","target":["https:\/\/noticiasmercedinas.com\/site\/2023\/02\/24\/se-presento-oficialmente-la-propuesta-del-camino-de-los-bodegones-2023\/"]}]},{"@type":"ImageObject","inLanguage":"es","@id":"https:\/\/noticiasmercedinas.com\/site\/2023\/02\/24\/se-presento-oficialmente-la-propuesta-del-camino-de-los-bodegones-2023\/#primaryimage","url":"https:\/\/noticiasmercedinas.com\/site\/wp-content\/uploads\/2023\/02\/caminoIMG_5990.jpg","contentUrl":"https:\/\/noticiasmercedinas.com\/site\/wp-content\/uploads\/2023\/02\/caminoIMG_5990.jpg","width":640,"height":427},{"@type":"BreadcrumbList","@id":"https:\/\/noticiasmercedinas.com\/site\/2023\/02\/24\/se-presento-oficialmente-la-propuesta-del-camino-de-los-bodegones-2023\/#breadcrumb","itemListElement":[{"@type":"ListItem","position":1,"name":"Portada","item":"https:\/\/noticiasmercedinas.com\/site\/"},{"@type":"ListItem","position":2,"name":"Se present\u00f3 oficialmente la propuesta del \u00abCamino de los Bodegones\u00bb 2023"}]},{"@type":"WebSite","@id":"https:\/\/noticiasmercedinas.com\/site\/#website","url":"https:\/\/noticiasmercedinas.com\/site\/","name":"NOTICIASMERCEDINAS.COM","description":"Mercedes, Buenos Aires, Argentina","publisher":{"@id":"https:\/\/noticiasmercedinas.com\/site\/#organization"},"potentialAction":[{"@type":"SearchAction","target":{"@type":"EntryPoint","urlTemplate":"https:\/\/noticiasmercedinas.com\/site\/?s={search_term_string}"},"query-input":{"@type":"PropertyValueSpecification","valueRequired":true,"valueName":"search_term_string"}}],"inLanguage":"es"},{"@type":"Organization","@id":"https:\/\/noticiasmercedinas.com\/site\/#organization","name":"NOTICIASMERCEDINAS.COM","url":"https:\/\/noticiasmercedinas.com\/site\/","logo":{"@type":"ImageObject","inLanguage":"es","@id":"https:\/\/noticiasmercedinas.com\/site\/#\/schema\/logo\/image\/","url":"https:\/\/noticiasmercedinas.com\/site\/wp-content\/uploads\/2020\/06\/LOGO-512.jpg","contentUrl":"https:\/\/noticiasmercedinas.com\/site\/wp-content\/uploads\/2020\/06\/LOGO-512.jpg","width":512,"height":512,"caption":"NOTICIASMERCEDINAS.COM"},"image":{"@id":"https:\/\/noticiasmercedinas.com\/site\/#\/schema\/logo\/image\/"},"sameAs":["https:\/\/www.facebook.com\/noticiasmercedinas\/","https:\/\/x.com\/notmercedinas","https:\/\/www.instagram.com\/noticiasmercedinas\/"]},{"@type":"Person","@id":"https:\/\/noticiasmercedinas.com\/site\/#\/schema\/person\/84b59c099c28ff2e8b77d4ceec5d8063","name":"NOTICIASMERCEDINAS.COM","image":{"@type":"ImageObject","inLanguage":"es","@id":"https:\/\/secure.gravatar.com\/avatar\/4dfbf16b4d17945bfb6341b2d19043457132fcf478a5ee04f42e959fd8f5df0a?s=96&d=mm&r=g","url":"https:\/\/secure.gravatar.com\/avatar\/4dfbf16b4d17945bfb6341b2d19043457132fcf478a5ee04f42e959fd8f5df0a?s=96&d=mm&r=g","contentUrl":"https:\/\/secure.gravatar.com\/avatar\/4dfbf16b4d17945bfb6341b2d19043457132fcf478a5ee04f42e959fd8f5df0a?s=96&d=mm&r=g","caption":"NOTICIASMERCEDINAS.COM"},"url":"https:\/\/noticiasmercedinas.com\/site\/author\/anonimo\/"}]}},"amp_enabled":true,"_links":{"self":[{"href":"https:\/\/noticiasmercedinas.com\/site\/wp-json\/wp\/v2\/posts\/109730","targetHints":{"allow":["GET"]}}],"collection":[{"href":"https:\/\/noticiasmercedinas.com\/site\/wp-json\/wp\/v2\/posts"}],"about":[{"href":"https:\/\/noticiasmercedinas.com\/site\/wp-json\/wp\/v2\/types\/post"}],"author":[{"embeddable":true,"href":"https:\/\/noticiasmercedinas.com\/site\/wp-json\/wp\/v2\/users\/16"}],"replies":[{"embeddable":true,"href":"https:\/\/noticiasmercedinas.com\/site\/wp-json\/wp\/v2\/comments?post=109730"}],"version-history":[{"count":4,"href":"https:\/\/noticiasmercedinas.com\/site\/wp-json\/wp\/v2\/posts\/109730\/revisions"}],"predecessor-version":[{"id":109736,"href":"https:\/\/noticiasmercedinas.com\/site\/wp-json\/wp\/v2\/posts\/109730\/revisions\/109736"}],"wp:featuredmedia":[{"embeddable":true,"href":"https:\/\/noticiasmercedinas.com\/site\/wp-json\/wp\/v2\/media\/109735"}],"wp:attachment":[{"href":"https:\/\/noticiasmercedinas.com\/site\/wp-json\/wp\/v2\/media?parent=109730"}],"wp:term":[{"taxonomy":"category","embeddable":true,"href":"https:\/\/noticiasmercedinas.com\/site\/wp-json\/wp\/v2\/categories?post=109730"},{"taxonomy":"post_tag","embeddable":true,"href":"https:\/\/noticiasmercedinas.com\/site\/wp-json\/wp\/v2\/tags?post=109730"}],"curies":[{"name":"wp","href":"https:\/\/api.w.org\/{rel}","templated":true}]}}