{"id":109916,"date":"2023-02-28T09:13:12","date_gmt":"2023-02-28T12:13:12","guid":{"rendered":"https:\/\/noticiasmercedinas.com\/site\/?p=109916"},"modified":"2023-02-28T09:13:12","modified_gmt":"2023-02-28T12:13:12","slug":"a-la-espera-de-un-plenario-que-defina-candidaturas-en-la-izquierda-local","status":"publish","type":"post","link":"https:\/\/noticiasmercedinas.com\/site\/2023\/02\/28\/a-la-espera-de-un-plenario-que-defina-candidaturas-en-la-izquierda-local\/","title":{"rendered":"A la espera de un plenario que defina candidaturas en la Izquierda local"},"content":{"rendered":"<p><img loading=\"lazy\" decoding=\"async\" class=\"alignnone size-full wp-image-109917\" src=\"https:\/\/noticiasmercedinas.com\/site\/wp-content\/uploads\/2023\/02\/WhatsApp-Image-2023-02-24-at-11.07.31-768x512-1.jpeg\" alt=\"\" width=\"768\" height=\"512\" srcset=\"https:\/\/noticiasmercedinas.com\/site\/wp-content\/uploads\/2023\/02\/WhatsApp-Image-2023-02-24-at-11.07.31-768x512-1.jpeg 768w, https:\/\/noticiasmercedinas.com\/site\/wp-content\/uploads\/2023\/02\/WhatsApp-Image-2023-02-24-at-11.07.31-768x512-1-300x200.jpeg 300w, https:\/\/noticiasmercedinas.com\/site\/wp-content\/uploads\/2023\/02\/WhatsApp-Image-2023-02-24-at-11.07.31-768x512-1-640x427.jpeg 640w, https:\/\/noticiasmercedinas.com\/site\/wp-content\/uploads\/2023\/02\/WhatsApp-Image-2023-02-24-at-11.07.31-768x512-1-681x454.jpeg 681w\" sizes=\"auto, (max-width: 768px) 100vw, 768px\" \/><\/p>\n<p>Mientras en el Distrito Mercedes a\u00fan no se definen los candidatos de esa fuerza, <strong>N\u00e9stor Pitrola<\/strong> lanz\u00f3 su precandidatura a gobernador en La Plata por parte del Frente de Izquierda.<\/p>\n<p>\u201cA\u00fan no se decidi\u00f3. Este mes de marzo habr\u00e1 un plenario y quedar\u00e1 claro qui\u00e9nes ser\u00e1n los referentes y candidatos en Mercedes\u201d, indicaron desde el FIT local. Las posibilidades para encabezar la lista por la intendencia pasan por <strong>Pablo Demarco<\/strong> o <strong>Mar\u00eda Maldonado<\/strong>, entre otros.<\/p>\n<p>En tanto, N\u00e9stor Pitrola, que fue dos veces diputado por la Provincia de Buenos Aires, lanz\u00f3 desde La Plata su precandidatura a gobernador por el Partido Obrero en el Frente de Izquierda Unidad. Lo hizo acompa\u00f1ado de la f\u00f3rmula presidencial de esa fuerza integrada por Gabriel Solano y Romina Del Pl\u00e1, por el legislador provincial Guillermo Kane y por los concejales Juan Romero, Flavia Tesone, Lorena Pereyra y Sandra Becerra de La Matanza, Merlo, Moreno y Jos\u00e9 C. Paz respectivamente. Pitrola, que ya estuvo d\u00edas pasados en Mar del Plata de gira, inicia recorridas por todos los distritos de la Provincia.<\/p>\n<p>Pitrola fustig\u00f3 duramente al gobierno del Frente de Todos: \u201cKicillof acab\u00f3 con toda fantas\u00eda progresista, la juventud y los trabajadores tienen que saltar el cerco del peronismo y de todos los pol\u00edticos capitalistas. Es el gobernador de la oligarqu\u00eda exportadora que consinti\u00f3 junto a Sergio Massa la extorsi\u00f3n que llev\u00f3 a la devaluaci\u00f3n del d\u00f3lar soja 1 y 2, mientras los bonaerenses son castigados con impuestazos y tarifazos. Es el gobernador del capital financiero que replic\u00f3 una versi\u00f3n agravada del ruinoso canje de deuda del despedido ministro Guzm\u00e1n mientras aplica a pie juntillas el ajuste en el presupuesto provincial en l\u00ednea con el ajuste nacional del FMI. Es el gobernador que apel\u00f3 a la maldita polic\u00eda bajo el mando del represor Sergio Berni para desalojar a 2500 familias en Guernica, una represi\u00f3n que se replic\u00f3 en decenas de asentamientos mientras protegi\u00f3 los negocios del capital inmobiliario y jam\u00e1s llegaron los 80000 lotes que prometi\u00f3. Es el gobernador de la prolongaci\u00f3n de la decadencia de la escuela y la salud p\u00fablica, \u00fanicamente aplaudidas por el sindicalismo adicto que archiv\u00f3 toda defensa del medio mill\u00f3n de docentes y estatales. Es el gobernador que nos deja con dos de cada tres pibes del Gran Buenos Aires en la pobreza.\u201d<\/p>\n<p>Pitrola finaliz\u00f3: \u201cNo andaremos con chiquitas. Necesitamos una izquierda de lucha. Que canalice la bronca contra el hambre y la pobreza, contra la frustraci\u00f3n social de la desocupaci\u00f3n y el trabajo en negro y precarizado, contra la falta de futuro de la juventud. Y nuestros pergaminos son claros porque somos la izquierda organizadora de la lucha contra el hambre, por el trabajo genuino, la tierra y la vivienda, somos la izquierda que se jug\u00f3 a fondo con la huelga del Neum\u00e1tico hasta su victoria, somos la izquierda que est\u00e1 en primera l\u00ednea de la lucha docente contra la entrega de Baradel que es un ministro sin cartera del gobernador, en la lucha del Posadas y de toda la salud.\u201d<\/p>\n<p>\u201cSomos la izquierda que desnuda al kirchnerismo y movilizaremos el 24 de marzo contra la represi\u00f3n de ayer y de hoy y no contra la falsa proscripci\u00f3n de Cristina Kirchner. Somos la izquierda que denuncia al gobernador Kicillof como el mascar\u00f3n de proa de los viejos punteros del PJ. Somos la izquierda que convocamos a la rebeli\u00f3n pol\u00edtica de la juventud del pueblo trabajador que no puede ser por la v\u00eda de los facholibertarios como Milei, Espert o Burlando. Con este fin caminamos cada distrito, apoyando cada reivindicaci\u00f3n para que organicemos un gran Congreso del Frente de Izquierda y los luchadores que brinde un programa de salida a la crisis capitalista y defina listas comunes para el mes de agosto\u201d, adelant\u00f3.<\/p>\n<p>En lo que hace al calendario electoral, vale recordar que el 13 de agosto ser\u00edan las PASO, mientras que el 22 de octubre las elecciones generales nacionales.<\/p>\n","protected":false},"excerpt":{"rendered":"<p>\u25a0 En marzo habr\u00e1 un plenario y quedar\u00e1 claro qui\u00e9nes ser\u00e1n los referentes y candidatos en Mercedes. En tanto, N\u00e9stor Pitrola lanz\u00f3 su precandidatura a gobernador en un acto La Plata<\/p>\n","protected":false},"author":16,"featured_media":109917,"comment_status":"open","ping_status":"open","sticky":false,"template":"","format":"standard","meta":{"footnotes":""},"categories":[16],"tags":[14662,1156,4152,6302,339],"class_list":["post-109916","post","type-post","status-publish","format-standard","has-post-thumbnail","hentry","category-politica","tag-elecciones-2023","tag-fit","tag-maria-maldonado","tag-nestor-pitrola","tag-pablo-demarco"],"yoast_head":"<!-- This site is optimized with the Yoast SEO plugin v27.5 - https:\/\/yoast.com\/product\/yoast-seo-wordpress\/ -->\n<title>A la espera de un plenario que defina candidaturas en la Izquierda local<\/title>\n<meta name=\"robots\" content=\"index, follow, max-snippet:-1, max-image-preview:large, max-video-preview:-1\" \/>\n<link rel=\"canonical\" href=\"https:\/\/noticiasmercedinas.com\/site\/2023\/02\/28\/a-la-espera-de-un-plenario-que-defina-candidaturas-en-la-izquierda-local\/\" \/>\n<meta property=\"og:locale\" content=\"es_ES\" \/>\n<meta property=\"og:type\" content=\"article\" \/>\n<meta property=\"og:title\" content=\"A la espera de un plenario que defina candidaturas en la Izquierda local\" \/>\n<meta property=\"og:description\" content=\"\u25a0 En marzo habr\u00e1 un plenario y quedar\u00e1 claro qui\u00e9nes ser\u00e1n los referentes y candidatos en Mercedes. En tanto, N\u00e9stor Pitrola lanz\u00f3 su precandidatura a gobernador en un acto La Plata\" \/>\n<meta property=\"og:url\" content=\"https:\/\/noticiasmercedinas.com\/site\/2023\/02\/28\/a-la-espera-de-un-plenario-que-defina-candidaturas-en-la-izquierda-local\/\" \/>\n<meta property=\"og:site_name\" content=\"NOTICIASMERCEDINAS.COM\" \/>\n<meta property=\"article:publisher\" content=\"https:\/\/www.facebook.com\/noticiasmercedinas\/\" \/>\n<meta property=\"article:published_time\" content=\"2023-02-28T12:13:12+00:00\" \/>\n<meta property=\"og:image\" content=\"https:\/\/noticiasmercedinas.com\/site\/wp-content\/uploads\/2023\/02\/WhatsApp-Image-2023-02-24-at-11.07.31-768x512-1.jpeg\" \/>\n\t<meta property=\"og:image:width\" content=\"768\" \/>\n\t<meta property=\"og:image:height\" content=\"512\" \/>\n\t<meta property=\"og:image:type\" content=\"image\/jpeg\" \/>\n<meta name=\"author\" content=\"NOTICIASMERCEDINAS.COM\" \/>\n<meta name=\"twitter:card\" content=\"summary_large_image\" \/>\n<meta name=\"twitter:creator\" content=\"@notmercedinas\" \/>\n<meta name=\"twitter:site\" content=\"@notmercedinas\" \/>\n<meta name=\"twitter:label1\" content=\"Escrito por\" \/>\n\t<meta name=\"twitter:data1\" content=\"NOTICIASMERCEDINAS.COM\" \/>\n\t<meta name=\"twitter:label2\" content=\"Tiempo de lectura\" \/>\n\t<meta name=\"twitter:data2\" content=\"4 minutos\" \/>\n<script type=\"application\/ld+json\" class=\"yoast-schema-graph\">{\"@context\":\"https:\\\/\\\/schema.org\",\"@graph\":[{\"@type\":\"Article\",\"@id\":\"https:\\\/\\\/noticiasmercedinas.com\\\/site\\\/2023\\\/02\\\/28\\\/a-la-espera-de-un-plenario-que-defina-candidaturas-en-la-izquierda-local\\\/#article\",\"isPartOf\":{\"@id\":\"https:\\\/\\\/noticiasmercedinas.com\\\/site\\\/2023\\\/02\\\/28\\\/a-la-espera-de-un-plenario-que-defina-candidaturas-en-la-izquierda-local\\\/\"},\"author\":{\"name\":\"NOTICIASMERCEDINAS.COM\",\"@id\":\"https:\\\/\\\/noticiasmercedinas.com\\\/site\\\/#\\\/schema\\\/person\\\/84b59c099c28ff2e8b77d4ceec5d8063\"},\"headline\":\"A la espera de un plenario que defina candidaturas en la Izquierda local\",\"datePublished\":\"2023-02-28T12:13:12+00:00\",\"mainEntityOfPage\":{\"@id\":\"https:\\\/\\\/noticiasmercedinas.com\\\/site\\\/2023\\\/02\\\/28\\\/a-la-espera-de-un-plenario-que-defina-candidaturas-en-la-izquierda-local\\\/\"},\"wordCount\":692,\"commentCount\":0,\"publisher\":{\"@id\":\"https:\\\/\\\/noticiasmercedinas.com\\\/site\\\/#organization\"},\"image\":{\"@id\":\"https:\\\/\\\/noticiasmercedinas.com\\\/site\\\/2023\\\/02\\\/28\\\/a-la-espera-de-un-plenario-que-defina-candidaturas-en-la-izquierda-local\\\/#primaryimage\"},\"thumbnailUrl\":\"https:\\\/\\\/noticiasmercedinas.com\\\/site\\\/wp-content\\\/uploads\\\/2023\\\/02\\\/WhatsApp-Image-2023-02-24-at-11.07.31-768x512-1.jpeg\",\"keywords\":[\"elecciones 2023\",\"FIT\",\"maria maldonado\",\"nestor pitrola\",\"pablo demarco\"],\"articleSection\":[\"Politica\"],\"inLanguage\":\"es\",\"potentialAction\":[{\"@type\":\"CommentAction\",\"name\":\"Comment\",\"target\":[\"https:\\\/\\\/noticiasmercedinas.com\\\/site\\\/2023\\\/02\\\/28\\\/a-la-espera-de-un-plenario-que-defina-candidaturas-en-la-izquierda-local\\\/#respond\"]}]},{\"@type\":\"WebPage\",\"@id\":\"https:\\\/\\\/noticiasmercedinas.com\\\/site\\\/2023\\\/02\\\/28\\\/a-la-espera-de-un-plenario-que-defina-candidaturas-en-la-izquierda-local\\\/\",\"url\":\"https:\\\/\\\/noticiasmercedinas.com\\\/site\\\/2023\\\/02\\\/28\\\/a-la-espera-de-un-plenario-que-defina-candidaturas-en-la-izquierda-local\\\/\",\"name\":\"A la espera de un plenario que defina candidaturas en la Izquierda local\",\"isPartOf\":{\"@id\":\"https:\\\/\\\/noticiasmercedinas.com\\\/site\\\/#website\"},\"primaryImageOfPage\":{\"@id\":\"https:\\\/\\\/noticiasmercedinas.com\\\/site\\\/2023\\\/02\\\/28\\\/a-la-espera-de-un-plenario-que-defina-candidaturas-en-la-izquierda-local\\\/#primaryimage\"},\"image\":{\"@id\":\"https:\\\/\\\/noticiasmercedinas.com\\\/site\\\/2023\\\/02\\\/28\\\/a-la-espera-de-un-plenario-que-defina-candidaturas-en-la-izquierda-local\\\/#primaryimage\"},\"thumbnailUrl\":\"https:\\\/\\\/noticiasmercedinas.com\\\/site\\\/wp-content\\\/uploads\\\/2023\\\/02\\\/WhatsApp-Image-2023-02-24-at-11.07.31-768x512-1.jpeg\",\"datePublished\":\"2023-02-28T12:13:12+00:00\",\"breadcrumb\":{\"@id\":\"https:\\\/\\\/noticiasmercedinas.com\\\/site\\\/2023\\\/02\\\/28\\\/a-la-espera-de-un-plenario-que-defina-candidaturas-en-la-izquierda-local\\\/#breadcrumb\"},\"inLanguage\":\"es\",\"potentialAction\":[{\"@type\":\"ReadAction\",\"target\":[\"https:\\\/\\\/noticiasmercedinas.com\\\/site\\\/2023\\\/02\\\/28\\\/a-la-espera-de-un-plenario-que-defina-candidaturas-en-la-izquierda-local\\\/\"]}]},{\"@type\":\"ImageObject\",\"inLanguage\":\"es\",\"@id\":\"https:\\\/\\\/noticiasmercedinas.com\\\/site\\\/2023\\\/02\\\/28\\\/a-la-espera-de-un-plenario-que-defina-candidaturas-en-la-izquierda-local\\\/#primaryimage\",\"url\":\"https:\\\/\\\/noticiasmercedinas.com\\\/site\\\/wp-content\\\/uploads\\\/2023\\\/02\\\/WhatsApp-Image-2023-02-24-at-11.07.31-768x512-1.jpeg\",\"contentUrl\":\"https:\\\/\\\/noticiasmercedinas.com\\\/site\\\/wp-content\\\/uploads\\\/2023\\\/02\\\/WhatsApp-Image-2023-02-24-at-11.07.31-768x512-1.jpeg\",\"width\":768,\"height\":512},{\"@type\":\"BreadcrumbList\",\"@id\":\"https:\\\/\\\/noticiasmercedinas.com\\\/site\\\/2023\\\/02\\\/28\\\/a-la-espera-de-un-plenario-que-defina-candidaturas-en-la-izquierda-local\\\/#breadcrumb\",\"itemListElement\":[{\"@type\":\"ListItem\",\"position\":1,\"name\":\"Portada\",\"item\":\"https:\\\/\\\/noticiasmercedinas.com\\\/site\\\/\"},{\"@type\":\"ListItem\",\"position\":2,\"name\":\"A la espera de un plenario que defina candidaturas en la Izquierda local\"}]},{\"@type\":\"WebSite\",\"@id\":\"https:\\\/\\\/noticiasmercedinas.com\\\/site\\\/#website\",\"url\":\"https:\\\/\\\/noticiasmercedinas.com\\\/site\\\/\",\"name\":\"NOTICIASMERCEDINAS.COM\",\"description\":\"Mercedes, Buenos Aires, Argentina\",\"publisher\":{\"@id\":\"https:\\\/\\\/noticiasmercedinas.com\\\/site\\\/#organization\"},\"potentialAction\":[{\"@type\":\"SearchAction\",\"target\":{\"@type\":\"EntryPoint\",\"urlTemplate\":\"https:\\\/\\\/noticiasmercedinas.com\\\/site\\\/?s={search_term_string}\"},\"query-input\":{\"@type\":\"PropertyValueSpecification\",\"valueRequired\":true,\"valueName\":\"search_term_string\"}}],\"inLanguage\":\"es\"},{\"@type\":\"Organization\",\"@id\":\"https:\\\/\\\/noticiasmercedinas.com\\\/site\\\/#organization\",\"name\":\"NOTICIASMERCEDINAS.COM\",\"url\":\"https:\\\/\\\/noticiasmercedinas.com\\\/site\\\/\",\"logo\":{\"@type\":\"ImageObject\",\"inLanguage\":\"es\",\"@id\":\"https:\\\/\\\/noticiasmercedinas.com\\\/site\\\/#\\\/schema\\\/logo\\\/image\\\/\",\"url\":\"https:\\\/\\\/noticiasmercedinas.com\\\/site\\\/wp-content\\\/uploads\\\/2020\\\/06\\\/LOGO-512.jpg\",\"contentUrl\":\"https:\\\/\\\/noticiasmercedinas.com\\\/site\\\/wp-content\\\/uploads\\\/2020\\\/06\\\/LOGO-512.jpg\",\"width\":512,\"height\":512,\"caption\":\"NOTICIASMERCEDINAS.COM\"},\"image\":{\"@id\":\"https:\\\/\\\/noticiasmercedinas.com\\\/site\\\/#\\\/schema\\\/logo\\\/image\\\/\"},\"sameAs\":[\"https:\\\/\\\/www.facebook.com\\\/noticiasmercedinas\\\/\",\"https:\\\/\\\/x.com\\\/notmercedinas\",\"https:\\\/\\\/www.instagram.com\\\/noticiasmercedinas\\\/\"]},{\"@type\":\"Person\",\"@id\":\"https:\\\/\\\/noticiasmercedinas.com\\\/site\\\/#\\\/schema\\\/person\\\/84b59c099c28ff2e8b77d4ceec5d8063\",\"name\":\"NOTICIASMERCEDINAS.COM\",\"image\":{\"@type\":\"ImageObject\",\"inLanguage\":\"es\",\"@id\":\"https:\\\/\\\/secure.gravatar.com\\\/avatar\\\/4dfbf16b4d17945bfb6341b2d19043457132fcf478a5ee04f42e959fd8f5df0a?s=96&d=mm&r=g\",\"url\":\"https:\\\/\\\/secure.gravatar.com\\\/avatar\\\/4dfbf16b4d17945bfb6341b2d19043457132fcf478a5ee04f42e959fd8f5df0a?s=96&d=mm&r=g\",\"contentUrl\":\"https:\\\/\\\/secure.gravatar.com\\\/avatar\\\/4dfbf16b4d17945bfb6341b2d19043457132fcf478a5ee04f42e959fd8f5df0a?s=96&d=mm&r=g\",\"caption\":\"NOTICIASMERCEDINAS.COM\"},\"url\":\"https:\\\/\\\/noticiasmercedinas.com\\\/site\\\/author\\\/anonimo\\\/\"}]}<\/script>\n<!-- \/ Yoast SEO plugin. -->","yoast_head_json":{"title":"A la espera de un plenario que defina candidaturas en la Izquierda local","robots":{"index":"index","follow":"follow","max-snippet":"max-snippet:-1","max-image-preview":"max-image-preview:large","max-video-preview":"max-video-preview:-1"},"canonical":"https:\/\/noticiasmercedinas.com\/site\/2023\/02\/28\/a-la-espera-de-un-plenario-que-defina-candidaturas-en-la-izquierda-local\/","og_locale":"es_ES","og_type":"article","og_title":"A la espera de un plenario que defina candidaturas en la Izquierda local","og_description":"\u25a0 En marzo habr\u00e1 un plenario y quedar\u00e1 claro qui\u00e9nes ser\u00e1n los referentes y candidatos en Mercedes. En tanto, N\u00e9stor Pitrola lanz\u00f3 su precandidatura a gobernador en un acto La Plata","og_url":"https:\/\/noticiasmercedinas.com\/site\/2023\/02\/28\/a-la-espera-de-un-plenario-que-defina-candidaturas-en-la-izquierda-local\/","og_site_name":"NOTICIASMERCEDINAS.COM","article_publisher":"https:\/\/www.facebook.com\/noticiasmercedinas\/","article_published_time":"2023-02-28T12:13:12+00:00","og_image":[{"width":768,"height":512,"url":"https:\/\/noticiasmercedinas.com\/site\/wp-content\/uploads\/2023\/02\/WhatsApp-Image-2023-02-24-at-11.07.31-768x512-1.jpeg","type":"image\/jpeg"}],"author":"NOTICIASMERCEDINAS.COM","twitter_card":"summary_large_image","twitter_creator":"@notmercedinas","twitter_site":"@notmercedinas","twitter_misc":{"Escrito por":"NOTICIASMERCEDINAS.COM","Tiempo de lectura":"4 minutos"},"schema":{"@context":"https:\/\/schema.org","@graph":[{"@type":"Article","@id":"https:\/\/noticiasmercedinas.com\/site\/2023\/02\/28\/a-la-espera-de-un-plenario-que-defina-candidaturas-en-la-izquierda-local\/#article","isPartOf":{"@id":"https:\/\/noticiasmercedinas.com\/site\/2023\/02\/28\/a-la-espera-de-un-plenario-que-defina-candidaturas-en-la-izquierda-local\/"},"author":{"name":"NOTICIASMERCEDINAS.COM","@id":"https:\/\/noticiasmercedinas.com\/site\/#\/schema\/person\/84b59c099c28ff2e8b77d4ceec5d8063"},"headline":"A la espera de un plenario que defina candidaturas en la Izquierda local","datePublished":"2023-02-28T12:13:12+00:00","mainEntityOfPage":{"@id":"https:\/\/noticiasmercedinas.com\/site\/2023\/02\/28\/a-la-espera-de-un-plenario-que-defina-candidaturas-en-la-izquierda-local\/"},"wordCount":692,"commentCount":0,"publisher":{"@id":"https:\/\/noticiasmercedinas.com\/site\/#organization"},"image":{"@id":"https:\/\/noticiasmercedinas.com\/site\/2023\/02\/28\/a-la-espera-de-un-plenario-que-defina-candidaturas-en-la-izquierda-local\/#primaryimage"},"thumbnailUrl":"https:\/\/noticiasmercedinas.com\/site\/wp-content\/uploads\/2023\/02\/WhatsApp-Image-2023-02-24-at-11.07.31-768x512-1.jpeg","keywords":["elecciones 2023","FIT","maria maldonado","nestor pitrola","pablo demarco"],"articleSection":["Politica"],"inLanguage":"es","potentialAction":[{"@type":"CommentAction","name":"Comment","target":["https:\/\/noticiasmercedinas.com\/site\/2023\/02\/28\/a-la-espera-de-un-plenario-que-defina-candidaturas-en-la-izquierda-local\/#respond"]}]},{"@type":"WebPage","@id":"https:\/\/noticiasmercedinas.com\/site\/2023\/02\/28\/a-la-espera-de-un-plenario-que-defina-candidaturas-en-la-izquierda-local\/","url":"https:\/\/noticiasmercedinas.com\/site\/2023\/02\/28\/a-la-espera-de-un-plenario-que-defina-candidaturas-en-la-izquierda-local\/","name":"A la espera de un plenario que defina candidaturas en la Izquierda local","isPartOf":{"@id":"https:\/\/noticiasmercedinas.com\/site\/#website"},"primaryImageOfPage":{"@id":"https:\/\/noticiasmercedinas.com\/site\/2023\/02\/28\/a-la-espera-de-un-plenario-que-defina-candidaturas-en-la-izquierda-local\/#primaryimage"},"image":{"@id":"https:\/\/noticiasmercedinas.com\/site\/2023\/02\/28\/a-la-espera-de-un-plenario-que-defina-candidaturas-en-la-izquierda-local\/#primaryimage"},"thumbnailUrl":"https:\/\/noticiasmercedinas.com\/site\/wp-content\/uploads\/2023\/02\/WhatsApp-Image-2023-02-24-at-11.07.31-768x512-1.jpeg","datePublished":"2023-02-28T12:13:12+00:00","breadcrumb":{"@id":"https:\/\/noticiasmercedinas.com\/site\/2023\/02\/28\/a-la-espera-de-un-plenario-que-defina-candidaturas-en-la-izquierda-local\/#breadcrumb"},"inLanguage":"es","potentialAction":[{"@type":"ReadAction","target":["https:\/\/noticiasmercedinas.com\/site\/2023\/02\/28\/a-la-espera-de-un-plenario-que-defina-candidaturas-en-la-izquierda-local\/"]}]},{"@type":"ImageObject","inLanguage":"es","@id":"https:\/\/noticiasmercedinas.com\/site\/2023\/02\/28\/a-la-espera-de-un-plenario-que-defina-candidaturas-en-la-izquierda-local\/#primaryimage","url":"https:\/\/noticiasmercedinas.com\/site\/wp-content\/uploads\/2023\/02\/WhatsApp-Image-2023-02-24-at-11.07.31-768x512-1.jpeg","contentUrl":"https:\/\/noticiasmercedinas.com\/site\/wp-content\/uploads\/2023\/02\/WhatsApp-Image-2023-02-24-at-11.07.31-768x512-1.jpeg","width":768,"height":512},{"@type":"BreadcrumbList","@id":"https:\/\/noticiasmercedinas.com\/site\/2023\/02\/28\/a-la-espera-de-un-plenario-que-defina-candidaturas-en-la-izquierda-local\/#breadcrumb","itemListElement":[{"@type":"ListItem","position":1,"name":"Portada","item":"https:\/\/noticiasmercedinas.com\/site\/"},{"@type":"ListItem","position":2,"name":"A la espera de un plenario que defina candidaturas en la Izquierda local"}]},{"@type":"WebSite","@id":"https:\/\/noticiasmercedinas.com\/site\/#website","url":"https:\/\/noticiasmercedinas.com\/site\/","name":"NOTICIASMERCEDINAS.COM","description":"Mercedes, Buenos Aires, Argentina","publisher":{"@id":"https:\/\/noticiasmercedinas.com\/site\/#organization"},"potentialAction":[{"@type":"SearchAction","target":{"@type":"EntryPoint","urlTemplate":"https:\/\/noticiasmercedinas.com\/site\/?s={search_term_string}"},"query-input":{"@type":"PropertyValueSpecification","valueRequired":true,"valueName":"search_term_string"}}],"inLanguage":"es"},{"@type":"Organization","@id":"https:\/\/noticiasmercedinas.com\/site\/#organization","name":"NOTICIASMERCEDINAS.COM","url":"https:\/\/noticiasmercedinas.com\/site\/","logo":{"@type":"ImageObject","inLanguage":"es","@id":"https:\/\/noticiasmercedinas.com\/site\/#\/schema\/logo\/image\/","url":"https:\/\/noticiasmercedinas.com\/site\/wp-content\/uploads\/2020\/06\/LOGO-512.jpg","contentUrl":"https:\/\/noticiasmercedinas.com\/site\/wp-content\/uploads\/2020\/06\/LOGO-512.jpg","width":512,"height":512,"caption":"NOTICIASMERCEDINAS.COM"},"image":{"@id":"https:\/\/noticiasmercedinas.com\/site\/#\/schema\/logo\/image\/"},"sameAs":["https:\/\/www.facebook.com\/noticiasmercedinas\/","https:\/\/x.com\/notmercedinas","https:\/\/www.instagram.com\/noticiasmercedinas\/"]},{"@type":"Person","@id":"https:\/\/noticiasmercedinas.com\/site\/#\/schema\/person\/84b59c099c28ff2e8b77d4ceec5d8063","name":"NOTICIASMERCEDINAS.COM","image":{"@type":"ImageObject","inLanguage":"es","@id":"https:\/\/secure.gravatar.com\/avatar\/4dfbf16b4d17945bfb6341b2d19043457132fcf478a5ee04f42e959fd8f5df0a?s=96&d=mm&r=g","url":"https:\/\/secure.gravatar.com\/avatar\/4dfbf16b4d17945bfb6341b2d19043457132fcf478a5ee04f42e959fd8f5df0a?s=96&d=mm&r=g","contentUrl":"https:\/\/secure.gravatar.com\/avatar\/4dfbf16b4d17945bfb6341b2d19043457132fcf478a5ee04f42e959fd8f5df0a?s=96&d=mm&r=g","caption":"NOTICIASMERCEDINAS.COM"},"url":"https:\/\/noticiasmercedinas.com\/site\/author\/anonimo\/"}]}},"amp_enabled":true,"_links":{"self":[{"href":"https:\/\/noticiasmercedinas.com\/site\/wp-json\/wp\/v2\/posts\/109916","targetHints":{"allow":["GET"]}}],"collection":[{"href":"https:\/\/noticiasmercedinas.com\/site\/wp-json\/wp\/v2\/posts"}],"about":[{"href":"https:\/\/noticiasmercedinas.com\/site\/wp-json\/wp\/v2\/types\/post"}],"author":[{"embeddable":true,"href":"https:\/\/noticiasmercedinas.com\/site\/wp-json\/wp\/v2\/users\/16"}],"replies":[{"embeddable":true,"href":"https:\/\/noticiasmercedinas.com\/site\/wp-json\/wp\/v2\/comments?post=109916"}],"version-history":[{"count":1,"href":"https:\/\/noticiasmercedinas.com\/site\/wp-json\/wp\/v2\/posts\/109916\/revisions"}],"predecessor-version":[{"id":109918,"href":"https:\/\/noticiasmercedinas.com\/site\/wp-json\/wp\/v2\/posts\/109916\/revisions\/109918"}],"wp:featuredmedia":[{"embeddable":true,"href":"https:\/\/noticiasmercedinas.com\/site\/wp-json\/wp\/v2\/media\/109917"}],"wp:attachment":[{"href":"https:\/\/noticiasmercedinas.com\/site\/wp-json\/wp\/v2\/media?parent=109916"}],"wp:term":[{"taxonomy":"category","embeddable":true,"href":"https:\/\/noticiasmercedinas.com\/site\/wp-json\/wp\/v2\/categories?post=109916"},{"taxonomy":"post_tag","embeddable":true,"href":"https:\/\/noticiasmercedinas.com\/site\/wp-json\/wp\/v2\/tags?post=109916"}],"curies":[{"name":"wp","href":"https:\/\/api.w.org\/{rel}","templated":true}]}}