{"id":109955,"date":"2023-02-28T20:09:34","date_gmt":"2023-02-28T23:09:34","guid":{"rendered":"https:\/\/noticiasmercedinas.com\/site\/?p=109955"},"modified":"2023-02-28T20:09:34","modified_gmt":"2023-02-28T23:09:34","slug":"carlos-selva-celebro-la-posibilidad-de-volver-a-sesionar-en-diputados","status":"publish","type":"post","link":"https:\/\/noticiasmercedinas.com\/site\/2023\/02\/28\/carlos-selva-celebro-la-posibilidad-de-volver-a-sesionar-en-diputados\/","title":{"rendered":"Carlos Selva celebr\u00f3 la posibilidad de volver a sesionar en Diputados"},"content":{"rendered":"<p><img loading=\"lazy\" decoding=\"async\" class=\"alignnone size-full wp-image-109958\" src=\"https:\/\/noticiasmercedinas.com\/site\/wp-content\/uploads\/2023\/02\/Selvaa.jpg\" alt=\"\" width=\"640\" height=\"479\" srcset=\"https:\/\/noticiasmercedinas.com\/site\/wp-content\/uploads\/2023\/02\/Selvaa.jpg 640w, https:\/\/noticiasmercedinas.com\/site\/wp-content\/uploads\/2023\/02\/Selvaa-300x225.jpg 300w, https:\/\/noticiasmercedinas.com\/site\/wp-content\/uploads\/2023\/02\/Selvaa-80x60.jpg 80w, https:\/\/noticiasmercedinas.com\/site\/wp-content\/uploads\/2023\/02\/Selvaa-160x120.jpg 160w, https:\/\/noticiasmercedinas.com\/site\/wp-content\/uploads\/2023\/02\/Selvaa-100x75.jpg 100w, https:\/\/noticiasmercedinas.com\/site\/wp-content\/uploads\/2023\/02\/Selvaa-200x150.jpg 200w, https:\/\/noticiasmercedinas.com\/site\/wp-content\/uploads\/2023\/02\/Selvaa-180x135.jpg 180w, https:\/\/noticiasmercedinas.com\/site\/wp-content\/uploads\/2023\/02\/Selvaa-360x270.jpg 360w, https:\/\/noticiasmercedinas.com\/site\/wp-content\/uploads\/2023\/02\/Selvaa-238x178.jpg 238w, https:\/\/noticiasmercedinas.com\/site\/wp-content\/uploads\/2023\/02\/Selvaa-476x356.jpg 476w\" sizes=\"auto, (max-width: 640px) 100vw, 640px\" \/><\/p>\n<p>El diputado nacional <strong>Carlos Selva<\/strong> celebr\u00f3 la posibilidad de volver a sesionar en la C\u00e1mara luego de un tiempo en que no hubo quorum y poder tratar dos proyectos en el recinto.<\/p>\n<p>Se trat\u00f3 del Proyecto de Creaci\u00f3n del Plan de Pago de Deuda previsional, y el Programa Federal \u00danico de Informatizaci\u00f3n y Digitalizaci\u00f3n de las Historias Cl\u00ednicas de la Rep\u00fablica Argentina. \u201cEs bueno volver a debatir este y otros temas de inter\u00e9s para las y los argentinos\u201d, dijo Selva, del Frente de Todos.<\/p>\n<blockquote><p>\u00abCada ciudadano de 800.000 argentinos y argentinas van a tener la posibilidad de completar hasta los 30 a\u00f1os de aporte comprando los a\u00f1os que le faltan. Esto es algo m\u00e1s que un acto de justicia, y a eso se opon\u00edan ac\u00e9rrimamente y votaron en contra en el Congreso de la Naci\u00f3n\u00bb<\/p><\/blockquote>\n<p>\u201cRealmente fue dif\u00edcil lograr el quorum nuevamente con una voluntad totalmente negativa de no participar de la sesi\u00f3n. Juntos por el Cambio hizo todo lo imposible para hacerla fracasar, nuevamente dos leyes que tienen que ver como dijimos con el sistema de acceder a la posibilidad de compensar los a\u00f1os que le faltan compr\u00e1ndolos. No es una d\u00e1diva, sino que cada ciudadano de 800.000 argentinos y argentinas van a tener la posibilidad de completar hasta los 30 a\u00f1os de aporte comprando los a\u00f1os que le faltan. Esto es algo m\u00e1s que un acto de justicia, y a eso se opon\u00edan ac\u00e9rrimamente y votaron en contra en el Congreso de la Naci\u00f3n. Nosotros logramos el qu\u00f3rum gracias a los bloques de la izquierda, a los bloques de Provincias Unidas, y el bloque federal, que nos permitieron llegar a los 129 diputados necesarios para obtener el quorum\u201d, remarc\u00f3 luego el diputado, en di\u00e1logo con este medio.<\/p>\n<p>\u201cQueda claro que justamente cuando hablamos de derechos de la gente, Juntos por el Cambio vota en contra. No es que no vino, sino que vota en contra\u201d, cuestion\u00f3 Selva.<\/p>\n<blockquote><p>\u201cRetirarse y no poder sesionar no tiene absolutamente nada que ver con la realidad de los argentinos y las argentinas\u201d<\/p><\/blockquote>\n<p>En tanto, consultado sobre c\u00f3mo se imaginas este a\u00f1o, expres\u00f3: \u201cLa sensaci\u00f3n es un com\u00fan denominador de los que estamos presentes. La necesidad de seguir d\u00e1ndole continuidad al trabajo de las comisiones, donde hay montones de temas que tienen consenso suficiente como para poder llegar al recinto y que esperemos que ahora que rompimos esta inercia de no poder funcionar podamos darle respuesta tanto a temas de salud, como a temas de seguridad, como al tema del medio ambiente. Hay una diversidad de temas de cultura, educaci\u00f3n y otros en los que hay mucho consenso y ojal\u00e1 nos permitan darnos qu\u00f3rum en las comisiones como para poder seguir avanzando. Aunque hasta ahora no han demostrado ninguna decisi\u00f3n que me haga suponer que va a cambiar la actitud de ellos de negar que el Congreso funcione. Retirarse y no poder sesionar no tiene absolutamente nada que ver con la realidad de los argentinos y las argentinas\u201d, complet\u00f3 Selva.<\/p>\n<p><img loading=\"lazy\" decoding=\"async\" class=\"alignnone size-full wp-image-109959\" src=\"https:\/\/noticiasmercedinas.com\/site\/wp-content\/uploads\/2023\/02\/selvaaa.jpg\" alt=\"\" width=\"640\" height=\"479\" srcset=\"https:\/\/noticiasmercedinas.com\/site\/wp-content\/uploads\/2023\/02\/selvaaa.jpg 640w, https:\/\/noticiasmercedinas.com\/site\/wp-content\/uploads\/2023\/02\/selvaaa-300x225.jpg 300w, https:\/\/noticiasmercedinas.com\/site\/wp-content\/uploads\/2023\/02\/selvaaa-80x60.jpg 80w, https:\/\/noticiasmercedinas.com\/site\/wp-content\/uploads\/2023\/02\/selvaaa-160x120.jpg 160w, https:\/\/noticiasmercedinas.com\/site\/wp-content\/uploads\/2023\/02\/selvaaa-100x75.jpg 100w, https:\/\/noticiasmercedinas.com\/site\/wp-content\/uploads\/2023\/02\/selvaaa-200x150.jpg 200w, https:\/\/noticiasmercedinas.com\/site\/wp-content\/uploads\/2023\/02\/selvaaa-180x135.jpg 180w, https:\/\/noticiasmercedinas.com\/site\/wp-content\/uploads\/2023\/02\/selvaaa-360x270.jpg 360w, https:\/\/noticiasmercedinas.com\/site\/wp-content\/uploads\/2023\/02\/selvaaa-238x178.jpg 238w, https:\/\/noticiasmercedinas.com\/site\/wp-content\/uploads\/2023\/02\/selvaaa-476x356.jpg 476w\" sizes=\"auto, (max-width: 640px) 100vw, 640px\" \/><\/p>\n","protected":false},"excerpt":{"rendered":"<p>\u25a0 \u00abOjal\u00e1 nos permitan darnos qu\u00f3rum en las comisiones como para poder seguir avanzando\u00bb, dijo el legislador. \u00abCuando hablamos de derechos de la gente, Juntos por el Cambio vota en contra\u00bb, objet\u00f3<\/p>\n","protected":false},"author":16,"featured_media":109958,"comment_status":"open","ping_status":"open","sticky":false,"template":"","format":"standard","meta":{"footnotes":""},"categories":[16],"tags":[318,174,5299],"class_list":["post-109955","post","type-post","status-publish","format-standard","has-post-thumbnail","hentry","category-politica","tag-carlos-selva","tag-diputados","tag-frente-de-todos"],"yoast_head":"<!-- This site is optimized with the Yoast SEO plugin v27.4 - https:\/\/yoast.com\/product\/yoast-seo-wordpress\/ -->\n<title>Carlos Selva celebr\u00f3 la posibilidad de volver a sesionar en Diputados<\/title>\n<meta name=\"robots\" content=\"index, follow, max-snippet:-1, max-image-preview:large, max-video-preview:-1\" \/>\n<link rel=\"canonical\" href=\"https:\/\/noticiasmercedinas.com\/site\/2023\/02\/28\/carlos-selva-celebro-la-posibilidad-de-volver-a-sesionar-en-diputados\/\" \/>\n<meta property=\"og:locale\" content=\"es_ES\" \/>\n<meta property=\"og:type\" content=\"article\" \/>\n<meta property=\"og:title\" content=\"Carlos Selva celebr\u00f3 la posibilidad de volver a sesionar en Diputados\" \/>\n<meta property=\"og:description\" content=\"\u25a0 &quot;Ojal\u00e1 nos permitan darnos qu\u00f3rum en las comisiones como para poder seguir avanzando&quot;, dijo el legislador. &quot;Cuando hablamos de derechos de la gente, Juntos por el Cambio vota en contra&quot;, objet\u00f3\" \/>\n<meta property=\"og:url\" content=\"https:\/\/noticiasmercedinas.com\/site\/2023\/02\/28\/carlos-selva-celebro-la-posibilidad-de-volver-a-sesionar-en-diputados\/\" \/>\n<meta property=\"og:site_name\" content=\"NOTICIASMERCEDINAS.COM\" \/>\n<meta property=\"article:publisher\" content=\"https:\/\/www.facebook.com\/noticiasmercedinas\/\" \/>\n<meta property=\"article:published_time\" content=\"2023-02-28T23:09:34+00:00\" \/>\n<meta property=\"og:image\" content=\"https:\/\/noticiasmercedinas.com\/site\/wp-content\/uploads\/2023\/02\/Selvaa.jpg\" \/>\n\t<meta property=\"og:image:width\" content=\"640\" \/>\n\t<meta property=\"og:image:height\" content=\"479\" \/>\n\t<meta property=\"og:image:type\" content=\"image\/jpeg\" \/>\n<meta name=\"author\" content=\"NOTICIASMERCEDINAS.COM\" \/>\n<meta name=\"twitter:card\" content=\"summary_large_image\" \/>\n<meta name=\"twitter:creator\" content=\"@notmercedinas\" \/>\n<meta name=\"twitter:site\" content=\"@notmercedinas\" \/>\n<meta name=\"twitter:label1\" content=\"Escrito por\" \/>\n\t<meta name=\"twitter:data1\" content=\"NOTICIASMERCEDINAS.COM\" \/>\n\t<meta name=\"twitter:label2\" content=\"Tiempo de lectura\" \/>\n\t<meta name=\"twitter:data2\" content=\"3 minutos\" \/>\n<script type=\"application\/ld+json\" class=\"yoast-schema-graph\">{\"@context\":\"https:\\\/\\\/schema.org\",\"@graph\":[{\"@type\":\"Article\",\"@id\":\"https:\\\/\\\/noticiasmercedinas.com\\\/site\\\/2023\\\/02\\\/28\\\/carlos-selva-celebro-la-posibilidad-de-volver-a-sesionar-en-diputados\\\/#article\",\"isPartOf\":{\"@id\":\"https:\\\/\\\/noticiasmercedinas.com\\\/site\\\/2023\\\/02\\\/28\\\/carlos-selva-celebro-la-posibilidad-de-volver-a-sesionar-en-diputados\\\/\"},\"author\":{\"name\":\"NOTICIASMERCEDINAS.COM\",\"@id\":\"https:\\\/\\\/noticiasmercedinas.com\\\/site\\\/#\\\/schema\\\/person\\\/84b59c099c28ff2e8b77d4ceec5d8063\"},\"headline\":\"Carlos Selva celebr\u00f3 la posibilidad de volver a sesionar en Diputados\",\"datePublished\":\"2023-02-28T23:09:34+00:00\",\"mainEntityOfPage\":{\"@id\":\"https:\\\/\\\/noticiasmercedinas.com\\\/site\\\/2023\\\/02\\\/28\\\/carlos-selva-celebro-la-posibilidad-de-volver-a-sesionar-en-diputados\\\/\"},\"wordCount\":536,\"commentCount\":0,\"publisher\":{\"@id\":\"https:\\\/\\\/noticiasmercedinas.com\\\/site\\\/#organization\"},\"image\":{\"@id\":\"https:\\\/\\\/noticiasmercedinas.com\\\/site\\\/2023\\\/02\\\/28\\\/carlos-selva-celebro-la-posibilidad-de-volver-a-sesionar-en-diputados\\\/#primaryimage\"},\"thumbnailUrl\":\"https:\\\/\\\/noticiasmercedinas.com\\\/site\\\/wp-content\\\/uploads\\\/2023\\\/02\\\/Selvaa.jpg\",\"keywords\":[\"carlos selva\",\"diputados\",\"Frente de Todos\"],\"articleSection\":[\"Politica\"],\"inLanguage\":\"es\",\"potentialAction\":[{\"@type\":\"CommentAction\",\"name\":\"Comment\",\"target\":[\"https:\\\/\\\/noticiasmercedinas.com\\\/site\\\/2023\\\/02\\\/28\\\/carlos-selva-celebro-la-posibilidad-de-volver-a-sesionar-en-diputados\\\/#respond\"]}]},{\"@type\":\"WebPage\",\"@id\":\"https:\\\/\\\/noticiasmercedinas.com\\\/site\\\/2023\\\/02\\\/28\\\/carlos-selva-celebro-la-posibilidad-de-volver-a-sesionar-en-diputados\\\/\",\"url\":\"https:\\\/\\\/noticiasmercedinas.com\\\/site\\\/2023\\\/02\\\/28\\\/carlos-selva-celebro-la-posibilidad-de-volver-a-sesionar-en-diputados\\\/\",\"name\":\"Carlos Selva celebr\u00f3 la posibilidad de volver a sesionar en Diputados\",\"isPartOf\":{\"@id\":\"https:\\\/\\\/noticiasmercedinas.com\\\/site\\\/#website\"},\"primaryImageOfPage\":{\"@id\":\"https:\\\/\\\/noticiasmercedinas.com\\\/site\\\/2023\\\/02\\\/28\\\/carlos-selva-celebro-la-posibilidad-de-volver-a-sesionar-en-diputados\\\/#primaryimage\"},\"image\":{\"@id\":\"https:\\\/\\\/noticiasmercedinas.com\\\/site\\\/2023\\\/02\\\/28\\\/carlos-selva-celebro-la-posibilidad-de-volver-a-sesionar-en-diputados\\\/#primaryimage\"},\"thumbnailUrl\":\"https:\\\/\\\/noticiasmercedinas.com\\\/site\\\/wp-content\\\/uploads\\\/2023\\\/02\\\/Selvaa.jpg\",\"datePublished\":\"2023-02-28T23:09:34+00:00\",\"breadcrumb\":{\"@id\":\"https:\\\/\\\/noticiasmercedinas.com\\\/site\\\/2023\\\/02\\\/28\\\/carlos-selva-celebro-la-posibilidad-de-volver-a-sesionar-en-diputados\\\/#breadcrumb\"},\"inLanguage\":\"es\",\"potentialAction\":[{\"@type\":\"ReadAction\",\"target\":[\"https:\\\/\\\/noticiasmercedinas.com\\\/site\\\/2023\\\/02\\\/28\\\/carlos-selva-celebro-la-posibilidad-de-volver-a-sesionar-en-diputados\\\/\"]}]},{\"@type\":\"ImageObject\",\"inLanguage\":\"es\",\"@id\":\"https:\\\/\\\/noticiasmercedinas.com\\\/site\\\/2023\\\/02\\\/28\\\/carlos-selva-celebro-la-posibilidad-de-volver-a-sesionar-en-diputados\\\/#primaryimage\",\"url\":\"https:\\\/\\\/noticiasmercedinas.com\\\/site\\\/wp-content\\\/uploads\\\/2023\\\/02\\\/Selvaa.jpg\",\"contentUrl\":\"https:\\\/\\\/noticiasmercedinas.com\\\/site\\\/wp-content\\\/uploads\\\/2023\\\/02\\\/Selvaa.jpg\",\"width\":640,\"height\":479},{\"@type\":\"BreadcrumbList\",\"@id\":\"https:\\\/\\\/noticiasmercedinas.com\\\/site\\\/2023\\\/02\\\/28\\\/carlos-selva-celebro-la-posibilidad-de-volver-a-sesionar-en-diputados\\\/#breadcrumb\",\"itemListElement\":[{\"@type\":\"ListItem\",\"position\":1,\"name\":\"Portada\",\"item\":\"https:\\\/\\\/noticiasmercedinas.com\\\/site\\\/\"},{\"@type\":\"ListItem\",\"position\":2,\"name\":\"Carlos Selva celebr\u00f3 la posibilidad de volver a sesionar en Diputados\"}]},{\"@type\":\"WebSite\",\"@id\":\"https:\\\/\\\/noticiasmercedinas.com\\\/site\\\/#website\",\"url\":\"https:\\\/\\\/noticiasmercedinas.com\\\/site\\\/\",\"name\":\"NOTICIASMERCEDINAS.COM\",\"description\":\"Mercedes, Buenos Aires, Argentina\",\"publisher\":{\"@id\":\"https:\\\/\\\/noticiasmercedinas.com\\\/site\\\/#organization\"},\"potentialAction\":[{\"@type\":\"SearchAction\",\"target\":{\"@type\":\"EntryPoint\",\"urlTemplate\":\"https:\\\/\\\/noticiasmercedinas.com\\\/site\\\/?s={search_term_string}\"},\"query-input\":{\"@type\":\"PropertyValueSpecification\",\"valueRequired\":true,\"valueName\":\"search_term_string\"}}],\"inLanguage\":\"es\"},{\"@type\":\"Organization\",\"@id\":\"https:\\\/\\\/noticiasmercedinas.com\\\/site\\\/#organization\",\"name\":\"NOTICIASMERCEDINAS.COM\",\"url\":\"https:\\\/\\\/noticiasmercedinas.com\\\/site\\\/\",\"logo\":{\"@type\":\"ImageObject\",\"inLanguage\":\"es\",\"@id\":\"https:\\\/\\\/noticiasmercedinas.com\\\/site\\\/#\\\/schema\\\/logo\\\/image\\\/\",\"url\":\"https:\\\/\\\/noticiasmercedinas.com\\\/site\\\/wp-content\\\/uploads\\\/2020\\\/06\\\/LOGO-512.jpg\",\"contentUrl\":\"https:\\\/\\\/noticiasmercedinas.com\\\/site\\\/wp-content\\\/uploads\\\/2020\\\/06\\\/LOGO-512.jpg\",\"width\":512,\"height\":512,\"caption\":\"NOTICIASMERCEDINAS.COM\"},\"image\":{\"@id\":\"https:\\\/\\\/noticiasmercedinas.com\\\/site\\\/#\\\/schema\\\/logo\\\/image\\\/\"},\"sameAs\":[\"https:\\\/\\\/www.facebook.com\\\/noticiasmercedinas\\\/\",\"https:\\\/\\\/x.com\\\/notmercedinas\",\"https:\\\/\\\/www.instagram.com\\\/noticiasmercedinas\\\/\"]},{\"@type\":\"Person\",\"@id\":\"https:\\\/\\\/noticiasmercedinas.com\\\/site\\\/#\\\/schema\\\/person\\\/84b59c099c28ff2e8b77d4ceec5d8063\",\"name\":\"NOTICIASMERCEDINAS.COM\",\"image\":{\"@type\":\"ImageObject\",\"inLanguage\":\"es\",\"@id\":\"https:\\\/\\\/secure.gravatar.com\\\/avatar\\\/4dfbf16b4d17945bfb6341b2d19043457132fcf478a5ee04f42e959fd8f5df0a?s=96&d=mm&r=g\",\"url\":\"https:\\\/\\\/secure.gravatar.com\\\/avatar\\\/4dfbf16b4d17945bfb6341b2d19043457132fcf478a5ee04f42e959fd8f5df0a?s=96&d=mm&r=g\",\"contentUrl\":\"https:\\\/\\\/secure.gravatar.com\\\/avatar\\\/4dfbf16b4d17945bfb6341b2d19043457132fcf478a5ee04f42e959fd8f5df0a?s=96&d=mm&r=g\",\"caption\":\"NOTICIASMERCEDINAS.COM\"},\"url\":\"https:\\\/\\\/noticiasmercedinas.com\\\/site\\\/author\\\/anonimo\\\/\"}]}<\/script>\n<!-- \/ Yoast SEO plugin. -->","yoast_head_json":{"title":"Carlos Selva celebr\u00f3 la posibilidad de volver a sesionar en Diputados","robots":{"index":"index","follow":"follow","max-snippet":"max-snippet:-1","max-image-preview":"max-image-preview:large","max-video-preview":"max-video-preview:-1"},"canonical":"https:\/\/noticiasmercedinas.com\/site\/2023\/02\/28\/carlos-selva-celebro-la-posibilidad-de-volver-a-sesionar-en-diputados\/","og_locale":"es_ES","og_type":"article","og_title":"Carlos Selva celebr\u00f3 la posibilidad de volver a sesionar en Diputados","og_description":"\u25a0 \"Ojal\u00e1 nos permitan darnos qu\u00f3rum en las comisiones como para poder seguir avanzando\", dijo el legislador. \"Cuando hablamos de derechos de la gente, Juntos por el Cambio vota en contra\", objet\u00f3","og_url":"https:\/\/noticiasmercedinas.com\/site\/2023\/02\/28\/carlos-selva-celebro-la-posibilidad-de-volver-a-sesionar-en-diputados\/","og_site_name":"NOTICIASMERCEDINAS.COM","article_publisher":"https:\/\/www.facebook.com\/noticiasmercedinas\/","article_published_time":"2023-02-28T23:09:34+00:00","og_image":[{"width":640,"height":479,"url":"https:\/\/noticiasmercedinas.com\/site\/wp-content\/uploads\/2023\/02\/Selvaa.jpg","type":"image\/jpeg"}],"author":"NOTICIASMERCEDINAS.COM","twitter_card":"summary_large_image","twitter_creator":"@notmercedinas","twitter_site":"@notmercedinas","twitter_misc":{"Escrito por":"NOTICIASMERCEDINAS.COM","Tiempo de lectura":"3 minutos"},"schema":{"@context":"https:\/\/schema.org","@graph":[{"@type":"Article","@id":"https:\/\/noticiasmercedinas.com\/site\/2023\/02\/28\/carlos-selva-celebro-la-posibilidad-de-volver-a-sesionar-en-diputados\/#article","isPartOf":{"@id":"https:\/\/noticiasmercedinas.com\/site\/2023\/02\/28\/carlos-selva-celebro-la-posibilidad-de-volver-a-sesionar-en-diputados\/"},"author":{"name":"NOTICIASMERCEDINAS.COM","@id":"https:\/\/noticiasmercedinas.com\/site\/#\/schema\/person\/84b59c099c28ff2e8b77d4ceec5d8063"},"headline":"Carlos Selva celebr\u00f3 la posibilidad de volver a sesionar en Diputados","datePublished":"2023-02-28T23:09:34+00:00","mainEntityOfPage":{"@id":"https:\/\/noticiasmercedinas.com\/site\/2023\/02\/28\/carlos-selva-celebro-la-posibilidad-de-volver-a-sesionar-en-diputados\/"},"wordCount":536,"commentCount":0,"publisher":{"@id":"https:\/\/noticiasmercedinas.com\/site\/#organization"},"image":{"@id":"https:\/\/noticiasmercedinas.com\/site\/2023\/02\/28\/carlos-selva-celebro-la-posibilidad-de-volver-a-sesionar-en-diputados\/#primaryimage"},"thumbnailUrl":"https:\/\/noticiasmercedinas.com\/site\/wp-content\/uploads\/2023\/02\/Selvaa.jpg","keywords":["carlos selva","diputados","Frente de Todos"],"articleSection":["Politica"],"inLanguage":"es","potentialAction":[{"@type":"CommentAction","name":"Comment","target":["https:\/\/noticiasmercedinas.com\/site\/2023\/02\/28\/carlos-selva-celebro-la-posibilidad-de-volver-a-sesionar-en-diputados\/#respond"]}]},{"@type":"WebPage","@id":"https:\/\/noticiasmercedinas.com\/site\/2023\/02\/28\/carlos-selva-celebro-la-posibilidad-de-volver-a-sesionar-en-diputados\/","url":"https:\/\/noticiasmercedinas.com\/site\/2023\/02\/28\/carlos-selva-celebro-la-posibilidad-de-volver-a-sesionar-en-diputados\/","name":"Carlos Selva celebr\u00f3 la posibilidad de volver a sesionar en Diputados","isPartOf":{"@id":"https:\/\/noticiasmercedinas.com\/site\/#website"},"primaryImageOfPage":{"@id":"https:\/\/noticiasmercedinas.com\/site\/2023\/02\/28\/carlos-selva-celebro-la-posibilidad-de-volver-a-sesionar-en-diputados\/#primaryimage"},"image":{"@id":"https:\/\/noticiasmercedinas.com\/site\/2023\/02\/28\/carlos-selva-celebro-la-posibilidad-de-volver-a-sesionar-en-diputados\/#primaryimage"},"thumbnailUrl":"https:\/\/noticiasmercedinas.com\/site\/wp-content\/uploads\/2023\/02\/Selvaa.jpg","datePublished":"2023-02-28T23:09:34+00:00","breadcrumb":{"@id":"https:\/\/noticiasmercedinas.com\/site\/2023\/02\/28\/carlos-selva-celebro-la-posibilidad-de-volver-a-sesionar-en-diputados\/#breadcrumb"},"inLanguage":"es","potentialAction":[{"@type":"ReadAction","target":["https:\/\/noticiasmercedinas.com\/site\/2023\/02\/28\/carlos-selva-celebro-la-posibilidad-de-volver-a-sesionar-en-diputados\/"]}]},{"@type":"ImageObject","inLanguage":"es","@id":"https:\/\/noticiasmercedinas.com\/site\/2023\/02\/28\/carlos-selva-celebro-la-posibilidad-de-volver-a-sesionar-en-diputados\/#primaryimage","url":"https:\/\/noticiasmercedinas.com\/site\/wp-content\/uploads\/2023\/02\/Selvaa.jpg","contentUrl":"https:\/\/noticiasmercedinas.com\/site\/wp-content\/uploads\/2023\/02\/Selvaa.jpg","width":640,"height":479},{"@type":"BreadcrumbList","@id":"https:\/\/noticiasmercedinas.com\/site\/2023\/02\/28\/carlos-selva-celebro-la-posibilidad-de-volver-a-sesionar-en-diputados\/#breadcrumb","itemListElement":[{"@type":"ListItem","position":1,"name":"Portada","item":"https:\/\/noticiasmercedinas.com\/site\/"},{"@type":"ListItem","position":2,"name":"Carlos Selva celebr\u00f3 la posibilidad de volver a sesionar en Diputados"}]},{"@type":"WebSite","@id":"https:\/\/noticiasmercedinas.com\/site\/#website","url":"https:\/\/noticiasmercedinas.com\/site\/","name":"NOTICIASMERCEDINAS.COM","description":"Mercedes, Buenos Aires, Argentina","publisher":{"@id":"https:\/\/noticiasmercedinas.com\/site\/#organization"},"potentialAction":[{"@type":"SearchAction","target":{"@type":"EntryPoint","urlTemplate":"https:\/\/noticiasmercedinas.com\/site\/?s={search_term_string}"},"query-input":{"@type":"PropertyValueSpecification","valueRequired":true,"valueName":"search_term_string"}}],"inLanguage":"es"},{"@type":"Organization","@id":"https:\/\/noticiasmercedinas.com\/site\/#organization","name":"NOTICIASMERCEDINAS.COM","url":"https:\/\/noticiasmercedinas.com\/site\/","logo":{"@type":"ImageObject","inLanguage":"es","@id":"https:\/\/noticiasmercedinas.com\/site\/#\/schema\/logo\/image\/","url":"https:\/\/noticiasmercedinas.com\/site\/wp-content\/uploads\/2020\/06\/LOGO-512.jpg","contentUrl":"https:\/\/noticiasmercedinas.com\/site\/wp-content\/uploads\/2020\/06\/LOGO-512.jpg","width":512,"height":512,"caption":"NOTICIASMERCEDINAS.COM"},"image":{"@id":"https:\/\/noticiasmercedinas.com\/site\/#\/schema\/logo\/image\/"},"sameAs":["https:\/\/www.facebook.com\/noticiasmercedinas\/","https:\/\/x.com\/notmercedinas","https:\/\/www.instagram.com\/noticiasmercedinas\/"]},{"@type":"Person","@id":"https:\/\/noticiasmercedinas.com\/site\/#\/schema\/person\/84b59c099c28ff2e8b77d4ceec5d8063","name":"NOTICIASMERCEDINAS.COM","image":{"@type":"ImageObject","inLanguage":"es","@id":"https:\/\/secure.gravatar.com\/avatar\/4dfbf16b4d17945bfb6341b2d19043457132fcf478a5ee04f42e959fd8f5df0a?s=96&d=mm&r=g","url":"https:\/\/secure.gravatar.com\/avatar\/4dfbf16b4d17945bfb6341b2d19043457132fcf478a5ee04f42e959fd8f5df0a?s=96&d=mm&r=g","contentUrl":"https:\/\/secure.gravatar.com\/avatar\/4dfbf16b4d17945bfb6341b2d19043457132fcf478a5ee04f42e959fd8f5df0a?s=96&d=mm&r=g","caption":"NOTICIASMERCEDINAS.COM"},"url":"https:\/\/noticiasmercedinas.com\/site\/author\/anonimo\/"}]}},"amp_enabled":true,"_links":{"self":[{"href":"https:\/\/noticiasmercedinas.com\/site\/wp-json\/wp\/v2\/posts\/109955","targetHints":{"allow":["GET"]}}],"collection":[{"href":"https:\/\/noticiasmercedinas.com\/site\/wp-json\/wp\/v2\/posts"}],"about":[{"href":"https:\/\/noticiasmercedinas.com\/site\/wp-json\/wp\/v2\/types\/post"}],"author":[{"embeddable":true,"href":"https:\/\/noticiasmercedinas.com\/site\/wp-json\/wp\/v2\/users\/16"}],"replies":[{"embeddable":true,"href":"https:\/\/noticiasmercedinas.com\/site\/wp-json\/wp\/v2\/comments?post=109955"}],"version-history":[{"count":1,"href":"https:\/\/noticiasmercedinas.com\/site\/wp-json\/wp\/v2\/posts\/109955\/revisions"}],"predecessor-version":[{"id":109960,"href":"https:\/\/noticiasmercedinas.com\/site\/wp-json\/wp\/v2\/posts\/109955\/revisions\/109960"}],"wp:featuredmedia":[{"embeddable":true,"href":"https:\/\/noticiasmercedinas.com\/site\/wp-json\/wp\/v2\/media\/109958"}],"wp:attachment":[{"href":"https:\/\/noticiasmercedinas.com\/site\/wp-json\/wp\/v2\/media?parent=109955"}],"wp:term":[{"taxonomy":"category","embeddable":true,"href":"https:\/\/noticiasmercedinas.com\/site\/wp-json\/wp\/v2\/categories?post=109955"},{"taxonomy":"post_tag","embeddable":true,"href":"https:\/\/noticiasmercedinas.com\/site\/wp-json\/wp\/v2\/tags?post=109955"}],"curies":[{"name":"wp","href":"https:\/\/api.w.org\/{rel}","templated":true}]}}