{"id":110032,"date":"2023-03-02T08:47:18","date_gmt":"2023-03-02T11:47:18","guid":{"rendered":"https:\/\/noticiasmercedinas.com\/site\/?p=110032"},"modified":"2023-03-02T08:47:18","modified_gmt":"2023-03-02T11:47:18","slug":"se-anuncio-que-intentaran-lograr-cobertura-de-agua-y-cloacas-para-todo-mercedes","status":"publish","type":"post","link":"https:\/\/noticiasmercedinas.com\/site\/2023\/03\/02\/se-anuncio-que-intentaran-lograr-cobertura-de-agua-y-cloacas-para-todo-mercedes\/","title":{"rendered":"Se anunci\u00f3 que intentar\u00e1n lograr cobertura de agua y cloacas para todo Mercedes"},"content":{"rendered":"<p><img loading=\"lazy\" decoding=\"async\" class=\"alignnone size-large wp-image-110033\" src=\"https:\/\/noticiasmercedinas.com\/site\/wp-content\/uploads\/2023\/03\/UTN-BID-ENOSHA-Mercedes.2-1024x683.jpg\" alt=\"\" width=\"640\" height=\"427\" srcset=\"https:\/\/noticiasmercedinas.com\/site\/wp-content\/uploads\/2023\/03\/UTN-BID-ENOSHA-Mercedes.2-1024x683.jpg 1024w, https:\/\/noticiasmercedinas.com\/site\/wp-content\/uploads\/2023\/03\/UTN-BID-ENOSHA-Mercedes.2-300x200.jpg 300w, https:\/\/noticiasmercedinas.com\/site\/wp-content\/uploads\/2023\/03\/UTN-BID-ENOSHA-Mercedes.2-768x512.jpg 768w, https:\/\/noticiasmercedinas.com\/site\/wp-content\/uploads\/2023\/03\/UTN-BID-ENOSHA-Mercedes.2-640x427.jpg 640w, https:\/\/noticiasmercedinas.com\/site\/wp-content\/uploads\/2023\/03\/UTN-BID-ENOSHA-Mercedes.2-1280x854.jpg 1280w, https:\/\/noticiasmercedinas.com\/site\/wp-content\/uploads\/2023\/03\/UTN-BID-ENOSHA-Mercedes.2-681x454.jpg 681w, https:\/\/noticiasmercedinas.com\/site\/wp-content\/uploads\/2023\/03\/UTN-BID-ENOSHA-Mercedes.2.jpg 1318w\" sizes=\"auto, (max-width: 640px) 100vw, 640px\" \/><\/p>\n<p>Desde la comuna se inform\u00f3 que se inicia un proceso de planificaci\u00f3n para el 100% de cobertura de agua y cloacas en la ciudad. Tras la firma de convenio marco entre el Municipio, ENHOSA y el Banco Iberoamericano de Desarrollo ahora se rubric\u00f3 el comienzo del Plan Director de Agua y Cloacas que estar\u00e1 a cargo de la Universidad Tecnol\u00f3gica Nacional.<\/p>\n<p>Se inform\u00f3 que esta etapa tiene una inversi\u00f3n de 1 mill\u00f3n de d\u00f3lares y es la primera vez que sucede en nuestro pa\u00eds desde esta modalidad de trabajo en conjunto.<\/p>\n<p>Se da tras haber cumplido todos los requisitos de transparencia, profesionales y desarrollo. El financiamiento ser\u00e1 internacional por medio de Naci\u00f3n.<\/p>\n<p>El intendente <strong>Juan Ignacio Ustarroz<\/strong> expres\u00f3 al respecto en el marco de la presentaci\u00f3n de los trabajos: \u201cTener en nuestra ciudad a las m\u00e1ximas autoridades de la UTN es un enorme orgullo, en un hecho hist\u00f3rico, que la ciudad de Mercedes haya llevado adelante y materializado un convenio que ya est\u00e1 vigente, para poder mejorar toda la problem\u00e1tica del agua en nuestra ciudad\u201d .<\/p>\n<p>\u201cEs hist\u00f3rico lo que hoy estamos haciendo, porque a trav\u00e9s de la Universidad Tecnol\u00f3gica Nacional nosotros vamos a desarrollar el diagn\u00f3stico y todos los proyectos ejecutivos sobre lo que hay que hacer en la ciudad de Mercedes para que llegue al cien por ciento de cobertura de red de agua y cloacas, algo impresionante\u201d, dijo luego.<\/p>\n<blockquote><p>\u201cEsta ciudad tiene presente y tiene futuro, sabe articular, trabajar, gestionar y que pone por sobre todas las cosas y como s\u00edntesis, esta idea de primero Mercedes, de poder convocar a todos los sectores para trabajar en el desarrollo de la ciudad\u201d destac\u00f3 el intendente Ustarroz.<\/p><\/blockquote>\n<p>\u201cEsto se ir\u00e1 dando en etapas, pero lo importante es que la ciudad ya ingresa en este plan de obra\u201d, remarc\u00f3 el intendente. \u201cEstamos felices y orgullosos, donde siempre digo que el trabajo real se da en etapas, no se da de la noche a la ma\u00f1ana, esto es producto de una planificaci\u00f3n, participaci\u00f3n y una escucha a las necesidades de nuestro pueblo\u201d.<\/p>\n<p>\u201cEsta ciudad tiene presente y tiene futuro, sabe articular, trabajar, gestionar y que pone por sobre todas las cosas y como s\u00edntesis, esta idea de primero Mercedes, de poder convocar a todos los sectores para trabajar en el desarrollo de la ciudad\u201d destac\u00f3 el intendente Ustarroz.<\/p>\n<p>El ingeniero <strong>Rub\u00e9n Soro<\/strong>, rector de la Universidad Tecnol\u00f3gica Nacional, manifest\u00f3 que \u201cdesde el conocimiento se puede aportar mucho a la obra p\u00fablica, y esto es muy importante para nosotros como Universidad, porque este es el primer Municipio de la Provincia de Buenos Aires que trabajar\u00e1 de manera conjunta con ENHOSA y nuestra Universidad tecnol\u00f3gica\u201d.<\/p>\n<p>Por su parte, el ingeniero civil <strong>Sergio Nirich<\/strong>, responsable del proyecto de agua y cloacas, expres\u00f3: \u201cComo representante de una Universidad p\u00fablica, nos llena de satisfacci\u00f3n cuando un municipio nos convoca a trabajar en conjunto, porque uno de los objetivos principales que tenemos es poder brindar un servicio t\u00e9cnico desde nuestro conocimiento a la gente. Vamos a trabajar en conjunto para armar un proyecto, un plan director de agua y cloaca con redes para la Mercedes de los pr\u00f3ximos 15 o 20 a\u00f1os\u201d.<\/p>\n<p><strong>Emanuel P\u00e9rez Carrera<\/strong>, secretario de Obras P\u00fablicas indic\u00f3 que \u201ces una emoci\u00f3n y una alegr\u00eda dar comienzo al plan director de agua y cloacas para el desarrollo en la ciudad de ac\u00e1 a 20 a\u00f1os, fortaleciendo las redes que tenemos y la elaboraci\u00f3n de diferentes proyectos para mejorar la red\u201d<\/p>\n<p>El Ingeniero <strong>Juan Sosa<\/strong> dijo que se sent\u00eda \u201cmuy contento de poder estar una vez m\u00e1s en la ciudad acompa\u00f1ando al intendente Ustarroz, y de poder comenzar a transitar este camino para la ciudad de Mercedes, una ciudad a la cual planificamos y pensamos para los pr\u00f3ximos a\u00f1os\u201d y apunt\u00f3 que \u201ces un m\u00e9rito muy importante de esta gesti\u00f3n haber conseguido este financiamiento por parte del BID. Yo hace 20 a\u00f1os que trabajo con organismos internacionales y los mismos siempre le dan pr\u00e9stamos a la Naci\u00f3n o a la Provincia, y nosotros a trav\u00e9s del ENOHSA hemos conseguido este financiamiento por un mill\u00f3n de d\u00f3lares, un logro super importante\u201d.<\/p>\n","protected":false},"excerpt":{"rendered":"<p>\u25a0 Ser\u00e1 con financiamiento internacional y apoyo de Naci\u00f3n. Esta etapa tiene una inversi\u00f3n de 1 mill\u00f3n de d\u00f3lares. Y estar\u00e1 a cargo de la Universidad Tecnol\u00f3gica Nacional<\/p>\n","protected":false},"author":16,"featured_media":110033,"comment_status":"open","ping_status":"open","sticky":false,"template":"","format":"standard","meta":{"footnotes":""},"categories":[3],"tags":[3088,16307,585,9129,11547,266,16309,3284,16305,16308,16306,13249],"class_list":["post-110032","post","type-post","status-publish","format-standard","has-post-thumbnail","hentry","category-sociedad","tag-agua","tag-banco-iberoamericano-de-desarrollo","tag-cloacas","tag-emanuel-perez-carrera","tag-enhosa","tag-juan-ignacio-ustarroz","tag-juan-sosa","tag-obras-publicas","tag-ruben-soro","tag-sergio-nirich","tag-universidad-tecnologica-nacional","tag-utn"],"yoast_head":"<!-- This site is optimized with the Yoast SEO plugin v27.5 - https:\/\/yoast.com\/product\/yoast-seo-wordpress\/ -->\n<title>Se anunci\u00f3 que intentar\u00e1n lograr cobertura de agua y cloacas para todo Mercedes<\/title>\n<meta name=\"robots\" content=\"index, follow, max-snippet:-1, max-image-preview:large, max-video-preview:-1\" \/>\n<link rel=\"canonical\" href=\"https:\/\/noticiasmercedinas.com\/site\/2023\/03\/02\/se-anuncio-que-intentaran-lograr-cobertura-de-agua-y-cloacas-para-todo-mercedes\/\" \/>\n<meta property=\"og:locale\" content=\"es_ES\" \/>\n<meta property=\"og:type\" content=\"article\" \/>\n<meta property=\"og:title\" content=\"Se anunci\u00f3 que intentar\u00e1n lograr cobertura de agua y cloacas para todo Mercedes\" \/>\n<meta property=\"og:description\" content=\"\u25a0 Ser\u00e1 con financiamiento internacional y apoyo de Naci\u00f3n. Esta etapa tiene una inversi\u00f3n de 1 mill\u00f3n de d\u00f3lares. Y estar\u00e1 a cargo de la Universidad Tecnol\u00f3gica Nacional\" \/>\n<meta property=\"og:url\" content=\"https:\/\/noticiasmercedinas.com\/site\/2023\/03\/02\/se-anuncio-que-intentaran-lograr-cobertura-de-agua-y-cloacas-para-todo-mercedes\/\" \/>\n<meta property=\"og:site_name\" content=\"NOTICIASMERCEDINAS.COM\" \/>\n<meta property=\"article:publisher\" content=\"https:\/\/www.facebook.com\/noticiasmercedinas\/\" \/>\n<meta property=\"article:published_time\" content=\"2023-03-02T11:47:18+00:00\" \/>\n<meta property=\"og:image\" content=\"https:\/\/noticiasmercedinas.com\/site\/wp-content\/uploads\/2023\/03\/UTN-BID-ENOSHA-Mercedes.2.jpg\" \/>\n\t<meta property=\"og:image:width\" content=\"1318\" \/>\n\t<meta property=\"og:image:height\" content=\"879\" \/>\n\t<meta property=\"og:image:type\" content=\"image\/jpeg\" \/>\n<meta name=\"author\" content=\"NOTICIASMERCEDINAS.COM\" \/>\n<meta name=\"twitter:card\" content=\"summary_large_image\" \/>\n<meta name=\"twitter:creator\" content=\"@notmercedinas\" \/>\n<meta name=\"twitter:site\" content=\"@notmercedinas\" \/>\n<meta name=\"twitter:label1\" content=\"Escrito por\" \/>\n\t<meta name=\"twitter:data1\" content=\"NOTICIASMERCEDINAS.COM\" \/>\n\t<meta name=\"twitter:label2\" content=\"Tiempo de lectura\" \/>\n\t<meta name=\"twitter:data2\" content=\"4 minutos\" \/>\n<script type=\"application\/ld+json\" class=\"yoast-schema-graph\">{\"@context\":\"https:\\\/\\\/schema.org\",\"@graph\":[{\"@type\":\"Article\",\"@id\":\"https:\\\/\\\/noticiasmercedinas.com\\\/site\\\/2023\\\/03\\\/02\\\/se-anuncio-que-intentaran-lograr-cobertura-de-agua-y-cloacas-para-todo-mercedes\\\/#article\",\"isPartOf\":{\"@id\":\"https:\\\/\\\/noticiasmercedinas.com\\\/site\\\/2023\\\/03\\\/02\\\/se-anuncio-que-intentaran-lograr-cobertura-de-agua-y-cloacas-para-todo-mercedes\\\/\"},\"author\":{\"name\":\"NOTICIASMERCEDINAS.COM\",\"@id\":\"https:\\\/\\\/noticiasmercedinas.com\\\/site\\\/#\\\/schema\\\/person\\\/84b59c099c28ff2e8b77d4ceec5d8063\"},\"headline\":\"Se anunci\u00f3 que intentar\u00e1n lograr cobertura de agua y cloacas para todo Mercedes\",\"datePublished\":\"2023-03-02T11:47:18+00:00\",\"mainEntityOfPage\":{\"@id\":\"https:\\\/\\\/noticiasmercedinas.com\\\/site\\\/2023\\\/03\\\/02\\\/se-anuncio-que-intentaran-lograr-cobertura-de-agua-y-cloacas-para-todo-mercedes\\\/\"},\"wordCount\":739,\"commentCount\":0,\"publisher\":{\"@id\":\"https:\\\/\\\/noticiasmercedinas.com\\\/site\\\/#organization\"},\"image\":{\"@id\":\"https:\\\/\\\/noticiasmercedinas.com\\\/site\\\/2023\\\/03\\\/02\\\/se-anuncio-que-intentaran-lograr-cobertura-de-agua-y-cloacas-para-todo-mercedes\\\/#primaryimage\"},\"thumbnailUrl\":\"https:\\\/\\\/noticiasmercedinas.com\\\/site\\\/wp-content\\\/uploads\\\/2023\\\/03\\\/UTN-BID-ENOSHA-Mercedes.2.jpg\",\"keywords\":[\"agua\",\"Banco Iberoamericano de Desarrollo\",\"cloacas\",\"Emanuel P\u00e9rez Carrera\",\"enhosa\",\"juan ignacio ustarroz\",\"Juan Sosa\",\"obras publicas\",\"Rub\u00e9n Soro\",\"Sergio Nirich\",\"universidad tecnologica nacional\",\"UTN\"],\"articleSection\":[\"Sociedad\"],\"inLanguage\":\"es\",\"potentialAction\":[{\"@type\":\"CommentAction\",\"name\":\"Comment\",\"target\":[\"https:\\\/\\\/noticiasmercedinas.com\\\/site\\\/2023\\\/03\\\/02\\\/se-anuncio-que-intentaran-lograr-cobertura-de-agua-y-cloacas-para-todo-mercedes\\\/#respond\"]}]},{\"@type\":\"WebPage\",\"@id\":\"https:\\\/\\\/noticiasmercedinas.com\\\/site\\\/2023\\\/03\\\/02\\\/se-anuncio-que-intentaran-lograr-cobertura-de-agua-y-cloacas-para-todo-mercedes\\\/\",\"url\":\"https:\\\/\\\/noticiasmercedinas.com\\\/site\\\/2023\\\/03\\\/02\\\/se-anuncio-que-intentaran-lograr-cobertura-de-agua-y-cloacas-para-todo-mercedes\\\/\",\"name\":\"Se anunci\u00f3 que intentar\u00e1n lograr cobertura de agua y cloacas para todo Mercedes\",\"isPartOf\":{\"@id\":\"https:\\\/\\\/noticiasmercedinas.com\\\/site\\\/#website\"},\"primaryImageOfPage\":{\"@id\":\"https:\\\/\\\/noticiasmercedinas.com\\\/site\\\/2023\\\/03\\\/02\\\/se-anuncio-que-intentaran-lograr-cobertura-de-agua-y-cloacas-para-todo-mercedes\\\/#primaryimage\"},\"image\":{\"@id\":\"https:\\\/\\\/noticiasmercedinas.com\\\/site\\\/2023\\\/03\\\/02\\\/se-anuncio-que-intentaran-lograr-cobertura-de-agua-y-cloacas-para-todo-mercedes\\\/#primaryimage\"},\"thumbnailUrl\":\"https:\\\/\\\/noticiasmercedinas.com\\\/site\\\/wp-content\\\/uploads\\\/2023\\\/03\\\/UTN-BID-ENOSHA-Mercedes.2.jpg\",\"datePublished\":\"2023-03-02T11:47:18+00:00\",\"breadcrumb\":{\"@id\":\"https:\\\/\\\/noticiasmercedinas.com\\\/site\\\/2023\\\/03\\\/02\\\/se-anuncio-que-intentaran-lograr-cobertura-de-agua-y-cloacas-para-todo-mercedes\\\/#breadcrumb\"},\"inLanguage\":\"es\",\"potentialAction\":[{\"@type\":\"ReadAction\",\"target\":[\"https:\\\/\\\/noticiasmercedinas.com\\\/site\\\/2023\\\/03\\\/02\\\/se-anuncio-que-intentaran-lograr-cobertura-de-agua-y-cloacas-para-todo-mercedes\\\/\"]}]},{\"@type\":\"ImageObject\",\"inLanguage\":\"es\",\"@id\":\"https:\\\/\\\/noticiasmercedinas.com\\\/site\\\/2023\\\/03\\\/02\\\/se-anuncio-que-intentaran-lograr-cobertura-de-agua-y-cloacas-para-todo-mercedes\\\/#primaryimage\",\"url\":\"https:\\\/\\\/noticiasmercedinas.com\\\/site\\\/wp-content\\\/uploads\\\/2023\\\/03\\\/UTN-BID-ENOSHA-Mercedes.2.jpg\",\"contentUrl\":\"https:\\\/\\\/noticiasmercedinas.com\\\/site\\\/wp-content\\\/uploads\\\/2023\\\/03\\\/UTN-BID-ENOSHA-Mercedes.2.jpg\",\"width\":1318,\"height\":879},{\"@type\":\"BreadcrumbList\",\"@id\":\"https:\\\/\\\/noticiasmercedinas.com\\\/site\\\/2023\\\/03\\\/02\\\/se-anuncio-que-intentaran-lograr-cobertura-de-agua-y-cloacas-para-todo-mercedes\\\/#breadcrumb\",\"itemListElement\":[{\"@type\":\"ListItem\",\"position\":1,\"name\":\"Portada\",\"item\":\"https:\\\/\\\/noticiasmercedinas.com\\\/site\\\/\"},{\"@type\":\"ListItem\",\"position\":2,\"name\":\"Se anunci\u00f3 que intentar\u00e1n lograr cobertura de agua y cloacas para todo Mercedes\"}]},{\"@type\":\"WebSite\",\"@id\":\"https:\\\/\\\/noticiasmercedinas.com\\\/site\\\/#website\",\"url\":\"https:\\\/\\\/noticiasmercedinas.com\\\/site\\\/\",\"name\":\"NOTICIASMERCEDINAS.COM\",\"description\":\"Mercedes, Buenos Aires, Argentina\",\"publisher\":{\"@id\":\"https:\\\/\\\/noticiasmercedinas.com\\\/site\\\/#organization\"},\"potentialAction\":[{\"@type\":\"SearchAction\",\"target\":{\"@type\":\"EntryPoint\",\"urlTemplate\":\"https:\\\/\\\/noticiasmercedinas.com\\\/site\\\/?s={search_term_string}\"},\"query-input\":{\"@type\":\"PropertyValueSpecification\",\"valueRequired\":true,\"valueName\":\"search_term_string\"}}],\"inLanguage\":\"es\"},{\"@type\":\"Organization\",\"@id\":\"https:\\\/\\\/noticiasmercedinas.com\\\/site\\\/#organization\",\"name\":\"NOTICIASMERCEDINAS.COM\",\"url\":\"https:\\\/\\\/noticiasmercedinas.com\\\/site\\\/\",\"logo\":{\"@type\":\"ImageObject\",\"inLanguage\":\"es\",\"@id\":\"https:\\\/\\\/noticiasmercedinas.com\\\/site\\\/#\\\/schema\\\/logo\\\/image\\\/\",\"url\":\"https:\\\/\\\/noticiasmercedinas.com\\\/site\\\/wp-content\\\/uploads\\\/2020\\\/06\\\/LOGO-512.jpg\",\"contentUrl\":\"https:\\\/\\\/noticiasmercedinas.com\\\/site\\\/wp-content\\\/uploads\\\/2020\\\/06\\\/LOGO-512.jpg\",\"width\":512,\"height\":512,\"caption\":\"NOTICIASMERCEDINAS.COM\"},\"image\":{\"@id\":\"https:\\\/\\\/noticiasmercedinas.com\\\/site\\\/#\\\/schema\\\/logo\\\/image\\\/\"},\"sameAs\":[\"https:\\\/\\\/www.facebook.com\\\/noticiasmercedinas\\\/\",\"https:\\\/\\\/x.com\\\/notmercedinas\",\"https:\\\/\\\/www.instagram.com\\\/noticiasmercedinas\\\/\"]},{\"@type\":\"Person\",\"@id\":\"https:\\\/\\\/noticiasmercedinas.com\\\/site\\\/#\\\/schema\\\/person\\\/84b59c099c28ff2e8b77d4ceec5d8063\",\"name\":\"NOTICIASMERCEDINAS.COM\",\"image\":{\"@type\":\"ImageObject\",\"inLanguage\":\"es\",\"@id\":\"https:\\\/\\\/secure.gravatar.com\\\/avatar\\\/4dfbf16b4d17945bfb6341b2d19043457132fcf478a5ee04f42e959fd8f5df0a?s=96&d=mm&r=g\",\"url\":\"https:\\\/\\\/secure.gravatar.com\\\/avatar\\\/4dfbf16b4d17945bfb6341b2d19043457132fcf478a5ee04f42e959fd8f5df0a?s=96&d=mm&r=g\",\"contentUrl\":\"https:\\\/\\\/secure.gravatar.com\\\/avatar\\\/4dfbf16b4d17945bfb6341b2d19043457132fcf478a5ee04f42e959fd8f5df0a?s=96&d=mm&r=g\",\"caption\":\"NOTICIASMERCEDINAS.COM\"},\"url\":\"https:\\\/\\\/noticiasmercedinas.com\\\/site\\\/author\\\/anonimo\\\/\"}]}<\/script>\n<!-- \/ Yoast SEO plugin. -->","yoast_head_json":{"title":"Se anunci\u00f3 que intentar\u00e1n lograr cobertura de agua y cloacas para todo Mercedes","robots":{"index":"index","follow":"follow","max-snippet":"max-snippet:-1","max-image-preview":"max-image-preview:large","max-video-preview":"max-video-preview:-1"},"canonical":"https:\/\/noticiasmercedinas.com\/site\/2023\/03\/02\/se-anuncio-que-intentaran-lograr-cobertura-de-agua-y-cloacas-para-todo-mercedes\/","og_locale":"es_ES","og_type":"article","og_title":"Se anunci\u00f3 que intentar\u00e1n lograr cobertura de agua y cloacas para todo Mercedes","og_description":"\u25a0 Ser\u00e1 con financiamiento internacional y apoyo de Naci\u00f3n. Esta etapa tiene una inversi\u00f3n de 1 mill\u00f3n de d\u00f3lares. Y estar\u00e1 a cargo de la Universidad Tecnol\u00f3gica Nacional","og_url":"https:\/\/noticiasmercedinas.com\/site\/2023\/03\/02\/se-anuncio-que-intentaran-lograr-cobertura-de-agua-y-cloacas-para-todo-mercedes\/","og_site_name":"NOTICIASMERCEDINAS.COM","article_publisher":"https:\/\/www.facebook.com\/noticiasmercedinas\/","article_published_time":"2023-03-02T11:47:18+00:00","og_image":[{"width":1318,"height":879,"url":"https:\/\/noticiasmercedinas.com\/site\/wp-content\/uploads\/2023\/03\/UTN-BID-ENOSHA-Mercedes.2.jpg","type":"image\/jpeg"}],"author":"NOTICIASMERCEDINAS.COM","twitter_card":"summary_large_image","twitter_creator":"@notmercedinas","twitter_site":"@notmercedinas","twitter_misc":{"Escrito por":"NOTICIASMERCEDINAS.COM","Tiempo de lectura":"4 minutos"},"schema":{"@context":"https:\/\/schema.org","@graph":[{"@type":"Article","@id":"https:\/\/noticiasmercedinas.com\/site\/2023\/03\/02\/se-anuncio-que-intentaran-lograr-cobertura-de-agua-y-cloacas-para-todo-mercedes\/#article","isPartOf":{"@id":"https:\/\/noticiasmercedinas.com\/site\/2023\/03\/02\/se-anuncio-que-intentaran-lograr-cobertura-de-agua-y-cloacas-para-todo-mercedes\/"},"author":{"name":"NOTICIASMERCEDINAS.COM","@id":"https:\/\/noticiasmercedinas.com\/site\/#\/schema\/person\/84b59c099c28ff2e8b77d4ceec5d8063"},"headline":"Se anunci\u00f3 que intentar\u00e1n lograr cobertura de agua y cloacas para todo Mercedes","datePublished":"2023-03-02T11:47:18+00:00","mainEntityOfPage":{"@id":"https:\/\/noticiasmercedinas.com\/site\/2023\/03\/02\/se-anuncio-que-intentaran-lograr-cobertura-de-agua-y-cloacas-para-todo-mercedes\/"},"wordCount":739,"commentCount":0,"publisher":{"@id":"https:\/\/noticiasmercedinas.com\/site\/#organization"},"image":{"@id":"https:\/\/noticiasmercedinas.com\/site\/2023\/03\/02\/se-anuncio-que-intentaran-lograr-cobertura-de-agua-y-cloacas-para-todo-mercedes\/#primaryimage"},"thumbnailUrl":"https:\/\/noticiasmercedinas.com\/site\/wp-content\/uploads\/2023\/03\/UTN-BID-ENOSHA-Mercedes.2.jpg","keywords":["agua","Banco Iberoamericano de Desarrollo","cloacas","Emanuel P\u00e9rez Carrera","enhosa","juan ignacio ustarroz","Juan Sosa","obras publicas","Rub\u00e9n Soro","Sergio Nirich","universidad tecnologica nacional","UTN"],"articleSection":["Sociedad"],"inLanguage":"es","potentialAction":[{"@type":"CommentAction","name":"Comment","target":["https:\/\/noticiasmercedinas.com\/site\/2023\/03\/02\/se-anuncio-que-intentaran-lograr-cobertura-de-agua-y-cloacas-para-todo-mercedes\/#respond"]}]},{"@type":"WebPage","@id":"https:\/\/noticiasmercedinas.com\/site\/2023\/03\/02\/se-anuncio-que-intentaran-lograr-cobertura-de-agua-y-cloacas-para-todo-mercedes\/","url":"https:\/\/noticiasmercedinas.com\/site\/2023\/03\/02\/se-anuncio-que-intentaran-lograr-cobertura-de-agua-y-cloacas-para-todo-mercedes\/","name":"Se anunci\u00f3 que intentar\u00e1n lograr cobertura de agua y cloacas para todo Mercedes","isPartOf":{"@id":"https:\/\/noticiasmercedinas.com\/site\/#website"},"primaryImageOfPage":{"@id":"https:\/\/noticiasmercedinas.com\/site\/2023\/03\/02\/se-anuncio-que-intentaran-lograr-cobertura-de-agua-y-cloacas-para-todo-mercedes\/#primaryimage"},"image":{"@id":"https:\/\/noticiasmercedinas.com\/site\/2023\/03\/02\/se-anuncio-que-intentaran-lograr-cobertura-de-agua-y-cloacas-para-todo-mercedes\/#primaryimage"},"thumbnailUrl":"https:\/\/noticiasmercedinas.com\/site\/wp-content\/uploads\/2023\/03\/UTN-BID-ENOSHA-Mercedes.2.jpg","datePublished":"2023-03-02T11:47:18+00:00","breadcrumb":{"@id":"https:\/\/noticiasmercedinas.com\/site\/2023\/03\/02\/se-anuncio-que-intentaran-lograr-cobertura-de-agua-y-cloacas-para-todo-mercedes\/#breadcrumb"},"inLanguage":"es","potentialAction":[{"@type":"ReadAction","target":["https:\/\/noticiasmercedinas.com\/site\/2023\/03\/02\/se-anuncio-que-intentaran-lograr-cobertura-de-agua-y-cloacas-para-todo-mercedes\/"]}]},{"@type":"ImageObject","inLanguage":"es","@id":"https:\/\/noticiasmercedinas.com\/site\/2023\/03\/02\/se-anuncio-que-intentaran-lograr-cobertura-de-agua-y-cloacas-para-todo-mercedes\/#primaryimage","url":"https:\/\/noticiasmercedinas.com\/site\/wp-content\/uploads\/2023\/03\/UTN-BID-ENOSHA-Mercedes.2.jpg","contentUrl":"https:\/\/noticiasmercedinas.com\/site\/wp-content\/uploads\/2023\/03\/UTN-BID-ENOSHA-Mercedes.2.jpg","width":1318,"height":879},{"@type":"BreadcrumbList","@id":"https:\/\/noticiasmercedinas.com\/site\/2023\/03\/02\/se-anuncio-que-intentaran-lograr-cobertura-de-agua-y-cloacas-para-todo-mercedes\/#breadcrumb","itemListElement":[{"@type":"ListItem","position":1,"name":"Portada","item":"https:\/\/noticiasmercedinas.com\/site\/"},{"@type":"ListItem","position":2,"name":"Se anunci\u00f3 que intentar\u00e1n lograr cobertura de agua y cloacas para todo Mercedes"}]},{"@type":"WebSite","@id":"https:\/\/noticiasmercedinas.com\/site\/#website","url":"https:\/\/noticiasmercedinas.com\/site\/","name":"NOTICIASMERCEDINAS.COM","description":"Mercedes, Buenos Aires, Argentina","publisher":{"@id":"https:\/\/noticiasmercedinas.com\/site\/#organization"},"potentialAction":[{"@type":"SearchAction","target":{"@type":"EntryPoint","urlTemplate":"https:\/\/noticiasmercedinas.com\/site\/?s={search_term_string}"},"query-input":{"@type":"PropertyValueSpecification","valueRequired":true,"valueName":"search_term_string"}}],"inLanguage":"es"},{"@type":"Organization","@id":"https:\/\/noticiasmercedinas.com\/site\/#organization","name":"NOTICIASMERCEDINAS.COM","url":"https:\/\/noticiasmercedinas.com\/site\/","logo":{"@type":"ImageObject","inLanguage":"es","@id":"https:\/\/noticiasmercedinas.com\/site\/#\/schema\/logo\/image\/","url":"https:\/\/noticiasmercedinas.com\/site\/wp-content\/uploads\/2020\/06\/LOGO-512.jpg","contentUrl":"https:\/\/noticiasmercedinas.com\/site\/wp-content\/uploads\/2020\/06\/LOGO-512.jpg","width":512,"height":512,"caption":"NOTICIASMERCEDINAS.COM"},"image":{"@id":"https:\/\/noticiasmercedinas.com\/site\/#\/schema\/logo\/image\/"},"sameAs":["https:\/\/www.facebook.com\/noticiasmercedinas\/","https:\/\/x.com\/notmercedinas","https:\/\/www.instagram.com\/noticiasmercedinas\/"]},{"@type":"Person","@id":"https:\/\/noticiasmercedinas.com\/site\/#\/schema\/person\/84b59c099c28ff2e8b77d4ceec5d8063","name":"NOTICIASMERCEDINAS.COM","image":{"@type":"ImageObject","inLanguage":"es","@id":"https:\/\/secure.gravatar.com\/avatar\/4dfbf16b4d17945bfb6341b2d19043457132fcf478a5ee04f42e959fd8f5df0a?s=96&d=mm&r=g","url":"https:\/\/secure.gravatar.com\/avatar\/4dfbf16b4d17945bfb6341b2d19043457132fcf478a5ee04f42e959fd8f5df0a?s=96&d=mm&r=g","contentUrl":"https:\/\/secure.gravatar.com\/avatar\/4dfbf16b4d17945bfb6341b2d19043457132fcf478a5ee04f42e959fd8f5df0a?s=96&d=mm&r=g","caption":"NOTICIASMERCEDINAS.COM"},"url":"https:\/\/noticiasmercedinas.com\/site\/author\/anonimo\/"}]}},"amp_enabled":true,"_links":{"self":[{"href":"https:\/\/noticiasmercedinas.com\/site\/wp-json\/wp\/v2\/posts\/110032","targetHints":{"allow":["GET"]}}],"collection":[{"href":"https:\/\/noticiasmercedinas.com\/site\/wp-json\/wp\/v2\/posts"}],"about":[{"href":"https:\/\/noticiasmercedinas.com\/site\/wp-json\/wp\/v2\/types\/post"}],"author":[{"embeddable":true,"href":"https:\/\/noticiasmercedinas.com\/site\/wp-json\/wp\/v2\/users\/16"}],"replies":[{"embeddable":true,"href":"https:\/\/noticiasmercedinas.com\/site\/wp-json\/wp\/v2\/comments?post=110032"}],"version-history":[{"count":1,"href":"https:\/\/noticiasmercedinas.com\/site\/wp-json\/wp\/v2\/posts\/110032\/revisions"}],"predecessor-version":[{"id":110035,"href":"https:\/\/noticiasmercedinas.com\/site\/wp-json\/wp\/v2\/posts\/110032\/revisions\/110035"}],"wp:featuredmedia":[{"embeddable":true,"href":"https:\/\/noticiasmercedinas.com\/site\/wp-json\/wp\/v2\/media\/110033"}],"wp:attachment":[{"href":"https:\/\/noticiasmercedinas.com\/site\/wp-json\/wp\/v2\/media?parent=110032"}],"wp:term":[{"taxonomy":"category","embeddable":true,"href":"https:\/\/noticiasmercedinas.com\/site\/wp-json\/wp\/v2\/categories?post=110032"},{"taxonomy":"post_tag","embeddable":true,"href":"https:\/\/noticiasmercedinas.com\/site\/wp-json\/wp\/v2\/tags?post=110032"}],"curies":[{"name":"wp","href":"https:\/\/api.w.org\/{rel}","templated":true}]}}