{"id":11009,"date":"2019-01-21T16:03:03","date_gmt":"2019-01-21T19:03:03","guid":{"rendered":"https:\/\/noticiasmercedinas.com\/site\/?p=11009"},"modified":"2019-01-21T16:24:30","modified_gmt":"2019-01-21T19:24:30","slug":"el-rock-volvio-al-escenario-pappo-napolitano","status":"publish","type":"post","link":"https:\/\/noticiasmercedinas.com\/site\/2019\/01\/21\/el-rock-volvio-al-escenario-pappo-napolitano\/","title":{"rendered":"El rock volvi\u00f3 al escenario \u201cPappo Napolitano\u201d"},"content":{"rendered":"<p><img loading=\"lazy\" decoding=\"async\" class=\"alignnone size-full wp-image-11010\" src=\"https:\/\/noticiasmercedinas.com\/site\/wp-content\/uploads\/2019\/01\/WhatsApp-Image-2019-01-20-at-11.56.jpg\" alt=\"\" width=\"640\" height=\"399\" srcset=\"https:\/\/noticiasmercedinas.com\/site\/wp-content\/uploads\/2019\/01\/WhatsApp-Image-2019-01-20-at-11.56.jpg 640w, https:\/\/noticiasmercedinas.com\/site\/wp-content\/uploads\/2019\/01\/WhatsApp-Image-2019-01-20-at-11.56-300x187.jpg 300w\" sizes=\"auto, (max-width: 640px) 100vw, 640px\" \/><\/p>\n<p>El rock se hizo escuchar nuevamente en el parque municipal Independencia. A trav\u00e9s de la Comisi\u00f3n del Rock de Mercedes y con apoyo del Municipio se realiz\u00f3 el ciclo \u201cRock al Pasto\u201d, que busca darle continuidad a los encuentros desarrollados durante el a\u00f1o en los galpones del Centro Cultural La Trocha.<\/p>\n<p>En un clima distendido una gran cantidad de p\u00fablico se hizo presente en el emblem\u00e1tico escenario \u201cPappo Napolitano\u201d. Es importante destacar que el predio se encontraba en \u00f3ptimas condiciones, gracias al gran trabajo realizado por los trabajadores municipales durante la semana. Por all\u00ed desplegaron toda su distorsi\u00f3n e impronta seis bandas que ya vienen gastando suela sobre los escenarios del rock de nuestra ciudad: Espias sovietas, Los Plasher, Delator, Fuster, Isat Vastar y Tri Nautas.<\/p>\n<p>Quienes concurrieron pudieron disfrutar, adem\u00e1s de buena m\u00fasica, del servicio de cantina que estuvo a cargo de la Comisi\u00f3n del Rock Mercedino \u2013apoyada por el municipio de Mercedes\u2013 y cuya recaudaci\u00f3n sirvi\u00f3 para solventar a las bandas que participaron de este evento, y a su vez, seguir impulsando y apoyando a los m\u00fasicos de la ciudad.<\/p>\n<p>Por otro lado, este festival de rock sirvi\u00f3 como puntapi\u00e9 inicial para lo que ser\u00e1 un nuevo a\u00f1o de \u201cRock en el Galp\u00f3n\u201d. Ya que se pudieron inscribir las bandas para ser parte de este a\u00f1o 2019 en este ya reconocido evento en el Complejo Cultural La Trocha.<\/p>\n<p>&nbsp;<\/p>\n","protected":false},"excerpt":{"rendered":"<p>El rock se hizo escuchar nuevamente en el parque municipal Independencia. A trav\u00e9s de la Comisi\u00f3n del Rock de Mercedes y con apoyo del Municipio se realiz\u00f3 el ciclo \u201cRock al Pasto\u201d, que busca darle continuidad a los encuentros desarrollados durante el a\u00f1o en los galpones del Centro Cultural La Trocha. En un clima distendido [&hellip;]<\/p>\n","protected":false},"author":16,"featured_media":11010,"comment_status":"open","ping_status":"open","sticky":false,"template":"","format":"standard","meta":{"footnotes":""},"categories":[4],"tags":[1524,908,3190,3194,3192,3191,88,738,207,3311,3342],"class_list":["post-11009","post","type-post","status-publish","format-standard","has-post-thumbnail","hentry","category-cultura","tag-bandas","tag-delator","tag-espias-sovietas","tag-fuster","tag-isat-vastar","tag-los-plasher","tag-musica","tag-parque-municipal","tag-rock","tag-rock-al-pasto","tag-tri-nautas"],"yoast_head":"<!-- This site is optimized with the Yoast SEO plugin v27.5 - https:\/\/yoast.com\/product\/yoast-seo-wordpress\/ -->\n<title>El rock volvi\u00f3 al escenario \u201cPappo Napolitano\u201d<\/title>\n<meta name=\"robots\" content=\"index, follow, max-snippet:-1, max-image-preview:large, max-video-preview:-1\" \/>\n<link rel=\"canonical\" href=\"https:\/\/noticiasmercedinas.com\/site\/2019\/01\/21\/el-rock-volvio-al-escenario-pappo-napolitano\/\" \/>\n<meta property=\"og:locale\" content=\"es_ES\" \/>\n<meta property=\"og:type\" content=\"article\" \/>\n<meta property=\"og:title\" content=\"El rock volvi\u00f3 al escenario \u201cPappo Napolitano\u201d\" \/>\n<meta property=\"og:description\" content=\"El rock se hizo escuchar nuevamente en el parque municipal Independencia. A trav\u00e9s de la Comisi\u00f3n del Rock de Mercedes y con apoyo del Municipio se realiz\u00f3 el ciclo \u201cRock al Pasto\u201d, que busca darle continuidad a los encuentros desarrollados durante el a\u00f1o en los galpones del Centro Cultural La Trocha. En un clima distendido [&hellip;]\" \/>\n<meta property=\"og:url\" content=\"https:\/\/noticiasmercedinas.com\/site\/2019\/01\/21\/el-rock-volvio-al-escenario-pappo-napolitano\/\" \/>\n<meta property=\"og:site_name\" content=\"NOTICIASMERCEDINAS.COM\" \/>\n<meta property=\"article:publisher\" content=\"https:\/\/www.facebook.com\/noticiasmercedinas\/\" \/>\n<meta property=\"article:published_time\" content=\"2019-01-21T19:03:03+00:00\" \/>\n<meta property=\"article:modified_time\" content=\"2019-01-21T19:24:30+00:00\" \/>\n<meta property=\"og:image\" content=\"https:\/\/noticiasmercedinas.com\/site\/wp-content\/uploads\/2019\/01\/WhatsApp-Image-2019-01-20-at-11.56.jpg\" \/>\n\t<meta property=\"og:image:width\" content=\"640\" \/>\n\t<meta property=\"og:image:height\" content=\"399\" \/>\n\t<meta property=\"og:image:type\" content=\"image\/jpeg\" \/>\n<meta name=\"author\" content=\"NOTICIASMERCEDINAS.COM\" \/>\n<meta name=\"twitter:card\" content=\"summary_large_image\" \/>\n<meta name=\"twitter:creator\" content=\"@notmercedinas\" \/>\n<meta name=\"twitter:site\" content=\"@notmercedinas\" \/>\n<meta name=\"twitter:label1\" content=\"Escrito por\" \/>\n\t<meta name=\"twitter:data1\" content=\"NOTICIASMERCEDINAS.COM\" \/>\n\t<meta name=\"twitter:label2\" content=\"Tiempo de lectura\" \/>\n\t<meta name=\"twitter:data2\" content=\"1 minuto\" \/>\n<script type=\"application\/ld+json\" class=\"yoast-schema-graph\">{\"@context\":\"https:\\\/\\\/schema.org\",\"@graph\":[{\"@type\":\"Article\",\"@id\":\"https:\\\/\\\/noticiasmercedinas.com\\\/site\\\/2019\\\/01\\\/21\\\/el-rock-volvio-al-escenario-pappo-napolitano\\\/#article\",\"isPartOf\":{\"@id\":\"https:\\\/\\\/noticiasmercedinas.com\\\/site\\\/2019\\\/01\\\/21\\\/el-rock-volvio-al-escenario-pappo-napolitano\\\/\"},\"author\":{\"name\":\"NOTICIASMERCEDINAS.COM\",\"@id\":\"https:\\\/\\\/noticiasmercedinas.com\\\/site\\\/#\\\/schema\\\/person\\\/84b59c099c28ff2e8b77d4ceec5d8063\"},\"headline\":\"El rock volvi\u00f3 al escenario \u201cPappo Napolitano\u201d\",\"datePublished\":\"2019-01-21T19:03:03+00:00\",\"dateModified\":\"2019-01-21T19:24:30+00:00\",\"mainEntityOfPage\":{\"@id\":\"https:\\\/\\\/noticiasmercedinas.com\\\/site\\\/2019\\\/01\\\/21\\\/el-rock-volvio-al-escenario-pappo-napolitano\\\/\"},\"wordCount\":251,\"commentCount\":0,\"publisher\":{\"@id\":\"https:\\\/\\\/noticiasmercedinas.com\\\/site\\\/#organization\"},\"image\":{\"@id\":\"https:\\\/\\\/noticiasmercedinas.com\\\/site\\\/2019\\\/01\\\/21\\\/el-rock-volvio-al-escenario-pappo-napolitano\\\/#primaryimage\"},\"thumbnailUrl\":\"https:\\\/\\\/noticiasmercedinas.com\\\/site\\\/wp-content\\\/uploads\\\/2019\\\/01\\\/WhatsApp-Image-2019-01-20-at-11.56.jpg\",\"keywords\":[\"bandas\",\"Delator\",\"Esp\u00edas Sovietas\",\"Fuster\",\"Isat Vastar\",\"Los Plasher\",\"musica\",\"parque municipal\",\"rock\",\"rock al pasto\",\"Tri Nautas\"],\"articleSection\":[\"Cultura\"],\"inLanguage\":\"es\",\"potentialAction\":[{\"@type\":\"CommentAction\",\"name\":\"Comment\",\"target\":[\"https:\\\/\\\/noticiasmercedinas.com\\\/site\\\/2019\\\/01\\\/21\\\/el-rock-volvio-al-escenario-pappo-napolitano\\\/#respond\"]}]},{\"@type\":\"WebPage\",\"@id\":\"https:\\\/\\\/noticiasmercedinas.com\\\/site\\\/2019\\\/01\\\/21\\\/el-rock-volvio-al-escenario-pappo-napolitano\\\/\",\"url\":\"https:\\\/\\\/noticiasmercedinas.com\\\/site\\\/2019\\\/01\\\/21\\\/el-rock-volvio-al-escenario-pappo-napolitano\\\/\",\"name\":\"El rock volvi\u00f3 al escenario \u201cPappo Napolitano\u201d\",\"isPartOf\":{\"@id\":\"https:\\\/\\\/noticiasmercedinas.com\\\/site\\\/#website\"},\"primaryImageOfPage\":{\"@id\":\"https:\\\/\\\/noticiasmercedinas.com\\\/site\\\/2019\\\/01\\\/21\\\/el-rock-volvio-al-escenario-pappo-napolitano\\\/#primaryimage\"},\"image\":{\"@id\":\"https:\\\/\\\/noticiasmercedinas.com\\\/site\\\/2019\\\/01\\\/21\\\/el-rock-volvio-al-escenario-pappo-napolitano\\\/#primaryimage\"},\"thumbnailUrl\":\"https:\\\/\\\/noticiasmercedinas.com\\\/site\\\/wp-content\\\/uploads\\\/2019\\\/01\\\/WhatsApp-Image-2019-01-20-at-11.56.jpg\",\"datePublished\":\"2019-01-21T19:03:03+00:00\",\"dateModified\":\"2019-01-21T19:24:30+00:00\",\"breadcrumb\":{\"@id\":\"https:\\\/\\\/noticiasmercedinas.com\\\/site\\\/2019\\\/01\\\/21\\\/el-rock-volvio-al-escenario-pappo-napolitano\\\/#breadcrumb\"},\"inLanguage\":\"es\",\"potentialAction\":[{\"@type\":\"ReadAction\",\"target\":[\"https:\\\/\\\/noticiasmercedinas.com\\\/site\\\/2019\\\/01\\\/21\\\/el-rock-volvio-al-escenario-pappo-napolitano\\\/\"]}]},{\"@type\":\"ImageObject\",\"inLanguage\":\"es\",\"@id\":\"https:\\\/\\\/noticiasmercedinas.com\\\/site\\\/2019\\\/01\\\/21\\\/el-rock-volvio-al-escenario-pappo-napolitano\\\/#primaryimage\",\"url\":\"https:\\\/\\\/noticiasmercedinas.com\\\/site\\\/wp-content\\\/uploads\\\/2019\\\/01\\\/WhatsApp-Image-2019-01-20-at-11.56.jpg\",\"contentUrl\":\"https:\\\/\\\/noticiasmercedinas.com\\\/site\\\/wp-content\\\/uploads\\\/2019\\\/01\\\/WhatsApp-Image-2019-01-20-at-11.56.jpg\",\"width\":640,\"height\":399},{\"@type\":\"BreadcrumbList\",\"@id\":\"https:\\\/\\\/noticiasmercedinas.com\\\/site\\\/2019\\\/01\\\/21\\\/el-rock-volvio-al-escenario-pappo-napolitano\\\/#breadcrumb\",\"itemListElement\":[{\"@type\":\"ListItem\",\"position\":1,\"name\":\"Portada\",\"item\":\"https:\\\/\\\/noticiasmercedinas.com\\\/site\\\/\"},{\"@type\":\"ListItem\",\"position\":2,\"name\":\"El rock volvi\u00f3 al escenario \u201cPappo Napolitano\u201d\"}]},{\"@type\":\"WebSite\",\"@id\":\"https:\\\/\\\/noticiasmercedinas.com\\\/site\\\/#website\",\"url\":\"https:\\\/\\\/noticiasmercedinas.com\\\/site\\\/\",\"name\":\"NOTICIASMERCEDINAS.COM\",\"description\":\"Mercedes, Buenos Aires, Argentina\",\"publisher\":{\"@id\":\"https:\\\/\\\/noticiasmercedinas.com\\\/site\\\/#organization\"},\"potentialAction\":[{\"@type\":\"SearchAction\",\"target\":{\"@type\":\"EntryPoint\",\"urlTemplate\":\"https:\\\/\\\/noticiasmercedinas.com\\\/site\\\/?s={search_term_string}\"},\"query-input\":{\"@type\":\"PropertyValueSpecification\",\"valueRequired\":true,\"valueName\":\"search_term_string\"}}],\"inLanguage\":\"es\"},{\"@type\":\"Organization\",\"@id\":\"https:\\\/\\\/noticiasmercedinas.com\\\/site\\\/#organization\",\"name\":\"NOTICIASMERCEDINAS.COM\",\"url\":\"https:\\\/\\\/noticiasmercedinas.com\\\/site\\\/\",\"logo\":{\"@type\":\"ImageObject\",\"inLanguage\":\"es\",\"@id\":\"https:\\\/\\\/noticiasmercedinas.com\\\/site\\\/#\\\/schema\\\/logo\\\/image\\\/\",\"url\":\"https:\\\/\\\/noticiasmercedinas.com\\\/site\\\/wp-content\\\/uploads\\\/2020\\\/06\\\/LOGO-512.jpg\",\"contentUrl\":\"https:\\\/\\\/noticiasmercedinas.com\\\/site\\\/wp-content\\\/uploads\\\/2020\\\/06\\\/LOGO-512.jpg\",\"width\":512,\"height\":512,\"caption\":\"NOTICIASMERCEDINAS.COM\"},\"image\":{\"@id\":\"https:\\\/\\\/noticiasmercedinas.com\\\/site\\\/#\\\/schema\\\/logo\\\/image\\\/\"},\"sameAs\":[\"https:\\\/\\\/www.facebook.com\\\/noticiasmercedinas\\\/\",\"https:\\\/\\\/x.com\\\/notmercedinas\",\"https:\\\/\\\/www.instagram.com\\\/noticiasmercedinas\\\/\"]},{\"@type\":\"Person\",\"@id\":\"https:\\\/\\\/noticiasmercedinas.com\\\/site\\\/#\\\/schema\\\/person\\\/84b59c099c28ff2e8b77d4ceec5d8063\",\"name\":\"NOTICIASMERCEDINAS.COM\",\"image\":{\"@type\":\"ImageObject\",\"inLanguage\":\"es\",\"@id\":\"https:\\\/\\\/secure.gravatar.com\\\/avatar\\\/4dfbf16b4d17945bfb6341b2d19043457132fcf478a5ee04f42e959fd8f5df0a?s=96&d=mm&r=g\",\"url\":\"https:\\\/\\\/secure.gravatar.com\\\/avatar\\\/4dfbf16b4d17945bfb6341b2d19043457132fcf478a5ee04f42e959fd8f5df0a?s=96&d=mm&r=g\",\"contentUrl\":\"https:\\\/\\\/secure.gravatar.com\\\/avatar\\\/4dfbf16b4d17945bfb6341b2d19043457132fcf478a5ee04f42e959fd8f5df0a?s=96&d=mm&r=g\",\"caption\":\"NOTICIASMERCEDINAS.COM\"},\"url\":\"https:\\\/\\\/noticiasmercedinas.com\\\/site\\\/author\\\/anonimo\\\/\"}]}<\/script>\n<!-- \/ Yoast SEO plugin. -->","yoast_head_json":{"title":"El rock volvi\u00f3 al escenario \u201cPappo Napolitano\u201d","robots":{"index":"index","follow":"follow","max-snippet":"max-snippet:-1","max-image-preview":"max-image-preview:large","max-video-preview":"max-video-preview:-1"},"canonical":"https:\/\/noticiasmercedinas.com\/site\/2019\/01\/21\/el-rock-volvio-al-escenario-pappo-napolitano\/","og_locale":"es_ES","og_type":"article","og_title":"El rock volvi\u00f3 al escenario \u201cPappo Napolitano\u201d","og_description":"El rock se hizo escuchar nuevamente en el parque municipal Independencia. A trav\u00e9s de la Comisi\u00f3n del Rock de Mercedes y con apoyo del Municipio se realiz\u00f3 el ciclo \u201cRock al Pasto\u201d, que busca darle continuidad a los encuentros desarrollados durante el a\u00f1o en los galpones del Centro Cultural La Trocha. En un clima distendido [&hellip;]","og_url":"https:\/\/noticiasmercedinas.com\/site\/2019\/01\/21\/el-rock-volvio-al-escenario-pappo-napolitano\/","og_site_name":"NOTICIASMERCEDINAS.COM","article_publisher":"https:\/\/www.facebook.com\/noticiasmercedinas\/","article_published_time":"2019-01-21T19:03:03+00:00","article_modified_time":"2019-01-21T19:24:30+00:00","og_image":[{"width":640,"height":399,"url":"https:\/\/noticiasmercedinas.com\/site\/wp-content\/uploads\/2019\/01\/WhatsApp-Image-2019-01-20-at-11.56.jpg","type":"image\/jpeg"}],"author":"NOTICIASMERCEDINAS.COM","twitter_card":"summary_large_image","twitter_creator":"@notmercedinas","twitter_site":"@notmercedinas","twitter_misc":{"Escrito por":"NOTICIASMERCEDINAS.COM","Tiempo de lectura":"1 minuto"},"schema":{"@context":"https:\/\/schema.org","@graph":[{"@type":"Article","@id":"https:\/\/noticiasmercedinas.com\/site\/2019\/01\/21\/el-rock-volvio-al-escenario-pappo-napolitano\/#article","isPartOf":{"@id":"https:\/\/noticiasmercedinas.com\/site\/2019\/01\/21\/el-rock-volvio-al-escenario-pappo-napolitano\/"},"author":{"name":"NOTICIASMERCEDINAS.COM","@id":"https:\/\/noticiasmercedinas.com\/site\/#\/schema\/person\/84b59c099c28ff2e8b77d4ceec5d8063"},"headline":"El rock volvi\u00f3 al escenario \u201cPappo Napolitano\u201d","datePublished":"2019-01-21T19:03:03+00:00","dateModified":"2019-01-21T19:24:30+00:00","mainEntityOfPage":{"@id":"https:\/\/noticiasmercedinas.com\/site\/2019\/01\/21\/el-rock-volvio-al-escenario-pappo-napolitano\/"},"wordCount":251,"commentCount":0,"publisher":{"@id":"https:\/\/noticiasmercedinas.com\/site\/#organization"},"image":{"@id":"https:\/\/noticiasmercedinas.com\/site\/2019\/01\/21\/el-rock-volvio-al-escenario-pappo-napolitano\/#primaryimage"},"thumbnailUrl":"https:\/\/noticiasmercedinas.com\/site\/wp-content\/uploads\/2019\/01\/WhatsApp-Image-2019-01-20-at-11.56.jpg","keywords":["bandas","Delator","Esp\u00edas Sovietas","Fuster","Isat Vastar","Los Plasher","musica","parque municipal","rock","rock al pasto","Tri Nautas"],"articleSection":["Cultura"],"inLanguage":"es","potentialAction":[{"@type":"CommentAction","name":"Comment","target":["https:\/\/noticiasmercedinas.com\/site\/2019\/01\/21\/el-rock-volvio-al-escenario-pappo-napolitano\/#respond"]}]},{"@type":"WebPage","@id":"https:\/\/noticiasmercedinas.com\/site\/2019\/01\/21\/el-rock-volvio-al-escenario-pappo-napolitano\/","url":"https:\/\/noticiasmercedinas.com\/site\/2019\/01\/21\/el-rock-volvio-al-escenario-pappo-napolitano\/","name":"El rock volvi\u00f3 al escenario \u201cPappo Napolitano\u201d","isPartOf":{"@id":"https:\/\/noticiasmercedinas.com\/site\/#website"},"primaryImageOfPage":{"@id":"https:\/\/noticiasmercedinas.com\/site\/2019\/01\/21\/el-rock-volvio-al-escenario-pappo-napolitano\/#primaryimage"},"image":{"@id":"https:\/\/noticiasmercedinas.com\/site\/2019\/01\/21\/el-rock-volvio-al-escenario-pappo-napolitano\/#primaryimage"},"thumbnailUrl":"https:\/\/noticiasmercedinas.com\/site\/wp-content\/uploads\/2019\/01\/WhatsApp-Image-2019-01-20-at-11.56.jpg","datePublished":"2019-01-21T19:03:03+00:00","dateModified":"2019-01-21T19:24:30+00:00","breadcrumb":{"@id":"https:\/\/noticiasmercedinas.com\/site\/2019\/01\/21\/el-rock-volvio-al-escenario-pappo-napolitano\/#breadcrumb"},"inLanguage":"es","potentialAction":[{"@type":"ReadAction","target":["https:\/\/noticiasmercedinas.com\/site\/2019\/01\/21\/el-rock-volvio-al-escenario-pappo-napolitano\/"]}]},{"@type":"ImageObject","inLanguage":"es","@id":"https:\/\/noticiasmercedinas.com\/site\/2019\/01\/21\/el-rock-volvio-al-escenario-pappo-napolitano\/#primaryimage","url":"https:\/\/noticiasmercedinas.com\/site\/wp-content\/uploads\/2019\/01\/WhatsApp-Image-2019-01-20-at-11.56.jpg","contentUrl":"https:\/\/noticiasmercedinas.com\/site\/wp-content\/uploads\/2019\/01\/WhatsApp-Image-2019-01-20-at-11.56.jpg","width":640,"height":399},{"@type":"BreadcrumbList","@id":"https:\/\/noticiasmercedinas.com\/site\/2019\/01\/21\/el-rock-volvio-al-escenario-pappo-napolitano\/#breadcrumb","itemListElement":[{"@type":"ListItem","position":1,"name":"Portada","item":"https:\/\/noticiasmercedinas.com\/site\/"},{"@type":"ListItem","position":2,"name":"El rock volvi\u00f3 al escenario \u201cPappo Napolitano\u201d"}]},{"@type":"WebSite","@id":"https:\/\/noticiasmercedinas.com\/site\/#website","url":"https:\/\/noticiasmercedinas.com\/site\/","name":"NOTICIASMERCEDINAS.COM","description":"Mercedes, Buenos Aires, Argentina","publisher":{"@id":"https:\/\/noticiasmercedinas.com\/site\/#organization"},"potentialAction":[{"@type":"SearchAction","target":{"@type":"EntryPoint","urlTemplate":"https:\/\/noticiasmercedinas.com\/site\/?s={search_term_string}"},"query-input":{"@type":"PropertyValueSpecification","valueRequired":true,"valueName":"search_term_string"}}],"inLanguage":"es"},{"@type":"Organization","@id":"https:\/\/noticiasmercedinas.com\/site\/#organization","name":"NOTICIASMERCEDINAS.COM","url":"https:\/\/noticiasmercedinas.com\/site\/","logo":{"@type":"ImageObject","inLanguage":"es","@id":"https:\/\/noticiasmercedinas.com\/site\/#\/schema\/logo\/image\/","url":"https:\/\/noticiasmercedinas.com\/site\/wp-content\/uploads\/2020\/06\/LOGO-512.jpg","contentUrl":"https:\/\/noticiasmercedinas.com\/site\/wp-content\/uploads\/2020\/06\/LOGO-512.jpg","width":512,"height":512,"caption":"NOTICIASMERCEDINAS.COM"},"image":{"@id":"https:\/\/noticiasmercedinas.com\/site\/#\/schema\/logo\/image\/"},"sameAs":["https:\/\/www.facebook.com\/noticiasmercedinas\/","https:\/\/x.com\/notmercedinas","https:\/\/www.instagram.com\/noticiasmercedinas\/"]},{"@type":"Person","@id":"https:\/\/noticiasmercedinas.com\/site\/#\/schema\/person\/84b59c099c28ff2e8b77d4ceec5d8063","name":"NOTICIASMERCEDINAS.COM","image":{"@type":"ImageObject","inLanguage":"es","@id":"https:\/\/secure.gravatar.com\/avatar\/4dfbf16b4d17945bfb6341b2d19043457132fcf478a5ee04f42e959fd8f5df0a?s=96&d=mm&r=g","url":"https:\/\/secure.gravatar.com\/avatar\/4dfbf16b4d17945bfb6341b2d19043457132fcf478a5ee04f42e959fd8f5df0a?s=96&d=mm&r=g","contentUrl":"https:\/\/secure.gravatar.com\/avatar\/4dfbf16b4d17945bfb6341b2d19043457132fcf478a5ee04f42e959fd8f5df0a?s=96&d=mm&r=g","caption":"NOTICIASMERCEDINAS.COM"},"url":"https:\/\/noticiasmercedinas.com\/site\/author\/anonimo\/"}]}},"amp_enabled":true,"_links":{"self":[{"href":"https:\/\/noticiasmercedinas.com\/site\/wp-json\/wp\/v2\/posts\/11009","targetHints":{"allow":["GET"]}}],"collection":[{"href":"https:\/\/noticiasmercedinas.com\/site\/wp-json\/wp\/v2\/posts"}],"about":[{"href":"https:\/\/noticiasmercedinas.com\/site\/wp-json\/wp\/v2\/types\/post"}],"author":[{"embeddable":true,"href":"https:\/\/noticiasmercedinas.com\/site\/wp-json\/wp\/v2\/users\/16"}],"replies":[{"embeddable":true,"href":"https:\/\/noticiasmercedinas.com\/site\/wp-json\/wp\/v2\/comments?post=11009"}],"version-history":[{"count":1,"href":"https:\/\/noticiasmercedinas.com\/site\/wp-json\/wp\/v2\/posts\/11009\/revisions"}],"predecessor-version":[{"id":11011,"href":"https:\/\/noticiasmercedinas.com\/site\/wp-json\/wp\/v2\/posts\/11009\/revisions\/11011"}],"wp:featuredmedia":[{"embeddable":true,"href":"https:\/\/noticiasmercedinas.com\/site\/wp-json\/wp\/v2\/media\/11010"}],"wp:attachment":[{"href":"https:\/\/noticiasmercedinas.com\/site\/wp-json\/wp\/v2\/media?parent=11009"}],"wp:term":[{"taxonomy":"category","embeddable":true,"href":"https:\/\/noticiasmercedinas.com\/site\/wp-json\/wp\/v2\/categories?post=11009"},{"taxonomy":"post_tag","embeddable":true,"href":"https:\/\/noticiasmercedinas.com\/site\/wp-json\/wp\/v2\/tags?post=11009"}],"curies":[{"name":"wp","href":"https:\/\/api.w.org\/{rel}","templated":true}]}}