{"id":110103,"date":"2023-03-02T17:29:13","date_gmt":"2023-03-02T20:29:13","guid":{"rendered":"https:\/\/noticiasmercedinas.com\/site\/2023\/03\/02\/convocan-a-bonaerenses-a-postularse-para-adoptar-a-cuatro-hermanitos\/"},"modified":"2023-03-02T17:29:13","modified_gmt":"2023-03-02T20:29:13","slug":"convocan-a-bonaerenses-a-postularse-para-adoptar-a-cuatro-hermanitos","status":"publish","type":"post","link":"https:\/\/noticiasmercedinas.com\/site\/2023\/03\/02\/convocan-a-bonaerenses-a-postularse-para-adoptar-a-cuatro-hermanitos\/","title":{"rendered":"Convocan a bonaerenses a postularse para adoptar a cuatro hermanitos"},"content":{"rendered":"<p><img loading=\"lazy\" decoding=\"async\" class=\"wp-image-110102 alignnone size-full\" src=\"https:\/\/noticiasmercedinas.com\/site\/wp-content\/uploads\/2023\/03\/img-20230302-wa00764218141480833227704.jpg\" width=\"1024\" height=\"822\" srcset=\"https:\/\/noticiasmercedinas.com\/site\/wp-content\/uploads\/2023\/03\/img-20230302-wa00764218141480833227704.jpg 1024w, https:\/\/noticiasmercedinas.com\/site\/wp-content\/uploads\/2023\/03\/img-20230302-wa00764218141480833227704-300x241.jpg 300w, https:\/\/noticiasmercedinas.com\/site\/wp-content\/uploads\/2023\/03\/img-20230302-wa00764218141480833227704-768x617.jpg 768w, https:\/\/noticiasmercedinas.com\/site\/wp-content\/uploads\/2023\/03\/img-20230302-wa00764218141480833227704-640x514.jpg 640w, https:\/\/noticiasmercedinas.com\/site\/wp-content\/uploads\/2023\/03\/img-20230302-wa00764218141480833227704-681x547.jpg 681w\" sizes=\"auto, (max-width: 1024px) 100vw, 1024px\" \/><\/p>\n<p>Un grupo de cuatro hermanos esperan una familia que los adopte. Se trata de chicos de 6, 8, 10 y 13 a\u00f1os que poseen un fuert\u00edsimo v\u00ednculo afectivo entre ellos y necesitan mantenerse unidos. Lamentablemente el tiempo no los acompa\u00f1a demasiado. Si hasta el 16 de marzo no consiguen una familia, existe la posibilidad de que las autoridades judiciales intervinientes autoricen la adopci\u00f3n por separado.<\/p>\n<p>No obstante, desde el Gobierno de la Ciudad de Buenos Aires, desde donde surge la convocatoria, esperan hacerlo realidad como sucedi\u00f3 con cinco hermanos de 12, 11, 9, 8 y 5 a\u00f1os, que fueron adoptados por una pareja cordobesa; la de Alejandro Segura y Sof\u00eda Pizzi, quien sostuvo que \u201clos volver\u00eda a elegir mil veces\u201d.<\/p>\n<p>Seg\u00fan explican las autoridades del Consejo de Derechos de Ni\u00f1os, Ni\u00f1as y Adolescentes de la Ciudad, la cartera de esa administraci\u00f3n a cargo de estos asuntos, la convocatoria p\u00fablica es la \u00faltima instancia posible para que estos chicos encuentren una familia que los quiera a todos juntos, y para que los ni\u00f1os y ni\u00f1as tengan garantizado su derecho a crecer y vivir en familia, cuando la b\u00fasqueda previa en todos los registros del pa\u00eds ya arroj\u00f3 un resultado negativo.<\/p>\n<p>Puede postularse cualquier persona o pareja que sienta la voluntad de ahijar a estos ni\u00f1os, sin la necesidad de haber estado inscriptos en el Registro \u00danico de Aspirantes a Guarda con Fines Adoptivos (RUAGA), quienes luego deber\u00e1n pasar por un proceso de evaluaci\u00f3n para definir si son aptos o no para comenzar con la vinculaci\u00f3n.<\/p>\n<p>\u201cEl hermano mayor es atento y simp\u00e1tico, mantiene v\u00ednculos sumamente positivos tanto con pares como con adultos. Disfruta significativamente de jugar al f\u00fatbol; y participa activamente de un equipo en un club donde lo han elegido como capit\u00e1n. Se destaca especialmente en el desempe\u00f1o de dicho deporte, mostrando responsabilidad y dedicaci\u00f3n en dicho terreno. Se encuentra cursando 7mo grado de la escuela primaria, a la que asiste con marcado entusiasmo y compromiso, destac\u00e1ndose como un excelente alumno, muy querido por sus compa\u00f1eros y por sus docentes\u201d, describe el comunicado oficial emitido por el \u00f3rgano de Protecci\u00f3n de la Ciudad.<\/p>\n<p>\u201cLa hermana de 10 a\u00f1os disfruta de bailar, escuchar m\u00fasica y realizar juegos de dramatizaciones y roles. Habitualmente participa con gusto de las actividades recreativas propuestas por el Hogar. Respecto al lazo fraterno, se referencia fuertemente con su hermano mayor, y mantiene un v\u00ednculo de protecci\u00f3n para con la ni\u00f1a m\u00e1s peque\u00f1a. Asiste a 5to grado de la escuela primaria, donde cuenta con un desempe\u00f1o muy favorable, destac\u00e1ndose su compromiso con el proceso de aprendizaje, y su capacidad de establecer v\u00ednculos positivos\u201d, agrega.<\/p>\n<p>En cuanto al ni\u00f1o de 8 a\u00f1os, cuenta que \u201ces simp\u00e1tico, suele estar contento y de buen humor. La relaci\u00f3n con sus hermanos\/as es muy positiva, en particular se destaca el lazo con su hermano mayor, quien es un referente importante para \u00e9l, y con quien comparte el gusto por el f\u00fatbol. Concurre a 3er grado de la escuela primaria, donde se destaca por su buen desempe\u00f1o y compa\u00f1erismo. Posee una marcada capacidad para establecer lazos afectivos significativos, tanto con los adultos que lo cuidan como con pares\u201d.<\/p>\n<p>Sobre la hermana menor menciona que \u201ces muy simp\u00e1tica, conversadora, cari\u00f1osa y sociable tanto con sus pares como con las personas adultas. Disfruta de las actividades l\u00fadicas que se organizan en el Hogar, en particular las relacionadas con las artes pl\u00e1sticas. Mantiene lazos afectivos significativos con los adultos cuidadores y con sus pares. La relaci\u00f3n con sus hermanos\/a es muy positiva, mostr\u00e1ndose pendiente de lo que les pasa, y con su hermana mayor, tiene un v\u00ednculo m\u00e1s cercano. Asiste a sala de 5 de nivel inicial, espacio donde se la observa contenta y entusiasta\u201d.<\/p>\n<p>El texto tambi\u00e9n destaca que el grupo fraterno mantiene un v\u00ednculo positivo desde hace varios a\u00f1os con una referente afectiva, con quien comparten salidas, y aclara que \u201ctodos presentan un buen estado de salud general\u201d. Asimismo, mantienen un excelente lazo con los adultos del hogar en el que residen, y con los de otros espacios de referencia.<\/p>\n<p>Es importante que quienes se postulen cuenten con disponibilidad para propiciarles un ambiente de cuidado, afecto y contenci\u00f3n, respetando sus singularidades.<\/p>\n<p>Para anotarse y recibir m\u00e1s informaci\u00f3n deber\u00e1n enviar sus datos personales a convocatoriaspublicas@buenosaires.gob.ar con el asunto \u201cREF 0111\u201d.<\/p>\n","protected":false},"excerpt":{"rendered":"<p>Tienen 6, 8, 10 y 13 a\u00f1os y necesitan encontrar un hogar urgente para permanecer unidos. El llamado es del Gobierno de la Ciudad de Buenos Aires, y est\u00e1 abierto para personas o parejas de todo el pa\u00eds, hasta el 16 de marzo.<\/p>\n","protected":false},"author":16,"featured_media":110102,"comment_status":"open","ping_status":"open","sticky":false,"template":"","format":"standard","meta":{"footnotes":""},"categories":[139],"tags":[3996,8028,1849],"class_list":["post-110103","post","type-post","status-publish","format-standard","has-post-thumbnail","hentry","category-regionales","tag-adopcion","tag-busqueda","tag-familia"],"yoast_head":"<!-- This site is optimized with the Yoast SEO plugin v27.5 - https:\/\/yoast.com\/product\/yoast-seo-wordpress\/ -->\n<title>Convocan a bonaerenses a postularse para adoptar a cuatro hermanitos<\/title>\n<meta name=\"robots\" content=\"index, follow, max-snippet:-1, max-image-preview:large, max-video-preview:-1\" \/>\n<link rel=\"canonical\" href=\"https:\/\/noticiasmercedinas.com\/site\/2023\/03\/02\/convocan-a-bonaerenses-a-postularse-para-adoptar-a-cuatro-hermanitos\/\" \/>\n<meta property=\"og:locale\" content=\"es_ES\" \/>\n<meta property=\"og:type\" content=\"article\" \/>\n<meta property=\"og:title\" content=\"Convocan a bonaerenses a postularse para adoptar a cuatro hermanitos\" \/>\n<meta property=\"og:description\" content=\"Tienen 6, 8, 10 y 13 a\u00f1os y necesitan encontrar un hogar urgente para permanecer unidos. El llamado es del Gobierno de la Ciudad de Buenos Aires, y est\u00e1 abierto para personas o parejas de todo el pa\u00eds, hasta el 16 de marzo.\" \/>\n<meta property=\"og:url\" content=\"https:\/\/noticiasmercedinas.com\/site\/2023\/03\/02\/convocan-a-bonaerenses-a-postularse-para-adoptar-a-cuatro-hermanitos\/\" \/>\n<meta property=\"og:site_name\" content=\"NOTICIASMERCEDINAS.COM\" \/>\n<meta property=\"article:publisher\" content=\"https:\/\/www.facebook.com\/noticiasmercedinas\/\" \/>\n<meta property=\"article:published_time\" content=\"2023-03-02T20:29:13+00:00\" \/>\n<meta property=\"og:image\" content=\"https:\/\/noticiasmercedinas.com\/site\/wp-content\/uploads\/2023\/03\/img-20230302-wa00764218141480833227704.jpg\" \/>\n\t<meta property=\"og:image:width\" content=\"1024\" \/>\n\t<meta property=\"og:image:height\" content=\"822\" \/>\n\t<meta property=\"og:image:type\" content=\"image\/jpeg\" \/>\n<meta name=\"author\" content=\"NOTICIASMERCEDINAS.COM\" \/>\n<meta name=\"twitter:card\" content=\"summary_large_image\" \/>\n<meta name=\"twitter:creator\" content=\"@notmercedinas\" \/>\n<meta name=\"twitter:site\" content=\"@notmercedinas\" \/>\n<meta name=\"twitter:label1\" content=\"Escrito por\" \/>\n\t<meta name=\"twitter:data1\" content=\"NOTICIASMERCEDINAS.COM\" \/>\n\t<meta name=\"twitter:label2\" content=\"Tiempo de lectura\" \/>\n\t<meta name=\"twitter:data2\" content=\"4 minutos\" \/>\n<script type=\"application\/ld+json\" class=\"yoast-schema-graph\">{\"@context\":\"https:\\\/\\\/schema.org\",\"@graph\":[{\"@type\":\"Article\",\"@id\":\"https:\\\/\\\/noticiasmercedinas.com\\\/site\\\/2023\\\/03\\\/02\\\/convocan-a-bonaerenses-a-postularse-para-adoptar-a-cuatro-hermanitos\\\/#article\",\"isPartOf\":{\"@id\":\"https:\\\/\\\/noticiasmercedinas.com\\\/site\\\/2023\\\/03\\\/02\\\/convocan-a-bonaerenses-a-postularse-para-adoptar-a-cuatro-hermanitos\\\/\"},\"author\":{\"name\":\"NOTICIASMERCEDINAS.COM\",\"@id\":\"https:\\\/\\\/noticiasmercedinas.com\\\/site\\\/#\\\/schema\\\/person\\\/84b59c099c28ff2e8b77d4ceec5d8063\"},\"headline\":\"Convocan a bonaerenses a postularse para adoptar a cuatro hermanitos\",\"datePublished\":\"2023-03-02T20:29:13+00:00\",\"mainEntityOfPage\":{\"@id\":\"https:\\\/\\\/noticiasmercedinas.com\\\/site\\\/2023\\\/03\\\/02\\\/convocan-a-bonaerenses-a-postularse-para-adoptar-a-cuatro-hermanitos\\\/\"},\"wordCount\":777,\"commentCount\":0,\"publisher\":{\"@id\":\"https:\\\/\\\/noticiasmercedinas.com\\\/site\\\/#organization\"},\"image\":{\"@id\":\"https:\\\/\\\/noticiasmercedinas.com\\\/site\\\/2023\\\/03\\\/02\\\/convocan-a-bonaerenses-a-postularse-para-adoptar-a-cuatro-hermanitos\\\/#primaryimage\"},\"thumbnailUrl\":\"https:\\\/\\\/noticiasmercedinas.com\\\/site\\\/wp-content\\\/uploads\\\/2023\\\/03\\\/img-20230302-wa00764218141480833227704.jpg\",\"keywords\":[\"adopcion\",\"Busqueda\",\"familia\"],\"articleSection\":[\"Regionales\"],\"inLanguage\":\"es\",\"potentialAction\":[{\"@type\":\"CommentAction\",\"name\":\"Comment\",\"target\":[\"https:\\\/\\\/noticiasmercedinas.com\\\/site\\\/2023\\\/03\\\/02\\\/convocan-a-bonaerenses-a-postularse-para-adoptar-a-cuatro-hermanitos\\\/#respond\"]}]},{\"@type\":\"WebPage\",\"@id\":\"https:\\\/\\\/noticiasmercedinas.com\\\/site\\\/2023\\\/03\\\/02\\\/convocan-a-bonaerenses-a-postularse-para-adoptar-a-cuatro-hermanitos\\\/\",\"url\":\"https:\\\/\\\/noticiasmercedinas.com\\\/site\\\/2023\\\/03\\\/02\\\/convocan-a-bonaerenses-a-postularse-para-adoptar-a-cuatro-hermanitos\\\/\",\"name\":\"Convocan a bonaerenses a postularse para adoptar a cuatro hermanitos\",\"isPartOf\":{\"@id\":\"https:\\\/\\\/noticiasmercedinas.com\\\/site\\\/#website\"},\"primaryImageOfPage\":{\"@id\":\"https:\\\/\\\/noticiasmercedinas.com\\\/site\\\/2023\\\/03\\\/02\\\/convocan-a-bonaerenses-a-postularse-para-adoptar-a-cuatro-hermanitos\\\/#primaryimage\"},\"image\":{\"@id\":\"https:\\\/\\\/noticiasmercedinas.com\\\/site\\\/2023\\\/03\\\/02\\\/convocan-a-bonaerenses-a-postularse-para-adoptar-a-cuatro-hermanitos\\\/#primaryimage\"},\"thumbnailUrl\":\"https:\\\/\\\/noticiasmercedinas.com\\\/site\\\/wp-content\\\/uploads\\\/2023\\\/03\\\/img-20230302-wa00764218141480833227704.jpg\",\"datePublished\":\"2023-03-02T20:29:13+00:00\",\"breadcrumb\":{\"@id\":\"https:\\\/\\\/noticiasmercedinas.com\\\/site\\\/2023\\\/03\\\/02\\\/convocan-a-bonaerenses-a-postularse-para-adoptar-a-cuatro-hermanitos\\\/#breadcrumb\"},\"inLanguage\":\"es\",\"potentialAction\":[{\"@type\":\"ReadAction\",\"target\":[\"https:\\\/\\\/noticiasmercedinas.com\\\/site\\\/2023\\\/03\\\/02\\\/convocan-a-bonaerenses-a-postularse-para-adoptar-a-cuatro-hermanitos\\\/\"]}]},{\"@type\":\"ImageObject\",\"inLanguage\":\"es\",\"@id\":\"https:\\\/\\\/noticiasmercedinas.com\\\/site\\\/2023\\\/03\\\/02\\\/convocan-a-bonaerenses-a-postularse-para-adoptar-a-cuatro-hermanitos\\\/#primaryimage\",\"url\":\"https:\\\/\\\/noticiasmercedinas.com\\\/site\\\/wp-content\\\/uploads\\\/2023\\\/03\\\/img-20230302-wa00764218141480833227704.jpg\",\"contentUrl\":\"https:\\\/\\\/noticiasmercedinas.com\\\/site\\\/wp-content\\\/uploads\\\/2023\\\/03\\\/img-20230302-wa00764218141480833227704.jpg\",\"width\":1024,\"height\":822},{\"@type\":\"BreadcrumbList\",\"@id\":\"https:\\\/\\\/noticiasmercedinas.com\\\/site\\\/2023\\\/03\\\/02\\\/convocan-a-bonaerenses-a-postularse-para-adoptar-a-cuatro-hermanitos\\\/#breadcrumb\",\"itemListElement\":[{\"@type\":\"ListItem\",\"position\":1,\"name\":\"Portada\",\"item\":\"https:\\\/\\\/noticiasmercedinas.com\\\/site\\\/\"},{\"@type\":\"ListItem\",\"position\":2,\"name\":\"Convocan a bonaerenses a postularse para adoptar a cuatro hermanitos\"}]},{\"@type\":\"WebSite\",\"@id\":\"https:\\\/\\\/noticiasmercedinas.com\\\/site\\\/#website\",\"url\":\"https:\\\/\\\/noticiasmercedinas.com\\\/site\\\/\",\"name\":\"NOTICIASMERCEDINAS.COM\",\"description\":\"Mercedes, Buenos Aires, Argentina\",\"publisher\":{\"@id\":\"https:\\\/\\\/noticiasmercedinas.com\\\/site\\\/#organization\"},\"potentialAction\":[{\"@type\":\"SearchAction\",\"target\":{\"@type\":\"EntryPoint\",\"urlTemplate\":\"https:\\\/\\\/noticiasmercedinas.com\\\/site\\\/?s={search_term_string}\"},\"query-input\":{\"@type\":\"PropertyValueSpecification\",\"valueRequired\":true,\"valueName\":\"search_term_string\"}}],\"inLanguage\":\"es\"},{\"@type\":\"Organization\",\"@id\":\"https:\\\/\\\/noticiasmercedinas.com\\\/site\\\/#organization\",\"name\":\"NOTICIASMERCEDINAS.COM\",\"url\":\"https:\\\/\\\/noticiasmercedinas.com\\\/site\\\/\",\"logo\":{\"@type\":\"ImageObject\",\"inLanguage\":\"es\",\"@id\":\"https:\\\/\\\/noticiasmercedinas.com\\\/site\\\/#\\\/schema\\\/logo\\\/image\\\/\",\"url\":\"https:\\\/\\\/noticiasmercedinas.com\\\/site\\\/wp-content\\\/uploads\\\/2020\\\/06\\\/LOGO-512.jpg\",\"contentUrl\":\"https:\\\/\\\/noticiasmercedinas.com\\\/site\\\/wp-content\\\/uploads\\\/2020\\\/06\\\/LOGO-512.jpg\",\"width\":512,\"height\":512,\"caption\":\"NOTICIASMERCEDINAS.COM\"},\"image\":{\"@id\":\"https:\\\/\\\/noticiasmercedinas.com\\\/site\\\/#\\\/schema\\\/logo\\\/image\\\/\"},\"sameAs\":[\"https:\\\/\\\/www.facebook.com\\\/noticiasmercedinas\\\/\",\"https:\\\/\\\/x.com\\\/notmercedinas\",\"https:\\\/\\\/www.instagram.com\\\/noticiasmercedinas\\\/\"]},{\"@type\":\"Person\",\"@id\":\"https:\\\/\\\/noticiasmercedinas.com\\\/site\\\/#\\\/schema\\\/person\\\/84b59c099c28ff2e8b77d4ceec5d8063\",\"name\":\"NOTICIASMERCEDINAS.COM\",\"image\":{\"@type\":\"ImageObject\",\"inLanguage\":\"es\",\"@id\":\"https:\\\/\\\/secure.gravatar.com\\\/avatar\\\/4dfbf16b4d17945bfb6341b2d19043457132fcf478a5ee04f42e959fd8f5df0a?s=96&d=mm&r=g\",\"url\":\"https:\\\/\\\/secure.gravatar.com\\\/avatar\\\/4dfbf16b4d17945bfb6341b2d19043457132fcf478a5ee04f42e959fd8f5df0a?s=96&d=mm&r=g\",\"contentUrl\":\"https:\\\/\\\/secure.gravatar.com\\\/avatar\\\/4dfbf16b4d17945bfb6341b2d19043457132fcf478a5ee04f42e959fd8f5df0a?s=96&d=mm&r=g\",\"caption\":\"NOTICIASMERCEDINAS.COM\"},\"url\":\"https:\\\/\\\/noticiasmercedinas.com\\\/site\\\/author\\\/anonimo\\\/\"}]}<\/script>\n<!-- \/ Yoast SEO plugin. -->","yoast_head_json":{"title":"Convocan a bonaerenses a postularse para adoptar a cuatro hermanitos","robots":{"index":"index","follow":"follow","max-snippet":"max-snippet:-1","max-image-preview":"max-image-preview:large","max-video-preview":"max-video-preview:-1"},"canonical":"https:\/\/noticiasmercedinas.com\/site\/2023\/03\/02\/convocan-a-bonaerenses-a-postularse-para-adoptar-a-cuatro-hermanitos\/","og_locale":"es_ES","og_type":"article","og_title":"Convocan a bonaerenses a postularse para adoptar a cuatro hermanitos","og_description":"Tienen 6, 8, 10 y 13 a\u00f1os y necesitan encontrar un hogar urgente para permanecer unidos. El llamado es del Gobierno de la Ciudad de Buenos Aires, y est\u00e1 abierto para personas o parejas de todo el pa\u00eds, hasta el 16 de marzo.","og_url":"https:\/\/noticiasmercedinas.com\/site\/2023\/03\/02\/convocan-a-bonaerenses-a-postularse-para-adoptar-a-cuatro-hermanitos\/","og_site_name":"NOTICIASMERCEDINAS.COM","article_publisher":"https:\/\/www.facebook.com\/noticiasmercedinas\/","article_published_time":"2023-03-02T20:29:13+00:00","og_image":[{"width":1024,"height":822,"url":"https:\/\/noticiasmercedinas.com\/site\/wp-content\/uploads\/2023\/03\/img-20230302-wa00764218141480833227704.jpg","type":"image\/jpeg"}],"author":"NOTICIASMERCEDINAS.COM","twitter_card":"summary_large_image","twitter_creator":"@notmercedinas","twitter_site":"@notmercedinas","twitter_misc":{"Escrito por":"NOTICIASMERCEDINAS.COM","Tiempo de lectura":"4 minutos"},"schema":{"@context":"https:\/\/schema.org","@graph":[{"@type":"Article","@id":"https:\/\/noticiasmercedinas.com\/site\/2023\/03\/02\/convocan-a-bonaerenses-a-postularse-para-adoptar-a-cuatro-hermanitos\/#article","isPartOf":{"@id":"https:\/\/noticiasmercedinas.com\/site\/2023\/03\/02\/convocan-a-bonaerenses-a-postularse-para-adoptar-a-cuatro-hermanitos\/"},"author":{"name":"NOTICIASMERCEDINAS.COM","@id":"https:\/\/noticiasmercedinas.com\/site\/#\/schema\/person\/84b59c099c28ff2e8b77d4ceec5d8063"},"headline":"Convocan a bonaerenses a postularse para adoptar a cuatro hermanitos","datePublished":"2023-03-02T20:29:13+00:00","mainEntityOfPage":{"@id":"https:\/\/noticiasmercedinas.com\/site\/2023\/03\/02\/convocan-a-bonaerenses-a-postularse-para-adoptar-a-cuatro-hermanitos\/"},"wordCount":777,"commentCount":0,"publisher":{"@id":"https:\/\/noticiasmercedinas.com\/site\/#organization"},"image":{"@id":"https:\/\/noticiasmercedinas.com\/site\/2023\/03\/02\/convocan-a-bonaerenses-a-postularse-para-adoptar-a-cuatro-hermanitos\/#primaryimage"},"thumbnailUrl":"https:\/\/noticiasmercedinas.com\/site\/wp-content\/uploads\/2023\/03\/img-20230302-wa00764218141480833227704.jpg","keywords":["adopcion","Busqueda","familia"],"articleSection":["Regionales"],"inLanguage":"es","potentialAction":[{"@type":"CommentAction","name":"Comment","target":["https:\/\/noticiasmercedinas.com\/site\/2023\/03\/02\/convocan-a-bonaerenses-a-postularse-para-adoptar-a-cuatro-hermanitos\/#respond"]}]},{"@type":"WebPage","@id":"https:\/\/noticiasmercedinas.com\/site\/2023\/03\/02\/convocan-a-bonaerenses-a-postularse-para-adoptar-a-cuatro-hermanitos\/","url":"https:\/\/noticiasmercedinas.com\/site\/2023\/03\/02\/convocan-a-bonaerenses-a-postularse-para-adoptar-a-cuatro-hermanitos\/","name":"Convocan a bonaerenses a postularse para adoptar a cuatro hermanitos","isPartOf":{"@id":"https:\/\/noticiasmercedinas.com\/site\/#website"},"primaryImageOfPage":{"@id":"https:\/\/noticiasmercedinas.com\/site\/2023\/03\/02\/convocan-a-bonaerenses-a-postularse-para-adoptar-a-cuatro-hermanitos\/#primaryimage"},"image":{"@id":"https:\/\/noticiasmercedinas.com\/site\/2023\/03\/02\/convocan-a-bonaerenses-a-postularse-para-adoptar-a-cuatro-hermanitos\/#primaryimage"},"thumbnailUrl":"https:\/\/noticiasmercedinas.com\/site\/wp-content\/uploads\/2023\/03\/img-20230302-wa00764218141480833227704.jpg","datePublished":"2023-03-02T20:29:13+00:00","breadcrumb":{"@id":"https:\/\/noticiasmercedinas.com\/site\/2023\/03\/02\/convocan-a-bonaerenses-a-postularse-para-adoptar-a-cuatro-hermanitos\/#breadcrumb"},"inLanguage":"es","potentialAction":[{"@type":"ReadAction","target":["https:\/\/noticiasmercedinas.com\/site\/2023\/03\/02\/convocan-a-bonaerenses-a-postularse-para-adoptar-a-cuatro-hermanitos\/"]}]},{"@type":"ImageObject","inLanguage":"es","@id":"https:\/\/noticiasmercedinas.com\/site\/2023\/03\/02\/convocan-a-bonaerenses-a-postularse-para-adoptar-a-cuatro-hermanitos\/#primaryimage","url":"https:\/\/noticiasmercedinas.com\/site\/wp-content\/uploads\/2023\/03\/img-20230302-wa00764218141480833227704.jpg","contentUrl":"https:\/\/noticiasmercedinas.com\/site\/wp-content\/uploads\/2023\/03\/img-20230302-wa00764218141480833227704.jpg","width":1024,"height":822},{"@type":"BreadcrumbList","@id":"https:\/\/noticiasmercedinas.com\/site\/2023\/03\/02\/convocan-a-bonaerenses-a-postularse-para-adoptar-a-cuatro-hermanitos\/#breadcrumb","itemListElement":[{"@type":"ListItem","position":1,"name":"Portada","item":"https:\/\/noticiasmercedinas.com\/site\/"},{"@type":"ListItem","position":2,"name":"Convocan a bonaerenses a postularse para adoptar a cuatro hermanitos"}]},{"@type":"WebSite","@id":"https:\/\/noticiasmercedinas.com\/site\/#website","url":"https:\/\/noticiasmercedinas.com\/site\/","name":"NOTICIASMERCEDINAS.COM","description":"Mercedes, Buenos Aires, Argentina","publisher":{"@id":"https:\/\/noticiasmercedinas.com\/site\/#organization"},"potentialAction":[{"@type":"SearchAction","target":{"@type":"EntryPoint","urlTemplate":"https:\/\/noticiasmercedinas.com\/site\/?s={search_term_string}"},"query-input":{"@type":"PropertyValueSpecification","valueRequired":true,"valueName":"search_term_string"}}],"inLanguage":"es"},{"@type":"Organization","@id":"https:\/\/noticiasmercedinas.com\/site\/#organization","name":"NOTICIASMERCEDINAS.COM","url":"https:\/\/noticiasmercedinas.com\/site\/","logo":{"@type":"ImageObject","inLanguage":"es","@id":"https:\/\/noticiasmercedinas.com\/site\/#\/schema\/logo\/image\/","url":"https:\/\/noticiasmercedinas.com\/site\/wp-content\/uploads\/2020\/06\/LOGO-512.jpg","contentUrl":"https:\/\/noticiasmercedinas.com\/site\/wp-content\/uploads\/2020\/06\/LOGO-512.jpg","width":512,"height":512,"caption":"NOTICIASMERCEDINAS.COM"},"image":{"@id":"https:\/\/noticiasmercedinas.com\/site\/#\/schema\/logo\/image\/"},"sameAs":["https:\/\/www.facebook.com\/noticiasmercedinas\/","https:\/\/x.com\/notmercedinas","https:\/\/www.instagram.com\/noticiasmercedinas\/"]},{"@type":"Person","@id":"https:\/\/noticiasmercedinas.com\/site\/#\/schema\/person\/84b59c099c28ff2e8b77d4ceec5d8063","name":"NOTICIASMERCEDINAS.COM","image":{"@type":"ImageObject","inLanguage":"es","@id":"https:\/\/secure.gravatar.com\/avatar\/4dfbf16b4d17945bfb6341b2d19043457132fcf478a5ee04f42e959fd8f5df0a?s=96&d=mm&r=g","url":"https:\/\/secure.gravatar.com\/avatar\/4dfbf16b4d17945bfb6341b2d19043457132fcf478a5ee04f42e959fd8f5df0a?s=96&d=mm&r=g","contentUrl":"https:\/\/secure.gravatar.com\/avatar\/4dfbf16b4d17945bfb6341b2d19043457132fcf478a5ee04f42e959fd8f5df0a?s=96&d=mm&r=g","caption":"NOTICIASMERCEDINAS.COM"},"url":"https:\/\/noticiasmercedinas.com\/site\/author\/anonimo\/"}]}},"amp_enabled":true,"_links":{"self":[{"href":"https:\/\/noticiasmercedinas.com\/site\/wp-json\/wp\/v2\/posts\/110103","targetHints":{"allow":["GET"]}}],"collection":[{"href":"https:\/\/noticiasmercedinas.com\/site\/wp-json\/wp\/v2\/posts"}],"about":[{"href":"https:\/\/noticiasmercedinas.com\/site\/wp-json\/wp\/v2\/types\/post"}],"author":[{"embeddable":true,"href":"https:\/\/noticiasmercedinas.com\/site\/wp-json\/wp\/v2\/users\/16"}],"replies":[{"embeddable":true,"href":"https:\/\/noticiasmercedinas.com\/site\/wp-json\/wp\/v2\/comments?post=110103"}],"version-history":[{"count":0,"href":"https:\/\/noticiasmercedinas.com\/site\/wp-json\/wp\/v2\/posts\/110103\/revisions"}],"wp:featuredmedia":[{"embeddable":true,"href":"https:\/\/noticiasmercedinas.com\/site\/wp-json\/wp\/v2\/media\/110102"}],"wp:attachment":[{"href":"https:\/\/noticiasmercedinas.com\/site\/wp-json\/wp\/v2\/media?parent=110103"}],"wp:term":[{"taxonomy":"category","embeddable":true,"href":"https:\/\/noticiasmercedinas.com\/site\/wp-json\/wp\/v2\/categories?post=110103"},{"taxonomy":"post_tag","embeddable":true,"href":"https:\/\/noticiasmercedinas.com\/site\/wp-json\/wp\/v2\/tags?post=110103"}],"curies":[{"name":"wp","href":"https:\/\/api.w.org\/{rel}","templated":true}]}}