{"id":1102,"date":"2018-09-05T09:30:57","date_gmt":"2018-09-05T12:30:57","guid":{"rendered":"https:\/\/noticiasmercedinas.com\/site\/?p=1102"},"modified":"2018-09-05T09:30:57","modified_gmt":"2018-09-05T12:30:57","slug":"salud-complejo-panorama-y-alarma-entre-dependientes-de-medicacion-cronica","status":"publish","type":"post","link":"https:\/\/noticiasmercedinas.com\/site\/2018\/09\/05\/salud-complejo-panorama-y-alarma-entre-dependientes-de-medicacion-cronica\/","title":{"rendered":"Salud: complejo panorama y alarma entre dependientes de medicaci\u00f3n cr\u00f3nica"},"content":{"rendered":"<p><strong>Tras degradaci\u00f3n de Ministerio de Salud, renunci\u00f3 director nacional de SIDA, HIV, enfermedades de transmisi\u00f3n sexual y tuberculosis. Pacientes mercedinos con HIV angustiados por la nueva realidad.<\/strong><\/p>\n<p><img loading=\"lazy\" decoding=\"async\" class=\"alignnone size-full wp-image-1103\" src=\"https:\/\/noticiasmercedinas.com\/site\/wp-content\/uploads\/2018\/09\/vih2.jpg\" alt=\"\" width=\"654\" height=\"327\" srcset=\"https:\/\/noticiasmercedinas.com\/site\/wp-content\/uploads\/2018\/09\/vih2.jpg 654w, https:\/\/noticiasmercedinas.com\/site\/wp-content\/uploads\/2018\/09\/vih2-300x150.jpg 300w, https:\/\/noticiasmercedinas.com\/site\/wp-content\/uploads\/2018\/09\/vih2-640x320.jpg 640w\" sizes=\"auto, (max-width: 654px) 100vw, 654px\" \/><\/p>\n<p>Tras la degradaci\u00f3n de la categor\u00eda de Ministerio a Secretar\u00eda de Salud, el director nacional de SIDA, HIV, enfermedades de transmisi\u00f3n sexual y tuberculosis, dimiti\u00f3 frente a la imposici\u00f3n de un fuerte recorte presupuestario en su cartera y la de todo el ministerio. Por estas horas estar\u00eda en duda la continuidad del hasta el lunes ministro de salud, Adolfo Rubinstein, quien tambi\u00e9n estar\u00eda ofuscado por la devaluaci\u00f3n de la cartera sanitaria.<\/p>\n<p>Lo cierto es que si al ministerio, que ya tuvo 2 ministros (Lemus y Rubisntein) no le fue bien hasta la fecha, dif\u00edcilmente consiga mejorar su situaci\u00f3n al depender de una instancia m\u00e1s de gobierno, dejar de tener presupuesto propio y sufrir uno de los recortes presupuestarios mas grandes desde la vuelta a la democracia. Algo que todos han salido a cuestionar.<\/p>\n<p>Incluso se\u00f1alando que s\u00f3lo dos gobiernos de facto se animaron a tanto: el de Aramburu y el Ongan\u00eda.<\/p>\n<p><strong>Complicaciones en primera persona<br \/>\n<\/strong>Marta, de 44 a\u00f1os de edad, mercedina, con diagn\u00f3stico de HIV desde hace 7 a\u00f1os, relat\u00f3 la dif\u00edcil situaci\u00f3n que se vive para poder conseguir la medicaci\u00f3n que toma diariamente. \u201cAntes era sencillo. Llegaban al hospital y yo las retiraba todos los meses. Pero ahora es una lucha permanente, y nunca se si recibir\u00e9 o no mis remedios\u201d, dijo sobre el combo de pastillas que diariamente debe tomar para tener estabilizada su situaci\u00f3n de salud.<\/p>\n","protected":false},"excerpt":{"rendered":"<p>Tras degradaci\u00f3n de Ministerio de Salud, renunci\u00f3 director nacional de SIDA, HIV, enfermedades de transmisi\u00f3n sexual y tuberculosis. Pacientes mercedinos con HIV angustiados por la nueva realidad. Tras la degradaci\u00f3n de la categor\u00eda de Ministerio a Secretar\u00eda de Salud, el director nacional de SIDA, HIV, enfermedades de transmisi\u00f3n sexual y tuberculosis, dimiti\u00f3 frente a la [&hellip;]<\/p>\n","protected":false},"author":2,"featured_media":1103,"comment_status":"open","ping_status":"open","sticky":false,"template":"","format":"standard","meta":{"footnotes":""},"categories":[3],"tags":[485,484,23,410,486,71],"class_list":["post-1102","post","type-post","status-publish","format-standard","has-post-thumbnail","hentry","category-sociedad","tag-enfermedades","tag-hiv","tag-mercedes","tag-ministerio","tag-pacientes","tag-salud"],"yoast_head":"<!-- This site is optimized with the Yoast SEO plugin v27.5 - https:\/\/yoast.com\/product\/yoast-seo-wordpress\/ -->\n<title>Salud: complejo panorama y alarma entre dependientes de medicaci\u00f3n cr\u00f3nica<\/title>\n<meta name=\"robots\" content=\"index, follow, max-snippet:-1, max-image-preview:large, max-video-preview:-1\" \/>\n<link rel=\"canonical\" href=\"https:\/\/noticiasmercedinas.com\/site\/2018\/09\/05\/salud-complejo-panorama-y-alarma-entre-dependientes-de-medicacion-cronica\/\" \/>\n<meta property=\"og:locale\" content=\"es_ES\" \/>\n<meta property=\"og:type\" content=\"article\" \/>\n<meta property=\"og:title\" content=\"Salud: complejo panorama y alarma entre dependientes de medicaci\u00f3n cr\u00f3nica\" \/>\n<meta property=\"og:description\" content=\"Tras degradaci\u00f3n de Ministerio de Salud, renunci\u00f3 director nacional de SIDA, HIV, enfermedades de transmisi\u00f3n sexual y tuberculosis. Pacientes mercedinos con HIV angustiados por la nueva realidad. Tras la degradaci\u00f3n de la categor\u00eda de Ministerio a Secretar\u00eda de Salud, el director nacional de SIDA, HIV, enfermedades de transmisi\u00f3n sexual y tuberculosis, dimiti\u00f3 frente a la [&hellip;]\" \/>\n<meta property=\"og:url\" content=\"https:\/\/noticiasmercedinas.com\/site\/2018\/09\/05\/salud-complejo-panorama-y-alarma-entre-dependientes-de-medicacion-cronica\/\" \/>\n<meta property=\"og:site_name\" content=\"NOTICIASMERCEDINAS.COM\" \/>\n<meta property=\"article:publisher\" content=\"https:\/\/www.facebook.com\/noticiasmercedinas\/\" \/>\n<meta property=\"article:author\" content=\"https:\/\/www.facebook.com\/cristian.falabella\" \/>\n<meta property=\"article:published_time\" content=\"2018-09-05T12:30:57+00:00\" \/>\n<meta property=\"og:image\" content=\"https:\/\/noticiasmercedinas.com\/site\/wp-content\/uploads\/2018\/09\/vih2.jpg\" \/>\n\t<meta property=\"og:image:width\" content=\"654\" \/>\n\t<meta property=\"og:image:height\" content=\"327\" \/>\n\t<meta property=\"og:image:type\" content=\"image\/jpeg\" \/>\n<meta name=\"author\" content=\"Cristian Falabella NOTICIASMERCEDINAS.COM\" \/>\n<meta name=\"twitter:card\" content=\"summary_large_image\" \/>\n<meta name=\"twitter:creator\" content=\"@https:\/\/twitter.com\/NOTMERCEDINAS\" \/>\n<meta name=\"twitter:site\" content=\"@notmercedinas\" \/>\n<meta name=\"twitter:label1\" content=\"Escrito por\" \/>\n\t<meta name=\"twitter:data1\" content=\"Cristian Falabella NOTICIASMERCEDINAS.COM\" \/>\n\t<meta name=\"twitter:label2\" content=\"Tiempo de lectura\" \/>\n\t<meta name=\"twitter:data2\" content=\"1 minuto\" \/>\n<script type=\"application\/ld+json\" class=\"yoast-schema-graph\">{\"@context\":\"https:\\\/\\\/schema.org\",\"@graph\":[{\"@type\":\"Article\",\"@id\":\"https:\\\/\\\/noticiasmercedinas.com\\\/site\\\/2018\\\/09\\\/05\\\/salud-complejo-panorama-y-alarma-entre-dependientes-de-medicacion-cronica\\\/#article\",\"isPartOf\":{\"@id\":\"https:\\\/\\\/noticiasmercedinas.com\\\/site\\\/2018\\\/09\\\/05\\\/salud-complejo-panorama-y-alarma-entre-dependientes-de-medicacion-cronica\\\/\"},\"author\":{\"name\":\"Cristian Falabella NOTICIASMERCEDINAS.COM\",\"@id\":\"https:\\\/\\\/noticiasmercedinas.com\\\/site\\\/#\\\/schema\\\/person\\\/d481a9696a5feaec13a60e2bbd991a6a\"},\"headline\":\"Salud: complejo panorama y alarma entre dependientes de medicaci\u00f3n cr\u00f3nica\",\"datePublished\":\"2018-09-05T12:30:57+00:00\",\"mainEntityOfPage\":{\"@id\":\"https:\\\/\\\/noticiasmercedinas.com\\\/site\\\/2018\\\/09\\\/05\\\/salud-complejo-panorama-y-alarma-entre-dependientes-de-medicacion-cronica\\\/\"},\"wordCount\":290,\"commentCount\":0,\"publisher\":{\"@id\":\"https:\\\/\\\/noticiasmercedinas.com\\\/site\\\/#organization\"},\"image\":{\"@id\":\"https:\\\/\\\/noticiasmercedinas.com\\\/site\\\/2018\\\/09\\\/05\\\/salud-complejo-panorama-y-alarma-entre-dependientes-de-medicacion-cronica\\\/#primaryimage\"},\"thumbnailUrl\":\"https:\\\/\\\/noticiasmercedinas.com\\\/site\\\/wp-content\\\/uploads\\\/2018\\\/09\\\/vih2.jpg\",\"keywords\":[\"enfermedades\",\"hiv\",\"mercedes\",\"ministerio\",\"pacientes\",\"salud\"],\"articleSection\":[\"Sociedad\"],\"inLanguage\":\"es\",\"potentialAction\":[{\"@type\":\"CommentAction\",\"name\":\"Comment\",\"target\":[\"https:\\\/\\\/noticiasmercedinas.com\\\/site\\\/2018\\\/09\\\/05\\\/salud-complejo-panorama-y-alarma-entre-dependientes-de-medicacion-cronica\\\/#respond\"]}]},{\"@type\":\"WebPage\",\"@id\":\"https:\\\/\\\/noticiasmercedinas.com\\\/site\\\/2018\\\/09\\\/05\\\/salud-complejo-panorama-y-alarma-entre-dependientes-de-medicacion-cronica\\\/\",\"url\":\"https:\\\/\\\/noticiasmercedinas.com\\\/site\\\/2018\\\/09\\\/05\\\/salud-complejo-panorama-y-alarma-entre-dependientes-de-medicacion-cronica\\\/\",\"name\":\"Salud: complejo panorama y alarma entre dependientes de medicaci\u00f3n cr\u00f3nica\",\"isPartOf\":{\"@id\":\"https:\\\/\\\/noticiasmercedinas.com\\\/site\\\/#website\"},\"primaryImageOfPage\":{\"@id\":\"https:\\\/\\\/noticiasmercedinas.com\\\/site\\\/2018\\\/09\\\/05\\\/salud-complejo-panorama-y-alarma-entre-dependientes-de-medicacion-cronica\\\/#primaryimage\"},\"image\":{\"@id\":\"https:\\\/\\\/noticiasmercedinas.com\\\/site\\\/2018\\\/09\\\/05\\\/salud-complejo-panorama-y-alarma-entre-dependientes-de-medicacion-cronica\\\/#primaryimage\"},\"thumbnailUrl\":\"https:\\\/\\\/noticiasmercedinas.com\\\/site\\\/wp-content\\\/uploads\\\/2018\\\/09\\\/vih2.jpg\",\"datePublished\":\"2018-09-05T12:30:57+00:00\",\"breadcrumb\":{\"@id\":\"https:\\\/\\\/noticiasmercedinas.com\\\/site\\\/2018\\\/09\\\/05\\\/salud-complejo-panorama-y-alarma-entre-dependientes-de-medicacion-cronica\\\/#breadcrumb\"},\"inLanguage\":\"es\",\"potentialAction\":[{\"@type\":\"ReadAction\",\"target\":[\"https:\\\/\\\/noticiasmercedinas.com\\\/site\\\/2018\\\/09\\\/05\\\/salud-complejo-panorama-y-alarma-entre-dependientes-de-medicacion-cronica\\\/\"]}]},{\"@type\":\"ImageObject\",\"inLanguage\":\"es\",\"@id\":\"https:\\\/\\\/noticiasmercedinas.com\\\/site\\\/2018\\\/09\\\/05\\\/salud-complejo-panorama-y-alarma-entre-dependientes-de-medicacion-cronica\\\/#primaryimage\",\"url\":\"https:\\\/\\\/noticiasmercedinas.com\\\/site\\\/wp-content\\\/uploads\\\/2018\\\/09\\\/vih2.jpg\",\"contentUrl\":\"https:\\\/\\\/noticiasmercedinas.com\\\/site\\\/wp-content\\\/uploads\\\/2018\\\/09\\\/vih2.jpg\",\"width\":654,\"height\":327},{\"@type\":\"BreadcrumbList\",\"@id\":\"https:\\\/\\\/noticiasmercedinas.com\\\/site\\\/2018\\\/09\\\/05\\\/salud-complejo-panorama-y-alarma-entre-dependientes-de-medicacion-cronica\\\/#breadcrumb\",\"itemListElement\":[{\"@type\":\"ListItem\",\"position\":1,\"name\":\"Portada\",\"item\":\"https:\\\/\\\/noticiasmercedinas.com\\\/site\\\/\"},{\"@type\":\"ListItem\",\"position\":2,\"name\":\"Salud: complejo panorama y alarma entre dependientes de medicaci\u00f3n cr\u00f3nica\"}]},{\"@type\":\"WebSite\",\"@id\":\"https:\\\/\\\/noticiasmercedinas.com\\\/site\\\/#website\",\"url\":\"https:\\\/\\\/noticiasmercedinas.com\\\/site\\\/\",\"name\":\"NOTICIASMERCEDINAS.COM\",\"description\":\"Mercedes, Buenos Aires, Argentina\",\"publisher\":{\"@id\":\"https:\\\/\\\/noticiasmercedinas.com\\\/site\\\/#organization\"},\"potentialAction\":[{\"@type\":\"SearchAction\",\"target\":{\"@type\":\"EntryPoint\",\"urlTemplate\":\"https:\\\/\\\/noticiasmercedinas.com\\\/site\\\/?s={search_term_string}\"},\"query-input\":{\"@type\":\"PropertyValueSpecification\",\"valueRequired\":true,\"valueName\":\"search_term_string\"}}],\"inLanguage\":\"es\"},{\"@type\":\"Organization\",\"@id\":\"https:\\\/\\\/noticiasmercedinas.com\\\/site\\\/#organization\",\"name\":\"NOTICIASMERCEDINAS.COM\",\"url\":\"https:\\\/\\\/noticiasmercedinas.com\\\/site\\\/\",\"logo\":{\"@type\":\"ImageObject\",\"inLanguage\":\"es\",\"@id\":\"https:\\\/\\\/noticiasmercedinas.com\\\/site\\\/#\\\/schema\\\/logo\\\/image\\\/\",\"url\":\"https:\\\/\\\/noticiasmercedinas.com\\\/site\\\/wp-content\\\/uploads\\\/2020\\\/06\\\/LOGO-512.jpg\",\"contentUrl\":\"https:\\\/\\\/noticiasmercedinas.com\\\/site\\\/wp-content\\\/uploads\\\/2020\\\/06\\\/LOGO-512.jpg\",\"width\":512,\"height\":512,\"caption\":\"NOTICIASMERCEDINAS.COM\"},\"image\":{\"@id\":\"https:\\\/\\\/noticiasmercedinas.com\\\/site\\\/#\\\/schema\\\/logo\\\/image\\\/\"},\"sameAs\":[\"https:\\\/\\\/www.facebook.com\\\/noticiasmercedinas\\\/\",\"https:\\\/\\\/x.com\\\/notmercedinas\",\"https:\\\/\\\/www.instagram.com\\\/noticiasmercedinas\\\/\"]},{\"@type\":\"Person\",\"@id\":\"https:\\\/\\\/noticiasmercedinas.com\\\/site\\\/#\\\/schema\\\/person\\\/d481a9696a5feaec13a60e2bbd991a6a\",\"name\":\"Cristian Falabella NOTICIASMERCEDINAS.COM\",\"image\":{\"@type\":\"ImageObject\",\"inLanguage\":\"es\",\"@id\":\"https:\\\/\\\/secure.gravatar.com\\\/avatar\\\/0dbbfc45970cc46bcd0e57766228574ff3511d6eed045b182f536f0f478c1f06?s=96&d=mm&r=g\",\"url\":\"https:\\\/\\\/secure.gravatar.com\\\/avatar\\\/0dbbfc45970cc46bcd0e57766228574ff3511d6eed045b182f536f0f478c1f06?s=96&d=mm&r=g\",\"contentUrl\":\"https:\\\/\\\/secure.gravatar.com\\\/avatar\\\/0dbbfc45970cc46bcd0e57766228574ff3511d6eed045b182f536f0f478c1f06?s=96&d=mm&r=g\",\"caption\":\"Cristian Falabella NOTICIASMERCEDINAS.COM\"},\"description\":\"Periodista, editor de Noticias Mercedinas. Pas\u00f3 por varias redacciones y emprendimientos de prensa, en distintos formatos y \u00e9pocas. Se especializ\u00f3 --y sigue haci\u00e9ndolo-- en comunicaci\u00f3n en la web y en junio de 2006 fund\u00f3 este diario digital.\",\"sameAs\":[\"https:\\\/\\\/noticiasmercedinas.com\",\"https:\\\/\\\/www.facebook.com\\\/cristian.falabella\",\"https:\\\/\\\/www.instagram.com\\\/noticiasmercedinas\\\/\",\"https:\\\/\\\/x.com\\\/https:\\\/\\\/twitter.com\\\/NOTMERCEDINAS\"],\"url\":\"https:\\\/\\\/noticiasmercedinas.com\\\/site\\\/author\\\/as000384\\\/\"}]}<\/script>\n<!-- \/ Yoast SEO plugin. -->","yoast_head_json":{"title":"Salud: complejo panorama y alarma entre dependientes de medicaci\u00f3n cr\u00f3nica","robots":{"index":"index","follow":"follow","max-snippet":"max-snippet:-1","max-image-preview":"max-image-preview:large","max-video-preview":"max-video-preview:-1"},"canonical":"https:\/\/noticiasmercedinas.com\/site\/2018\/09\/05\/salud-complejo-panorama-y-alarma-entre-dependientes-de-medicacion-cronica\/","og_locale":"es_ES","og_type":"article","og_title":"Salud: complejo panorama y alarma entre dependientes de medicaci\u00f3n cr\u00f3nica","og_description":"Tras degradaci\u00f3n de Ministerio de Salud, renunci\u00f3 director nacional de SIDA, HIV, enfermedades de transmisi\u00f3n sexual y tuberculosis. Pacientes mercedinos con HIV angustiados por la nueva realidad. Tras la degradaci\u00f3n de la categor\u00eda de Ministerio a Secretar\u00eda de Salud, el director nacional de SIDA, HIV, enfermedades de transmisi\u00f3n sexual y tuberculosis, dimiti\u00f3 frente a la [&hellip;]","og_url":"https:\/\/noticiasmercedinas.com\/site\/2018\/09\/05\/salud-complejo-panorama-y-alarma-entre-dependientes-de-medicacion-cronica\/","og_site_name":"NOTICIASMERCEDINAS.COM","article_publisher":"https:\/\/www.facebook.com\/noticiasmercedinas\/","article_author":"https:\/\/www.facebook.com\/cristian.falabella","article_published_time":"2018-09-05T12:30:57+00:00","og_image":[{"width":654,"height":327,"url":"https:\/\/noticiasmercedinas.com\/site\/wp-content\/uploads\/2018\/09\/vih2.jpg","type":"image\/jpeg"}],"author":"Cristian Falabella NOTICIASMERCEDINAS.COM","twitter_card":"summary_large_image","twitter_creator":"@https:\/\/twitter.com\/NOTMERCEDINAS","twitter_site":"@notmercedinas","twitter_misc":{"Escrito por":"Cristian Falabella NOTICIASMERCEDINAS.COM","Tiempo de lectura":"1 minuto"},"schema":{"@context":"https:\/\/schema.org","@graph":[{"@type":"Article","@id":"https:\/\/noticiasmercedinas.com\/site\/2018\/09\/05\/salud-complejo-panorama-y-alarma-entre-dependientes-de-medicacion-cronica\/#article","isPartOf":{"@id":"https:\/\/noticiasmercedinas.com\/site\/2018\/09\/05\/salud-complejo-panorama-y-alarma-entre-dependientes-de-medicacion-cronica\/"},"author":{"name":"Cristian Falabella NOTICIASMERCEDINAS.COM","@id":"https:\/\/noticiasmercedinas.com\/site\/#\/schema\/person\/d481a9696a5feaec13a60e2bbd991a6a"},"headline":"Salud: complejo panorama y alarma entre dependientes de medicaci\u00f3n cr\u00f3nica","datePublished":"2018-09-05T12:30:57+00:00","mainEntityOfPage":{"@id":"https:\/\/noticiasmercedinas.com\/site\/2018\/09\/05\/salud-complejo-panorama-y-alarma-entre-dependientes-de-medicacion-cronica\/"},"wordCount":290,"commentCount":0,"publisher":{"@id":"https:\/\/noticiasmercedinas.com\/site\/#organization"},"image":{"@id":"https:\/\/noticiasmercedinas.com\/site\/2018\/09\/05\/salud-complejo-panorama-y-alarma-entre-dependientes-de-medicacion-cronica\/#primaryimage"},"thumbnailUrl":"https:\/\/noticiasmercedinas.com\/site\/wp-content\/uploads\/2018\/09\/vih2.jpg","keywords":["enfermedades","hiv","mercedes","ministerio","pacientes","salud"],"articleSection":["Sociedad"],"inLanguage":"es","potentialAction":[{"@type":"CommentAction","name":"Comment","target":["https:\/\/noticiasmercedinas.com\/site\/2018\/09\/05\/salud-complejo-panorama-y-alarma-entre-dependientes-de-medicacion-cronica\/#respond"]}]},{"@type":"WebPage","@id":"https:\/\/noticiasmercedinas.com\/site\/2018\/09\/05\/salud-complejo-panorama-y-alarma-entre-dependientes-de-medicacion-cronica\/","url":"https:\/\/noticiasmercedinas.com\/site\/2018\/09\/05\/salud-complejo-panorama-y-alarma-entre-dependientes-de-medicacion-cronica\/","name":"Salud: complejo panorama y alarma entre dependientes de medicaci\u00f3n cr\u00f3nica","isPartOf":{"@id":"https:\/\/noticiasmercedinas.com\/site\/#website"},"primaryImageOfPage":{"@id":"https:\/\/noticiasmercedinas.com\/site\/2018\/09\/05\/salud-complejo-panorama-y-alarma-entre-dependientes-de-medicacion-cronica\/#primaryimage"},"image":{"@id":"https:\/\/noticiasmercedinas.com\/site\/2018\/09\/05\/salud-complejo-panorama-y-alarma-entre-dependientes-de-medicacion-cronica\/#primaryimage"},"thumbnailUrl":"https:\/\/noticiasmercedinas.com\/site\/wp-content\/uploads\/2018\/09\/vih2.jpg","datePublished":"2018-09-05T12:30:57+00:00","breadcrumb":{"@id":"https:\/\/noticiasmercedinas.com\/site\/2018\/09\/05\/salud-complejo-panorama-y-alarma-entre-dependientes-de-medicacion-cronica\/#breadcrumb"},"inLanguage":"es","potentialAction":[{"@type":"ReadAction","target":["https:\/\/noticiasmercedinas.com\/site\/2018\/09\/05\/salud-complejo-panorama-y-alarma-entre-dependientes-de-medicacion-cronica\/"]}]},{"@type":"ImageObject","inLanguage":"es","@id":"https:\/\/noticiasmercedinas.com\/site\/2018\/09\/05\/salud-complejo-panorama-y-alarma-entre-dependientes-de-medicacion-cronica\/#primaryimage","url":"https:\/\/noticiasmercedinas.com\/site\/wp-content\/uploads\/2018\/09\/vih2.jpg","contentUrl":"https:\/\/noticiasmercedinas.com\/site\/wp-content\/uploads\/2018\/09\/vih2.jpg","width":654,"height":327},{"@type":"BreadcrumbList","@id":"https:\/\/noticiasmercedinas.com\/site\/2018\/09\/05\/salud-complejo-panorama-y-alarma-entre-dependientes-de-medicacion-cronica\/#breadcrumb","itemListElement":[{"@type":"ListItem","position":1,"name":"Portada","item":"https:\/\/noticiasmercedinas.com\/site\/"},{"@type":"ListItem","position":2,"name":"Salud: complejo panorama y alarma entre dependientes de medicaci\u00f3n cr\u00f3nica"}]},{"@type":"WebSite","@id":"https:\/\/noticiasmercedinas.com\/site\/#website","url":"https:\/\/noticiasmercedinas.com\/site\/","name":"NOTICIASMERCEDINAS.COM","description":"Mercedes, Buenos Aires, Argentina","publisher":{"@id":"https:\/\/noticiasmercedinas.com\/site\/#organization"},"potentialAction":[{"@type":"SearchAction","target":{"@type":"EntryPoint","urlTemplate":"https:\/\/noticiasmercedinas.com\/site\/?s={search_term_string}"},"query-input":{"@type":"PropertyValueSpecification","valueRequired":true,"valueName":"search_term_string"}}],"inLanguage":"es"},{"@type":"Organization","@id":"https:\/\/noticiasmercedinas.com\/site\/#organization","name":"NOTICIASMERCEDINAS.COM","url":"https:\/\/noticiasmercedinas.com\/site\/","logo":{"@type":"ImageObject","inLanguage":"es","@id":"https:\/\/noticiasmercedinas.com\/site\/#\/schema\/logo\/image\/","url":"https:\/\/noticiasmercedinas.com\/site\/wp-content\/uploads\/2020\/06\/LOGO-512.jpg","contentUrl":"https:\/\/noticiasmercedinas.com\/site\/wp-content\/uploads\/2020\/06\/LOGO-512.jpg","width":512,"height":512,"caption":"NOTICIASMERCEDINAS.COM"},"image":{"@id":"https:\/\/noticiasmercedinas.com\/site\/#\/schema\/logo\/image\/"},"sameAs":["https:\/\/www.facebook.com\/noticiasmercedinas\/","https:\/\/x.com\/notmercedinas","https:\/\/www.instagram.com\/noticiasmercedinas\/"]},{"@type":"Person","@id":"https:\/\/noticiasmercedinas.com\/site\/#\/schema\/person\/d481a9696a5feaec13a60e2bbd991a6a","name":"Cristian Falabella NOTICIASMERCEDINAS.COM","image":{"@type":"ImageObject","inLanguage":"es","@id":"https:\/\/secure.gravatar.com\/avatar\/0dbbfc45970cc46bcd0e57766228574ff3511d6eed045b182f536f0f478c1f06?s=96&d=mm&r=g","url":"https:\/\/secure.gravatar.com\/avatar\/0dbbfc45970cc46bcd0e57766228574ff3511d6eed045b182f536f0f478c1f06?s=96&d=mm&r=g","contentUrl":"https:\/\/secure.gravatar.com\/avatar\/0dbbfc45970cc46bcd0e57766228574ff3511d6eed045b182f536f0f478c1f06?s=96&d=mm&r=g","caption":"Cristian Falabella NOTICIASMERCEDINAS.COM"},"description":"Periodista, editor de Noticias Mercedinas. Pas\u00f3 por varias redacciones y emprendimientos de prensa, en distintos formatos y \u00e9pocas. Se especializ\u00f3 --y sigue haci\u00e9ndolo-- en comunicaci\u00f3n en la web y en junio de 2006 fund\u00f3 este diario digital.","sameAs":["https:\/\/noticiasmercedinas.com","https:\/\/www.facebook.com\/cristian.falabella","https:\/\/www.instagram.com\/noticiasmercedinas\/","https:\/\/x.com\/https:\/\/twitter.com\/NOTMERCEDINAS"],"url":"https:\/\/noticiasmercedinas.com\/site\/author\/as000384\/"}]}},"amp_enabled":true,"_links":{"self":[{"href":"https:\/\/noticiasmercedinas.com\/site\/wp-json\/wp\/v2\/posts\/1102","targetHints":{"allow":["GET"]}}],"collection":[{"href":"https:\/\/noticiasmercedinas.com\/site\/wp-json\/wp\/v2\/posts"}],"about":[{"href":"https:\/\/noticiasmercedinas.com\/site\/wp-json\/wp\/v2\/types\/post"}],"author":[{"embeddable":true,"href":"https:\/\/noticiasmercedinas.com\/site\/wp-json\/wp\/v2\/users\/2"}],"replies":[{"embeddable":true,"href":"https:\/\/noticiasmercedinas.com\/site\/wp-json\/wp\/v2\/comments?post=1102"}],"version-history":[{"count":1,"href":"https:\/\/noticiasmercedinas.com\/site\/wp-json\/wp\/v2\/posts\/1102\/revisions"}],"predecessor-version":[{"id":1104,"href":"https:\/\/noticiasmercedinas.com\/site\/wp-json\/wp\/v2\/posts\/1102\/revisions\/1104"}],"wp:featuredmedia":[{"embeddable":true,"href":"https:\/\/noticiasmercedinas.com\/site\/wp-json\/wp\/v2\/media\/1103"}],"wp:attachment":[{"href":"https:\/\/noticiasmercedinas.com\/site\/wp-json\/wp\/v2\/media?parent=1102"}],"wp:term":[{"taxonomy":"category","embeddable":true,"href":"https:\/\/noticiasmercedinas.com\/site\/wp-json\/wp\/v2\/categories?post=1102"},{"taxonomy":"post_tag","embeddable":true,"href":"https:\/\/noticiasmercedinas.com\/site\/wp-json\/wp\/v2\/tags?post=1102"}],"curies":[{"name":"wp","href":"https:\/\/api.w.org\/{rel}","templated":true}]}}