{"id":11077,"date":"2019-01-22T09:52:15","date_gmt":"2019-01-22T12:52:15","guid":{"rendered":"https:\/\/noticiasmercedinas.com\/site\/?p=11077"},"modified":"2019-01-22T09:55:08","modified_gmt":"2019-01-22T12:55:08","slug":"escuelas-abiertas-de-verano-lanzaron-concurso-el-mejor-plato","status":"publish","type":"post","link":"https:\/\/noticiasmercedinas.com\/site\/2019\/01\/22\/escuelas-abiertas-de-verano-lanzaron-concurso-el-mejor-plato\/","title":{"rendered":"Escuelas Abiertas de Verano: lanzaron concurso \u201cEl mejor plato\u201d"},"content":{"rendered":"<p><img loading=\"lazy\" decoding=\"async\" class=\"alignnone size-full wp-image-11079\" src=\"https:\/\/noticiasmercedinas.com\/site\/wp-content\/uploads\/2019\/01\/Clipboard-1-1.jpg\" alt=\"\" width=\"640\" height=\"414\" srcset=\"https:\/\/noticiasmercedinas.com\/site\/wp-content\/uploads\/2019\/01\/Clipboard-1-1.jpg 640w, https:\/\/noticiasmercedinas.com\/site\/wp-content\/uploads\/2019\/01\/Clipboard-1-1-300x194.jpg 300w, https:\/\/noticiasmercedinas.com\/site\/wp-content\/uploads\/2019\/01\/Clipboard-1-1-600x388.jpg 600w, https:\/\/noticiasmercedinas.com\/site\/wp-content\/uploads\/2019\/01\/Clipboard-1-1-341x220.jpg 341w\" sizes=\"auto, (max-width: 640px) 100vw, 640px\" \/><\/p>\n<p>Para valorar el trabajo de los auxiliares de las Escuelas Abiertas de Verano, desde el Consejo Escolar lanzaron un concurso llamado \u201cEl mejor plato\u201d.<\/p>\n<p>\u201cEste verano alguno de nuestros auxiliares han decidido trabajar en el programa EAV. Decidimos hacer un reconocimiento a nuestras cocineras, que se han esmerado para que los chicos coman rico, sano y nutritivo en este verano. No todas trabajan en el a\u00f1o en ese puesto y se han esmerado para que su trabajo sea de excelencia. Le pusieron el coraz\u00f3n\u201d, destacan sobre este concurso que comienza este martes 22 de enero y finaliza el viernes 25.<\/p>\n<p>La base es alimentaci\u00f3n saludable, nutritiva, sana y divertida. La base de la comida tiene que ser uno de los cortes de carne que est\u00e1n en el men\u00fa de las EAV. Pueden solicitar todos los extras que se deseen para hacer el o los mejores platos que se ver\u00e1n reflejados en las fotos. M\u00ednimo 2 fotos, m\u00e1ximo 5 fotos. La fecha l\u00edmite para enviarlas a trav\u00e9s de la directora de la instituci\u00f3n es el viernes 25 de enero a las 13 horas. La votaci\u00f3n se har\u00e1 por Facebook y se elegir\u00e1 la foto m\u00e1s votada, que recibir\u00e1 premio y habr\u00e1 3 menciones especiales.<\/p>\n<p>Pueden participar con un solo grupo de fotos por escuela, y por cocinera. Se publicaran las fotos con un n\u00famero sin poner a qu\u00e9 instituci\u00f3n y cocinera pertenecen.<\/p>\n<p>En este contexto y consultada por NOTICIASMERCEDINAS.COM, <strong>Ana Darritchon<\/strong>, presidente del Consejo Escolar, coment\u00f3: \u201cLa matr\u00edcula este a\u00f1o es mucho menos que los a\u00f1os anteriores de esta gesti\u00f3n. Un 50% menos. La calidad pedag\u00f3gica, la tarea realizada por los docentes es excelente, muchos, la mayor\u00eda son reci\u00e9n recibidos o estudiantes y los trabajos realizados son maravillosos\u201d.<\/p>\n<p>\u201cSon originales, creativos. Y las auxiliares de cocina le pusieron el coraz\u00f3n, quedamos boqui abiertos cada vez que nos mandan las fotos\u201d, sostuvo Darritchon.<\/p>\n<p>\u201cEs una pena que m\u00e1s chicos no aprovechen esta oportunidad de aprender jugando, y comer rico, sano, y nutritivo\u201d, complet\u00f3 la presidente del Consejo Escolar.<\/p>\n","protected":false},"excerpt":{"rendered":"<p>Para valorar el trabajo de los auxiliares de las Escuelas Abiertas de Verano, desde el Consejo Escolar lanzaron un concurso llamado \u201cEl mejor plato\u201d. \u201cEste verano alguno de nuestros auxiliares han decidido trabajar en el programa EAV. Decidimos hacer un reconocimiento a nuestras cocineras, que se han esmerado para que los chicos coman rico, sano [&hellip;]<\/p>\n","protected":false},"author":2,"featured_media":11079,"comment_status":"open","ping_status":"open","sticky":false,"template":"","format":"standard","meta":{"footnotes":""},"categories":[3],"tags":[815,3361,3362,267,3359,3360],"class_list":["post-11077","post","type-post","status-publish","format-standard","has-post-thumbnail","hentry","category-sociedad","tag-ana-darritchon","tag-auxiliares","tag-cocina","tag-consejo-escolar","tag-el-mejor-plato","tag-escuelas-abiertas-de-verano"],"yoast_head":"<!-- This site is optimized with the Yoast SEO plugin v27.5 - https:\/\/yoast.com\/product\/yoast-seo-wordpress\/ -->\n<title>Escuelas Abiertas de Verano: lanzaron concurso \u201cEl mejor plato\u201d<\/title>\n<meta name=\"robots\" content=\"index, follow, max-snippet:-1, max-image-preview:large, max-video-preview:-1\" \/>\n<link rel=\"canonical\" href=\"https:\/\/noticiasmercedinas.com\/site\/2019\/01\/22\/escuelas-abiertas-de-verano-lanzaron-concurso-el-mejor-plato\/\" \/>\n<meta property=\"og:locale\" content=\"es_ES\" \/>\n<meta property=\"og:type\" content=\"article\" \/>\n<meta property=\"og:title\" content=\"Escuelas Abiertas de Verano: lanzaron concurso \u201cEl mejor plato\u201d\" \/>\n<meta property=\"og:description\" content=\"Para valorar el trabajo de los auxiliares de las Escuelas Abiertas de Verano, desde el Consejo Escolar lanzaron un concurso llamado \u201cEl mejor plato\u201d. \u201cEste verano alguno de nuestros auxiliares han decidido trabajar en el programa EAV. Decidimos hacer un reconocimiento a nuestras cocineras, que se han esmerado para que los chicos coman rico, sano [&hellip;]\" \/>\n<meta property=\"og:url\" content=\"https:\/\/noticiasmercedinas.com\/site\/2019\/01\/22\/escuelas-abiertas-de-verano-lanzaron-concurso-el-mejor-plato\/\" \/>\n<meta property=\"og:site_name\" content=\"NOTICIASMERCEDINAS.COM\" \/>\n<meta property=\"article:publisher\" content=\"https:\/\/www.facebook.com\/noticiasmercedinas\/\" \/>\n<meta property=\"article:author\" content=\"https:\/\/www.facebook.com\/cristian.falabella\" \/>\n<meta property=\"article:published_time\" content=\"2019-01-22T12:52:15+00:00\" \/>\n<meta property=\"article:modified_time\" content=\"2019-01-22T12:55:08+00:00\" \/>\n<meta property=\"og:image\" content=\"https:\/\/noticiasmercedinas.com\/site\/wp-content\/uploads\/2019\/01\/Clipboard-1-1.jpg\" \/>\n\t<meta property=\"og:image:width\" content=\"640\" \/>\n\t<meta property=\"og:image:height\" content=\"414\" \/>\n\t<meta property=\"og:image:type\" content=\"image\/jpeg\" \/>\n<meta name=\"author\" content=\"Cristian Falabella NOTICIASMERCEDINAS.COM\" \/>\n<meta name=\"twitter:card\" content=\"summary_large_image\" \/>\n<meta name=\"twitter:creator\" content=\"@https:\/\/twitter.com\/NOTMERCEDINAS\" \/>\n<meta name=\"twitter:site\" content=\"@notmercedinas\" \/>\n<meta name=\"twitter:label1\" content=\"Escrito por\" \/>\n\t<meta name=\"twitter:data1\" content=\"Cristian Falabella NOTICIASMERCEDINAS.COM\" \/>\n\t<meta name=\"twitter:label2\" content=\"Tiempo de lectura\" \/>\n\t<meta name=\"twitter:data2\" content=\"2 minutos\" \/>\n<script type=\"application\/ld+json\" class=\"yoast-schema-graph\">{\"@context\":\"https:\\\/\\\/schema.org\",\"@graph\":[{\"@type\":\"Article\",\"@id\":\"https:\\\/\\\/noticiasmercedinas.com\\\/site\\\/2019\\\/01\\\/22\\\/escuelas-abiertas-de-verano-lanzaron-concurso-el-mejor-plato\\\/#article\",\"isPartOf\":{\"@id\":\"https:\\\/\\\/noticiasmercedinas.com\\\/site\\\/2019\\\/01\\\/22\\\/escuelas-abiertas-de-verano-lanzaron-concurso-el-mejor-plato\\\/\"},\"author\":{\"name\":\"Cristian Falabella NOTICIASMERCEDINAS.COM\",\"@id\":\"https:\\\/\\\/noticiasmercedinas.com\\\/site\\\/#\\\/schema\\\/person\\\/d481a9696a5feaec13a60e2bbd991a6a\"},\"headline\":\"Escuelas Abiertas de Verano: lanzaron concurso \u201cEl mejor plato\u201d\",\"datePublished\":\"2019-01-22T12:52:15+00:00\",\"dateModified\":\"2019-01-22T12:55:08+00:00\",\"mainEntityOfPage\":{\"@id\":\"https:\\\/\\\/noticiasmercedinas.com\\\/site\\\/2019\\\/01\\\/22\\\/escuelas-abiertas-de-verano-lanzaron-concurso-el-mejor-plato\\\/\"},\"wordCount\":361,\"commentCount\":0,\"publisher\":{\"@id\":\"https:\\\/\\\/noticiasmercedinas.com\\\/site\\\/#organization\"},\"image\":{\"@id\":\"https:\\\/\\\/noticiasmercedinas.com\\\/site\\\/2019\\\/01\\\/22\\\/escuelas-abiertas-de-verano-lanzaron-concurso-el-mejor-plato\\\/#primaryimage\"},\"thumbnailUrl\":\"https:\\\/\\\/noticiasmercedinas.com\\\/site\\\/wp-content\\\/uploads\\\/2019\\\/01\\\/Clipboard-1-1.jpg\",\"keywords\":[\"Ana Darritchon\",\"auxiliares\",\"cocina\",\"consejo escolar\",\"el mejor plato\",\"escuelas abiertas de verano\"],\"articleSection\":[\"Sociedad\"],\"inLanguage\":\"es\",\"potentialAction\":[{\"@type\":\"CommentAction\",\"name\":\"Comment\",\"target\":[\"https:\\\/\\\/noticiasmercedinas.com\\\/site\\\/2019\\\/01\\\/22\\\/escuelas-abiertas-de-verano-lanzaron-concurso-el-mejor-plato\\\/#respond\"]}]},{\"@type\":\"WebPage\",\"@id\":\"https:\\\/\\\/noticiasmercedinas.com\\\/site\\\/2019\\\/01\\\/22\\\/escuelas-abiertas-de-verano-lanzaron-concurso-el-mejor-plato\\\/\",\"url\":\"https:\\\/\\\/noticiasmercedinas.com\\\/site\\\/2019\\\/01\\\/22\\\/escuelas-abiertas-de-verano-lanzaron-concurso-el-mejor-plato\\\/\",\"name\":\"Escuelas Abiertas de Verano: lanzaron concurso \u201cEl mejor plato\u201d\",\"isPartOf\":{\"@id\":\"https:\\\/\\\/noticiasmercedinas.com\\\/site\\\/#website\"},\"primaryImageOfPage\":{\"@id\":\"https:\\\/\\\/noticiasmercedinas.com\\\/site\\\/2019\\\/01\\\/22\\\/escuelas-abiertas-de-verano-lanzaron-concurso-el-mejor-plato\\\/#primaryimage\"},\"image\":{\"@id\":\"https:\\\/\\\/noticiasmercedinas.com\\\/site\\\/2019\\\/01\\\/22\\\/escuelas-abiertas-de-verano-lanzaron-concurso-el-mejor-plato\\\/#primaryimage\"},\"thumbnailUrl\":\"https:\\\/\\\/noticiasmercedinas.com\\\/site\\\/wp-content\\\/uploads\\\/2019\\\/01\\\/Clipboard-1-1.jpg\",\"datePublished\":\"2019-01-22T12:52:15+00:00\",\"dateModified\":\"2019-01-22T12:55:08+00:00\",\"breadcrumb\":{\"@id\":\"https:\\\/\\\/noticiasmercedinas.com\\\/site\\\/2019\\\/01\\\/22\\\/escuelas-abiertas-de-verano-lanzaron-concurso-el-mejor-plato\\\/#breadcrumb\"},\"inLanguage\":\"es\",\"potentialAction\":[{\"@type\":\"ReadAction\",\"target\":[\"https:\\\/\\\/noticiasmercedinas.com\\\/site\\\/2019\\\/01\\\/22\\\/escuelas-abiertas-de-verano-lanzaron-concurso-el-mejor-plato\\\/\"]}]},{\"@type\":\"ImageObject\",\"inLanguage\":\"es\",\"@id\":\"https:\\\/\\\/noticiasmercedinas.com\\\/site\\\/2019\\\/01\\\/22\\\/escuelas-abiertas-de-verano-lanzaron-concurso-el-mejor-plato\\\/#primaryimage\",\"url\":\"https:\\\/\\\/noticiasmercedinas.com\\\/site\\\/wp-content\\\/uploads\\\/2019\\\/01\\\/Clipboard-1-1.jpg\",\"contentUrl\":\"https:\\\/\\\/noticiasmercedinas.com\\\/site\\\/wp-content\\\/uploads\\\/2019\\\/01\\\/Clipboard-1-1.jpg\",\"width\":640,\"height\":414},{\"@type\":\"BreadcrumbList\",\"@id\":\"https:\\\/\\\/noticiasmercedinas.com\\\/site\\\/2019\\\/01\\\/22\\\/escuelas-abiertas-de-verano-lanzaron-concurso-el-mejor-plato\\\/#breadcrumb\",\"itemListElement\":[{\"@type\":\"ListItem\",\"position\":1,\"name\":\"Portada\",\"item\":\"https:\\\/\\\/noticiasmercedinas.com\\\/site\\\/\"},{\"@type\":\"ListItem\",\"position\":2,\"name\":\"Escuelas Abiertas de Verano: lanzaron concurso \u201cEl mejor plato\u201d\"}]},{\"@type\":\"WebSite\",\"@id\":\"https:\\\/\\\/noticiasmercedinas.com\\\/site\\\/#website\",\"url\":\"https:\\\/\\\/noticiasmercedinas.com\\\/site\\\/\",\"name\":\"NOTICIASMERCEDINAS.COM\",\"description\":\"Mercedes, Buenos Aires, Argentina\",\"publisher\":{\"@id\":\"https:\\\/\\\/noticiasmercedinas.com\\\/site\\\/#organization\"},\"potentialAction\":[{\"@type\":\"SearchAction\",\"target\":{\"@type\":\"EntryPoint\",\"urlTemplate\":\"https:\\\/\\\/noticiasmercedinas.com\\\/site\\\/?s={search_term_string}\"},\"query-input\":{\"@type\":\"PropertyValueSpecification\",\"valueRequired\":true,\"valueName\":\"search_term_string\"}}],\"inLanguage\":\"es\"},{\"@type\":\"Organization\",\"@id\":\"https:\\\/\\\/noticiasmercedinas.com\\\/site\\\/#organization\",\"name\":\"NOTICIASMERCEDINAS.COM\",\"url\":\"https:\\\/\\\/noticiasmercedinas.com\\\/site\\\/\",\"logo\":{\"@type\":\"ImageObject\",\"inLanguage\":\"es\",\"@id\":\"https:\\\/\\\/noticiasmercedinas.com\\\/site\\\/#\\\/schema\\\/logo\\\/image\\\/\",\"url\":\"https:\\\/\\\/noticiasmercedinas.com\\\/site\\\/wp-content\\\/uploads\\\/2020\\\/06\\\/LOGO-512.jpg\",\"contentUrl\":\"https:\\\/\\\/noticiasmercedinas.com\\\/site\\\/wp-content\\\/uploads\\\/2020\\\/06\\\/LOGO-512.jpg\",\"width\":512,\"height\":512,\"caption\":\"NOTICIASMERCEDINAS.COM\"},\"image\":{\"@id\":\"https:\\\/\\\/noticiasmercedinas.com\\\/site\\\/#\\\/schema\\\/logo\\\/image\\\/\"},\"sameAs\":[\"https:\\\/\\\/www.facebook.com\\\/noticiasmercedinas\\\/\",\"https:\\\/\\\/x.com\\\/notmercedinas\",\"https:\\\/\\\/www.instagram.com\\\/noticiasmercedinas\\\/\"]},{\"@type\":\"Person\",\"@id\":\"https:\\\/\\\/noticiasmercedinas.com\\\/site\\\/#\\\/schema\\\/person\\\/d481a9696a5feaec13a60e2bbd991a6a\",\"name\":\"Cristian Falabella NOTICIASMERCEDINAS.COM\",\"image\":{\"@type\":\"ImageObject\",\"inLanguage\":\"es\",\"@id\":\"https:\\\/\\\/secure.gravatar.com\\\/avatar\\\/0dbbfc45970cc46bcd0e57766228574ff3511d6eed045b182f536f0f478c1f06?s=96&d=mm&r=g\",\"url\":\"https:\\\/\\\/secure.gravatar.com\\\/avatar\\\/0dbbfc45970cc46bcd0e57766228574ff3511d6eed045b182f536f0f478c1f06?s=96&d=mm&r=g\",\"contentUrl\":\"https:\\\/\\\/secure.gravatar.com\\\/avatar\\\/0dbbfc45970cc46bcd0e57766228574ff3511d6eed045b182f536f0f478c1f06?s=96&d=mm&r=g\",\"caption\":\"Cristian Falabella NOTICIASMERCEDINAS.COM\"},\"description\":\"Periodista, editor de Noticias Mercedinas. Pas\u00f3 por varias redacciones y emprendimientos de prensa, en distintos formatos y \u00e9pocas. Se especializ\u00f3 --y sigue haci\u00e9ndolo-- en comunicaci\u00f3n en la web y en junio de 2006 fund\u00f3 este diario digital.\",\"sameAs\":[\"https:\\\/\\\/noticiasmercedinas.com\",\"https:\\\/\\\/www.facebook.com\\\/cristian.falabella\",\"https:\\\/\\\/www.instagram.com\\\/noticiasmercedinas\\\/\",\"https:\\\/\\\/x.com\\\/https:\\\/\\\/twitter.com\\\/NOTMERCEDINAS\"],\"url\":\"https:\\\/\\\/noticiasmercedinas.com\\\/site\\\/author\\\/as000384\\\/\"}]}<\/script>\n<!-- \/ Yoast SEO plugin. -->","yoast_head_json":{"title":"Escuelas Abiertas de Verano: lanzaron concurso \u201cEl mejor plato\u201d","robots":{"index":"index","follow":"follow","max-snippet":"max-snippet:-1","max-image-preview":"max-image-preview:large","max-video-preview":"max-video-preview:-1"},"canonical":"https:\/\/noticiasmercedinas.com\/site\/2019\/01\/22\/escuelas-abiertas-de-verano-lanzaron-concurso-el-mejor-plato\/","og_locale":"es_ES","og_type":"article","og_title":"Escuelas Abiertas de Verano: lanzaron concurso \u201cEl mejor plato\u201d","og_description":"Para valorar el trabajo de los auxiliares de las Escuelas Abiertas de Verano, desde el Consejo Escolar lanzaron un concurso llamado \u201cEl mejor plato\u201d. \u201cEste verano alguno de nuestros auxiliares han decidido trabajar en el programa EAV. Decidimos hacer un reconocimiento a nuestras cocineras, que se han esmerado para que los chicos coman rico, sano [&hellip;]","og_url":"https:\/\/noticiasmercedinas.com\/site\/2019\/01\/22\/escuelas-abiertas-de-verano-lanzaron-concurso-el-mejor-plato\/","og_site_name":"NOTICIASMERCEDINAS.COM","article_publisher":"https:\/\/www.facebook.com\/noticiasmercedinas\/","article_author":"https:\/\/www.facebook.com\/cristian.falabella","article_published_time":"2019-01-22T12:52:15+00:00","article_modified_time":"2019-01-22T12:55:08+00:00","og_image":[{"width":640,"height":414,"url":"https:\/\/noticiasmercedinas.com\/site\/wp-content\/uploads\/2019\/01\/Clipboard-1-1.jpg","type":"image\/jpeg"}],"author":"Cristian Falabella NOTICIASMERCEDINAS.COM","twitter_card":"summary_large_image","twitter_creator":"@https:\/\/twitter.com\/NOTMERCEDINAS","twitter_site":"@notmercedinas","twitter_misc":{"Escrito por":"Cristian Falabella NOTICIASMERCEDINAS.COM","Tiempo de lectura":"2 minutos"},"schema":{"@context":"https:\/\/schema.org","@graph":[{"@type":"Article","@id":"https:\/\/noticiasmercedinas.com\/site\/2019\/01\/22\/escuelas-abiertas-de-verano-lanzaron-concurso-el-mejor-plato\/#article","isPartOf":{"@id":"https:\/\/noticiasmercedinas.com\/site\/2019\/01\/22\/escuelas-abiertas-de-verano-lanzaron-concurso-el-mejor-plato\/"},"author":{"name":"Cristian Falabella NOTICIASMERCEDINAS.COM","@id":"https:\/\/noticiasmercedinas.com\/site\/#\/schema\/person\/d481a9696a5feaec13a60e2bbd991a6a"},"headline":"Escuelas Abiertas de Verano: lanzaron concurso \u201cEl mejor plato\u201d","datePublished":"2019-01-22T12:52:15+00:00","dateModified":"2019-01-22T12:55:08+00:00","mainEntityOfPage":{"@id":"https:\/\/noticiasmercedinas.com\/site\/2019\/01\/22\/escuelas-abiertas-de-verano-lanzaron-concurso-el-mejor-plato\/"},"wordCount":361,"commentCount":0,"publisher":{"@id":"https:\/\/noticiasmercedinas.com\/site\/#organization"},"image":{"@id":"https:\/\/noticiasmercedinas.com\/site\/2019\/01\/22\/escuelas-abiertas-de-verano-lanzaron-concurso-el-mejor-plato\/#primaryimage"},"thumbnailUrl":"https:\/\/noticiasmercedinas.com\/site\/wp-content\/uploads\/2019\/01\/Clipboard-1-1.jpg","keywords":["Ana Darritchon","auxiliares","cocina","consejo escolar","el mejor plato","escuelas abiertas de verano"],"articleSection":["Sociedad"],"inLanguage":"es","potentialAction":[{"@type":"CommentAction","name":"Comment","target":["https:\/\/noticiasmercedinas.com\/site\/2019\/01\/22\/escuelas-abiertas-de-verano-lanzaron-concurso-el-mejor-plato\/#respond"]}]},{"@type":"WebPage","@id":"https:\/\/noticiasmercedinas.com\/site\/2019\/01\/22\/escuelas-abiertas-de-verano-lanzaron-concurso-el-mejor-plato\/","url":"https:\/\/noticiasmercedinas.com\/site\/2019\/01\/22\/escuelas-abiertas-de-verano-lanzaron-concurso-el-mejor-plato\/","name":"Escuelas Abiertas de Verano: lanzaron concurso \u201cEl mejor plato\u201d","isPartOf":{"@id":"https:\/\/noticiasmercedinas.com\/site\/#website"},"primaryImageOfPage":{"@id":"https:\/\/noticiasmercedinas.com\/site\/2019\/01\/22\/escuelas-abiertas-de-verano-lanzaron-concurso-el-mejor-plato\/#primaryimage"},"image":{"@id":"https:\/\/noticiasmercedinas.com\/site\/2019\/01\/22\/escuelas-abiertas-de-verano-lanzaron-concurso-el-mejor-plato\/#primaryimage"},"thumbnailUrl":"https:\/\/noticiasmercedinas.com\/site\/wp-content\/uploads\/2019\/01\/Clipboard-1-1.jpg","datePublished":"2019-01-22T12:52:15+00:00","dateModified":"2019-01-22T12:55:08+00:00","breadcrumb":{"@id":"https:\/\/noticiasmercedinas.com\/site\/2019\/01\/22\/escuelas-abiertas-de-verano-lanzaron-concurso-el-mejor-plato\/#breadcrumb"},"inLanguage":"es","potentialAction":[{"@type":"ReadAction","target":["https:\/\/noticiasmercedinas.com\/site\/2019\/01\/22\/escuelas-abiertas-de-verano-lanzaron-concurso-el-mejor-plato\/"]}]},{"@type":"ImageObject","inLanguage":"es","@id":"https:\/\/noticiasmercedinas.com\/site\/2019\/01\/22\/escuelas-abiertas-de-verano-lanzaron-concurso-el-mejor-plato\/#primaryimage","url":"https:\/\/noticiasmercedinas.com\/site\/wp-content\/uploads\/2019\/01\/Clipboard-1-1.jpg","contentUrl":"https:\/\/noticiasmercedinas.com\/site\/wp-content\/uploads\/2019\/01\/Clipboard-1-1.jpg","width":640,"height":414},{"@type":"BreadcrumbList","@id":"https:\/\/noticiasmercedinas.com\/site\/2019\/01\/22\/escuelas-abiertas-de-verano-lanzaron-concurso-el-mejor-plato\/#breadcrumb","itemListElement":[{"@type":"ListItem","position":1,"name":"Portada","item":"https:\/\/noticiasmercedinas.com\/site\/"},{"@type":"ListItem","position":2,"name":"Escuelas Abiertas de Verano: lanzaron concurso \u201cEl mejor plato\u201d"}]},{"@type":"WebSite","@id":"https:\/\/noticiasmercedinas.com\/site\/#website","url":"https:\/\/noticiasmercedinas.com\/site\/","name":"NOTICIASMERCEDINAS.COM","description":"Mercedes, Buenos Aires, Argentina","publisher":{"@id":"https:\/\/noticiasmercedinas.com\/site\/#organization"},"potentialAction":[{"@type":"SearchAction","target":{"@type":"EntryPoint","urlTemplate":"https:\/\/noticiasmercedinas.com\/site\/?s={search_term_string}"},"query-input":{"@type":"PropertyValueSpecification","valueRequired":true,"valueName":"search_term_string"}}],"inLanguage":"es"},{"@type":"Organization","@id":"https:\/\/noticiasmercedinas.com\/site\/#organization","name":"NOTICIASMERCEDINAS.COM","url":"https:\/\/noticiasmercedinas.com\/site\/","logo":{"@type":"ImageObject","inLanguage":"es","@id":"https:\/\/noticiasmercedinas.com\/site\/#\/schema\/logo\/image\/","url":"https:\/\/noticiasmercedinas.com\/site\/wp-content\/uploads\/2020\/06\/LOGO-512.jpg","contentUrl":"https:\/\/noticiasmercedinas.com\/site\/wp-content\/uploads\/2020\/06\/LOGO-512.jpg","width":512,"height":512,"caption":"NOTICIASMERCEDINAS.COM"},"image":{"@id":"https:\/\/noticiasmercedinas.com\/site\/#\/schema\/logo\/image\/"},"sameAs":["https:\/\/www.facebook.com\/noticiasmercedinas\/","https:\/\/x.com\/notmercedinas","https:\/\/www.instagram.com\/noticiasmercedinas\/"]},{"@type":"Person","@id":"https:\/\/noticiasmercedinas.com\/site\/#\/schema\/person\/d481a9696a5feaec13a60e2bbd991a6a","name":"Cristian Falabella NOTICIASMERCEDINAS.COM","image":{"@type":"ImageObject","inLanguage":"es","@id":"https:\/\/secure.gravatar.com\/avatar\/0dbbfc45970cc46bcd0e57766228574ff3511d6eed045b182f536f0f478c1f06?s=96&d=mm&r=g","url":"https:\/\/secure.gravatar.com\/avatar\/0dbbfc45970cc46bcd0e57766228574ff3511d6eed045b182f536f0f478c1f06?s=96&d=mm&r=g","contentUrl":"https:\/\/secure.gravatar.com\/avatar\/0dbbfc45970cc46bcd0e57766228574ff3511d6eed045b182f536f0f478c1f06?s=96&d=mm&r=g","caption":"Cristian Falabella NOTICIASMERCEDINAS.COM"},"description":"Periodista, editor de Noticias Mercedinas. Pas\u00f3 por varias redacciones y emprendimientos de prensa, en distintos formatos y \u00e9pocas. Se especializ\u00f3 --y sigue haci\u00e9ndolo-- en comunicaci\u00f3n en la web y en junio de 2006 fund\u00f3 este diario digital.","sameAs":["https:\/\/noticiasmercedinas.com","https:\/\/www.facebook.com\/cristian.falabella","https:\/\/www.instagram.com\/noticiasmercedinas\/","https:\/\/x.com\/https:\/\/twitter.com\/NOTMERCEDINAS"],"url":"https:\/\/noticiasmercedinas.com\/site\/author\/as000384\/"}]}},"amp_enabled":true,"_links":{"self":[{"href":"https:\/\/noticiasmercedinas.com\/site\/wp-json\/wp\/v2\/posts\/11077","targetHints":{"allow":["GET"]}}],"collection":[{"href":"https:\/\/noticiasmercedinas.com\/site\/wp-json\/wp\/v2\/posts"}],"about":[{"href":"https:\/\/noticiasmercedinas.com\/site\/wp-json\/wp\/v2\/types\/post"}],"author":[{"embeddable":true,"href":"https:\/\/noticiasmercedinas.com\/site\/wp-json\/wp\/v2\/users\/2"}],"replies":[{"embeddable":true,"href":"https:\/\/noticiasmercedinas.com\/site\/wp-json\/wp\/v2\/comments?post=11077"}],"version-history":[{"count":2,"href":"https:\/\/noticiasmercedinas.com\/site\/wp-json\/wp\/v2\/posts\/11077\/revisions"}],"predecessor-version":[{"id":11081,"href":"https:\/\/noticiasmercedinas.com\/site\/wp-json\/wp\/v2\/posts\/11077\/revisions\/11081"}],"wp:featuredmedia":[{"embeddable":true,"href":"https:\/\/noticiasmercedinas.com\/site\/wp-json\/wp\/v2\/media\/11079"}],"wp:attachment":[{"href":"https:\/\/noticiasmercedinas.com\/site\/wp-json\/wp\/v2\/media?parent=11077"}],"wp:term":[{"taxonomy":"category","embeddable":true,"href":"https:\/\/noticiasmercedinas.com\/site\/wp-json\/wp\/v2\/categories?post=11077"},{"taxonomy":"post_tag","embeddable":true,"href":"https:\/\/noticiasmercedinas.com\/site\/wp-json\/wp\/v2\/tags?post=11077"}],"curies":[{"name":"wp","href":"https:\/\/api.w.org\/{rel}","templated":true}]}}