{"id":110858,"date":"2023-03-13T17:59:15","date_gmt":"2023-03-13T20:59:15","guid":{"rendered":"https:\/\/noticiasmercedinas.com\/site\/?p=110858"},"modified":"2023-03-13T17:59:15","modified_gmt":"2023-03-13T20:59:15","slug":"principios-y-valores-mercedes-se-suma-a-la-presentacion-de-guillermo-moreno-presidente","status":"publish","type":"post","link":"https:\/\/noticiasmercedinas.com\/site\/2023\/03\/13\/principios-y-valores-mercedes-se-suma-a-la-presentacion-de-guillermo-moreno-presidente\/","title":{"rendered":"Principios y Valores Mercedes se suma a la presentaci\u00f3n de Guillermo Moreno presidente"},"content":{"rendered":"<p><img loading=\"lazy\" decoding=\"async\" class=\"alignnone size-large wp-image-110859\" src=\"https:\/\/noticiasmercedinas.com\/site\/wp-content\/uploads\/2023\/03\/e41ed915-56bf-4b64-8e1c-9f340b212d1e-1024x576.jpg\" alt=\"\" width=\"640\" height=\"360\" \/><\/p>\n<p>Desde Principios y Valores Mercedes estar\u00e1n en el lanzamiento de Guillermo Moreno presidente e invitan a quienes quieran sumarse.<\/p>\n<p>El pr\u00f3ximo viernes 17 de marzo a las 18:00 el partido Principios y Valores realizar\u00e1 el acto de lanzamiento de la precandidatura a Presidente de la Naci\u00f3n de su conductor, el Lic. Guillermo Moreno.<\/p>\n<p>\u00abPrincipios y Valores es la \u00fanica fuerza pol\u00edtica con un plan econ\u00f3mico para iniciar un nuevo ciclo de crecimiento y reindustrializaci\u00f3n de la Argentina. El Plan Econ\u00f3mico Peronista fue presentado el 22 de julio de 2022\u00bb, explicaron<\/p>\n<p>El acto ser\u00e1 encabezado por el mismo Guillermo Moreno, presidente del partido, su vicepresidente, Horacio Valdez, Secretario General del SOIVA (Sindicato de Obreros de la Industria del Vidrio y Afines) y la presidenta de Principios y Valores Capital Federal, Pimpi Colombo, junto a autoridades partidarias.<\/p>\n<p>La cita tendr\u00e1 lugar en el predio del SOIVA, Jos\u00e9 Mar\u00eda Freyre 69, Avellaneda.<\/p>\n<p>El acto ser\u00e1 transmitido en vivo por el <a href=\"https:\/\/youtube.com\/c\/PrincipiosyValores10\">canal oficial de YouTube del partido<\/a>.<\/p>\n","protected":false},"excerpt":{"rendered":"<p>\u25a0 El pr\u00f3ximo viernes 17 de marzo a las 18:00 el partido Principios y Valores realizar\u00e1 el acto de lanzamiento de la precandidatura a Presidente de la Naci\u00f3n de su conductor<\/p>\n","protected":false},"author":16,"featured_media":110859,"comment_status":"closed","ping_status":"closed","sticky":false,"template":"","format":"standard","meta":{"footnotes":""},"categories":[16],"tags":[14662,2871,12780],"class_list":["post-110858","post","type-post","status-publish","format-standard","has-post-thumbnail","hentry","category-politica","tag-elecciones-2023","tag-guillermo-moreno","tag-principios-y-valores"],"yoast_head":"<!-- This site is optimized with the Yoast SEO plugin v27.4 - https:\/\/yoast.com\/product\/yoast-seo-wordpress\/ -->\n<title>Principios y Valores Mercedes se suma a la presentaci\u00f3n de Guillermo Moreno presidente<\/title>\n<meta name=\"robots\" content=\"index, follow, max-snippet:-1, max-image-preview:large, max-video-preview:-1\" \/>\n<link rel=\"canonical\" href=\"https:\/\/noticiasmercedinas.com\/site\/2023\/03\/13\/principios-y-valores-mercedes-se-suma-a-la-presentacion-de-guillermo-moreno-presidente\/\" \/>\n<meta property=\"og:locale\" content=\"es_ES\" \/>\n<meta property=\"og:type\" content=\"article\" \/>\n<meta property=\"og:title\" content=\"Principios y Valores Mercedes se suma a la presentaci\u00f3n de Guillermo Moreno presidente\" \/>\n<meta property=\"og:description\" content=\"\u25a0 El pr\u00f3ximo viernes 17 de marzo a las 18:00 el partido Principios y Valores realizar\u00e1 el acto de lanzamiento de la precandidatura a Presidente de la Naci\u00f3n de su conductor\" \/>\n<meta property=\"og:url\" content=\"https:\/\/noticiasmercedinas.com\/site\/2023\/03\/13\/principios-y-valores-mercedes-se-suma-a-la-presentacion-de-guillermo-moreno-presidente\/\" \/>\n<meta property=\"og:site_name\" content=\"NOTICIASMERCEDINAS.COM\" \/>\n<meta property=\"article:publisher\" content=\"https:\/\/www.facebook.com\/noticiasmercedinas\/\" \/>\n<meta property=\"article:published_time\" content=\"2023-03-13T20:59:15+00:00\" \/>\n<meta property=\"og:image\" content=\"https:\/\/noticiasmercedinas.com\/site\/wp-content\/uploads\/2023\/03\/e41ed915-56bf-4b64-8e1c-9f340b212d1e-e1678741096507.jpg\" \/>\n\t<meta property=\"og:image:width\" content=\"640\" \/>\n\t<meta property=\"og:image:height\" content=\"360\" \/>\n\t<meta property=\"og:image:type\" content=\"image\/jpeg\" \/>\n<meta name=\"author\" content=\"NOTICIASMERCEDINAS.COM\" \/>\n<meta name=\"twitter:card\" content=\"summary_large_image\" \/>\n<meta name=\"twitter:creator\" content=\"@notmercedinas\" \/>\n<meta name=\"twitter:site\" content=\"@notmercedinas\" \/>\n<meta name=\"twitter:label1\" content=\"Escrito por\" \/>\n\t<meta name=\"twitter:data1\" content=\"NOTICIASMERCEDINAS.COM\" \/>\n\t<meta name=\"twitter:label2\" content=\"Tiempo de lectura\" \/>\n\t<meta name=\"twitter:data2\" content=\"1 minuto\" \/>\n<script type=\"application\/ld+json\" class=\"yoast-schema-graph\">{\"@context\":\"https:\\\/\\\/schema.org\",\"@graph\":[{\"@type\":\"Article\",\"@id\":\"https:\\\/\\\/noticiasmercedinas.com\\\/site\\\/2023\\\/03\\\/13\\\/principios-y-valores-mercedes-se-suma-a-la-presentacion-de-guillermo-moreno-presidente\\\/#article\",\"isPartOf\":{\"@id\":\"https:\\\/\\\/noticiasmercedinas.com\\\/site\\\/2023\\\/03\\\/13\\\/principios-y-valores-mercedes-se-suma-a-la-presentacion-de-guillermo-moreno-presidente\\\/\"},\"author\":{\"name\":\"NOTICIASMERCEDINAS.COM\",\"@id\":\"https:\\\/\\\/noticiasmercedinas.com\\\/site\\\/#\\\/schema\\\/person\\\/84b59c099c28ff2e8b77d4ceec5d8063\"},\"headline\":\"Principios y Valores Mercedes se suma a la presentaci\u00f3n de Guillermo Moreno presidente\",\"datePublished\":\"2023-03-13T20:59:15+00:00\",\"mainEntityOfPage\":{\"@id\":\"https:\\\/\\\/noticiasmercedinas.com\\\/site\\\/2023\\\/03\\\/13\\\/principios-y-valores-mercedes-se-suma-a-la-presentacion-de-guillermo-moreno-presidente\\\/\"},\"wordCount\":180,\"publisher\":{\"@id\":\"https:\\\/\\\/noticiasmercedinas.com\\\/site\\\/#organization\"},\"image\":{\"@id\":\"https:\\\/\\\/noticiasmercedinas.com\\\/site\\\/2023\\\/03\\\/13\\\/principios-y-valores-mercedes-se-suma-a-la-presentacion-de-guillermo-moreno-presidente\\\/#primaryimage\"},\"thumbnailUrl\":\"https:\\\/\\\/noticiasmercedinas.com\\\/site\\\/wp-content\\\/uploads\\\/2023\\\/03\\\/e41ed915-56bf-4b64-8e1c-9f340b212d1e-e1678741096507.jpg\",\"keywords\":[\"elecciones 2023\",\"Guillermo Moreno\",\"principios y valores\"],\"articleSection\":[\"Politica\"],\"inLanguage\":\"es\"},{\"@type\":\"WebPage\",\"@id\":\"https:\\\/\\\/noticiasmercedinas.com\\\/site\\\/2023\\\/03\\\/13\\\/principios-y-valores-mercedes-se-suma-a-la-presentacion-de-guillermo-moreno-presidente\\\/\",\"url\":\"https:\\\/\\\/noticiasmercedinas.com\\\/site\\\/2023\\\/03\\\/13\\\/principios-y-valores-mercedes-se-suma-a-la-presentacion-de-guillermo-moreno-presidente\\\/\",\"name\":\"Principios y Valores Mercedes se suma a la presentaci\u00f3n de Guillermo Moreno presidente\",\"isPartOf\":{\"@id\":\"https:\\\/\\\/noticiasmercedinas.com\\\/site\\\/#website\"},\"primaryImageOfPage\":{\"@id\":\"https:\\\/\\\/noticiasmercedinas.com\\\/site\\\/2023\\\/03\\\/13\\\/principios-y-valores-mercedes-se-suma-a-la-presentacion-de-guillermo-moreno-presidente\\\/#primaryimage\"},\"image\":{\"@id\":\"https:\\\/\\\/noticiasmercedinas.com\\\/site\\\/2023\\\/03\\\/13\\\/principios-y-valores-mercedes-se-suma-a-la-presentacion-de-guillermo-moreno-presidente\\\/#primaryimage\"},\"thumbnailUrl\":\"https:\\\/\\\/noticiasmercedinas.com\\\/site\\\/wp-content\\\/uploads\\\/2023\\\/03\\\/e41ed915-56bf-4b64-8e1c-9f340b212d1e-e1678741096507.jpg\",\"datePublished\":\"2023-03-13T20:59:15+00:00\",\"breadcrumb\":{\"@id\":\"https:\\\/\\\/noticiasmercedinas.com\\\/site\\\/2023\\\/03\\\/13\\\/principios-y-valores-mercedes-se-suma-a-la-presentacion-de-guillermo-moreno-presidente\\\/#breadcrumb\"},\"inLanguage\":\"es\",\"potentialAction\":[{\"@type\":\"ReadAction\",\"target\":[\"https:\\\/\\\/noticiasmercedinas.com\\\/site\\\/2023\\\/03\\\/13\\\/principios-y-valores-mercedes-se-suma-a-la-presentacion-de-guillermo-moreno-presidente\\\/\"]}]},{\"@type\":\"ImageObject\",\"inLanguage\":\"es\",\"@id\":\"https:\\\/\\\/noticiasmercedinas.com\\\/site\\\/2023\\\/03\\\/13\\\/principios-y-valores-mercedes-se-suma-a-la-presentacion-de-guillermo-moreno-presidente\\\/#primaryimage\",\"url\":\"https:\\\/\\\/noticiasmercedinas.com\\\/site\\\/wp-content\\\/uploads\\\/2023\\\/03\\\/e41ed915-56bf-4b64-8e1c-9f340b212d1e-e1678741096507.jpg\",\"contentUrl\":\"https:\\\/\\\/noticiasmercedinas.com\\\/site\\\/wp-content\\\/uploads\\\/2023\\\/03\\\/e41ed915-56bf-4b64-8e1c-9f340b212d1e-e1678741096507.jpg\",\"width\":640,\"height\":360},{\"@type\":\"BreadcrumbList\",\"@id\":\"https:\\\/\\\/noticiasmercedinas.com\\\/site\\\/2023\\\/03\\\/13\\\/principios-y-valores-mercedes-se-suma-a-la-presentacion-de-guillermo-moreno-presidente\\\/#breadcrumb\",\"itemListElement\":[{\"@type\":\"ListItem\",\"position\":1,\"name\":\"Portada\",\"item\":\"https:\\\/\\\/noticiasmercedinas.com\\\/site\\\/\"},{\"@type\":\"ListItem\",\"position\":2,\"name\":\"Principios y Valores Mercedes se suma a la presentaci\u00f3n de Guillermo Moreno presidente\"}]},{\"@type\":\"WebSite\",\"@id\":\"https:\\\/\\\/noticiasmercedinas.com\\\/site\\\/#website\",\"url\":\"https:\\\/\\\/noticiasmercedinas.com\\\/site\\\/\",\"name\":\"NOTICIASMERCEDINAS.COM\",\"description\":\"Mercedes, Buenos Aires, Argentina\",\"publisher\":{\"@id\":\"https:\\\/\\\/noticiasmercedinas.com\\\/site\\\/#organization\"},\"potentialAction\":[{\"@type\":\"SearchAction\",\"target\":{\"@type\":\"EntryPoint\",\"urlTemplate\":\"https:\\\/\\\/noticiasmercedinas.com\\\/site\\\/?s={search_term_string}\"},\"query-input\":{\"@type\":\"PropertyValueSpecification\",\"valueRequired\":true,\"valueName\":\"search_term_string\"}}],\"inLanguage\":\"es\"},{\"@type\":\"Organization\",\"@id\":\"https:\\\/\\\/noticiasmercedinas.com\\\/site\\\/#organization\",\"name\":\"NOTICIASMERCEDINAS.COM\",\"url\":\"https:\\\/\\\/noticiasmercedinas.com\\\/site\\\/\",\"logo\":{\"@type\":\"ImageObject\",\"inLanguage\":\"es\",\"@id\":\"https:\\\/\\\/noticiasmercedinas.com\\\/site\\\/#\\\/schema\\\/logo\\\/image\\\/\",\"url\":\"https:\\\/\\\/noticiasmercedinas.com\\\/site\\\/wp-content\\\/uploads\\\/2020\\\/06\\\/LOGO-512.jpg\",\"contentUrl\":\"https:\\\/\\\/noticiasmercedinas.com\\\/site\\\/wp-content\\\/uploads\\\/2020\\\/06\\\/LOGO-512.jpg\",\"width\":512,\"height\":512,\"caption\":\"NOTICIASMERCEDINAS.COM\"},\"image\":{\"@id\":\"https:\\\/\\\/noticiasmercedinas.com\\\/site\\\/#\\\/schema\\\/logo\\\/image\\\/\"},\"sameAs\":[\"https:\\\/\\\/www.facebook.com\\\/noticiasmercedinas\\\/\",\"https:\\\/\\\/x.com\\\/notmercedinas\",\"https:\\\/\\\/www.instagram.com\\\/noticiasmercedinas\\\/\"]},{\"@type\":\"Person\",\"@id\":\"https:\\\/\\\/noticiasmercedinas.com\\\/site\\\/#\\\/schema\\\/person\\\/84b59c099c28ff2e8b77d4ceec5d8063\",\"name\":\"NOTICIASMERCEDINAS.COM\",\"image\":{\"@type\":\"ImageObject\",\"inLanguage\":\"es\",\"@id\":\"https:\\\/\\\/secure.gravatar.com\\\/avatar\\\/4dfbf16b4d17945bfb6341b2d19043457132fcf478a5ee04f42e959fd8f5df0a?s=96&d=mm&r=g\",\"url\":\"https:\\\/\\\/secure.gravatar.com\\\/avatar\\\/4dfbf16b4d17945bfb6341b2d19043457132fcf478a5ee04f42e959fd8f5df0a?s=96&d=mm&r=g\",\"contentUrl\":\"https:\\\/\\\/secure.gravatar.com\\\/avatar\\\/4dfbf16b4d17945bfb6341b2d19043457132fcf478a5ee04f42e959fd8f5df0a?s=96&d=mm&r=g\",\"caption\":\"NOTICIASMERCEDINAS.COM\"},\"url\":\"https:\\\/\\\/noticiasmercedinas.com\\\/site\\\/author\\\/anonimo\\\/\"}]}<\/script>\n<!-- \/ Yoast SEO plugin. -->","yoast_head_json":{"title":"Principios y Valores Mercedes se suma a la presentaci\u00f3n de Guillermo Moreno presidente","robots":{"index":"index","follow":"follow","max-snippet":"max-snippet:-1","max-image-preview":"max-image-preview:large","max-video-preview":"max-video-preview:-1"},"canonical":"https:\/\/noticiasmercedinas.com\/site\/2023\/03\/13\/principios-y-valores-mercedes-se-suma-a-la-presentacion-de-guillermo-moreno-presidente\/","og_locale":"es_ES","og_type":"article","og_title":"Principios y Valores Mercedes se suma a la presentaci\u00f3n de Guillermo Moreno presidente","og_description":"\u25a0 El pr\u00f3ximo viernes 17 de marzo a las 18:00 el partido Principios y Valores realizar\u00e1 el acto de lanzamiento de la precandidatura a Presidente de la Naci\u00f3n de su conductor","og_url":"https:\/\/noticiasmercedinas.com\/site\/2023\/03\/13\/principios-y-valores-mercedes-se-suma-a-la-presentacion-de-guillermo-moreno-presidente\/","og_site_name":"NOTICIASMERCEDINAS.COM","article_publisher":"https:\/\/www.facebook.com\/noticiasmercedinas\/","article_published_time":"2023-03-13T20:59:15+00:00","og_image":[{"width":640,"height":360,"url":"https:\/\/noticiasmercedinas.com\/site\/wp-content\/uploads\/2023\/03\/e41ed915-56bf-4b64-8e1c-9f340b212d1e-e1678741096507.jpg","type":"image\/jpeg"}],"author":"NOTICIASMERCEDINAS.COM","twitter_card":"summary_large_image","twitter_creator":"@notmercedinas","twitter_site":"@notmercedinas","twitter_misc":{"Escrito por":"NOTICIASMERCEDINAS.COM","Tiempo de lectura":"1 minuto"},"schema":{"@context":"https:\/\/schema.org","@graph":[{"@type":"Article","@id":"https:\/\/noticiasmercedinas.com\/site\/2023\/03\/13\/principios-y-valores-mercedes-se-suma-a-la-presentacion-de-guillermo-moreno-presidente\/#article","isPartOf":{"@id":"https:\/\/noticiasmercedinas.com\/site\/2023\/03\/13\/principios-y-valores-mercedes-se-suma-a-la-presentacion-de-guillermo-moreno-presidente\/"},"author":{"name":"NOTICIASMERCEDINAS.COM","@id":"https:\/\/noticiasmercedinas.com\/site\/#\/schema\/person\/84b59c099c28ff2e8b77d4ceec5d8063"},"headline":"Principios y Valores Mercedes se suma a la presentaci\u00f3n de Guillermo Moreno presidente","datePublished":"2023-03-13T20:59:15+00:00","mainEntityOfPage":{"@id":"https:\/\/noticiasmercedinas.com\/site\/2023\/03\/13\/principios-y-valores-mercedes-se-suma-a-la-presentacion-de-guillermo-moreno-presidente\/"},"wordCount":180,"publisher":{"@id":"https:\/\/noticiasmercedinas.com\/site\/#organization"},"image":{"@id":"https:\/\/noticiasmercedinas.com\/site\/2023\/03\/13\/principios-y-valores-mercedes-se-suma-a-la-presentacion-de-guillermo-moreno-presidente\/#primaryimage"},"thumbnailUrl":"https:\/\/noticiasmercedinas.com\/site\/wp-content\/uploads\/2023\/03\/e41ed915-56bf-4b64-8e1c-9f340b212d1e-e1678741096507.jpg","keywords":["elecciones 2023","Guillermo Moreno","principios y valores"],"articleSection":["Politica"],"inLanguage":"es"},{"@type":"WebPage","@id":"https:\/\/noticiasmercedinas.com\/site\/2023\/03\/13\/principios-y-valores-mercedes-se-suma-a-la-presentacion-de-guillermo-moreno-presidente\/","url":"https:\/\/noticiasmercedinas.com\/site\/2023\/03\/13\/principios-y-valores-mercedes-se-suma-a-la-presentacion-de-guillermo-moreno-presidente\/","name":"Principios y Valores Mercedes se suma a la presentaci\u00f3n de Guillermo Moreno presidente","isPartOf":{"@id":"https:\/\/noticiasmercedinas.com\/site\/#website"},"primaryImageOfPage":{"@id":"https:\/\/noticiasmercedinas.com\/site\/2023\/03\/13\/principios-y-valores-mercedes-se-suma-a-la-presentacion-de-guillermo-moreno-presidente\/#primaryimage"},"image":{"@id":"https:\/\/noticiasmercedinas.com\/site\/2023\/03\/13\/principios-y-valores-mercedes-se-suma-a-la-presentacion-de-guillermo-moreno-presidente\/#primaryimage"},"thumbnailUrl":"https:\/\/noticiasmercedinas.com\/site\/wp-content\/uploads\/2023\/03\/e41ed915-56bf-4b64-8e1c-9f340b212d1e-e1678741096507.jpg","datePublished":"2023-03-13T20:59:15+00:00","breadcrumb":{"@id":"https:\/\/noticiasmercedinas.com\/site\/2023\/03\/13\/principios-y-valores-mercedes-se-suma-a-la-presentacion-de-guillermo-moreno-presidente\/#breadcrumb"},"inLanguage":"es","potentialAction":[{"@type":"ReadAction","target":["https:\/\/noticiasmercedinas.com\/site\/2023\/03\/13\/principios-y-valores-mercedes-se-suma-a-la-presentacion-de-guillermo-moreno-presidente\/"]}]},{"@type":"ImageObject","inLanguage":"es","@id":"https:\/\/noticiasmercedinas.com\/site\/2023\/03\/13\/principios-y-valores-mercedes-se-suma-a-la-presentacion-de-guillermo-moreno-presidente\/#primaryimage","url":"https:\/\/noticiasmercedinas.com\/site\/wp-content\/uploads\/2023\/03\/e41ed915-56bf-4b64-8e1c-9f340b212d1e-e1678741096507.jpg","contentUrl":"https:\/\/noticiasmercedinas.com\/site\/wp-content\/uploads\/2023\/03\/e41ed915-56bf-4b64-8e1c-9f340b212d1e-e1678741096507.jpg","width":640,"height":360},{"@type":"BreadcrumbList","@id":"https:\/\/noticiasmercedinas.com\/site\/2023\/03\/13\/principios-y-valores-mercedes-se-suma-a-la-presentacion-de-guillermo-moreno-presidente\/#breadcrumb","itemListElement":[{"@type":"ListItem","position":1,"name":"Portada","item":"https:\/\/noticiasmercedinas.com\/site\/"},{"@type":"ListItem","position":2,"name":"Principios y Valores Mercedes se suma a la presentaci\u00f3n de Guillermo Moreno presidente"}]},{"@type":"WebSite","@id":"https:\/\/noticiasmercedinas.com\/site\/#website","url":"https:\/\/noticiasmercedinas.com\/site\/","name":"NOTICIASMERCEDINAS.COM","description":"Mercedes, Buenos Aires, Argentina","publisher":{"@id":"https:\/\/noticiasmercedinas.com\/site\/#organization"},"potentialAction":[{"@type":"SearchAction","target":{"@type":"EntryPoint","urlTemplate":"https:\/\/noticiasmercedinas.com\/site\/?s={search_term_string}"},"query-input":{"@type":"PropertyValueSpecification","valueRequired":true,"valueName":"search_term_string"}}],"inLanguage":"es"},{"@type":"Organization","@id":"https:\/\/noticiasmercedinas.com\/site\/#organization","name":"NOTICIASMERCEDINAS.COM","url":"https:\/\/noticiasmercedinas.com\/site\/","logo":{"@type":"ImageObject","inLanguage":"es","@id":"https:\/\/noticiasmercedinas.com\/site\/#\/schema\/logo\/image\/","url":"https:\/\/noticiasmercedinas.com\/site\/wp-content\/uploads\/2020\/06\/LOGO-512.jpg","contentUrl":"https:\/\/noticiasmercedinas.com\/site\/wp-content\/uploads\/2020\/06\/LOGO-512.jpg","width":512,"height":512,"caption":"NOTICIASMERCEDINAS.COM"},"image":{"@id":"https:\/\/noticiasmercedinas.com\/site\/#\/schema\/logo\/image\/"},"sameAs":["https:\/\/www.facebook.com\/noticiasmercedinas\/","https:\/\/x.com\/notmercedinas","https:\/\/www.instagram.com\/noticiasmercedinas\/"]},{"@type":"Person","@id":"https:\/\/noticiasmercedinas.com\/site\/#\/schema\/person\/84b59c099c28ff2e8b77d4ceec5d8063","name":"NOTICIASMERCEDINAS.COM","image":{"@type":"ImageObject","inLanguage":"es","@id":"https:\/\/secure.gravatar.com\/avatar\/4dfbf16b4d17945bfb6341b2d19043457132fcf478a5ee04f42e959fd8f5df0a?s=96&d=mm&r=g","url":"https:\/\/secure.gravatar.com\/avatar\/4dfbf16b4d17945bfb6341b2d19043457132fcf478a5ee04f42e959fd8f5df0a?s=96&d=mm&r=g","contentUrl":"https:\/\/secure.gravatar.com\/avatar\/4dfbf16b4d17945bfb6341b2d19043457132fcf478a5ee04f42e959fd8f5df0a?s=96&d=mm&r=g","caption":"NOTICIASMERCEDINAS.COM"},"url":"https:\/\/noticiasmercedinas.com\/site\/author\/anonimo\/"}]}},"amp_enabled":true,"_links":{"self":[{"href":"https:\/\/noticiasmercedinas.com\/site\/wp-json\/wp\/v2\/posts\/110858","targetHints":{"allow":["GET"]}}],"collection":[{"href":"https:\/\/noticiasmercedinas.com\/site\/wp-json\/wp\/v2\/posts"}],"about":[{"href":"https:\/\/noticiasmercedinas.com\/site\/wp-json\/wp\/v2\/types\/post"}],"author":[{"embeddable":true,"href":"https:\/\/noticiasmercedinas.com\/site\/wp-json\/wp\/v2\/users\/16"}],"replies":[{"embeddable":true,"href":"https:\/\/noticiasmercedinas.com\/site\/wp-json\/wp\/v2\/comments?post=110858"}],"version-history":[{"count":1,"href":"https:\/\/noticiasmercedinas.com\/site\/wp-json\/wp\/v2\/posts\/110858\/revisions"}],"predecessor-version":[{"id":110860,"href":"https:\/\/noticiasmercedinas.com\/site\/wp-json\/wp\/v2\/posts\/110858\/revisions\/110860"}],"wp:featuredmedia":[{"embeddable":true,"href":"https:\/\/noticiasmercedinas.com\/site\/wp-json\/wp\/v2\/media\/110859"}],"wp:attachment":[{"href":"https:\/\/noticiasmercedinas.com\/site\/wp-json\/wp\/v2\/media?parent=110858"}],"wp:term":[{"taxonomy":"category","embeddable":true,"href":"https:\/\/noticiasmercedinas.com\/site\/wp-json\/wp\/v2\/categories?post=110858"},{"taxonomy":"post_tag","embeddable":true,"href":"https:\/\/noticiasmercedinas.com\/site\/wp-json\/wp\/v2\/tags?post=110858"}],"curies":[{"name":"wp","href":"https:\/\/api.w.org\/{rel}","templated":true}]}}