{"id":110869,"date":"2023-03-14T07:40:40","date_gmt":"2023-03-14T10:40:40","guid":{"rendered":"https:\/\/noticiasmercedinas.com\/site\/?p=110869"},"modified":"2023-03-14T11:27:14","modified_gmt":"2023-03-14T14:27:14","slug":"ola-de-calor-tras-varios-dias-de-alerta-roja-se-abren-paso-las-esperadas-lluvias","status":"publish","type":"post","link":"https:\/\/noticiasmercedinas.com\/site\/2023\/03\/14\/ola-de-calor-tras-varios-dias-de-alerta-roja-se-abren-paso-las-esperadas-lluvias\/","title":{"rendered":"Ola de Calor: tras varios d\u00edas de Alerta Roja se abren paso las esperadas lluvias"},"content":{"rendered":"<p><img loading=\"lazy\" decoding=\"async\" class=\"alignnone size-full wp-image-109043\" src=\"https:\/\/noticiasmercedinas.com\/site\/wp-content\/uploads\/2023\/02\/calor11-e1676250865756.jpg\" alt=\"\" width=\"800\" height=\"558\" srcset=\"https:\/\/noticiasmercedinas.com\/site\/wp-content\/uploads\/2023\/02\/calor11-e1676250865756.jpg 800w, https:\/\/noticiasmercedinas.com\/site\/wp-content\/uploads\/2023\/02\/calor11-e1676250865756-300x209.jpg 300w, https:\/\/noticiasmercedinas.com\/site\/wp-content\/uploads\/2023\/02\/calor11-e1676250865756-768x536.jpg 768w, https:\/\/noticiasmercedinas.com\/site\/wp-content\/uploads\/2023\/02\/calor11-e1676250865756-640x446.jpg 640w, https:\/\/noticiasmercedinas.com\/site\/wp-content\/uploads\/2023\/02\/calor11-e1676250865756-681x475.jpg 681w\" sizes=\"auto, (max-width: 800px) 100vw, 800px\" \/><\/p>\n<p>En el marco de una muy complicada situaci\u00f3n clim\u00e1tica que se vive en distintos lugares del pa\u00eds y que tiene a la zona de incumbencia de la ciudad de Mercedes en alerta roja por las alt\u00edsimas temperatura, que este lunes llegaron a superar los 40 grados cent\u00edgrados, las esperanzas de muchos est\u00e1n puestas en la posibilidad cierta de que las lluvias lleguen de un momento a otro.<\/p>\n<p>Mientras la ola de calor sigue afectando fuertemente a la provincia de Buenos Aires con alertas rojas debido a las temperaturas extremas para unos 70 distritos, seg\u00fan el Servicio Meteorol\u00f3gico Nacional (SMN), el alivio generalizado llegar\u00eda el d\u00eda s\u00e1bado, cuando las m\u00e1ximas \u201cs\u00f3lo\u201d lleguen a 27\u00ba.<\/p>\n<p>En tanto para esta tarde de martes y para ma\u00f1ana mi\u00e9rcoles se anuncian chaparrones, o que ya suena a utop\u00eda casi con incendios constantes a causa de las sequ\u00edas y perdidas cuantiosas que habr\u00e1 que considerar para el sistema productivo rural por la insuficiencia de riego de cultivos y pasturas.<\/p>\n<p>En tanto, el alerta por temperaturas extremas refiere a periodos en los que se esperan valores m\u00e1ximos y m\u00ednimos de temperatura que pueden poner en peligro la salud de la gente.<\/p>\n<p>En situaci\u00f3n cr\u00edtica hay municipios de la zona norte de Buenos Aires como Arrecifes, Capit\u00e1n Sarmiento, Carmen De Areco, Chacabuco, Col\u00f3n, General Arenales, General Pinto, Jun\u00edn, Leandro N. Alem, Lincoln, Pergamino, Rojas, Salto, Baradero, Ramallo, San Nicol\u00e1s y San Pedro. Tambi\u00e9n est\u00e1n en alerta roja General Las Heras, General Rodr\u00edguez, Luj\u00e1n, Marcos Paz, Mercedes, San Andr\u00e9s De Giles, Suipacha, Campana, Exaltaci\u00f3n De La Cruz, San Antonio De Areco y Z\u00e1rate.<\/p>\n","protected":false},"excerpt":{"rendered":"<p>\u25a0\u00a0Entre martes y mi\u00e9rcoles se esperan chaparrones. En tanto, para el s\u00e1bado el Servicio Meteorol\u00f3gico plantea que llegar\u00eda el alivio, cuando las m\u00e1ximas \u201cs\u00f3lo\u201d lleguen a 27\u00ba.<\/p>\n","protected":false},"author":16,"featured_media":109043,"comment_status":"closed","ping_status":"closed","sticky":false,"template":"","format":"standard","meta":{"footnotes":""},"categories":[5754],"tags":[16423,5349,5339,13578,13592,15566],"class_list":["post-110869","post","type-post","status-publish","format-standard","has-post-thumbnail","hentry","category-medio-ambiente","tag-alerta-roja","tag-clima","tag-lluvias","tag-ola-de-calor","tag-sequia","tag-servicio-meteorologico"],"yoast_head":"<!-- This site is optimized with the Yoast SEO plugin v27.5 - https:\/\/yoast.com\/product\/yoast-seo-wordpress\/ -->\n<title>Ola de Calor: tras varios d\u00edas de Alerta Roja se abren paso las esperadas lluvias<\/title>\n<meta name=\"robots\" content=\"index, follow, max-snippet:-1, max-image-preview:large, max-video-preview:-1\" \/>\n<link rel=\"canonical\" href=\"https:\/\/noticiasmercedinas.com\/site\/2023\/03\/14\/ola-de-calor-tras-varios-dias-de-alerta-roja-se-abren-paso-las-esperadas-lluvias\/\" \/>\n<meta property=\"og:locale\" content=\"es_ES\" \/>\n<meta property=\"og:type\" content=\"article\" \/>\n<meta property=\"og:title\" content=\"Ola de Calor: tras varios d\u00edas de Alerta Roja se abren paso las esperadas lluvias\" \/>\n<meta property=\"og:description\" content=\"\u25a0\u00a0Entre martes y mi\u00e9rcoles se esperan chaparrones. En tanto, para el s\u00e1bado el Servicio Meteorol\u00f3gico plantea que llegar\u00eda el alivio, cuando las m\u00e1ximas \u201cs\u00f3lo\u201d lleguen a 27\u00ba.\" \/>\n<meta property=\"og:url\" content=\"https:\/\/noticiasmercedinas.com\/site\/2023\/03\/14\/ola-de-calor-tras-varios-dias-de-alerta-roja-se-abren-paso-las-esperadas-lluvias\/\" \/>\n<meta property=\"og:site_name\" content=\"NOTICIASMERCEDINAS.COM\" \/>\n<meta property=\"article:publisher\" content=\"https:\/\/www.facebook.com\/noticiasmercedinas\/\" \/>\n<meta property=\"article:published_time\" content=\"2023-03-14T10:40:40+00:00\" \/>\n<meta property=\"article:modified_time\" content=\"2023-03-14T14:27:14+00:00\" \/>\n<meta property=\"og:image\" content=\"https:\/\/noticiasmercedinas.com\/site\/wp-content\/uploads\/2023\/02\/calor11-e1676250865756.jpg\" \/>\n\t<meta property=\"og:image:width\" content=\"800\" \/>\n\t<meta property=\"og:image:height\" content=\"558\" \/>\n\t<meta property=\"og:image:type\" content=\"image\/jpeg\" \/>\n<meta name=\"author\" content=\"NOTICIASMERCEDINAS.COM\" \/>\n<meta name=\"twitter:card\" content=\"summary_large_image\" \/>\n<meta name=\"twitter:creator\" content=\"@notmercedinas\" \/>\n<meta name=\"twitter:site\" content=\"@notmercedinas\" \/>\n<meta name=\"twitter:label1\" content=\"Escrito por\" \/>\n\t<meta name=\"twitter:data1\" content=\"NOTICIASMERCEDINAS.COM\" \/>\n\t<meta name=\"twitter:label2\" content=\"Tiempo de lectura\" \/>\n\t<meta name=\"twitter:data2\" content=\"2 minutos\" \/>\n<script type=\"application\/ld+json\" class=\"yoast-schema-graph\">{\"@context\":\"https:\\\/\\\/schema.org\",\"@graph\":[{\"@type\":\"Article\",\"@id\":\"https:\\\/\\\/noticiasmercedinas.com\\\/site\\\/2023\\\/03\\\/14\\\/ola-de-calor-tras-varios-dias-de-alerta-roja-se-abren-paso-las-esperadas-lluvias\\\/#article\",\"isPartOf\":{\"@id\":\"https:\\\/\\\/noticiasmercedinas.com\\\/site\\\/2023\\\/03\\\/14\\\/ola-de-calor-tras-varios-dias-de-alerta-roja-se-abren-paso-las-esperadas-lluvias\\\/\"},\"author\":{\"name\":\"NOTICIASMERCEDINAS.COM\",\"@id\":\"https:\\\/\\\/noticiasmercedinas.com\\\/site\\\/#\\\/schema\\\/person\\\/84b59c099c28ff2e8b77d4ceec5d8063\"},\"headline\":\"Ola de Calor: tras varios d\u00edas de Alerta Roja se abren paso las esperadas lluvias\",\"datePublished\":\"2023-03-14T10:40:40+00:00\",\"dateModified\":\"2023-03-14T14:27:14+00:00\",\"mainEntityOfPage\":{\"@id\":\"https:\\\/\\\/noticiasmercedinas.com\\\/site\\\/2023\\\/03\\\/14\\\/ola-de-calor-tras-varios-dias-de-alerta-roja-se-abren-paso-las-esperadas-lluvias\\\/\"},\"wordCount\":309,\"publisher\":{\"@id\":\"https:\\\/\\\/noticiasmercedinas.com\\\/site\\\/#organization\"},\"image\":{\"@id\":\"https:\\\/\\\/noticiasmercedinas.com\\\/site\\\/2023\\\/03\\\/14\\\/ola-de-calor-tras-varios-dias-de-alerta-roja-se-abren-paso-las-esperadas-lluvias\\\/#primaryimage\"},\"thumbnailUrl\":\"https:\\\/\\\/noticiasmercedinas.com\\\/site\\\/wp-content\\\/uploads\\\/2023\\\/02\\\/calor11-e1676250865756.jpg\",\"keywords\":[\"alerta roja\",\"clima\",\"lluvias\",\"Ola de calor\",\"sequia\",\"servicio meteorologico\"],\"articleSection\":[\"Ambiente\"],\"inLanguage\":\"es\"},{\"@type\":\"WebPage\",\"@id\":\"https:\\\/\\\/noticiasmercedinas.com\\\/site\\\/2023\\\/03\\\/14\\\/ola-de-calor-tras-varios-dias-de-alerta-roja-se-abren-paso-las-esperadas-lluvias\\\/\",\"url\":\"https:\\\/\\\/noticiasmercedinas.com\\\/site\\\/2023\\\/03\\\/14\\\/ola-de-calor-tras-varios-dias-de-alerta-roja-se-abren-paso-las-esperadas-lluvias\\\/\",\"name\":\"Ola de Calor: tras varios d\u00edas de Alerta Roja se abren paso las esperadas lluvias\",\"isPartOf\":{\"@id\":\"https:\\\/\\\/noticiasmercedinas.com\\\/site\\\/#website\"},\"primaryImageOfPage\":{\"@id\":\"https:\\\/\\\/noticiasmercedinas.com\\\/site\\\/2023\\\/03\\\/14\\\/ola-de-calor-tras-varios-dias-de-alerta-roja-se-abren-paso-las-esperadas-lluvias\\\/#primaryimage\"},\"image\":{\"@id\":\"https:\\\/\\\/noticiasmercedinas.com\\\/site\\\/2023\\\/03\\\/14\\\/ola-de-calor-tras-varios-dias-de-alerta-roja-se-abren-paso-las-esperadas-lluvias\\\/#primaryimage\"},\"thumbnailUrl\":\"https:\\\/\\\/noticiasmercedinas.com\\\/site\\\/wp-content\\\/uploads\\\/2023\\\/02\\\/calor11-e1676250865756.jpg\",\"datePublished\":\"2023-03-14T10:40:40+00:00\",\"dateModified\":\"2023-03-14T14:27:14+00:00\",\"breadcrumb\":{\"@id\":\"https:\\\/\\\/noticiasmercedinas.com\\\/site\\\/2023\\\/03\\\/14\\\/ola-de-calor-tras-varios-dias-de-alerta-roja-se-abren-paso-las-esperadas-lluvias\\\/#breadcrumb\"},\"inLanguage\":\"es\",\"potentialAction\":[{\"@type\":\"ReadAction\",\"target\":[\"https:\\\/\\\/noticiasmercedinas.com\\\/site\\\/2023\\\/03\\\/14\\\/ola-de-calor-tras-varios-dias-de-alerta-roja-se-abren-paso-las-esperadas-lluvias\\\/\"]}]},{\"@type\":\"ImageObject\",\"inLanguage\":\"es\",\"@id\":\"https:\\\/\\\/noticiasmercedinas.com\\\/site\\\/2023\\\/03\\\/14\\\/ola-de-calor-tras-varios-dias-de-alerta-roja-se-abren-paso-las-esperadas-lluvias\\\/#primaryimage\",\"url\":\"https:\\\/\\\/noticiasmercedinas.com\\\/site\\\/wp-content\\\/uploads\\\/2023\\\/02\\\/calor11-e1676250865756.jpg\",\"contentUrl\":\"https:\\\/\\\/noticiasmercedinas.com\\\/site\\\/wp-content\\\/uploads\\\/2023\\\/02\\\/calor11-e1676250865756.jpg\",\"width\":800,\"height\":558},{\"@type\":\"BreadcrumbList\",\"@id\":\"https:\\\/\\\/noticiasmercedinas.com\\\/site\\\/2023\\\/03\\\/14\\\/ola-de-calor-tras-varios-dias-de-alerta-roja-se-abren-paso-las-esperadas-lluvias\\\/#breadcrumb\",\"itemListElement\":[{\"@type\":\"ListItem\",\"position\":1,\"name\":\"Portada\",\"item\":\"https:\\\/\\\/noticiasmercedinas.com\\\/site\\\/\"},{\"@type\":\"ListItem\",\"position\":2,\"name\":\"Ola de Calor: tras varios d\u00edas de Alerta Roja se abren paso las esperadas lluvias\"}]},{\"@type\":\"WebSite\",\"@id\":\"https:\\\/\\\/noticiasmercedinas.com\\\/site\\\/#website\",\"url\":\"https:\\\/\\\/noticiasmercedinas.com\\\/site\\\/\",\"name\":\"NOTICIASMERCEDINAS.COM\",\"description\":\"Mercedes, Buenos Aires, Argentina\",\"publisher\":{\"@id\":\"https:\\\/\\\/noticiasmercedinas.com\\\/site\\\/#organization\"},\"potentialAction\":[{\"@type\":\"SearchAction\",\"target\":{\"@type\":\"EntryPoint\",\"urlTemplate\":\"https:\\\/\\\/noticiasmercedinas.com\\\/site\\\/?s={search_term_string}\"},\"query-input\":{\"@type\":\"PropertyValueSpecification\",\"valueRequired\":true,\"valueName\":\"search_term_string\"}}],\"inLanguage\":\"es\"},{\"@type\":\"Organization\",\"@id\":\"https:\\\/\\\/noticiasmercedinas.com\\\/site\\\/#organization\",\"name\":\"NOTICIASMERCEDINAS.COM\",\"url\":\"https:\\\/\\\/noticiasmercedinas.com\\\/site\\\/\",\"logo\":{\"@type\":\"ImageObject\",\"inLanguage\":\"es\",\"@id\":\"https:\\\/\\\/noticiasmercedinas.com\\\/site\\\/#\\\/schema\\\/logo\\\/image\\\/\",\"url\":\"https:\\\/\\\/noticiasmercedinas.com\\\/site\\\/wp-content\\\/uploads\\\/2020\\\/06\\\/LOGO-512.jpg\",\"contentUrl\":\"https:\\\/\\\/noticiasmercedinas.com\\\/site\\\/wp-content\\\/uploads\\\/2020\\\/06\\\/LOGO-512.jpg\",\"width\":512,\"height\":512,\"caption\":\"NOTICIASMERCEDINAS.COM\"},\"image\":{\"@id\":\"https:\\\/\\\/noticiasmercedinas.com\\\/site\\\/#\\\/schema\\\/logo\\\/image\\\/\"},\"sameAs\":[\"https:\\\/\\\/www.facebook.com\\\/noticiasmercedinas\\\/\",\"https:\\\/\\\/x.com\\\/notmercedinas\",\"https:\\\/\\\/www.instagram.com\\\/noticiasmercedinas\\\/\"]},{\"@type\":\"Person\",\"@id\":\"https:\\\/\\\/noticiasmercedinas.com\\\/site\\\/#\\\/schema\\\/person\\\/84b59c099c28ff2e8b77d4ceec5d8063\",\"name\":\"NOTICIASMERCEDINAS.COM\",\"image\":{\"@type\":\"ImageObject\",\"inLanguage\":\"es\",\"@id\":\"https:\\\/\\\/secure.gravatar.com\\\/avatar\\\/4dfbf16b4d17945bfb6341b2d19043457132fcf478a5ee04f42e959fd8f5df0a?s=96&d=mm&r=g\",\"url\":\"https:\\\/\\\/secure.gravatar.com\\\/avatar\\\/4dfbf16b4d17945bfb6341b2d19043457132fcf478a5ee04f42e959fd8f5df0a?s=96&d=mm&r=g\",\"contentUrl\":\"https:\\\/\\\/secure.gravatar.com\\\/avatar\\\/4dfbf16b4d17945bfb6341b2d19043457132fcf478a5ee04f42e959fd8f5df0a?s=96&d=mm&r=g\",\"caption\":\"NOTICIASMERCEDINAS.COM\"},\"url\":\"https:\\\/\\\/noticiasmercedinas.com\\\/site\\\/author\\\/anonimo\\\/\"}]}<\/script>\n<!-- \/ Yoast SEO plugin. -->","yoast_head_json":{"title":"Ola de Calor: tras varios d\u00edas de Alerta Roja se abren paso las esperadas lluvias","robots":{"index":"index","follow":"follow","max-snippet":"max-snippet:-1","max-image-preview":"max-image-preview:large","max-video-preview":"max-video-preview:-1"},"canonical":"https:\/\/noticiasmercedinas.com\/site\/2023\/03\/14\/ola-de-calor-tras-varios-dias-de-alerta-roja-se-abren-paso-las-esperadas-lluvias\/","og_locale":"es_ES","og_type":"article","og_title":"Ola de Calor: tras varios d\u00edas de Alerta Roja se abren paso las esperadas lluvias","og_description":"\u25a0\u00a0Entre martes y mi\u00e9rcoles se esperan chaparrones. En tanto, para el s\u00e1bado el Servicio Meteorol\u00f3gico plantea que llegar\u00eda el alivio, cuando las m\u00e1ximas \u201cs\u00f3lo\u201d lleguen a 27\u00ba.","og_url":"https:\/\/noticiasmercedinas.com\/site\/2023\/03\/14\/ola-de-calor-tras-varios-dias-de-alerta-roja-se-abren-paso-las-esperadas-lluvias\/","og_site_name":"NOTICIASMERCEDINAS.COM","article_publisher":"https:\/\/www.facebook.com\/noticiasmercedinas\/","article_published_time":"2023-03-14T10:40:40+00:00","article_modified_time":"2023-03-14T14:27:14+00:00","og_image":[{"width":800,"height":558,"url":"https:\/\/noticiasmercedinas.com\/site\/wp-content\/uploads\/2023\/02\/calor11-e1676250865756.jpg","type":"image\/jpeg"}],"author":"NOTICIASMERCEDINAS.COM","twitter_card":"summary_large_image","twitter_creator":"@notmercedinas","twitter_site":"@notmercedinas","twitter_misc":{"Escrito por":"NOTICIASMERCEDINAS.COM","Tiempo de lectura":"2 minutos"},"schema":{"@context":"https:\/\/schema.org","@graph":[{"@type":"Article","@id":"https:\/\/noticiasmercedinas.com\/site\/2023\/03\/14\/ola-de-calor-tras-varios-dias-de-alerta-roja-se-abren-paso-las-esperadas-lluvias\/#article","isPartOf":{"@id":"https:\/\/noticiasmercedinas.com\/site\/2023\/03\/14\/ola-de-calor-tras-varios-dias-de-alerta-roja-se-abren-paso-las-esperadas-lluvias\/"},"author":{"name":"NOTICIASMERCEDINAS.COM","@id":"https:\/\/noticiasmercedinas.com\/site\/#\/schema\/person\/84b59c099c28ff2e8b77d4ceec5d8063"},"headline":"Ola de Calor: tras varios d\u00edas de Alerta Roja se abren paso las esperadas lluvias","datePublished":"2023-03-14T10:40:40+00:00","dateModified":"2023-03-14T14:27:14+00:00","mainEntityOfPage":{"@id":"https:\/\/noticiasmercedinas.com\/site\/2023\/03\/14\/ola-de-calor-tras-varios-dias-de-alerta-roja-se-abren-paso-las-esperadas-lluvias\/"},"wordCount":309,"publisher":{"@id":"https:\/\/noticiasmercedinas.com\/site\/#organization"},"image":{"@id":"https:\/\/noticiasmercedinas.com\/site\/2023\/03\/14\/ola-de-calor-tras-varios-dias-de-alerta-roja-se-abren-paso-las-esperadas-lluvias\/#primaryimage"},"thumbnailUrl":"https:\/\/noticiasmercedinas.com\/site\/wp-content\/uploads\/2023\/02\/calor11-e1676250865756.jpg","keywords":["alerta roja","clima","lluvias","Ola de calor","sequia","servicio meteorologico"],"articleSection":["Ambiente"],"inLanguage":"es"},{"@type":"WebPage","@id":"https:\/\/noticiasmercedinas.com\/site\/2023\/03\/14\/ola-de-calor-tras-varios-dias-de-alerta-roja-se-abren-paso-las-esperadas-lluvias\/","url":"https:\/\/noticiasmercedinas.com\/site\/2023\/03\/14\/ola-de-calor-tras-varios-dias-de-alerta-roja-se-abren-paso-las-esperadas-lluvias\/","name":"Ola de Calor: tras varios d\u00edas de Alerta Roja se abren paso las esperadas lluvias","isPartOf":{"@id":"https:\/\/noticiasmercedinas.com\/site\/#website"},"primaryImageOfPage":{"@id":"https:\/\/noticiasmercedinas.com\/site\/2023\/03\/14\/ola-de-calor-tras-varios-dias-de-alerta-roja-se-abren-paso-las-esperadas-lluvias\/#primaryimage"},"image":{"@id":"https:\/\/noticiasmercedinas.com\/site\/2023\/03\/14\/ola-de-calor-tras-varios-dias-de-alerta-roja-se-abren-paso-las-esperadas-lluvias\/#primaryimage"},"thumbnailUrl":"https:\/\/noticiasmercedinas.com\/site\/wp-content\/uploads\/2023\/02\/calor11-e1676250865756.jpg","datePublished":"2023-03-14T10:40:40+00:00","dateModified":"2023-03-14T14:27:14+00:00","breadcrumb":{"@id":"https:\/\/noticiasmercedinas.com\/site\/2023\/03\/14\/ola-de-calor-tras-varios-dias-de-alerta-roja-se-abren-paso-las-esperadas-lluvias\/#breadcrumb"},"inLanguage":"es","potentialAction":[{"@type":"ReadAction","target":["https:\/\/noticiasmercedinas.com\/site\/2023\/03\/14\/ola-de-calor-tras-varios-dias-de-alerta-roja-se-abren-paso-las-esperadas-lluvias\/"]}]},{"@type":"ImageObject","inLanguage":"es","@id":"https:\/\/noticiasmercedinas.com\/site\/2023\/03\/14\/ola-de-calor-tras-varios-dias-de-alerta-roja-se-abren-paso-las-esperadas-lluvias\/#primaryimage","url":"https:\/\/noticiasmercedinas.com\/site\/wp-content\/uploads\/2023\/02\/calor11-e1676250865756.jpg","contentUrl":"https:\/\/noticiasmercedinas.com\/site\/wp-content\/uploads\/2023\/02\/calor11-e1676250865756.jpg","width":800,"height":558},{"@type":"BreadcrumbList","@id":"https:\/\/noticiasmercedinas.com\/site\/2023\/03\/14\/ola-de-calor-tras-varios-dias-de-alerta-roja-se-abren-paso-las-esperadas-lluvias\/#breadcrumb","itemListElement":[{"@type":"ListItem","position":1,"name":"Portada","item":"https:\/\/noticiasmercedinas.com\/site\/"},{"@type":"ListItem","position":2,"name":"Ola de Calor: tras varios d\u00edas de Alerta Roja se abren paso las esperadas lluvias"}]},{"@type":"WebSite","@id":"https:\/\/noticiasmercedinas.com\/site\/#website","url":"https:\/\/noticiasmercedinas.com\/site\/","name":"NOTICIASMERCEDINAS.COM","description":"Mercedes, Buenos Aires, Argentina","publisher":{"@id":"https:\/\/noticiasmercedinas.com\/site\/#organization"},"potentialAction":[{"@type":"SearchAction","target":{"@type":"EntryPoint","urlTemplate":"https:\/\/noticiasmercedinas.com\/site\/?s={search_term_string}"},"query-input":{"@type":"PropertyValueSpecification","valueRequired":true,"valueName":"search_term_string"}}],"inLanguage":"es"},{"@type":"Organization","@id":"https:\/\/noticiasmercedinas.com\/site\/#organization","name":"NOTICIASMERCEDINAS.COM","url":"https:\/\/noticiasmercedinas.com\/site\/","logo":{"@type":"ImageObject","inLanguage":"es","@id":"https:\/\/noticiasmercedinas.com\/site\/#\/schema\/logo\/image\/","url":"https:\/\/noticiasmercedinas.com\/site\/wp-content\/uploads\/2020\/06\/LOGO-512.jpg","contentUrl":"https:\/\/noticiasmercedinas.com\/site\/wp-content\/uploads\/2020\/06\/LOGO-512.jpg","width":512,"height":512,"caption":"NOTICIASMERCEDINAS.COM"},"image":{"@id":"https:\/\/noticiasmercedinas.com\/site\/#\/schema\/logo\/image\/"},"sameAs":["https:\/\/www.facebook.com\/noticiasmercedinas\/","https:\/\/x.com\/notmercedinas","https:\/\/www.instagram.com\/noticiasmercedinas\/"]},{"@type":"Person","@id":"https:\/\/noticiasmercedinas.com\/site\/#\/schema\/person\/84b59c099c28ff2e8b77d4ceec5d8063","name":"NOTICIASMERCEDINAS.COM","image":{"@type":"ImageObject","inLanguage":"es","@id":"https:\/\/secure.gravatar.com\/avatar\/4dfbf16b4d17945bfb6341b2d19043457132fcf478a5ee04f42e959fd8f5df0a?s=96&d=mm&r=g","url":"https:\/\/secure.gravatar.com\/avatar\/4dfbf16b4d17945bfb6341b2d19043457132fcf478a5ee04f42e959fd8f5df0a?s=96&d=mm&r=g","contentUrl":"https:\/\/secure.gravatar.com\/avatar\/4dfbf16b4d17945bfb6341b2d19043457132fcf478a5ee04f42e959fd8f5df0a?s=96&d=mm&r=g","caption":"NOTICIASMERCEDINAS.COM"},"url":"https:\/\/noticiasmercedinas.com\/site\/author\/anonimo\/"}]}},"amp_enabled":true,"_links":{"self":[{"href":"https:\/\/noticiasmercedinas.com\/site\/wp-json\/wp\/v2\/posts\/110869","targetHints":{"allow":["GET"]}}],"collection":[{"href":"https:\/\/noticiasmercedinas.com\/site\/wp-json\/wp\/v2\/posts"}],"about":[{"href":"https:\/\/noticiasmercedinas.com\/site\/wp-json\/wp\/v2\/types\/post"}],"author":[{"embeddable":true,"href":"https:\/\/noticiasmercedinas.com\/site\/wp-json\/wp\/v2\/users\/16"}],"replies":[{"embeddable":true,"href":"https:\/\/noticiasmercedinas.com\/site\/wp-json\/wp\/v2\/comments?post=110869"}],"version-history":[{"count":4,"href":"https:\/\/noticiasmercedinas.com\/site\/wp-json\/wp\/v2\/posts\/110869\/revisions"}],"predecessor-version":[{"id":110903,"href":"https:\/\/noticiasmercedinas.com\/site\/wp-json\/wp\/v2\/posts\/110869\/revisions\/110903"}],"wp:featuredmedia":[{"embeddable":true,"href":"https:\/\/noticiasmercedinas.com\/site\/wp-json\/wp\/v2\/media\/109043"}],"wp:attachment":[{"href":"https:\/\/noticiasmercedinas.com\/site\/wp-json\/wp\/v2\/media?parent=110869"}],"wp:term":[{"taxonomy":"category","embeddable":true,"href":"https:\/\/noticiasmercedinas.com\/site\/wp-json\/wp\/v2\/categories?post=110869"},{"taxonomy":"post_tag","embeddable":true,"href":"https:\/\/noticiasmercedinas.com\/site\/wp-json\/wp\/v2\/tags?post=110869"}],"curies":[{"name":"wp","href":"https:\/\/api.w.org\/{rel}","templated":true}]}}