{"id":110873,"date":"2023-03-14T07:54:17","date_gmt":"2023-03-14T10:54:17","guid":{"rendered":"https:\/\/noticiasmercedinas.com\/site\/?p=110873"},"modified":"2023-03-14T07:54:53","modified_gmt":"2023-03-14T10:54:53","slug":"julio-fraomeni-cuenta-el-papel-del-medico-en-la-telemedicina","status":"publish","type":"post","link":"https:\/\/noticiasmercedinas.com\/site\/2023\/03\/14\/julio-fraomeni-cuenta-el-papel-del-medico-en-la-telemedicina\/","title":{"rendered":"Julio Fraomeni cuenta el papel del m\u00e9dico en la telemedicina"},"content":{"rendered":"<p><img loading=\"lazy\" decoding=\"async\" class=\"alignnone size-large wp-image-110874\" src=\"https:\/\/noticiasmercedinas.com\/site\/wp-content\/uploads\/2023\/03\/35061-1024x490.jpg\" alt=\"\" width=\"640\" height=\"306\" srcset=\"https:\/\/noticiasmercedinas.com\/site\/wp-content\/uploads\/2023\/03\/35061-1024x490.jpg 1024w, https:\/\/noticiasmercedinas.com\/site\/wp-content\/uploads\/2023\/03\/35061-300x143.jpg 300w, https:\/\/noticiasmercedinas.com\/site\/wp-content\/uploads\/2023\/03\/35061-768x367.jpg 768w, https:\/\/noticiasmercedinas.com\/site\/wp-content\/uploads\/2023\/03\/35061-640x306.jpg 640w, https:\/\/noticiasmercedinas.com\/site\/wp-content\/uploads\/2023\/03\/35061-681x326.jpg 681w, https:\/\/noticiasmercedinas.com\/site\/wp-content\/uploads\/2023\/03\/35061.jpg 1033w\" sizes=\"auto, (max-width: 640px) 100vw, 640px\" \/><\/p>\n<p>La tecnolog\u00eda ya est\u00e1 al alcance de la mano desde hace tiempo. El confinamiento que debimos padecer y someternos casi que oblig\u00f3 a implementar nuevas formas de comunicaci\u00f3n.<\/p>\n<p>Fue <a href=\"https:\/\/juliofraomeni.com\/\"><strong>Julio Fraomeni<\/strong><\/a><strong>,<\/strong> desde su lugar de empresario y m\u00e9dico, quien se hizo cargo del asunto y habilit\u00f3 a que el equipo m\u00e9dico (que conforma el sistema de salud Galeno) diera un giro y comience con la atenci\u00f3n en l\u00ednea.<\/p>\n<blockquote><p>El aporte de una videollamada<\/p><\/blockquote>\n<p>Cabe aclarar que la prepaga ya la hab\u00eda incorporado un tiempo atr\u00e1s, pero la misma obligatoriedad de la pandemia la hizo tomar mayor presencia.<\/p>\n<p>La telemedicina es una herramienta realmente sorprendente. \u00bfAlguien se imagin\u00f3 que esto podr\u00eda ser posible?, \u00bfllamar a un m\u00e9dico y que atienda por medio de una pantalla?<\/p>\n<p>La<strong> atenci\u00f3n virtual <\/strong>pas\u00f3 a formar parte de nuestro d\u00eda a d\u00eda ayudando a ahorrar tiempo.<\/p>\n<p>El m\u00e9dico es llamado por una consulta y su rostro y voz est\u00e1n prontos del otro lado para resolver tranquilizar, diagnosticar o recetar si as\u00ed lo necesitase el paciente.<\/p>\n<p>Otra de las funcionalidades es que en muchos casos se lleva a cabo un seguimiento de alguna patolog\u00eda o bien se pueden leer resultados de an\u00e1lisis o estudios cl\u00ednicos sin necesidad de asistir al consultorio.<\/p>\n<p>Lo relevante y fundamental tiene su espacio en esta modalidad.<strong> Es menester que todo aquel que haga uso de esta metodolog\u00eda sepa que las consultas m\u00e9dicas son de car\u00e1cter primario<\/strong>. Es decir, se trata de la atenci\u00f3n primaria de la salud y no de situaciones de gravedad.<\/p>\n<p><strong>Las urgencias m\u00e9dicas no deben ni pueden ser atendidas por este medio<\/strong>. Para esos casos se recomienda asistir a un centro m\u00e9dico de manera personal.<\/p>\n<p>A veces un diagn\u00f3stico precoz y su posterior derivaci\u00f3n al especialista hace que se descubra una enfermedad. <strong>En muchos casos una consulta o una simple inquietud por videollamada es dar un paso enorme en el tiempo.<\/strong><\/p>\n","protected":false},"excerpt":{"rendered":"<p>\u25a0 La atenci\u00f3n virtual es una aliada del tiempo cuando el m\u00e9dico emite un primer diagn\u00f3stico y su posterior derivaci\u00f3n cl\u00ednica.<\/p>\n","protected":false},"author":16,"featured_media":110874,"comment_status":"closed","ping_status":"closed","sticky":false,"template":"","format":"standard","meta":{"footnotes":""},"categories":[8992],"tags":[16425,16424,16426],"class_list":["post-110873","post","type-post","status-publish","format-standard","has-post-thumbnail","hentry","category-bienestar","tag-atencion-virtual","tag-julio-fraomerni","tag-telemedicina"],"yoast_head":"<!-- This site is optimized with the Yoast SEO plugin v27.4 - https:\/\/yoast.com\/product\/yoast-seo-wordpress\/ -->\n<title>Julio Fraomeni cuenta el papel del m\u00e9dico en la telemedicina<\/title>\n<meta name=\"robots\" content=\"index, follow, max-snippet:-1, max-image-preview:large, max-video-preview:-1\" \/>\n<link rel=\"canonical\" href=\"https:\/\/noticiasmercedinas.com\/site\/2023\/03\/14\/julio-fraomeni-cuenta-el-papel-del-medico-en-la-telemedicina\/\" \/>\n<meta property=\"og:locale\" content=\"es_ES\" \/>\n<meta property=\"og:type\" content=\"article\" \/>\n<meta property=\"og:title\" content=\"Julio Fraomeni cuenta el papel del m\u00e9dico en la telemedicina\" \/>\n<meta property=\"og:description\" content=\"\u25a0 La atenci\u00f3n virtual es una aliada del tiempo cuando el m\u00e9dico emite un primer diagn\u00f3stico y su posterior derivaci\u00f3n cl\u00ednica.\" \/>\n<meta property=\"og:url\" content=\"https:\/\/noticiasmercedinas.com\/site\/2023\/03\/14\/julio-fraomeni-cuenta-el-papel-del-medico-en-la-telemedicina\/\" \/>\n<meta property=\"og:site_name\" content=\"NOTICIASMERCEDINAS.COM\" \/>\n<meta property=\"article:publisher\" content=\"https:\/\/www.facebook.com\/noticiasmercedinas\/\" \/>\n<meta property=\"article:published_time\" content=\"2023-03-14T10:54:17+00:00\" \/>\n<meta property=\"article:modified_time\" content=\"2023-03-14T10:54:53+00:00\" \/>\n<meta property=\"og:image\" content=\"https:\/\/noticiasmercedinas.com\/site\/wp-content\/uploads\/2023\/03\/35061.jpg\" \/>\n\t<meta property=\"og:image:width\" content=\"1033\" \/>\n\t<meta property=\"og:image:height\" content=\"494\" \/>\n\t<meta property=\"og:image:type\" content=\"image\/jpeg\" \/>\n<meta name=\"author\" content=\"NOTICIASMERCEDINAS.COM\" \/>\n<meta name=\"twitter:card\" content=\"summary_large_image\" \/>\n<meta name=\"twitter:creator\" content=\"@notmercedinas\" \/>\n<meta name=\"twitter:site\" content=\"@notmercedinas\" \/>\n<meta name=\"twitter:label1\" content=\"Escrito por\" \/>\n\t<meta name=\"twitter:data1\" content=\"NOTICIASMERCEDINAS.COM\" \/>\n\t<meta name=\"twitter:label2\" content=\"Tiempo de lectura\" \/>\n\t<meta name=\"twitter:data2\" content=\"2 minutos\" \/>\n<script type=\"application\/ld+json\" class=\"yoast-schema-graph\">{\"@context\":\"https:\\\/\\\/schema.org\",\"@graph\":[{\"@type\":\"Article\",\"@id\":\"https:\\\/\\\/noticiasmercedinas.com\\\/site\\\/2023\\\/03\\\/14\\\/julio-fraomeni-cuenta-el-papel-del-medico-en-la-telemedicina\\\/#article\",\"isPartOf\":{\"@id\":\"https:\\\/\\\/noticiasmercedinas.com\\\/site\\\/2023\\\/03\\\/14\\\/julio-fraomeni-cuenta-el-papel-del-medico-en-la-telemedicina\\\/\"},\"author\":{\"name\":\"NOTICIASMERCEDINAS.COM\",\"@id\":\"https:\\\/\\\/noticiasmercedinas.com\\\/site\\\/#\\\/schema\\\/person\\\/84b59c099c28ff2e8b77d4ceec5d8063\"},\"headline\":\"Julio Fraomeni cuenta el papel del m\u00e9dico en la telemedicina\",\"datePublished\":\"2023-03-14T10:54:17+00:00\",\"dateModified\":\"2023-03-14T10:54:53+00:00\",\"mainEntityOfPage\":{\"@id\":\"https:\\\/\\\/noticiasmercedinas.com\\\/site\\\/2023\\\/03\\\/14\\\/julio-fraomeni-cuenta-el-papel-del-medico-en-la-telemedicina\\\/\"},\"wordCount\":349,\"publisher\":{\"@id\":\"https:\\\/\\\/noticiasmercedinas.com\\\/site\\\/#organization\"},\"image\":{\"@id\":\"https:\\\/\\\/noticiasmercedinas.com\\\/site\\\/2023\\\/03\\\/14\\\/julio-fraomeni-cuenta-el-papel-del-medico-en-la-telemedicina\\\/#primaryimage\"},\"thumbnailUrl\":\"https:\\\/\\\/noticiasmercedinas.com\\\/site\\\/wp-content\\\/uploads\\\/2023\\\/03\\\/35061.jpg\",\"keywords\":[\"atencion virtual\",\"julio fraomerni\",\"telemedicina\"],\"articleSection\":[\"Bienestar\"],\"inLanguage\":\"es\"},{\"@type\":\"WebPage\",\"@id\":\"https:\\\/\\\/noticiasmercedinas.com\\\/site\\\/2023\\\/03\\\/14\\\/julio-fraomeni-cuenta-el-papel-del-medico-en-la-telemedicina\\\/\",\"url\":\"https:\\\/\\\/noticiasmercedinas.com\\\/site\\\/2023\\\/03\\\/14\\\/julio-fraomeni-cuenta-el-papel-del-medico-en-la-telemedicina\\\/\",\"name\":\"Julio Fraomeni cuenta el papel del m\u00e9dico en la telemedicina\",\"isPartOf\":{\"@id\":\"https:\\\/\\\/noticiasmercedinas.com\\\/site\\\/#website\"},\"primaryImageOfPage\":{\"@id\":\"https:\\\/\\\/noticiasmercedinas.com\\\/site\\\/2023\\\/03\\\/14\\\/julio-fraomeni-cuenta-el-papel-del-medico-en-la-telemedicina\\\/#primaryimage\"},\"image\":{\"@id\":\"https:\\\/\\\/noticiasmercedinas.com\\\/site\\\/2023\\\/03\\\/14\\\/julio-fraomeni-cuenta-el-papel-del-medico-en-la-telemedicina\\\/#primaryimage\"},\"thumbnailUrl\":\"https:\\\/\\\/noticiasmercedinas.com\\\/site\\\/wp-content\\\/uploads\\\/2023\\\/03\\\/35061.jpg\",\"datePublished\":\"2023-03-14T10:54:17+00:00\",\"dateModified\":\"2023-03-14T10:54:53+00:00\",\"breadcrumb\":{\"@id\":\"https:\\\/\\\/noticiasmercedinas.com\\\/site\\\/2023\\\/03\\\/14\\\/julio-fraomeni-cuenta-el-papel-del-medico-en-la-telemedicina\\\/#breadcrumb\"},\"inLanguage\":\"es\",\"potentialAction\":[{\"@type\":\"ReadAction\",\"target\":[\"https:\\\/\\\/noticiasmercedinas.com\\\/site\\\/2023\\\/03\\\/14\\\/julio-fraomeni-cuenta-el-papel-del-medico-en-la-telemedicina\\\/\"]}]},{\"@type\":\"ImageObject\",\"inLanguage\":\"es\",\"@id\":\"https:\\\/\\\/noticiasmercedinas.com\\\/site\\\/2023\\\/03\\\/14\\\/julio-fraomeni-cuenta-el-papel-del-medico-en-la-telemedicina\\\/#primaryimage\",\"url\":\"https:\\\/\\\/noticiasmercedinas.com\\\/site\\\/wp-content\\\/uploads\\\/2023\\\/03\\\/35061.jpg\",\"contentUrl\":\"https:\\\/\\\/noticiasmercedinas.com\\\/site\\\/wp-content\\\/uploads\\\/2023\\\/03\\\/35061.jpg\",\"width\":1033,\"height\":494},{\"@type\":\"BreadcrumbList\",\"@id\":\"https:\\\/\\\/noticiasmercedinas.com\\\/site\\\/2023\\\/03\\\/14\\\/julio-fraomeni-cuenta-el-papel-del-medico-en-la-telemedicina\\\/#breadcrumb\",\"itemListElement\":[{\"@type\":\"ListItem\",\"position\":1,\"name\":\"Portada\",\"item\":\"https:\\\/\\\/noticiasmercedinas.com\\\/site\\\/\"},{\"@type\":\"ListItem\",\"position\":2,\"name\":\"Julio Fraomeni cuenta el papel del m\u00e9dico en la telemedicina\"}]},{\"@type\":\"WebSite\",\"@id\":\"https:\\\/\\\/noticiasmercedinas.com\\\/site\\\/#website\",\"url\":\"https:\\\/\\\/noticiasmercedinas.com\\\/site\\\/\",\"name\":\"NOTICIASMERCEDINAS.COM\",\"description\":\"Mercedes, Buenos Aires, Argentina\",\"publisher\":{\"@id\":\"https:\\\/\\\/noticiasmercedinas.com\\\/site\\\/#organization\"},\"potentialAction\":[{\"@type\":\"SearchAction\",\"target\":{\"@type\":\"EntryPoint\",\"urlTemplate\":\"https:\\\/\\\/noticiasmercedinas.com\\\/site\\\/?s={search_term_string}\"},\"query-input\":{\"@type\":\"PropertyValueSpecification\",\"valueRequired\":true,\"valueName\":\"search_term_string\"}}],\"inLanguage\":\"es\"},{\"@type\":\"Organization\",\"@id\":\"https:\\\/\\\/noticiasmercedinas.com\\\/site\\\/#organization\",\"name\":\"NOTICIASMERCEDINAS.COM\",\"url\":\"https:\\\/\\\/noticiasmercedinas.com\\\/site\\\/\",\"logo\":{\"@type\":\"ImageObject\",\"inLanguage\":\"es\",\"@id\":\"https:\\\/\\\/noticiasmercedinas.com\\\/site\\\/#\\\/schema\\\/logo\\\/image\\\/\",\"url\":\"https:\\\/\\\/noticiasmercedinas.com\\\/site\\\/wp-content\\\/uploads\\\/2020\\\/06\\\/LOGO-512.jpg\",\"contentUrl\":\"https:\\\/\\\/noticiasmercedinas.com\\\/site\\\/wp-content\\\/uploads\\\/2020\\\/06\\\/LOGO-512.jpg\",\"width\":512,\"height\":512,\"caption\":\"NOTICIASMERCEDINAS.COM\"},\"image\":{\"@id\":\"https:\\\/\\\/noticiasmercedinas.com\\\/site\\\/#\\\/schema\\\/logo\\\/image\\\/\"},\"sameAs\":[\"https:\\\/\\\/www.facebook.com\\\/noticiasmercedinas\\\/\",\"https:\\\/\\\/x.com\\\/notmercedinas\",\"https:\\\/\\\/www.instagram.com\\\/noticiasmercedinas\\\/\"]},{\"@type\":\"Person\",\"@id\":\"https:\\\/\\\/noticiasmercedinas.com\\\/site\\\/#\\\/schema\\\/person\\\/84b59c099c28ff2e8b77d4ceec5d8063\",\"name\":\"NOTICIASMERCEDINAS.COM\",\"image\":{\"@type\":\"ImageObject\",\"inLanguage\":\"es\",\"@id\":\"https:\\\/\\\/secure.gravatar.com\\\/avatar\\\/4dfbf16b4d17945bfb6341b2d19043457132fcf478a5ee04f42e959fd8f5df0a?s=96&d=mm&r=g\",\"url\":\"https:\\\/\\\/secure.gravatar.com\\\/avatar\\\/4dfbf16b4d17945bfb6341b2d19043457132fcf478a5ee04f42e959fd8f5df0a?s=96&d=mm&r=g\",\"contentUrl\":\"https:\\\/\\\/secure.gravatar.com\\\/avatar\\\/4dfbf16b4d17945bfb6341b2d19043457132fcf478a5ee04f42e959fd8f5df0a?s=96&d=mm&r=g\",\"caption\":\"NOTICIASMERCEDINAS.COM\"},\"url\":\"https:\\\/\\\/noticiasmercedinas.com\\\/site\\\/author\\\/anonimo\\\/\"}]}<\/script>\n<!-- \/ Yoast SEO plugin. -->","yoast_head_json":{"title":"Julio Fraomeni cuenta el papel del m\u00e9dico en la telemedicina","robots":{"index":"index","follow":"follow","max-snippet":"max-snippet:-1","max-image-preview":"max-image-preview:large","max-video-preview":"max-video-preview:-1"},"canonical":"https:\/\/noticiasmercedinas.com\/site\/2023\/03\/14\/julio-fraomeni-cuenta-el-papel-del-medico-en-la-telemedicina\/","og_locale":"es_ES","og_type":"article","og_title":"Julio Fraomeni cuenta el papel del m\u00e9dico en la telemedicina","og_description":"\u25a0 La atenci\u00f3n virtual es una aliada del tiempo cuando el m\u00e9dico emite un primer diagn\u00f3stico y su posterior derivaci\u00f3n cl\u00ednica.","og_url":"https:\/\/noticiasmercedinas.com\/site\/2023\/03\/14\/julio-fraomeni-cuenta-el-papel-del-medico-en-la-telemedicina\/","og_site_name":"NOTICIASMERCEDINAS.COM","article_publisher":"https:\/\/www.facebook.com\/noticiasmercedinas\/","article_published_time":"2023-03-14T10:54:17+00:00","article_modified_time":"2023-03-14T10:54:53+00:00","og_image":[{"width":1033,"height":494,"url":"https:\/\/noticiasmercedinas.com\/site\/wp-content\/uploads\/2023\/03\/35061.jpg","type":"image\/jpeg"}],"author":"NOTICIASMERCEDINAS.COM","twitter_card":"summary_large_image","twitter_creator":"@notmercedinas","twitter_site":"@notmercedinas","twitter_misc":{"Escrito por":"NOTICIASMERCEDINAS.COM","Tiempo de lectura":"2 minutos"},"schema":{"@context":"https:\/\/schema.org","@graph":[{"@type":"Article","@id":"https:\/\/noticiasmercedinas.com\/site\/2023\/03\/14\/julio-fraomeni-cuenta-el-papel-del-medico-en-la-telemedicina\/#article","isPartOf":{"@id":"https:\/\/noticiasmercedinas.com\/site\/2023\/03\/14\/julio-fraomeni-cuenta-el-papel-del-medico-en-la-telemedicina\/"},"author":{"name":"NOTICIASMERCEDINAS.COM","@id":"https:\/\/noticiasmercedinas.com\/site\/#\/schema\/person\/84b59c099c28ff2e8b77d4ceec5d8063"},"headline":"Julio Fraomeni cuenta el papel del m\u00e9dico en la telemedicina","datePublished":"2023-03-14T10:54:17+00:00","dateModified":"2023-03-14T10:54:53+00:00","mainEntityOfPage":{"@id":"https:\/\/noticiasmercedinas.com\/site\/2023\/03\/14\/julio-fraomeni-cuenta-el-papel-del-medico-en-la-telemedicina\/"},"wordCount":349,"publisher":{"@id":"https:\/\/noticiasmercedinas.com\/site\/#organization"},"image":{"@id":"https:\/\/noticiasmercedinas.com\/site\/2023\/03\/14\/julio-fraomeni-cuenta-el-papel-del-medico-en-la-telemedicina\/#primaryimage"},"thumbnailUrl":"https:\/\/noticiasmercedinas.com\/site\/wp-content\/uploads\/2023\/03\/35061.jpg","keywords":["atencion virtual","julio fraomerni","telemedicina"],"articleSection":["Bienestar"],"inLanguage":"es"},{"@type":"WebPage","@id":"https:\/\/noticiasmercedinas.com\/site\/2023\/03\/14\/julio-fraomeni-cuenta-el-papel-del-medico-en-la-telemedicina\/","url":"https:\/\/noticiasmercedinas.com\/site\/2023\/03\/14\/julio-fraomeni-cuenta-el-papel-del-medico-en-la-telemedicina\/","name":"Julio Fraomeni cuenta el papel del m\u00e9dico en la telemedicina","isPartOf":{"@id":"https:\/\/noticiasmercedinas.com\/site\/#website"},"primaryImageOfPage":{"@id":"https:\/\/noticiasmercedinas.com\/site\/2023\/03\/14\/julio-fraomeni-cuenta-el-papel-del-medico-en-la-telemedicina\/#primaryimage"},"image":{"@id":"https:\/\/noticiasmercedinas.com\/site\/2023\/03\/14\/julio-fraomeni-cuenta-el-papel-del-medico-en-la-telemedicina\/#primaryimage"},"thumbnailUrl":"https:\/\/noticiasmercedinas.com\/site\/wp-content\/uploads\/2023\/03\/35061.jpg","datePublished":"2023-03-14T10:54:17+00:00","dateModified":"2023-03-14T10:54:53+00:00","breadcrumb":{"@id":"https:\/\/noticiasmercedinas.com\/site\/2023\/03\/14\/julio-fraomeni-cuenta-el-papel-del-medico-en-la-telemedicina\/#breadcrumb"},"inLanguage":"es","potentialAction":[{"@type":"ReadAction","target":["https:\/\/noticiasmercedinas.com\/site\/2023\/03\/14\/julio-fraomeni-cuenta-el-papel-del-medico-en-la-telemedicina\/"]}]},{"@type":"ImageObject","inLanguage":"es","@id":"https:\/\/noticiasmercedinas.com\/site\/2023\/03\/14\/julio-fraomeni-cuenta-el-papel-del-medico-en-la-telemedicina\/#primaryimage","url":"https:\/\/noticiasmercedinas.com\/site\/wp-content\/uploads\/2023\/03\/35061.jpg","contentUrl":"https:\/\/noticiasmercedinas.com\/site\/wp-content\/uploads\/2023\/03\/35061.jpg","width":1033,"height":494},{"@type":"BreadcrumbList","@id":"https:\/\/noticiasmercedinas.com\/site\/2023\/03\/14\/julio-fraomeni-cuenta-el-papel-del-medico-en-la-telemedicina\/#breadcrumb","itemListElement":[{"@type":"ListItem","position":1,"name":"Portada","item":"https:\/\/noticiasmercedinas.com\/site\/"},{"@type":"ListItem","position":2,"name":"Julio Fraomeni cuenta el papel del m\u00e9dico en la telemedicina"}]},{"@type":"WebSite","@id":"https:\/\/noticiasmercedinas.com\/site\/#website","url":"https:\/\/noticiasmercedinas.com\/site\/","name":"NOTICIASMERCEDINAS.COM","description":"Mercedes, Buenos Aires, Argentina","publisher":{"@id":"https:\/\/noticiasmercedinas.com\/site\/#organization"},"potentialAction":[{"@type":"SearchAction","target":{"@type":"EntryPoint","urlTemplate":"https:\/\/noticiasmercedinas.com\/site\/?s={search_term_string}"},"query-input":{"@type":"PropertyValueSpecification","valueRequired":true,"valueName":"search_term_string"}}],"inLanguage":"es"},{"@type":"Organization","@id":"https:\/\/noticiasmercedinas.com\/site\/#organization","name":"NOTICIASMERCEDINAS.COM","url":"https:\/\/noticiasmercedinas.com\/site\/","logo":{"@type":"ImageObject","inLanguage":"es","@id":"https:\/\/noticiasmercedinas.com\/site\/#\/schema\/logo\/image\/","url":"https:\/\/noticiasmercedinas.com\/site\/wp-content\/uploads\/2020\/06\/LOGO-512.jpg","contentUrl":"https:\/\/noticiasmercedinas.com\/site\/wp-content\/uploads\/2020\/06\/LOGO-512.jpg","width":512,"height":512,"caption":"NOTICIASMERCEDINAS.COM"},"image":{"@id":"https:\/\/noticiasmercedinas.com\/site\/#\/schema\/logo\/image\/"},"sameAs":["https:\/\/www.facebook.com\/noticiasmercedinas\/","https:\/\/x.com\/notmercedinas","https:\/\/www.instagram.com\/noticiasmercedinas\/"]},{"@type":"Person","@id":"https:\/\/noticiasmercedinas.com\/site\/#\/schema\/person\/84b59c099c28ff2e8b77d4ceec5d8063","name":"NOTICIASMERCEDINAS.COM","image":{"@type":"ImageObject","inLanguage":"es","@id":"https:\/\/secure.gravatar.com\/avatar\/4dfbf16b4d17945bfb6341b2d19043457132fcf478a5ee04f42e959fd8f5df0a?s=96&d=mm&r=g","url":"https:\/\/secure.gravatar.com\/avatar\/4dfbf16b4d17945bfb6341b2d19043457132fcf478a5ee04f42e959fd8f5df0a?s=96&d=mm&r=g","contentUrl":"https:\/\/secure.gravatar.com\/avatar\/4dfbf16b4d17945bfb6341b2d19043457132fcf478a5ee04f42e959fd8f5df0a?s=96&d=mm&r=g","caption":"NOTICIASMERCEDINAS.COM"},"url":"https:\/\/noticiasmercedinas.com\/site\/author\/anonimo\/"}]}},"amp_enabled":true,"_links":{"self":[{"href":"https:\/\/noticiasmercedinas.com\/site\/wp-json\/wp\/v2\/posts\/110873","targetHints":{"allow":["GET"]}}],"collection":[{"href":"https:\/\/noticiasmercedinas.com\/site\/wp-json\/wp\/v2\/posts"}],"about":[{"href":"https:\/\/noticiasmercedinas.com\/site\/wp-json\/wp\/v2\/types\/post"}],"author":[{"embeddable":true,"href":"https:\/\/noticiasmercedinas.com\/site\/wp-json\/wp\/v2\/users\/16"}],"replies":[{"embeddable":true,"href":"https:\/\/noticiasmercedinas.com\/site\/wp-json\/wp\/v2\/comments?post=110873"}],"version-history":[{"count":2,"href":"https:\/\/noticiasmercedinas.com\/site\/wp-json\/wp\/v2\/posts\/110873\/revisions"}],"predecessor-version":[{"id":110876,"href":"https:\/\/noticiasmercedinas.com\/site\/wp-json\/wp\/v2\/posts\/110873\/revisions\/110876"}],"wp:featuredmedia":[{"embeddable":true,"href":"https:\/\/noticiasmercedinas.com\/site\/wp-json\/wp\/v2\/media\/110874"}],"wp:attachment":[{"href":"https:\/\/noticiasmercedinas.com\/site\/wp-json\/wp\/v2\/media?parent=110873"}],"wp:term":[{"taxonomy":"category","embeddable":true,"href":"https:\/\/noticiasmercedinas.com\/site\/wp-json\/wp\/v2\/categories?post=110873"},{"taxonomy":"post_tag","embeddable":true,"href":"https:\/\/noticiasmercedinas.com\/site\/wp-json\/wp\/v2\/tags?post=110873"}],"curies":[{"name":"wp","href":"https:\/\/api.w.org\/{rel}","templated":true}]}}