{"id":111140,"date":"2023-03-17T18:56:29","date_gmt":"2023-03-17T21:56:29","guid":{"rendered":"https:\/\/noticiasmercedinas.com\/site\/?p=111140"},"modified":"2023-03-17T18:56:29","modified_gmt":"2023-03-17T21:56:29","slug":"organizan-una-campana-de-prevencion-contra-el-cancer-de-cuello-uterino","status":"publish","type":"post","link":"https:\/\/noticiasmercedinas.com\/site\/2023\/03\/17\/organizan-una-campana-de-prevencion-contra-el-cancer-de-cuello-uterino\/","title":{"rendered":"Organizan una campa\u00f1a de prevenci\u00f3n contra el c\u00e1ncer de cuello uterino"},"content":{"rendered":"<p><img loading=\"lazy\" decoding=\"async\" class=\"alignnone size-large wp-image-111141\" src=\"https:\/\/noticiasmercedinas.com\/site\/wp-content\/uploads\/2023\/03\/IMG-20230317-WA0029-1024x1024.jpg\" alt=\"\" width=\"640\" height=\"640\" srcset=\"https:\/\/noticiasmercedinas.com\/site\/wp-content\/uploads\/2023\/03\/IMG-20230317-WA0029-1024x1024.jpg 1024w, https:\/\/noticiasmercedinas.com\/site\/wp-content\/uploads\/2023\/03\/IMG-20230317-WA0029-300x300.jpg 300w, https:\/\/noticiasmercedinas.com\/site\/wp-content\/uploads\/2023\/03\/IMG-20230317-WA0029-150x150.jpg 150w, https:\/\/noticiasmercedinas.com\/site\/wp-content\/uploads\/2023\/03\/IMG-20230317-WA0029-768x768.jpg 768w, https:\/\/noticiasmercedinas.com\/site\/wp-content\/uploads\/2023\/03\/IMG-20230317-WA0029-1536x1536.jpg 1536w, https:\/\/noticiasmercedinas.com\/site\/wp-content\/uploads\/2023\/03\/IMG-20230317-WA0029-640x640.jpg 640w, https:\/\/noticiasmercedinas.com\/site\/wp-content\/uploads\/2023\/03\/IMG-20230317-WA0029-1280x1280.jpg 1280w, https:\/\/noticiasmercedinas.com\/site\/wp-content\/uploads\/2023\/03\/IMG-20230317-WA0029-681x681.jpg 681w, https:\/\/noticiasmercedinas.com\/site\/wp-content\/uploads\/2023\/03\/IMG-20230317-WA0029-1362x1362.jpg 1362w, https:\/\/noticiasmercedinas.com\/site\/wp-content\/uploads\/2023\/03\/IMG-20230317-WA0029.jpg 1600w\" sizes=\"auto, (max-width: 640px) 100vw, 640px\" \/><\/p>\n<p>LALCEC Mercedes junto a la Secretar\u00eda de Salud de la Municipalidad de Mercedes organizan la campa\u00f1a de prevenci\u00f3n contra el c\u00e1ncer de cuello uterino del 27 al 31 de marzo.<\/p>\n<p>En este sentido se inform\u00f3 que se estar\u00e1n realizando estudios gratuitos de detecci\u00f3n temprana en diferentes CAPS de nuestra ciudad, conforme al siguiente cronograma, solicitando turno previo:<\/p>\n<p>LUNES 27\/03 (de 9 a 13 hs.) CAPS Altamira -Frente al Bar de Curly &#8211; Tel\u00e9f.15507842<\/p>\n<p>MARTES 28\/03 (de 15,30 a 19,30 hs.) CIC Calle 10 y 65 &#8211; Tel\u00e9f. 425503<\/p>\n<p>MIERCOLES 29\/03\/ (de 8 a 12,30 hs.) CAPS Blandengues Calle 16 esq.105 &#8211; Tel\u00e9f. 15415885<\/p>\n<p>JUEVES 30\/03 (de 15 a 18,30 hs.) CAPS Lomas del P\u00e1cifico Calle106 e\/ 39 y 41 &#8211; Tel\u00e9f. 15415889<\/p>\n<p>VIERNES 31\/03 (de 10 a 12 hs.) CAPS San Jos\u00e9 Calle 50 e\/ 19 y 21 &#8211; Tel\u00e9f. 15415883<\/p>\n<p>Este tipo de c\u00e1ncer es causado por un crecimiento anormal de las c\u00e9lulas del cuello de \u00fatero. Una de sus causas m\u00e1s comunes se debe a algunos tipos de VPH (virus del papiloma humano), que se transmite por contacto sexual.<\/p>\n<p>El c\u00e1ncer de Cuello de \u00datero, no suele presentar s\u00edntomas en etapas tempranas. No obstante, pueden aparecer algunos como:<\/p>\n<p>-Manchas de sangre anormales antes o despu\u00e9s de menstruar.<br \/>\n-Secreci\u00f3n vaginal inusual.<br \/>\n-Dolor p\u00e9lvico y\/o sangrado durante las relaciones sexuales.<\/p>\n<p>El 93% de los casos de c\u00e1ncer de cuello de \u00fatero se pueden prevenir realizando un PAP, colposcopia y test de VPH anual.<\/p>\n<p>Desde LALCEC recordaron la importancia de:<br \/>\n-Realizar tu visita ginecol\u00f3gica.<br \/>\n-Usar protecci\u00f3n durante tus relaciones sexuales.<br \/>\n-Evitar el tabaquismo.<br \/>\n-Vacunarte contra el VPH<\/p>\n<p>Realizar tus controles anuales, es cuidar tu salud. La detecci\u00f3n temprana, puede salvar vidas. Para mayor informaci\u00f3n, llamar al 431360 o 15676786 de lunes a viernes de 17 a 19 horas (Calle 39 n\u00b0 419).<\/p>\n<p><img loading=\"lazy\" decoding=\"async\" class=\"alignnone size-large wp-image-111142\" src=\"https:\/\/noticiasmercedinas.com\/site\/wp-content\/uploads\/2023\/03\/CamScanner-03-17-2023-18.11-984x1024.jpg\" alt=\"\" width=\"640\" height=\"666\" srcset=\"https:\/\/noticiasmercedinas.com\/site\/wp-content\/uploads\/2023\/03\/CamScanner-03-17-2023-18.11-984x1024.jpg 984w, https:\/\/noticiasmercedinas.com\/site\/wp-content\/uploads\/2023\/03\/CamScanner-03-17-2023-18.11-288x300.jpg 288w, https:\/\/noticiasmercedinas.com\/site\/wp-content\/uploads\/2023\/03\/CamScanner-03-17-2023-18.11-768x799.jpg 768w, https:\/\/noticiasmercedinas.com\/site\/wp-content\/uploads\/2023\/03\/CamScanner-03-17-2023-18.11-1476x1536.jpg 1476w, https:\/\/noticiasmercedinas.com\/site\/wp-content\/uploads\/2023\/03\/CamScanner-03-17-2023-18.11-640x666.jpg 640w, https:\/\/noticiasmercedinas.com\/site\/wp-content\/uploads\/2023\/03\/CamScanner-03-17-2023-18.11-1280x1332.jpg 1280w, https:\/\/noticiasmercedinas.com\/site\/wp-content\/uploads\/2023\/03\/CamScanner-03-17-2023-18.11-681x709.jpg 681w, https:\/\/noticiasmercedinas.com\/site\/wp-content\/uploads\/2023\/03\/CamScanner-03-17-2023-18.11-1362x1418.jpg 1362w, https:\/\/noticiasmercedinas.com\/site\/wp-content\/uploads\/2023\/03\/CamScanner-03-17-2023-18.11.jpg 1588w\" sizes=\"auto, (max-width: 640px) 100vw, 640px\" \/><\/p>\n","protected":false},"excerpt":{"rendered":"<p>LALCEC Mercedes junto a la Secretar\u00eda de Salud de la Municipalidad de Mercedes organizan la campa\u00f1a de prevenci\u00f3n contra el c\u00e1ncer de cuello uterino del 27 al 31 de marzo. En este sentido se inform\u00f3 que se estar\u00e1n realizando estudios gratuitos de detecci\u00f3n temprana en diferentes CAPS de nuestra ciudad, conforme al siguiente cronograma, solicitando [&hellip;]<\/p>\n","protected":false},"author":16,"featured_media":111141,"comment_status":"closed","ping_status":"closed","sticky":false,"template":"","format":"standard","meta":{"footnotes":""},"categories":[8992],"tags":[984,983,1391,2396,71],"class_list":["post-111140","post","type-post","status-publish","format-standard","has-post-thumbnail","hentry","category-bienestar","tag-cancer","tag-lalcec","tag-mujer","tag-prevencion","tag-salud"],"yoast_head":"<!-- This site is optimized with the Yoast SEO plugin v27.4 - https:\/\/yoast.com\/product\/yoast-seo-wordpress\/ -->\n<title>Organizan una campa\u00f1a de prevenci\u00f3n contra el c\u00e1ncer de cuello uterino<\/title>\n<meta name=\"robots\" content=\"index, follow, max-snippet:-1, max-image-preview:large, max-video-preview:-1\" \/>\n<link rel=\"canonical\" href=\"https:\/\/noticiasmercedinas.com\/site\/2023\/03\/17\/organizan-una-campana-de-prevencion-contra-el-cancer-de-cuello-uterino\/\" \/>\n<meta property=\"og:locale\" content=\"es_ES\" \/>\n<meta property=\"og:type\" content=\"article\" \/>\n<meta property=\"og:title\" content=\"Organizan una campa\u00f1a de prevenci\u00f3n contra el c\u00e1ncer de cuello uterino\" \/>\n<meta property=\"og:description\" content=\"LALCEC Mercedes junto a la Secretar\u00eda de Salud de la Municipalidad de Mercedes organizan la campa\u00f1a de prevenci\u00f3n contra el c\u00e1ncer de cuello uterino del 27 al 31 de marzo. En este sentido se inform\u00f3 que se estar\u00e1n realizando estudios gratuitos de detecci\u00f3n temprana en diferentes CAPS de nuestra ciudad, conforme al siguiente cronograma, solicitando [&hellip;]\" \/>\n<meta property=\"og:url\" content=\"https:\/\/noticiasmercedinas.com\/site\/2023\/03\/17\/organizan-una-campana-de-prevencion-contra-el-cancer-de-cuello-uterino\/\" \/>\n<meta property=\"og:site_name\" content=\"NOTICIASMERCEDINAS.COM\" \/>\n<meta property=\"article:publisher\" content=\"https:\/\/www.facebook.com\/noticiasmercedinas\/\" \/>\n<meta property=\"article:published_time\" content=\"2023-03-17T21:56:29+00:00\" \/>\n<meta property=\"og:image\" content=\"https:\/\/noticiasmercedinas.com\/site\/wp-content\/uploads\/2023\/03\/IMG-20230317-WA0029.jpg\" \/>\n\t<meta property=\"og:image:width\" content=\"1600\" \/>\n\t<meta property=\"og:image:height\" content=\"1600\" \/>\n\t<meta property=\"og:image:type\" content=\"image\/jpeg\" \/>\n<meta name=\"author\" content=\"NOTICIASMERCEDINAS.COM\" \/>\n<meta name=\"twitter:card\" content=\"summary_large_image\" \/>\n<meta name=\"twitter:creator\" content=\"@notmercedinas\" \/>\n<meta name=\"twitter:site\" content=\"@notmercedinas\" \/>\n<meta name=\"twitter:label1\" content=\"Escrito por\" \/>\n\t<meta name=\"twitter:data1\" content=\"NOTICIASMERCEDINAS.COM\" \/>\n\t<meta name=\"twitter:label2\" content=\"Tiempo de lectura\" \/>\n\t<meta name=\"twitter:data2\" content=\"2 minutos\" \/>\n<script type=\"application\/ld+json\" class=\"yoast-schema-graph\">{\"@context\":\"https:\\\/\\\/schema.org\",\"@graph\":[{\"@type\":\"Article\",\"@id\":\"https:\\\/\\\/noticiasmercedinas.com\\\/site\\\/2023\\\/03\\\/17\\\/organizan-una-campana-de-prevencion-contra-el-cancer-de-cuello-uterino\\\/#article\",\"isPartOf\":{\"@id\":\"https:\\\/\\\/noticiasmercedinas.com\\\/site\\\/2023\\\/03\\\/17\\\/organizan-una-campana-de-prevencion-contra-el-cancer-de-cuello-uterino\\\/\"},\"author\":{\"name\":\"NOTICIASMERCEDINAS.COM\",\"@id\":\"https:\\\/\\\/noticiasmercedinas.com\\\/site\\\/#\\\/schema\\\/person\\\/84b59c099c28ff2e8b77d4ceec5d8063\"},\"headline\":\"Organizan una campa\u00f1a de prevenci\u00f3n contra el c\u00e1ncer de cuello uterino\",\"datePublished\":\"2023-03-17T21:56:29+00:00\",\"mainEntityOfPage\":{\"@id\":\"https:\\\/\\\/noticiasmercedinas.com\\\/site\\\/2023\\\/03\\\/17\\\/organizan-una-campana-de-prevencion-contra-el-cancer-de-cuello-uterino\\\/\"},\"wordCount\":305,\"publisher\":{\"@id\":\"https:\\\/\\\/noticiasmercedinas.com\\\/site\\\/#organization\"},\"image\":{\"@id\":\"https:\\\/\\\/noticiasmercedinas.com\\\/site\\\/2023\\\/03\\\/17\\\/organizan-una-campana-de-prevencion-contra-el-cancer-de-cuello-uterino\\\/#primaryimage\"},\"thumbnailUrl\":\"https:\\\/\\\/noticiasmercedinas.com\\\/site\\\/wp-content\\\/uploads\\\/2023\\\/03\\\/IMG-20230317-WA0029.jpg\",\"keywords\":[\"cancer\",\"lalcec\",\"mujer\",\"prevencion\",\"salud\"],\"articleSection\":[\"Bienestar\"],\"inLanguage\":\"es\"},{\"@type\":\"WebPage\",\"@id\":\"https:\\\/\\\/noticiasmercedinas.com\\\/site\\\/2023\\\/03\\\/17\\\/organizan-una-campana-de-prevencion-contra-el-cancer-de-cuello-uterino\\\/\",\"url\":\"https:\\\/\\\/noticiasmercedinas.com\\\/site\\\/2023\\\/03\\\/17\\\/organizan-una-campana-de-prevencion-contra-el-cancer-de-cuello-uterino\\\/\",\"name\":\"Organizan una campa\u00f1a de prevenci\u00f3n contra el c\u00e1ncer de cuello uterino\",\"isPartOf\":{\"@id\":\"https:\\\/\\\/noticiasmercedinas.com\\\/site\\\/#website\"},\"primaryImageOfPage\":{\"@id\":\"https:\\\/\\\/noticiasmercedinas.com\\\/site\\\/2023\\\/03\\\/17\\\/organizan-una-campana-de-prevencion-contra-el-cancer-de-cuello-uterino\\\/#primaryimage\"},\"image\":{\"@id\":\"https:\\\/\\\/noticiasmercedinas.com\\\/site\\\/2023\\\/03\\\/17\\\/organizan-una-campana-de-prevencion-contra-el-cancer-de-cuello-uterino\\\/#primaryimage\"},\"thumbnailUrl\":\"https:\\\/\\\/noticiasmercedinas.com\\\/site\\\/wp-content\\\/uploads\\\/2023\\\/03\\\/IMG-20230317-WA0029.jpg\",\"datePublished\":\"2023-03-17T21:56:29+00:00\",\"breadcrumb\":{\"@id\":\"https:\\\/\\\/noticiasmercedinas.com\\\/site\\\/2023\\\/03\\\/17\\\/organizan-una-campana-de-prevencion-contra-el-cancer-de-cuello-uterino\\\/#breadcrumb\"},\"inLanguage\":\"es\",\"potentialAction\":[{\"@type\":\"ReadAction\",\"target\":[\"https:\\\/\\\/noticiasmercedinas.com\\\/site\\\/2023\\\/03\\\/17\\\/organizan-una-campana-de-prevencion-contra-el-cancer-de-cuello-uterino\\\/\"]}]},{\"@type\":\"ImageObject\",\"inLanguage\":\"es\",\"@id\":\"https:\\\/\\\/noticiasmercedinas.com\\\/site\\\/2023\\\/03\\\/17\\\/organizan-una-campana-de-prevencion-contra-el-cancer-de-cuello-uterino\\\/#primaryimage\",\"url\":\"https:\\\/\\\/noticiasmercedinas.com\\\/site\\\/wp-content\\\/uploads\\\/2023\\\/03\\\/IMG-20230317-WA0029.jpg\",\"contentUrl\":\"https:\\\/\\\/noticiasmercedinas.com\\\/site\\\/wp-content\\\/uploads\\\/2023\\\/03\\\/IMG-20230317-WA0029.jpg\",\"width\":1600,\"height\":1600},{\"@type\":\"BreadcrumbList\",\"@id\":\"https:\\\/\\\/noticiasmercedinas.com\\\/site\\\/2023\\\/03\\\/17\\\/organizan-una-campana-de-prevencion-contra-el-cancer-de-cuello-uterino\\\/#breadcrumb\",\"itemListElement\":[{\"@type\":\"ListItem\",\"position\":1,\"name\":\"Portada\",\"item\":\"https:\\\/\\\/noticiasmercedinas.com\\\/site\\\/\"},{\"@type\":\"ListItem\",\"position\":2,\"name\":\"Organizan una campa\u00f1a de prevenci\u00f3n contra el c\u00e1ncer de cuello uterino\"}]},{\"@type\":\"WebSite\",\"@id\":\"https:\\\/\\\/noticiasmercedinas.com\\\/site\\\/#website\",\"url\":\"https:\\\/\\\/noticiasmercedinas.com\\\/site\\\/\",\"name\":\"NOTICIASMERCEDINAS.COM\",\"description\":\"Mercedes, Buenos Aires, Argentina\",\"publisher\":{\"@id\":\"https:\\\/\\\/noticiasmercedinas.com\\\/site\\\/#organization\"},\"potentialAction\":[{\"@type\":\"SearchAction\",\"target\":{\"@type\":\"EntryPoint\",\"urlTemplate\":\"https:\\\/\\\/noticiasmercedinas.com\\\/site\\\/?s={search_term_string}\"},\"query-input\":{\"@type\":\"PropertyValueSpecification\",\"valueRequired\":true,\"valueName\":\"search_term_string\"}}],\"inLanguage\":\"es\"},{\"@type\":\"Organization\",\"@id\":\"https:\\\/\\\/noticiasmercedinas.com\\\/site\\\/#organization\",\"name\":\"NOTICIASMERCEDINAS.COM\",\"url\":\"https:\\\/\\\/noticiasmercedinas.com\\\/site\\\/\",\"logo\":{\"@type\":\"ImageObject\",\"inLanguage\":\"es\",\"@id\":\"https:\\\/\\\/noticiasmercedinas.com\\\/site\\\/#\\\/schema\\\/logo\\\/image\\\/\",\"url\":\"https:\\\/\\\/noticiasmercedinas.com\\\/site\\\/wp-content\\\/uploads\\\/2020\\\/06\\\/LOGO-512.jpg\",\"contentUrl\":\"https:\\\/\\\/noticiasmercedinas.com\\\/site\\\/wp-content\\\/uploads\\\/2020\\\/06\\\/LOGO-512.jpg\",\"width\":512,\"height\":512,\"caption\":\"NOTICIASMERCEDINAS.COM\"},\"image\":{\"@id\":\"https:\\\/\\\/noticiasmercedinas.com\\\/site\\\/#\\\/schema\\\/logo\\\/image\\\/\"},\"sameAs\":[\"https:\\\/\\\/www.facebook.com\\\/noticiasmercedinas\\\/\",\"https:\\\/\\\/x.com\\\/notmercedinas\",\"https:\\\/\\\/www.instagram.com\\\/noticiasmercedinas\\\/\"]},{\"@type\":\"Person\",\"@id\":\"https:\\\/\\\/noticiasmercedinas.com\\\/site\\\/#\\\/schema\\\/person\\\/84b59c099c28ff2e8b77d4ceec5d8063\",\"name\":\"NOTICIASMERCEDINAS.COM\",\"image\":{\"@type\":\"ImageObject\",\"inLanguage\":\"es\",\"@id\":\"https:\\\/\\\/secure.gravatar.com\\\/avatar\\\/4dfbf16b4d17945bfb6341b2d19043457132fcf478a5ee04f42e959fd8f5df0a?s=96&d=mm&r=g\",\"url\":\"https:\\\/\\\/secure.gravatar.com\\\/avatar\\\/4dfbf16b4d17945bfb6341b2d19043457132fcf478a5ee04f42e959fd8f5df0a?s=96&d=mm&r=g\",\"contentUrl\":\"https:\\\/\\\/secure.gravatar.com\\\/avatar\\\/4dfbf16b4d17945bfb6341b2d19043457132fcf478a5ee04f42e959fd8f5df0a?s=96&d=mm&r=g\",\"caption\":\"NOTICIASMERCEDINAS.COM\"},\"url\":\"https:\\\/\\\/noticiasmercedinas.com\\\/site\\\/author\\\/anonimo\\\/\"}]}<\/script>\n<!-- \/ Yoast SEO plugin. -->","yoast_head_json":{"title":"Organizan una campa\u00f1a de prevenci\u00f3n contra el c\u00e1ncer de cuello uterino","robots":{"index":"index","follow":"follow","max-snippet":"max-snippet:-1","max-image-preview":"max-image-preview:large","max-video-preview":"max-video-preview:-1"},"canonical":"https:\/\/noticiasmercedinas.com\/site\/2023\/03\/17\/organizan-una-campana-de-prevencion-contra-el-cancer-de-cuello-uterino\/","og_locale":"es_ES","og_type":"article","og_title":"Organizan una campa\u00f1a de prevenci\u00f3n contra el c\u00e1ncer de cuello uterino","og_description":"LALCEC Mercedes junto a la Secretar\u00eda de Salud de la Municipalidad de Mercedes organizan la campa\u00f1a de prevenci\u00f3n contra el c\u00e1ncer de cuello uterino del 27 al 31 de marzo. En este sentido se inform\u00f3 que se estar\u00e1n realizando estudios gratuitos de detecci\u00f3n temprana en diferentes CAPS de nuestra ciudad, conforme al siguiente cronograma, solicitando [&hellip;]","og_url":"https:\/\/noticiasmercedinas.com\/site\/2023\/03\/17\/organizan-una-campana-de-prevencion-contra-el-cancer-de-cuello-uterino\/","og_site_name":"NOTICIASMERCEDINAS.COM","article_publisher":"https:\/\/www.facebook.com\/noticiasmercedinas\/","article_published_time":"2023-03-17T21:56:29+00:00","og_image":[{"width":1600,"height":1600,"url":"https:\/\/noticiasmercedinas.com\/site\/wp-content\/uploads\/2023\/03\/IMG-20230317-WA0029.jpg","type":"image\/jpeg"}],"author":"NOTICIASMERCEDINAS.COM","twitter_card":"summary_large_image","twitter_creator":"@notmercedinas","twitter_site":"@notmercedinas","twitter_misc":{"Escrito por":"NOTICIASMERCEDINAS.COM","Tiempo de lectura":"2 minutos"},"schema":{"@context":"https:\/\/schema.org","@graph":[{"@type":"Article","@id":"https:\/\/noticiasmercedinas.com\/site\/2023\/03\/17\/organizan-una-campana-de-prevencion-contra-el-cancer-de-cuello-uterino\/#article","isPartOf":{"@id":"https:\/\/noticiasmercedinas.com\/site\/2023\/03\/17\/organizan-una-campana-de-prevencion-contra-el-cancer-de-cuello-uterino\/"},"author":{"name":"NOTICIASMERCEDINAS.COM","@id":"https:\/\/noticiasmercedinas.com\/site\/#\/schema\/person\/84b59c099c28ff2e8b77d4ceec5d8063"},"headline":"Organizan una campa\u00f1a de prevenci\u00f3n contra el c\u00e1ncer de cuello uterino","datePublished":"2023-03-17T21:56:29+00:00","mainEntityOfPage":{"@id":"https:\/\/noticiasmercedinas.com\/site\/2023\/03\/17\/organizan-una-campana-de-prevencion-contra-el-cancer-de-cuello-uterino\/"},"wordCount":305,"publisher":{"@id":"https:\/\/noticiasmercedinas.com\/site\/#organization"},"image":{"@id":"https:\/\/noticiasmercedinas.com\/site\/2023\/03\/17\/organizan-una-campana-de-prevencion-contra-el-cancer-de-cuello-uterino\/#primaryimage"},"thumbnailUrl":"https:\/\/noticiasmercedinas.com\/site\/wp-content\/uploads\/2023\/03\/IMG-20230317-WA0029.jpg","keywords":["cancer","lalcec","mujer","prevencion","salud"],"articleSection":["Bienestar"],"inLanguage":"es"},{"@type":"WebPage","@id":"https:\/\/noticiasmercedinas.com\/site\/2023\/03\/17\/organizan-una-campana-de-prevencion-contra-el-cancer-de-cuello-uterino\/","url":"https:\/\/noticiasmercedinas.com\/site\/2023\/03\/17\/organizan-una-campana-de-prevencion-contra-el-cancer-de-cuello-uterino\/","name":"Organizan una campa\u00f1a de prevenci\u00f3n contra el c\u00e1ncer de cuello uterino","isPartOf":{"@id":"https:\/\/noticiasmercedinas.com\/site\/#website"},"primaryImageOfPage":{"@id":"https:\/\/noticiasmercedinas.com\/site\/2023\/03\/17\/organizan-una-campana-de-prevencion-contra-el-cancer-de-cuello-uterino\/#primaryimage"},"image":{"@id":"https:\/\/noticiasmercedinas.com\/site\/2023\/03\/17\/organizan-una-campana-de-prevencion-contra-el-cancer-de-cuello-uterino\/#primaryimage"},"thumbnailUrl":"https:\/\/noticiasmercedinas.com\/site\/wp-content\/uploads\/2023\/03\/IMG-20230317-WA0029.jpg","datePublished":"2023-03-17T21:56:29+00:00","breadcrumb":{"@id":"https:\/\/noticiasmercedinas.com\/site\/2023\/03\/17\/organizan-una-campana-de-prevencion-contra-el-cancer-de-cuello-uterino\/#breadcrumb"},"inLanguage":"es","potentialAction":[{"@type":"ReadAction","target":["https:\/\/noticiasmercedinas.com\/site\/2023\/03\/17\/organizan-una-campana-de-prevencion-contra-el-cancer-de-cuello-uterino\/"]}]},{"@type":"ImageObject","inLanguage":"es","@id":"https:\/\/noticiasmercedinas.com\/site\/2023\/03\/17\/organizan-una-campana-de-prevencion-contra-el-cancer-de-cuello-uterino\/#primaryimage","url":"https:\/\/noticiasmercedinas.com\/site\/wp-content\/uploads\/2023\/03\/IMG-20230317-WA0029.jpg","contentUrl":"https:\/\/noticiasmercedinas.com\/site\/wp-content\/uploads\/2023\/03\/IMG-20230317-WA0029.jpg","width":1600,"height":1600},{"@type":"BreadcrumbList","@id":"https:\/\/noticiasmercedinas.com\/site\/2023\/03\/17\/organizan-una-campana-de-prevencion-contra-el-cancer-de-cuello-uterino\/#breadcrumb","itemListElement":[{"@type":"ListItem","position":1,"name":"Portada","item":"https:\/\/noticiasmercedinas.com\/site\/"},{"@type":"ListItem","position":2,"name":"Organizan una campa\u00f1a de prevenci\u00f3n contra el c\u00e1ncer de cuello uterino"}]},{"@type":"WebSite","@id":"https:\/\/noticiasmercedinas.com\/site\/#website","url":"https:\/\/noticiasmercedinas.com\/site\/","name":"NOTICIASMERCEDINAS.COM","description":"Mercedes, Buenos Aires, Argentina","publisher":{"@id":"https:\/\/noticiasmercedinas.com\/site\/#organization"},"potentialAction":[{"@type":"SearchAction","target":{"@type":"EntryPoint","urlTemplate":"https:\/\/noticiasmercedinas.com\/site\/?s={search_term_string}"},"query-input":{"@type":"PropertyValueSpecification","valueRequired":true,"valueName":"search_term_string"}}],"inLanguage":"es"},{"@type":"Organization","@id":"https:\/\/noticiasmercedinas.com\/site\/#organization","name":"NOTICIASMERCEDINAS.COM","url":"https:\/\/noticiasmercedinas.com\/site\/","logo":{"@type":"ImageObject","inLanguage":"es","@id":"https:\/\/noticiasmercedinas.com\/site\/#\/schema\/logo\/image\/","url":"https:\/\/noticiasmercedinas.com\/site\/wp-content\/uploads\/2020\/06\/LOGO-512.jpg","contentUrl":"https:\/\/noticiasmercedinas.com\/site\/wp-content\/uploads\/2020\/06\/LOGO-512.jpg","width":512,"height":512,"caption":"NOTICIASMERCEDINAS.COM"},"image":{"@id":"https:\/\/noticiasmercedinas.com\/site\/#\/schema\/logo\/image\/"},"sameAs":["https:\/\/www.facebook.com\/noticiasmercedinas\/","https:\/\/x.com\/notmercedinas","https:\/\/www.instagram.com\/noticiasmercedinas\/"]},{"@type":"Person","@id":"https:\/\/noticiasmercedinas.com\/site\/#\/schema\/person\/84b59c099c28ff2e8b77d4ceec5d8063","name":"NOTICIASMERCEDINAS.COM","image":{"@type":"ImageObject","inLanguage":"es","@id":"https:\/\/secure.gravatar.com\/avatar\/4dfbf16b4d17945bfb6341b2d19043457132fcf478a5ee04f42e959fd8f5df0a?s=96&d=mm&r=g","url":"https:\/\/secure.gravatar.com\/avatar\/4dfbf16b4d17945bfb6341b2d19043457132fcf478a5ee04f42e959fd8f5df0a?s=96&d=mm&r=g","contentUrl":"https:\/\/secure.gravatar.com\/avatar\/4dfbf16b4d17945bfb6341b2d19043457132fcf478a5ee04f42e959fd8f5df0a?s=96&d=mm&r=g","caption":"NOTICIASMERCEDINAS.COM"},"url":"https:\/\/noticiasmercedinas.com\/site\/author\/anonimo\/"}]}},"amp_enabled":true,"_links":{"self":[{"href":"https:\/\/noticiasmercedinas.com\/site\/wp-json\/wp\/v2\/posts\/111140","targetHints":{"allow":["GET"]}}],"collection":[{"href":"https:\/\/noticiasmercedinas.com\/site\/wp-json\/wp\/v2\/posts"}],"about":[{"href":"https:\/\/noticiasmercedinas.com\/site\/wp-json\/wp\/v2\/types\/post"}],"author":[{"embeddable":true,"href":"https:\/\/noticiasmercedinas.com\/site\/wp-json\/wp\/v2\/users\/16"}],"replies":[{"embeddable":true,"href":"https:\/\/noticiasmercedinas.com\/site\/wp-json\/wp\/v2\/comments?post=111140"}],"version-history":[{"count":1,"href":"https:\/\/noticiasmercedinas.com\/site\/wp-json\/wp\/v2\/posts\/111140\/revisions"}],"predecessor-version":[{"id":111143,"href":"https:\/\/noticiasmercedinas.com\/site\/wp-json\/wp\/v2\/posts\/111140\/revisions\/111143"}],"wp:featuredmedia":[{"embeddable":true,"href":"https:\/\/noticiasmercedinas.com\/site\/wp-json\/wp\/v2\/media\/111141"}],"wp:attachment":[{"href":"https:\/\/noticiasmercedinas.com\/site\/wp-json\/wp\/v2\/media?parent=111140"}],"wp:term":[{"taxonomy":"category","embeddable":true,"href":"https:\/\/noticiasmercedinas.com\/site\/wp-json\/wp\/v2\/categories?post=111140"},{"taxonomy":"post_tag","embeddable":true,"href":"https:\/\/noticiasmercedinas.com\/site\/wp-json\/wp\/v2\/tags?post=111140"}],"curies":[{"name":"wp","href":"https:\/\/api.w.org\/{rel}","templated":true}]}}