{"id":111162,"date":"2023-03-18T09:11:11","date_gmt":"2023-03-18T12:11:11","guid":{"rendered":"https:\/\/noticiasmercedinas.com\/site\/?p=111162"},"modified":"2023-03-18T09:11:11","modified_gmt":"2023-03-18T12:11:11","slug":"ley-agroindustrial-diputados-del-frente-de-todos-presentan-un-nuevo-proyecto","status":"publish","type":"post","link":"https:\/\/noticiasmercedinas.com\/site\/2023\/03\/18\/ley-agroindustrial-diputados-del-frente-de-todos-presentan-un-nuevo-proyecto\/","title":{"rendered":"Ley agroindustrial: diputados del Frente de Todos presentan un nuevo proyecto"},"content":{"rendered":"<p><img loading=\"lazy\" decoding=\"async\" class=\"alignnone size-full wp-image-81724\" src=\"https:\/\/noticiasmercedinas.com\/site\/wp-content\/uploads\/2021\/12\/carlos_selva.jpg\" alt=\"\" width=\"640\" height=\"403\" srcset=\"https:\/\/noticiasmercedinas.com\/site\/wp-content\/uploads\/2021\/12\/carlos_selva.jpg 640w, https:\/\/noticiasmercedinas.com\/site\/wp-content\/uploads\/2021\/12\/carlos_selva-300x189.jpg 300w\" sizes=\"auto, (max-width: 640px) 100vw, 640px\" \/><\/p>\n<p>El Frente de Todos present\u00f3 un nuevo proyecto de ley agroindustrial. La bancada oficialista de Diputados ingres\u00f3 la iniciativa para reactivar una pol\u00edtica que logr\u00f3 consenso, pero que la agenda judicial congel\u00f3. Tras la finalizaci\u00f3n de las sesiones extraordinarias, el proyecto perdi\u00f3 estado parlamentario. La primera presentaci\u00f3n en Diputados fue en 2021.<\/p>\n<p>El nuevo proyecto, similar al que fracas\u00f3, lleva la firma de Marcelo Casaretto; Carlos Ponce; Carlos Heller; Germ\u00e1n Mart\u00ednez; Carolina Yutrovic; Micaela Mor\u00e1n; Graciela Landriscini; Gabriela Pedrali; Eduardo Fern\u00e1ndez; Gustavo Gonz\u00e1lez; Blanca Osuna; Carolina Gaillard; Lisandro Bormioli; <strong>Carlos Selva<\/strong>; Fabi\u00e1n Borda; Pedro Dantas y Carlos Alderete, inform\u00f3 T\u00e9lam.<\/p>\n<p>Durante el periodo de tratamiento del proyecto, las comisiones hab\u00edan logrado acuerdos y la iniciativa estaba encaminada. Sin embargo, el temario de los juicios a la Corte Suprema posterg\u00f3 la discusi\u00f3n parlamentaria.<\/p>\n<p>El Consejo Agroindustrial Argentino es el primer promotor de esta iniciativa que propone mayor empleo y exportaciones. Para alcanzar el texto definitivo se reunieron con diferentes c\u00e1maras y pol\u00edticos, entre los encuentros estuvo Cristina Fern\u00e1ndez.<\/p>\n<p>Adem\u00e1s, el proyecto lo present\u00f3 Alberto Fern\u00e1ndez, la vicepresidenta y el entonces ministro de Agricultura, Juli\u00e1n Dom\u00ednguez. El texto tiene como objetivo fomentar la agroindustria, promoviendo el trabajo y el desarrollo del pa\u00eds. En 2021, lo presentaron como medidas de fomento e incentivos para ciertas actividades.<\/p>\n<p>El proyecto, que perdi\u00f3 estado parlamentario, ten\u00eda acuerdos y faltaban ciertos dict\u00e1menes en las comisiones. Sin embargo, hasta las sesiones extraordinarias, el oficialismo en boca del diputado Mart\u00ednez se\u00f1al\u00f3 que se hab\u00eda hecho una tarea notable. \u201cEstamos muy cerca del consenso para un dictamen con una buena cantidad de firmas\u201d, coment\u00f3 a principio de a\u00f1o. Adem\u00e1s, en ese momento elogi\u00f3 la tarea del presidente de la Comisi\u00f3n de Agricultura, Ricardo Buryaile.<\/p>\n<p>Con la nueva presentaci\u00f3n, se espera que queden atr\u00e1s las confrontaciones entre el oficialismo y la oposici\u00f3n para dar luz verde a este proyecto. El a\u00f1o legislativo reci\u00e9n comienza y las elecciones meter\u00e1n la cola, mientras que la ley busca salir airosa.<\/p>\n","protected":false},"excerpt":{"rendered":"<p>\u25a0 Ingres\u00f3 al Congreso con la firma de los principales legisladores del Frente de Todos, entre ellos el mercedino Carlos Selva, luego de que en la primera presentaci\u00f3n la iniciativa fracas\u00f3.<\/p>\n","protected":false},"author":16,"featured_media":81724,"comment_status":"closed","ping_status":"closed","sticky":false,"template":"","format":"standard","meta":{"footnotes":""},"categories":[16],"tags":[318,174,5299,16464],"class_list":["post-111162","post","type-post","status-publish","format-standard","has-post-thumbnail","hentry","category-politica","tag-carlos-selva","tag-diputados","tag-frente-de-todos","tag-ley-agroindustrial"],"yoast_head":"<!-- This site is optimized with the Yoast SEO plugin v27.4 - https:\/\/yoast.com\/product\/yoast-seo-wordpress\/ -->\n<title>Ley agroindustrial: diputados del Frente de Todos presentan un nuevo proyecto<\/title>\n<meta name=\"robots\" content=\"index, follow, max-snippet:-1, max-image-preview:large, max-video-preview:-1\" \/>\n<link rel=\"canonical\" href=\"https:\/\/noticiasmercedinas.com\/site\/2023\/03\/18\/ley-agroindustrial-diputados-del-frente-de-todos-presentan-un-nuevo-proyecto\/\" \/>\n<meta property=\"og:locale\" content=\"es_ES\" \/>\n<meta property=\"og:type\" content=\"article\" \/>\n<meta property=\"og:title\" content=\"Ley agroindustrial: diputados del Frente de Todos presentan un nuevo proyecto\" \/>\n<meta property=\"og:description\" content=\"\u25a0 Ingres\u00f3 al Congreso con la firma de los principales legisladores del Frente de Todos, entre ellos el mercedino Carlos Selva, luego de que en la primera presentaci\u00f3n la iniciativa fracas\u00f3.\" \/>\n<meta property=\"og:url\" content=\"https:\/\/noticiasmercedinas.com\/site\/2023\/03\/18\/ley-agroindustrial-diputados-del-frente-de-todos-presentan-un-nuevo-proyecto\/\" \/>\n<meta property=\"og:site_name\" content=\"NOTICIASMERCEDINAS.COM\" \/>\n<meta property=\"article:publisher\" content=\"https:\/\/www.facebook.com\/noticiasmercedinas\/\" \/>\n<meta property=\"article:published_time\" content=\"2023-03-18T12:11:11+00:00\" \/>\n<meta property=\"og:image\" content=\"https:\/\/noticiasmercedinas.com\/site\/wp-content\/uploads\/2021\/12\/carlos_selva.jpg\" \/>\n\t<meta property=\"og:image:width\" content=\"640\" \/>\n\t<meta property=\"og:image:height\" content=\"403\" \/>\n\t<meta property=\"og:image:type\" content=\"image\/jpeg\" \/>\n<meta name=\"author\" content=\"NOTICIASMERCEDINAS.COM\" \/>\n<meta name=\"twitter:card\" content=\"summary_large_image\" \/>\n<meta name=\"twitter:creator\" content=\"@notmercedinas\" \/>\n<meta name=\"twitter:site\" content=\"@notmercedinas\" \/>\n<meta name=\"twitter:label1\" content=\"Escrito por\" \/>\n\t<meta name=\"twitter:data1\" content=\"NOTICIASMERCEDINAS.COM\" \/>\n\t<meta name=\"twitter:label2\" content=\"Tiempo de lectura\" \/>\n\t<meta name=\"twitter:data2\" content=\"2 minutos\" \/>\n<script type=\"application\/ld+json\" class=\"yoast-schema-graph\">{\"@context\":\"https:\\\/\\\/schema.org\",\"@graph\":[{\"@type\":\"Article\",\"@id\":\"https:\\\/\\\/noticiasmercedinas.com\\\/site\\\/2023\\\/03\\\/18\\\/ley-agroindustrial-diputados-del-frente-de-todos-presentan-un-nuevo-proyecto\\\/#article\",\"isPartOf\":{\"@id\":\"https:\\\/\\\/noticiasmercedinas.com\\\/site\\\/2023\\\/03\\\/18\\\/ley-agroindustrial-diputados-del-frente-de-todos-presentan-un-nuevo-proyecto\\\/\"},\"author\":{\"name\":\"NOTICIASMERCEDINAS.COM\",\"@id\":\"https:\\\/\\\/noticiasmercedinas.com\\\/site\\\/#\\\/schema\\\/person\\\/84b59c099c28ff2e8b77d4ceec5d8063\"},\"headline\":\"Ley agroindustrial: diputados del Frente de Todos presentan un nuevo proyecto\",\"datePublished\":\"2023-03-18T12:11:11+00:00\",\"mainEntityOfPage\":{\"@id\":\"https:\\\/\\\/noticiasmercedinas.com\\\/site\\\/2023\\\/03\\\/18\\\/ley-agroindustrial-diputados-del-frente-de-todos-presentan-un-nuevo-proyecto\\\/\"},\"wordCount\":369,\"publisher\":{\"@id\":\"https:\\\/\\\/noticiasmercedinas.com\\\/site\\\/#organization\"},\"image\":{\"@id\":\"https:\\\/\\\/noticiasmercedinas.com\\\/site\\\/2023\\\/03\\\/18\\\/ley-agroindustrial-diputados-del-frente-de-todos-presentan-un-nuevo-proyecto\\\/#primaryimage\"},\"thumbnailUrl\":\"https:\\\/\\\/noticiasmercedinas.com\\\/site\\\/wp-content\\\/uploads\\\/2021\\\/12\\\/carlos_selva.jpg\",\"keywords\":[\"carlos selva\",\"diputados\",\"Frente de Todos\",\"ley agroindustrial\"],\"articleSection\":[\"Politica\"],\"inLanguage\":\"es\"},{\"@type\":\"WebPage\",\"@id\":\"https:\\\/\\\/noticiasmercedinas.com\\\/site\\\/2023\\\/03\\\/18\\\/ley-agroindustrial-diputados-del-frente-de-todos-presentan-un-nuevo-proyecto\\\/\",\"url\":\"https:\\\/\\\/noticiasmercedinas.com\\\/site\\\/2023\\\/03\\\/18\\\/ley-agroindustrial-diputados-del-frente-de-todos-presentan-un-nuevo-proyecto\\\/\",\"name\":\"Ley agroindustrial: diputados del Frente de Todos presentan un nuevo proyecto\",\"isPartOf\":{\"@id\":\"https:\\\/\\\/noticiasmercedinas.com\\\/site\\\/#website\"},\"primaryImageOfPage\":{\"@id\":\"https:\\\/\\\/noticiasmercedinas.com\\\/site\\\/2023\\\/03\\\/18\\\/ley-agroindustrial-diputados-del-frente-de-todos-presentan-un-nuevo-proyecto\\\/#primaryimage\"},\"image\":{\"@id\":\"https:\\\/\\\/noticiasmercedinas.com\\\/site\\\/2023\\\/03\\\/18\\\/ley-agroindustrial-diputados-del-frente-de-todos-presentan-un-nuevo-proyecto\\\/#primaryimage\"},\"thumbnailUrl\":\"https:\\\/\\\/noticiasmercedinas.com\\\/site\\\/wp-content\\\/uploads\\\/2021\\\/12\\\/carlos_selva.jpg\",\"datePublished\":\"2023-03-18T12:11:11+00:00\",\"breadcrumb\":{\"@id\":\"https:\\\/\\\/noticiasmercedinas.com\\\/site\\\/2023\\\/03\\\/18\\\/ley-agroindustrial-diputados-del-frente-de-todos-presentan-un-nuevo-proyecto\\\/#breadcrumb\"},\"inLanguage\":\"es\",\"potentialAction\":[{\"@type\":\"ReadAction\",\"target\":[\"https:\\\/\\\/noticiasmercedinas.com\\\/site\\\/2023\\\/03\\\/18\\\/ley-agroindustrial-diputados-del-frente-de-todos-presentan-un-nuevo-proyecto\\\/\"]}]},{\"@type\":\"ImageObject\",\"inLanguage\":\"es\",\"@id\":\"https:\\\/\\\/noticiasmercedinas.com\\\/site\\\/2023\\\/03\\\/18\\\/ley-agroindustrial-diputados-del-frente-de-todos-presentan-un-nuevo-proyecto\\\/#primaryimage\",\"url\":\"https:\\\/\\\/noticiasmercedinas.com\\\/site\\\/wp-content\\\/uploads\\\/2021\\\/12\\\/carlos_selva.jpg\",\"contentUrl\":\"https:\\\/\\\/noticiasmercedinas.com\\\/site\\\/wp-content\\\/uploads\\\/2021\\\/12\\\/carlos_selva.jpg\",\"width\":640,\"height\":403},{\"@type\":\"BreadcrumbList\",\"@id\":\"https:\\\/\\\/noticiasmercedinas.com\\\/site\\\/2023\\\/03\\\/18\\\/ley-agroindustrial-diputados-del-frente-de-todos-presentan-un-nuevo-proyecto\\\/#breadcrumb\",\"itemListElement\":[{\"@type\":\"ListItem\",\"position\":1,\"name\":\"Portada\",\"item\":\"https:\\\/\\\/noticiasmercedinas.com\\\/site\\\/\"},{\"@type\":\"ListItem\",\"position\":2,\"name\":\"Ley agroindustrial: diputados del Frente de Todos presentan un nuevo proyecto\"}]},{\"@type\":\"WebSite\",\"@id\":\"https:\\\/\\\/noticiasmercedinas.com\\\/site\\\/#website\",\"url\":\"https:\\\/\\\/noticiasmercedinas.com\\\/site\\\/\",\"name\":\"NOTICIASMERCEDINAS.COM\",\"description\":\"Mercedes, Buenos Aires, Argentina\",\"publisher\":{\"@id\":\"https:\\\/\\\/noticiasmercedinas.com\\\/site\\\/#organization\"},\"potentialAction\":[{\"@type\":\"SearchAction\",\"target\":{\"@type\":\"EntryPoint\",\"urlTemplate\":\"https:\\\/\\\/noticiasmercedinas.com\\\/site\\\/?s={search_term_string}\"},\"query-input\":{\"@type\":\"PropertyValueSpecification\",\"valueRequired\":true,\"valueName\":\"search_term_string\"}}],\"inLanguage\":\"es\"},{\"@type\":\"Organization\",\"@id\":\"https:\\\/\\\/noticiasmercedinas.com\\\/site\\\/#organization\",\"name\":\"NOTICIASMERCEDINAS.COM\",\"url\":\"https:\\\/\\\/noticiasmercedinas.com\\\/site\\\/\",\"logo\":{\"@type\":\"ImageObject\",\"inLanguage\":\"es\",\"@id\":\"https:\\\/\\\/noticiasmercedinas.com\\\/site\\\/#\\\/schema\\\/logo\\\/image\\\/\",\"url\":\"https:\\\/\\\/noticiasmercedinas.com\\\/site\\\/wp-content\\\/uploads\\\/2020\\\/06\\\/LOGO-512.jpg\",\"contentUrl\":\"https:\\\/\\\/noticiasmercedinas.com\\\/site\\\/wp-content\\\/uploads\\\/2020\\\/06\\\/LOGO-512.jpg\",\"width\":512,\"height\":512,\"caption\":\"NOTICIASMERCEDINAS.COM\"},\"image\":{\"@id\":\"https:\\\/\\\/noticiasmercedinas.com\\\/site\\\/#\\\/schema\\\/logo\\\/image\\\/\"},\"sameAs\":[\"https:\\\/\\\/www.facebook.com\\\/noticiasmercedinas\\\/\",\"https:\\\/\\\/x.com\\\/notmercedinas\",\"https:\\\/\\\/www.instagram.com\\\/noticiasmercedinas\\\/\"]},{\"@type\":\"Person\",\"@id\":\"https:\\\/\\\/noticiasmercedinas.com\\\/site\\\/#\\\/schema\\\/person\\\/84b59c099c28ff2e8b77d4ceec5d8063\",\"name\":\"NOTICIASMERCEDINAS.COM\",\"image\":{\"@type\":\"ImageObject\",\"inLanguage\":\"es\",\"@id\":\"https:\\\/\\\/secure.gravatar.com\\\/avatar\\\/4dfbf16b4d17945bfb6341b2d19043457132fcf478a5ee04f42e959fd8f5df0a?s=96&d=mm&r=g\",\"url\":\"https:\\\/\\\/secure.gravatar.com\\\/avatar\\\/4dfbf16b4d17945bfb6341b2d19043457132fcf478a5ee04f42e959fd8f5df0a?s=96&d=mm&r=g\",\"contentUrl\":\"https:\\\/\\\/secure.gravatar.com\\\/avatar\\\/4dfbf16b4d17945bfb6341b2d19043457132fcf478a5ee04f42e959fd8f5df0a?s=96&d=mm&r=g\",\"caption\":\"NOTICIASMERCEDINAS.COM\"},\"url\":\"https:\\\/\\\/noticiasmercedinas.com\\\/site\\\/author\\\/anonimo\\\/\"}]}<\/script>\n<!-- \/ Yoast SEO plugin. -->","yoast_head_json":{"title":"Ley agroindustrial: diputados del Frente de Todos presentan un nuevo proyecto","robots":{"index":"index","follow":"follow","max-snippet":"max-snippet:-1","max-image-preview":"max-image-preview:large","max-video-preview":"max-video-preview:-1"},"canonical":"https:\/\/noticiasmercedinas.com\/site\/2023\/03\/18\/ley-agroindustrial-diputados-del-frente-de-todos-presentan-un-nuevo-proyecto\/","og_locale":"es_ES","og_type":"article","og_title":"Ley agroindustrial: diputados del Frente de Todos presentan un nuevo proyecto","og_description":"\u25a0 Ingres\u00f3 al Congreso con la firma de los principales legisladores del Frente de Todos, entre ellos el mercedino Carlos Selva, luego de que en la primera presentaci\u00f3n la iniciativa fracas\u00f3.","og_url":"https:\/\/noticiasmercedinas.com\/site\/2023\/03\/18\/ley-agroindustrial-diputados-del-frente-de-todos-presentan-un-nuevo-proyecto\/","og_site_name":"NOTICIASMERCEDINAS.COM","article_publisher":"https:\/\/www.facebook.com\/noticiasmercedinas\/","article_published_time":"2023-03-18T12:11:11+00:00","og_image":[{"width":640,"height":403,"url":"https:\/\/noticiasmercedinas.com\/site\/wp-content\/uploads\/2021\/12\/carlos_selva.jpg","type":"image\/jpeg"}],"author":"NOTICIASMERCEDINAS.COM","twitter_card":"summary_large_image","twitter_creator":"@notmercedinas","twitter_site":"@notmercedinas","twitter_misc":{"Escrito por":"NOTICIASMERCEDINAS.COM","Tiempo de lectura":"2 minutos"},"schema":{"@context":"https:\/\/schema.org","@graph":[{"@type":"Article","@id":"https:\/\/noticiasmercedinas.com\/site\/2023\/03\/18\/ley-agroindustrial-diputados-del-frente-de-todos-presentan-un-nuevo-proyecto\/#article","isPartOf":{"@id":"https:\/\/noticiasmercedinas.com\/site\/2023\/03\/18\/ley-agroindustrial-diputados-del-frente-de-todos-presentan-un-nuevo-proyecto\/"},"author":{"name":"NOTICIASMERCEDINAS.COM","@id":"https:\/\/noticiasmercedinas.com\/site\/#\/schema\/person\/84b59c099c28ff2e8b77d4ceec5d8063"},"headline":"Ley agroindustrial: diputados del Frente de Todos presentan un nuevo proyecto","datePublished":"2023-03-18T12:11:11+00:00","mainEntityOfPage":{"@id":"https:\/\/noticiasmercedinas.com\/site\/2023\/03\/18\/ley-agroindustrial-diputados-del-frente-de-todos-presentan-un-nuevo-proyecto\/"},"wordCount":369,"publisher":{"@id":"https:\/\/noticiasmercedinas.com\/site\/#organization"},"image":{"@id":"https:\/\/noticiasmercedinas.com\/site\/2023\/03\/18\/ley-agroindustrial-diputados-del-frente-de-todos-presentan-un-nuevo-proyecto\/#primaryimage"},"thumbnailUrl":"https:\/\/noticiasmercedinas.com\/site\/wp-content\/uploads\/2021\/12\/carlos_selva.jpg","keywords":["carlos selva","diputados","Frente de Todos","ley agroindustrial"],"articleSection":["Politica"],"inLanguage":"es"},{"@type":"WebPage","@id":"https:\/\/noticiasmercedinas.com\/site\/2023\/03\/18\/ley-agroindustrial-diputados-del-frente-de-todos-presentan-un-nuevo-proyecto\/","url":"https:\/\/noticiasmercedinas.com\/site\/2023\/03\/18\/ley-agroindustrial-diputados-del-frente-de-todos-presentan-un-nuevo-proyecto\/","name":"Ley agroindustrial: diputados del Frente de Todos presentan un nuevo proyecto","isPartOf":{"@id":"https:\/\/noticiasmercedinas.com\/site\/#website"},"primaryImageOfPage":{"@id":"https:\/\/noticiasmercedinas.com\/site\/2023\/03\/18\/ley-agroindustrial-diputados-del-frente-de-todos-presentan-un-nuevo-proyecto\/#primaryimage"},"image":{"@id":"https:\/\/noticiasmercedinas.com\/site\/2023\/03\/18\/ley-agroindustrial-diputados-del-frente-de-todos-presentan-un-nuevo-proyecto\/#primaryimage"},"thumbnailUrl":"https:\/\/noticiasmercedinas.com\/site\/wp-content\/uploads\/2021\/12\/carlos_selva.jpg","datePublished":"2023-03-18T12:11:11+00:00","breadcrumb":{"@id":"https:\/\/noticiasmercedinas.com\/site\/2023\/03\/18\/ley-agroindustrial-diputados-del-frente-de-todos-presentan-un-nuevo-proyecto\/#breadcrumb"},"inLanguage":"es","potentialAction":[{"@type":"ReadAction","target":["https:\/\/noticiasmercedinas.com\/site\/2023\/03\/18\/ley-agroindustrial-diputados-del-frente-de-todos-presentan-un-nuevo-proyecto\/"]}]},{"@type":"ImageObject","inLanguage":"es","@id":"https:\/\/noticiasmercedinas.com\/site\/2023\/03\/18\/ley-agroindustrial-diputados-del-frente-de-todos-presentan-un-nuevo-proyecto\/#primaryimage","url":"https:\/\/noticiasmercedinas.com\/site\/wp-content\/uploads\/2021\/12\/carlos_selva.jpg","contentUrl":"https:\/\/noticiasmercedinas.com\/site\/wp-content\/uploads\/2021\/12\/carlos_selva.jpg","width":640,"height":403},{"@type":"BreadcrumbList","@id":"https:\/\/noticiasmercedinas.com\/site\/2023\/03\/18\/ley-agroindustrial-diputados-del-frente-de-todos-presentan-un-nuevo-proyecto\/#breadcrumb","itemListElement":[{"@type":"ListItem","position":1,"name":"Portada","item":"https:\/\/noticiasmercedinas.com\/site\/"},{"@type":"ListItem","position":2,"name":"Ley agroindustrial: diputados del Frente de Todos presentan un nuevo proyecto"}]},{"@type":"WebSite","@id":"https:\/\/noticiasmercedinas.com\/site\/#website","url":"https:\/\/noticiasmercedinas.com\/site\/","name":"NOTICIASMERCEDINAS.COM","description":"Mercedes, Buenos Aires, Argentina","publisher":{"@id":"https:\/\/noticiasmercedinas.com\/site\/#organization"},"potentialAction":[{"@type":"SearchAction","target":{"@type":"EntryPoint","urlTemplate":"https:\/\/noticiasmercedinas.com\/site\/?s={search_term_string}"},"query-input":{"@type":"PropertyValueSpecification","valueRequired":true,"valueName":"search_term_string"}}],"inLanguage":"es"},{"@type":"Organization","@id":"https:\/\/noticiasmercedinas.com\/site\/#organization","name":"NOTICIASMERCEDINAS.COM","url":"https:\/\/noticiasmercedinas.com\/site\/","logo":{"@type":"ImageObject","inLanguage":"es","@id":"https:\/\/noticiasmercedinas.com\/site\/#\/schema\/logo\/image\/","url":"https:\/\/noticiasmercedinas.com\/site\/wp-content\/uploads\/2020\/06\/LOGO-512.jpg","contentUrl":"https:\/\/noticiasmercedinas.com\/site\/wp-content\/uploads\/2020\/06\/LOGO-512.jpg","width":512,"height":512,"caption":"NOTICIASMERCEDINAS.COM"},"image":{"@id":"https:\/\/noticiasmercedinas.com\/site\/#\/schema\/logo\/image\/"},"sameAs":["https:\/\/www.facebook.com\/noticiasmercedinas\/","https:\/\/x.com\/notmercedinas","https:\/\/www.instagram.com\/noticiasmercedinas\/"]},{"@type":"Person","@id":"https:\/\/noticiasmercedinas.com\/site\/#\/schema\/person\/84b59c099c28ff2e8b77d4ceec5d8063","name":"NOTICIASMERCEDINAS.COM","image":{"@type":"ImageObject","inLanguage":"es","@id":"https:\/\/secure.gravatar.com\/avatar\/4dfbf16b4d17945bfb6341b2d19043457132fcf478a5ee04f42e959fd8f5df0a?s=96&d=mm&r=g","url":"https:\/\/secure.gravatar.com\/avatar\/4dfbf16b4d17945bfb6341b2d19043457132fcf478a5ee04f42e959fd8f5df0a?s=96&d=mm&r=g","contentUrl":"https:\/\/secure.gravatar.com\/avatar\/4dfbf16b4d17945bfb6341b2d19043457132fcf478a5ee04f42e959fd8f5df0a?s=96&d=mm&r=g","caption":"NOTICIASMERCEDINAS.COM"},"url":"https:\/\/noticiasmercedinas.com\/site\/author\/anonimo\/"}]}},"amp_enabled":true,"_links":{"self":[{"href":"https:\/\/noticiasmercedinas.com\/site\/wp-json\/wp\/v2\/posts\/111162","targetHints":{"allow":["GET"]}}],"collection":[{"href":"https:\/\/noticiasmercedinas.com\/site\/wp-json\/wp\/v2\/posts"}],"about":[{"href":"https:\/\/noticiasmercedinas.com\/site\/wp-json\/wp\/v2\/types\/post"}],"author":[{"embeddable":true,"href":"https:\/\/noticiasmercedinas.com\/site\/wp-json\/wp\/v2\/users\/16"}],"replies":[{"embeddable":true,"href":"https:\/\/noticiasmercedinas.com\/site\/wp-json\/wp\/v2\/comments?post=111162"}],"version-history":[{"count":1,"href":"https:\/\/noticiasmercedinas.com\/site\/wp-json\/wp\/v2\/posts\/111162\/revisions"}],"predecessor-version":[{"id":111163,"href":"https:\/\/noticiasmercedinas.com\/site\/wp-json\/wp\/v2\/posts\/111162\/revisions\/111163"}],"wp:featuredmedia":[{"embeddable":true,"href":"https:\/\/noticiasmercedinas.com\/site\/wp-json\/wp\/v2\/media\/81724"}],"wp:attachment":[{"href":"https:\/\/noticiasmercedinas.com\/site\/wp-json\/wp\/v2\/media?parent=111162"}],"wp:term":[{"taxonomy":"category","embeddable":true,"href":"https:\/\/noticiasmercedinas.com\/site\/wp-json\/wp\/v2\/categories?post=111162"},{"taxonomy":"post_tag","embeddable":true,"href":"https:\/\/noticiasmercedinas.com\/site\/wp-json\/wp\/v2\/tags?post=111162"}],"curies":[{"name":"wp","href":"https:\/\/api.w.org\/{rel}","templated":true}]}}