{"id":111359,"date":"2023-03-21T12:12:31","date_gmt":"2023-03-21T15:12:31","guid":{"rendered":"https:\/\/noticiasmercedinas.com\/site\/?p=111359"},"modified":"2023-03-21T13:37:05","modified_gmt":"2023-03-21T16:37:05","slug":"invitan-a-un-curso-de-formacion-intensiva-en-sistemas-agroforestales","status":"publish","type":"post","link":"https:\/\/noticiasmercedinas.com\/site\/2023\/03\/21\/invitan-a-un-curso-de-formacion-intensiva-en-sistemas-agroforestales\/","title":{"rendered":"Invitan a un curso de formaci\u00f3n intensiva en Sistemas Agroforestales"},"content":{"rendered":"<p><img loading=\"lazy\" decoding=\"async\" class=\"alignnone size-full wp-image-111361\" src=\"https:\/\/noticiasmercedinas.com\/site\/wp-content\/uploads\/2023\/03\/Sistemas_agroforestales.jpeg\" alt=\"\" width=\"640\" height=\"480\" srcset=\"https:\/\/noticiasmercedinas.com\/site\/wp-content\/uploads\/2023\/03\/Sistemas_agroforestales.jpeg 640w, https:\/\/noticiasmercedinas.com\/site\/wp-content\/uploads\/2023\/03\/Sistemas_agroforestales-300x225.jpeg 300w, https:\/\/noticiasmercedinas.com\/site\/wp-content\/uploads\/2023\/03\/Sistemas_agroforestales-80x60.jpeg 80w, https:\/\/noticiasmercedinas.com\/site\/wp-content\/uploads\/2023\/03\/Sistemas_agroforestales-160x120.jpeg 160w, https:\/\/noticiasmercedinas.com\/site\/wp-content\/uploads\/2023\/03\/Sistemas_agroforestales-100x75.jpeg 100w, https:\/\/noticiasmercedinas.com\/site\/wp-content\/uploads\/2023\/03\/Sistemas_agroforestales-200x150.jpeg 200w, https:\/\/noticiasmercedinas.com\/site\/wp-content\/uploads\/2023\/03\/Sistemas_agroforestales-180x135.jpeg 180w, https:\/\/noticiasmercedinas.com\/site\/wp-content\/uploads\/2023\/03\/Sistemas_agroforestales-360x270.jpeg 360w, https:\/\/noticiasmercedinas.com\/site\/wp-content\/uploads\/2023\/03\/Sistemas_agroforestales-238x178.jpeg 238w, https:\/\/noticiasmercedinas.com\/site\/wp-content\/uploads\/2023\/03\/Sistemas_agroforestales-476x356.jpeg 476w\" sizes=\"auto, (max-width: 640px) 100vw, 640px\" \/><\/p>\n<p>Desde el Establecimiento Agroecol\u00f3gico \u201cLa Querida\u201d invitan a participar de un curso de formaci\u00f3n intensiva en Sistemas Agroforestales que llamaron \u201cForestando la pampa de 0 a 10\u201d.<\/p>\n<p>Se realizar\u00e1n 14 encuentros presenciales cada 15 d\u00edas, durante los meses de abril a septiembre, y tendr\u00e1 112 horas de cursada te\u00f3rico pr\u00e1ctica.<\/p>\n<p>Habr\u00e1 aulas reales, sistemas maduros en funcionamiento desde hace m\u00e1s de 10 a\u00f1os y todo el material digital necesario.<\/p>\n<p>Seg\u00fan inform\u00f3 <strong>Mart\u00edn Barros<\/strong>, responsable de \u00abLa Querida\u00bb, el temario abarca la selecci\u00f3n de especies y ejemplares, cortinas de viento, frutales h\u00famedos y secos, poda constructiva y forestal, \u00e1rboles para madera, mantenimiento y riego, estrategias innovadoras de forestaci\u00f3n, usos creativos y valorados de bienes y servicios y el bamb\u00fa en las pampas, entre otros.<\/p>\n<blockquote><p>Realizar\u00e1n 14 encuentros presenciales, cada 15 d\u00edas, durantes abril a septiembre.<\/p><\/blockquote>\n<p>Para informes e inscripci\u00f3n, los interesados podr\u00e1n comunicar a los tel\u00e9fonos 11-6122- 9626 o 2324- 530841, o a trav\u00e9s de Instagram: @laquerida.semillas y @elorigen_agriculturanatural.<\/p>\n<p><img loading=\"lazy\" decoding=\"async\" class=\"alignnone size-full wp-image-111360\" src=\"https:\/\/noticiasmercedinas.com\/site\/wp-content\/uploads\/2023\/03\/Flyer_sistemas_agroforestales.jpeg\" alt=\"\" width=\"640\" height=\"906\" srcset=\"https:\/\/noticiasmercedinas.com\/site\/wp-content\/uploads\/2023\/03\/Flyer_sistemas_agroforestales.jpeg 640w, https:\/\/noticiasmercedinas.com\/site\/wp-content\/uploads\/2023\/03\/Flyer_sistemas_agroforestales-212x300.jpeg 212w\" sizes=\"auto, (max-width: 640px) 100vw, 640px\" \/><\/p>\n","protected":false},"excerpt":{"rendered":"<p>\u25a0 Se realizar\u00e1 cada 15 d\u00edas, de abril a septiembre, en el Establecimiento \u201cLa Querida\u201d.<\/p>\n","protected":false},"author":8,"featured_media":111361,"comment_status":"closed","ping_status":"closed","sticky":false,"template":"","format":"standard","meta":{"footnotes":""},"categories":[5754,15755],"tags":[919,16492,11595,16493],"class_list":["post-111359","post","type-post","status-publish","format-standard","has-post-thumbnail","hentry","category-medio-ambiente","category-educacion","tag-curso","tag-establecimiento-agroecologico-la-querida","tag-martin-barros","tag-sistemas-agroforestales"],"yoast_head":"<!-- This site is optimized with the Yoast SEO plugin v27.4 - https:\/\/yoast.com\/product\/yoast-seo-wordpress\/ -->\n<title>Invitan a un curso de formaci\u00f3n intensiva en Sistemas Agroforestales<\/title>\n<meta name=\"robots\" content=\"index, follow, max-snippet:-1, max-image-preview:large, max-video-preview:-1\" \/>\n<link rel=\"canonical\" href=\"https:\/\/noticiasmercedinas.com\/site\/2023\/03\/21\/invitan-a-un-curso-de-formacion-intensiva-en-sistemas-agroforestales\/\" \/>\n<meta property=\"og:locale\" content=\"es_ES\" \/>\n<meta property=\"og:type\" content=\"article\" \/>\n<meta property=\"og:title\" content=\"Invitan a un curso de formaci\u00f3n intensiva en Sistemas Agroforestales\" \/>\n<meta property=\"og:description\" content=\"\u25a0 Se realizar\u00e1 cada 15 d\u00edas, de abril a septiembre, en el Establecimiento \u201cLa Querida\u201d.\" \/>\n<meta property=\"og:url\" content=\"https:\/\/noticiasmercedinas.com\/site\/2023\/03\/21\/invitan-a-un-curso-de-formacion-intensiva-en-sistemas-agroforestales\/\" \/>\n<meta property=\"og:site_name\" content=\"NOTICIASMERCEDINAS.COM\" \/>\n<meta property=\"article:publisher\" content=\"https:\/\/www.facebook.com\/noticiasmercedinas\/\" \/>\n<meta property=\"article:published_time\" content=\"2023-03-21T15:12:31+00:00\" \/>\n<meta property=\"article:modified_time\" content=\"2023-03-21T16:37:05+00:00\" \/>\n<meta property=\"og:image\" content=\"https:\/\/noticiasmercedinas.com\/site\/wp-content\/uploads\/2023\/03\/Sistemas_agroforestales.jpeg\" \/>\n\t<meta property=\"og:image:width\" content=\"640\" \/>\n\t<meta property=\"og:image:height\" content=\"480\" \/>\n\t<meta property=\"og:image:type\" content=\"image\/jpeg\" \/>\n<meta name=\"author\" content=\"Betina Abalos NOTICIASMERCEDINAS.COM\" \/>\n<meta name=\"twitter:card\" content=\"summary_large_image\" \/>\n<meta name=\"twitter:creator\" content=\"@notmercedinas\" \/>\n<meta name=\"twitter:site\" content=\"@notmercedinas\" \/>\n<meta name=\"twitter:label1\" content=\"Escrito por\" \/>\n\t<meta name=\"twitter:data1\" content=\"Betina Abalos NOTICIASMERCEDINAS.COM\" \/>\n\t<meta name=\"twitter:label2\" content=\"Tiempo de lectura\" \/>\n\t<meta name=\"twitter:data2\" content=\"2 minutos\" \/>\n<script type=\"application\/ld+json\" class=\"yoast-schema-graph\">{\"@context\":\"https:\\\/\\\/schema.org\",\"@graph\":[{\"@type\":\"Article\",\"@id\":\"https:\\\/\\\/noticiasmercedinas.com\\\/site\\\/2023\\\/03\\\/21\\\/invitan-a-un-curso-de-formacion-intensiva-en-sistemas-agroforestales\\\/#article\",\"isPartOf\":{\"@id\":\"https:\\\/\\\/noticiasmercedinas.com\\\/site\\\/2023\\\/03\\\/21\\\/invitan-a-un-curso-de-formacion-intensiva-en-sistemas-agroforestales\\\/\"},\"author\":{\"name\":\"Betina Abalos NOTICIASMERCEDINAS.COM\",\"@id\":\"https:\\\/\\\/noticiasmercedinas.com\\\/site\\\/#\\\/schema\\\/person\\\/b38ec3ed89a3735ef5fecfc1c9adc560\"},\"headline\":\"Invitan a un curso de formaci\u00f3n intensiva en Sistemas Agroforestales\",\"datePublished\":\"2023-03-21T15:12:31+00:00\",\"dateModified\":\"2023-03-21T16:37:05+00:00\",\"mainEntityOfPage\":{\"@id\":\"https:\\\/\\\/noticiasmercedinas.com\\\/site\\\/2023\\\/03\\\/21\\\/invitan-a-un-curso-de-formacion-intensiva-en-sistemas-agroforestales\\\/\"},\"wordCount\":181,\"publisher\":{\"@id\":\"https:\\\/\\\/noticiasmercedinas.com\\\/site\\\/#organization\"},\"image\":{\"@id\":\"https:\\\/\\\/noticiasmercedinas.com\\\/site\\\/2023\\\/03\\\/21\\\/invitan-a-un-curso-de-formacion-intensiva-en-sistemas-agroforestales\\\/#primaryimage\"},\"thumbnailUrl\":\"https:\\\/\\\/noticiasmercedinas.com\\\/site\\\/wp-content\\\/uploads\\\/2023\\\/03\\\/Sistemas_agroforestales.jpeg\",\"keywords\":[\"curso\",\"Establecimiento Agroecol\u00f3gico \u201cLa Querida\u201d\",\"martin barros\",\"Sistemas Agroforestales\"],\"articleSection\":[\"Ambiente\",\"Educacion\"],\"inLanguage\":\"es\"},{\"@type\":\"WebPage\",\"@id\":\"https:\\\/\\\/noticiasmercedinas.com\\\/site\\\/2023\\\/03\\\/21\\\/invitan-a-un-curso-de-formacion-intensiva-en-sistemas-agroforestales\\\/\",\"url\":\"https:\\\/\\\/noticiasmercedinas.com\\\/site\\\/2023\\\/03\\\/21\\\/invitan-a-un-curso-de-formacion-intensiva-en-sistemas-agroforestales\\\/\",\"name\":\"Invitan a un curso de formaci\u00f3n intensiva en Sistemas Agroforestales\",\"isPartOf\":{\"@id\":\"https:\\\/\\\/noticiasmercedinas.com\\\/site\\\/#website\"},\"primaryImageOfPage\":{\"@id\":\"https:\\\/\\\/noticiasmercedinas.com\\\/site\\\/2023\\\/03\\\/21\\\/invitan-a-un-curso-de-formacion-intensiva-en-sistemas-agroforestales\\\/#primaryimage\"},\"image\":{\"@id\":\"https:\\\/\\\/noticiasmercedinas.com\\\/site\\\/2023\\\/03\\\/21\\\/invitan-a-un-curso-de-formacion-intensiva-en-sistemas-agroforestales\\\/#primaryimage\"},\"thumbnailUrl\":\"https:\\\/\\\/noticiasmercedinas.com\\\/site\\\/wp-content\\\/uploads\\\/2023\\\/03\\\/Sistemas_agroforestales.jpeg\",\"datePublished\":\"2023-03-21T15:12:31+00:00\",\"dateModified\":\"2023-03-21T16:37:05+00:00\",\"breadcrumb\":{\"@id\":\"https:\\\/\\\/noticiasmercedinas.com\\\/site\\\/2023\\\/03\\\/21\\\/invitan-a-un-curso-de-formacion-intensiva-en-sistemas-agroforestales\\\/#breadcrumb\"},\"inLanguage\":\"es\",\"potentialAction\":[{\"@type\":\"ReadAction\",\"target\":[\"https:\\\/\\\/noticiasmercedinas.com\\\/site\\\/2023\\\/03\\\/21\\\/invitan-a-un-curso-de-formacion-intensiva-en-sistemas-agroforestales\\\/\"]}]},{\"@type\":\"ImageObject\",\"inLanguage\":\"es\",\"@id\":\"https:\\\/\\\/noticiasmercedinas.com\\\/site\\\/2023\\\/03\\\/21\\\/invitan-a-un-curso-de-formacion-intensiva-en-sistemas-agroforestales\\\/#primaryimage\",\"url\":\"https:\\\/\\\/noticiasmercedinas.com\\\/site\\\/wp-content\\\/uploads\\\/2023\\\/03\\\/Sistemas_agroforestales.jpeg\",\"contentUrl\":\"https:\\\/\\\/noticiasmercedinas.com\\\/site\\\/wp-content\\\/uploads\\\/2023\\\/03\\\/Sistemas_agroforestales.jpeg\",\"width\":640,\"height\":480},{\"@type\":\"BreadcrumbList\",\"@id\":\"https:\\\/\\\/noticiasmercedinas.com\\\/site\\\/2023\\\/03\\\/21\\\/invitan-a-un-curso-de-formacion-intensiva-en-sistemas-agroforestales\\\/#breadcrumb\",\"itemListElement\":[{\"@type\":\"ListItem\",\"position\":1,\"name\":\"Portada\",\"item\":\"https:\\\/\\\/noticiasmercedinas.com\\\/site\\\/\"},{\"@type\":\"ListItem\",\"position\":2,\"name\":\"Invitan a un curso de formaci\u00f3n intensiva en Sistemas Agroforestales\"}]},{\"@type\":\"WebSite\",\"@id\":\"https:\\\/\\\/noticiasmercedinas.com\\\/site\\\/#website\",\"url\":\"https:\\\/\\\/noticiasmercedinas.com\\\/site\\\/\",\"name\":\"NOTICIASMERCEDINAS.COM\",\"description\":\"Mercedes, Buenos Aires, Argentina\",\"publisher\":{\"@id\":\"https:\\\/\\\/noticiasmercedinas.com\\\/site\\\/#organization\"},\"potentialAction\":[{\"@type\":\"SearchAction\",\"target\":{\"@type\":\"EntryPoint\",\"urlTemplate\":\"https:\\\/\\\/noticiasmercedinas.com\\\/site\\\/?s={search_term_string}\"},\"query-input\":{\"@type\":\"PropertyValueSpecification\",\"valueRequired\":true,\"valueName\":\"search_term_string\"}}],\"inLanguage\":\"es\"},{\"@type\":\"Organization\",\"@id\":\"https:\\\/\\\/noticiasmercedinas.com\\\/site\\\/#organization\",\"name\":\"NOTICIASMERCEDINAS.COM\",\"url\":\"https:\\\/\\\/noticiasmercedinas.com\\\/site\\\/\",\"logo\":{\"@type\":\"ImageObject\",\"inLanguage\":\"es\",\"@id\":\"https:\\\/\\\/noticiasmercedinas.com\\\/site\\\/#\\\/schema\\\/logo\\\/image\\\/\",\"url\":\"https:\\\/\\\/noticiasmercedinas.com\\\/site\\\/wp-content\\\/uploads\\\/2020\\\/06\\\/LOGO-512.jpg\",\"contentUrl\":\"https:\\\/\\\/noticiasmercedinas.com\\\/site\\\/wp-content\\\/uploads\\\/2020\\\/06\\\/LOGO-512.jpg\",\"width\":512,\"height\":512,\"caption\":\"NOTICIASMERCEDINAS.COM\"},\"image\":{\"@id\":\"https:\\\/\\\/noticiasmercedinas.com\\\/site\\\/#\\\/schema\\\/logo\\\/image\\\/\"},\"sameAs\":[\"https:\\\/\\\/www.facebook.com\\\/noticiasmercedinas\\\/\",\"https:\\\/\\\/x.com\\\/notmercedinas\",\"https:\\\/\\\/www.instagram.com\\\/noticiasmercedinas\\\/\"]},{\"@type\":\"Person\",\"@id\":\"https:\\\/\\\/noticiasmercedinas.com\\\/site\\\/#\\\/schema\\\/person\\\/b38ec3ed89a3735ef5fecfc1c9adc560\",\"name\":\"Betina Abalos NOTICIASMERCEDINAS.COM\",\"image\":{\"@type\":\"ImageObject\",\"inLanguage\":\"es\",\"@id\":\"https:\\\/\\\/secure.gravatar.com\\\/avatar\\\/8c86fde6c3b4a08aabce60929a23fa91235f414626598c992897a3e4b0679f33?s=96&d=mm&r=g\",\"url\":\"https:\\\/\\\/secure.gravatar.com\\\/avatar\\\/8c86fde6c3b4a08aabce60929a23fa91235f414626598c992897a3e4b0679f33?s=96&d=mm&r=g\",\"contentUrl\":\"https:\\\/\\\/secure.gravatar.com\\\/avatar\\\/8c86fde6c3b4a08aabce60929a23fa91235f414626598c992897a3e4b0679f33?s=96&d=mm&r=g\",\"caption\":\"Betina Abalos NOTICIASMERCEDINAS.COM\"},\"url\":\"https:\\\/\\\/noticiasmercedinas.com\\\/site\\\/author\\\/betina\\\/\"}]}<\/script>\n<!-- \/ Yoast SEO plugin. -->","yoast_head_json":{"title":"Invitan a un curso de formaci\u00f3n intensiva en Sistemas Agroforestales","robots":{"index":"index","follow":"follow","max-snippet":"max-snippet:-1","max-image-preview":"max-image-preview:large","max-video-preview":"max-video-preview:-1"},"canonical":"https:\/\/noticiasmercedinas.com\/site\/2023\/03\/21\/invitan-a-un-curso-de-formacion-intensiva-en-sistemas-agroforestales\/","og_locale":"es_ES","og_type":"article","og_title":"Invitan a un curso de formaci\u00f3n intensiva en Sistemas Agroforestales","og_description":"\u25a0 Se realizar\u00e1 cada 15 d\u00edas, de abril a septiembre, en el Establecimiento \u201cLa Querida\u201d.","og_url":"https:\/\/noticiasmercedinas.com\/site\/2023\/03\/21\/invitan-a-un-curso-de-formacion-intensiva-en-sistemas-agroforestales\/","og_site_name":"NOTICIASMERCEDINAS.COM","article_publisher":"https:\/\/www.facebook.com\/noticiasmercedinas\/","article_published_time":"2023-03-21T15:12:31+00:00","article_modified_time":"2023-03-21T16:37:05+00:00","og_image":[{"width":640,"height":480,"url":"https:\/\/noticiasmercedinas.com\/site\/wp-content\/uploads\/2023\/03\/Sistemas_agroforestales.jpeg","type":"image\/jpeg"}],"author":"Betina Abalos NOTICIASMERCEDINAS.COM","twitter_card":"summary_large_image","twitter_creator":"@notmercedinas","twitter_site":"@notmercedinas","twitter_misc":{"Escrito por":"Betina Abalos NOTICIASMERCEDINAS.COM","Tiempo de lectura":"2 minutos"},"schema":{"@context":"https:\/\/schema.org","@graph":[{"@type":"Article","@id":"https:\/\/noticiasmercedinas.com\/site\/2023\/03\/21\/invitan-a-un-curso-de-formacion-intensiva-en-sistemas-agroforestales\/#article","isPartOf":{"@id":"https:\/\/noticiasmercedinas.com\/site\/2023\/03\/21\/invitan-a-un-curso-de-formacion-intensiva-en-sistemas-agroforestales\/"},"author":{"name":"Betina Abalos NOTICIASMERCEDINAS.COM","@id":"https:\/\/noticiasmercedinas.com\/site\/#\/schema\/person\/b38ec3ed89a3735ef5fecfc1c9adc560"},"headline":"Invitan a un curso de formaci\u00f3n intensiva en Sistemas Agroforestales","datePublished":"2023-03-21T15:12:31+00:00","dateModified":"2023-03-21T16:37:05+00:00","mainEntityOfPage":{"@id":"https:\/\/noticiasmercedinas.com\/site\/2023\/03\/21\/invitan-a-un-curso-de-formacion-intensiva-en-sistemas-agroforestales\/"},"wordCount":181,"publisher":{"@id":"https:\/\/noticiasmercedinas.com\/site\/#organization"},"image":{"@id":"https:\/\/noticiasmercedinas.com\/site\/2023\/03\/21\/invitan-a-un-curso-de-formacion-intensiva-en-sistemas-agroforestales\/#primaryimage"},"thumbnailUrl":"https:\/\/noticiasmercedinas.com\/site\/wp-content\/uploads\/2023\/03\/Sistemas_agroforestales.jpeg","keywords":["curso","Establecimiento Agroecol\u00f3gico \u201cLa Querida\u201d","martin barros","Sistemas Agroforestales"],"articleSection":["Ambiente","Educacion"],"inLanguage":"es"},{"@type":"WebPage","@id":"https:\/\/noticiasmercedinas.com\/site\/2023\/03\/21\/invitan-a-un-curso-de-formacion-intensiva-en-sistemas-agroforestales\/","url":"https:\/\/noticiasmercedinas.com\/site\/2023\/03\/21\/invitan-a-un-curso-de-formacion-intensiva-en-sistemas-agroforestales\/","name":"Invitan a un curso de formaci\u00f3n intensiva en Sistemas Agroforestales","isPartOf":{"@id":"https:\/\/noticiasmercedinas.com\/site\/#website"},"primaryImageOfPage":{"@id":"https:\/\/noticiasmercedinas.com\/site\/2023\/03\/21\/invitan-a-un-curso-de-formacion-intensiva-en-sistemas-agroforestales\/#primaryimage"},"image":{"@id":"https:\/\/noticiasmercedinas.com\/site\/2023\/03\/21\/invitan-a-un-curso-de-formacion-intensiva-en-sistemas-agroforestales\/#primaryimage"},"thumbnailUrl":"https:\/\/noticiasmercedinas.com\/site\/wp-content\/uploads\/2023\/03\/Sistemas_agroforestales.jpeg","datePublished":"2023-03-21T15:12:31+00:00","dateModified":"2023-03-21T16:37:05+00:00","breadcrumb":{"@id":"https:\/\/noticiasmercedinas.com\/site\/2023\/03\/21\/invitan-a-un-curso-de-formacion-intensiva-en-sistemas-agroforestales\/#breadcrumb"},"inLanguage":"es","potentialAction":[{"@type":"ReadAction","target":["https:\/\/noticiasmercedinas.com\/site\/2023\/03\/21\/invitan-a-un-curso-de-formacion-intensiva-en-sistemas-agroforestales\/"]}]},{"@type":"ImageObject","inLanguage":"es","@id":"https:\/\/noticiasmercedinas.com\/site\/2023\/03\/21\/invitan-a-un-curso-de-formacion-intensiva-en-sistemas-agroforestales\/#primaryimage","url":"https:\/\/noticiasmercedinas.com\/site\/wp-content\/uploads\/2023\/03\/Sistemas_agroforestales.jpeg","contentUrl":"https:\/\/noticiasmercedinas.com\/site\/wp-content\/uploads\/2023\/03\/Sistemas_agroforestales.jpeg","width":640,"height":480},{"@type":"BreadcrumbList","@id":"https:\/\/noticiasmercedinas.com\/site\/2023\/03\/21\/invitan-a-un-curso-de-formacion-intensiva-en-sistemas-agroforestales\/#breadcrumb","itemListElement":[{"@type":"ListItem","position":1,"name":"Portada","item":"https:\/\/noticiasmercedinas.com\/site\/"},{"@type":"ListItem","position":2,"name":"Invitan a un curso de formaci\u00f3n intensiva en Sistemas Agroforestales"}]},{"@type":"WebSite","@id":"https:\/\/noticiasmercedinas.com\/site\/#website","url":"https:\/\/noticiasmercedinas.com\/site\/","name":"NOTICIASMERCEDINAS.COM","description":"Mercedes, Buenos Aires, Argentina","publisher":{"@id":"https:\/\/noticiasmercedinas.com\/site\/#organization"},"potentialAction":[{"@type":"SearchAction","target":{"@type":"EntryPoint","urlTemplate":"https:\/\/noticiasmercedinas.com\/site\/?s={search_term_string}"},"query-input":{"@type":"PropertyValueSpecification","valueRequired":true,"valueName":"search_term_string"}}],"inLanguage":"es"},{"@type":"Organization","@id":"https:\/\/noticiasmercedinas.com\/site\/#organization","name":"NOTICIASMERCEDINAS.COM","url":"https:\/\/noticiasmercedinas.com\/site\/","logo":{"@type":"ImageObject","inLanguage":"es","@id":"https:\/\/noticiasmercedinas.com\/site\/#\/schema\/logo\/image\/","url":"https:\/\/noticiasmercedinas.com\/site\/wp-content\/uploads\/2020\/06\/LOGO-512.jpg","contentUrl":"https:\/\/noticiasmercedinas.com\/site\/wp-content\/uploads\/2020\/06\/LOGO-512.jpg","width":512,"height":512,"caption":"NOTICIASMERCEDINAS.COM"},"image":{"@id":"https:\/\/noticiasmercedinas.com\/site\/#\/schema\/logo\/image\/"},"sameAs":["https:\/\/www.facebook.com\/noticiasmercedinas\/","https:\/\/x.com\/notmercedinas","https:\/\/www.instagram.com\/noticiasmercedinas\/"]},{"@type":"Person","@id":"https:\/\/noticiasmercedinas.com\/site\/#\/schema\/person\/b38ec3ed89a3735ef5fecfc1c9adc560","name":"Betina Abalos NOTICIASMERCEDINAS.COM","image":{"@type":"ImageObject","inLanguage":"es","@id":"https:\/\/secure.gravatar.com\/avatar\/8c86fde6c3b4a08aabce60929a23fa91235f414626598c992897a3e4b0679f33?s=96&d=mm&r=g","url":"https:\/\/secure.gravatar.com\/avatar\/8c86fde6c3b4a08aabce60929a23fa91235f414626598c992897a3e4b0679f33?s=96&d=mm&r=g","contentUrl":"https:\/\/secure.gravatar.com\/avatar\/8c86fde6c3b4a08aabce60929a23fa91235f414626598c992897a3e4b0679f33?s=96&d=mm&r=g","caption":"Betina Abalos NOTICIASMERCEDINAS.COM"},"url":"https:\/\/noticiasmercedinas.com\/site\/author\/betina\/"}]}},"amp_enabled":true,"_links":{"self":[{"href":"https:\/\/noticiasmercedinas.com\/site\/wp-json\/wp\/v2\/posts\/111359","targetHints":{"allow":["GET"]}}],"collection":[{"href":"https:\/\/noticiasmercedinas.com\/site\/wp-json\/wp\/v2\/posts"}],"about":[{"href":"https:\/\/noticiasmercedinas.com\/site\/wp-json\/wp\/v2\/types\/post"}],"author":[{"embeddable":true,"href":"https:\/\/noticiasmercedinas.com\/site\/wp-json\/wp\/v2\/users\/8"}],"replies":[{"embeddable":true,"href":"https:\/\/noticiasmercedinas.com\/site\/wp-json\/wp\/v2\/comments?post=111359"}],"version-history":[{"count":3,"href":"https:\/\/noticiasmercedinas.com\/site\/wp-json\/wp\/v2\/posts\/111359\/revisions"}],"predecessor-version":[{"id":111372,"href":"https:\/\/noticiasmercedinas.com\/site\/wp-json\/wp\/v2\/posts\/111359\/revisions\/111372"}],"wp:featuredmedia":[{"embeddable":true,"href":"https:\/\/noticiasmercedinas.com\/site\/wp-json\/wp\/v2\/media\/111361"}],"wp:attachment":[{"href":"https:\/\/noticiasmercedinas.com\/site\/wp-json\/wp\/v2\/media?parent=111359"}],"wp:term":[{"taxonomy":"category","embeddable":true,"href":"https:\/\/noticiasmercedinas.com\/site\/wp-json\/wp\/v2\/categories?post=111359"},{"taxonomy":"post_tag","embeddable":true,"href":"https:\/\/noticiasmercedinas.com\/site\/wp-json\/wp\/v2\/tags?post=111359"}],"curies":[{"name":"wp","href":"https:\/\/api.w.org\/{rel}","templated":true}]}}